{"id":170796,"date":"2024-10-06T11:11:43","date_gmt":"2024-10-06T14:11:43","guid":{"rendered":"https:\/\/folhapopular.info\/?p=170796"},"modified":"2024-10-06T13:42:04","modified_gmt":"2024-10-06T16:42:04","slug":"candidatos-de-westfalia-votam-nesta-manha","status":"publish","type":"post","link":"https:\/\/folhapopular.info\/index.php\/2024\/10\/06\/candidatos-de-westfalia-votam-nesta-manha\/","title":{"rendered":"Candidatos de Westf\u00e1lia votam nesta manh\u00e3"},"content":{"rendered":"\n<p>Joacir Ant\u00f4nio Docena e C\u00e9sar Juliano Bloemker, candidatos a prefeito de Westf\u00e1lia, votaram na manh\u00e3 deste domingo. Em entrevista ao Grupo Popular, eles falaram sobre a campanha e suas expectativas para o resultado.<\/p>\n\n\n\n<p>\u201cForam 45 dias intensos, com muitas conversas e visitas. Quero agradecer o carinho que recebi, tanto por parte dos eleitores quanto pelo Vitor. A expectativa \u00e9 a melhor poss\u00edvel. Tenho certeza de que este ser\u00e1 um momento de vit\u00f3ria\u201d, comentou Joacir.<\/p>\n\n\n\n<p>Para C\u00e9sar, a expectativa \u00e9 alta. \u201cHoje, j\u00e1 cumpri meu dever neste dia bonito. A caminhada foi muito boa, fomos recebidos com muito carinho. Tenho certeza de que isso foi muito positivo\u201d, afirmou.<\/p>\n\n\n\n<figure class=\"wp-block-gallery has-nested-images columns-default is-cropped wp-block-gallery-1 is-layout-flex wp-block-gallery-is-layout-flex\"><\/figure>\n","protected":false},"excerpt":{"rendered":"<p>Joacir Ant\u00f4nio Docena e C\u00e9sar Juliano Bloemker, candidatos a prefeito de Westf\u00e1lia, votaram na manh\u00e3 deste domingo. Em entrevista ao Grupo Popular, eles falaram sobre a campanha e suas expectativas para o resultado. \u201cForam 45 dias intensos, com muitas conversas e visitas. Quero agradecer o carinho que recebi, tanto por parte dos eleitores quanto pelo [&hellip;]<\/p>\n","protected":false},"author":747,"featured_media":170799,"comment_status":"open","ping_status":"open","sticky":false,"template":"","format":"standard","meta":{"pmpro_default_level":"","_jetpack_memberships_contains_paid_content":false,"footnotes":""},"categories":[15550],"tags":[15299,25],"class_list":{"0":"post-170796","1":"post","2":"type-post","3":"status-publish","4":"format-standard","5":"has-post-thumbnail","7":"category-eleicoes-2024","8":"tag-eleicao-2024","9":"tag-westfalia","10":"pmpro-has-access"},"yoast_head":"<!-- This site is optimized with the Yoast SEO plugin v27.5 - https:\/\/yoast.com\/product\/yoast-seo-wordpress\/ -->\n<title>Candidatos de Westf\u00e1lia votam nesta manh\u00e3 - Folha Popular<\/title>\n<meta name=\"robots\" content=\"index, follow, max-snippet:-1, max-image-preview:large, max-video-preview:-1\" \/>\n<link rel=\"canonical\" href=\"https:\/\/folhapopular.info\/index.php\/2024\/10\/06\/candidatos-de-westfalia-votam-nesta-manha\/\" \/>\n<meta property=\"og:locale\" content=\"pt_BR\" \/>\n<meta property=\"og:type\" content=\"article\" \/>\n<meta property=\"og:title\" content=\"Candidatos de Westf\u00e1lia votam nesta manh\u00e3 - Folha Popular\" \/>\n<meta property=\"og:description\" content=\"Joacir Ant\u00f4nio Docena e C\u00e9sar Juliano Bloemker, candidatos a prefeito de Westf\u00e1lia, votaram na manh\u00e3 deste domingo. Em entrevista ao Grupo Popular, eles falaram sobre a campanha e suas expectativas para o resultado. \u201cForam 45 dias intensos, com muitas conversas e visitas. Quero agradecer o carinho que recebi, tanto por parte dos eleitores quanto pelo [&hellip;]\" \/>\n<meta property=\"og:url\" content=\"https:\/\/folhapopular.info\/index.php\/2024\/10\/06\/candidatos-de-westfalia-votam-nesta-manha\/\" \/>\n<meta property=\"og:site_name\" content=\"Folha Popular\" \/>\n<meta property=\"article:published_time\" content=\"2024-10-06T14:11:43+00:00\" \/>\n<meta property=\"article:modified_time\" content=\"2024-10-06T16:42:04+00:00\" \/>\n<meta property=\"og:image\" content=\"http:\/\/folhapopular.info\/wp-content\/uploads\/2024\/10\/Julia-Amaral-convida-para-o-jantar-da-formatura-em-jornalismo-1024x726.png\" \/>\n\t<meta property=\"og:image:width\" content=\"1024\" \/>\n\t<meta property=\"og:image:height\" content=\"726\" \/>\n\t<meta property=\"og:image:type\" content=\"image\/png\" \/>\n<meta name=\"author\" content=\"J\u00falia Amaral\" \/>\n<meta name=\"twitter:card\" content=\"summary_large_image\" \/>\n<meta name=\"twitter:label1\" content=\"Escrito por\" \/>\n\t<meta name=\"twitter:data1\" content=\"J\u00falia Amaral\" \/>\n\t<meta name=\"twitter:label2\" content=\"Est. tempo de leitura\" \/>\n\t<meta name=\"twitter:data2\" content=\"1 minuto\" \/>\n<script type=\"application\/ld+json\" class=\"yoast-schema-graph\">{\"@context\":\"https:\\\/\\\/schema.org\",\"@graph\":[{\"@type\":\"Article\",\"@id\":\"https:\\\/\\\/folhapopular.info\\\/index.php\\\/2024\\\/10\\\/06\\\/candidatos-de-westfalia-votam-nesta-manha\\\/#article\",\"isPartOf\":{\"@id\":\"https:\\\/\\\/folhapopular.info\\\/index.php\\\/2024\\\/10\\\/06\\\/candidatos-de-westfalia-votam-nesta-manha\\\/\"},\"author\":{\"name\":\"J\u00falia Amaral\",\"@id\":\"https:\\\/\\\/folhapopular.info\\\/#\\\/schema\\\/person\\\/25c7649fd584816b1747a45f3aab3b40\"},\"headline\":\"Candidatos de Westf\u00e1lia votam nesta manh\u00e3\",\"datePublished\":\"2024-10-06T14:11:43+00:00\",\"dateModified\":\"2024-10-06T16:42:04+00:00\",\"mainEntityOfPage\":{\"@id\":\"https:\\\/\\\/folhapopular.info\\\/index.php\\\/2024\\\/10\\\/06\\\/candidatos-de-westfalia-votam-nesta-manha\\\/\"},\"wordCount\":117,\"commentCount\":0,\"image\":{\"@id\":\"https:\\\/\\\/folhapopular.info\\\/index.php\\\/2024\\\/10\\\/06\\\/candidatos-de-westfalia-votam-nesta-manha\\\/#primaryimage\"},\"thumbnailUrl\":\"https:\\\/\\\/folhapopular.info\\\/wp-content\\\/uploads\\\/2024\\\/10\\\/Julia-Amaral-convida-para-o-jantar-da-formatura-em-jornalismo.png\",\"keywords\":[\"elei\u00e7\u00e3o 2024\",\"Westf\u00e1lia\"],\"articleSection\":[\"Elei\u00e7\u00f5es 2024\"],\"inLanguage\":\"pt-BR\",\"potentialAction\":[{\"@type\":\"CommentAction\",\"name\":\"Comment\",\"target\":[\"https:\\\/\\\/folhapopular.info\\\/index.php\\\/2024\\\/10\\\/06\\\/candidatos-de-westfalia-votam-nesta-manha\\\/#respond\"]}]},{\"@type\":\"WebPage\",\"@id\":\"https:\\\/\\\/folhapopular.info\\\/index.php\\\/2024\\\/10\\\/06\\\/candidatos-de-westfalia-votam-nesta-manha\\\/\",\"url\":\"https:\\\/\\\/folhapopular.info\\\/index.php\\\/2024\\\/10\\\/06\\\/candidatos-de-westfalia-votam-nesta-manha\\\/\",\"name\":\"Candidatos de Westf\u00e1lia votam nesta manh\u00e3 - Folha Popular\",\"isPartOf\":{\"@id\":\"https:\\\/\\\/folhapopular.info\\\/#website\"},\"primaryImageOfPage\":{\"@id\":\"https:\\\/\\\/folhapopular.info\\\/index.php\\\/2024\\\/10\\\/06\\\/candidatos-de-westfalia-votam-nesta-manha\\\/#primaryimage\"},\"image\":{\"@id\":\"https:\\\/\\\/folhapopular.info\\\/index.php\\\/2024\\\/10\\\/06\\\/candidatos-de-westfalia-votam-nesta-manha\\\/#primaryimage\"},\"thumbnailUrl\":\"https:\\\/\\\/folhapopular.info\\\/wp-content\\\/uploads\\\/2024\\\/10\\\/Julia-Amaral-convida-para-o-jantar-da-formatura-em-jornalismo.png\",\"datePublished\":\"2024-10-06T14:11:43+00:00\",\"dateModified\":\"2024-10-06T16:42:04+00:00\",\"author\":{\"@id\":\"https:\\\/\\\/folhapopular.info\\\/#\\\/schema\\\/person\\\/25c7649fd584816b1747a45f3aab3b40\"},\"breadcrumb\":{\"@id\":\"https:\\\/\\\/folhapopular.info\\\/index.php\\\/2024\\\/10\\\/06\\\/candidatos-de-westfalia-votam-nesta-manha\\\/#breadcrumb\"},\"inLanguage\":\"pt-BR\",\"potentialAction\":[{\"@type\":\"ReadAction\",\"target\":[\"https:\\\/\\\/folhapopular.info\\\/index.php\\\/2024\\\/10\\\/06\\\/candidatos-de-westfalia-votam-nesta-manha\\\/\"]}]},{\"@type\":\"ImageObject\",\"inLanguage\":\"pt-BR\",\"@id\":\"https:\\\/\\\/folhapopular.info\\\/index.php\\\/2024\\\/10\\\/06\\\/candidatos-de-westfalia-votam-nesta-manha\\\/#primaryimage\",\"url\":\"https:\\\/\\\/folhapopular.info\\\/wp-content\\\/uploads\\\/2024\\\/10\\\/Julia-Amaral-convida-para-o-jantar-da-formatura-em-jornalismo.png\",\"contentUrl\":\"https:\\\/\\\/folhapopular.info\\\/wp-content\\\/uploads\\\/2024\\\/10\\\/Julia-Amaral-convida-para-o-jantar-da-formatura-em-jornalismo.png\",\"width\":1748,\"height\":1240},{\"@type\":\"BreadcrumbList\",\"@id\":\"https:\\\/\\\/folhapopular.info\\\/index.php\\\/2024\\\/10\\\/06\\\/candidatos-de-westfalia-votam-nesta-manha\\\/#breadcrumb\",\"itemListElement\":[{\"@type\":\"ListItem\",\"position\":1,\"name\":\"In\u00edcio\",\"item\":\"https:\\\/\\\/folhapopular.info\\\/\"},{\"@type\":\"ListItem\",\"position\":2,\"name\":\"Candidatos de Westf\u00e1lia votam nesta manh\u00e3\"}]},{\"@type\":\"WebSite\",\"@id\":\"https:\\\/\\\/folhapopular.info\\\/#website\",\"url\":\"https:\\\/\\\/folhapopular.info\\\/\",\"name\":\"Folha Popular\",\"description\":\"Onde voc\u00ea tem vez e voz\",\"potentialAction\":[{\"@type\":\"SearchAction\",\"target\":{\"@type\":\"EntryPoint\",\"urlTemplate\":\"https:\\\/\\\/folhapopular.info\\\/?s={search_term_string}\"},\"query-input\":{\"@type\":\"PropertyValueSpecification\",\"valueRequired\":true,\"valueName\":\"search_term_string\"}}],\"inLanguage\":\"pt-BR\"},{\"@type\":\"Person\",\"@id\":\"https:\\\/\\\/folhapopular.info\\\/#\\\/schema\\\/person\\\/25c7649fd584816b1747a45f3aab3b40\",\"name\":\"J\u00falia Amaral\",\"image\":{\"@type\":\"ImageObject\",\"inLanguage\":\"pt-BR\",\"@id\":\"https:\\\/\\\/secure.gravatar.com\\\/avatar\\\/4d7d64d93a62bbe70e444c5c7b0a643f1955a374a94fd5eab0a928fe21d5b041?s=96&d=mm&r=g\",\"url\":\"https:\\\/\\\/secure.gravatar.com\\\/avatar\\\/4d7d64d93a62bbe70e444c5c7b0a643f1955a374a94fd5eab0a928fe21d5b041?s=96&d=mm&r=g\",\"contentUrl\":\"https:\\\/\\\/secure.gravatar.com\\\/avatar\\\/4d7d64d93a62bbe70e444c5c7b0a643f1955a374a94fd5eab0a928fe21d5b041?s=96&d=mm&r=g\",\"caption\":\"J\u00falia Amaral\"},\"url\":\"https:\\\/\\\/folhapopular.info\\\/index.php\\\/author\\\/julia-amaral\\\/\"}]}<\/script>\n<!-- \/ Yoast SEO plugin. -->","yoast_head_json":{"title":"Candidatos de Westf\u00e1lia votam nesta manh\u00e3 - Folha Popular","robots":{"index":"index","follow":"follow","max-snippet":"max-snippet:-1","max-image-preview":"max-image-preview:large","max-video-preview":"max-video-preview:-1"},"canonical":"https:\/\/folhapopular.info\/index.php\/2024\/10\/06\/candidatos-de-westfalia-votam-nesta-manha\/","og_locale":"pt_BR","og_type":"article","og_title":"Candidatos de Westf\u00e1lia votam nesta manh\u00e3 - Folha Popular","og_description":"Joacir Ant\u00f4nio Docena e C\u00e9sar Juliano Bloemker, candidatos a prefeito de Westf\u00e1lia, votaram na manh\u00e3 deste domingo. Em entrevista ao Grupo Popular, eles falaram sobre a campanha e suas expectativas para o resultado. \u201cForam 45 dias intensos, com muitas conversas e visitas. Quero agradecer o carinho que recebi, tanto por parte dos eleitores quanto pelo [&hellip;]","og_url":"https:\/\/folhapopular.info\/index.php\/2024\/10\/06\/candidatos-de-westfalia-votam-nesta-manha\/","og_site_name":"Folha Popular","article_published_time":"2024-10-06T14:11:43+00:00","article_modified_time":"2024-10-06T16:42:04+00:00","og_image":[{"width":1024,"height":726,"url":"http:\/\/folhapopular.info\/wp-content\/uploads\/2024\/10\/Julia-Amaral-convida-para-o-jantar-da-formatura-em-jornalismo-1024x726.png","type":"image\/png"}],"author":"J\u00falia Amaral","twitter_card":"summary_large_image","twitter_misc":{"Escrito por":"J\u00falia Amaral","Est. tempo de leitura":"1 minuto"},"schema":{"@context":"https:\/\/schema.org","@graph":[{"@type":"Article","@id":"https:\/\/folhapopular.info\/index.php\/2024\/10\/06\/candidatos-de-westfalia-votam-nesta-manha\/#article","isPartOf":{"@id":"https:\/\/folhapopular.info\/index.php\/2024\/10\/06\/candidatos-de-westfalia-votam-nesta-manha\/"},"author":{"name":"J\u00falia Amaral","@id":"https:\/\/folhapopular.info\/#\/schema\/person\/25c7649fd584816b1747a45f3aab3b40"},"headline":"Candidatos de Westf\u00e1lia votam nesta manh\u00e3","datePublished":"2024-10-06T14:11:43+00:00","dateModified":"2024-10-06T16:42:04+00:00","mainEntityOfPage":{"@id":"https:\/\/folhapopular.info\/index.php\/2024\/10\/06\/candidatos-de-westfalia-votam-nesta-manha\/"},"wordCount":117,"commentCount":0,"image":{"@id":"https:\/\/folhapopular.info\/index.php\/2024\/10\/06\/candidatos-de-westfalia-votam-nesta-manha\/#primaryimage"},"thumbnailUrl":"https:\/\/folhapopular.info\/wp-content\/uploads\/2024\/10\/Julia-Amaral-convida-para-o-jantar-da-formatura-em-jornalismo.png","keywords":["elei\u00e7\u00e3o 2024","Westf\u00e1lia"],"articleSection":["Elei\u00e7\u00f5es 2024"],"inLanguage":"pt-BR","potentialAction":[{"@type":"CommentAction","name":"Comment","target":["https:\/\/folhapopular.info\/index.php\/2024\/10\/06\/candidatos-de-westfalia-votam-nesta-manha\/#respond"]}]},{"@type":"WebPage","@id":"https:\/\/folhapopular.info\/index.php\/2024\/10\/06\/candidatos-de-westfalia-votam-nesta-manha\/","url":"https:\/\/folhapopular.info\/index.php\/2024\/10\/06\/candidatos-de-westfalia-votam-nesta-manha\/","name":"Candidatos de Westf\u00e1lia votam nesta manh\u00e3 - Folha Popular","isPartOf":{"@id":"https:\/\/folhapopular.info\/#website"},"primaryImageOfPage":{"@id":"https:\/\/folhapopular.info\/index.php\/2024\/10\/06\/candidatos-de-westfalia-votam-nesta-manha\/#primaryimage"},"image":{"@id":"https:\/\/folhapopular.info\/index.php\/2024\/10\/06\/candidatos-de-westfalia-votam-nesta-manha\/#primaryimage"},"thumbnailUrl":"https:\/\/folhapopular.info\/wp-content\/uploads\/2024\/10\/Julia-Amaral-convida-para-o-jantar-da-formatura-em-jornalismo.png","datePublished":"2024-10-06T14:11:43+00:00","dateModified":"2024-10-06T16:42:04+00:00","author":{"@id":"https:\/\/folhapopular.info\/#\/schema\/person\/25c7649fd584816b1747a45f3aab3b40"},"breadcrumb":{"@id":"https:\/\/folhapopular.info\/index.php\/2024\/10\/06\/candidatos-de-westfalia-votam-nesta-manha\/#breadcrumb"},"inLanguage":"pt-BR","potentialAction":[{"@type":"ReadAction","target":["https:\/\/folhapopular.info\/index.php\/2024\/10\/06\/candidatos-de-westfalia-votam-nesta-manha\/"]}]},{"@type":"ImageObject","inLanguage":"pt-BR","@id":"https:\/\/folhapopular.info\/index.php\/2024\/10\/06\/candidatos-de-westfalia-votam-nesta-manha\/#primaryimage","url":"https:\/\/folhapopular.info\/wp-content\/uploads\/2024\/10\/Julia-Amaral-convida-para-o-jantar-da-formatura-em-jornalismo.png","contentUrl":"https:\/\/folhapopular.info\/wp-content\/uploads\/2024\/10\/Julia-Amaral-convida-para-o-jantar-da-formatura-em-jornalismo.png","width":1748,"height":1240},{"@type":"BreadcrumbList","@id":"https:\/\/folhapopular.info\/index.php\/2024\/10\/06\/candidatos-de-westfalia-votam-nesta-manha\/#breadcrumb","itemListElement":[{"@type":"ListItem","position":1,"name":"In\u00edcio","item":"https:\/\/folhapopular.info\/"},{"@type":"ListItem","position":2,"name":"Candidatos de Westf\u00e1lia votam nesta manh\u00e3"}]},{"@type":"WebSite","@id":"https:\/\/folhapopular.info\/#website","url":"https:\/\/folhapopular.info\/","name":"Folha Popular","description":"Onde voc\u00ea tem vez e voz","potentialAction":[{"@type":"SearchAction","target":{"@type":"EntryPoint","urlTemplate":"https:\/\/folhapopular.info\/?s={search_term_string}"},"query-input":{"@type":"PropertyValueSpecification","valueRequired":true,"valueName":"search_term_string"}}],"inLanguage":"pt-BR"},{"@type":"Person","@id":"https:\/\/folhapopular.info\/#\/schema\/person\/25c7649fd584816b1747a45f3aab3b40","name":"J\u00falia Amaral","image":{"@type":"ImageObject","inLanguage":"pt-BR","@id":"https:\/\/secure.gravatar.com\/avatar\/4d7d64d93a62bbe70e444c5c7b0a643f1955a374a94fd5eab0a928fe21d5b041?s=96&d=mm&r=g","url":"https:\/\/secure.gravatar.com\/avatar\/4d7d64d93a62bbe70e444c5c7b0a643f1955a374a94fd5eab0a928fe21d5b041?s=96&d=mm&r=g","contentUrl":"https:\/\/secure.gravatar.com\/avatar\/4d7d64d93a62bbe70e444c5c7b0a643f1955a374a94fd5eab0a928fe21d5b041?s=96&d=mm&r=g","caption":"J\u00falia Amaral"},"url":"https:\/\/folhapopular.info\/index.php\/author\/julia-amaral\/"}]}},"jetpack_featured_media_url":"https:\/\/folhapopular.info\/wp-content\/uploads\/2024\/10\/Julia-Amaral-convida-para-o-jantar-da-formatura-em-jornalismo.png","jetpack_sharing_enabled":true,"amp_enabled":true,"_links":{"self":[{"href":"https:\/\/folhapopular.info\/index.php\/wp-json\/wp\/v2\/posts\/170796","targetHints":{"allow":["GET"]}}],"collection":[{"href":"https:\/\/folhapopular.info\/index.php\/wp-json\/wp\/v2\/posts"}],"about":[{"href":"https:\/\/folhapopular.info\/index.php\/wp-json\/wp\/v2\/types\/post"}],"author":[{"embeddable":true,"href":"https:\/\/folhapopular.info\/index.php\/wp-json\/wp\/v2\/users\/747"}],"replies":[{"embeddable":true,"href":"https:\/\/folhapopular.info\/index.php\/wp-json\/wp\/v2\/comments?post=170796"}],"version-history":[{"count":0,"href":"https:\/\/folhapopular.info\/index.php\/wp-json\/wp\/v2\/posts\/170796\/revisions"}],"wp:featuredmedia":[{"embeddable":true,"href":"https:\/\/folhapopular.info\/index.php\/wp-json\/wp\/v2\/media\/170799"}],"wp:attachment":[{"href":"https:\/\/folhapopular.info\/index.php\/wp-json\/wp\/v2\/media?parent=170796"}],"wp:term":[{"taxonomy":"category","embeddable":true,"href":"https:\/\/folhapopular.info\/index.php\/wp-json\/wp\/v2\/categories?post=170796"},{"taxonomy":"post_tag","embeddable":true,"href":"https:\/\/folhapopular.info\/index.php\/wp-json\/wp\/v2\/tags?post=170796"}],"curies":[{"name":"wp","href":"https:\/\/api.w.org\/{rel}","templated":true}]}}