{"id":171236,"date":"2024-10-08T17:01:45","date_gmt":"2024-10-08T20:01:45","guid":{"rendered":"https:\/\/folhapopular.info\/?p=171236"},"modified":"2024-10-08T17:01:47","modified_gmt":"2024-10-08T20:01:47","slug":"defesa-civil-emite-alerta-de-chuvas-no-rs","status":"publish","type":"post","link":"https:\/\/folhapopular.info\/index.php\/2024\/10\/08\/defesa-civil-emite-alerta-de-chuvas-no-rs\/","title":{"rendered":"Defesa Civil emite alerta de chuvas no RS"},"content":{"rendered":"\n<p>A Coordenadoria Estadual de Defesa Civil emitiu alerta para a quarta-feira (9\/10) e na quinta-feira (10\/10). O estado deve ser atingido por instabilidades, chuvas moderadas a fortes, acompanhadas de descargas el\u00e9tricas, rajadas de vento e temporais pontuais que devem atuar no noroeste, norte, nordeste e litoral norte.&nbsp;<\/p>\n\n\n\n<p>Nessas regi\u00f5es, os acumulados ficam em torno de 60 e 100 mil\u00edmetros por dia. As rajadas de vento devem ficar mais fortes em praticamente todo o estado, entre 50 e 70 km\/h, podendo ultrapassar os 80 km\/h em localidades mais atingidas. H\u00e1 riscos de movimentos de massa, devido a satura\u00e7\u00e3o do solo e caracter\u00edsticas do relevo em cada regi\u00e3o.<\/p>\n\n\n\n<p>Na quinta-feira, a intensifica\u00e7\u00e3o do fluxo de calor e umidade vindos do norte do pa\u00eds e a entrada de um sistema de baixa press\u00e3o no estado seguem favorecendo instabilidades com chuvas fortes, descargas el\u00e9tricas, rajadas de vento e temporais na regi\u00e3o norte e se espalhando para sobre a campanha e centro-leste ga\u00facho. Os acumulados devem ficar entre 30 e 80 mil\u00edmetros por dia em \u00e1reas do norte, ainda com riscos de movimenta\u00e7\u00e3o de massa e rajadas de vento podendo atingir os 90 km\/h.<\/p>\n","protected":false},"excerpt":{"rendered":"<p>A Coordenadoria Estadual de Defesa Civil emitiu alerta para a quarta-feira (9\/10) e na quinta-feira (10\/10). O estado deve ser atingido por instabilidades, chuvas moderadas a fortes, acompanhadas de descargas el\u00e9tricas, rajadas de vento e temporais pontuais que devem atuar no noroeste, norte, nordeste e litoral norte.&nbsp; Nessas regi\u00f5es, os acumulados ficam em torno de [&hellip;]<\/p>\n","protected":false},"author":8,"featured_media":169749,"comment_status":"open","ping_status":"open","sticky":false,"template":"","format":"standard","meta":{"pmpro_default_level":"","_jetpack_memberships_contains_paid_content":false,"footnotes":""},"categories":[12655,2,3],"tags":[16436,208,1794],"class_list":{"0":"post-171236","1":"post","2":"type-post","3":"status-publish","4":"format-standard","5":"has-post-thumbnail","7":"category-clima","8":"category-featured","9":"category-geral","10":"tag-alerta-de-chuvas","11":"tag-defesa-civil","12":"tag-rio-grande-do-sul","13":"pmpro-has-access"},"yoast_head":"<!-- This site is optimized with the Yoast SEO plugin v27.5 - https:\/\/yoast.com\/product\/yoast-seo-wordpress\/ -->\n<title>Defesa Civil emite alerta de chuvas no RS - Folha Popular<\/title>\n<meta name=\"robots\" content=\"index, follow, max-snippet:-1, max-image-preview:large, max-video-preview:-1\" \/>\n<link rel=\"canonical\" href=\"https:\/\/folhapopular.info\/index.php\/2024\/10\/08\/defesa-civil-emite-alerta-de-chuvas-no-rs\/\" \/>\n<meta property=\"og:locale\" content=\"pt_BR\" \/>\n<meta property=\"og:type\" content=\"article\" \/>\n<meta property=\"og:title\" content=\"Defesa Civil emite alerta de chuvas no RS - Folha Popular\" \/>\n<meta property=\"og:description\" content=\"A Coordenadoria Estadual de Defesa Civil emitiu alerta para a quarta-feira (9\/10) e na quinta-feira (10\/10). O estado deve ser atingido por instabilidades, chuvas moderadas a fortes, acompanhadas de descargas el\u00e9tricas, rajadas de vento e temporais pontuais que devem atuar no noroeste, norte, nordeste e litoral norte.&nbsp; Nessas regi\u00f5es, os acumulados ficam em torno de [&hellip;]\" \/>\n<meta property=\"og:url\" content=\"https:\/\/folhapopular.info\/index.php\/2024\/10\/08\/defesa-civil-emite-alerta-de-chuvas-no-rs\/\" \/>\n<meta property=\"og:site_name\" content=\"Folha Popular\" \/>\n<meta property=\"article:published_time\" content=\"2024-10-08T20:01:45+00:00\" \/>\n<meta property=\"article:modified_time\" content=\"2024-10-08T20:01:47+00:00\" \/>\n<meta property=\"og:image\" content=\"http:\/\/folhapopular.info\/wp-content\/uploads\/2024\/09\/chuva.jpg\" \/>\n\t<meta property=\"og:image:width\" content=\"1100\" \/>\n\t<meta property=\"og:image:height\" content=\"600\" \/>\n\t<meta property=\"og:image:type\" content=\"image\/jpeg\" \/>\n<meta name=\"author\" content=\"Reda\u00e7\u00e3o Folha Popular\" \/>\n<meta name=\"twitter:card\" content=\"summary_large_image\" \/>\n<meta name=\"twitter:label1\" content=\"Escrito por\" \/>\n\t<meta name=\"twitter:data1\" content=\"Reda\u00e7\u00e3o Folha Popular\" \/>\n\t<meta name=\"twitter:label2\" content=\"Est. tempo de leitura\" \/>\n\t<meta name=\"twitter:data2\" content=\"2 minutos\" \/>\n<script type=\"application\/ld+json\" class=\"yoast-schema-graph\">{\"@context\":\"https:\\\/\\\/schema.org\",\"@graph\":[{\"@type\":\"Article\",\"@id\":\"https:\\\/\\\/folhapopular.info\\\/index.php\\\/2024\\\/10\\\/08\\\/defesa-civil-emite-alerta-de-chuvas-no-rs\\\/#article\",\"isPartOf\":{\"@id\":\"https:\\\/\\\/folhapopular.info\\\/index.php\\\/2024\\\/10\\\/08\\\/defesa-civil-emite-alerta-de-chuvas-no-rs\\\/\"},\"author\":{\"name\":\"Reda\u00e7\u00e3o Folha Popular\",\"@id\":\"https:\\\/\\\/folhapopular.info\\\/#\\\/schema\\\/person\\\/2814e8a0df7643585a9ca38bc6eb9d4b\"},\"headline\":\"Defesa Civil emite alerta de chuvas no RS\",\"datePublished\":\"2024-10-08T20:01:45+00:00\",\"dateModified\":\"2024-10-08T20:01:47+00:00\",\"mainEntityOfPage\":{\"@id\":\"https:\\\/\\\/folhapopular.info\\\/index.php\\\/2024\\\/10\\\/08\\\/defesa-civil-emite-alerta-de-chuvas-no-rs\\\/\"},\"wordCount\":205,\"commentCount\":0,\"image\":{\"@id\":\"https:\\\/\\\/folhapopular.info\\\/index.php\\\/2024\\\/10\\\/08\\\/defesa-civil-emite-alerta-de-chuvas-no-rs\\\/#primaryimage\"},\"thumbnailUrl\":\"https:\\\/\\\/folhapopular.info\\\/wp-content\\\/uploads\\\/2024\\\/09\\\/chuva.jpg\",\"keywords\":[\"Alerta de chuvas\",\"Defesa Civil\",\"Rio Grande do Sul\"],\"articleSection\":[\"Clima\",\"Destaques\",\"Geral\"],\"inLanguage\":\"pt-BR\",\"potentialAction\":[{\"@type\":\"CommentAction\",\"name\":\"Comment\",\"target\":[\"https:\\\/\\\/folhapopular.info\\\/index.php\\\/2024\\\/10\\\/08\\\/defesa-civil-emite-alerta-de-chuvas-no-rs\\\/#respond\"]}]},{\"@type\":\"WebPage\",\"@id\":\"https:\\\/\\\/folhapopular.info\\\/index.php\\\/2024\\\/10\\\/08\\\/defesa-civil-emite-alerta-de-chuvas-no-rs\\\/\",\"url\":\"https:\\\/\\\/folhapopular.info\\\/index.php\\\/2024\\\/10\\\/08\\\/defesa-civil-emite-alerta-de-chuvas-no-rs\\\/\",\"name\":\"Defesa Civil emite alerta de chuvas no RS - Folha Popular\",\"isPartOf\":{\"@id\":\"https:\\\/\\\/folhapopular.info\\\/#website\"},\"primaryImageOfPage\":{\"@id\":\"https:\\\/\\\/folhapopular.info\\\/index.php\\\/2024\\\/10\\\/08\\\/defesa-civil-emite-alerta-de-chuvas-no-rs\\\/#primaryimage\"},\"image\":{\"@id\":\"https:\\\/\\\/folhapopular.info\\\/index.php\\\/2024\\\/10\\\/08\\\/defesa-civil-emite-alerta-de-chuvas-no-rs\\\/#primaryimage\"},\"thumbnailUrl\":\"https:\\\/\\\/folhapopular.info\\\/wp-content\\\/uploads\\\/2024\\\/09\\\/chuva.jpg\",\"datePublished\":\"2024-10-08T20:01:45+00:00\",\"dateModified\":\"2024-10-08T20:01:47+00:00\",\"author\":{\"@id\":\"https:\\\/\\\/folhapopular.info\\\/#\\\/schema\\\/person\\\/2814e8a0df7643585a9ca38bc6eb9d4b\"},\"breadcrumb\":{\"@id\":\"https:\\\/\\\/folhapopular.info\\\/index.php\\\/2024\\\/10\\\/08\\\/defesa-civil-emite-alerta-de-chuvas-no-rs\\\/#breadcrumb\"},\"inLanguage\":\"pt-BR\",\"potentialAction\":[{\"@type\":\"ReadAction\",\"target\":[\"https:\\\/\\\/folhapopular.info\\\/index.php\\\/2024\\\/10\\\/08\\\/defesa-civil-emite-alerta-de-chuvas-no-rs\\\/\"]}]},{\"@type\":\"ImageObject\",\"inLanguage\":\"pt-BR\",\"@id\":\"https:\\\/\\\/folhapopular.info\\\/index.php\\\/2024\\\/10\\\/08\\\/defesa-civil-emite-alerta-de-chuvas-no-rs\\\/#primaryimage\",\"url\":\"https:\\\/\\\/folhapopular.info\\\/wp-content\\\/uploads\\\/2024\\\/09\\\/chuva.jpg\",\"contentUrl\":\"https:\\\/\\\/folhapopular.info\\\/wp-content\\\/uploads\\\/2024\\\/09\\\/chuva.jpg\",\"width\":1100,\"height\":600,\"caption\":\"Cr\u00e9dito: Divulga\u00e7\u00e3o\"},{\"@type\":\"BreadcrumbList\",\"@id\":\"https:\\\/\\\/folhapopular.info\\\/index.php\\\/2024\\\/10\\\/08\\\/defesa-civil-emite-alerta-de-chuvas-no-rs\\\/#breadcrumb\",\"itemListElement\":[{\"@type\":\"ListItem\",\"position\":1,\"name\":\"In\u00edcio\",\"item\":\"https:\\\/\\\/folhapopular.info\\\/\"},{\"@type\":\"ListItem\",\"position\":2,\"name\":\"Defesa Civil emite alerta de chuvas no RS\"}]},{\"@type\":\"WebSite\",\"@id\":\"https:\\\/\\\/folhapopular.info\\\/#website\",\"url\":\"https:\\\/\\\/folhapopular.info\\\/\",\"name\":\"Folha Popular\",\"description\":\"Onde voc\u00ea tem vez e voz\",\"potentialAction\":[{\"@type\":\"SearchAction\",\"target\":{\"@type\":\"EntryPoint\",\"urlTemplate\":\"https:\\\/\\\/folhapopular.info\\\/?s={search_term_string}\"},\"query-input\":{\"@type\":\"PropertyValueSpecification\",\"valueRequired\":true,\"valueName\":\"search_term_string\"}}],\"inLanguage\":\"pt-BR\"},{\"@type\":\"Person\",\"@id\":\"https:\\\/\\\/folhapopular.info\\\/#\\\/schema\\\/person\\\/2814e8a0df7643585a9ca38bc6eb9d4b\",\"name\":\"Reda\u00e7\u00e3o Folha Popular\",\"image\":{\"@type\":\"ImageObject\",\"inLanguage\":\"pt-BR\",\"@id\":\"https:\\\/\\\/folhapopular.info\\\/wp-content\\\/uploads\\\/2026\\\/04\\\/Folha-1.webp\",\"url\":\"https:\\\/\\\/folhapopular.info\\\/wp-content\\\/uploads\\\/2026\\\/04\\\/Folha-1.webp\",\"contentUrl\":\"https:\\\/\\\/folhapopular.info\\\/wp-content\\\/uploads\\\/2026\\\/04\\\/Folha-1.webp\",\"caption\":\"Reda\u00e7\u00e3o Folha Popular\"},\"url\":\"https:\\\/\\\/folhapopular.info\\\/index.php\\\/author\\\/redacao\\\/\"}]}<\/script>\n<!-- \/ Yoast SEO plugin. -->","yoast_head_json":{"title":"Defesa Civil emite alerta de chuvas no RS - Folha Popular","robots":{"index":"index","follow":"follow","max-snippet":"max-snippet:-1","max-image-preview":"max-image-preview:large","max-video-preview":"max-video-preview:-1"},"canonical":"https:\/\/folhapopular.info\/index.php\/2024\/10\/08\/defesa-civil-emite-alerta-de-chuvas-no-rs\/","og_locale":"pt_BR","og_type":"article","og_title":"Defesa Civil emite alerta de chuvas no RS - Folha Popular","og_description":"A Coordenadoria Estadual de Defesa Civil emitiu alerta para a quarta-feira (9\/10) e na quinta-feira (10\/10). O estado deve ser atingido por instabilidades, chuvas moderadas a fortes, acompanhadas de descargas el\u00e9tricas, rajadas de vento e temporais pontuais que devem atuar no noroeste, norte, nordeste e litoral norte.&nbsp; Nessas regi\u00f5es, os acumulados ficam em torno de [&hellip;]","og_url":"https:\/\/folhapopular.info\/index.php\/2024\/10\/08\/defesa-civil-emite-alerta-de-chuvas-no-rs\/","og_site_name":"Folha Popular","article_published_time":"2024-10-08T20:01:45+00:00","article_modified_time":"2024-10-08T20:01:47+00:00","og_image":[{"width":1100,"height":600,"url":"http:\/\/folhapopular.info\/wp-content\/uploads\/2024\/09\/chuva.jpg","type":"image\/jpeg"}],"author":"Reda\u00e7\u00e3o Folha Popular","twitter_card":"summary_large_image","twitter_misc":{"Escrito por":"Reda\u00e7\u00e3o Folha Popular","Est. tempo de leitura":"2 minutos"},"schema":{"@context":"https:\/\/schema.org","@graph":[{"@type":"Article","@id":"https:\/\/folhapopular.info\/index.php\/2024\/10\/08\/defesa-civil-emite-alerta-de-chuvas-no-rs\/#article","isPartOf":{"@id":"https:\/\/folhapopular.info\/index.php\/2024\/10\/08\/defesa-civil-emite-alerta-de-chuvas-no-rs\/"},"author":{"name":"Reda\u00e7\u00e3o Folha Popular","@id":"https:\/\/folhapopular.info\/#\/schema\/person\/2814e8a0df7643585a9ca38bc6eb9d4b"},"headline":"Defesa Civil emite alerta de chuvas no RS","datePublished":"2024-10-08T20:01:45+00:00","dateModified":"2024-10-08T20:01:47+00:00","mainEntityOfPage":{"@id":"https:\/\/folhapopular.info\/index.php\/2024\/10\/08\/defesa-civil-emite-alerta-de-chuvas-no-rs\/"},"wordCount":205,"commentCount":0,"image":{"@id":"https:\/\/folhapopular.info\/index.php\/2024\/10\/08\/defesa-civil-emite-alerta-de-chuvas-no-rs\/#primaryimage"},"thumbnailUrl":"https:\/\/folhapopular.info\/wp-content\/uploads\/2024\/09\/chuva.jpg","keywords":["Alerta de chuvas","Defesa Civil","Rio Grande do Sul"],"articleSection":["Clima","Destaques","Geral"],"inLanguage":"pt-BR","potentialAction":[{"@type":"CommentAction","name":"Comment","target":["https:\/\/folhapopular.info\/index.php\/2024\/10\/08\/defesa-civil-emite-alerta-de-chuvas-no-rs\/#respond"]}]},{"@type":"WebPage","@id":"https:\/\/folhapopular.info\/index.php\/2024\/10\/08\/defesa-civil-emite-alerta-de-chuvas-no-rs\/","url":"https:\/\/folhapopular.info\/index.php\/2024\/10\/08\/defesa-civil-emite-alerta-de-chuvas-no-rs\/","name":"Defesa Civil emite alerta de chuvas no RS - Folha Popular","isPartOf":{"@id":"https:\/\/folhapopular.info\/#website"},"primaryImageOfPage":{"@id":"https:\/\/folhapopular.info\/index.php\/2024\/10\/08\/defesa-civil-emite-alerta-de-chuvas-no-rs\/#primaryimage"},"image":{"@id":"https:\/\/folhapopular.info\/index.php\/2024\/10\/08\/defesa-civil-emite-alerta-de-chuvas-no-rs\/#primaryimage"},"thumbnailUrl":"https:\/\/folhapopular.info\/wp-content\/uploads\/2024\/09\/chuva.jpg","datePublished":"2024-10-08T20:01:45+00:00","dateModified":"2024-10-08T20:01:47+00:00","author":{"@id":"https:\/\/folhapopular.info\/#\/schema\/person\/2814e8a0df7643585a9ca38bc6eb9d4b"},"breadcrumb":{"@id":"https:\/\/folhapopular.info\/index.php\/2024\/10\/08\/defesa-civil-emite-alerta-de-chuvas-no-rs\/#breadcrumb"},"inLanguage":"pt-BR","potentialAction":[{"@type":"ReadAction","target":["https:\/\/folhapopular.info\/index.php\/2024\/10\/08\/defesa-civil-emite-alerta-de-chuvas-no-rs\/"]}]},{"@type":"ImageObject","inLanguage":"pt-BR","@id":"https:\/\/folhapopular.info\/index.php\/2024\/10\/08\/defesa-civil-emite-alerta-de-chuvas-no-rs\/#primaryimage","url":"https:\/\/folhapopular.info\/wp-content\/uploads\/2024\/09\/chuva.jpg","contentUrl":"https:\/\/folhapopular.info\/wp-content\/uploads\/2024\/09\/chuva.jpg","width":1100,"height":600,"caption":"Cr\u00e9dito: Divulga\u00e7\u00e3o"},{"@type":"BreadcrumbList","@id":"https:\/\/folhapopular.info\/index.php\/2024\/10\/08\/defesa-civil-emite-alerta-de-chuvas-no-rs\/#breadcrumb","itemListElement":[{"@type":"ListItem","position":1,"name":"In\u00edcio","item":"https:\/\/folhapopular.info\/"},{"@type":"ListItem","position":2,"name":"Defesa Civil emite alerta de chuvas no RS"}]},{"@type":"WebSite","@id":"https:\/\/folhapopular.info\/#website","url":"https:\/\/folhapopular.info\/","name":"Folha Popular","description":"Onde voc\u00ea tem vez e voz","potentialAction":[{"@type":"SearchAction","target":{"@type":"EntryPoint","urlTemplate":"https:\/\/folhapopular.info\/?s={search_term_string}"},"query-input":{"@type":"PropertyValueSpecification","valueRequired":true,"valueName":"search_term_string"}}],"inLanguage":"pt-BR"},{"@type":"Person","@id":"https:\/\/folhapopular.info\/#\/schema\/person\/2814e8a0df7643585a9ca38bc6eb9d4b","name":"Reda\u00e7\u00e3o Folha Popular","image":{"@type":"ImageObject","inLanguage":"pt-BR","@id":"https:\/\/folhapopular.info\/wp-content\/uploads\/2026\/04\/Folha-1.webp","url":"https:\/\/folhapopular.info\/wp-content\/uploads\/2026\/04\/Folha-1.webp","contentUrl":"https:\/\/folhapopular.info\/wp-content\/uploads\/2026\/04\/Folha-1.webp","caption":"Reda\u00e7\u00e3o Folha Popular"},"url":"https:\/\/folhapopular.info\/index.php\/author\/redacao\/"}]}},"jetpack_featured_media_url":"https:\/\/folhapopular.info\/wp-content\/uploads\/2024\/09\/chuva.jpg","jetpack_sharing_enabled":true,"amp_enabled":true,"_links":{"self":[{"href":"https:\/\/folhapopular.info\/index.php\/wp-json\/wp\/v2\/posts\/171236","targetHints":{"allow":["GET"]}}],"collection":[{"href":"https:\/\/folhapopular.info\/index.php\/wp-json\/wp\/v2\/posts"}],"about":[{"href":"https:\/\/folhapopular.info\/index.php\/wp-json\/wp\/v2\/types\/post"}],"author":[{"embeddable":true,"href":"https:\/\/folhapopular.info\/index.php\/wp-json\/wp\/v2\/users\/8"}],"replies":[{"embeddable":true,"href":"https:\/\/folhapopular.info\/index.php\/wp-json\/wp\/v2\/comments?post=171236"}],"version-history":[{"count":0,"href":"https:\/\/folhapopular.info\/index.php\/wp-json\/wp\/v2\/posts\/171236\/revisions"}],"wp:featuredmedia":[{"embeddable":true,"href":"https:\/\/folhapopular.info\/index.php\/wp-json\/wp\/v2\/media\/169749"}],"wp:attachment":[{"href":"https:\/\/folhapopular.info\/index.php\/wp-json\/wp\/v2\/media?parent=171236"}],"wp:term":[{"taxonomy":"category","embeddable":true,"href":"https:\/\/folhapopular.info\/index.php\/wp-json\/wp\/v2\/categories?post=171236"},{"taxonomy":"post_tag","embeddable":true,"href":"https:\/\/folhapopular.info\/index.php\/wp-json\/wp\/v2\/tags?post=171236"}],"curies":[{"name":"wp","href":"https:\/\/api.w.org\/{rel}","templated":true}]}}