{"id":171416,"date":"2024-10-10T21:20:27","date_gmt":"2024-10-11T00:20:27","guid":{"rendered":"https:\/\/folhapopular.info\/?p=171416"},"modified":"2024-10-10T21:30:57","modified_gmt":"2024-10-11T00:30:57","slug":"melhores-do-amador-de-estrela-recebem-premios","status":"publish","type":"post","link":"https:\/\/folhapopular.info\/index.php\/2024\/10\/10\/melhores-do-amador-de-estrela-recebem-premios\/","title":{"rendered":"Melhores do Amador de Estrela receberam pr\u00eamios em evento festivo"},"content":{"rendered":"\n<p>A sede campestre da Sociedade Gin\u00e1stica Estrela (Soges) recebeu o evento de premia\u00e7\u00e3o do Campeonato Municipal de Estrela 2024 \u2013 Trof\u00e9u Rafael Origuella \u2013 na noite de quinta-feira (10\/10). \u201c\u00c0s equipes nossa gratid\u00e3o por terem feito esta edi\u00e7\u00e3o de alto n\u00edvel e disciplina\u201d, destacou Gilberto Gewehr, um dos organizadores por meio da Secretaria de Turismo, Cultura, Esporte e Lazer (Setcel).<\/p>\n\n\n\n<p>Ap\u00f3s 11 rodadas e 99 gols marcados, o amador estrelense superou o per\u00edodo de cat\u00e1strofe e voltou para integrar as comunidades, festejar a vida e proporcionar disputas emocionantes. \u201cA a\u00e7\u00e3o que mais pode comemorar \u00e9 o retorno do Campeonato Municipal Amador. Quando termina o ciclo, para retomar, o esfor\u00e7o deve ser dobrado. Nossa inten\u00e7\u00e3o era movimentar as comunidades para se manter\u201d, destacou o secret\u00e1rio Joel Barcellos Mallmann.<\/p>\n\n\n\n<p>Ele pediu aos l\u00edderes das equipes para continuarem o trabalho em favor do futebol amador. \u201cNo ano que vem, continuem trabalhando pelo esporte, incentivando os jovens, que moram nos bairros, nas comunidades, a praticarem o esporte e a manterem vivas as comunidades. Ali temos boa qualidade de vida\u201d, salienta. Mallmann ainda citou os diferentes projetos esportivos desenvolvidos.<\/p>\n\n\n\n<p>A Setcel entregou uma placa \u00e0 filha Elis\u00e2ngela Origuella para homenagear Rafael Origuella \u2013 figura marcante no cen\u00e1rio esportivo, deixando legado como t\u00e9cnico de futebol.\u00a0<strong>Leia mais na edi\u00e7\u00e3o da Folha Popular deste s\u00e1bado.<\/strong><\/p>\n\n\n\n<div class=\"wp-block-jetpack-slideshow aligncenter\" data-effect=\"slide\"><div class=\"wp-block-jetpack-slideshow_container swiper-container\"><ul class=\"wp-block-jetpack-slideshow_swiper-wrapper swiper-wrapper\"><li class=\"wp-block-jetpack-slideshow_slide swiper-slide\"><figure><img loading=\"lazy\" decoding=\"async\" width=\"1024\" height=\"768\" alt=\"\" class=\"wp-block-jetpack-slideshow_image wp-image-171421\" data-id=\"171421\" src=\"https:\/\/folhapopular.info\/wp-content\/uploads\/2024\/10\/Elisangela-Origuella-e-recebeu-placa-de-Joel-Mallmann-Grande-1024x768.jpeg\" srcset=\"https:\/\/folhapopular.info\/wp-content\/uploads\/2024\/10\/Elisangela-Origuella-e-recebeu-placa-de-Joel-Mallmann-Grande-1024x768.jpeg 1024w, https:\/\/folhapopular.info\/wp-content\/uploads\/2024\/10\/Elisangela-Origuella-e-recebeu-placa-de-Joel-Mallmann-Grande-300x225.jpeg 300w, https:\/\/folhapopular.info\/wp-content\/uploads\/2024\/10\/Elisangela-Origuella-e-recebeu-placa-de-Joel-Mallmann-Grande-768x576.jpeg 768w, https:\/\/folhapopular.info\/wp-content\/uploads\/2024\/10\/Elisangela-Origuella-e-recebeu-placa-de-Joel-Mallmann-Grande-560x420.jpeg 560w, https:\/\/folhapopular.info\/wp-content\/uploads\/2024\/10\/Elisangela-Origuella-e-recebeu-placa-de-Joel-Mallmann-Grande-80x60.jpeg 80w, https:\/\/folhapopular.info\/wp-content\/uploads\/2024\/10\/Elisangela-Origuella-e-recebeu-placa-de-Joel-Mallmann-Grande-696x522.jpeg 696w, https:\/\/folhapopular.info\/wp-content\/uploads\/2024\/10\/Elisangela-Origuella-e-recebeu-placa-de-Joel-Mallmann-Grande-1068x801.jpeg 1068w, https:\/\/folhapopular.info\/wp-content\/uploads\/2024\/10\/Elisangela-Origuella-e-recebeu-placa-de-Joel-Mallmann-Grande.jpeg 1280w\" sizes=\"(max-width: 1024px) 100vw, 1024px\" \/><figcaption class=\"wp-block-jetpack-slideshow_caption gallery-caption\">Elis\u00e2ngela Origuella (e) recebeu placa de Joel Mallmann \/\/ Cr\u00e9dito: Lucas Leandro Brune<\/figcaption><\/figure><\/li><li class=\"wp-block-jetpack-slideshow_slide swiper-slide\"><figure><img loading=\"lazy\" decoding=\"async\" width=\"1024\" height=\"768\" alt=\"\" class=\"wp-block-jetpack-slideshow_image wp-image-171429\" data-id=\"171429\" src=\"https:\/\/folhapopular.info\/wp-content\/uploads\/2024\/10\/Premiacao-entregue-na-noite-de-quinta-feira-na-sede-da-Soges-Grande-1024x768.jpeg\" srcset=\"https:\/\/folhapopular.info\/wp-content\/uploads\/2024\/10\/Premiacao-entregue-na-noite-de-quinta-feira-na-sede-da-Soges-Grande-1024x768.jpeg 1024w, https:\/\/folhapopular.info\/wp-content\/uploads\/2024\/10\/Premiacao-entregue-na-noite-de-quinta-feira-na-sede-da-Soges-Grande-300x225.jpeg 300w, https:\/\/folhapopular.info\/wp-content\/uploads\/2024\/10\/Premiacao-entregue-na-noite-de-quinta-feira-na-sede-da-Soges-Grande-768x576.jpeg 768w, https:\/\/folhapopular.info\/wp-content\/uploads\/2024\/10\/Premiacao-entregue-na-noite-de-quinta-feira-na-sede-da-Soges-Grande-560x420.jpeg 560w, https:\/\/folhapopular.info\/wp-content\/uploads\/2024\/10\/Premiacao-entregue-na-noite-de-quinta-feira-na-sede-da-Soges-Grande-80x60.jpeg 80w, https:\/\/folhapopular.info\/wp-content\/uploads\/2024\/10\/Premiacao-entregue-na-noite-de-quinta-feira-na-sede-da-Soges-Grande-696x522.jpeg 696w, https:\/\/folhapopular.info\/wp-content\/uploads\/2024\/10\/Premiacao-entregue-na-noite-de-quinta-feira-na-sede-da-Soges-Grande-1068x801.jpeg 1068w, https:\/\/folhapopular.info\/wp-content\/uploads\/2024\/10\/Premiacao-entregue-na-noite-de-quinta-feira-na-sede-da-Soges-Grande.jpeg 1280w\" sizes=\"(max-width: 1024px) 100vw, 1024px\" \/><figcaption class=\"wp-block-jetpack-slideshow_caption gallery-caption\">Premia\u00e7\u00e3o entregue na noite de quinta-feira na sede da Soges \/\/ Cr\u00e9dito: Lucas Leandro Brune<\/figcaption><\/figure><\/li><li class=\"wp-block-jetpack-slideshow_slide swiper-slide\"><figure><img loading=\"lazy\" decoding=\"async\" width=\"1024\" height=\"768\" alt=\"\" class=\"wp-block-jetpack-slideshow_image wp-image-171417\" data-id=\"171417\" src=\"https:\/\/folhapopular.info\/wp-content\/uploads\/2024\/10\/Goleiro-destaque-\u2013-Leonardo-Sulzbach-Delfinense-Grande-1024x768.jpeg\" srcset=\"https:\/\/folhapopular.info\/wp-content\/uploads\/2024\/10\/Goleiro-destaque-\u2013-Leonardo-Sulzbach-Delfinense-Grande-1024x768.jpeg 1024w, https:\/\/folhapopular.info\/wp-content\/uploads\/2024\/10\/Goleiro-destaque-\u2013-Leonardo-Sulzbach-Delfinense-Grande-300x225.jpeg 300w, https:\/\/folhapopular.info\/wp-content\/uploads\/2024\/10\/Goleiro-destaque-\u2013-Leonardo-Sulzbach-Delfinense-Grande-768x576.jpeg 768w, https:\/\/folhapopular.info\/wp-content\/uploads\/2024\/10\/Goleiro-destaque-\u2013-Leonardo-Sulzbach-Delfinense-Grande-560x420.jpeg 560w, https:\/\/folhapopular.info\/wp-content\/uploads\/2024\/10\/Goleiro-destaque-\u2013-Leonardo-Sulzbach-Delfinense-Grande-80x60.jpeg 80w, https:\/\/folhapopular.info\/wp-content\/uploads\/2024\/10\/Goleiro-destaque-\u2013-Leonardo-Sulzbach-Delfinense-Grande-696x522.jpeg 696w, https:\/\/folhapopular.info\/wp-content\/uploads\/2024\/10\/Goleiro-destaque-\u2013-Leonardo-Sulzbach-Delfinense-Grande-1068x801.jpeg 1068w, https:\/\/folhapopular.info\/wp-content\/uploads\/2024\/10\/Goleiro-destaque-\u2013-Leonardo-Sulzbach-Delfinense-Grande.jpeg 1280w\" sizes=\"(max-width: 1024px) 100vw, 1024px\" \/><figcaption class=\"wp-block-jetpack-slideshow_caption gallery-caption\">Goleiro destaque \u2013 Leonardo Sulzbach (Delfinense) \/\/ Cr\u00e9dito: Lucas Leandro Brune<\/figcaption><\/figure><\/li><li class=\"wp-block-jetpack-slideshow_slide swiper-slide\"><figure><img loading=\"lazy\" decoding=\"async\" width=\"1024\" height=\"768\" alt=\"\" class=\"wp-block-jetpack-slideshow_image wp-image-171418\" data-id=\"171418\" src=\"https:\/\/folhapopular.info\/wp-content\/uploads\/2024\/10\/Goleador-\u2013-Jorge-de-Souza-Sao-Luis-com-9-gols-Grande-1024x768.jpeg\" srcset=\"https:\/\/folhapopular.info\/wp-content\/uploads\/2024\/10\/Goleador-\u2013-Jorge-de-Souza-Sao-Luis-com-9-gols-Grande-1024x768.jpeg 1024w, https:\/\/folhapopular.info\/wp-content\/uploads\/2024\/10\/Goleador-\u2013-Jorge-de-Souza-Sao-Luis-com-9-gols-Grande-300x225.jpeg 300w, https:\/\/folhapopular.info\/wp-content\/uploads\/2024\/10\/Goleador-\u2013-Jorge-de-Souza-Sao-Luis-com-9-gols-Grande-768x576.jpeg 768w, https:\/\/folhapopular.info\/wp-content\/uploads\/2024\/10\/Goleador-\u2013-Jorge-de-Souza-Sao-Luis-com-9-gols-Grande-560x420.jpeg 560w, https:\/\/folhapopular.info\/wp-content\/uploads\/2024\/10\/Goleador-\u2013-Jorge-de-Souza-Sao-Luis-com-9-gols-Grande-80x60.jpeg 80w, https:\/\/folhapopular.info\/wp-content\/uploads\/2024\/10\/Goleador-\u2013-Jorge-de-Souza-Sao-Luis-com-9-gols-Grande-696x522.jpeg 696w, https:\/\/folhapopular.info\/wp-content\/uploads\/2024\/10\/Goleador-\u2013-Jorge-de-Souza-Sao-Luis-com-9-gols-Grande-1068x801.jpeg 1068w, https:\/\/folhapopular.info\/wp-content\/uploads\/2024\/10\/Goleador-\u2013-Jorge-de-Souza-Sao-Luis-com-9-gols-Grande.jpeg 1280w\" sizes=\"(max-width: 1024px) 100vw, 1024px\" \/><figcaption class=\"wp-block-jetpack-slideshow_caption gallery-caption\"> Goleador \u2013 Jorge de Souza (S\u00e3o Lu\u00eds) com 9 gols \/\/ Cr\u00e9dito: Lucas Leandro Brune<\/figcaption><\/figure><\/li><li class=\"wp-block-jetpack-slideshow_slide swiper-slide\"><figure><img loading=\"lazy\" decoding=\"async\" width=\"1024\" height=\"768\" alt=\"\" class=\"wp-block-jetpack-slideshow_image wp-image-171419\" data-id=\"171419\" src=\"https:\/\/folhapopular.info\/wp-content\/uploads\/2024\/10\/Craque-do-campeonato-\u2013-Marcelo-Petry-Uniao-Grande-1024x768.jpeg\" srcset=\"https:\/\/folhapopular.info\/wp-content\/uploads\/2024\/10\/Craque-do-campeonato-\u2013-Marcelo-Petry-Uniao-Grande-1024x768.jpeg 1024w, https:\/\/folhapopular.info\/wp-content\/uploads\/2024\/10\/Craque-do-campeonato-\u2013-Marcelo-Petry-Uniao-Grande-300x225.jpeg 300w, https:\/\/folhapopular.info\/wp-content\/uploads\/2024\/10\/Craque-do-campeonato-\u2013-Marcelo-Petry-Uniao-Grande-768x576.jpeg 768w, https:\/\/folhapopular.info\/wp-content\/uploads\/2024\/10\/Craque-do-campeonato-\u2013-Marcelo-Petry-Uniao-Grande-560x420.jpeg 560w, https:\/\/folhapopular.info\/wp-content\/uploads\/2024\/10\/Craque-do-campeonato-\u2013-Marcelo-Petry-Uniao-Grande-80x60.jpeg 80w, https:\/\/folhapopular.info\/wp-content\/uploads\/2024\/10\/Craque-do-campeonato-\u2013-Marcelo-Petry-Uniao-Grande-696x522.jpeg 696w, https:\/\/folhapopular.info\/wp-content\/uploads\/2024\/10\/Craque-do-campeonato-\u2013-Marcelo-Petry-Uniao-Grande-1068x801.jpeg 1068w, https:\/\/folhapopular.info\/wp-content\/uploads\/2024\/10\/Craque-do-campeonato-\u2013-Marcelo-Petry-Uniao-Grande.jpeg 1280w\" sizes=\"(max-width: 1024px) 100vw, 1024px\" \/><figcaption class=\"wp-block-jetpack-slideshow_caption gallery-caption\">Craque do campeonato \u2013 Marcelo Petry (Uni\u00e3o) \/\/ Cr\u00e9dito: Lucas Leandro Brune<\/figcaption><\/figure><\/li><li class=\"wp-block-jetpack-slideshow_slide swiper-slide\"><figure><img loading=\"lazy\" decoding=\"async\" width=\"1024\" height=\"768\" alt=\"\" class=\"wp-block-jetpack-slideshow_image wp-image-171420\" data-id=\"171420\" src=\"https:\/\/folhapopular.info\/wp-content\/uploads\/2024\/10\/Treinador-destaque-\u2013-Vanderlei-Gregori-Nico-Delfinense-representado-por-um-colega-de-clube-Grande-1024x768.jpeg\" srcset=\"https:\/\/folhapopular.info\/wp-content\/uploads\/2024\/10\/Treinador-destaque-\u2013-Vanderlei-Gregori-Nico-Delfinense-representado-por-um-colega-de-clube-Grande-1024x768.jpeg 1024w, https:\/\/folhapopular.info\/wp-content\/uploads\/2024\/10\/Treinador-destaque-\u2013-Vanderlei-Gregori-Nico-Delfinense-representado-por-um-colega-de-clube-Grande-300x225.jpeg 300w, https:\/\/folhapopular.info\/wp-content\/uploads\/2024\/10\/Treinador-destaque-\u2013-Vanderlei-Gregori-Nico-Delfinense-representado-por-um-colega-de-clube-Grande-768x576.jpeg 768w, https:\/\/folhapopular.info\/wp-content\/uploads\/2024\/10\/Treinador-destaque-\u2013-Vanderlei-Gregori-Nico-Delfinense-representado-por-um-colega-de-clube-Grande-560x420.jpeg 560w, https:\/\/folhapopular.info\/wp-content\/uploads\/2024\/10\/Treinador-destaque-\u2013-Vanderlei-Gregori-Nico-Delfinense-representado-por-um-colega-de-clube-Grande-80x60.jpeg 80w, https:\/\/folhapopular.info\/wp-content\/uploads\/2024\/10\/Treinador-destaque-\u2013-Vanderlei-Gregori-Nico-Delfinense-representado-por-um-colega-de-clube-Grande-696x522.jpeg 696w, https:\/\/folhapopular.info\/wp-content\/uploads\/2024\/10\/Treinador-destaque-\u2013-Vanderlei-Gregori-Nico-Delfinense-representado-por-um-colega-de-clube-Grande-1068x801.jpeg 1068w, https:\/\/folhapopular.info\/wp-content\/uploads\/2024\/10\/Treinador-destaque-\u2013-Vanderlei-Gregori-Nico-Delfinense-representado-por-um-colega-de-clube-Grande.jpeg 1280w\" sizes=\"(max-width: 1024px) 100vw, 1024px\" \/><figcaption class=\"wp-block-jetpack-slideshow_caption gallery-caption\">Treinador destaque \u2013 Vanderlei Gregori \u201cNico\u201d (Delfinense), representado por um colega de clube \/\/ Cr\u00e9dito: Lucas Leandro Brune<\/figcaption><\/figure><\/li><li class=\"wp-block-jetpack-slideshow_slide swiper-slide\"><figure><img loading=\"lazy\" decoding=\"async\" width=\"1024\" height=\"768\" alt=\"\" class=\"wp-block-jetpack-slideshow_image wp-image-171425\" data-id=\"171425\" src=\"https:\/\/folhapopular.info\/wp-content\/uploads\/2024\/10\/Atleta-revelacao-\u2013-William-da-Rocha-Delfinense-Grande-1024x768.jpeg\" srcset=\"https:\/\/folhapopular.info\/wp-content\/uploads\/2024\/10\/Atleta-revelacao-\u2013-William-da-Rocha-Delfinense-Grande-1024x768.jpeg 1024w, https:\/\/folhapopular.info\/wp-content\/uploads\/2024\/10\/Atleta-revelacao-\u2013-William-da-Rocha-Delfinense-Grande-300x225.jpeg 300w, https:\/\/folhapopular.info\/wp-content\/uploads\/2024\/10\/Atleta-revelacao-\u2013-William-da-Rocha-Delfinense-Grande-768x576.jpeg 768w, https:\/\/folhapopular.info\/wp-content\/uploads\/2024\/10\/Atleta-revelacao-\u2013-William-da-Rocha-Delfinense-Grande-560x420.jpeg 560w, https:\/\/folhapopular.info\/wp-content\/uploads\/2024\/10\/Atleta-revelacao-\u2013-William-da-Rocha-Delfinense-Grande-80x60.jpeg 80w, https:\/\/folhapopular.info\/wp-content\/uploads\/2024\/10\/Atleta-revelacao-\u2013-William-da-Rocha-Delfinense-Grande-696x522.jpeg 696w, https:\/\/folhapopular.info\/wp-content\/uploads\/2024\/10\/Atleta-revelacao-\u2013-William-da-Rocha-Delfinense-Grande-1068x801.jpeg 1068w, https:\/\/folhapopular.info\/wp-content\/uploads\/2024\/10\/Atleta-revelacao-\u2013-William-da-Rocha-Delfinense-Grande.jpeg 1280w\" sizes=\"(max-width: 1024px) 100vw, 1024px\" \/><figcaption class=\"wp-block-jetpack-slideshow_caption gallery-caption\"> Atleta revela\u00e7\u00e3o \u2013 William da Rocha (Delfinense) \/\/ Cr\u00e9dito: Lucas Leandro Brune<\/figcaption><\/figure><\/li><li class=\"wp-block-jetpack-slideshow_slide swiper-slide\"><figure><img loading=\"lazy\" decoding=\"async\" width=\"1024\" height=\"768\" alt=\"\" class=\"wp-block-jetpack-slideshow_image wp-image-171426\" data-id=\"171426\" src=\"https:\/\/folhapopular.info\/wp-content\/uploads\/2024\/10\/Craques-das-rodadas-tambem-receberam-destaque-Grande-1024x768.jpeg\" srcset=\"https:\/\/folhapopular.info\/wp-content\/uploads\/2024\/10\/Craques-das-rodadas-tambem-receberam-destaque-Grande-1024x768.jpeg 1024w, https:\/\/folhapopular.info\/wp-content\/uploads\/2024\/10\/Craques-das-rodadas-tambem-receberam-destaque-Grande-300x225.jpeg 300w, https:\/\/folhapopular.info\/wp-content\/uploads\/2024\/10\/Craques-das-rodadas-tambem-receberam-destaque-Grande-768x576.jpeg 768w, https:\/\/folhapopular.info\/wp-content\/uploads\/2024\/10\/Craques-das-rodadas-tambem-receberam-destaque-Grande-560x420.jpeg 560w, https:\/\/folhapopular.info\/wp-content\/uploads\/2024\/10\/Craques-das-rodadas-tambem-receberam-destaque-Grande-80x60.jpeg 80w, https:\/\/folhapopular.info\/wp-content\/uploads\/2024\/10\/Craques-das-rodadas-tambem-receberam-destaque-Grande-696x522.jpeg 696w, https:\/\/folhapopular.info\/wp-content\/uploads\/2024\/10\/Craques-das-rodadas-tambem-receberam-destaque-Grande-1068x801.jpeg 1068w, https:\/\/folhapopular.info\/wp-content\/uploads\/2024\/10\/Craques-das-rodadas-tambem-receberam-destaque-Grande.jpeg 1280w\" sizes=\"(max-width: 1024px) 100vw, 1024px\" \/><figcaption class=\"wp-block-jetpack-slideshow_caption gallery-caption\">Craques das rodadas tamb\u00e9m receberam destaque \/\/ Cr\u00e9dito: Lucas Leandro Brune<\/figcaption><\/figure><\/li><li class=\"wp-block-jetpack-slideshow_slide swiper-slide\"><figure><img loading=\"lazy\" decoding=\"async\" width=\"1024\" height=\"768\" alt=\"\" class=\"wp-block-jetpack-slideshow_image wp-image-171427\" data-id=\"171427\" src=\"https:\/\/folhapopular.info\/wp-content\/uploads\/2024\/10\/Parte-da-Equipe-da-Setcel-que-organizou-o-campeonato-municipal-Grande-1024x768.jpeg\" srcset=\"https:\/\/folhapopular.info\/wp-content\/uploads\/2024\/10\/Parte-da-Equipe-da-Setcel-que-organizou-o-campeonato-municipal-Grande-1024x768.jpeg 1024w, https:\/\/folhapopular.info\/wp-content\/uploads\/2024\/10\/Parte-da-Equipe-da-Setcel-que-organizou-o-campeonato-municipal-Grande-300x225.jpeg 300w, https:\/\/folhapopular.info\/wp-content\/uploads\/2024\/10\/Parte-da-Equipe-da-Setcel-que-organizou-o-campeonato-municipal-Grande-768x576.jpeg 768w, https:\/\/folhapopular.info\/wp-content\/uploads\/2024\/10\/Parte-da-Equipe-da-Setcel-que-organizou-o-campeonato-municipal-Grande-560x420.jpeg 560w, https:\/\/folhapopular.info\/wp-content\/uploads\/2024\/10\/Parte-da-Equipe-da-Setcel-que-organizou-o-campeonato-municipal-Grande-80x60.jpeg 80w, https:\/\/folhapopular.info\/wp-content\/uploads\/2024\/10\/Parte-da-Equipe-da-Setcel-que-organizou-o-campeonato-municipal-Grande-696x522.jpeg 696w, https:\/\/folhapopular.info\/wp-content\/uploads\/2024\/10\/Parte-da-Equipe-da-Setcel-que-organizou-o-campeonato-municipal-Grande-1068x801.jpeg 1068w, https:\/\/folhapopular.info\/wp-content\/uploads\/2024\/10\/Parte-da-Equipe-da-Setcel-que-organizou-o-campeonato-municipal-Grande.jpeg 1280w\" sizes=\"(max-width: 1024px) 100vw, 1024px\" \/><figcaption class=\"wp-block-jetpack-slideshow_caption gallery-caption\">Parte da Equipe da Setcel que organizou o campeonato municipal  \/\/ Cr\u00e9dito: Lucas Leandro Brune<\/figcaption><\/figure><\/li><li class=\"wp-block-jetpack-slideshow_slide swiper-slide\"><figure><img loading=\"lazy\" decoding=\"async\" width=\"1024\" height=\"768\" alt=\"\" class=\"wp-block-jetpack-slideshow_image wp-image-171423\" data-id=\"171423\" src=\"https:\/\/folhapopular.info\/wp-content\/uploads\/2024\/10\/3o-lugar-\u2013-Atletico-Estrelense-Grande-1024x768.jpeg\" srcset=\"https:\/\/folhapopular.info\/wp-content\/uploads\/2024\/10\/3o-lugar-\u2013-Atletico-Estrelense-Grande-1024x768.jpeg 1024w, https:\/\/folhapopular.info\/wp-content\/uploads\/2024\/10\/3o-lugar-\u2013-Atletico-Estrelense-Grande-300x225.jpeg 300w, https:\/\/folhapopular.info\/wp-content\/uploads\/2024\/10\/3o-lugar-\u2013-Atletico-Estrelense-Grande-768x576.jpeg 768w, https:\/\/folhapopular.info\/wp-content\/uploads\/2024\/10\/3o-lugar-\u2013-Atletico-Estrelense-Grande-560x420.jpeg 560w, https:\/\/folhapopular.info\/wp-content\/uploads\/2024\/10\/3o-lugar-\u2013-Atletico-Estrelense-Grande-80x60.jpeg 80w, https:\/\/folhapopular.info\/wp-content\/uploads\/2024\/10\/3o-lugar-\u2013-Atletico-Estrelense-Grande-696x522.jpeg 696w, https:\/\/folhapopular.info\/wp-content\/uploads\/2024\/10\/3o-lugar-\u2013-Atletico-Estrelense-Grande-1068x801.jpeg 1068w, https:\/\/folhapopular.info\/wp-content\/uploads\/2024\/10\/3o-lugar-\u2013-Atletico-Estrelense-Grande.jpeg 1280w\" sizes=\"(max-width: 1024px) 100vw, 1024px\" \/><figcaption class=\"wp-block-jetpack-slideshow_caption gallery-caption\"> 3\u00ba lugar \u2013 Atl\u00e9tico Estrelense\/\/ Cr\u00e9dito: Lucas Leandro Brune<\/figcaption><\/figure><\/li><li class=\"wp-block-jetpack-slideshow_slide swiper-slide\"><figure><img loading=\"lazy\" decoding=\"async\" width=\"1024\" height=\"768\" alt=\"\" class=\"wp-block-jetpack-slideshow_image wp-image-171422\" data-id=\"171422\" src=\"https:\/\/folhapopular.info\/wp-content\/uploads\/2024\/10\/Campeao-da-Disciplina-\u2013-Amigos-do-Dossul-Grande-1024x768.jpeg\" srcset=\"https:\/\/folhapopular.info\/wp-content\/uploads\/2024\/10\/Campeao-da-Disciplina-\u2013-Amigos-do-Dossul-Grande-1024x768.jpeg 1024w, https:\/\/folhapopular.info\/wp-content\/uploads\/2024\/10\/Campeao-da-Disciplina-\u2013-Amigos-do-Dossul-Grande-300x225.jpeg 300w, https:\/\/folhapopular.info\/wp-content\/uploads\/2024\/10\/Campeao-da-Disciplina-\u2013-Amigos-do-Dossul-Grande-768x576.jpeg 768w, https:\/\/folhapopular.info\/wp-content\/uploads\/2024\/10\/Campeao-da-Disciplina-\u2013-Amigos-do-Dossul-Grande-560x420.jpeg 560w, https:\/\/folhapopular.info\/wp-content\/uploads\/2024\/10\/Campeao-da-Disciplina-\u2013-Amigos-do-Dossul-Grande-80x60.jpeg 80w, https:\/\/folhapopular.info\/wp-content\/uploads\/2024\/10\/Campeao-da-Disciplina-\u2013-Amigos-do-Dossul-Grande-696x522.jpeg 696w, https:\/\/folhapopular.info\/wp-content\/uploads\/2024\/10\/Campeao-da-Disciplina-\u2013-Amigos-do-Dossul-Grande-1068x801.jpeg 1068w, https:\/\/folhapopular.info\/wp-content\/uploads\/2024\/10\/Campeao-da-Disciplina-\u2013-Amigos-do-Dossul-Grande.jpeg 1280w\" sizes=\"(max-width: 1024px) 100vw, 1024px\" \/><figcaption class=\"wp-block-jetpack-slideshow_caption gallery-caption\">Campe\u00e3o da Disciplina \u2013 Amigos do Dossul \/\/ Cr\u00e9dito: Lucas Leandro Brune<\/figcaption><\/figure><\/li><li class=\"wp-block-jetpack-slideshow_slide swiper-slide\"><figure><img loading=\"lazy\" decoding=\"async\" width=\"1024\" height=\"768\" alt=\"\" class=\"wp-block-jetpack-slideshow_image wp-image-171428\" data-id=\"171428\" src=\"https:\/\/folhapopular.info\/wp-content\/uploads\/2024\/10\/Vice-campeao-\u2013-Delfinense-do-Distrito-de-Delfina-Grande-1024x768.jpeg\" srcset=\"https:\/\/folhapopular.info\/wp-content\/uploads\/2024\/10\/Vice-campeao-\u2013-Delfinense-do-Distrito-de-Delfina-Grande-1024x768.jpeg 1024w, https:\/\/folhapopular.info\/wp-content\/uploads\/2024\/10\/Vice-campeao-\u2013-Delfinense-do-Distrito-de-Delfina-Grande-300x225.jpeg 300w, https:\/\/folhapopular.info\/wp-content\/uploads\/2024\/10\/Vice-campeao-\u2013-Delfinense-do-Distrito-de-Delfina-Grande-768x576.jpeg 768w, https:\/\/folhapopular.info\/wp-content\/uploads\/2024\/10\/Vice-campeao-\u2013-Delfinense-do-Distrito-de-Delfina-Grande-560x420.jpeg 560w, https:\/\/folhapopular.info\/wp-content\/uploads\/2024\/10\/Vice-campeao-\u2013-Delfinense-do-Distrito-de-Delfina-Grande-80x60.jpeg 80w, https:\/\/folhapopular.info\/wp-content\/uploads\/2024\/10\/Vice-campeao-\u2013-Delfinense-do-Distrito-de-Delfina-Grande-696x522.jpeg 696w, https:\/\/folhapopular.info\/wp-content\/uploads\/2024\/10\/Vice-campeao-\u2013-Delfinense-do-Distrito-de-Delfina-Grande-1068x801.jpeg 1068w, https:\/\/folhapopular.info\/wp-content\/uploads\/2024\/10\/Vice-campeao-\u2013-Delfinense-do-Distrito-de-Delfina-Grande.jpeg 1280w\" sizes=\"(max-width: 1024px) 100vw, 1024px\" \/><figcaption class=\"wp-block-jetpack-slideshow_caption gallery-caption\">Vice-campe\u00e3o \u2013 Delfinense do Distrito de Delfina \/\/ Cr\u00e9dito: Lucas Leandro Brune<\/figcaption><\/figure><\/li><\/ul><a class=\"wp-block-jetpack-slideshow_button-prev swiper-button-prev swiper-button-white\" role=\"button\"><\/a><a class=\"wp-block-jetpack-slideshow_button-next swiper-button-next swiper-button-white\" role=\"button\"><\/a><a aria-label=\"Pause Slideshow\" class=\"wp-block-jetpack-slideshow_button-pause\" role=\"button\"><\/a><div class=\"wp-block-jetpack-slideshow_pagination swiper-pagination swiper-pagination-white\"><\/div><\/div><\/div>\n","protected":false},"excerpt":{"rendered":"<p>A sede campestre da Sociedade Gin\u00e1stica Estrela (Soges) recebeu o evento de premia\u00e7\u00e3o do Campeonato Municipal de Estrela 2024 \u2013 Trof\u00e9u Rafael Origuella \u2013 na noite de quinta-feira (10\/10). \u201c\u00c0s equipes nossa gratid\u00e3o por terem feito esta edi\u00e7\u00e3o de alto n\u00edvel e disciplina\u201d, destacou Gilberto Gewehr, um dos organizadores por meio da Secretaria de Turismo, [&hellip;]<\/p>\n","protected":false},"author":7,"featured_media":171424,"comment_status":"open","ping_status":"open","sticky":false,"template":"","format":"standard","meta":{"pmpro_default_level":"","_jetpack_memberships_contains_paid_content":false,"footnotes":""},"categories":[2,5,240],"tags":[8,147,8525,156],"class_list":{"0":"post-171416","1":"post","2":"type-post","3":"status-publish","4":"format-standard","5":"has-post-thumbnail","7":"category-featured","8":"category-esportes","9":"category-futebol-amador","10":"tag-estrela","11":"tag-futebol-amador","12":"tag-municipal-de-futebol-amador-de-estrela","13":"tag-vale-do-taquari","14":"pmpro-has-access"},"yoast_head":"<!-- This site is optimized with the Yoast SEO plugin v27.5 - https:\/\/yoast.com\/product\/yoast-seo-wordpress\/ -->\n<title>Melhores do Amador de Estrela receberam pr\u00eamios em evento festivo - Folha Popular<\/title>\n<meta name=\"robots\" content=\"index, follow, max-snippet:-1, max-image-preview:large, max-video-preview:-1\" \/>\n<link rel=\"canonical\" href=\"https:\/\/folhapopular.info\/index.php\/2024\/10\/10\/melhores-do-amador-de-estrela-recebem-premios\/\" \/>\n<meta property=\"og:locale\" content=\"pt_BR\" \/>\n<meta property=\"og:type\" content=\"article\" \/>\n<meta property=\"og:title\" content=\"Melhores do Amador de Estrela receberam pr\u00eamios em evento festivo - Folha Popular\" \/>\n<meta property=\"og:description\" content=\"A sede campestre da Sociedade Gin\u00e1stica Estrela (Soges) recebeu o evento de premia\u00e7\u00e3o do Campeonato Municipal de Estrela 2024 \u2013 Trof\u00e9u Rafael Origuella \u2013 na noite de quinta-feira (10\/10). \u201c\u00c0s equipes nossa gratid\u00e3o por terem feito esta edi\u00e7\u00e3o de alto n\u00edvel e disciplina\u201d, destacou Gilberto Gewehr, um dos organizadores por meio da Secretaria de Turismo, [&hellip;]\" \/>\n<meta property=\"og:url\" content=\"https:\/\/folhapopular.info\/index.php\/2024\/10\/10\/melhores-do-amador-de-estrela-recebem-premios\/\" \/>\n<meta property=\"og:site_name\" content=\"Folha Popular\" \/>\n<meta property=\"article:published_time\" content=\"2024-10-11T00:20:27+00:00\" \/>\n<meta property=\"article:modified_time\" content=\"2024-10-11T00:30:57+00:00\" \/>\n<meta property=\"og:image\" content=\"http:\/\/folhapopular.info\/wp-content\/uploads\/2024\/10\/Campeao-\u2013-Uniao-da-Boa-Uniao-Grande.jpeg\" \/>\n\t<meta property=\"og:image:width\" content=\"1280\" \/>\n\t<meta property=\"og:image:height\" content=\"960\" \/>\n\t<meta property=\"og:image:type\" content=\"image\/jpeg\" \/>\n<meta name=\"author\" content=\"Lucas Leandro Brune\" \/>\n<meta name=\"twitter:card\" content=\"summary_large_image\" \/>\n<meta name=\"twitter:label1\" content=\"Escrito por\" \/>\n\t<meta name=\"twitter:data1\" content=\"Lucas Leandro Brune\" \/>\n\t<meta name=\"twitter:label2\" content=\"Est. tempo de leitura\" \/>\n\t<meta name=\"twitter:data2\" content=\"5 minutos\" \/>\n<script type=\"application\/ld+json\" class=\"yoast-schema-graph\">{\"@context\":\"https:\\\/\\\/schema.org\",\"@graph\":[{\"@type\":\"Article\",\"@id\":\"https:\\\/\\\/folhapopular.info\\\/index.php\\\/2024\\\/10\\\/10\\\/melhores-do-amador-de-estrela-recebem-premios\\\/#article\",\"isPartOf\":{\"@id\":\"https:\\\/\\\/folhapopular.info\\\/index.php\\\/2024\\\/10\\\/10\\\/melhores-do-amador-de-estrela-recebem-premios\\\/\"},\"author\":{\"name\":\"Lucas Leandro Brune\",\"@id\":\"https:\\\/\\\/folhapopular.info\\\/#\\\/schema\\\/person\\\/533a15f60cd49e81ab3a90b4ca33cb36\"},\"headline\":\"Melhores do Amador de Estrela receberam pr\u00eamios em evento festivo\",\"datePublished\":\"2024-10-11T00:20:27+00:00\",\"dateModified\":\"2024-10-11T00:30:57+00:00\",\"mainEntityOfPage\":{\"@id\":\"https:\\\/\\\/folhapopular.info\\\/index.php\\\/2024\\\/10\\\/10\\\/melhores-do-amador-de-estrela-recebem-premios\\\/\"},\"wordCount\":395,\"commentCount\":0,\"image\":{\"@id\":\"https:\\\/\\\/folhapopular.info\\\/index.php\\\/2024\\\/10\\\/10\\\/melhores-do-amador-de-estrela-recebem-premios\\\/#primaryimage\"},\"thumbnailUrl\":\"https:\\\/\\\/folhapopular.info\\\/wp-content\\\/uploads\\\/2024\\\/10\\\/Campeao-\u2013-Uniao-da-Boa-Uniao-Grande.jpeg\",\"keywords\":[\"Estrela\",\"futebol amador\",\"Municipal de Futebol Amador de Estrela\",\"Vale do Taquari\"],\"articleSection\":[\"Destaques\",\"Esportes\",\"Futebol Amador\"],\"inLanguage\":\"pt-BR\",\"potentialAction\":[{\"@type\":\"CommentAction\",\"name\":\"Comment\",\"target\":[\"https:\\\/\\\/folhapopular.info\\\/index.php\\\/2024\\\/10\\\/10\\\/melhores-do-amador-de-estrela-recebem-premios\\\/#respond\"]}]},{\"@type\":\"WebPage\",\"@id\":\"https:\\\/\\\/folhapopular.info\\\/index.php\\\/2024\\\/10\\\/10\\\/melhores-do-amador-de-estrela-recebem-premios\\\/\",\"url\":\"https:\\\/\\\/folhapopular.info\\\/index.php\\\/2024\\\/10\\\/10\\\/melhores-do-amador-de-estrela-recebem-premios\\\/\",\"name\":\"Melhores do Amador de Estrela receberam pr\u00eamios em evento festivo - Folha Popular\",\"isPartOf\":{\"@id\":\"https:\\\/\\\/folhapopular.info\\\/#website\"},\"primaryImageOfPage\":{\"@id\":\"https:\\\/\\\/folhapopular.info\\\/index.php\\\/2024\\\/10\\\/10\\\/melhores-do-amador-de-estrela-recebem-premios\\\/#primaryimage\"},\"image\":{\"@id\":\"https:\\\/\\\/folhapopular.info\\\/index.php\\\/2024\\\/10\\\/10\\\/melhores-do-amador-de-estrela-recebem-premios\\\/#primaryimage\"},\"thumbnailUrl\":\"https:\\\/\\\/folhapopular.info\\\/wp-content\\\/uploads\\\/2024\\\/10\\\/Campeao-\u2013-Uniao-da-Boa-Uniao-Grande.jpeg\",\"datePublished\":\"2024-10-11T00:20:27+00:00\",\"dateModified\":\"2024-10-11T00:30:57+00:00\",\"author\":{\"@id\":\"https:\\\/\\\/folhapopular.info\\\/#\\\/schema\\\/person\\\/533a15f60cd49e81ab3a90b4ca33cb36\"},\"breadcrumb\":{\"@id\":\"https:\\\/\\\/folhapopular.info\\\/index.php\\\/2024\\\/10\\\/10\\\/melhores-do-amador-de-estrela-recebem-premios\\\/#breadcrumb\"},\"inLanguage\":\"pt-BR\",\"potentialAction\":[{\"@type\":\"ReadAction\",\"target\":[\"https:\\\/\\\/folhapopular.info\\\/index.php\\\/2024\\\/10\\\/10\\\/melhores-do-amador-de-estrela-recebem-premios\\\/\"]}]},{\"@type\":\"ImageObject\",\"inLanguage\":\"pt-BR\",\"@id\":\"https:\\\/\\\/folhapopular.info\\\/index.php\\\/2024\\\/10\\\/10\\\/melhores-do-amador-de-estrela-recebem-premios\\\/#primaryimage\",\"url\":\"https:\\\/\\\/folhapopular.info\\\/wp-content\\\/uploads\\\/2024\\\/10\\\/Campeao-\u2013-Uniao-da-Boa-Uniao-Grande.jpeg\",\"contentUrl\":\"https:\\\/\\\/folhapopular.info\\\/wp-content\\\/uploads\\\/2024\\\/10\\\/Campeao-\u2013-Uniao-da-Boa-Uniao-Grande.jpeg\",\"width\":1280,\"height\":960,\"caption\":\"Campe\u00e3o foi o Uni\u00e3o da Boa Uni\u00e3o \\\/\\\/ Cr\u00e9dito: Lucas Leandro Brune\"},{\"@type\":\"BreadcrumbList\",\"@id\":\"https:\\\/\\\/folhapopular.info\\\/index.php\\\/2024\\\/10\\\/10\\\/melhores-do-amador-de-estrela-recebem-premios\\\/#breadcrumb\",\"itemListElement\":[{\"@type\":\"ListItem\",\"position\":1,\"name\":\"In\u00edcio\",\"item\":\"https:\\\/\\\/folhapopular.info\\\/\"},{\"@type\":\"ListItem\",\"position\":2,\"name\":\"Melhores do Amador de Estrela receberam pr\u00eamios em evento festivo\"}]},{\"@type\":\"WebSite\",\"@id\":\"https:\\\/\\\/folhapopular.info\\\/#website\",\"url\":\"https:\\\/\\\/folhapopular.info\\\/\",\"name\":\"Folha Popular\",\"description\":\"Onde voc\u00ea tem vez e voz\",\"potentialAction\":[{\"@type\":\"SearchAction\",\"target\":{\"@type\":\"EntryPoint\",\"urlTemplate\":\"https:\\\/\\\/folhapopular.info\\\/?s={search_term_string}\"},\"query-input\":{\"@type\":\"PropertyValueSpecification\",\"valueRequired\":true,\"valueName\":\"search_term_string\"}}],\"inLanguage\":\"pt-BR\"},{\"@type\":\"Person\",\"@id\":\"https:\\\/\\\/folhapopular.info\\\/#\\\/schema\\\/person\\\/533a15f60cd49e81ab3a90b4ca33cb36\",\"name\":\"Lucas Leandro Brune\",\"image\":{\"@type\":\"ImageObject\",\"inLanguage\":\"pt-BR\",\"@id\":\"https:\\\/\\\/folhapopular.info\\\/wp-content\\\/uploads\\\/2026\\\/04\\\/LUCAS-1-1.webp\",\"url\":\"https:\\\/\\\/folhapopular.info\\\/wp-content\\\/uploads\\\/2026\\\/04\\\/LUCAS-1-1.webp\",\"contentUrl\":\"https:\\\/\\\/folhapopular.info\\\/wp-content\\\/uploads\\\/2026\\\/04\\\/LUCAS-1-1.webp\",\"caption\":\"Lucas Leandro Brune\"},\"description\":\"Jornalista Profissional Diplomado MTB\\\/RS 14.333\",\"url\":\"https:\\\/\\\/folhapopular.info\\\/index.php\\\/author\\\/lucas-brune\\\/\"}]}<\/script>\n<!-- \/ Yoast SEO plugin. -->","yoast_head_json":{"title":"Melhores do Amador de Estrela receberam pr\u00eamios em evento festivo - Folha Popular","robots":{"index":"index","follow":"follow","max-snippet":"max-snippet:-1","max-image-preview":"max-image-preview:large","max-video-preview":"max-video-preview:-1"},"canonical":"https:\/\/folhapopular.info\/index.php\/2024\/10\/10\/melhores-do-amador-de-estrela-recebem-premios\/","og_locale":"pt_BR","og_type":"article","og_title":"Melhores do Amador de Estrela receberam pr\u00eamios em evento festivo - Folha Popular","og_description":"A sede campestre da Sociedade Gin\u00e1stica Estrela (Soges) recebeu o evento de premia\u00e7\u00e3o do Campeonato Municipal de Estrela 2024 \u2013 Trof\u00e9u Rafael Origuella \u2013 na noite de quinta-feira (10\/10). \u201c\u00c0s equipes nossa gratid\u00e3o por terem feito esta edi\u00e7\u00e3o de alto n\u00edvel e disciplina\u201d, destacou Gilberto Gewehr, um dos organizadores por meio da Secretaria de Turismo, [&hellip;]","og_url":"https:\/\/folhapopular.info\/index.php\/2024\/10\/10\/melhores-do-amador-de-estrela-recebem-premios\/","og_site_name":"Folha Popular","article_published_time":"2024-10-11T00:20:27+00:00","article_modified_time":"2024-10-11T00:30:57+00:00","og_image":[{"width":1280,"height":960,"url":"http:\/\/folhapopular.info\/wp-content\/uploads\/2024\/10\/Campeao-\u2013-Uniao-da-Boa-Uniao-Grande.jpeg","type":"image\/jpeg"}],"author":"Lucas Leandro Brune","twitter_card":"summary_large_image","twitter_misc":{"Escrito por":"Lucas Leandro Brune","Est. tempo de leitura":"5 minutos"},"schema":{"@context":"https:\/\/schema.org","@graph":[{"@type":"Article","@id":"https:\/\/folhapopular.info\/index.php\/2024\/10\/10\/melhores-do-amador-de-estrela-recebem-premios\/#article","isPartOf":{"@id":"https:\/\/folhapopular.info\/index.php\/2024\/10\/10\/melhores-do-amador-de-estrela-recebem-premios\/"},"author":{"name":"Lucas Leandro Brune","@id":"https:\/\/folhapopular.info\/#\/schema\/person\/533a15f60cd49e81ab3a90b4ca33cb36"},"headline":"Melhores do Amador de Estrela receberam pr\u00eamios em evento festivo","datePublished":"2024-10-11T00:20:27+00:00","dateModified":"2024-10-11T00:30:57+00:00","mainEntityOfPage":{"@id":"https:\/\/folhapopular.info\/index.php\/2024\/10\/10\/melhores-do-amador-de-estrela-recebem-premios\/"},"wordCount":395,"commentCount":0,"image":{"@id":"https:\/\/folhapopular.info\/index.php\/2024\/10\/10\/melhores-do-amador-de-estrela-recebem-premios\/#primaryimage"},"thumbnailUrl":"https:\/\/folhapopular.info\/wp-content\/uploads\/2024\/10\/Campeao-\u2013-Uniao-da-Boa-Uniao-Grande.jpeg","keywords":["Estrela","futebol amador","Municipal de Futebol Amador de Estrela","Vale do Taquari"],"articleSection":["Destaques","Esportes","Futebol Amador"],"inLanguage":"pt-BR","potentialAction":[{"@type":"CommentAction","name":"Comment","target":["https:\/\/folhapopular.info\/index.php\/2024\/10\/10\/melhores-do-amador-de-estrela-recebem-premios\/#respond"]}]},{"@type":"WebPage","@id":"https:\/\/folhapopular.info\/index.php\/2024\/10\/10\/melhores-do-amador-de-estrela-recebem-premios\/","url":"https:\/\/folhapopular.info\/index.php\/2024\/10\/10\/melhores-do-amador-de-estrela-recebem-premios\/","name":"Melhores do Amador de Estrela receberam pr\u00eamios em evento festivo - Folha Popular","isPartOf":{"@id":"https:\/\/folhapopular.info\/#website"},"primaryImageOfPage":{"@id":"https:\/\/folhapopular.info\/index.php\/2024\/10\/10\/melhores-do-amador-de-estrela-recebem-premios\/#primaryimage"},"image":{"@id":"https:\/\/folhapopular.info\/index.php\/2024\/10\/10\/melhores-do-amador-de-estrela-recebem-premios\/#primaryimage"},"thumbnailUrl":"https:\/\/folhapopular.info\/wp-content\/uploads\/2024\/10\/Campeao-\u2013-Uniao-da-Boa-Uniao-Grande.jpeg","datePublished":"2024-10-11T00:20:27+00:00","dateModified":"2024-10-11T00:30:57+00:00","author":{"@id":"https:\/\/folhapopular.info\/#\/schema\/person\/533a15f60cd49e81ab3a90b4ca33cb36"},"breadcrumb":{"@id":"https:\/\/folhapopular.info\/index.php\/2024\/10\/10\/melhores-do-amador-de-estrela-recebem-premios\/#breadcrumb"},"inLanguage":"pt-BR","potentialAction":[{"@type":"ReadAction","target":["https:\/\/folhapopular.info\/index.php\/2024\/10\/10\/melhores-do-amador-de-estrela-recebem-premios\/"]}]},{"@type":"ImageObject","inLanguage":"pt-BR","@id":"https:\/\/folhapopular.info\/index.php\/2024\/10\/10\/melhores-do-amador-de-estrela-recebem-premios\/#primaryimage","url":"https:\/\/folhapopular.info\/wp-content\/uploads\/2024\/10\/Campeao-\u2013-Uniao-da-Boa-Uniao-Grande.jpeg","contentUrl":"https:\/\/folhapopular.info\/wp-content\/uploads\/2024\/10\/Campeao-\u2013-Uniao-da-Boa-Uniao-Grande.jpeg","width":1280,"height":960,"caption":"Campe\u00e3o foi o Uni\u00e3o da Boa Uni\u00e3o \/\/ Cr\u00e9dito: Lucas Leandro Brune"},{"@type":"BreadcrumbList","@id":"https:\/\/folhapopular.info\/index.php\/2024\/10\/10\/melhores-do-amador-de-estrela-recebem-premios\/#breadcrumb","itemListElement":[{"@type":"ListItem","position":1,"name":"In\u00edcio","item":"https:\/\/folhapopular.info\/"},{"@type":"ListItem","position":2,"name":"Melhores do Amador de Estrela receberam pr\u00eamios em evento festivo"}]},{"@type":"WebSite","@id":"https:\/\/folhapopular.info\/#website","url":"https:\/\/folhapopular.info\/","name":"Folha Popular","description":"Onde voc\u00ea tem vez e voz","potentialAction":[{"@type":"SearchAction","target":{"@type":"EntryPoint","urlTemplate":"https:\/\/folhapopular.info\/?s={search_term_string}"},"query-input":{"@type":"PropertyValueSpecification","valueRequired":true,"valueName":"search_term_string"}}],"inLanguage":"pt-BR"},{"@type":"Person","@id":"https:\/\/folhapopular.info\/#\/schema\/person\/533a15f60cd49e81ab3a90b4ca33cb36","name":"Lucas Leandro Brune","image":{"@type":"ImageObject","inLanguage":"pt-BR","@id":"https:\/\/folhapopular.info\/wp-content\/uploads\/2026\/04\/LUCAS-1-1.webp","url":"https:\/\/folhapopular.info\/wp-content\/uploads\/2026\/04\/LUCAS-1-1.webp","contentUrl":"https:\/\/folhapopular.info\/wp-content\/uploads\/2026\/04\/LUCAS-1-1.webp","caption":"Lucas Leandro Brune"},"description":"Jornalista Profissional Diplomado MTB\/RS 14.333","url":"https:\/\/folhapopular.info\/index.php\/author\/lucas-brune\/"}]}},"jetpack_featured_media_url":"https:\/\/folhapopular.info\/wp-content\/uploads\/2024\/10\/Campeao-\u2013-Uniao-da-Boa-Uniao-Grande.jpeg","jetpack_sharing_enabled":true,"amp_enabled":true,"_links":{"self":[{"href":"https:\/\/folhapopular.info\/index.php\/wp-json\/wp\/v2\/posts\/171416","targetHints":{"allow":["GET"]}}],"collection":[{"href":"https:\/\/folhapopular.info\/index.php\/wp-json\/wp\/v2\/posts"}],"about":[{"href":"https:\/\/folhapopular.info\/index.php\/wp-json\/wp\/v2\/types\/post"}],"author":[{"embeddable":true,"href":"https:\/\/folhapopular.info\/index.php\/wp-json\/wp\/v2\/users\/7"}],"replies":[{"embeddable":true,"href":"https:\/\/folhapopular.info\/index.php\/wp-json\/wp\/v2\/comments?post=171416"}],"version-history":[{"count":0,"href":"https:\/\/folhapopular.info\/index.php\/wp-json\/wp\/v2\/posts\/171416\/revisions"}],"wp:featuredmedia":[{"embeddable":true,"href":"https:\/\/folhapopular.info\/index.php\/wp-json\/wp\/v2\/media\/171424"}],"wp:attachment":[{"href":"https:\/\/folhapopular.info\/index.php\/wp-json\/wp\/v2\/media?parent=171416"}],"wp:term":[{"taxonomy":"category","embeddable":true,"href":"https:\/\/folhapopular.info\/index.php\/wp-json\/wp\/v2\/categories?post=171416"},{"taxonomy":"post_tag","embeddable":true,"href":"https:\/\/folhapopular.info\/index.php\/wp-json\/wp\/v2\/tags?post=171416"}],"curies":[{"name":"wp","href":"https:\/\/api.w.org\/{rel}","templated":true}]}}