{"id":171483,"date":"2024-10-11T10:05:46","date_gmt":"2024-10-11T13:05:46","guid":{"rendered":"https:\/\/folhapopular.info\/?p=171483"},"modified":"2024-10-11T10:06:22","modified_gmt":"2024-10-11T13:06:22","slug":"bilioteca-municipal-de-teutonia-tera-contacao-de-historias-no-sabado","status":"publish","type":"post","link":"https:\/\/folhapopular.info\/index.php\/2024\/10\/11\/bilioteca-municipal-de-teutonia-tera-contacao-de-historias-no-sabado\/","title":{"rendered":"Bilioteca Municipal de Teut\u00f4nia ter\u00e1 conta\u00e7\u00e3o de hist\u00f3rias no s\u00e1bado"},"content":{"rendered":"\n<p>Neste s\u00e1bado (12\/10), a Prefeitura de Teut\u00f4nia promove a primeira Conta\u00e7\u00e3o de Hist\u00f3rias Conto &amp; Encanto no munic\u00edpio. A atividade ser\u00e1 realizada na Biblioteca P\u00fablica Municipal Professor Arno Sommer, em frente ao  Museu Henrique Uebel das 14h \u00e0s 16h. A programa\u00e7\u00e3o acontece em conjunto ao Dia das Crian\u00e7as das Escolas Comunit\u00e1rias de Teut\u00f4nia.<\/p>\n\n\n\n<p>A comunidade tamb\u00e9m pode levar livros para a doa\u00e7\u00e3o na biblioteca.<\/p>\n\n\n\n<p><strong>Relembre<\/strong><\/p>\n\n\n\n<p>As oito escolas comunit\u00e1rias de Teut\u00f4nia ir\u00e3o promover um evento especial no s\u00e1bado de Dia das Crian\u00e7as. A tarde ser\u00e1 repleta de atividades para as crian\u00e7as, com brinquedos infl\u00e1veis e pintura facial no Pavilh\u00e3o Multiuso da Prefeitura.<\/p>\n\n\n\n<p>Com venda de lanches, o objetivo do evento \u00e9 arrecadar\u00a0fundos para arcar com os custos das institui\u00e7\u00f5es.<\/p>\n\n\n\n<p><\/p>\n\n\n\n<p><\/p>\n\n\n\n<p><\/p>\n\n\n\n<p><\/p>\n","protected":false},"excerpt":{"rendered":"<p>Neste s\u00e1bado (12\/10), a Prefeitura de Teut\u00f4nia promove a primeira Conta\u00e7\u00e3o de Hist\u00f3rias Conto &amp; Encanto no munic\u00edpio. A atividade ser\u00e1 realizada na Biblioteca P\u00fablica Municipal Professor Arno Sommer, em frente ao Museu Henrique Uebel das 14h \u00e0s 16h. A programa\u00e7\u00e3o acontece em conjunto ao Dia das Crian\u00e7as das Escolas Comunit\u00e1rias de Teut\u00f4nia. A comunidade [&hellip;]<\/p>\n","protected":false},"author":673,"featured_media":155108,"comment_status":"open","ping_status":"open","sticky":false,"template":"","format":"standard","meta":{"pmpro_default_level":"","_jetpack_memberships_contains_paid_content":false,"footnotes":""},"categories":[2,3],"tags":[16553,16554,1119],"class_list":{"0":"post-171483","1":"post","2":"type-post","3":"status-publish","4":"format-standard","5":"has-post-thumbnail","7":"category-featured","8":"category-geral","9":"tag-biblioteca-municipal-de-teutonia","10":"tag-biblioteca-professor-arno-sommer","11":"tag-dia-das-criancas","12":"pmpro-has-access"},"yoast_head":"<!-- This site is optimized with the Yoast SEO plugin v27.5 - https:\/\/yoast.com\/product\/yoast-seo-wordpress\/ -->\n<title>Bilioteca Municipal de Teut\u00f4nia ter\u00e1 conta\u00e7\u00e3o de hist\u00f3rias no s\u00e1bado - Folha Popular<\/title>\n<meta name=\"robots\" content=\"index, follow, max-snippet:-1, max-image-preview:large, max-video-preview:-1\" \/>\n<link rel=\"canonical\" href=\"https:\/\/folhapopular.info\/index.php\/2024\/10\/11\/bilioteca-municipal-de-teutonia-tera-contacao-de-historias-no-sabado\/\" \/>\n<meta property=\"og:locale\" content=\"pt_BR\" \/>\n<meta property=\"og:type\" content=\"article\" \/>\n<meta property=\"og:title\" content=\"Bilioteca Municipal de Teut\u00f4nia ter\u00e1 conta\u00e7\u00e3o de hist\u00f3rias no s\u00e1bado - Folha Popular\" \/>\n<meta property=\"og:description\" content=\"Neste s\u00e1bado (12\/10), a Prefeitura de Teut\u00f4nia promove a primeira Conta\u00e7\u00e3o de Hist\u00f3rias Conto &amp; Encanto no munic\u00edpio. A atividade ser\u00e1 realizada na Biblioteca P\u00fablica Municipal Professor Arno Sommer, em frente ao Museu Henrique Uebel das 14h \u00e0s 16h. A programa\u00e7\u00e3o acontece em conjunto ao Dia das Crian\u00e7as das Escolas Comunit\u00e1rias de Teut\u00f4nia. A comunidade [&hellip;]\" \/>\n<meta property=\"og:url\" content=\"https:\/\/folhapopular.info\/index.php\/2024\/10\/11\/bilioteca-municipal-de-teutonia-tera-contacao-de-historias-no-sabado\/\" \/>\n<meta property=\"og:site_name\" content=\"Folha Popular\" \/>\n<meta property=\"article:published_time\" content=\"2024-10-11T13:05:46+00:00\" \/>\n<meta property=\"article:modified_time\" content=\"2024-10-11T13:06:22+00:00\" \/>\n<meta property=\"og:image\" content=\"http:\/\/folhapopular.info\/wp-content\/uploads\/2024\/04\/2024_04_09_Biblioteca-Arno-Sommer-sera-reaberta-no-Centro-Administrativo-4-scaled.jpg\" \/>\n\t<meta property=\"og:image:width\" content=\"2560\" \/>\n\t<meta property=\"og:image:height\" content=\"1920\" \/>\n\t<meta property=\"og:image:type\" content=\"image\/jpeg\" \/>\n<meta name=\"author\" content=\"Let\u00edcia Echer\" \/>\n<meta name=\"twitter:card\" content=\"summary_large_image\" \/>\n<meta name=\"twitter:label1\" content=\"Escrito por\" \/>\n\t<meta name=\"twitter:data1\" content=\"Let\u00edcia Echer\" \/>\n\t<meta name=\"twitter:label2\" content=\"Est. tempo de leitura\" \/>\n\t<meta name=\"twitter:data2\" content=\"1 minuto\" \/>\n<script type=\"application\/ld+json\" class=\"yoast-schema-graph\">{\"@context\":\"https:\\\/\\\/schema.org\",\"@graph\":[{\"@type\":\"Article\",\"@id\":\"https:\\\/\\\/folhapopular.info\\\/index.php\\\/2024\\\/10\\\/11\\\/bilioteca-municipal-de-teutonia-tera-contacao-de-historias-no-sabado\\\/#article\",\"isPartOf\":{\"@id\":\"https:\\\/\\\/folhapopular.info\\\/index.php\\\/2024\\\/10\\\/11\\\/bilioteca-municipal-de-teutonia-tera-contacao-de-historias-no-sabado\\\/\"},\"author\":{\"name\":\"Let\u00edcia Echer\",\"@id\":\"https:\\\/\\\/folhapopular.info\\\/#\\\/schema\\\/person\\\/52b95b9c1c41ec0e826e7518183d0cc0\"},\"headline\":\"Bilioteca Municipal de Teut\u00f4nia ter\u00e1 conta\u00e7\u00e3o de hist\u00f3rias no s\u00e1bado\",\"datePublished\":\"2024-10-11T13:05:46+00:00\",\"dateModified\":\"2024-10-11T13:06:22+00:00\",\"mainEntityOfPage\":{\"@id\":\"https:\\\/\\\/folhapopular.info\\\/index.php\\\/2024\\\/10\\\/11\\\/bilioteca-municipal-de-teutonia-tera-contacao-de-historias-no-sabado\\\/\"},\"wordCount\":153,\"commentCount\":0,\"image\":{\"@id\":\"https:\\\/\\\/folhapopular.info\\\/index.php\\\/2024\\\/10\\\/11\\\/bilioteca-municipal-de-teutonia-tera-contacao-de-historias-no-sabado\\\/#primaryimage\"},\"thumbnailUrl\":\"https:\\\/\\\/folhapopular.info\\\/wp-content\\\/uploads\\\/2024\\\/04\\\/2024_04_09_Biblioteca-Arno-Sommer-sera-reaberta-no-Centro-Administrativo-4-scaled.jpg\",\"keywords\":[\"Biblioteca Municipal de Teut\u00f4nia\",\"Biblioteca Professor Arno Sommer\",\"Dia das Crian\u00e7as\"],\"articleSection\":[\"Destaques\",\"Geral\"],\"inLanguage\":\"pt-BR\",\"potentialAction\":[{\"@type\":\"CommentAction\",\"name\":\"Comment\",\"target\":[\"https:\\\/\\\/folhapopular.info\\\/index.php\\\/2024\\\/10\\\/11\\\/bilioteca-municipal-de-teutonia-tera-contacao-de-historias-no-sabado\\\/#respond\"]}]},{\"@type\":\"WebPage\",\"@id\":\"https:\\\/\\\/folhapopular.info\\\/index.php\\\/2024\\\/10\\\/11\\\/bilioteca-municipal-de-teutonia-tera-contacao-de-historias-no-sabado\\\/\",\"url\":\"https:\\\/\\\/folhapopular.info\\\/index.php\\\/2024\\\/10\\\/11\\\/bilioteca-municipal-de-teutonia-tera-contacao-de-historias-no-sabado\\\/\",\"name\":\"Bilioteca Municipal de Teut\u00f4nia ter\u00e1 conta\u00e7\u00e3o de hist\u00f3rias no s\u00e1bado - Folha Popular\",\"isPartOf\":{\"@id\":\"https:\\\/\\\/folhapopular.info\\\/#website\"},\"primaryImageOfPage\":{\"@id\":\"https:\\\/\\\/folhapopular.info\\\/index.php\\\/2024\\\/10\\\/11\\\/bilioteca-municipal-de-teutonia-tera-contacao-de-historias-no-sabado\\\/#primaryimage\"},\"image\":{\"@id\":\"https:\\\/\\\/folhapopular.info\\\/index.php\\\/2024\\\/10\\\/11\\\/bilioteca-municipal-de-teutonia-tera-contacao-de-historias-no-sabado\\\/#primaryimage\"},\"thumbnailUrl\":\"https:\\\/\\\/folhapopular.info\\\/wp-content\\\/uploads\\\/2024\\\/04\\\/2024_04_09_Biblioteca-Arno-Sommer-sera-reaberta-no-Centro-Administrativo-4-scaled.jpg\",\"datePublished\":\"2024-10-11T13:05:46+00:00\",\"dateModified\":\"2024-10-11T13:06:22+00:00\",\"author\":{\"@id\":\"https:\\\/\\\/folhapopular.info\\\/#\\\/schema\\\/person\\\/52b95b9c1c41ec0e826e7518183d0cc0\"},\"breadcrumb\":{\"@id\":\"https:\\\/\\\/folhapopular.info\\\/index.php\\\/2024\\\/10\\\/11\\\/bilioteca-municipal-de-teutonia-tera-contacao-de-historias-no-sabado\\\/#breadcrumb\"},\"inLanguage\":\"pt-BR\",\"potentialAction\":[{\"@type\":\"ReadAction\",\"target\":[\"https:\\\/\\\/folhapopular.info\\\/index.php\\\/2024\\\/10\\\/11\\\/bilioteca-municipal-de-teutonia-tera-contacao-de-historias-no-sabado\\\/\"]}]},{\"@type\":\"ImageObject\",\"inLanguage\":\"pt-BR\",\"@id\":\"https:\\\/\\\/folhapopular.info\\\/index.php\\\/2024\\\/10\\\/11\\\/bilioteca-municipal-de-teutonia-tera-contacao-de-historias-no-sabado\\\/#primaryimage\",\"url\":\"https:\\\/\\\/folhapopular.info\\\/wp-content\\\/uploads\\\/2024\\\/04\\\/2024_04_09_Biblioteca-Arno-Sommer-sera-reaberta-no-Centro-Administrativo-4-scaled.jpg\",\"contentUrl\":\"https:\\\/\\\/folhapopular.info\\\/wp-content\\\/uploads\\\/2024\\\/04\\\/2024_04_09_Biblioteca-Arno-Sommer-sera-reaberta-no-Centro-Administrativo-4-scaled.jpg\",\"width\":2560,\"height\":1920,\"caption\":\"Cr\u00e9dito: Divulga\u00e7\u00e3o\\\/Ascom\"},{\"@type\":\"BreadcrumbList\",\"@id\":\"https:\\\/\\\/folhapopular.info\\\/index.php\\\/2024\\\/10\\\/11\\\/bilioteca-municipal-de-teutonia-tera-contacao-de-historias-no-sabado\\\/#breadcrumb\",\"itemListElement\":[{\"@type\":\"ListItem\",\"position\":1,\"name\":\"In\u00edcio\",\"item\":\"https:\\\/\\\/folhapopular.info\\\/\"},{\"@type\":\"ListItem\",\"position\":2,\"name\":\"Bilioteca Municipal de Teut\u00f4nia ter\u00e1 conta\u00e7\u00e3o de hist\u00f3rias no s\u00e1bado\"}]},{\"@type\":\"WebSite\",\"@id\":\"https:\\\/\\\/folhapopular.info\\\/#website\",\"url\":\"https:\\\/\\\/folhapopular.info\\\/\",\"name\":\"Folha Popular\",\"description\":\"Onde voc\u00ea tem vez e voz\",\"potentialAction\":[{\"@type\":\"SearchAction\",\"target\":{\"@type\":\"EntryPoint\",\"urlTemplate\":\"https:\\\/\\\/folhapopular.info\\\/?s={search_term_string}\"},\"query-input\":{\"@type\":\"PropertyValueSpecification\",\"valueRequired\":true,\"valueName\":\"search_term_string\"}}],\"inLanguage\":\"pt-BR\"},{\"@type\":\"Person\",\"@id\":\"https:\\\/\\\/folhapopular.info\\\/#\\\/schema\\\/person\\\/52b95b9c1c41ec0e826e7518183d0cc0\",\"name\":\"Let\u00edcia Echer\",\"image\":{\"@type\":\"ImageObject\",\"inLanguage\":\"pt-BR\",\"@id\":\"https:\\\/\\\/secure.gravatar.com\\\/avatar\\\/303201b45d8f4e048c95808925ff8953fa7ebc0e52cb5b3af1fc9e3d52c95645?s=96&d=mm&r=g\",\"url\":\"https:\\\/\\\/secure.gravatar.com\\\/avatar\\\/303201b45d8f4e048c95808925ff8953fa7ebc0e52cb5b3af1fc9e3d52c95645?s=96&d=mm&r=g\",\"contentUrl\":\"https:\\\/\\\/secure.gravatar.com\\\/avatar\\\/303201b45d8f4e048c95808925ff8953fa7ebc0e52cb5b3af1fc9e3d52c95645?s=96&d=mm&r=g\",\"caption\":\"Let\u00edcia Echer\"},\"url\":\"https:\\\/\\\/folhapopular.info\\\/index.php\\\/author\\\/leticiaecher04gmail-com\\\/\"}]}<\/script>\n<!-- \/ Yoast SEO plugin. -->","yoast_head_json":{"title":"Bilioteca Municipal de Teut\u00f4nia ter\u00e1 conta\u00e7\u00e3o de hist\u00f3rias no s\u00e1bado - Folha Popular","robots":{"index":"index","follow":"follow","max-snippet":"max-snippet:-1","max-image-preview":"max-image-preview:large","max-video-preview":"max-video-preview:-1"},"canonical":"https:\/\/folhapopular.info\/index.php\/2024\/10\/11\/bilioteca-municipal-de-teutonia-tera-contacao-de-historias-no-sabado\/","og_locale":"pt_BR","og_type":"article","og_title":"Bilioteca Municipal de Teut\u00f4nia ter\u00e1 conta\u00e7\u00e3o de hist\u00f3rias no s\u00e1bado - Folha Popular","og_description":"Neste s\u00e1bado (12\/10), a Prefeitura de Teut\u00f4nia promove a primeira Conta\u00e7\u00e3o de Hist\u00f3rias Conto &amp; Encanto no munic\u00edpio. A atividade ser\u00e1 realizada na Biblioteca P\u00fablica Municipal Professor Arno Sommer, em frente ao Museu Henrique Uebel das 14h \u00e0s 16h. A programa\u00e7\u00e3o acontece em conjunto ao Dia das Crian\u00e7as das Escolas Comunit\u00e1rias de Teut\u00f4nia. A comunidade [&hellip;]","og_url":"https:\/\/folhapopular.info\/index.php\/2024\/10\/11\/bilioteca-municipal-de-teutonia-tera-contacao-de-historias-no-sabado\/","og_site_name":"Folha Popular","article_published_time":"2024-10-11T13:05:46+00:00","article_modified_time":"2024-10-11T13:06:22+00:00","og_image":[{"width":2560,"height":1920,"url":"http:\/\/folhapopular.info\/wp-content\/uploads\/2024\/04\/2024_04_09_Biblioteca-Arno-Sommer-sera-reaberta-no-Centro-Administrativo-4-scaled.jpg","type":"image\/jpeg"}],"author":"Let\u00edcia Echer","twitter_card":"summary_large_image","twitter_misc":{"Escrito por":"Let\u00edcia Echer","Est. tempo de leitura":"1 minuto"},"schema":{"@context":"https:\/\/schema.org","@graph":[{"@type":"Article","@id":"https:\/\/folhapopular.info\/index.php\/2024\/10\/11\/bilioteca-municipal-de-teutonia-tera-contacao-de-historias-no-sabado\/#article","isPartOf":{"@id":"https:\/\/folhapopular.info\/index.php\/2024\/10\/11\/bilioteca-municipal-de-teutonia-tera-contacao-de-historias-no-sabado\/"},"author":{"name":"Let\u00edcia Echer","@id":"https:\/\/folhapopular.info\/#\/schema\/person\/52b95b9c1c41ec0e826e7518183d0cc0"},"headline":"Bilioteca Municipal de Teut\u00f4nia ter\u00e1 conta\u00e7\u00e3o de hist\u00f3rias no s\u00e1bado","datePublished":"2024-10-11T13:05:46+00:00","dateModified":"2024-10-11T13:06:22+00:00","mainEntityOfPage":{"@id":"https:\/\/folhapopular.info\/index.php\/2024\/10\/11\/bilioteca-municipal-de-teutonia-tera-contacao-de-historias-no-sabado\/"},"wordCount":153,"commentCount":0,"image":{"@id":"https:\/\/folhapopular.info\/index.php\/2024\/10\/11\/bilioteca-municipal-de-teutonia-tera-contacao-de-historias-no-sabado\/#primaryimage"},"thumbnailUrl":"https:\/\/folhapopular.info\/wp-content\/uploads\/2024\/04\/2024_04_09_Biblioteca-Arno-Sommer-sera-reaberta-no-Centro-Administrativo-4-scaled.jpg","keywords":["Biblioteca Municipal de Teut\u00f4nia","Biblioteca Professor Arno Sommer","Dia das Crian\u00e7as"],"articleSection":["Destaques","Geral"],"inLanguage":"pt-BR","potentialAction":[{"@type":"CommentAction","name":"Comment","target":["https:\/\/folhapopular.info\/index.php\/2024\/10\/11\/bilioteca-municipal-de-teutonia-tera-contacao-de-historias-no-sabado\/#respond"]}]},{"@type":"WebPage","@id":"https:\/\/folhapopular.info\/index.php\/2024\/10\/11\/bilioteca-municipal-de-teutonia-tera-contacao-de-historias-no-sabado\/","url":"https:\/\/folhapopular.info\/index.php\/2024\/10\/11\/bilioteca-municipal-de-teutonia-tera-contacao-de-historias-no-sabado\/","name":"Bilioteca Municipal de Teut\u00f4nia ter\u00e1 conta\u00e7\u00e3o de hist\u00f3rias no s\u00e1bado - Folha Popular","isPartOf":{"@id":"https:\/\/folhapopular.info\/#website"},"primaryImageOfPage":{"@id":"https:\/\/folhapopular.info\/index.php\/2024\/10\/11\/bilioteca-municipal-de-teutonia-tera-contacao-de-historias-no-sabado\/#primaryimage"},"image":{"@id":"https:\/\/folhapopular.info\/index.php\/2024\/10\/11\/bilioteca-municipal-de-teutonia-tera-contacao-de-historias-no-sabado\/#primaryimage"},"thumbnailUrl":"https:\/\/folhapopular.info\/wp-content\/uploads\/2024\/04\/2024_04_09_Biblioteca-Arno-Sommer-sera-reaberta-no-Centro-Administrativo-4-scaled.jpg","datePublished":"2024-10-11T13:05:46+00:00","dateModified":"2024-10-11T13:06:22+00:00","author":{"@id":"https:\/\/folhapopular.info\/#\/schema\/person\/52b95b9c1c41ec0e826e7518183d0cc0"},"breadcrumb":{"@id":"https:\/\/folhapopular.info\/index.php\/2024\/10\/11\/bilioteca-municipal-de-teutonia-tera-contacao-de-historias-no-sabado\/#breadcrumb"},"inLanguage":"pt-BR","potentialAction":[{"@type":"ReadAction","target":["https:\/\/folhapopular.info\/index.php\/2024\/10\/11\/bilioteca-municipal-de-teutonia-tera-contacao-de-historias-no-sabado\/"]}]},{"@type":"ImageObject","inLanguage":"pt-BR","@id":"https:\/\/folhapopular.info\/index.php\/2024\/10\/11\/bilioteca-municipal-de-teutonia-tera-contacao-de-historias-no-sabado\/#primaryimage","url":"https:\/\/folhapopular.info\/wp-content\/uploads\/2024\/04\/2024_04_09_Biblioteca-Arno-Sommer-sera-reaberta-no-Centro-Administrativo-4-scaled.jpg","contentUrl":"https:\/\/folhapopular.info\/wp-content\/uploads\/2024\/04\/2024_04_09_Biblioteca-Arno-Sommer-sera-reaberta-no-Centro-Administrativo-4-scaled.jpg","width":2560,"height":1920,"caption":"Cr\u00e9dito: Divulga\u00e7\u00e3o\/Ascom"},{"@type":"BreadcrumbList","@id":"https:\/\/folhapopular.info\/index.php\/2024\/10\/11\/bilioteca-municipal-de-teutonia-tera-contacao-de-historias-no-sabado\/#breadcrumb","itemListElement":[{"@type":"ListItem","position":1,"name":"In\u00edcio","item":"https:\/\/folhapopular.info\/"},{"@type":"ListItem","position":2,"name":"Bilioteca Municipal de Teut\u00f4nia ter\u00e1 conta\u00e7\u00e3o de hist\u00f3rias no s\u00e1bado"}]},{"@type":"WebSite","@id":"https:\/\/folhapopular.info\/#website","url":"https:\/\/folhapopular.info\/","name":"Folha Popular","description":"Onde voc\u00ea tem vez e voz","potentialAction":[{"@type":"SearchAction","target":{"@type":"EntryPoint","urlTemplate":"https:\/\/folhapopular.info\/?s={search_term_string}"},"query-input":{"@type":"PropertyValueSpecification","valueRequired":true,"valueName":"search_term_string"}}],"inLanguage":"pt-BR"},{"@type":"Person","@id":"https:\/\/folhapopular.info\/#\/schema\/person\/52b95b9c1c41ec0e826e7518183d0cc0","name":"Let\u00edcia Echer","image":{"@type":"ImageObject","inLanguage":"pt-BR","@id":"https:\/\/secure.gravatar.com\/avatar\/303201b45d8f4e048c95808925ff8953fa7ebc0e52cb5b3af1fc9e3d52c95645?s=96&d=mm&r=g","url":"https:\/\/secure.gravatar.com\/avatar\/303201b45d8f4e048c95808925ff8953fa7ebc0e52cb5b3af1fc9e3d52c95645?s=96&d=mm&r=g","contentUrl":"https:\/\/secure.gravatar.com\/avatar\/303201b45d8f4e048c95808925ff8953fa7ebc0e52cb5b3af1fc9e3d52c95645?s=96&d=mm&r=g","caption":"Let\u00edcia Echer"},"url":"https:\/\/folhapopular.info\/index.php\/author\/leticiaecher04gmail-com\/"}]}},"jetpack_featured_media_url":"https:\/\/folhapopular.info\/wp-content\/uploads\/2024\/04\/2024_04_09_Biblioteca-Arno-Sommer-sera-reaberta-no-Centro-Administrativo-4-scaled.jpg","jetpack_sharing_enabled":true,"amp_enabled":true,"_links":{"self":[{"href":"https:\/\/folhapopular.info\/index.php\/wp-json\/wp\/v2\/posts\/171483","targetHints":{"allow":["GET"]}}],"collection":[{"href":"https:\/\/folhapopular.info\/index.php\/wp-json\/wp\/v2\/posts"}],"about":[{"href":"https:\/\/folhapopular.info\/index.php\/wp-json\/wp\/v2\/types\/post"}],"author":[{"embeddable":true,"href":"https:\/\/folhapopular.info\/index.php\/wp-json\/wp\/v2\/users\/673"}],"replies":[{"embeddable":true,"href":"https:\/\/folhapopular.info\/index.php\/wp-json\/wp\/v2\/comments?post=171483"}],"version-history":[{"count":0,"href":"https:\/\/folhapopular.info\/index.php\/wp-json\/wp\/v2\/posts\/171483\/revisions"}],"wp:featuredmedia":[{"embeddable":true,"href":"https:\/\/folhapopular.info\/index.php\/wp-json\/wp\/v2\/media\/155108"}],"wp:attachment":[{"href":"https:\/\/folhapopular.info\/index.php\/wp-json\/wp\/v2\/media?parent=171483"}],"wp:term":[{"taxonomy":"category","embeddable":true,"href":"https:\/\/folhapopular.info\/index.php\/wp-json\/wp\/v2\/categories?post=171483"},{"taxonomy":"post_tag","embeddable":true,"href":"https:\/\/folhapopular.info\/index.php\/wp-json\/wp\/v2\/tags?post=171483"}],"curies":[{"name":"wp","href":"https:\/\/api.w.org\/{rel}","templated":true}]}}