{"id":171501,"date":"2024-10-11T10:35:18","date_gmt":"2024-10-11T13:35:18","guid":{"rendered":"https:\/\/folhapopular.info\/?p=171501"},"modified":"2024-10-11T10:35:23","modified_gmt":"2024-10-11T13:35:23","slug":"arvores-mortas-pela-enchente-e-com-risco-de-queda-tem-licenca-emitida-para-supressao-em-lajeado","status":"publish","type":"post","link":"https:\/\/folhapopular.info\/index.php\/2024\/10\/11\/arvores-mortas-pela-enchente-e-com-risco-de-queda-tem-licenca-emitida-para-supressao-em-lajeado\/","title":{"rendered":"\u00c1rvores mortas pela enchente e com risco de queda tem licen\u00e7a emitida para supress\u00e3o em Lajeado"},"content":{"rendered":"\n<p>A Prefeitura de Lajeado, por meio das secretarias do Meio Ambiente, Saneamento e Sustentabilidade (Sema) e de Obras e Servi\u00e7os Urbanos (Sosur), agir\u00e1 de forma preventiva e far\u00e1 a supress\u00e3o e poda de \u00e1rvores danificadas ou mortas nas cal\u00e7adas de passeio da avenida D\u00e9cio Martins Costa e no Parque Professor Theobaldo Dick. A supress\u00e3o ocorre devido \u00e0s \u00e1rvores terem morrido durante a cheia de maio e oferecerem risco \u00e0s pessoas que frequentam os espa\u00e7os p\u00fablicos.<\/p>\n\n\n\n<p>Os exemplares a serem suprimidos na avenida D\u00e9cio Martins Costa s\u00e3o cinco das esp\u00e9cies Aroeiras-piriquitas e uma Canela-de-cheiro. Outros tr\u00eas exemplares de Aroeiras-piriquitas ser\u00e3o podados. Como medida compensat\u00f3ria, ser\u00e3o plantadas seis mudas de esp\u00e9cies florestais.<\/p>\n\n\n\n<p>J\u00e1 no Parque Professor Theobaldo Dick s\u00e3o 45 \u00e1rvores mortas que ser\u00e3o retiradas.&nbsp;Como medida compensat\u00f3ria, ser\u00e3o plantadas 50 mudas de esp\u00e9cies florestais.<\/p>\n\n\n\n<p>As supress\u00f5es e as podas ser\u00e3o realizadas pela Sosur, amparadas pelos pareceres t\u00e9cnicos emitidos pela SEMA n\u00ba 104-04\/2024, 097-04\/2024 e 098-04\/2024.<\/p>\n","protected":false},"excerpt":{"rendered":"<p>A Prefeitura de Lajeado, por meio das secretarias do Meio Ambiente, Saneamento e Sustentabilidade (Sema) e de Obras e Servi\u00e7os Urbanos (Sosur), agir\u00e1 de forma preventiva e far\u00e1 a supress\u00e3o e poda de \u00e1rvores danificadas ou mortas nas cal\u00e7adas de passeio da avenida D\u00e9cio Martins Costa e no Parque Professor Theobaldo Dick. A supress\u00e3o ocorre [&hellip;]<\/p>\n","protected":false},"author":8,"featured_media":148189,"comment_status":"open","ping_status":"open","sticky":false,"template":"","format":"standard","meta":{"pmpro_default_level":"","_jetpack_memberships_contains_paid_content":false,"footnotes":""},"categories":[3,11025],"tags":[16560,16562,27,16563,16561],"class_list":{"0":"post-171501","1":"post","2":"type-post","3":"status-publish","4":"format-standard","5":"has-post-thumbnail","7":"category-geral","8":"category-meio-ambiente","9":"tag-arvores-mortas","10":"tag-atingidas-pela-enchente","11":"tag-lajeado","12":"tag-licenca-emitida-para-supressao","13":"tag-risco-de-queda","14":"pmpro-has-access"},"yoast_head":"<!-- This site is optimized with the Yoast SEO plugin v27.5 - https:\/\/yoast.com\/product\/yoast-seo-wordpress\/ -->\n<title>\u00c1rvores mortas pela enchente e com risco de queda tem licen\u00e7a emitida para supress\u00e3o em Lajeado - Folha Popular<\/title>\n<meta name=\"robots\" content=\"index, follow, max-snippet:-1, max-image-preview:large, max-video-preview:-1\" \/>\n<link rel=\"canonical\" href=\"https:\/\/folhapopular.info\/index.php\/2024\/10\/11\/arvores-mortas-pela-enchente-e-com-risco-de-queda-tem-licenca-emitida-para-supressao-em-lajeado\/\" \/>\n<meta property=\"og:locale\" content=\"pt_BR\" \/>\n<meta property=\"og:type\" content=\"article\" \/>\n<meta property=\"og:title\" content=\"\u00c1rvores mortas pela enchente e com risco de queda tem licen\u00e7a emitida para supress\u00e3o em Lajeado - Folha Popular\" \/>\n<meta property=\"og:description\" content=\"A Prefeitura de Lajeado, por meio das secretarias do Meio Ambiente, Saneamento e Sustentabilidade (Sema) e de Obras e Servi\u00e7os Urbanos (Sosur), agir\u00e1 de forma preventiva e far\u00e1 a supress\u00e3o e poda de \u00e1rvores danificadas ou mortas nas cal\u00e7adas de passeio da avenida D\u00e9cio Martins Costa e no Parque Professor Theobaldo Dick. A supress\u00e3o ocorre [&hellip;]\" \/>\n<meta property=\"og:url\" content=\"https:\/\/folhapopular.info\/index.php\/2024\/10\/11\/arvores-mortas-pela-enchente-e-com-risco-de-queda-tem-licenca-emitida-para-supressao-em-lajeado\/\" \/>\n<meta property=\"og:site_name\" content=\"Folha Popular\" \/>\n<meta property=\"article:published_time\" content=\"2024-10-11T13:35:18+00:00\" \/>\n<meta property=\"article:modified_time\" content=\"2024-10-11T13:35:23+00:00\" \/>\n<meta property=\"og:image\" content=\"http:\/\/folhapopular.info\/wp-content\/uploads\/2024\/01\/foto-abertura_DIV.jpeg\" \/>\n\t<meta property=\"og:image:width\" content=\"1280\" \/>\n\t<meta property=\"og:image:height\" content=\"960\" \/>\n\t<meta property=\"og:image:type\" content=\"image\/jpeg\" \/>\n<meta name=\"author\" content=\"Reda\u00e7\u00e3o Folha Popular\" \/>\n<meta name=\"twitter:card\" content=\"summary_large_image\" \/>\n<meta name=\"twitter:label1\" content=\"Escrito por\" \/>\n\t<meta name=\"twitter:data1\" content=\"Reda\u00e7\u00e3o Folha Popular\" \/>\n\t<meta name=\"twitter:label2\" content=\"Est. tempo de leitura\" \/>\n\t<meta name=\"twitter:data2\" content=\"2 minutos\" \/>\n<script type=\"application\/ld+json\" class=\"yoast-schema-graph\">{\"@context\":\"https:\\\/\\\/schema.org\",\"@graph\":[{\"@type\":\"Article\",\"@id\":\"https:\\\/\\\/folhapopular.info\\\/index.php\\\/2024\\\/10\\\/11\\\/arvores-mortas-pela-enchente-e-com-risco-de-queda-tem-licenca-emitida-para-supressao-em-lajeado\\\/#article\",\"isPartOf\":{\"@id\":\"https:\\\/\\\/folhapopular.info\\\/index.php\\\/2024\\\/10\\\/11\\\/arvores-mortas-pela-enchente-e-com-risco-de-queda-tem-licenca-emitida-para-supressao-em-lajeado\\\/\"},\"author\":{\"name\":\"Reda\u00e7\u00e3o Folha Popular\",\"@id\":\"https:\\\/\\\/folhapopular.info\\\/#\\\/schema\\\/person\\\/2814e8a0df7643585a9ca38bc6eb9d4b\"},\"headline\":\"\u00c1rvores mortas pela enchente e com risco de queda tem licen\u00e7a emitida para supress\u00e3o em Lajeado\",\"datePublished\":\"2024-10-11T13:35:18+00:00\",\"dateModified\":\"2024-10-11T13:35:23+00:00\",\"mainEntityOfPage\":{\"@id\":\"https:\\\/\\\/folhapopular.info\\\/index.php\\\/2024\\\/10\\\/11\\\/arvores-mortas-pela-enchente-e-com-risco-de-queda-tem-licenca-emitida-para-supressao-em-lajeado\\\/\"},\"wordCount\":194,\"commentCount\":0,\"image\":{\"@id\":\"https:\\\/\\\/folhapopular.info\\\/index.php\\\/2024\\\/10\\\/11\\\/arvores-mortas-pela-enchente-e-com-risco-de-queda-tem-licenca-emitida-para-supressao-em-lajeado\\\/#primaryimage\"},\"thumbnailUrl\":\"https:\\\/\\\/folhapopular.info\\\/wp-content\\\/uploads\\\/2024\\\/01\\\/foto-abertura_DIV.jpeg\",\"keywords\":[\"\u00c1rvores mortas\",\"atingidas pela enchente\",\"Lajeado\",\"Licen\u00e7a emitida para supress\u00e3o\",\"Risco de queda\"],\"articleSection\":[\"Geral\",\"Meio Ambiente\"],\"inLanguage\":\"pt-BR\",\"potentialAction\":[{\"@type\":\"CommentAction\",\"name\":\"Comment\",\"target\":[\"https:\\\/\\\/folhapopular.info\\\/index.php\\\/2024\\\/10\\\/11\\\/arvores-mortas-pela-enchente-e-com-risco-de-queda-tem-licenca-emitida-para-supressao-em-lajeado\\\/#respond\"]}]},{\"@type\":\"WebPage\",\"@id\":\"https:\\\/\\\/folhapopular.info\\\/index.php\\\/2024\\\/10\\\/11\\\/arvores-mortas-pela-enchente-e-com-risco-de-queda-tem-licenca-emitida-para-supressao-em-lajeado\\\/\",\"url\":\"https:\\\/\\\/folhapopular.info\\\/index.php\\\/2024\\\/10\\\/11\\\/arvores-mortas-pela-enchente-e-com-risco-de-queda-tem-licenca-emitida-para-supressao-em-lajeado\\\/\",\"name\":\"\u00c1rvores mortas pela enchente e com risco de queda tem licen\u00e7a emitida para supress\u00e3o em Lajeado - Folha Popular\",\"isPartOf\":{\"@id\":\"https:\\\/\\\/folhapopular.info\\\/#website\"},\"primaryImageOfPage\":{\"@id\":\"https:\\\/\\\/folhapopular.info\\\/index.php\\\/2024\\\/10\\\/11\\\/arvores-mortas-pela-enchente-e-com-risco-de-queda-tem-licenca-emitida-para-supressao-em-lajeado\\\/#primaryimage\"},\"image\":{\"@id\":\"https:\\\/\\\/folhapopular.info\\\/index.php\\\/2024\\\/10\\\/11\\\/arvores-mortas-pela-enchente-e-com-risco-de-queda-tem-licenca-emitida-para-supressao-em-lajeado\\\/#primaryimage\"},\"thumbnailUrl\":\"https:\\\/\\\/folhapopular.info\\\/wp-content\\\/uploads\\\/2024\\\/01\\\/foto-abertura_DIV.jpeg\",\"datePublished\":\"2024-10-11T13:35:18+00:00\",\"dateModified\":\"2024-10-11T13:35:23+00:00\",\"author\":{\"@id\":\"https:\\\/\\\/folhapopular.info\\\/#\\\/schema\\\/person\\\/2814e8a0df7643585a9ca38bc6eb9d4b\"},\"breadcrumb\":{\"@id\":\"https:\\\/\\\/folhapopular.info\\\/index.php\\\/2024\\\/10\\\/11\\\/arvores-mortas-pela-enchente-e-com-risco-de-queda-tem-licenca-emitida-para-supressao-em-lajeado\\\/#breadcrumb\"},\"inLanguage\":\"pt-BR\",\"potentialAction\":[{\"@type\":\"ReadAction\",\"target\":[\"https:\\\/\\\/folhapopular.info\\\/index.php\\\/2024\\\/10\\\/11\\\/arvores-mortas-pela-enchente-e-com-risco-de-queda-tem-licenca-emitida-para-supressao-em-lajeado\\\/\"]}]},{\"@type\":\"ImageObject\",\"inLanguage\":\"pt-BR\",\"@id\":\"https:\\\/\\\/folhapopular.info\\\/index.php\\\/2024\\\/10\\\/11\\\/arvores-mortas-pela-enchente-e-com-risco-de-queda-tem-licenca-emitida-para-supressao-em-lajeado\\\/#primaryimage\",\"url\":\"https:\\\/\\\/folhapopular.info\\\/wp-content\\\/uploads\\\/2024\\\/01\\\/foto-abertura_DIV.jpeg\",\"contentUrl\":\"https:\\\/\\\/folhapopular.info\\\/wp-content\\\/uploads\\\/2024\\\/01\\\/foto-abertura_DIV.jpeg\",\"width\":1280,\"height\":960,\"caption\":\"Cr\u00e9dito: Divulga\u00e7\u00e3o\"},{\"@type\":\"BreadcrumbList\",\"@id\":\"https:\\\/\\\/folhapopular.info\\\/index.php\\\/2024\\\/10\\\/11\\\/arvores-mortas-pela-enchente-e-com-risco-de-queda-tem-licenca-emitida-para-supressao-em-lajeado\\\/#breadcrumb\",\"itemListElement\":[{\"@type\":\"ListItem\",\"position\":1,\"name\":\"In\u00edcio\",\"item\":\"https:\\\/\\\/folhapopular.info\\\/\"},{\"@type\":\"ListItem\",\"position\":2,\"name\":\"\u00c1rvores mortas pela enchente e com risco de queda tem licen\u00e7a emitida para supress\u00e3o em Lajeado\"}]},{\"@type\":\"WebSite\",\"@id\":\"https:\\\/\\\/folhapopular.info\\\/#website\",\"url\":\"https:\\\/\\\/folhapopular.info\\\/\",\"name\":\"Folha Popular\",\"description\":\"Onde voc\u00ea tem vez e voz\",\"potentialAction\":[{\"@type\":\"SearchAction\",\"target\":{\"@type\":\"EntryPoint\",\"urlTemplate\":\"https:\\\/\\\/folhapopular.info\\\/?s={search_term_string}\"},\"query-input\":{\"@type\":\"PropertyValueSpecification\",\"valueRequired\":true,\"valueName\":\"search_term_string\"}}],\"inLanguage\":\"pt-BR\"},{\"@type\":\"Person\",\"@id\":\"https:\\\/\\\/folhapopular.info\\\/#\\\/schema\\\/person\\\/2814e8a0df7643585a9ca38bc6eb9d4b\",\"name\":\"Reda\u00e7\u00e3o Folha Popular\",\"image\":{\"@type\":\"ImageObject\",\"inLanguage\":\"pt-BR\",\"@id\":\"https:\\\/\\\/folhapopular.info\\\/wp-content\\\/uploads\\\/2026\\\/04\\\/Folha-1.webp\",\"url\":\"https:\\\/\\\/folhapopular.info\\\/wp-content\\\/uploads\\\/2026\\\/04\\\/Folha-1.webp\",\"contentUrl\":\"https:\\\/\\\/folhapopular.info\\\/wp-content\\\/uploads\\\/2026\\\/04\\\/Folha-1.webp\",\"caption\":\"Reda\u00e7\u00e3o Folha Popular\"},\"url\":\"https:\\\/\\\/folhapopular.info\\\/index.php\\\/author\\\/redacao\\\/\"}]}<\/script>\n<!-- \/ Yoast SEO plugin. -->","yoast_head_json":{"title":"\u00c1rvores mortas pela enchente e com risco de queda tem licen\u00e7a emitida para supress\u00e3o em Lajeado - Folha Popular","robots":{"index":"index","follow":"follow","max-snippet":"max-snippet:-1","max-image-preview":"max-image-preview:large","max-video-preview":"max-video-preview:-1"},"canonical":"https:\/\/folhapopular.info\/index.php\/2024\/10\/11\/arvores-mortas-pela-enchente-e-com-risco-de-queda-tem-licenca-emitida-para-supressao-em-lajeado\/","og_locale":"pt_BR","og_type":"article","og_title":"\u00c1rvores mortas pela enchente e com risco de queda tem licen\u00e7a emitida para supress\u00e3o em Lajeado - Folha Popular","og_description":"A Prefeitura de Lajeado, por meio das secretarias do Meio Ambiente, Saneamento e Sustentabilidade (Sema) e de Obras e Servi\u00e7os Urbanos (Sosur), agir\u00e1 de forma preventiva e far\u00e1 a supress\u00e3o e poda de \u00e1rvores danificadas ou mortas nas cal\u00e7adas de passeio da avenida D\u00e9cio Martins Costa e no Parque Professor Theobaldo Dick. A supress\u00e3o ocorre [&hellip;]","og_url":"https:\/\/folhapopular.info\/index.php\/2024\/10\/11\/arvores-mortas-pela-enchente-e-com-risco-de-queda-tem-licenca-emitida-para-supressao-em-lajeado\/","og_site_name":"Folha Popular","article_published_time":"2024-10-11T13:35:18+00:00","article_modified_time":"2024-10-11T13:35:23+00:00","og_image":[{"width":1280,"height":960,"url":"http:\/\/folhapopular.info\/wp-content\/uploads\/2024\/01\/foto-abertura_DIV.jpeg","type":"image\/jpeg"}],"author":"Reda\u00e7\u00e3o Folha Popular","twitter_card":"summary_large_image","twitter_misc":{"Escrito por":"Reda\u00e7\u00e3o Folha Popular","Est. tempo de leitura":"2 minutos"},"schema":{"@context":"https:\/\/schema.org","@graph":[{"@type":"Article","@id":"https:\/\/folhapopular.info\/index.php\/2024\/10\/11\/arvores-mortas-pela-enchente-e-com-risco-de-queda-tem-licenca-emitida-para-supressao-em-lajeado\/#article","isPartOf":{"@id":"https:\/\/folhapopular.info\/index.php\/2024\/10\/11\/arvores-mortas-pela-enchente-e-com-risco-de-queda-tem-licenca-emitida-para-supressao-em-lajeado\/"},"author":{"name":"Reda\u00e7\u00e3o Folha Popular","@id":"https:\/\/folhapopular.info\/#\/schema\/person\/2814e8a0df7643585a9ca38bc6eb9d4b"},"headline":"\u00c1rvores mortas pela enchente e com risco de queda tem licen\u00e7a emitida para supress\u00e3o em Lajeado","datePublished":"2024-10-11T13:35:18+00:00","dateModified":"2024-10-11T13:35:23+00:00","mainEntityOfPage":{"@id":"https:\/\/folhapopular.info\/index.php\/2024\/10\/11\/arvores-mortas-pela-enchente-e-com-risco-de-queda-tem-licenca-emitida-para-supressao-em-lajeado\/"},"wordCount":194,"commentCount":0,"image":{"@id":"https:\/\/folhapopular.info\/index.php\/2024\/10\/11\/arvores-mortas-pela-enchente-e-com-risco-de-queda-tem-licenca-emitida-para-supressao-em-lajeado\/#primaryimage"},"thumbnailUrl":"https:\/\/folhapopular.info\/wp-content\/uploads\/2024\/01\/foto-abertura_DIV.jpeg","keywords":["\u00c1rvores mortas","atingidas pela enchente","Lajeado","Licen\u00e7a emitida para supress\u00e3o","Risco de queda"],"articleSection":["Geral","Meio Ambiente"],"inLanguage":"pt-BR","potentialAction":[{"@type":"CommentAction","name":"Comment","target":["https:\/\/folhapopular.info\/index.php\/2024\/10\/11\/arvores-mortas-pela-enchente-e-com-risco-de-queda-tem-licenca-emitida-para-supressao-em-lajeado\/#respond"]}]},{"@type":"WebPage","@id":"https:\/\/folhapopular.info\/index.php\/2024\/10\/11\/arvores-mortas-pela-enchente-e-com-risco-de-queda-tem-licenca-emitida-para-supressao-em-lajeado\/","url":"https:\/\/folhapopular.info\/index.php\/2024\/10\/11\/arvores-mortas-pela-enchente-e-com-risco-de-queda-tem-licenca-emitida-para-supressao-em-lajeado\/","name":"\u00c1rvores mortas pela enchente e com risco de queda tem licen\u00e7a emitida para supress\u00e3o em Lajeado - Folha Popular","isPartOf":{"@id":"https:\/\/folhapopular.info\/#website"},"primaryImageOfPage":{"@id":"https:\/\/folhapopular.info\/index.php\/2024\/10\/11\/arvores-mortas-pela-enchente-e-com-risco-de-queda-tem-licenca-emitida-para-supressao-em-lajeado\/#primaryimage"},"image":{"@id":"https:\/\/folhapopular.info\/index.php\/2024\/10\/11\/arvores-mortas-pela-enchente-e-com-risco-de-queda-tem-licenca-emitida-para-supressao-em-lajeado\/#primaryimage"},"thumbnailUrl":"https:\/\/folhapopular.info\/wp-content\/uploads\/2024\/01\/foto-abertura_DIV.jpeg","datePublished":"2024-10-11T13:35:18+00:00","dateModified":"2024-10-11T13:35:23+00:00","author":{"@id":"https:\/\/folhapopular.info\/#\/schema\/person\/2814e8a0df7643585a9ca38bc6eb9d4b"},"breadcrumb":{"@id":"https:\/\/folhapopular.info\/index.php\/2024\/10\/11\/arvores-mortas-pela-enchente-e-com-risco-de-queda-tem-licenca-emitida-para-supressao-em-lajeado\/#breadcrumb"},"inLanguage":"pt-BR","potentialAction":[{"@type":"ReadAction","target":["https:\/\/folhapopular.info\/index.php\/2024\/10\/11\/arvores-mortas-pela-enchente-e-com-risco-de-queda-tem-licenca-emitida-para-supressao-em-lajeado\/"]}]},{"@type":"ImageObject","inLanguage":"pt-BR","@id":"https:\/\/folhapopular.info\/index.php\/2024\/10\/11\/arvores-mortas-pela-enchente-e-com-risco-de-queda-tem-licenca-emitida-para-supressao-em-lajeado\/#primaryimage","url":"https:\/\/folhapopular.info\/wp-content\/uploads\/2024\/01\/foto-abertura_DIV.jpeg","contentUrl":"https:\/\/folhapopular.info\/wp-content\/uploads\/2024\/01\/foto-abertura_DIV.jpeg","width":1280,"height":960,"caption":"Cr\u00e9dito: Divulga\u00e7\u00e3o"},{"@type":"BreadcrumbList","@id":"https:\/\/folhapopular.info\/index.php\/2024\/10\/11\/arvores-mortas-pela-enchente-e-com-risco-de-queda-tem-licenca-emitida-para-supressao-em-lajeado\/#breadcrumb","itemListElement":[{"@type":"ListItem","position":1,"name":"In\u00edcio","item":"https:\/\/folhapopular.info\/"},{"@type":"ListItem","position":2,"name":"\u00c1rvores mortas pela enchente e com risco de queda tem licen\u00e7a emitida para supress\u00e3o em Lajeado"}]},{"@type":"WebSite","@id":"https:\/\/folhapopular.info\/#website","url":"https:\/\/folhapopular.info\/","name":"Folha Popular","description":"Onde voc\u00ea tem vez e voz","potentialAction":[{"@type":"SearchAction","target":{"@type":"EntryPoint","urlTemplate":"https:\/\/folhapopular.info\/?s={search_term_string}"},"query-input":{"@type":"PropertyValueSpecification","valueRequired":true,"valueName":"search_term_string"}}],"inLanguage":"pt-BR"},{"@type":"Person","@id":"https:\/\/folhapopular.info\/#\/schema\/person\/2814e8a0df7643585a9ca38bc6eb9d4b","name":"Reda\u00e7\u00e3o Folha Popular","image":{"@type":"ImageObject","inLanguage":"pt-BR","@id":"https:\/\/folhapopular.info\/wp-content\/uploads\/2026\/04\/Folha-1.webp","url":"https:\/\/folhapopular.info\/wp-content\/uploads\/2026\/04\/Folha-1.webp","contentUrl":"https:\/\/folhapopular.info\/wp-content\/uploads\/2026\/04\/Folha-1.webp","caption":"Reda\u00e7\u00e3o Folha Popular"},"url":"https:\/\/folhapopular.info\/index.php\/author\/redacao\/"}]}},"jetpack_featured_media_url":"https:\/\/folhapopular.info\/wp-content\/uploads\/2024\/01\/foto-abertura_DIV.jpeg","jetpack_sharing_enabled":true,"amp_enabled":true,"_links":{"self":[{"href":"https:\/\/folhapopular.info\/index.php\/wp-json\/wp\/v2\/posts\/171501","targetHints":{"allow":["GET"]}}],"collection":[{"href":"https:\/\/folhapopular.info\/index.php\/wp-json\/wp\/v2\/posts"}],"about":[{"href":"https:\/\/folhapopular.info\/index.php\/wp-json\/wp\/v2\/types\/post"}],"author":[{"embeddable":true,"href":"https:\/\/folhapopular.info\/index.php\/wp-json\/wp\/v2\/users\/8"}],"replies":[{"embeddable":true,"href":"https:\/\/folhapopular.info\/index.php\/wp-json\/wp\/v2\/comments?post=171501"}],"version-history":[{"count":0,"href":"https:\/\/folhapopular.info\/index.php\/wp-json\/wp\/v2\/posts\/171501\/revisions"}],"wp:featuredmedia":[{"embeddable":true,"href":"https:\/\/folhapopular.info\/index.php\/wp-json\/wp\/v2\/media\/148189"}],"wp:attachment":[{"href":"https:\/\/folhapopular.info\/index.php\/wp-json\/wp\/v2\/media?parent=171501"}],"wp:term":[{"taxonomy":"category","embeddable":true,"href":"https:\/\/folhapopular.info\/index.php\/wp-json\/wp\/v2\/categories?post=171501"},{"taxonomy":"post_tag","embeddable":true,"href":"https:\/\/folhapopular.info\/index.php\/wp-json\/wp\/v2\/tags?post=171501"}],"curies":[{"name":"wp","href":"https:\/\/api.w.org\/{rel}","templated":true}]}}