{"id":171568,"date":"2024-10-11T15:31:57","date_gmt":"2024-10-11T18:31:57","guid":{"rendered":"https:\/\/folhapopular.info\/?p=171568"},"modified":"2024-10-11T15:32:00","modified_gmt":"2024-10-11T18:32:00","slug":"prefeitura-de-lajeado-realiza-processo-seletivo-para-contratacao-de-15-estagiarios","status":"publish","type":"post","link":"https:\/\/folhapopular.info\/index.php\/2024\/10\/11\/prefeitura-de-lajeado-realiza-processo-seletivo-para-contratacao-de-15-estagiarios\/","title":{"rendered":"Prefeitura de Lajeado realiza processo seletivo para contrata\u00e7\u00e3o de 15 estagi\u00e1rios"},"content":{"rendered":"\n<p>A Prefeitura de Lajeado e o Centro de Integra\u00e7\u00e3o Empresa Escola (CIEE\/RS) realizam processo seletivo para a contrata\u00e7\u00e3o de estagi\u00e1rios. A sele\u00e7\u00e3o ocorre por meio de prova on-line, e as inscri\u00e7\u00f5es devem ser realizadas, exclusivamente pela internet, at\u00e9 o dia 14 de outubro,\u00a0neste<a href=\"https:\/\/www.cieers.org.br\/estudante\/processosSeletivos\" target=\"_blank\" rel=\"noreferrer noopener\"> link<\/a>.<\/p>\n\n\n\n<p>O processo seletivo ocorre para o preenchimento de 15 vagas e para a forma\u00e7\u00e3o de cadastro de reserva para estudantes de n\u00edvel superior (p\u00f3s), superior, m\u00e9dio e t\u00e9cnico. Confira a lista de vagas dispon\u00edveis e o edital\u00a0clicando<a href=\"https:\/\/www.cieers.org.br\/download\/portal\/processoSeletivo\/1384_1_EDITAL%20LAJEADO%20042024.pdf\" target=\"_blank\" rel=\"noreferrer noopener\"> aqui<\/a>.<\/p>\n\n\n\n<p>O valor da bolsa-aux\u00edlio para 30 horas semanais varia entre R$ 897,78 a R$ 1.252,31. Caso a carga hor\u00e1ria a ser realizada pelo estagi\u00e1rio for menor, o pagamento ser\u00e1 proporcional. Tamb\u00e9m \u00e9 oferecido aux\u00edlio-transporte de R$ 243,47 para atividades realizadas em dois turnos e de R$ 121,72 para atividades em apenas um turno.<\/p>\n\n\n\n<p>Os candidatos devem ter 16 anos completos at\u00e9 a data final das inscri\u00e7\u00f5es.<\/p>\n\n\n\n<p><strong>Prova e sele\u00e7\u00e3o<\/strong><\/p>\n\n\n\n<p>O processo seletivo ocorre por meio de prova te\u00f3rico-objetiva com 20 quest\u00f5es de m\u00faltipla escolha no dia 18\/10 (sexta-feira), \u00e0s 19h30. O candidato ter\u00e1 at\u00e9 60 minutos para realizar a prova, que ser\u00e1 aplicada de forma on-line, no portal do CIEE-RS, na internet. O candidato deve ter cadastro ativo no portal e estar com a inscri\u00e7\u00e3o homologada no Processo Seletivo de Estagi\u00e1rios.<\/p>\n\n\n\n<p>O acesso \u00e0 prova deve ser por um computador (desktop, notebook, etc.) que tenha como navegador Microsoft Edge ou Google Chrome. N\u00e3o \u00e9 poss\u00edvel realizar a prova por meio de smartphone. A prova ser\u00e1 de m\u00faltipla escolha com 5 quest\u00f5es de cada conte\u00fado, sendo eles L\u00edngua Portuguesa, Conhecimentos Gerais, Matem\u00e1tica e Inform\u00e1tica.<\/p>\n\n\n\n<p>A prova ser\u00e1 aplicada no dia 18\/10, das 19h30 \u00e0s 20h30, no hor\u00e1rio de Bras\u00edlia.<\/p>\n\n\n\n<p>Confira o edital completo\u00a0clicando<a href=\"https:\/\/www.cieers.org.br\/download\/portal\/processoSeletivo\/1384_1_EDITAL%20LAJEADO%20042024.pdf\" target=\"_blank\" rel=\"noreferrer noopener\"> aqui<\/a>.<\/p>\n\n\n\n<p><strong>Cursos com sele\u00e7\u00e3o<\/strong><\/p>\n\n\n\n<p><strong>P\u00f3s-gradua\u00e7\u00e3o<\/strong><\/p>\n\n\n\n<p>&#8211; \u00c1reas do Direito<\/p>\n\n\n\n<p>&#8211; \u00c1reas da Educa\u00e7\u00e3o<\/p>\n\n\n\n<p><strong>Ensino Superior<\/strong><\/p>\n\n\n\n<p>&#8211; Administra\u00e7\u00e3o\/Administra\u00e7\u00e3o P\u00fablica<\/p>\n\n\n\n<p>&#8211; Arquitetura e Urbanismo<\/p>\n\n\n\n<p>&#8211; Artes visuais<\/p>\n\n\n\n<p>&#8211; Biomedicina<\/p>\n\n\n\n<p>&#8211; Biblioteconomia<\/p>\n\n\n\n<p>&#8211; Ci\u00eancias Biol\u00f3gicas &#8211; Bacharelado<\/p>\n\n\n\n<p>&#8211; Ci\u00eancias Biol\u00f3gicas &#8211; Licenciatura<\/p>\n\n\n\n<p>&#8211; Ci\u00eancias Cont\u00e1beis<\/p>\n\n\n\n<p>&#8211; Direito<\/p>\n\n\n\n<p>&#8211; Comunica\u00e7\u00e3o Social &#8211; Jornalismo<\/p>\n\n\n\n<p>&#8211; Engenharia Ambiental<\/p>\n\n\n\n<p>&#8211; Engenharia Ambiental e Sanit\u00e1ria<\/p>\n\n\n\n<p>&#8211; Engenharia Civil<\/p>\n\n\n\n<p>&#8211; Engenharia de Software<\/p>\n\n\n\n<p>&#8211; Engenharia El\u00e9trica<\/p>\n\n\n\n<p>&#8211; Enfermagem<\/p>\n\n\n\n<p>&#8211; Educa\u00e7\u00e3o Especial<\/p>\n\n\n\n<p>&#8211; Educa\u00e7\u00e3o F\u00edsica &#8211; Licenciatura<\/p>\n\n\n\n<p>&#8211; Farm\u00e1cia<\/p>\n\n\n\n<p>&#8211; Gest\u00e3o Ambiental<\/p>\n\n\n\n<p>&#8211; Geografia<\/p>\n\n\n\n<p>&#8211; Hist\u00f3ria<\/p>\n\n\n\n<p>&#8211; Letras<\/p>\n\n\n\n<p>&#8211; Marketing<\/p>\n\n\n\n<p>&#8211; Matem\u00e1tica<\/p>\n\n\n\n<p>&#8211; Nutri\u00e7\u00e3o<\/p>\n\n\n\n<p>&#8211; Pedagogia<\/p>\n\n\n\n<p>&#8211; Processos Gerenciais<\/p>\n\n\n\n<p>&#8211; Psicopedagogia<\/p>\n\n\n\n<p>&#8211; Psicologia<\/p>\n\n\n\n<p>&#8211; Rela\u00e7\u00f5es Internacionais<\/p>\n\n\n\n<p>&#8211; Servi\u00e7o Social<\/p>\n\n\n\n<p>&#8211; Superior Sequencial em Magist\u00e9rio<\/p>\n\n\n\n<p><strong>T\u00e9cnico<\/strong><\/p>\n\n\n\n<p>&#8211; T\u00e9cnico em Administra\u00e7\u00e3o<\/p>\n\n\n\n<p>&#8211; T\u00e9cnico em Edifica\u00e7\u00f5es<\/p>\n\n\n\n<p>&#8211; T\u00e9cnico em Enfermagem<\/p>\n\n\n\n<p>&#8211; T\u00e9cnico em Publicidade<\/p>\n\n\n\n<p>&#8211; T\u00e9cnico em Servi\u00e7os Jur\u00eddicos<\/p>\n\n\n\n<p>&#8211; T\u00e9cnico em TI<\/p>\n\n\n\n<p><strong>M\u00e9dio<\/strong><\/p>\n\n\n\n<p>&#8211; Normal<\/p>\n\n\n\n<p>&#8211; Ensino M\u00e9dio<\/p>\n","protected":false},"excerpt":{"rendered":"<p>A Prefeitura de Lajeado e o Centro de Integra\u00e7\u00e3o Empresa Escola (CIEE\/RS) realizam processo seletivo para a contrata\u00e7\u00e3o de estagi\u00e1rios. A sele\u00e7\u00e3o ocorre por meio de prova on-line, e as inscri\u00e7\u00f5es devem ser realizadas, exclusivamente pela internet, at\u00e9 o dia 14 de outubro,\u00a0neste link. O processo seletivo ocorre para o preenchimento de 15 vagas e [&hellip;]<\/p>\n","protected":false},"author":8,"featured_media":166503,"comment_status":"open","ping_status":"open","sticky":false,"template":"","format":"standard","meta":{"pmpro_default_level":"","_jetpack_memberships_contains_paid_content":false,"footnotes":""},"categories":[3,12041,11091],"tags":[2095,27],"class_list":{"0":"post-171568","1":"post","2":"type-post","3":"status-publish","4":"format-standard","5":"has-post-thumbnail","7":"category-geral","8":"category-oportunidades","9":"category-servicos","10":"tag-contratacao","11":"tag-lajeado","12":"pmpro-has-access"},"yoast_head":"<!-- This site is optimized with the Yoast SEO plugin v27.5 - https:\/\/yoast.com\/product\/yoast-seo-wordpress\/ -->\n<title>Prefeitura de Lajeado realiza processo seletivo para contrata\u00e7\u00e3o de 15 estagi\u00e1rios - Folha Popular<\/title>\n<meta name=\"robots\" content=\"index, follow, max-snippet:-1, max-image-preview:large, max-video-preview:-1\" \/>\n<link rel=\"canonical\" href=\"https:\/\/folhapopular.info\/index.php\/2024\/10\/11\/prefeitura-de-lajeado-realiza-processo-seletivo-para-contratacao-de-15-estagiarios\/\" \/>\n<meta property=\"og:locale\" content=\"pt_BR\" \/>\n<meta property=\"og:type\" content=\"article\" \/>\n<meta property=\"og:title\" content=\"Prefeitura de Lajeado realiza processo seletivo para contrata\u00e7\u00e3o de 15 estagi\u00e1rios - Folha Popular\" \/>\n<meta property=\"og:description\" content=\"A Prefeitura de Lajeado e o Centro de Integra\u00e7\u00e3o Empresa Escola (CIEE\/RS) realizam processo seletivo para a contrata\u00e7\u00e3o de estagi\u00e1rios. A sele\u00e7\u00e3o ocorre por meio de prova on-line, e as inscri\u00e7\u00f5es devem ser realizadas, exclusivamente pela internet, at\u00e9 o dia 14 de outubro,\u00a0neste link. O processo seletivo ocorre para o preenchimento de 15 vagas e [&hellip;]\" \/>\n<meta property=\"og:url\" content=\"https:\/\/folhapopular.info\/index.php\/2024\/10\/11\/prefeitura-de-lajeado-realiza-processo-seletivo-para-contratacao-de-15-estagiarios\/\" \/>\n<meta property=\"og:site_name\" content=\"Folha Popular\" \/>\n<meta property=\"article:published_time\" content=\"2024-10-11T18:31:57+00:00\" \/>\n<meta property=\"article:modified_time\" content=\"2024-10-11T18:32:00+00:00\" \/>\n<meta property=\"og:image\" content=\"http:\/\/folhapopular.info\/wp-content\/uploads\/2024\/08\/Lajeado2_63d2760e41187.jpg\" \/>\n\t<meta property=\"og:image:width\" content=\"1024\" \/>\n\t<meta property=\"og:image:height\" content=\"682\" \/>\n\t<meta property=\"og:image:type\" content=\"image\/jpeg\" \/>\n<meta name=\"author\" content=\"Reda\u00e7\u00e3o Folha Popular\" \/>\n<meta name=\"twitter:card\" content=\"summary_large_image\" \/>\n<meta name=\"twitter:label1\" content=\"Escrito por\" \/>\n\t<meta name=\"twitter:data1\" content=\"Reda\u00e7\u00e3o Folha Popular\" \/>\n\t<meta name=\"twitter:label2\" content=\"Est. tempo de leitura\" \/>\n\t<meta name=\"twitter:data2\" content=\"3 minutos\" \/>\n<script type=\"application\/ld+json\" class=\"yoast-schema-graph\">{\"@context\":\"https:\\\/\\\/schema.org\",\"@graph\":[{\"@type\":\"Article\",\"@id\":\"https:\\\/\\\/folhapopular.info\\\/index.php\\\/2024\\\/10\\\/11\\\/prefeitura-de-lajeado-realiza-processo-seletivo-para-contratacao-de-15-estagiarios\\\/#article\",\"isPartOf\":{\"@id\":\"https:\\\/\\\/folhapopular.info\\\/index.php\\\/2024\\\/10\\\/11\\\/prefeitura-de-lajeado-realiza-processo-seletivo-para-contratacao-de-15-estagiarios\\\/\"},\"author\":{\"name\":\"Reda\u00e7\u00e3o Folha Popular\",\"@id\":\"https:\\\/\\\/folhapopular.info\\\/#\\\/schema\\\/person\\\/2814e8a0df7643585a9ca38bc6eb9d4b\"},\"headline\":\"Prefeitura de Lajeado realiza processo seletivo para contrata\u00e7\u00e3o de 15 estagi\u00e1rios\",\"datePublished\":\"2024-10-11T18:31:57+00:00\",\"dateModified\":\"2024-10-11T18:32:00+00:00\",\"mainEntityOfPage\":{\"@id\":\"https:\\\/\\\/folhapopular.info\\\/index.php\\\/2024\\\/10\\\/11\\\/prefeitura-de-lajeado-realiza-processo-seletivo-para-contratacao-de-15-estagiarios\\\/\"},\"wordCount\":504,\"commentCount\":0,\"image\":{\"@id\":\"https:\\\/\\\/folhapopular.info\\\/index.php\\\/2024\\\/10\\\/11\\\/prefeitura-de-lajeado-realiza-processo-seletivo-para-contratacao-de-15-estagiarios\\\/#primaryimage\"},\"thumbnailUrl\":\"https:\\\/\\\/folhapopular.info\\\/wp-content\\\/uploads\\\/2024\\\/08\\\/Lajeado2_63d2760e41187.jpg\",\"keywords\":[\"Contrata\u00e7\u00e3o\",\"Lajeado\"],\"articleSection\":[\"Geral\",\"Oportunidades\",\"Servi\u00e7os\"],\"inLanguage\":\"pt-BR\",\"potentialAction\":[{\"@type\":\"CommentAction\",\"name\":\"Comment\",\"target\":[\"https:\\\/\\\/folhapopular.info\\\/index.php\\\/2024\\\/10\\\/11\\\/prefeitura-de-lajeado-realiza-processo-seletivo-para-contratacao-de-15-estagiarios\\\/#respond\"]}]},{\"@type\":\"WebPage\",\"@id\":\"https:\\\/\\\/folhapopular.info\\\/index.php\\\/2024\\\/10\\\/11\\\/prefeitura-de-lajeado-realiza-processo-seletivo-para-contratacao-de-15-estagiarios\\\/\",\"url\":\"https:\\\/\\\/folhapopular.info\\\/index.php\\\/2024\\\/10\\\/11\\\/prefeitura-de-lajeado-realiza-processo-seletivo-para-contratacao-de-15-estagiarios\\\/\",\"name\":\"Prefeitura de Lajeado realiza processo seletivo para contrata\u00e7\u00e3o de 15 estagi\u00e1rios - Folha Popular\",\"isPartOf\":{\"@id\":\"https:\\\/\\\/folhapopular.info\\\/#website\"},\"primaryImageOfPage\":{\"@id\":\"https:\\\/\\\/folhapopular.info\\\/index.php\\\/2024\\\/10\\\/11\\\/prefeitura-de-lajeado-realiza-processo-seletivo-para-contratacao-de-15-estagiarios\\\/#primaryimage\"},\"image\":{\"@id\":\"https:\\\/\\\/folhapopular.info\\\/index.php\\\/2024\\\/10\\\/11\\\/prefeitura-de-lajeado-realiza-processo-seletivo-para-contratacao-de-15-estagiarios\\\/#primaryimage\"},\"thumbnailUrl\":\"https:\\\/\\\/folhapopular.info\\\/wp-content\\\/uploads\\\/2024\\\/08\\\/Lajeado2_63d2760e41187.jpg\",\"datePublished\":\"2024-10-11T18:31:57+00:00\",\"dateModified\":\"2024-10-11T18:32:00+00:00\",\"author\":{\"@id\":\"https:\\\/\\\/folhapopular.info\\\/#\\\/schema\\\/person\\\/2814e8a0df7643585a9ca38bc6eb9d4b\"},\"breadcrumb\":{\"@id\":\"https:\\\/\\\/folhapopular.info\\\/index.php\\\/2024\\\/10\\\/11\\\/prefeitura-de-lajeado-realiza-processo-seletivo-para-contratacao-de-15-estagiarios\\\/#breadcrumb\"},\"inLanguage\":\"pt-BR\",\"potentialAction\":[{\"@type\":\"ReadAction\",\"target\":[\"https:\\\/\\\/folhapopular.info\\\/index.php\\\/2024\\\/10\\\/11\\\/prefeitura-de-lajeado-realiza-processo-seletivo-para-contratacao-de-15-estagiarios\\\/\"]}]},{\"@type\":\"ImageObject\",\"inLanguage\":\"pt-BR\",\"@id\":\"https:\\\/\\\/folhapopular.info\\\/index.php\\\/2024\\\/10\\\/11\\\/prefeitura-de-lajeado-realiza-processo-seletivo-para-contratacao-de-15-estagiarios\\\/#primaryimage\",\"url\":\"https:\\\/\\\/folhapopular.info\\\/wp-content\\\/uploads\\\/2024\\\/08\\\/Lajeado2_63d2760e41187.jpg\",\"contentUrl\":\"https:\\\/\\\/folhapopular.info\\\/wp-content\\\/uploads\\\/2024\\\/08\\\/Lajeado2_63d2760e41187.jpg\",\"width\":1024,\"height\":682,\"caption\":\"Cr\u00e9dito: Divulga\u00e7\u00e3o\"},{\"@type\":\"BreadcrumbList\",\"@id\":\"https:\\\/\\\/folhapopular.info\\\/index.php\\\/2024\\\/10\\\/11\\\/prefeitura-de-lajeado-realiza-processo-seletivo-para-contratacao-de-15-estagiarios\\\/#breadcrumb\",\"itemListElement\":[{\"@type\":\"ListItem\",\"position\":1,\"name\":\"In\u00edcio\",\"item\":\"https:\\\/\\\/folhapopular.info\\\/\"},{\"@type\":\"ListItem\",\"position\":2,\"name\":\"Prefeitura de Lajeado realiza processo seletivo para contrata\u00e7\u00e3o de 15 estagi\u00e1rios\"}]},{\"@type\":\"WebSite\",\"@id\":\"https:\\\/\\\/folhapopular.info\\\/#website\",\"url\":\"https:\\\/\\\/folhapopular.info\\\/\",\"name\":\"Folha Popular\",\"description\":\"Onde voc\u00ea tem vez e voz\",\"potentialAction\":[{\"@type\":\"SearchAction\",\"target\":{\"@type\":\"EntryPoint\",\"urlTemplate\":\"https:\\\/\\\/folhapopular.info\\\/?s={search_term_string}\"},\"query-input\":{\"@type\":\"PropertyValueSpecification\",\"valueRequired\":true,\"valueName\":\"search_term_string\"}}],\"inLanguage\":\"pt-BR\"},{\"@type\":\"Person\",\"@id\":\"https:\\\/\\\/folhapopular.info\\\/#\\\/schema\\\/person\\\/2814e8a0df7643585a9ca38bc6eb9d4b\",\"name\":\"Reda\u00e7\u00e3o Folha Popular\",\"image\":{\"@type\":\"ImageObject\",\"inLanguage\":\"pt-BR\",\"@id\":\"https:\\\/\\\/folhapopular.info\\\/wp-content\\\/uploads\\\/2026\\\/04\\\/Folha-1.webp\",\"url\":\"https:\\\/\\\/folhapopular.info\\\/wp-content\\\/uploads\\\/2026\\\/04\\\/Folha-1.webp\",\"contentUrl\":\"https:\\\/\\\/folhapopular.info\\\/wp-content\\\/uploads\\\/2026\\\/04\\\/Folha-1.webp\",\"caption\":\"Reda\u00e7\u00e3o Folha Popular\"},\"url\":\"https:\\\/\\\/folhapopular.info\\\/index.php\\\/author\\\/redacao\\\/\"}]}<\/script>\n<!-- \/ Yoast SEO plugin. -->","yoast_head_json":{"title":"Prefeitura de Lajeado realiza processo seletivo para contrata\u00e7\u00e3o de 15 estagi\u00e1rios - Folha Popular","robots":{"index":"index","follow":"follow","max-snippet":"max-snippet:-1","max-image-preview":"max-image-preview:large","max-video-preview":"max-video-preview:-1"},"canonical":"https:\/\/folhapopular.info\/index.php\/2024\/10\/11\/prefeitura-de-lajeado-realiza-processo-seletivo-para-contratacao-de-15-estagiarios\/","og_locale":"pt_BR","og_type":"article","og_title":"Prefeitura de Lajeado realiza processo seletivo para contrata\u00e7\u00e3o de 15 estagi\u00e1rios - Folha Popular","og_description":"A Prefeitura de Lajeado e o Centro de Integra\u00e7\u00e3o Empresa Escola (CIEE\/RS) realizam processo seletivo para a contrata\u00e7\u00e3o de estagi\u00e1rios. A sele\u00e7\u00e3o ocorre por meio de prova on-line, e as inscri\u00e7\u00f5es devem ser realizadas, exclusivamente pela internet, at\u00e9 o dia 14 de outubro,\u00a0neste link. O processo seletivo ocorre para o preenchimento de 15 vagas e [&hellip;]","og_url":"https:\/\/folhapopular.info\/index.php\/2024\/10\/11\/prefeitura-de-lajeado-realiza-processo-seletivo-para-contratacao-de-15-estagiarios\/","og_site_name":"Folha Popular","article_published_time":"2024-10-11T18:31:57+00:00","article_modified_time":"2024-10-11T18:32:00+00:00","og_image":[{"width":1024,"height":682,"url":"http:\/\/folhapopular.info\/wp-content\/uploads\/2024\/08\/Lajeado2_63d2760e41187.jpg","type":"image\/jpeg"}],"author":"Reda\u00e7\u00e3o Folha Popular","twitter_card":"summary_large_image","twitter_misc":{"Escrito por":"Reda\u00e7\u00e3o Folha Popular","Est. tempo de leitura":"3 minutos"},"schema":{"@context":"https:\/\/schema.org","@graph":[{"@type":"Article","@id":"https:\/\/folhapopular.info\/index.php\/2024\/10\/11\/prefeitura-de-lajeado-realiza-processo-seletivo-para-contratacao-de-15-estagiarios\/#article","isPartOf":{"@id":"https:\/\/folhapopular.info\/index.php\/2024\/10\/11\/prefeitura-de-lajeado-realiza-processo-seletivo-para-contratacao-de-15-estagiarios\/"},"author":{"name":"Reda\u00e7\u00e3o Folha Popular","@id":"https:\/\/folhapopular.info\/#\/schema\/person\/2814e8a0df7643585a9ca38bc6eb9d4b"},"headline":"Prefeitura de Lajeado realiza processo seletivo para contrata\u00e7\u00e3o de 15 estagi\u00e1rios","datePublished":"2024-10-11T18:31:57+00:00","dateModified":"2024-10-11T18:32:00+00:00","mainEntityOfPage":{"@id":"https:\/\/folhapopular.info\/index.php\/2024\/10\/11\/prefeitura-de-lajeado-realiza-processo-seletivo-para-contratacao-de-15-estagiarios\/"},"wordCount":504,"commentCount":0,"image":{"@id":"https:\/\/folhapopular.info\/index.php\/2024\/10\/11\/prefeitura-de-lajeado-realiza-processo-seletivo-para-contratacao-de-15-estagiarios\/#primaryimage"},"thumbnailUrl":"https:\/\/folhapopular.info\/wp-content\/uploads\/2024\/08\/Lajeado2_63d2760e41187.jpg","keywords":["Contrata\u00e7\u00e3o","Lajeado"],"articleSection":["Geral","Oportunidades","Servi\u00e7os"],"inLanguage":"pt-BR","potentialAction":[{"@type":"CommentAction","name":"Comment","target":["https:\/\/folhapopular.info\/index.php\/2024\/10\/11\/prefeitura-de-lajeado-realiza-processo-seletivo-para-contratacao-de-15-estagiarios\/#respond"]}]},{"@type":"WebPage","@id":"https:\/\/folhapopular.info\/index.php\/2024\/10\/11\/prefeitura-de-lajeado-realiza-processo-seletivo-para-contratacao-de-15-estagiarios\/","url":"https:\/\/folhapopular.info\/index.php\/2024\/10\/11\/prefeitura-de-lajeado-realiza-processo-seletivo-para-contratacao-de-15-estagiarios\/","name":"Prefeitura de Lajeado realiza processo seletivo para contrata\u00e7\u00e3o de 15 estagi\u00e1rios - Folha Popular","isPartOf":{"@id":"https:\/\/folhapopular.info\/#website"},"primaryImageOfPage":{"@id":"https:\/\/folhapopular.info\/index.php\/2024\/10\/11\/prefeitura-de-lajeado-realiza-processo-seletivo-para-contratacao-de-15-estagiarios\/#primaryimage"},"image":{"@id":"https:\/\/folhapopular.info\/index.php\/2024\/10\/11\/prefeitura-de-lajeado-realiza-processo-seletivo-para-contratacao-de-15-estagiarios\/#primaryimage"},"thumbnailUrl":"https:\/\/folhapopular.info\/wp-content\/uploads\/2024\/08\/Lajeado2_63d2760e41187.jpg","datePublished":"2024-10-11T18:31:57+00:00","dateModified":"2024-10-11T18:32:00+00:00","author":{"@id":"https:\/\/folhapopular.info\/#\/schema\/person\/2814e8a0df7643585a9ca38bc6eb9d4b"},"breadcrumb":{"@id":"https:\/\/folhapopular.info\/index.php\/2024\/10\/11\/prefeitura-de-lajeado-realiza-processo-seletivo-para-contratacao-de-15-estagiarios\/#breadcrumb"},"inLanguage":"pt-BR","potentialAction":[{"@type":"ReadAction","target":["https:\/\/folhapopular.info\/index.php\/2024\/10\/11\/prefeitura-de-lajeado-realiza-processo-seletivo-para-contratacao-de-15-estagiarios\/"]}]},{"@type":"ImageObject","inLanguage":"pt-BR","@id":"https:\/\/folhapopular.info\/index.php\/2024\/10\/11\/prefeitura-de-lajeado-realiza-processo-seletivo-para-contratacao-de-15-estagiarios\/#primaryimage","url":"https:\/\/folhapopular.info\/wp-content\/uploads\/2024\/08\/Lajeado2_63d2760e41187.jpg","contentUrl":"https:\/\/folhapopular.info\/wp-content\/uploads\/2024\/08\/Lajeado2_63d2760e41187.jpg","width":1024,"height":682,"caption":"Cr\u00e9dito: Divulga\u00e7\u00e3o"},{"@type":"BreadcrumbList","@id":"https:\/\/folhapopular.info\/index.php\/2024\/10\/11\/prefeitura-de-lajeado-realiza-processo-seletivo-para-contratacao-de-15-estagiarios\/#breadcrumb","itemListElement":[{"@type":"ListItem","position":1,"name":"In\u00edcio","item":"https:\/\/folhapopular.info\/"},{"@type":"ListItem","position":2,"name":"Prefeitura de Lajeado realiza processo seletivo para contrata\u00e7\u00e3o de 15 estagi\u00e1rios"}]},{"@type":"WebSite","@id":"https:\/\/folhapopular.info\/#website","url":"https:\/\/folhapopular.info\/","name":"Folha Popular","description":"Onde voc\u00ea tem vez e voz","potentialAction":[{"@type":"SearchAction","target":{"@type":"EntryPoint","urlTemplate":"https:\/\/folhapopular.info\/?s={search_term_string}"},"query-input":{"@type":"PropertyValueSpecification","valueRequired":true,"valueName":"search_term_string"}}],"inLanguage":"pt-BR"},{"@type":"Person","@id":"https:\/\/folhapopular.info\/#\/schema\/person\/2814e8a0df7643585a9ca38bc6eb9d4b","name":"Reda\u00e7\u00e3o Folha Popular","image":{"@type":"ImageObject","inLanguage":"pt-BR","@id":"https:\/\/folhapopular.info\/wp-content\/uploads\/2026\/04\/Folha-1.webp","url":"https:\/\/folhapopular.info\/wp-content\/uploads\/2026\/04\/Folha-1.webp","contentUrl":"https:\/\/folhapopular.info\/wp-content\/uploads\/2026\/04\/Folha-1.webp","caption":"Reda\u00e7\u00e3o Folha Popular"},"url":"https:\/\/folhapopular.info\/index.php\/author\/redacao\/"}]}},"jetpack_featured_media_url":"https:\/\/folhapopular.info\/wp-content\/uploads\/2024\/08\/Lajeado2_63d2760e41187.jpg","jetpack_sharing_enabled":true,"amp_enabled":true,"_links":{"self":[{"href":"https:\/\/folhapopular.info\/index.php\/wp-json\/wp\/v2\/posts\/171568","targetHints":{"allow":["GET"]}}],"collection":[{"href":"https:\/\/folhapopular.info\/index.php\/wp-json\/wp\/v2\/posts"}],"about":[{"href":"https:\/\/folhapopular.info\/index.php\/wp-json\/wp\/v2\/types\/post"}],"author":[{"embeddable":true,"href":"https:\/\/folhapopular.info\/index.php\/wp-json\/wp\/v2\/users\/8"}],"replies":[{"embeddable":true,"href":"https:\/\/folhapopular.info\/index.php\/wp-json\/wp\/v2\/comments?post=171568"}],"version-history":[{"count":0,"href":"https:\/\/folhapopular.info\/index.php\/wp-json\/wp\/v2\/posts\/171568\/revisions"}],"wp:featuredmedia":[{"embeddable":true,"href":"https:\/\/folhapopular.info\/index.php\/wp-json\/wp\/v2\/media\/166503"}],"wp:attachment":[{"href":"https:\/\/folhapopular.info\/index.php\/wp-json\/wp\/v2\/media?parent=171568"}],"wp:term":[{"taxonomy":"category","embeddable":true,"href":"https:\/\/folhapopular.info\/index.php\/wp-json\/wp\/v2\/categories?post=171568"},{"taxonomy":"post_tag","embeddable":true,"href":"https:\/\/folhapopular.info\/index.php\/wp-json\/wp\/v2\/tags?post=171568"}],"curies":[{"name":"wp","href":"https:\/\/api.w.org\/{rel}","templated":true}]}}