{"id":171686,"date":"2024-10-12T15:00:00","date_gmt":"2024-10-12T18:00:00","guid":{"rendered":"https:\/\/folhapopular.info\/?p=171686"},"modified":"2024-10-12T09:01:17","modified_gmt":"2024-10-12T12:01:17","slug":"westfalia-divulga-os-vencedores-do-concurso-fotografico","status":"publish","type":"post","link":"https:\/\/folhapopular.info\/index.php\/2024\/10\/12\/westfalia-divulga-os-vencedores-do-concurso-fotografico\/","title":{"rendered":"Westf\u00e1lia divulga os vencedores do Concurso Fotogr\u00e1fico"},"content":{"rendered":"\n<p>Em Westf\u00e1lia, a premia\u00e7\u00e3o do 16\u00b0 Concurso Fotogr\u00e1fico ocorreu na noite sexta-feira (11\/10) na Feira do Livro. A Feira ainda proporcionou o espet\u00e1culo \u201cThiltapes em Volta ao Mundo\u201d durante a noite.<\/p>\n\n\n\n<p>Com o tema \u201cWestf\u00e1lia: mem\u00f3rias enraizadas\u201d, as imagens representam a liga\u00e7\u00e3o entre o passado e o presente pela arquitetura, tradi\u00e7\u00f5es e paisagens. Conforme o regulamento, o concurso teve apenas um objetivo maior: reviver tudo aquilo que hoje \u00e9 motivo de orgulho e honra para Westf\u00e1lia.<\/p>\n\n\n\n<p>Al\u00e9m dos participantes habituais, a categoria Estudantil foi inclu\u00edda no concurso. Todos os alunos de escolas municipais estaduais puderam participar. O primeiro lugar ficou com Wesley Alan Schoenell, que recebeu R$400,00; a segunda colocada foi Keroli Taize Bald, com R$300,00. O terceiro lugar tamb\u00e9m foi conquistado por Wesley Alan Schoenell, com mais R$200.<\/p>\n\n\n\n<p>Na categoria geral, elementos tradicionais do munic\u00edpio de Westf\u00e1lia foram reconhecidos e representados em fotos de profissionais e amadores. Al\u00e9m disso, como forma de valorizar a comunidade, o 4\u00ba lugar foi destinado a foto com mais curtidas no Facebook, eleita por voto popular.<\/p>\n\n\n\n<p>Todas as fotos inscritas agora integram o acervo da Secretaria Municipal de Educa\u00e7\u00e3o, Cultura, Turismo e Desporto de Westf\u00e1lia.<\/p>\n\n\n\n<div class=\"wp-block-group\"><div class=\"wp-block-group__inner-container is-layout-constrained wp-block-group-is-layout-constrained\">\n<p>Vencedores <\/p>\n\n\n\n<p><strong>1\u00ba lugar: <\/strong>R$ 1.000,00 \u2013 Dossland. Uma terra que une gera\u00e7\u00f5es;<\/p>\n\n\n\n<p><strong>2\u00ba lugar: <\/strong>R$ 850,00 \u2013 Pfingstag. Minhas ra\u00edzes;<\/p>\n\n\n\n<p><strong>3\u00ba lugar: <\/strong>R$ 600,00 \u2013 Orqu\u00eddea. Guardi\u00e3 da cultura que ecoa em cada parede;<\/p>\n\n\n\n<p><strong>4\u00ba lugar:<\/strong> R$ 600,00 \u2013 Tungue. A uni\u00e3o da beleza natural e sua hist\u00f3ria (Foto mais curtida).<\/p>\n\n\n\n<p>Estudantil<\/p>\n\n\n\n<p><strong>1\u00ba lugar:<\/strong> R$ 400,00 \u2013 O conhecimento trazido pelos imigrantes;<\/p>\n\n\n\n<p><strong>2\u00ba lugar: <\/strong>R$ 300,00 \u2013 A coruja vigia o campo cultivado, heran\u00e7a viva da imigra\u00e7\u00e3o alem\u00e3;<\/p>\n\n\n\n<p><strong>3\u00ba lugar:<\/strong> R$ 200,00 \u2013 O orgulho do seu trabalho.<\/p>\n<\/div><\/div>\n\n\n\n<p><strong>Imigrante<\/strong><\/p>\n\n\n\n<p>O 13\u00ba Concurso Fotogr\u00e1fico de Imigrante est\u00e1 com inscri\u00e7\u00f5es abertas at\u00e9 25 de outubro. Diferente das outras edi\u00e7\u00f5es, neste ano as fotos podem ser digitalizadas em resolu\u00e7\u00e3o superior ou igual a 12 megapixels e podem ser entregues via WhatsApp (51) 981751072 ou pelo e-mail adm.cultura@imigrante-rs.com.br.<\/p>\n\n\n\n<p>Com o m\u00e1ximo de cinco fotos, os profissionais devem realizar as fotografias dentro do munic\u00edpio sobre o tema \u201cTra\u00e7os e Retratos da Coloniza\u00e7\u00e3o Alem\u00e3 e Italiana\u201d.<\/p>\n\n\n\n<p>O secret\u00e1rio de Cultura, Desporto e Turismo, Charles Porsche, destaca a relev\u00e2ncia do tema. \u201cTemos que tentar explorar e incentivar mais as duas culturas, gastronomia, dan\u00e7a, canto, isso tudo est\u00e1 sendo resgatado com mais for\u00e7a ainda\u201d, diz.<\/p>\n\n\n\n<p>O objetivo \u00e9 que os fot\u00f3grafos registrem as duas culturas que representam o munic\u00edpio em suas imagens, expondo as belezas, tradi\u00e7\u00f5es e hist\u00f3rias de Imigrante e seus descendentes.<\/p>\n\n\n\n<p>A sele\u00e7\u00e3o das fotos ser\u00e1 em 30 de outubro, por uma comiss\u00e3o de fot\u00f3grafos convidados. No total, doze imagens ser\u00e3o premiadas. A premia\u00e7\u00e3o da exposi\u00e7\u00e3o ser\u00e1 em novembro.<\/p>\n\n\n\n<p>A exposi\u00e7\u00e3o ocorrer\u00e1 em eventos, site da Prefeitura Municipal, m\u00eddias sociais e Calend\u00e1rio Oficial de Imigrante de 2025.<\/p>\n\n\n\n<p>O primeiro lugar receber\u00e1 R$1.000,00; o segundo ganhar\u00e1 R$800,00 e o terceiro colocado ser\u00e1 premiado com R$700,00. Do quarto ao d\u00e9cimo segundo lugar, a premia\u00e7\u00e3o \u00e9 de R$200,00.<\/p>\n","protected":false},"excerpt":{"rendered":"<p>Em Westf\u00e1lia, a premia\u00e7\u00e3o do 16\u00b0 Concurso Fotogr\u00e1fico ocorreu na noite sexta-feira (11\/10) na Feira do Livro. A Feira ainda proporcionou o espet\u00e1culo \u201cThiltapes em Volta ao Mundo\u201d durante a noite. Com o tema \u201cWestf\u00e1lia: mem\u00f3rias enraizadas\u201d, as imagens representam a liga\u00e7\u00e3o entre o passado e o presente pela arquitetura, tradi\u00e7\u00f5es e paisagens. Conforme o [&hellip;]<\/p>\n","protected":false},"author":8,"featured_media":171687,"comment_status":"open","ping_status":"open","sticky":false,"template":"","format":"standard","meta":{"pmpro_default_level":"","_jetpack_memberships_contains_paid_content":false,"footnotes":""},"categories":[2,6],"tags":[580,34,25],"class_list":{"0":"post-171686","1":"post","2":"type-post","3":"status-publish","4":"format-standard","5":"has-post-thumbnail","7":"category-featured","8":"category-inclusive","9":"tag-concurso-fotografico","10":"tag-imigrante","11":"tag-westfalia","12":"pmpro-has-access"},"yoast_head":"<!-- This site is optimized with the Yoast SEO plugin v27.5 - https:\/\/yoast.com\/product\/yoast-seo-wordpress\/ -->\n<title>Westf\u00e1lia divulga os vencedores do Concurso Fotogr\u00e1fico - Folha Popular<\/title>\n<meta name=\"robots\" content=\"index, follow, max-snippet:-1, max-image-preview:large, max-video-preview:-1\" \/>\n<link rel=\"canonical\" href=\"https:\/\/folhapopular.info\/index.php\/2024\/10\/12\/westfalia-divulga-os-vencedores-do-concurso-fotografico\/\" \/>\n<meta property=\"og:locale\" content=\"pt_BR\" \/>\n<meta property=\"og:type\" content=\"article\" \/>\n<meta property=\"og:title\" content=\"Westf\u00e1lia divulga os vencedores do Concurso Fotogr\u00e1fico - Folha Popular\" \/>\n<meta property=\"og:description\" content=\"Em Westf\u00e1lia, a premia\u00e7\u00e3o do 16\u00b0 Concurso Fotogr\u00e1fico ocorreu na noite sexta-feira (11\/10) na Feira do Livro. A Feira ainda proporcionou o espet\u00e1culo \u201cThiltapes em Volta ao Mundo\u201d durante a noite. Com o tema \u201cWestf\u00e1lia: mem\u00f3rias enraizadas\u201d, as imagens representam a liga\u00e7\u00e3o entre o passado e o presente pela arquitetura, tradi\u00e7\u00f5es e paisagens. Conforme o [&hellip;]\" \/>\n<meta property=\"og:url\" content=\"https:\/\/folhapopular.info\/index.php\/2024\/10\/12\/westfalia-divulga-os-vencedores-do-concurso-fotografico\/\" \/>\n<meta property=\"og:site_name\" content=\"Folha Popular\" \/>\n<meta property=\"article:published_time\" content=\"2024-10-12T18:00:00+00:00\" \/>\n<meta property=\"og:image\" content=\"https:\/\/folhapopular.info\/wp-content\/uploads\/2024\/10\/Wesley-Alan-Schoenell-alcancou-o-primeiro-e-terceiro-lugar-na-categoria-Estudantil.-Confira-o-1o-lugar-Credito-Wesley-Alan-Schoenell.jpg\" \/>\n\t<meta property=\"og:image:width\" content=\"1920\" \/>\n\t<meta property=\"og:image:height\" content=\"1080\" \/>\n\t<meta property=\"og:image:type\" content=\"image\/jpeg\" \/>\n<meta name=\"author\" content=\"Reda\u00e7\u00e3o Folha Popular\" \/>\n<meta name=\"twitter:card\" content=\"summary_large_image\" \/>\n<meta name=\"twitter:label1\" content=\"Escrito por\" \/>\n\t<meta name=\"twitter:data1\" content=\"Reda\u00e7\u00e3o Folha Popular\" \/>\n\t<meta name=\"twitter:label2\" content=\"Est. tempo de leitura\" \/>\n\t<meta name=\"twitter:data2\" content=\"3 minutos\" \/>\n<script type=\"application\/ld+json\" class=\"yoast-schema-graph\">{\"@context\":\"https:\\\/\\\/schema.org\",\"@graph\":[{\"@type\":\"Article\",\"@id\":\"https:\\\/\\\/folhapopular.info\\\/index.php\\\/2024\\\/10\\\/12\\\/westfalia-divulga-os-vencedores-do-concurso-fotografico\\\/#article\",\"isPartOf\":{\"@id\":\"https:\\\/\\\/folhapopular.info\\\/index.php\\\/2024\\\/10\\\/12\\\/westfalia-divulga-os-vencedores-do-concurso-fotografico\\\/\"},\"author\":{\"name\":\"Reda\u00e7\u00e3o Folha Popular\",\"@id\":\"https:\\\/\\\/folhapopular.info\\\/#\\\/schema\\\/person\\\/2814e8a0df7643585a9ca38bc6eb9d4b\"},\"headline\":\"Westf\u00e1lia divulga os vencedores do Concurso Fotogr\u00e1fico\",\"datePublished\":\"2024-10-12T18:00:00+00:00\",\"mainEntityOfPage\":{\"@id\":\"https:\\\/\\\/folhapopular.info\\\/index.php\\\/2024\\\/10\\\/12\\\/westfalia-divulga-os-vencedores-do-concurso-fotografico\\\/\"},\"wordCount\":520,\"commentCount\":0,\"image\":{\"@id\":\"https:\\\/\\\/folhapopular.info\\\/index.php\\\/2024\\\/10\\\/12\\\/westfalia-divulga-os-vencedores-do-concurso-fotografico\\\/#primaryimage\"},\"thumbnailUrl\":\"https:\\\/\\\/folhapopular.info\\\/wp-content\\\/uploads\\\/2024\\\/10\\\/Wesley-Alan-Schoenell-alcancou-o-primeiro-e-terceiro-lugar-na-categoria-Estudantil.-Confira-o-1o-lugar-Credito-Wesley-Alan-Schoenell.jpg\",\"keywords\":[\"Concurso Fotogr\u00e1fico\",\"Imigrante\",\"Westf\u00e1lia\"],\"articleSection\":[\"Destaques\",\"Inclusive\"],\"inLanguage\":\"pt-BR\",\"potentialAction\":[{\"@type\":\"CommentAction\",\"name\":\"Comment\",\"target\":[\"https:\\\/\\\/folhapopular.info\\\/index.php\\\/2024\\\/10\\\/12\\\/westfalia-divulga-os-vencedores-do-concurso-fotografico\\\/#respond\"]}]},{\"@type\":\"WebPage\",\"@id\":\"https:\\\/\\\/folhapopular.info\\\/index.php\\\/2024\\\/10\\\/12\\\/westfalia-divulga-os-vencedores-do-concurso-fotografico\\\/\",\"url\":\"https:\\\/\\\/folhapopular.info\\\/index.php\\\/2024\\\/10\\\/12\\\/westfalia-divulga-os-vencedores-do-concurso-fotografico\\\/\",\"name\":\"Westf\u00e1lia divulga os vencedores do Concurso Fotogr\u00e1fico - Folha Popular\",\"isPartOf\":{\"@id\":\"https:\\\/\\\/folhapopular.info\\\/#website\"},\"primaryImageOfPage\":{\"@id\":\"https:\\\/\\\/folhapopular.info\\\/index.php\\\/2024\\\/10\\\/12\\\/westfalia-divulga-os-vencedores-do-concurso-fotografico\\\/#primaryimage\"},\"image\":{\"@id\":\"https:\\\/\\\/folhapopular.info\\\/index.php\\\/2024\\\/10\\\/12\\\/westfalia-divulga-os-vencedores-do-concurso-fotografico\\\/#primaryimage\"},\"thumbnailUrl\":\"https:\\\/\\\/folhapopular.info\\\/wp-content\\\/uploads\\\/2024\\\/10\\\/Wesley-Alan-Schoenell-alcancou-o-primeiro-e-terceiro-lugar-na-categoria-Estudantil.-Confira-o-1o-lugar-Credito-Wesley-Alan-Schoenell.jpg\",\"datePublished\":\"2024-10-12T18:00:00+00:00\",\"author\":{\"@id\":\"https:\\\/\\\/folhapopular.info\\\/#\\\/schema\\\/person\\\/2814e8a0df7643585a9ca38bc6eb9d4b\"},\"breadcrumb\":{\"@id\":\"https:\\\/\\\/folhapopular.info\\\/index.php\\\/2024\\\/10\\\/12\\\/westfalia-divulga-os-vencedores-do-concurso-fotografico\\\/#breadcrumb\"},\"inLanguage\":\"pt-BR\",\"potentialAction\":[{\"@type\":\"ReadAction\",\"target\":[\"https:\\\/\\\/folhapopular.info\\\/index.php\\\/2024\\\/10\\\/12\\\/westfalia-divulga-os-vencedores-do-concurso-fotografico\\\/\"]}]},{\"@type\":\"ImageObject\",\"inLanguage\":\"pt-BR\",\"@id\":\"https:\\\/\\\/folhapopular.info\\\/index.php\\\/2024\\\/10\\\/12\\\/westfalia-divulga-os-vencedores-do-concurso-fotografico\\\/#primaryimage\",\"url\":\"https:\\\/\\\/folhapopular.info\\\/wp-content\\\/uploads\\\/2024\\\/10\\\/Wesley-Alan-Schoenell-alcancou-o-primeiro-e-terceiro-lugar-na-categoria-Estudantil.-Confira-o-1o-lugar-Credito-Wesley-Alan-Schoenell.jpg\",\"contentUrl\":\"https:\\\/\\\/folhapopular.info\\\/wp-content\\\/uploads\\\/2024\\\/10\\\/Wesley-Alan-Schoenell-alcancou-o-primeiro-e-terceiro-lugar-na-categoria-Estudantil.-Confira-o-1o-lugar-Credito-Wesley-Alan-Schoenell.jpg\",\"width\":1920,\"height\":1080,\"caption\":\"Wesley Alan Schoenell alcan\u00e7ou o primeiro e terceiro lugar na categoria Estudantil. Confira o 1\u00ba lugar \\\/ Cr\u00e9dito: Wesley Alan Schoenell\"},{\"@type\":\"BreadcrumbList\",\"@id\":\"https:\\\/\\\/folhapopular.info\\\/index.php\\\/2024\\\/10\\\/12\\\/westfalia-divulga-os-vencedores-do-concurso-fotografico\\\/#breadcrumb\",\"itemListElement\":[{\"@type\":\"ListItem\",\"position\":1,\"name\":\"In\u00edcio\",\"item\":\"https:\\\/\\\/folhapopular.info\\\/\"},{\"@type\":\"ListItem\",\"position\":2,\"name\":\"Westf\u00e1lia divulga os vencedores do Concurso Fotogr\u00e1fico\"}]},{\"@type\":\"WebSite\",\"@id\":\"https:\\\/\\\/folhapopular.info\\\/#website\",\"url\":\"https:\\\/\\\/folhapopular.info\\\/\",\"name\":\"Folha Popular\",\"description\":\"Onde voc\u00ea tem vez e voz\",\"potentialAction\":[{\"@type\":\"SearchAction\",\"target\":{\"@type\":\"EntryPoint\",\"urlTemplate\":\"https:\\\/\\\/folhapopular.info\\\/?s={search_term_string}\"},\"query-input\":{\"@type\":\"PropertyValueSpecification\",\"valueRequired\":true,\"valueName\":\"search_term_string\"}}],\"inLanguage\":\"pt-BR\"},{\"@type\":\"Person\",\"@id\":\"https:\\\/\\\/folhapopular.info\\\/#\\\/schema\\\/person\\\/2814e8a0df7643585a9ca38bc6eb9d4b\",\"name\":\"Reda\u00e7\u00e3o Folha Popular\",\"image\":{\"@type\":\"ImageObject\",\"inLanguage\":\"pt-BR\",\"@id\":\"https:\\\/\\\/folhapopular.info\\\/wp-content\\\/uploads\\\/2026\\\/04\\\/Folha-1.webp\",\"url\":\"https:\\\/\\\/folhapopular.info\\\/wp-content\\\/uploads\\\/2026\\\/04\\\/Folha-1.webp\",\"contentUrl\":\"https:\\\/\\\/folhapopular.info\\\/wp-content\\\/uploads\\\/2026\\\/04\\\/Folha-1.webp\",\"caption\":\"Reda\u00e7\u00e3o Folha Popular\"},\"url\":\"https:\\\/\\\/folhapopular.info\\\/index.php\\\/author\\\/redacao\\\/\"}]}<\/script>\n<!-- \/ Yoast SEO plugin. -->","yoast_head_json":{"title":"Westf\u00e1lia divulga os vencedores do Concurso Fotogr\u00e1fico - Folha Popular","robots":{"index":"index","follow":"follow","max-snippet":"max-snippet:-1","max-image-preview":"max-image-preview:large","max-video-preview":"max-video-preview:-1"},"canonical":"https:\/\/folhapopular.info\/index.php\/2024\/10\/12\/westfalia-divulga-os-vencedores-do-concurso-fotografico\/","og_locale":"pt_BR","og_type":"article","og_title":"Westf\u00e1lia divulga os vencedores do Concurso Fotogr\u00e1fico - Folha Popular","og_description":"Em Westf\u00e1lia, a premia\u00e7\u00e3o do 16\u00b0 Concurso Fotogr\u00e1fico ocorreu na noite sexta-feira (11\/10) na Feira do Livro. A Feira ainda proporcionou o espet\u00e1culo \u201cThiltapes em Volta ao Mundo\u201d durante a noite. Com o tema \u201cWestf\u00e1lia: mem\u00f3rias enraizadas\u201d, as imagens representam a liga\u00e7\u00e3o entre o passado e o presente pela arquitetura, tradi\u00e7\u00f5es e paisagens. Conforme o [&hellip;]","og_url":"https:\/\/folhapopular.info\/index.php\/2024\/10\/12\/westfalia-divulga-os-vencedores-do-concurso-fotografico\/","og_site_name":"Folha Popular","article_published_time":"2024-10-12T18:00:00+00:00","og_image":[{"width":1920,"height":1080,"url":"https:\/\/folhapopular.info\/wp-content\/uploads\/2024\/10\/Wesley-Alan-Schoenell-alcancou-o-primeiro-e-terceiro-lugar-na-categoria-Estudantil.-Confira-o-1o-lugar-Credito-Wesley-Alan-Schoenell.jpg","type":"image\/jpeg"}],"author":"Reda\u00e7\u00e3o Folha Popular","twitter_card":"summary_large_image","twitter_misc":{"Escrito por":"Reda\u00e7\u00e3o Folha Popular","Est. tempo de leitura":"3 minutos"},"schema":{"@context":"https:\/\/schema.org","@graph":[{"@type":"Article","@id":"https:\/\/folhapopular.info\/index.php\/2024\/10\/12\/westfalia-divulga-os-vencedores-do-concurso-fotografico\/#article","isPartOf":{"@id":"https:\/\/folhapopular.info\/index.php\/2024\/10\/12\/westfalia-divulga-os-vencedores-do-concurso-fotografico\/"},"author":{"name":"Reda\u00e7\u00e3o Folha Popular","@id":"https:\/\/folhapopular.info\/#\/schema\/person\/2814e8a0df7643585a9ca38bc6eb9d4b"},"headline":"Westf\u00e1lia divulga os vencedores do Concurso Fotogr\u00e1fico","datePublished":"2024-10-12T18:00:00+00:00","mainEntityOfPage":{"@id":"https:\/\/folhapopular.info\/index.php\/2024\/10\/12\/westfalia-divulga-os-vencedores-do-concurso-fotografico\/"},"wordCount":520,"commentCount":0,"image":{"@id":"https:\/\/folhapopular.info\/index.php\/2024\/10\/12\/westfalia-divulga-os-vencedores-do-concurso-fotografico\/#primaryimage"},"thumbnailUrl":"https:\/\/folhapopular.info\/wp-content\/uploads\/2024\/10\/Wesley-Alan-Schoenell-alcancou-o-primeiro-e-terceiro-lugar-na-categoria-Estudantil.-Confira-o-1o-lugar-Credito-Wesley-Alan-Schoenell.jpg","keywords":["Concurso Fotogr\u00e1fico","Imigrante","Westf\u00e1lia"],"articleSection":["Destaques","Inclusive"],"inLanguage":"pt-BR","potentialAction":[{"@type":"CommentAction","name":"Comment","target":["https:\/\/folhapopular.info\/index.php\/2024\/10\/12\/westfalia-divulga-os-vencedores-do-concurso-fotografico\/#respond"]}]},{"@type":"WebPage","@id":"https:\/\/folhapopular.info\/index.php\/2024\/10\/12\/westfalia-divulga-os-vencedores-do-concurso-fotografico\/","url":"https:\/\/folhapopular.info\/index.php\/2024\/10\/12\/westfalia-divulga-os-vencedores-do-concurso-fotografico\/","name":"Westf\u00e1lia divulga os vencedores do Concurso Fotogr\u00e1fico - Folha Popular","isPartOf":{"@id":"https:\/\/folhapopular.info\/#website"},"primaryImageOfPage":{"@id":"https:\/\/folhapopular.info\/index.php\/2024\/10\/12\/westfalia-divulga-os-vencedores-do-concurso-fotografico\/#primaryimage"},"image":{"@id":"https:\/\/folhapopular.info\/index.php\/2024\/10\/12\/westfalia-divulga-os-vencedores-do-concurso-fotografico\/#primaryimage"},"thumbnailUrl":"https:\/\/folhapopular.info\/wp-content\/uploads\/2024\/10\/Wesley-Alan-Schoenell-alcancou-o-primeiro-e-terceiro-lugar-na-categoria-Estudantil.-Confira-o-1o-lugar-Credito-Wesley-Alan-Schoenell.jpg","datePublished":"2024-10-12T18:00:00+00:00","author":{"@id":"https:\/\/folhapopular.info\/#\/schema\/person\/2814e8a0df7643585a9ca38bc6eb9d4b"},"breadcrumb":{"@id":"https:\/\/folhapopular.info\/index.php\/2024\/10\/12\/westfalia-divulga-os-vencedores-do-concurso-fotografico\/#breadcrumb"},"inLanguage":"pt-BR","potentialAction":[{"@type":"ReadAction","target":["https:\/\/folhapopular.info\/index.php\/2024\/10\/12\/westfalia-divulga-os-vencedores-do-concurso-fotografico\/"]}]},{"@type":"ImageObject","inLanguage":"pt-BR","@id":"https:\/\/folhapopular.info\/index.php\/2024\/10\/12\/westfalia-divulga-os-vencedores-do-concurso-fotografico\/#primaryimage","url":"https:\/\/folhapopular.info\/wp-content\/uploads\/2024\/10\/Wesley-Alan-Schoenell-alcancou-o-primeiro-e-terceiro-lugar-na-categoria-Estudantil.-Confira-o-1o-lugar-Credito-Wesley-Alan-Schoenell.jpg","contentUrl":"https:\/\/folhapopular.info\/wp-content\/uploads\/2024\/10\/Wesley-Alan-Schoenell-alcancou-o-primeiro-e-terceiro-lugar-na-categoria-Estudantil.-Confira-o-1o-lugar-Credito-Wesley-Alan-Schoenell.jpg","width":1920,"height":1080,"caption":"Wesley Alan Schoenell alcan\u00e7ou o primeiro e terceiro lugar na categoria Estudantil. Confira o 1\u00ba lugar \/ Cr\u00e9dito: Wesley Alan Schoenell"},{"@type":"BreadcrumbList","@id":"https:\/\/folhapopular.info\/index.php\/2024\/10\/12\/westfalia-divulga-os-vencedores-do-concurso-fotografico\/#breadcrumb","itemListElement":[{"@type":"ListItem","position":1,"name":"In\u00edcio","item":"https:\/\/folhapopular.info\/"},{"@type":"ListItem","position":2,"name":"Westf\u00e1lia divulga os vencedores do Concurso Fotogr\u00e1fico"}]},{"@type":"WebSite","@id":"https:\/\/folhapopular.info\/#website","url":"https:\/\/folhapopular.info\/","name":"Folha Popular","description":"Onde voc\u00ea tem vez e voz","potentialAction":[{"@type":"SearchAction","target":{"@type":"EntryPoint","urlTemplate":"https:\/\/folhapopular.info\/?s={search_term_string}"},"query-input":{"@type":"PropertyValueSpecification","valueRequired":true,"valueName":"search_term_string"}}],"inLanguage":"pt-BR"},{"@type":"Person","@id":"https:\/\/folhapopular.info\/#\/schema\/person\/2814e8a0df7643585a9ca38bc6eb9d4b","name":"Reda\u00e7\u00e3o Folha Popular","image":{"@type":"ImageObject","inLanguage":"pt-BR","@id":"https:\/\/folhapopular.info\/wp-content\/uploads\/2026\/04\/Folha-1.webp","url":"https:\/\/folhapopular.info\/wp-content\/uploads\/2026\/04\/Folha-1.webp","contentUrl":"https:\/\/folhapopular.info\/wp-content\/uploads\/2026\/04\/Folha-1.webp","caption":"Reda\u00e7\u00e3o Folha Popular"},"url":"https:\/\/folhapopular.info\/index.php\/author\/redacao\/"}]}},"jetpack_featured_media_url":"https:\/\/folhapopular.info\/wp-content\/uploads\/2024\/10\/Wesley-Alan-Schoenell-alcancou-o-primeiro-e-terceiro-lugar-na-categoria-Estudantil.-Confira-o-1o-lugar-Credito-Wesley-Alan-Schoenell.jpg","jetpack_sharing_enabled":true,"amp_enabled":true,"_links":{"self":[{"href":"https:\/\/folhapopular.info\/index.php\/wp-json\/wp\/v2\/posts\/171686","targetHints":{"allow":["GET"]}}],"collection":[{"href":"https:\/\/folhapopular.info\/index.php\/wp-json\/wp\/v2\/posts"}],"about":[{"href":"https:\/\/folhapopular.info\/index.php\/wp-json\/wp\/v2\/types\/post"}],"author":[{"embeddable":true,"href":"https:\/\/folhapopular.info\/index.php\/wp-json\/wp\/v2\/users\/8"}],"replies":[{"embeddable":true,"href":"https:\/\/folhapopular.info\/index.php\/wp-json\/wp\/v2\/comments?post=171686"}],"version-history":[{"count":0,"href":"https:\/\/folhapopular.info\/index.php\/wp-json\/wp\/v2\/posts\/171686\/revisions"}],"wp:featuredmedia":[{"embeddable":true,"href":"https:\/\/folhapopular.info\/index.php\/wp-json\/wp\/v2\/media\/171687"}],"wp:attachment":[{"href":"https:\/\/folhapopular.info\/index.php\/wp-json\/wp\/v2\/media?parent=171686"}],"wp:term":[{"taxonomy":"category","embeddable":true,"href":"https:\/\/folhapopular.info\/index.php\/wp-json\/wp\/v2\/categories?post=171686"},{"taxonomy":"post_tag","embeddable":true,"href":"https:\/\/folhapopular.info\/index.php\/wp-json\/wp\/v2\/tags?post=171686"}],"curies":[{"name":"wp","href":"https:\/\/api.w.org\/{rel}","templated":true}]}}