{"id":171696,"date":"2024-10-12T23:20:34","date_gmt":"2024-10-13T02:20:34","guid":{"rendered":"https:\/\/folhapopular.info\/?p=171696"},"modified":"2024-10-12T23:20:37","modified_gmt":"2024-10-13T02:20:37","slug":"associacao-teutonia-ciclismo-realiza-13-passeio-de-dia-das-criancas","status":"publish","type":"post","link":"https:\/\/folhapopular.info\/index.php\/2024\/10\/12\/associacao-teutonia-ciclismo-realiza-13-passeio-de-dia-das-criancas\/","title":{"rendered":"Associa\u00e7\u00e3o Teut\u00f4nia Ciclismo realiza 13\u00b0 passeio de Dia das Crian\u00e7as"},"content":{"rendered":"\n<p>A Associa\u00e7\u00e3o Teut\u00f4nia Ciclismo realizou neste s\u00e1bado (12\/10) a 13\u00aa edi\u00e7\u00e3o do passeio cicl\u00edstico alusivo ao Dia das Crian\u00e7as. A concentra\u00e7\u00e3o iniciou \u00e0s 14h, com sa\u00edda no Pavilh\u00e3o Multiuso da Prefeitura. Mais de 100 pessoas participaram da atividade, entre pais e filhos e demais interessados. Foram percorridos cerca de 6 quil\u00f4metros entre os bairros Centro Administrativo e Languiru.<\/p>\n\n\n\n<p>\u00c9 atrav\u00e9s das doa\u00e7\u00f5es de patrocinadores que a associa\u00e7\u00e3o adquire brindes. Neste ano, foram sorteados 50 capacetes para as crian\u00e7as e para quem estivesse presente no evento, al\u00e9m de uma bicicleta e de um patinete. <\/p>\n\n\n\n<p>Mais imagens est\u00e3o dispon\u00edveis <a href=\"https:\/\/drive.google.com\/drive\/folders\/1SFrgGco9suyA8MW_JL_vqqBu2BTiNrpO?fbclid=PAZXh0bgNhZW0CMTEAAaaJqtIwsyhHI_W8wUFbB7zANk-WB5coJNYpqhi7MwnTFzb71Vefc2STMco_aem_lWwJyD-_aEJYungZWjlAvQ\" target=\"_blank\" rel=\"noreferrer noopener\">aqui<\/a>.<\/p>\n\n\n\n<figure class=\"wp-block-gallery has-nested-images columns-default is-cropped wp-block-gallery-1 is-layout-flex wp-block-gallery-is-layout-flex\">\n<figure class=\"wp-block-image size-large\"><img loading=\"lazy\" decoding=\"async\" width=\"1024\" height=\"683\" data-id=\"171708\" src=\"https:\/\/folhapopular.info\/wp-content\/uploads\/2024\/10\/passeiociclistico-138-1024x683.jpg\" alt=\"\" class=\"wp-image-171708\" srcset=\"https:\/\/folhapopular.info\/wp-content\/uploads\/2024\/10\/passeiociclistico-138-1024x683.jpg 1024w, https:\/\/folhapopular.info\/wp-content\/uploads\/2024\/10\/passeiociclistico-138-300x200.jpg 300w, https:\/\/folhapopular.info\/wp-content\/uploads\/2024\/10\/passeiociclistico-138-768x512.jpg 768w, https:\/\/folhapopular.info\/wp-content\/uploads\/2024\/10\/passeiociclistico-138-1536x1024.jpg 1536w, https:\/\/folhapopular.info\/wp-content\/uploads\/2024\/10\/passeiociclistico-138-2048x1365.jpg 2048w, https:\/\/folhapopular.info\/wp-content\/uploads\/2024\/10\/passeiociclistico-138-630x420.jpg 630w, https:\/\/folhapopular.info\/wp-content\/uploads\/2024\/10\/passeiociclistico-138-696x464.jpg 696w, https:\/\/folhapopular.info\/wp-content\/uploads\/2024\/10\/passeiociclistico-138-1068x712.jpg 1068w, https:\/\/folhapopular.info\/wp-content\/uploads\/2024\/10\/passeiociclistico-138-1920x1280.jpg 1920w\" sizes=\"auto, (max-width: 1024px) 100vw, 1024px\" \/><figcaption class=\"wp-element-caption\">Creditos: ATC \/ Divulga\u00e7\u00e3o<\/figcaption><\/figure>\n\n\n\n<figure class=\"wp-block-image size-large\"><img loading=\"lazy\" decoding=\"async\" width=\"1024\" height=\"683\" data-id=\"171710\" src=\"https:\/\/folhapopular.info\/wp-content\/uploads\/2024\/10\/passeiociclistico-227-1024x683.jpg\" alt=\"\" class=\"wp-image-171710\" srcset=\"https:\/\/folhapopular.info\/wp-content\/uploads\/2024\/10\/passeiociclistico-227-1024x683.jpg 1024w, https:\/\/folhapopular.info\/wp-content\/uploads\/2024\/10\/passeiociclistico-227-300x200.jpg 300w, https:\/\/folhapopular.info\/wp-content\/uploads\/2024\/10\/passeiociclistico-227-768x512.jpg 768w, https:\/\/folhapopular.info\/wp-content\/uploads\/2024\/10\/passeiociclistico-227-1536x1024.jpg 1536w, https:\/\/folhapopular.info\/wp-content\/uploads\/2024\/10\/passeiociclistico-227-2048x1365.jpg 2048w, https:\/\/folhapopular.info\/wp-content\/uploads\/2024\/10\/passeiociclistico-227-630x420.jpg 630w, https:\/\/folhapopular.info\/wp-content\/uploads\/2024\/10\/passeiociclistico-227-696x464.jpg 696w, https:\/\/folhapopular.info\/wp-content\/uploads\/2024\/10\/passeiociclistico-227-1068x712.jpg 1068w, https:\/\/folhapopular.info\/wp-content\/uploads\/2024\/10\/passeiociclistico-227-1920x1280.jpg 1920w\" sizes=\"auto, (max-width: 1024px) 100vw, 1024px\" \/><figcaption class=\"wp-element-caption\">Creditos: ATC \/ Divulga\u00e7\u00e3o<\/figcaption><\/figure>\n\n\n\n<figure class=\"wp-block-image size-large\"><img loading=\"lazy\" decoding=\"async\" width=\"1024\" height=\"683\" data-id=\"171706\" src=\"https:\/\/folhapopular.info\/wp-content\/uploads\/2024\/10\/passeiociclistico-237-1024x683.jpg\" alt=\"\" class=\"wp-image-171706\" srcset=\"https:\/\/folhapopular.info\/wp-content\/uploads\/2024\/10\/passeiociclistico-237-1024x683.jpg 1024w, https:\/\/folhapopular.info\/wp-content\/uploads\/2024\/10\/passeiociclistico-237-300x200.jpg 300w, https:\/\/folhapopular.info\/wp-content\/uploads\/2024\/10\/passeiociclistico-237-768x512.jpg 768w, https:\/\/folhapopular.info\/wp-content\/uploads\/2024\/10\/passeiociclistico-237-1536x1024.jpg 1536w, https:\/\/folhapopular.info\/wp-content\/uploads\/2024\/10\/passeiociclistico-237-2048x1365.jpg 2048w, https:\/\/folhapopular.info\/wp-content\/uploads\/2024\/10\/passeiociclistico-237-630x420.jpg 630w, https:\/\/folhapopular.info\/wp-content\/uploads\/2024\/10\/passeiociclistico-237-696x464.jpg 696w, https:\/\/folhapopular.info\/wp-content\/uploads\/2024\/10\/passeiociclistico-237-1068x712.jpg 1068w, https:\/\/folhapopular.info\/wp-content\/uploads\/2024\/10\/passeiociclistico-237-1920x1280.jpg 1920w\" sizes=\"auto, (max-width: 1024px) 100vw, 1024px\" \/><figcaption class=\"wp-element-caption\">Creditos: ATC \/ Divulga\u00e7\u00e3o<\/figcaption><\/figure>\n\n\n\n<figure class=\"wp-block-image size-large\"><img loading=\"lazy\" decoding=\"async\" width=\"1024\" height=\"683\" data-id=\"171709\" src=\"https:\/\/folhapopular.info\/wp-content\/uploads\/2024\/10\/passeiociclistico-239-1024x683.jpg\" alt=\"\" class=\"wp-image-171709\" srcset=\"https:\/\/folhapopular.info\/wp-content\/uploads\/2024\/10\/passeiociclistico-239-1024x683.jpg 1024w, https:\/\/folhapopular.info\/wp-content\/uploads\/2024\/10\/passeiociclistico-239-300x200.jpg 300w, https:\/\/folhapopular.info\/wp-content\/uploads\/2024\/10\/passeiociclistico-239-768x512.jpg 768w, https:\/\/folhapopular.info\/wp-content\/uploads\/2024\/10\/passeiociclistico-239-1536x1024.jpg 1536w, https:\/\/folhapopular.info\/wp-content\/uploads\/2024\/10\/passeiociclistico-239-2048x1365.jpg 2048w, https:\/\/folhapopular.info\/wp-content\/uploads\/2024\/10\/passeiociclistico-239-630x420.jpg 630w, https:\/\/folhapopular.info\/wp-content\/uploads\/2024\/10\/passeiociclistico-239-696x464.jpg 696w, https:\/\/folhapopular.info\/wp-content\/uploads\/2024\/10\/passeiociclistico-239-1068x712.jpg 1068w, https:\/\/folhapopular.info\/wp-content\/uploads\/2024\/10\/passeiociclistico-239-1920x1280.jpg 1920w\" sizes=\"auto, (max-width: 1024px) 100vw, 1024px\" \/><figcaption class=\"wp-element-caption\">Creditos: ATC \/ Divulga\u00e7\u00e3o<\/figcaption><\/figure>\n\n\n\n<figure class=\"wp-block-image size-large\"><img loading=\"lazy\" decoding=\"async\" width=\"1024\" height=\"683\" data-id=\"171705\" src=\"https:\/\/folhapopular.info\/wp-content\/uploads\/2024\/10\/passeiociclistico-257-1024x683.jpg\" alt=\"\" class=\"wp-image-171705\" srcset=\"https:\/\/folhapopular.info\/wp-content\/uploads\/2024\/10\/passeiociclistico-257-1024x683.jpg 1024w, https:\/\/folhapopular.info\/wp-content\/uploads\/2024\/10\/passeiociclistico-257-300x200.jpg 300w, https:\/\/folhapopular.info\/wp-content\/uploads\/2024\/10\/passeiociclistico-257-768x512.jpg 768w, https:\/\/folhapopular.info\/wp-content\/uploads\/2024\/10\/passeiociclistico-257-1536x1024.jpg 1536w, https:\/\/folhapopular.info\/wp-content\/uploads\/2024\/10\/passeiociclistico-257-2048x1365.jpg 2048w, https:\/\/folhapopular.info\/wp-content\/uploads\/2024\/10\/passeiociclistico-257-630x420.jpg 630w, https:\/\/folhapopular.info\/wp-content\/uploads\/2024\/10\/passeiociclistico-257-696x464.jpg 696w, https:\/\/folhapopular.info\/wp-content\/uploads\/2024\/10\/passeiociclistico-257-1068x712.jpg 1068w, https:\/\/folhapopular.info\/wp-content\/uploads\/2024\/10\/passeiociclistico-257-1920x1280.jpg 1920w\" sizes=\"auto, (max-width: 1024px) 100vw, 1024px\" \/><figcaption class=\"wp-element-caption\">Creditos: ATC \/ Divulga\u00e7\u00e3o<\/figcaption><\/figure>\n\n\n\n<figure class=\"wp-block-image size-large\"><img loading=\"lazy\" decoding=\"async\" width=\"1024\" height=\"683\" data-id=\"171707\" src=\"https:\/\/folhapopular.info\/wp-content\/uploads\/2024\/10\/passeiociclistico-267-1024x683.jpg\" alt=\"\" class=\"wp-image-171707\" srcset=\"https:\/\/folhapopular.info\/wp-content\/uploads\/2024\/10\/passeiociclistico-267-1024x683.jpg 1024w, https:\/\/folhapopular.info\/wp-content\/uploads\/2024\/10\/passeiociclistico-267-300x200.jpg 300w, https:\/\/folhapopular.info\/wp-content\/uploads\/2024\/10\/passeiociclistico-267-768x512.jpg 768w, https:\/\/folhapopular.info\/wp-content\/uploads\/2024\/10\/passeiociclistico-267-1536x1024.jpg 1536w, https:\/\/folhapopular.info\/wp-content\/uploads\/2024\/10\/passeiociclistico-267-2048x1365.jpg 2048w, https:\/\/folhapopular.info\/wp-content\/uploads\/2024\/10\/passeiociclistico-267-630x420.jpg 630w, https:\/\/folhapopular.info\/wp-content\/uploads\/2024\/10\/passeiociclistico-267-696x464.jpg 696w, https:\/\/folhapopular.info\/wp-content\/uploads\/2024\/10\/passeiociclistico-267-1068x712.jpg 1068w, https:\/\/folhapopular.info\/wp-content\/uploads\/2024\/10\/passeiociclistico-267-1920x1280.jpg 1920w\" sizes=\"auto, (max-width: 1024px) 100vw, 1024px\" \/><figcaption class=\"wp-element-caption\">Creditos: ATC \/ Divulga\u00e7\u00e3o<\/figcaption><\/figure>\n<\/figure>\n","protected":false},"excerpt":{"rendered":"<p>A Associa\u00e7\u00e3o Teut\u00f4nia Ciclismo realizou neste s\u00e1bado (12\/10) a 13\u00aa edi\u00e7\u00e3o do passeio cicl\u00edstico alusivo ao Dia das Crian\u00e7as. A concentra\u00e7\u00e3o iniciou \u00e0s 14h, com sa\u00edda no Pavilh\u00e3o Multiuso da Prefeitura. Mais de 100 pessoas participaram da atividade, entre pais e filhos e demais interessados. Foram percorridos cerca de 6 quil\u00f4metros entre os bairros Centro [&hellip;]<\/p>\n","protected":false},"author":8,"featured_media":171697,"comment_status":"open","ping_status":"open","sticky":false,"template":"","format":"standard","meta":{"pmpro_default_level":"","_jetpack_memberships_contains_paid_content":false,"footnotes":""},"categories":[2,10999,6],"tags":[10394,1119,5146],"class_list":{"0":"post-171696","1":"post","2":"type-post","3":"status-publish","4":"format-standard","5":"has-post-thumbnail","7":"category-featured","8":"category-entretenimento","9":"category-inclusive","10":"tag-associacao-teutonia-ciclismo","11":"tag-dia-das-criancas","12":"tag-passeio-ciclistico-2","13":"pmpro-has-access"},"yoast_head":"<!-- This site is optimized with the Yoast SEO plugin v27.5 - https:\/\/yoast.com\/product\/yoast-seo-wordpress\/ -->\n<title>Associa\u00e7\u00e3o Teut\u00f4nia Ciclismo realiza 13\u00b0 passeio de Dia das Crian\u00e7as - Folha Popular<\/title>\n<meta name=\"robots\" content=\"index, follow, max-snippet:-1, max-image-preview:large, max-video-preview:-1\" \/>\n<link rel=\"canonical\" href=\"https:\/\/folhapopular.info\/index.php\/2024\/10\/12\/associacao-teutonia-ciclismo-realiza-13-passeio-de-dia-das-criancas\/\" \/>\n<meta property=\"og:locale\" content=\"pt_BR\" \/>\n<meta property=\"og:type\" content=\"article\" \/>\n<meta property=\"og:title\" content=\"Associa\u00e7\u00e3o Teut\u00f4nia Ciclismo realiza 13\u00b0 passeio de Dia das Crian\u00e7as - Folha Popular\" \/>\n<meta property=\"og:description\" content=\"A Associa\u00e7\u00e3o Teut\u00f4nia Ciclismo realizou neste s\u00e1bado (12\/10) a 13\u00aa edi\u00e7\u00e3o do passeio cicl\u00edstico alusivo ao Dia das Crian\u00e7as. A concentra\u00e7\u00e3o iniciou \u00e0s 14h, com sa\u00edda no Pavilh\u00e3o Multiuso da Prefeitura. Mais de 100 pessoas participaram da atividade, entre pais e filhos e demais interessados. Foram percorridos cerca de 6 quil\u00f4metros entre os bairros Centro [&hellip;]\" \/>\n<meta property=\"og:url\" content=\"https:\/\/folhapopular.info\/index.php\/2024\/10\/12\/associacao-teutonia-ciclismo-realiza-13-passeio-de-dia-das-criancas\/\" \/>\n<meta property=\"og:site_name\" content=\"Folha Popular\" \/>\n<meta property=\"article:published_time\" content=\"2024-10-13T02:20:34+00:00\" \/>\n<meta property=\"article:modified_time\" content=\"2024-10-13T02:20:37+00:00\" \/>\n<meta property=\"og:image\" content=\"http:\/\/folhapopular.info\/wp-content\/uploads\/2024\/10\/WhatsApp-Image-2024-10-12-at-16.09.12.jpeg\" \/>\n\t<meta property=\"og:image:width\" content=\"1280\" \/>\n\t<meta property=\"og:image:height\" content=\"960\" \/>\n\t<meta property=\"og:image:type\" content=\"image\/jpeg\" \/>\n<meta name=\"author\" content=\"Reda\u00e7\u00e3o Folha Popular\" \/>\n<meta name=\"twitter:card\" content=\"summary_large_image\" \/>\n<meta name=\"twitter:label1\" content=\"Escrito por\" \/>\n\t<meta name=\"twitter:data1\" content=\"Reda\u00e7\u00e3o Folha Popular\" \/>\n\t<meta name=\"twitter:label2\" content=\"Est. tempo de leitura\" \/>\n\t<meta name=\"twitter:data2\" content=\"3 minutos\" \/>\n<script type=\"application\/ld+json\" class=\"yoast-schema-graph\">{\"@context\":\"https:\\\/\\\/schema.org\",\"@graph\":[{\"@type\":\"Article\",\"@id\":\"https:\\\/\\\/folhapopular.info\\\/index.php\\\/2024\\\/10\\\/12\\\/associacao-teutonia-ciclismo-realiza-13-passeio-de-dia-das-criancas\\\/#article\",\"isPartOf\":{\"@id\":\"https:\\\/\\\/folhapopular.info\\\/index.php\\\/2024\\\/10\\\/12\\\/associacao-teutonia-ciclismo-realiza-13-passeio-de-dia-das-criancas\\\/\"},\"author\":{\"name\":\"Reda\u00e7\u00e3o Folha Popular\",\"@id\":\"https:\\\/\\\/folhapopular.info\\\/#\\\/schema\\\/person\\\/2814e8a0df7643585a9ca38bc6eb9d4b\"},\"headline\":\"Associa\u00e7\u00e3o Teut\u00f4nia Ciclismo realiza 13\u00b0 passeio de Dia das Crian\u00e7as\",\"datePublished\":\"2024-10-13T02:20:34+00:00\",\"dateModified\":\"2024-10-13T02:20:37+00:00\",\"mainEntityOfPage\":{\"@id\":\"https:\\\/\\\/folhapopular.info\\\/index.php\\\/2024\\\/10\\\/12\\\/associacao-teutonia-ciclismo-realiza-13-passeio-de-dia-das-criancas\\\/\"},\"wordCount\":145,\"commentCount\":0,\"image\":{\"@id\":\"https:\\\/\\\/folhapopular.info\\\/index.php\\\/2024\\\/10\\\/12\\\/associacao-teutonia-ciclismo-realiza-13-passeio-de-dia-das-criancas\\\/#primaryimage\"},\"thumbnailUrl\":\"https:\\\/\\\/folhapopular.info\\\/wp-content\\\/uploads\\\/2024\\\/10\\\/WhatsApp-Image-2024-10-12-at-16.09.12.jpeg\",\"keywords\":[\"Associa\u00e7\u00e3o Teut\u00f4nia Ciclismo\",\"Dia das Crian\u00e7as\",\"Passeio cicl\u00edstico\"],\"articleSection\":[\"Destaques\",\"Entretenimento\",\"Inclusive\"],\"inLanguage\":\"pt-BR\",\"potentialAction\":[{\"@type\":\"CommentAction\",\"name\":\"Comment\",\"target\":[\"https:\\\/\\\/folhapopular.info\\\/index.php\\\/2024\\\/10\\\/12\\\/associacao-teutonia-ciclismo-realiza-13-passeio-de-dia-das-criancas\\\/#respond\"]}]},{\"@type\":\"WebPage\",\"@id\":\"https:\\\/\\\/folhapopular.info\\\/index.php\\\/2024\\\/10\\\/12\\\/associacao-teutonia-ciclismo-realiza-13-passeio-de-dia-das-criancas\\\/\",\"url\":\"https:\\\/\\\/folhapopular.info\\\/index.php\\\/2024\\\/10\\\/12\\\/associacao-teutonia-ciclismo-realiza-13-passeio-de-dia-das-criancas\\\/\",\"name\":\"Associa\u00e7\u00e3o Teut\u00f4nia Ciclismo realiza 13\u00b0 passeio de Dia das Crian\u00e7as - Folha Popular\",\"isPartOf\":{\"@id\":\"https:\\\/\\\/folhapopular.info\\\/#website\"},\"primaryImageOfPage\":{\"@id\":\"https:\\\/\\\/folhapopular.info\\\/index.php\\\/2024\\\/10\\\/12\\\/associacao-teutonia-ciclismo-realiza-13-passeio-de-dia-das-criancas\\\/#primaryimage\"},\"image\":{\"@id\":\"https:\\\/\\\/folhapopular.info\\\/index.php\\\/2024\\\/10\\\/12\\\/associacao-teutonia-ciclismo-realiza-13-passeio-de-dia-das-criancas\\\/#primaryimage\"},\"thumbnailUrl\":\"https:\\\/\\\/folhapopular.info\\\/wp-content\\\/uploads\\\/2024\\\/10\\\/WhatsApp-Image-2024-10-12-at-16.09.12.jpeg\",\"datePublished\":\"2024-10-13T02:20:34+00:00\",\"dateModified\":\"2024-10-13T02:20:37+00:00\",\"author\":{\"@id\":\"https:\\\/\\\/folhapopular.info\\\/#\\\/schema\\\/person\\\/2814e8a0df7643585a9ca38bc6eb9d4b\"},\"breadcrumb\":{\"@id\":\"https:\\\/\\\/folhapopular.info\\\/index.php\\\/2024\\\/10\\\/12\\\/associacao-teutonia-ciclismo-realiza-13-passeio-de-dia-das-criancas\\\/#breadcrumb\"},\"inLanguage\":\"pt-BR\",\"potentialAction\":[{\"@type\":\"ReadAction\",\"target\":[\"https:\\\/\\\/folhapopular.info\\\/index.php\\\/2024\\\/10\\\/12\\\/associacao-teutonia-ciclismo-realiza-13-passeio-de-dia-das-criancas\\\/\"]}]},{\"@type\":\"ImageObject\",\"inLanguage\":\"pt-BR\",\"@id\":\"https:\\\/\\\/folhapopular.info\\\/index.php\\\/2024\\\/10\\\/12\\\/associacao-teutonia-ciclismo-realiza-13-passeio-de-dia-das-criancas\\\/#primaryimage\",\"url\":\"https:\\\/\\\/folhapopular.info\\\/wp-content\\\/uploads\\\/2024\\\/10\\\/WhatsApp-Image-2024-10-12-at-16.09.12.jpeg\",\"contentUrl\":\"https:\\\/\\\/folhapopular.info\\\/wp-content\\\/uploads\\\/2024\\\/10\\\/WhatsApp-Image-2024-10-12-at-16.09.12.jpeg\",\"width\":1280,\"height\":960,\"caption\":\"Cr\u00e9dito: Kelli Eduarda Wennecker\"},{\"@type\":\"BreadcrumbList\",\"@id\":\"https:\\\/\\\/folhapopular.info\\\/index.php\\\/2024\\\/10\\\/12\\\/associacao-teutonia-ciclismo-realiza-13-passeio-de-dia-das-criancas\\\/#breadcrumb\",\"itemListElement\":[{\"@type\":\"ListItem\",\"position\":1,\"name\":\"In\u00edcio\",\"item\":\"https:\\\/\\\/folhapopular.info\\\/\"},{\"@type\":\"ListItem\",\"position\":2,\"name\":\"Associa\u00e7\u00e3o Teut\u00f4nia Ciclismo realiza 13\u00b0 passeio de Dia das Crian\u00e7as\"}]},{\"@type\":\"WebSite\",\"@id\":\"https:\\\/\\\/folhapopular.info\\\/#website\",\"url\":\"https:\\\/\\\/folhapopular.info\\\/\",\"name\":\"Folha Popular\",\"description\":\"Onde voc\u00ea tem vez e voz\",\"potentialAction\":[{\"@type\":\"SearchAction\",\"target\":{\"@type\":\"EntryPoint\",\"urlTemplate\":\"https:\\\/\\\/folhapopular.info\\\/?s={search_term_string}\"},\"query-input\":{\"@type\":\"PropertyValueSpecification\",\"valueRequired\":true,\"valueName\":\"search_term_string\"}}],\"inLanguage\":\"pt-BR\"},{\"@type\":\"Person\",\"@id\":\"https:\\\/\\\/folhapopular.info\\\/#\\\/schema\\\/person\\\/2814e8a0df7643585a9ca38bc6eb9d4b\",\"name\":\"Reda\u00e7\u00e3o Folha Popular\",\"image\":{\"@type\":\"ImageObject\",\"inLanguage\":\"pt-BR\",\"@id\":\"https:\\\/\\\/folhapopular.info\\\/wp-content\\\/uploads\\\/2026\\\/04\\\/Folha-1.webp\",\"url\":\"https:\\\/\\\/folhapopular.info\\\/wp-content\\\/uploads\\\/2026\\\/04\\\/Folha-1.webp\",\"contentUrl\":\"https:\\\/\\\/folhapopular.info\\\/wp-content\\\/uploads\\\/2026\\\/04\\\/Folha-1.webp\",\"caption\":\"Reda\u00e7\u00e3o Folha Popular\"},\"url\":\"https:\\\/\\\/folhapopular.info\\\/index.php\\\/author\\\/redacao\\\/\"}]}<\/script>\n<!-- \/ Yoast SEO plugin. -->","yoast_head_json":{"title":"Associa\u00e7\u00e3o Teut\u00f4nia Ciclismo realiza 13\u00b0 passeio de Dia das Crian\u00e7as - Folha Popular","robots":{"index":"index","follow":"follow","max-snippet":"max-snippet:-1","max-image-preview":"max-image-preview:large","max-video-preview":"max-video-preview:-1"},"canonical":"https:\/\/folhapopular.info\/index.php\/2024\/10\/12\/associacao-teutonia-ciclismo-realiza-13-passeio-de-dia-das-criancas\/","og_locale":"pt_BR","og_type":"article","og_title":"Associa\u00e7\u00e3o Teut\u00f4nia Ciclismo realiza 13\u00b0 passeio de Dia das Crian\u00e7as - Folha Popular","og_description":"A Associa\u00e7\u00e3o Teut\u00f4nia Ciclismo realizou neste s\u00e1bado (12\/10) a 13\u00aa edi\u00e7\u00e3o do passeio cicl\u00edstico alusivo ao Dia das Crian\u00e7as. A concentra\u00e7\u00e3o iniciou \u00e0s 14h, com sa\u00edda no Pavilh\u00e3o Multiuso da Prefeitura. Mais de 100 pessoas participaram da atividade, entre pais e filhos e demais interessados. Foram percorridos cerca de 6 quil\u00f4metros entre os bairros Centro [&hellip;]","og_url":"https:\/\/folhapopular.info\/index.php\/2024\/10\/12\/associacao-teutonia-ciclismo-realiza-13-passeio-de-dia-das-criancas\/","og_site_name":"Folha Popular","article_published_time":"2024-10-13T02:20:34+00:00","article_modified_time":"2024-10-13T02:20:37+00:00","og_image":[{"width":1280,"height":960,"url":"http:\/\/folhapopular.info\/wp-content\/uploads\/2024\/10\/WhatsApp-Image-2024-10-12-at-16.09.12.jpeg","type":"image\/jpeg"}],"author":"Reda\u00e7\u00e3o Folha Popular","twitter_card":"summary_large_image","twitter_misc":{"Escrito por":"Reda\u00e7\u00e3o Folha Popular","Est. tempo de leitura":"3 minutos"},"schema":{"@context":"https:\/\/schema.org","@graph":[{"@type":"Article","@id":"https:\/\/folhapopular.info\/index.php\/2024\/10\/12\/associacao-teutonia-ciclismo-realiza-13-passeio-de-dia-das-criancas\/#article","isPartOf":{"@id":"https:\/\/folhapopular.info\/index.php\/2024\/10\/12\/associacao-teutonia-ciclismo-realiza-13-passeio-de-dia-das-criancas\/"},"author":{"name":"Reda\u00e7\u00e3o Folha Popular","@id":"https:\/\/folhapopular.info\/#\/schema\/person\/2814e8a0df7643585a9ca38bc6eb9d4b"},"headline":"Associa\u00e7\u00e3o Teut\u00f4nia Ciclismo realiza 13\u00b0 passeio de Dia das Crian\u00e7as","datePublished":"2024-10-13T02:20:34+00:00","dateModified":"2024-10-13T02:20:37+00:00","mainEntityOfPage":{"@id":"https:\/\/folhapopular.info\/index.php\/2024\/10\/12\/associacao-teutonia-ciclismo-realiza-13-passeio-de-dia-das-criancas\/"},"wordCount":145,"commentCount":0,"image":{"@id":"https:\/\/folhapopular.info\/index.php\/2024\/10\/12\/associacao-teutonia-ciclismo-realiza-13-passeio-de-dia-das-criancas\/#primaryimage"},"thumbnailUrl":"https:\/\/folhapopular.info\/wp-content\/uploads\/2024\/10\/WhatsApp-Image-2024-10-12-at-16.09.12.jpeg","keywords":["Associa\u00e7\u00e3o Teut\u00f4nia Ciclismo","Dia das Crian\u00e7as","Passeio cicl\u00edstico"],"articleSection":["Destaques","Entretenimento","Inclusive"],"inLanguage":"pt-BR","potentialAction":[{"@type":"CommentAction","name":"Comment","target":["https:\/\/folhapopular.info\/index.php\/2024\/10\/12\/associacao-teutonia-ciclismo-realiza-13-passeio-de-dia-das-criancas\/#respond"]}]},{"@type":"WebPage","@id":"https:\/\/folhapopular.info\/index.php\/2024\/10\/12\/associacao-teutonia-ciclismo-realiza-13-passeio-de-dia-das-criancas\/","url":"https:\/\/folhapopular.info\/index.php\/2024\/10\/12\/associacao-teutonia-ciclismo-realiza-13-passeio-de-dia-das-criancas\/","name":"Associa\u00e7\u00e3o Teut\u00f4nia Ciclismo realiza 13\u00b0 passeio de Dia das Crian\u00e7as - Folha Popular","isPartOf":{"@id":"https:\/\/folhapopular.info\/#website"},"primaryImageOfPage":{"@id":"https:\/\/folhapopular.info\/index.php\/2024\/10\/12\/associacao-teutonia-ciclismo-realiza-13-passeio-de-dia-das-criancas\/#primaryimage"},"image":{"@id":"https:\/\/folhapopular.info\/index.php\/2024\/10\/12\/associacao-teutonia-ciclismo-realiza-13-passeio-de-dia-das-criancas\/#primaryimage"},"thumbnailUrl":"https:\/\/folhapopular.info\/wp-content\/uploads\/2024\/10\/WhatsApp-Image-2024-10-12-at-16.09.12.jpeg","datePublished":"2024-10-13T02:20:34+00:00","dateModified":"2024-10-13T02:20:37+00:00","author":{"@id":"https:\/\/folhapopular.info\/#\/schema\/person\/2814e8a0df7643585a9ca38bc6eb9d4b"},"breadcrumb":{"@id":"https:\/\/folhapopular.info\/index.php\/2024\/10\/12\/associacao-teutonia-ciclismo-realiza-13-passeio-de-dia-das-criancas\/#breadcrumb"},"inLanguage":"pt-BR","potentialAction":[{"@type":"ReadAction","target":["https:\/\/folhapopular.info\/index.php\/2024\/10\/12\/associacao-teutonia-ciclismo-realiza-13-passeio-de-dia-das-criancas\/"]}]},{"@type":"ImageObject","inLanguage":"pt-BR","@id":"https:\/\/folhapopular.info\/index.php\/2024\/10\/12\/associacao-teutonia-ciclismo-realiza-13-passeio-de-dia-das-criancas\/#primaryimage","url":"https:\/\/folhapopular.info\/wp-content\/uploads\/2024\/10\/WhatsApp-Image-2024-10-12-at-16.09.12.jpeg","contentUrl":"https:\/\/folhapopular.info\/wp-content\/uploads\/2024\/10\/WhatsApp-Image-2024-10-12-at-16.09.12.jpeg","width":1280,"height":960,"caption":"Cr\u00e9dito: Kelli Eduarda Wennecker"},{"@type":"BreadcrumbList","@id":"https:\/\/folhapopular.info\/index.php\/2024\/10\/12\/associacao-teutonia-ciclismo-realiza-13-passeio-de-dia-das-criancas\/#breadcrumb","itemListElement":[{"@type":"ListItem","position":1,"name":"In\u00edcio","item":"https:\/\/folhapopular.info\/"},{"@type":"ListItem","position":2,"name":"Associa\u00e7\u00e3o Teut\u00f4nia Ciclismo realiza 13\u00b0 passeio de Dia das Crian\u00e7as"}]},{"@type":"WebSite","@id":"https:\/\/folhapopular.info\/#website","url":"https:\/\/folhapopular.info\/","name":"Folha Popular","description":"Onde voc\u00ea tem vez e voz","potentialAction":[{"@type":"SearchAction","target":{"@type":"EntryPoint","urlTemplate":"https:\/\/folhapopular.info\/?s={search_term_string}"},"query-input":{"@type":"PropertyValueSpecification","valueRequired":true,"valueName":"search_term_string"}}],"inLanguage":"pt-BR"},{"@type":"Person","@id":"https:\/\/folhapopular.info\/#\/schema\/person\/2814e8a0df7643585a9ca38bc6eb9d4b","name":"Reda\u00e7\u00e3o Folha Popular","image":{"@type":"ImageObject","inLanguage":"pt-BR","@id":"https:\/\/folhapopular.info\/wp-content\/uploads\/2026\/04\/Folha-1.webp","url":"https:\/\/folhapopular.info\/wp-content\/uploads\/2026\/04\/Folha-1.webp","contentUrl":"https:\/\/folhapopular.info\/wp-content\/uploads\/2026\/04\/Folha-1.webp","caption":"Reda\u00e7\u00e3o Folha Popular"},"url":"https:\/\/folhapopular.info\/index.php\/author\/redacao\/"}]}},"jetpack_featured_media_url":"https:\/\/folhapopular.info\/wp-content\/uploads\/2024\/10\/WhatsApp-Image-2024-10-12-at-16.09.12.jpeg","jetpack_sharing_enabled":true,"amp_enabled":true,"_links":{"self":[{"href":"https:\/\/folhapopular.info\/index.php\/wp-json\/wp\/v2\/posts\/171696","targetHints":{"allow":["GET"]}}],"collection":[{"href":"https:\/\/folhapopular.info\/index.php\/wp-json\/wp\/v2\/posts"}],"about":[{"href":"https:\/\/folhapopular.info\/index.php\/wp-json\/wp\/v2\/types\/post"}],"author":[{"embeddable":true,"href":"https:\/\/folhapopular.info\/index.php\/wp-json\/wp\/v2\/users\/8"}],"replies":[{"embeddable":true,"href":"https:\/\/folhapopular.info\/index.php\/wp-json\/wp\/v2\/comments?post=171696"}],"version-history":[{"count":0,"href":"https:\/\/folhapopular.info\/index.php\/wp-json\/wp\/v2\/posts\/171696\/revisions"}],"wp:featuredmedia":[{"embeddable":true,"href":"https:\/\/folhapopular.info\/index.php\/wp-json\/wp\/v2\/media\/171697"}],"wp:attachment":[{"href":"https:\/\/folhapopular.info\/index.php\/wp-json\/wp\/v2\/media?parent=171696"}],"wp:term":[{"taxonomy":"category","embeddable":true,"href":"https:\/\/folhapopular.info\/index.php\/wp-json\/wp\/v2\/categories?post=171696"},{"taxonomy":"post_tag","embeddable":true,"href":"https:\/\/folhapopular.info\/index.php\/wp-json\/wp\/v2\/tags?post=171696"}],"curies":[{"name":"wp","href":"https:\/\/api.w.org\/{rel}","templated":true}]}}