{"id":172079,"date":"2024-10-16T13:00:00","date_gmt":"2024-10-16T16:00:00","guid":{"rendered":"https:\/\/folhapopular.info\/?p=172079"},"modified":"2024-10-16T09:11:25","modified_gmt":"2024-10-16T12:11:25","slug":"feira-do-livro-2024-inicia-nesta-quinta-feira-em-imigrante","status":"publish","type":"post","link":"https:\/\/folhapopular.info\/index.php\/2024\/10\/16\/feira-do-livro-2024-inicia-nesta-quinta-feira-em-imigrante\/","title":{"rendered":"Feira do Livro 2024 inicia nesta quinta-feira em Imigrante"},"content":{"rendered":"\n<p>Com o tema \u201cLer \u00e9 deixar a pr\u00f3pria viagem acontecer\u201d, a Feira do Livro de Imigrante inicia nesta quinta-feira e encerra no s\u00e1bado (17, 18 e 19\/10) no Gin\u00e1sio Municipal de Esportes. A frase escolhida \u00e9 de autoria da aluna Ana Sofia Kalkmann, do 8\u00ba ano da Emef Arco-\u00cdris. J\u00e1 o logo da Feira \u00e9 o desenho de Francisco Guilherme Meier, do 6\u00ba ano da Emef Santo Ant\u00f4nio.<\/p>\n\n\n\n<p>Nos tr\u00eas dias estar\u00e1 \u00e0 disposi\u00e7\u00e3o a exposi\u00e7\u00e3o M\u00e3os de ouro \u2013 Entre agulhas e mem\u00f3rias \u2013 Celebrando a costura, de Iselda Pelison e Pamela Kaplan. A exposi\u00e7\u00e3o j\u00e1 foi apresentada no Festival Cultural Alem\u00e3o Italiano, realizado em agosto.<\/p>\n\n\n\n<p>As atividades da Feira do Livro iniciam \u00e0s 8h e seguem ao longo do dia com teatro, <em>workshop<\/em> e apresenta\u00e7\u00e3o das escolas e da Orquestra Municipal. A abertura oficial da edi\u00e7\u00e3o de 2024 ocorre \u00e0s 19h. Tamb\u00e9m haver\u00e1 a premia\u00e7\u00e3o do slogan e logo, selecionados entre 10 propostas criadas pelos alunos. Todos receber\u00e3o um vale-livro.<\/p>\n\n\n\n<p>A sexta-feira inicia com a palestra do escritor Pedro Guerra. Na parte da tarde ser\u00e1 a vez do escritor Pablo Moreno. Em seguida, os alunos se encantar\u00e3o com a alegria da Cirkou Trupe. Na parte da noite haver\u00e1 apresenta\u00e7\u00f5es culturais da Orquestra Jovem, dos alunos da Educa\u00e7\u00e3o Infantil e da Cirkou Trupe.<\/p>\n\n\n\n<p>A Feira do Livro de Imigrante continua na manh\u00e3 de s\u00e1bado, que promete ser bem animada. Al\u00e9m da comercializa\u00e7\u00e3o de livros e da exposi\u00e7\u00e3o M\u00e3os de Ouro, as Escolas Arco \u00cdris e Santo Ant\u00f4nio ter\u00e3o o piquenique das fam\u00edlias. Para a anima\u00e7\u00e3o do p\u00fablico haver\u00e1 diversas brincadeiras, brinquedos infl\u00e1veis e a apresenta\u00e7\u00e3o da Cirkou Trupe.<\/p>\n\n\n\n<p>As atra\u00e7\u00f5es da Feira do Livro s\u00e3o gratuitas e a comunidade est\u00e1 convidada a participar.<\/p>\n\n\n\n<p><strong>Programa\u00e7\u00e3o completa:<\/strong><br><br><strong>17 de outubro \u2013 quinta-feira<\/strong><br>Exposi\u00e7\u00e3o e comercializa\u00e7\u00e3o de livros e atividades culturais<br>Exposi\u00e7\u00e3o M\u00e3os de ouro \u2013 Entre agulhas e mem\u00f3rias \u2013 Celebrando a costura<br>8h: In\u00edcio das atividades<br>8h30: Teatro \u2013 Pe\u00e7a: E se o meu livro falasse\/Atena produtora teatral<br>10h15 \u2013 <em>Workshop<\/em> Exposi\u00e7\u00e3o M\u00e3os de ouro \u2013 entre Agulhas e mem\u00f3rias \u2013 Celebrando a costura<br>Palestrantes: Iselda Pelison e Pamela Kaplan<br>Anos Finais &#8211; Ensino Fundamental e Ensino M\u00e9dio<br>14h: Teatro \u2013 Pe\u00e7a O le\u00e3o e o rato\/Atena produtora teatral<br>15h30 \u2013 Workshop &#8211; Exposi\u00e7\u00e3o M\u00e3os de ouro \u2013 Entre agulhas e mem\u00f3rias \u2013 Celebrando a costura<br>Palestrantes: Iselda Pelison e Pamela Kaplan<br>Educa\u00e7\u00e3o Infantil e Anos Iniciais &#8211; Ensino Fundamental<br>19h: Solenidade Oficial de Abertura da Feira do Livro<br>Apresenta\u00e7\u00e3o Cultural: Orquestra Municipal de Imigrante<br>Alunos dos Anos Iniciais das Escolas da Rede Municipal de Ensino<br>22h: Encerramento das atividades<br><br><strong>18 de outubro \u2013 sexta-feira<\/strong><br>Exposi\u00e7\u00e3o e Comercializa\u00e7\u00e3o de livros<br>Atividades culturais<br>Exposi\u00e7\u00e3o M\u00e3os de ouro \u2013 Entre agulhas e mem\u00f3rias \u2013 Celebrando a costura<br>8h: In\u00edcio das atividades da Feira do Livro<br>8h30: Palestra com o escritor Pedro Guerra<br>Anos Finais &#8211; Ensino Fundamental e Ensino M\u00e9dio<br>13h30: Palestra com o Escritor Pablo Moreno<br>Anos Iniciais &#8211; Ensino Fundamental<br>15h15: Palestra com o Escritor Pablo Moreno<br>Educa\u00e7\u00e3o Infantil<br>16h: Cirkou trupe<br>Educa\u00e7\u00e3o Infantil e Anos Iniciais &#8211; Ensino Fundamental<br>19h: Apresenta\u00e7\u00e3o Cultural:<br>\u2022 Orquestra Jovem<br>\u2022 Alunos da Educa\u00e7\u00e3o Infantil da Rede Municipal de Ensino<br>\u2022 Cirkou trupe<br>22h: Encerramento das atividades<br><br><strong>19 de outubro \u2013 s\u00e1bado<\/strong><br>Exposi\u00e7\u00e3o e comercializa\u00e7\u00e3o de livros<br>Atividades culturais<br>Exposi\u00e7\u00e3o M\u00e3os de ouro \u2013 Entre agulhas e mem\u00f3rias \u2013 Celebrando a costura<br>8h: Piquenique das fam\u00edlias<br>Emefs Arco-\u00cdris e Santo Ant\u00f4nio<br>\u2022 Apresenta\u00e7\u00e3o do Cirkou Trupe<br>\u2022 Brinquedos infl\u00e1veis<br>\u2022 Brincadeiras<\/p>\n","protected":false},"excerpt":{"rendered":"<p>Com o tema \u201cLer \u00e9 deixar a pr\u00f3pria viagem acontecer\u201d, a Feira do Livro de Imigrante inicia nesta quinta-feira e encerra no s\u00e1bado (17, 18 e 19\/10) no Gin\u00e1sio Municipal de Esportes. A frase escolhida \u00e9 de autoria da aluna Ana Sofia Kalkmann, do 8\u00ba ano da Emef Arco-\u00cdris. J\u00e1 o logo da Feira \u00e9 [&hellip;]<\/p>\n","protected":false},"author":8,"featured_media":172081,"comment_status":"open","ping_status":"open","sticky":false,"template":"","format":"standard","meta":{"pmpro_default_level":"","_jetpack_memberships_contains_paid_content":false,"footnotes":""},"categories":[10996,2,6],"tags":[322,34,2002],"class_list":{"0":"post-172079","1":"post","2":"type-post","3":"status-publish","4":"format-standard","5":"has-post-thumbnail","7":"category-cultura","8":"category-featured","9":"category-inclusive","10":"tag-feira-do-livro","11":"tag-imigrante","12":"tag-livros","13":"pmpro-has-access"},"yoast_head":"<!-- This site is optimized with the Yoast SEO plugin v27.5 - https:\/\/yoast.com\/product\/yoast-seo-wordpress\/ -->\n<title>Feira do Livro 2024 inicia nesta quinta-feira em Imigrante - Folha Popular<\/title>\n<meta name=\"robots\" content=\"index, follow, max-snippet:-1, max-image-preview:large, max-video-preview:-1\" \/>\n<link rel=\"canonical\" href=\"https:\/\/folhapopular.info\/index.php\/2024\/10\/16\/feira-do-livro-2024-inicia-nesta-quinta-feira-em-imigrante\/\" \/>\n<meta property=\"og:locale\" content=\"pt_BR\" \/>\n<meta property=\"og:type\" content=\"article\" \/>\n<meta property=\"og:title\" content=\"Feira do Livro 2024 inicia nesta quinta-feira em Imigrante - Folha Popular\" \/>\n<meta property=\"og:description\" content=\"Com o tema \u201cLer \u00e9 deixar a pr\u00f3pria viagem acontecer\u201d, a Feira do Livro de Imigrante inicia nesta quinta-feira e encerra no s\u00e1bado (17, 18 e 19\/10) no Gin\u00e1sio Municipal de Esportes. A frase escolhida \u00e9 de autoria da aluna Ana Sofia Kalkmann, do 8\u00ba ano da Emef Arco-\u00cdris. J\u00e1 o logo da Feira \u00e9 [&hellip;]\" \/>\n<meta property=\"og:url\" content=\"https:\/\/folhapopular.info\/index.php\/2024\/10\/16\/feira-do-livro-2024-inicia-nesta-quinta-feira-em-imigrante\/\" \/>\n<meta property=\"og:site_name\" content=\"Folha Popular\" \/>\n<meta property=\"article:published_time\" content=\"2024-10-16T16:00:00+00:00\" \/>\n<meta property=\"og:image\" content=\"https:\/\/folhapopular.info\/wp-content\/uploads\/2024\/10\/Livraria-Kadernus-disponibilizara-as-obras-nesta-edicao_Cris-Thome_Divulgacao.jpeg\" \/>\n\t<meta property=\"og:image:width\" content=\"1600\" \/>\n\t<meta property=\"og:image:height\" content=\"1066\" \/>\n\t<meta property=\"og:image:type\" content=\"image\/jpeg\" \/>\n<meta name=\"author\" content=\"Reda\u00e7\u00e3o Folha Popular\" \/>\n<meta name=\"twitter:card\" content=\"summary_large_image\" \/>\n<meta name=\"twitter:label1\" content=\"Escrito por\" \/>\n\t<meta name=\"twitter:data1\" content=\"Reda\u00e7\u00e3o Folha Popular\" \/>\n\t<meta name=\"twitter:label2\" content=\"Est. tempo de leitura\" \/>\n\t<meta name=\"twitter:data2\" content=\"4 minutos\" \/>\n<script type=\"application\/ld+json\" class=\"yoast-schema-graph\">{\"@context\":\"https:\\\/\\\/schema.org\",\"@graph\":[{\"@type\":\"Article\",\"@id\":\"https:\\\/\\\/folhapopular.info\\\/index.php\\\/2024\\\/10\\\/16\\\/feira-do-livro-2024-inicia-nesta-quinta-feira-em-imigrante\\\/#article\",\"isPartOf\":{\"@id\":\"https:\\\/\\\/folhapopular.info\\\/index.php\\\/2024\\\/10\\\/16\\\/feira-do-livro-2024-inicia-nesta-quinta-feira-em-imigrante\\\/\"},\"author\":{\"name\":\"Reda\u00e7\u00e3o Folha Popular\",\"@id\":\"https:\\\/\\\/folhapopular.info\\\/#\\\/schema\\\/person\\\/2814e8a0df7643585a9ca38bc6eb9d4b\"},\"headline\":\"Feira do Livro 2024 inicia nesta quinta-feira em Imigrante\",\"datePublished\":\"2024-10-16T16:00:00+00:00\",\"mainEntityOfPage\":{\"@id\":\"https:\\\/\\\/folhapopular.info\\\/index.php\\\/2024\\\/10\\\/16\\\/feira-do-livro-2024-inicia-nesta-quinta-feira-em-imigrante\\\/\"},\"wordCount\":607,\"commentCount\":0,\"image\":{\"@id\":\"https:\\\/\\\/folhapopular.info\\\/index.php\\\/2024\\\/10\\\/16\\\/feira-do-livro-2024-inicia-nesta-quinta-feira-em-imigrante\\\/#primaryimage\"},\"thumbnailUrl\":\"https:\\\/\\\/folhapopular.info\\\/wp-content\\\/uploads\\\/2024\\\/10\\\/Livraria-Kadernus-disponibilizara-as-obras-nesta-edicao_Cris-Thome_Divulgacao.jpeg\",\"keywords\":[\"Feira do Livro\",\"Imigrante\",\"Livros\"],\"articleSection\":[\"Cultura\",\"Destaques\",\"Inclusive\"],\"inLanguage\":\"pt-BR\",\"potentialAction\":[{\"@type\":\"CommentAction\",\"name\":\"Comment\",\"target\":[\"https:\\\/\\\/folhapopular.info\\\/index.php\\\/2024\\\/10\\\/16\\\/feira-do-livro-2024-inicia-nesta-quinta-feira-em-imigrante\\\/#respond\"]}]},{\"@type\":\"WebPage\",\"@id\":\"https:\\\/\\\/folhapopular.info\\\/index.php\\\/2024\\\/10\\\/16\\\/feira-do-livro-2024-inicia-nesta-quinta-feira-em-imigrante\\\/\",\"url\":\"https:\\\/\\\/folhapopular.info\\\/index.php\\\/2024\\\/10\\\/16\\\/feira-do-livro-2024-inicia-nesta-quinta-feira-em-imigrante\\\/\",\"name\":\"Feira do Livro 2024 inicia nesta quinta-feira em Imigrante - Folha Popular\",\"isPartOf\":{\"@id\":\"https:\\\/\\\/folhapopular.info\\\/#website\"},\"primaryImageOfPage\":{\"@id\":\"https:\\\/\\\/folhapopular.info\\\/index.php\\\/2024\\\/10\\\/16\\\/feira-do-livro-2024-inicia-nesta-quinta-feira-em-imigrante\\\/#primaryimage\"},\"image\":{\"@id\":\"https:\\\/\\\/folhapopular.info\\\/index.php\\\/2024\\\/10\\\/16\\\/feira-do-livro-2024-inicia-nesta-quinta-feira-em-imigrante\\\/#primaryimage\"},\"thumbnailUrl\":\"https:\\\/\\\/folhapopular.info\\\/wp-content\\\/uploads\\\/2024\\\/10\\\/Livraria-Kadernus-disponibilizara-as-obras-nesta-edicao_Cris-Thome_Divulgacao.jpeg\",\"datePublished\":\"2024-10-16T16:00:00+00:00\",\"author\":{\"@id\":\"https:\\\/\\\/folhapopular.info\\\/#\\\/schema\\\/person\\\/2814e8a0df7643585a9ca38bc6eb9d4b\"},\"breadcrumb\":{\"@id\":\"https:\\\/\\\/folhapopular.info\\\/index.php\\\/2024\\\/10\\\/16\\\/feira-do-livro-2024-inicia-nesta-quinta-feira-em-imigrante\\\/#breadcrumb\"},\"inLanguage\":\"pt-BR\",\"potentialAction\":[{\"@type\":\"ReadAction\",\"target\":[\"https:\\\/\\\/folhapopular.info\\\/index.php\\\/2024\\\/10\\\/16\\\/feira-do-livro-2024-inicia-nesta-quinta-feira-em-imigrante\\\/\"]}]},{\"@type\":\"ImageObject\",\"inLanguage\":\"pt-BR\",\"@id\":\"https:\\\/\\\/folhapopular.info\\\/index.php\\\/2024\\\/10\\\/16\\\/feira-do-livro-2024-inicia-nesta-quinta-feira-em-imigrante\\\/#primaryimage\",\"url\":\"https:\\\/\\\/folhapopular.info\\\/wp-content\\\/uploads\\\/2024\\\/10\\\/Livraria-Kadernus-disponibilizara-as-obras-nesta-edicao_Cris-Thome_Divulgacao.jpeg\",\"contentUrl\":\"https:\\\/\\\/folhapopular.info\\\/wp-content\\\/uploads\\\/2024\\\/10\\\/Livraria-Kadernus-disponibilizara-as-obras-nesta-edicao_Cris-Thome_Divulgacao.jpeg\",\"width\":1600,\"height\":1066,\"caption\":\"Livraria Kadernu's disponibilizar\u00e1 as obras nesta edi\u00e7\u00e3o \\\/ Cr\u00e9dito: Cris Thom\u00e9 - Divulga\u00e7\u00e3o\"},{\"@type\":\"BreadcrumbList\",\"@id\":\"https:\\\/\\\/folhapopular.info\\\/index.php\\\/2024\\\/10\\\/16\\\/feira-do-livro-2024-inicia-nesta-quinta-feira-em-imigrante\\\/#breadcrumb\",\"itemListElement\":[{\"@type\":\"ListItem\",\"position\":1,\"name\":\"In\u00edcio\",\"item\":\"https:\\\/\\\/folhapopular.info\\\/\"},{\"@type\":\"ListItem\",\"position\":2,\"name\":\"Feira do Livro 2024 inicia nesta quinta-feira em Imigrante\"}]},{\"@type\":\"WebSite\",\"@id\":\"https:\\\/\\\/folhapopular.info\\\/#website\",\"url\":\"https:\\\/\\\/folhapopular.info\\\/\",\"name\":\"Folha Popular\",\"description\":\"Onde voc\u00ea tem vez e voz\",\"potentialAction\":[{\"@type\":\"SearchAction\",\"target\":{\"@type\":\"EntryPoint\",\"urlTemplate\":\"https:\\\/\\\/folhapopular.info\\\/?s={search_term_string}\"},\"query-input\":{\"@type\":\"PropertyValueSpecification\",\"valueRequired\":true,\"valueName\":\"search_term_string\"}}],\"inLanguage\":\"pt-BR\"},{\"@type\":\"Person\",\"@id\":\"https:\\\/\\\/folhapopular.info\\\/#\\\/schema\\\/person\\\/2814e8a0df7643585a9ca38bc6eb9d4b\",\"name\":\"Reda\u00e7\u00e3o Folha Popular\",\"image\":{\"@type\":\"ImageObject\",\"inLanguage\":\"pt-BR\",\"@id\":\"https:\\\/\\\/folhapopular.info\\\/wp-content\\\/uploads\\\/2026\\\/04\\\/Folha-1.webp\",\"url\":\"https:\\\/\\\/folhapopular.info\\\/wp-content\\\/uploads\\\/2026\\\/04\\\/Folha-1.webp\",\"contentUrl\":\"https:\\\/\\\/folhapopular.info\\\/wp-content\\\/uploads\\\/2026\\\/04\\\/Folha-1.webp\",\"caption\":\"Reda\u00e7\u00e3o Folha Popular\"},\"url\":\"https:\\\/\\\/folhapopular.info\\\/index.php\\\/author\\\/redacao\\\/\"}]}<\/script>\n<!-- \/ Yoast SEO plugin. -->","yoast_head_json":{"title":"Feira do Livro 2024 inicia nesta quinta-feira em Imigrante - Folha Popular","robots":{"index":"index","follow":"follow","max-snippet":"max-snippet:-1","max-image-preview":"max-image-preview:large","max-video-preview":"max-video-preview:-1"},"canonical":"https:\/\/folhapopular.info\/index.php\/2024\/10\/16\/feira-do-livro-2024-inicia-nesta-quinta-feira-em-imigrante\/","og_locale":"pt_BR","og_type":"article","og_title":"Feira do Livro 2024 inicia nesta quinta-feira em Imigrante - Folha Popular","og_description":"Com o tema \u201cLer \u00e9 deixar a pr\u00f3pria viagem acontecer\u201d, a Feira do Livro de Imigrante inicia nesta quinta-feira e encerra no s\u00e1bado (17, 18 e 19\/10) no Gin\u00e1sio Municipal de Esportes. A frase escolhida \u00e9 de autoria da aluna Ana Sofia Kalkmann, do 8\u00ba ano da Emef Arco-\u00cdris. J\u00e1 o logo da Feira \u00e9 [&hellip;]","og_url":"https:\/\/folhapopular.info\/index.php\/2024\/10\/16\/feira-do-livro-2024-inicia-nesta-quinta-feira-em-imigrante\/","og_site_name":"Folha Popular","article_published_time":"2024-10-16T16:00:00+00:00","og_image":[{"width":1600,"height":1066,"url":"https:\/\/folhapopular.info\/wp-content\/uploads\/2024\/10\/Livraria-Kadernus-disponibilizara-as-obras-nesta-edicao_Cris-Thome_Divulgacao.jpeg","type":"image\/jpeg"}],"author":"Reda\u00e7\u00e3o Folha Popular","twitter_card":"summary_large_image","twitter_misc":{"Escrito por":"Reda\u00e7\u00e3o Folha Popular","Est. tempo de leitura":"4 minutos"},"schema":{"@context":"https:\/\/schema.org","@graph":[{"@type":"Article","@id":"https:\/\/folhapopular.info\/index.php\/2024\/10\/16\/feira-do-livro-2024-inicia-nesta-quinta-feira-em-imigrante\/#article","isPartOf":{"@id":"https:\/\/folhapopular.info\/index.php\/2024\/10\/16\/feira-do-livro-2024-inicia-nesta-quinta-feira-em-imigrante\/"},"author":{"name":"Reda\u00e7\u00e3o Folha Popular","@id":"https:\/\/folhapopular.info\/#\/schema\/person\/2814e8a0df7643585a9ca38bc6eb9d4b"},"headline":"Feira do Livro 2024 inicia nesta quinta-feira em Imigrante","datePublished":"2024-10-16T16:00:00+00:00","mainEntityOfPage":{"@id":"https:\/\/folhapopular.info\/index.php\/2024\/10\/16\/feira-do-livro-2024-inicia-nesta-quinta-feira-em-imigrante\/"},"wordCount":607,"commentCount":0,"image":{"@id":"https:\/\/folhapopular.info\/index.php\/2024\/10\/16\/feira-do-livro-2024-inicia-nesta-quinta-feira-em-imigrante\/#primaryimage"},"thumbnailUrl":"https:\/\/folhapopular.info\/wp-content\/uploads\/2024\/10\/Livraria-Kadernus-disponibilizara-as-obras-nesta-edicao_Cris-Thome_Divulgacao.jpeg","keywords":["Feira do Livro","Imigrante","Livros"],"articleSection":["Cultura","Destaques","Inclusive"],"inLanguage":"pt-BR","potentialAction":[{"@type":"CommentAction","name":"Comment","target":["https:\/\/folhapopular.info\/index.php\/2024\/10\/16\/feira-do-livro-2024-inicia-nesta-quinta-feira-em-imigrante\/#respond"]}]},{"@type":"WebPage","@id":"https:\/\/folhapopular.info\/index.php\/2024\/10\/16\/feira-do-livro-2024-inicia-nesta-quinta-feira-em-imigrante\/","url":"https:\/\/folhapopular.info\/index.php\/2024\/10\/16\/feira-do-livro-2024-inicia-nesta-quinta-feira-em-imigrante\/","name":"Feira do Livro 2024 inicia nesta quinta-feira em Imigrante - Folha Popular","isPartOf":{"@id":"https:\/\/folhapopular.info\/#website"},"primaryImageOfPage":{"@id":"https:\/\/folhapopular.info\/index.php\/2024\/10\/16\/feira-do-livro-2024-inicia-nesta-quinta-feira-em-imigrante\/#primaryimage"},"image":{"@id":"https:\/\/folhapopular.info\/index.php\/2024\/10\/16\/feira-do-livro-2024-inicia-nesta-quinta-feira-em-imigrante\/#primaryimage"},"thumbnailUrl":"https:\/\/folhapopular.info\/wp-content\/uploads\/2024\/10\/Livraria-Kadernus-disponibilizara-as-obras-nesta-edicao_Cris-Thome_Divulgacao.jpeg","datePublished":"2024-10-16T16:00:00+00:00","author":{"@id":"https:\/\/folhapopular.info\/#\/schema\/person\/2814e8a0df7643585a9ca38bc6eb9d4b"},"breadcrumb":{"@id":"https:\/\/folhapopular.info\/index.php\/2024\/10\/16\/feira-do-livro-2024-inicia-nesta-quinta-feira-em-imigrante\/#breadcrumb"},"inLanguage":"pt-BR","potentialAction":[{"@type":"ReadAction","target":["https:\/\/folhapopular.info\/index.php\/2024\/10\/16\/feira-do-livro-2024-inicia-nesta-quinta-feira-em-imigrante\/"]}]},{"@type":"ImageObject","inLanguage":"pt-BR","@id":"https:\/\/folhapopular.info\/index.php\/2024\/10\/16\/feira-do-livro-2024-inicia-nesta-quinta-feira-em-imigrante\/#primaryimage","url":"https:\/\/folhapopular.info\/wp-content\/uploads\/2024\/10\/Livraria-Kadernus-disponibilizara-as-obras-nesta-edicao_Cris-Thome_Divulgacao.jpeg","contentUrl":"https:\/\/folhapopular.info\/wp-content\/uploads\/2024\/10\/Livraria-Kadernus-disponibilizara-as-obras-nesta-edicao_Cris-Thome_Divulgacao.jpeg","width":1600,"height":1066,"caption":"Livraria Kadernu's disponibilizar\u00e1 as obras nesta edi\u00e7\u00e3o \/ Cr\u00e9dito: Cris Thom\u00e9 - Divulga\u00e7\u00e3o"},{"@type":"BreadcrumbList","@id":"https:\/\/folhapopular.info\/index.php\/2024\/10\/16\/feira-do-livro-2024-inicia-nesta-quinta-feira-em-imigrante\/#breadcrumb","itemListElement":[{"@type":"ListItem","position":1,"name":"In\u00edcio","item":"https:\/\/folhapopular.info\/"},{"@type":"ListItem","position":2,"name":"Feira do Livro 2024 inicia nesta quinta-feira em Imigrante"}]},{"@type":"WebSite","@id":"https:\/\/folhapopular.info\/#website","url":"https:\/\/folhapopular.info\/","name":"Folha Popular","description":"Onde voc\u00ea tem vez e voz","potentialAction":[{"@type":"SearchAction","target":{"@type":"EntryPoint","urlTemplate":"https:\/\/folhapopular.info\/?s={search_term_string}"},"query-input":{"@type":"PropertyValueSpecification","valueRequired":true,"valueName":"search_term_string"}}],"inLanguage":"pt-BR"},{"@type":"Person","@id":"https:\/\/folhapopular.info\/#\/schema\/person\/2814e8a0df7643585a9ca38bc6eb9d4b","name":"Reda\u00e7\u00e3o Folha Popular","image":{"@type":"ImageObject","inLanguage":"pt-BR","@id":"https:\/\/folhapopular.info\/wp-content\/uploads\/2026\/04\/Folha-1.webp","url":"https:\/\/folhapopular.info\/wp-content\/uploads\/2026\/04\/Folha-1.webp","contentUrl":"https:\/\/folhapopular.info\/wp-content\/uploads\/2026\/04\/Folha-1.webp","caption":"Reda\u00e7\u00e3o Folha Popular"},"url":"https:\/\/folhapopular.info\/index.php\/author\/redacao\/"}]}},"jetpack_featured_media_url":"https:\/\/folhapopular.info\/wp-content\/uploads\/2024\/10\/Livraria-Kadernus-disponibilizara-as-obras-nesta-edicao_Cris-Thome_Divulgacao.jpeg","jetpack_sharing_enabled":true,"amp_enabled":true,"_links":{"self":[{"href":"https:\/\/folhapopular.info\/index.php\/wp-json\/wp\/v2\/posts\/172079","targetHints":{"allow":["GET"]}}],"collection":[{"href":"https:\/\/folhapopular.info\/index.php\/wp-json\/wp\/v2\/posts"}],"about":[{"href":"https:\/\/folhapopular.info\/index.php\/wp-json\/wp\/v2\/types\/post"}],"author":[{"embeddable":true,"href":"https:\/\/folhapopular.info\/index.php\/wp-json\/wp\/v2\/users\/8"}],"replies":[{"embeddable":true,"href":"https:\/\/folhapopular.info\/index.php\/wp-json\/wp\/v2\/comments?post=172079"}],"version-history":[{"count":0,"href":"https:\/\/folhapopular.info\/index.php\/wp-json\/wp\/v2\/posts\/172079\/revisions"}],"wp:featuredmedia":[{"embeddable":true,"href":"https:\/\/folhapopular.info\/index.php\/wp-json\/wp\/v2\/media\/172081"}],"wp:attachment":[{"href":"https:\/\/folhapopular.info\/index.php\/wp-json\/wp\/v2\/media?parent=172079"}],"wp:term":[{"taxonomy":"category","embeddable":true,"href":"https:\/\/folhapopular.info\/index.php\/wp-json\/wp\/v2\/categories?post=172079"},{"taxonomy":"post_tag","embeddable":true,"href":"https:\/\/folhapopular.info\/index.php\/wp-json\/wp\/v2\/tags?post=172079"}],"curies":[{"name":"wp","href":"https:\/\/api.w.org\/{rel}","templated":true}]}}