{"id":172080,"date":"2024-10-16T09:12:23","date_gmt":"2024-10-16T12:12:23","guid":{"rendered":"https:\/\/folhapopular.info\/?p=172080"},"modified":"2024-10-16T09:12:27","modified_gmt":"2024-10-16T12:12:27","slug":"obras-de-manutencao-na-ers-129-devem-comecar-nesta-semana","status":"publish","type":"post","link":"https:\/\/folhapopular.info\/index.php\/2024\/10\/16\/obras-de-manutencao-na-ers-129-devem-comecar-nesta-semana\/","title":{"rendered":"Obras de manuten\u00e7\u00e3o na ERS-129 devem come\u00e7ar nesta semana"},"content":{"rendered":"\n<p>As obras de manuten\u00e7\u00e3o na ERS-129, no trecho entre Roca Sales e Colinas, ter\u00e3o in\u00edcio at\u00e9 o fim de semana. O an\u00fancio foi feito na ter\u00e7a-feira (15\/10), em reuni\u00e3o do secret\u00e1rio de Log\u00edstica e Transportes, Juvir Costella, com lideran\u00e7as da Roca Sales.\u00a0Costella reafirmou que a reconstru\u00e7\u00e3o da rodovia, no trecho entre os dois munic\u00edpios, est\u00e1 nas 30 obras priorit\u00e1rias anunciadas pelo Governo do Estado e deve come\u00e7ar at\u00e9 o fim de 2024. <\/p>\n\n\n\n<p>A iniciativa integra o Plano Rio Grande, liderado pelo governador Eduardo Leite, um programa de reconstru\u00e7\u00e3o, adapta\u00e7\u00e3o e resili\u00eancia clim\u00e1tica do Estado que visa planejar, coordenar e executar a\u00e7\u00f5es para enfrentar as consequ\u00eancias sociais, econ\u00f4micas e ambientais da enchente hist\u00f3rica que atingiu o Rio Grande do Sul em 2024.<\/p>\n\n\n\n<p>\u201cS\u00e3o an\u00fancios importantes para essa rodovia, t\u00e3o fundamental para o escoamento da produ\u00e7\u00e3o da regi\u00e3o. As obras de manuten\u00e7\u00e3o devolver\u00e3o as condi\u00e7\u00f5es de trafegabilidade da via\u201d, destaca Costella.<\/p>\n\n\n\n<p>Para os trabalhos de reconstru\u00e7\u00e3o da ERS-129, o Departamento Aut\u00f4nomo de Estradas de Rodagem (DAER) j\u00e1 fez um anteprojeto e o encaminhar\u00e1 para aprova\u00e7\u00e3o do conselho gestor do Fundo do Plano Rio Grande (Funrigs).<\/p>\n\n\n\n<p>\u201cEm paralelo a isso, o DAER far\u00e1 a manuten\u00e7\u00e3o do trecho mediante contrato de conserva peri\u00f3dica de manuten\u00e7\u00e3o na rodovia\u201d, destaca o diretor-geral do Daer, Luciano Faustino.<\/p>\n\n\n\n<p>Participaram da reuni\u00e3o a presidente da C\u00e2mara de Vereadores de Roca Sales, Jaquisele Santos (MDB), os vereadores eleitos Caco (MDB), Luan Ludwig (MDB) e No\u00e9 Schaffer (MDB) e o secret\u00e1rio de administra\u00e7\u00e3o do munic\u00edpio, Silvinho Zart.<\/p>\n","protected":false},"excerpt":{"rendered":"<p>As obras de manuten\u00e7\u00e3o na ERS-129, no trecho entre Roca Sales e Colinas, ter\u00e3o in\u00edcio at\u00e9 o fim de semana. O an\u00fancio foi feito na ter\u00e7a-feira (15\/10), em reuni\u00e3o do secret\u00e1rio de Log\u00edstica e Transportes, Juvir Costella, com lideran\u00e7as da Roca Sales.\u00a0Costella reafirmou que a reconstru\u00e7\u00e3o da rodovia, no trecho entre os dois munic\u00edpios, est\u00e1 [&hellip;]<\/p>\n","protected":false},"author":8,"featured_media":172084,"comment_status":"open","ping_status":"open","sticky":false,"template":"","format":"standard","meta":{"pmpro_default_level":"","_jetpack_memberships_contains_paid_content":false,"footnotes":""},"categories":[7,10983],"tags":[655,11162,16492,707],"class_list":{"0":"post-172080","1":"post","2":"type-post","3":"status-publish","4":"format-standard","5":"has-post-thumbnail","7":"category-seguranca","8":"category-transito","9":"tag-ers-129","10":"tag-juvir-costella","11":"tag-obras-de-manutencao","12":"tag-roca-sales","13":"pmpro-has-access"},"yoast_head":"<!-- This site is optimized with the Yoast SEO plugin v27.5 - https:\/\/yoast.com\/product\/yoast-seo-wordpress\/ -->\n<title>Obras de manuten\u00e7\u00e3o na ERS-129 devem come\u00e7ar nesta semana - Folha Popular<\/title>\n<meta name=\"robots\" content=\"index, follow, max-snippet:-1, max-image-preview:large, max-video-preview:-1\" \/>\n<link rel=\"canonical\" href=\"https:\/\/folhapopular.info\/index.php\/2024\/10\/16\/obras-de-manutencao-na-ers-129-devem-comecar-nesta-semana\/\" \/>\n<meta property=\"og:locale\" content=\"pt_BR\" \/>\n<meta property=\"og:type\" content=\"article\" \/>\n<meta property=\"og:title\" content=\"Obras de manuten\u00e7\u00e3o na ERS-129 devem come\u00e7ar nesta semana - Folha Popular\" \/>\n<meta property=\"og:description\" content=\"As obras de manuten\u00e7\u00e3o na ERS-129, no trecho entre Roca Sales e Colinas, ter\u00e3o in\u00edcio at\u00e9 o fim de semana. O an\u00fancio foi feito na ter\u00e7a-feira (15\/10), em reuni\u00e3o do secret\u00e1rio de Log\u00edstica e Transportes, Juvir Costella, com lideran\u00e7as da Roca Sales.\u00a0Costella reafirmou que a reconstru\u00e7\u00e3o da rodovia, no trecho entre os dois munic\u00edpios, est\u00e1 [&hellip;]\" \/>\n<meta property=\"og:url\" content=\"https:\/\/folhapopular.info\/index.php\/2024\/10\/16\/obras-de-manutencao-na-ers-129-devem-comecar-nesta-semana\/\" \/>\n<meta property=\"og:site_name\" content=\"Folha Popular\" \/>\n<meta property=\"article:published_time\" content=\"2024-10-16T12:12:23+00:00\" \/>\n<meta property=\"article:modified_time\" content=\"2024-10-16T12:12:27+00:00\" \/>\n<meta property=\"og:image\" content=\"http:\/\/folhapopular.info\/wp-content\/uploads\/2024\/10\/15173014_144893_GD.jpeg\" \/>\n\t<meta property=\"og:image:width\" content=\"800\" \/>\n\t<meta property=\"og:image:height\" content=\"450\" \/>\n\t<meta property=\"og:image:type\" content=\"image\/jpeg\" \/>\n<meta name=\"author\" content=\"Reda\u00e7\u00e3o Folha Popular\" \/>\n<meta name=\"twitter:card\" content=\"summary_large_image\" \/>\n<meta name=\"twitter:label1\" content=\"Escrito por\" \/>\n\t<meta name=\"twitter:data1\" content=\"Reda\u00e7\u00e3o Folha Popular\" \/>\n\t<meta name=\"twitter:label2\" content=\"Est. tempo de leitura\" \/>\n\t<meta name=\"twitter:data2\" content=\"2 minutos\" \/>\n<script type=\"application\/ld+json\" class=\"yoast-schema-graph\">{\"@context\":\"https:\\\/\\\/schema.org\",\"@graph\":[{\"@type\":\"Article\",\"@id\":\"https:\\\/\\\/folhapopular.info\\\/index.php\\\/2024\\\/10\\\/16\\\/obras-de-manutencao-na-ers-129-devem-comecar-nesta-semana\\\/#article\",\"isPartOf\":{\"@id\":\"https:\\\/\\\/folhapopular.info\\\/index.php\\\/2024\\\/10\\\/16\\\/obras-de-manutencao-na-ers-129-devem-comecar-nesta-semana\\\/\"},\"author\":{\"name\":\"Reda\u00e7\u00e3o Folha Popular\",\"@id\":\"https:\\\/\\\/folhapopular.info\\\/#\\\/schema\\\/person\\\/2814e8a0df7643585a9ca38bc6eb9d4b\"},\"headline\":\"Obras de manuten\u00e7\u00e3o na ERS-129 devem come\u00e7ar nesta semana\",\"datePublished\":\"2024-10-16T12:12:23+00:00\",\"dateModified\":\"2024-10-16T12:12:27+00:00\",\"mainEntityOfPage\":{\"@id\":\"https:\\\/\\\/folhapopular.info\\\/index.php\\\/2024\\\/10\\\/16\\\/obras-de-manutencao-na-ers-129-devem-comecar-nesta-semana\\\/\"},\"wordCount\":294,\"commentCount\":0,\"image\":{\"@id\":\"https:\\\/\\\/folhapopular.info\\\/index.php\\\/2024\\\/10\\\/16\\\/obras-de-manutencao-na-ers-129-devem-comecar-nesta-semana\\\/#primaryimage\"},\"thumbnailUrl\":\"https:\\\/\\\/folhapopular.info\\\/wp-content\\\/uploads\\\/2024\\\/10\\\/15173014_144893_GD.jpeg\",\"keywords\":[\"ERS-129\",\"juvir costella\",\"Obras de manuten\u00e7\u00e3o\",\"Roca Sales\"],\"articleSection\":[\"Seguran\u00e7a\",\"Tr\u00e2nsito\"],\"inLanguage\":\"pt-BR\",\"potentialAction\":[{\"@type\":\"CommentAction\",\"name\":\"Comment\",\"target\":[\"https:\\\/\\\/folhapopular.info\\\/index.php\\\/2024\\\/10\\\/16\\\/obras-de-manutencao-na-ers-129-devem-comecar-nesta-semana\\\/#respond\"]}]},{\"@type\":\"WebPage\",\"@id\":\"https:\\\/\\\/folhapopular.info\\\/index.php\\\/2024\\\/10\\\/16\\\/obras-de-manutencao-na-ers-129-devem-comecar-nesta-semana\\\/\",\"url\":\"https:\\\/\\\/folhapopular.info\\\/index.php\\\/2024\\\/10\\\/16\\\/obras-de-manutencao-na-ers-129-devem-comecar-nesta-semana\\\/\",\"name\":\"Obras de manuten\u00e7\u00e3o na ERS-129 devem come\u00e7ar nesta semana - Folha Popular\",\"isPartOf\":{\"@id\":\"https:\\\/\\\/folhapopular.info\\\/#website\"},\"primaryImageOfPage\":{\"@id\":\"https:\\\/\\\/folhapopular.info\\\/index.php\\\/2024\\\/10\\\/16\\\/obras-de-manutencao-na-ers-129-devem-comecar-nesta-semana\\\/#primaryimage\"},\"image\":{\"@id\":\"https:\\\/\\\/folhapopular.info\\\/index.php\\\/2024\\\/10\\\/16\\\/obras-de-manutencao-na-ers-129-devem-comecar-nesta-semana\\\/#primaryimage\"},\"thumbnailUrl\":\"https:\\\/\\\/folhapopular.info\\\/wp-content\\\/uploads\\\/2024\\\/10\\\/15173014_144893_GD.jpeg\",\"datePublished\":\"2024-10-16T12:12:23+00:00\",\"dateModified\":\"2024-10-16T12:12:27+00:00\",\"author\":{\"@id\":\"https:\\\/\\\/folhapopular.info\\\/#\\\/schema\\\/person\\\/2814e8a0df7643585a9ca38bc6eb9d4b\"},\"breadcrumb\":{\"@id\":\"https:\\\/\\\/folhapopular.info\\\/index.php\\\/2024\\\/10\\\/16\\\/obras-de-manutencao-na-ers-129-devem-comecar-nesta-semana\\\/#breadcrumb\"},\"inLanguage\":\"pt-BR\",\"potentialAction\":[{\"@type\":\"ReadAction\",\"target\":[\"https:\\\/\\\/folhapopular.info\\\/index.php\\\/2024\\\/10\\\/16\\\/obras-de-manutencao-na-ers-129-devem-comecar-nesta-semana\\\/\"]}]},{\"@type\":\"ImageObject\",\"inLanguage\":\"pt-BR\",\"@id\":\"https:\\\/\\\/folhapopular.info\\\/index.php\\\/2024\\\/10\\\/16\\\/obras-de-manutencao-na-ers-129-devem-comecar-nesta-semana\\\/#primaryimage\",\"url\":\"https:\\\/\\\/folhapopular.info\\\/wp-content\\\/uploads\\\/2024\\\/10\\\/15173014_144893_GD.jpeg\",\"contentUrl\":\"https:\\\/\\\/folhapopular.info\\\/wp-content\\\/uploads\\\/2024\\\/10\\\/15173014_144893_GD.jpeg\",\"width\":800,\"height\":450,\"caption\":\"Cr\u00e9dito: Fabricio Santos \\\/ Ascom \\\/ Selt\"},{\"@type\":\"BreadcrumbList\",\"@id\":\"https:\\\/\\\/folhapopular.info\\\/index.php\\\/2024\\\/10\\\/16\\\/obras-de-manutencao-na-ers-129-devem-comecar-nesta-semana\\\/#breadcrumb\",\"itemListElement\":[{\"@type\":\"ListItem\",\"position\":1,\"name\":\"In\u00edcio\",\"item\":\"https:\\\/\\\/folhapopular.info\\\/\"},{\"@type\":\"ListItem\",\"position\":2,\"name\":\"Obras de manuten\u00e7\u00e3o na ERS-129 devem come\u00e7ar nesta semana\"}]},{\"@type\":\"WebSite\",\"@id\":\"https:\\\/\\\/folhapopular.info\\\/#website\",\"url\":\"https:\\\/\\\/folhapopular.info\\\/\",\"name\":\"Folha Popular\",\"description\":\"Onde voc\u00ea tem vez e voz\",\"potentialAction\":[{\"@type\":\"SearchAction\",\"target\":{\"@type\":\"EntryPoint\",\"urlTemplate\":\"https:\\\/\\\/folhapopular.info\\\/?s={search_term_string}\"},\"query-input\":{\"@type\":\"PropertyValueSpecification\",\"valueRequired\":true,\"valueName\":\"search_term_string\"}}],\"inLanguage\":\"pt-BR\"},{\"@type\":\"Person\",\"@id\":\"https:\\\/\\\/folhapopular.info\\\/#\\\/schema\\\/person\\\/2814e8a0df7643585a9ca38bc6eb9d4b\",\"name\":\"Reda\u00e7\u00e3o Folha Popular\",\"image\":{\"@type\":\"ImageObject\",\"inLanguage\":\"pt-BR\",\"@id\":\"https:\\\/\\\/folhapopular.info\\\/wp-content\\\/uploads\\\/2026\\\/04\\\/Folha-1.webp\",\"url\":\"https:\\\/\\\/folhapopular.info\\\/wp-content\\\/uploads\\\/2026\\\/04\\\/Folha-1.webp\",\"contentUrl\":\"https:\\\/\\\/folhapopular.info\\\/wp-content\\\/uploads\\\/2026\\\/04\\\/Folha-1.webp\",\"caption\":\"Reda\u00e7\u00e3o Folha Popular\"},\"url\":\"https:\\\/\\\/folhapopular.info\\\/index.php\\\/author\\\/redacao\\\/\"}]}<\/script>\n<!-- \/ Yoast SEO plugin. -->","yoast_head_json":{"title":"Obras de manuten\u00e7\u00e3o na ERS-129 devem come\u00e7ar nesta semana - Folha Popular","robots":{"index":"index","follow":"follow","max-snippet":"max-snippet:-1","max-image-preview":"max-image-preview:large","max-video-preview":"max-video-preview:-1"},"canonical":"https:\/\/folhapopular.info\/index.php\/2024\/10\/16\/obras-de-manutencao-na-ers-129-devem-comecar-nesta-semana\/","og_locale":"pt_BR","og_type":"article","og_title":"Obras de manuten\u00e7\u00e3o na ERS-129 devem come\u00e7ar nesta semana - Folha Popular","og_description":"As obras de manuten\u00e7\u00e3o na ERS-129, no trecho entre Roca Sales e Colinas, ter\u00e3o in\u00edcio at\u00e9 o fim de semana. O an\u00fancio foi feito na ter\u00e7a-feira (15\/10), em reuni\u00e3o do secret\u00e1rio de Log\u00edstica e Transportes, Juvir Costella, com lideran\u00e7as da Roca Sales.\u00a0Costella reafirmou que a reconstru\u00e7\u00e3o da rodovia, no trecho entre os dois munic\u00edpios, est\u00e1 [&hellip;]","og_url":"https:\/\/folhapopular.info\/index.php\/2024\/10\/16\/obras-de-manutencao-na-ers-129-devem-comecar-nesta-semana\/","og_site_name":"Folha Popular","article_published_time":"2024-10-16T12:12:23+00:00","article_modified_time":"2024-10-16T12:12:27+00:00","og_image":[{"width":800,"height":450,"url":"http:\/\/folhapopular.info\/wp-content\/uploads\/2024\/10\/15173014_144893_GD.jpeg","type":"image\/jpeg"}],"author":"Reda\u00e7\u00e3o Folha Popular","twitter_card":"summary_large_image","twitter_misc":{"Escrito por":"Reda\u00e7\u00e3o Folha Popular","Est. tempo de leitura":"2 minutos"},"schema":{"@context":"https:\/\/schema.org","@graph":[{"@type":"Article","@id":"https:\/\/folhapopular.info\/index.php\/2024\/10\/16\/obras-de-manutencao-na-ers-129-devem-comecar-nesta-semana\/#article","isPartOf":{"@id":"https:\/\/folhapopular.info\/index.php\/2024\/10\/16\/obras-de-manutencao-na-ers-129-devem-comecar-nesta-semana\/"},"author":{"name":"Reda\u00e7\u00e3o Folha Popular","@id":"https:\/\/folhapopular.info\/#\/schema\/person\/2814e8a0df7643585a9ca38bc6eb9d4b"},"headline":"Obras de manuten\u00e7\u00e3o na ERS-129 devem come\u00e7ar nesta semana","datePublished":"2024-10-16T12:12:23+00:00","dateModified":"2024-10-16T12:12:27+00:00","mainEntityOfPage":{"@id":"https:\/\/folhapopular.info\/index.php\/2024\/10\/16\/obras-de-manutencao-na-ers-129-devem-comecar-nesta-semana\/"},"wordCount":294,"commentCount":0,"image":{"@id":"https:\/\/folhapopular.info\/index.php\/2024\/10\/16\/obras-de-manutencao-na-ers-129-devem-comecar-nesta-semana\/#primaryimage"},"thumbnailUrl":"https:\/\/folhapopular.info\/wp-content\/uploads\/2024\/10\/15173014_144893_GD.jpeg","keywords":["ERS-129","juvir costella","Obras de manuten\u00e7\u00e3o","Roca Sales"],"articleSection":["Seguran\u00e7a","Tr\u00e2nsito"],"inLanguage":"pt-BR","potentialAction":[{"@type":"CommentAction","name":"Comment","target":["https:\/\/folhapopular.info\/index.php\/2024\/10\/16\/obras-de-manutencao-na-ers-129-devem-comecar-nesta-semana\/#respond"]}]},{"@type":"WebPage","@id":"https:\/\/folhapopular.info\/index.php\/2024\/10\/16\/obras-de-manutencao-na-ers-129-devem-comecar-nesta-semana\/","url":"https:\/\/folhapopular.info\/index.php\/2024\/10\/16\/obras-de-manutencao-na-ers-129-devem-comecar-nesta-semana\/","name":"Obras de manuten\u00e7\u00e3o na ERS-129 devem come\u00e7ar nesta semana - Folha Popular","isPartOf":{"@id":"https:\/\/folhapopular.info\/#website"},"primaryImageOfPage":{"@id":"https:\/\/folhapopular.info\/index.php\/2024\/10\/16\/obras-de-manutencao-na-ers-129-devem-comecar-nesta-semana\/#primaryimage"},"image":{"@id":"https:\/\/folhapopular.info\/index.php\/2024\/10\/16\/obras-de-manutencao-na-ers-129-devem-comecar-nesta-semana\/#primaryimage"},"thumbnailUrl":"https:\/\/folhapopular.info\/wp-content\/uploads\/2024\/10\/15173014_144893_GD.jpeg","datePublished":"2024-10-16T12:12:23+00:00","dateModified":"2024-10-16T12:12:27+00:00","author":{"@id":"https:\/\/folhapopular.info\/#\/schema\/person\/2814e8a0df7643585a9ca38bc6eb9d4b"},"breadcrumb":{"@id":"https:\/\/folhapopular.info\/index.php\/2024\/10\/16\/obras-de-manutencao-na-ers-129-devem-comecar-nesta-semana\/#breadcrumb"},"inLanguage":"pt-BR","potentialAction":[{"@type":"ReadAction","target":["https:\/\/folhapopular.info\/index.php\/2024\/10\/16\/obras-de-manutencao-na-ers-129-devem-comecar-nesta-semana\/"]}]},{"@type":"ImageObject","inLanguage":"pt-BR","@id":"https:\/\/folhapopular.info\/index.php\/2024\/10\/16\/obras-de-manutencao-na-ers-129-devem-comecar-nesta-semana\/#primaryimage","url":"https:\/\/folhapopular.info\/wp-content\/uploads\/2024\/10\/15173014_144893_GD.jpeg","contentUrl":"https:\/\/folhapopular.info\/wp-content\/uploads\/2024\/10\/15173014_144893_GD.jpeg","width":800,"height":450,"caption":"Cr\u00e9dito: Fabricio Santos \/ Ascom \/ Selt"},{"@type":"BreadcrumbList","@id":"https:\/\/folhapopular.info\/index.php\/2024\/10\/16\/obras-de-manutencao-na-ers-129-devem-comecar-nesta-semana\/#breadcrumb","itemListElement":[{"@type":"ListItem","position":1,"name":"In\u00edcio","item":"https:\/\/folhapopular.info\/"},{"@type":"ListItem","position":2,"name":"Obras de manuten\u00e7\u00e3o na ERS-129 devem come\u00e7ar nesta semana"}]},{"@type":"WebSite","@id":"https:\/\/folhapopular.info\/#website","url":"https:\/\/folhapopular.info\/","name":"Folha Popular","description":"Onde voc\u00ea tem vez e voz","potentialAction":[{"@type":"SearchAction","target":{"@type":"EntryPoint","urlTemplate":"https:\/\/folhapopular.info\/?s={search_term_string}"},"query-input":{"@type":"PropertyValueSpecification","valueRequired":true,"valueName":"search_term_string"}}],"inLanguage":"pt-BR"},{"@type":"Person","@id":"https:\/\/folhapopular.info\/#\/schema\/person\/2814e8a0df7643585a9ca38bc6eb9d4b","name":"Reda\u00e7\u00e3o Folha Popular","image":{"@type":"ImageObject","inLanguage":"pt-BR","@id":"https:\/\/folhapopular.info\/wp-content\/uploads\/2026\/04\/Folha-1.webp","url":"https:\/\/folhapopular.info\/wp-content\/uploads\/2026\/04\/Folha-1.webp","contentUrl":"https:\/\/folhapopular.info\/wp-content\/uploads\/2026\/04\/Folha-1.webp","caption":"Reda\u00e7\u00e3o Folha Popular"},"url":"https:\/\/folhapopular.info\/index.php\/author\/redacao\/"}]}},"jetpack_featured_media_url":"https:\/\/folhapopular.info\/wp-content\/uploads\/2024\/10\/15173014_144893_GD.jpeg","jetpack_sharing_enabled":true,"amp_enabled":true,"_links":{"self":[{"href":"https:\/\/folhapopular.info\/index.php\/wp-json\/wp\/v2\/posts\/172080","targetHints":{"allow":["GET"]}}],"collection":[{"href":"https:\/\/folhapopular.info\/index.php\/wp-json\/wp\/v2\/posts"}],"about":[{"href":"https:\/\/folhapopular.info\/index.php\/wp-json\/wp\/v2\/types\/post"}],"author":[{"embeddable":true,"href":"https:\/\/folhapopular.info\/index.php\/wp-json\/wp\/v2\/users\/8"}],"replies":[{"embeddable":true,"href":"https:\/\/folhapopular.info\/index.php\/wp-json\/wp\/v2\/comments?post=172080"}],"version-history":[{"count":0,"href":"https:\/\/folhapopular.info\/index.php\/wp-json\/wp\/v2\/posts\/172080\/revisions"}],"wp:featuredmedia":[{"embeddable":true,"href":"https:\/\/folhapopular.info\/index.php\/wp-json\/wp\/v2\/media\/172084"}],"wp:attachment":[{"href":"https:\/\/folhapopular.info\/index.php\/wp-json\/wp\/v2\/media?parent=172080"}],"wp:term":[{"taxonomy":"category","embeddable":true,"href":"https:\/\/folhapopular.info\/index.php\/wp-json\/wp\/v2\/categories?post=172080"},{"taxonomy":"post_tag","embeddable":true,"href":"https:\/\/folhapopular.info\/index.php\/wp-json\/wp\/v2\/tags?post=172080"}],"curies":[{"name":"wp","href":"https:\/\/api.w.org\/{rel}","templated":true}]}}