{"id":172125,"date":"2024-10-16T14:00:00","date_gmt":"2024-10-16T17:00:00","guid":{"rendered":"https:\/\/folhapopular.info\/?p=172125"},"modified":"2024-10-16T10:32:34","modified_gmt":"2024-10-16T13:32:34","slug":"grupo-popular-abre-as-portas-para-os-pequenos","status":"publish","type":"post","link":"https:\/\/folhapopular.info\/index.php\/2024\/10\/16\/grupo-popular-abre-as-portas-para-os-pequenos\/","title":{"rendered":"Grupo Popular abre as portas para os pequenos"},"content":{"rendered":"\n<p>A ideia inicial era apenas receber as crian\u00e7as e os pais ou respons\u00e1veis para mostrar como \u00e9 o Grupo Popular, tanto no jornal quanto na r\u00e1dio. Mas a parceria foi t\u00e3o grande que a porta foi aberta e a Rua Major Bandeira foi fechada durante a manh\u00e3 de s\u00e1bado (12\/10) para acolher as crian\u00e7as e aquelas crian\u00e7as h\u00e1 mais tempo.<\/p>\n\n\n\n<p>A comunicadora Ketlin Abreu esteve \u00e0 frente da a\u00e7\u00e3o, junto aos locutores da R\u00e1dio Popular. Luis Roberto Closs ficou no comando da programa\u00e7\u00e3o da manh\u00e3 e recep\u00e7\u00e3o no est\u00fadio. Kenller Eduardo esteve na anima\u00e7\u00e3o e montagem das estruturas na \u00e1rea coberta em frente \u00e0 Comunidade Cat\u00f3lica Cristo Rei, de Languiru. A comunicadora Carla Beckmann esteve por tr\u00e1s das lentes, captando os registros de alegria e anima\u00e7\u00e3o. Ela tamb\u00e9m sortear\u00e1 um ensaio fotogr\u00e1fico.<\/p>\n\n\n\n<p>Claro, o momento uniu os esfor\u00e7os de todos do Grupo Popular de Comunica\u00e7\u00e3o na recep\u00e7\u00e3o de cerca de 70 participantes. Ketlin detalha que a ideia surgiu quando os comunicadores pensaram em realizar o sorteio de presentes para comemorar o Dia das Crian\u00e7as. Em grupo, foi decidido abrir as portas para a visita\u00e7\u00e3o das crian\u00e7as e promover uma manh\u00e3 com m\u00fasica, anima\u00e7\u00e3o e muitas cores e bal\u00f5es. \u201cEu estou feliz por ver as crian\u00e7as aqui dentro e pelo envolvimento de todo grupo, proporcionando sorrisos e alegria\u201d destaca.<\/p>\n\n\n\n<p>Para que o dia fosse incr\u00edvel, a a\u00e7\u00e3o teve a parceria da loja Fester\u00ea, contribuindo com os bal\u00f5es decorados. Grupo Passarela, Super \u00c1vila e Mercado do Bairro forneceram as guloseimas. A Padaria do Schons doou cuca de chocolate, fazendo a alegria dos grandes e dos pequenos.<\/p>\n\n\n\n<p>A anima\u00e7\u00e3o e os pulos foram garantidos pela cama el\u00e1stica emprestada pela Cooperativa Certel, e a trilha sonora com os cl\u00e1ssicos do sertanejo e do bail\u00e3o ficaram por conta de Yan Lima. Todas essas a\u00e7\u00f5es contaram com o voluntariado e sentimento de cooperativismo.<\/p>\n\n\n\n<p>Al\u00e9m dos brindes, o teutoniense Daniel Dornelles distribuiu kits com guloseimas e brinquedos. Daniel compra, a cada m\u00eas, alguns brinquedos para doar no Dia das Crian\u00e7as. Ele realiza essa a\u00e7\u00e3o voluntariamente h\u00e1 6 anos. A hist\u00f3ria dele estar\u00e1 nas p\u00e1ginas da Folha Popular de s\u00e1bado (19\/10).<\/p>\n\n\n\n<div class=\"wp-block-jetpack-slideshow aligncenter\" data-effect=\"slide\"><div class=\"wp-block-jetpack-slideshow_container swiper-container\"><ul class=\"wp-block-jetpack-slideshow_swiper-wrapper swiper-wrapper\"><li class=\"wp-block-jetpack-slideshow_slide swiper-slide\"><figure><img loading=\"lazy\" decoding=\"async\" width=\"768\" height=\"1024\" alt=\"\" class=\"wp-block-jetpack-slideshow_image wp-image-172137\" data-id=\"172137\" src=\"https:\/\/folhapopular.info\/wp-content\/uploads\/2024\/10\/IMG_4547-768x1024.jpg\" srcset=\"https:\/\/folhapopular.info\/wp-content\/uploads\/2024\/10\/IMG_4547-768x1024.jpg 768w, https:\/\/folhapopular.info\/wp-content\/uploads\/2024\/10\/IMG_4547-225x300.jpg 225w, https:\/\/folhapopular.info\/wp-content\/uploads\/2024\/10\/IMG_4547-1152x1536.jpg 1152w, https:\/\/folhapopular.info\/wp-content\/uploads\/2024\/10\/IMG_4547-1536x2048.jpg 1536w, https:\/\/folhapopular.info\/wp-content\/uploads\/2024\/10\/IMG_4547-315x420.jpg 315w, https:\/\/folhapopular.info\/wp-content\/uploads\/2024\/10\/IMG_4547-696x928.jpg 696w, https:\/\/folhapopular.info\/wp-content\/uploads\/2024\/10\/IMG_4547-1068x1424.jpg 1068w, https:\/\/folhapopular.info\/wp-content\/uploads\/2024\/10\/IMG_4547-scaled.jpg 1920w\" sizes=\"(max-width: 768px) 100vw, 768px\" \/><figcaption class=\"wp-block-jetpack-slideshow_caption gallery-caption\">Cr\u00e9dito: Carla Beckmann<\/figcaption><\/figure><\/li><li class=\"wp-block-jetpack-slideshow_slide swiper-slide\"><figure><img loading=\"lazy\" decoding=\"async\" width=\"768\" height=\"1024\" alt=\"\" class=\"wp-block-jetpack-slideshow_image wp-image-172138\" data-id=\"172138\" src=\"https:\/\/folhapopular.info\/wp-content\/uploads\/2024\/10\/IMG_4578-768x1024.jpg\" srcset=\"https:\/\/folhapopular.info\/wp-content\/uploads\/2024\/10\/IMG_4578-768x1024.jpg 768w, https:\/\/folhapopular.info\/wp-content\/uploads\/2024\/10\/IMG_4578-225x300.jpg 225w, https:\/\/folhapopular.info\/wp-content\/uploads\/2024\/10\/IMG_4578-1152x1536.jpg 1152w, https:\/\/folhapopular.info\/wp-content\/uploads\/2024\/10\/IMG_4578-1536x2048.jpg 1536w, https:\/\/folhapopular.info\/wp-content\/uploads\/2024\/10\/IMG_4578-315x420.jpg 315w, https:\/\/folhapopular.info\/wp-content\/uploads\/2024\/10\/IMG_4578-696x928.jpg 696w, https:\/\/folhapopular.info\/wp-content\/uploads\/2024\/10\/IMG_4578-1068x1424.jpg 1068w, https:\/\/folhapopular.info\/wp-content\/uploads\/2024\/10\/IMG_4578-scaled.jpg 1920w\" sizes=\"(max-width: 768px) 100vw, 768px\" \/><figcaption class=\"wp-block-jetpack-slideshow_caption gallery-caption\">Cr\u00e9dito: Carla Beckmann<\/figcaption><\/figure><\/li><li class=\"wp-block-jetpack-slideshow_slide swiper-slide\"><figure><img loading=\"lazy\" decoding=\"async\" width=\"768\" height=\"1024\" alt=\"\" class=\"wp-block-jetpack-slideshow_image wp-image-172140\" data-id=\"172140\" src=\"https:\/\/folhapopular.info\/wp-content\/uploads\/2024\/10\/Kellner-e-pouped-768x1024.jpg\" srcset=\"https:\/\/folhapopular.info\/wp-content\/uploads\/2024\/10\/Kellner-e-pouped-768x1024.jpg 768w, https:\/\/folhapopular.info\/wp-content\/uploads\/2024\/10\/Kellner-e-pouped-225x300.jpg 225w, https:\/\/folhapopular.info\/wp-content\/uploads\/2024\/10\/Kellner-e-pouped-1152x1536.jpg 1152w, https:\/\/folhapopular.info\/wp-content\/uploads\/2024\/10\/Kellner-e-pouped-1536x2048.jpg 1536w, https:\/\/folhapopular.info\/wp-content\/uploads\/2024\/10\/Kellner-e-pouped-315x420.jpg 315w, https:\/\/folhapopular.info\/wp-content\/uploads\/2024\/10\/Kellner-e-pouped-696x928.jpg 696w, https:\/\/folhapopular.info\/wp-content\/uploads\/2024\/10\/Kellner-e-pouped-1068x1424.jpg 1068w, https:\/\/folhapopular.info\/wp-content\/uploads\/2024\/10\/Kellner-e-pouped-scaled.jpg 1920w\" sizes=\"(max-width: 768px) 100vw, 768px\" \/><figcaption class=\"wp-block-jetpack-slideshow_caption gallery-caption\">Cr\u00e9dito: Carla Beckmann<\/figcaption><\/figure><\/li><\/ul><a class=\"wp-block-jetpack-slideshow_button-prev swiper-button-prev swiper-button-white\" role=\"button\"><\/a><a class=\"wp-block-jetpack-slideshow_button-next swiper-button-next swiper-button-white\" role=\"button\"><\/a><a aria-label=\"Pause Slideshow\" class=\"wp-block-jetpack-slideshow_button-pause\" role=\"button\"><\/a><div class=\"wp-block-jetpack-slideshow_pagination swiper-pagination swiper-pagination-white\"><\/div><\/div><\/div>\n\n\n\n<p><strong>Brindes fornecidos por:<\/strong><\/p>\n\n\n\n<p>Cristal J\u00f3ias<\/p>\n\n\n\n<p>\u00d3tica Lauro<\/p>\n\n\n\n<p>\u00d3pticas Reh<\/p>\n\n\n\n<p>\u00d3ticas Carol<\/p>\n\n\n\n<p>Ponto do Real<\/p>\n\n\n\n<p>Cresol<\/p>\n\n\n\n<p>Sicob<\/p>\n\n\n\n<p>Sicredi<\/p>\n\n\n\n<p>Lojas Reggla<\/p>\n\n\n\n<p>Bela Bita<\/p>\n\n\n\n<p>Botic\u00e1rio<\/p>\n\n\n\n<p>Wessel<\/p>\n\n\n\n<p>Sorvetes da Picky<\/p>\n\n\n\n<p>Snack Chicken<\/p>\n\n\n\n<p>Mercad\u00e3o dos \u00f3culos<\/p>\n","protected":false},"excerpt":{"rendered":"<p>A ideia inicial era apenas receber as crian\u00e7as e os pais ou respons\u00e1veis para mostrar como \u00e9 o Grupo Popular, tanto no jornal quanto na r\u00e1dio. Mas a parceria foi t\u00e3o grande que a porta foi aberta e a Rua Major Bandeira foi fechada durante a manh\u00e3 de s\u00e1bado (12\/10) para acolher as crian\u00e7as e [&hellip;]<\/p>\n","protected":false},"author":707,"featured_media":172126,"comment_status":"open","ping_status":"open","sticky":false,"template":"","format":"standard","meta":{"pmpro_default_level":"","_jetpack_memberships_contains_paid_content":false,"footnotes":""},"categories":[2,6,5795],"tags":[135,1119],"class_list":{"0":"post-172125","1":"post","2":"type-post","3":"status-publish","4":"format-standard","5":"has-post-thumbnail","7":"category-featured","8":"category-inclusive","9":"category-positividade","10":"tag-criancas","11":"tag-dia-das-criancas","12":"pmpro-has-access"},"yoast_head":"<!-- This site is optimized with the Yoast SEO plugin v27.5 - https:\/\/yoast.com\/product\/yoast-seo-wordpress\/ -->\n<title>Grupo Popular abre as portas para os pequenos - Folha Popular<\/title>\n<meta name=\"robots\" content=\"index, follow, max-snippet:-1, max-image-preview:large, max-video-preview:-1\" \/>\n<link rel=\"canonical\" href=\"https:\/\/folhapopular.info\/index.php\/2024\/10\/16\/grupo-popular-abre-as-portas-para-os-pequenos\/\" \/>\n<meta property=\"og:locale\" content=\"pt_BR\" \/>\n<meta property=\"og:type\" content=\"article\" \/>\n<meta property=\"og:title\" content=\"Grupo Popular abre as portas para os pequenos - Folha Popular\" \/>\n<meta property=\"og:description\" content=\"A ideia inicial era apenas receber as crian\u00e7as e os pais ou respons\u00e1veis para mostrar como \u00e9 o Grupo Popular, tanto no jornal quanto na r\u00e1dio. Mas a parceria foi t\u00e3o grande que a porta foi aberta e a Rua Major Bandeira foi fechada durante a manh\u00e3 de s\u00e1bado (12\/10) para acolher as crian\u00e7as e [&hellip;]\" \/>\n<meta property=\"og:url\" content=\"https:\/\/folhapopular.info\/index.php\/2024\/10\/16\/grupo-popular-abre-as-portas-para-os-pequenos\/\" \/>\n<meta property=\"og:site_name\" content=\"Folha Popular\" \/>\n<meta property=\"article:published_time\" content=\"2024-10-16T17:00:00+00:00\" \/>\n<meta property=\"og:image\" content=\"https:\/\/folhapopular.info\/wp-content\/uploads\/2024\/10\/Criancas-scaled-e1729085047592.jpg\" \/>\n\t<meta property=\"og:image:width\" content=\"1911\" \/>\n\t<meta property=\"og:image:height\" content=\"1373\" \/>\n\t<meta property=\"og:image:type\" content=\"image\/jpeg\" \/>\n<meta name=\"author\" content=\"Ariana de Oliveira\" \/>\n<meta name=\"twitter:card\" content=\"summary_large_image\" \/>\n<meta name=\"twitter:label1\" content=\"Escrito por\" \/>\n\t<meta name=\"twitter:data1\" content=\"Ariana de Oliveira\" \/>\n\t<meta name=\"twitter:label2\" content=\"Est. tempo de leitura\" \/>\n\t<meta name=\"twitter:data2\" content=\"3 minutos\" \/>\n<script type=\"application\/ld+json\" class=\"yoast-schema-graph\">{\"@context\":\"https:\\\/\\\/schema.org\",\"@graph\":[{\"@type\":\"Article\",\"@id\":\"https:\\\/\\\/folhapopular.info\\\/index.php\\\/2024\\\/10\\\/16\\\/grupo-popular-abre-as-portas-para-os-pequenos\\\/#article\",\"isPartOf\":{\"@id\":\"https:\\\/\\\/folhapopular.info\\\/index.php\\\/2024\\\/10\\\/16\\\/grupo-popular-abre-as-portas-para-os-pequenos\\\/\"},\"author\":{\"name\":\"Ariana de Oliveira\",\"@id\":\"https:\\\/\\\/folhapopular.info\\\/#\\\/schema\\\/person\\\/e80d332e33633a6164933af03d7ee1b2\"},\"headline\":\"Grupo Popular abre as portas para os pequenos\",\"datePublished\":\"2024-10-16T17:00:00+00:00\",\"mainEntityOfPage\":{\"@id\":\"https:\\\/\\\/folhapopular.info\\\/index.php\\\/2024\\\/10\\\/16\\\/grupo-popular-abre-as-portas-para-os-pequenos\\\/\"},\"wordCount\":443,\"commentCount\":0,\"image\":{\"@id\":\"https:\\\/\\\/folhapopular.info\\\/index.php\\\/2024\\\/10\\\/16\\\/grupo-popular-abre-as-portas-para-os-pequenos\\\/#primaryimage\"},\"thumbnailUrl\":\"https:\\\/\\\/folhapopular.info\\\/wp-content\\\/uploads\\\/2024\\\/10\\\/Criancas-scaled-e1729085047592.jpg\",\"keywords\":[\"Crian\u00e7as\",\"Dia das Crian\u00e7as\"],\"articleSection\":[\"Destaques\",\"Inclusive\",\"Positividade\"],\"inLanguage\":\"pt-BR\",\"potentialAction\":[{\"@type\":\"CommentAction\",\"name\":\"Comment\",\"target\":[\"https:\\\/\\\/folhapopular.info\\\/index.php\\\/2024\\\/10\\\/16\\\/grupo-popular-abre-as-portas-para-os-pequenos\\\/#respond\"]}]},{\"@type\":\"WebPage\",\"@id\":\"https:\\\/\\\/folhapopular.info\\\/index.php\\\/2024\\\/10\\\/16\\\/grupo-popular-abre-as-portas-para-os-pequenos\\\/\",\"url\":\"https:\\\/\\\/folhapopular.info\\\/index.php\\\/2024\\\/10\\\/16\\\/grupo-popular-abre-as-portas-para-os-pequenos\\\/\",\"name\":\"Grupo Popular abre as portas para os pequenos - Folha Popular\",\"isPartOf\":{\"@id\":\"https:\\\/\\\/folhapopular.info\\\/#website\"},\"primaryImageOfPage\":{\"@id\":\"https:\\\/\\\/folhapopular.info\\\/index.php\\\/2024\\\/10\\\/16\\\/grupo-popular-abre-as-portas-para-os-pequenos\\\/#primaryimage\"},\"image\":{\"@id\":\"https:\\\/\\\/folhapopular.info\\\/index.php\\\/2024\\\/10\\\/16\\\/grupo-popular-abre-as-portas-para-os-pequenos\\\/#primaryimage\"},\"thumbnailUrl\":\"https:\\\/\\\/folhapopular.info\\\/wp-content\\\/uploads\\\/2024\\\/10\\\/Criancas-scaled-e1729085047592.jpg\",\"datePublished\":\"2024-10-16T17:00:00+00:00\",\"author\":{\"@id\":\"https:\\\/\\\/folhapopular.info\\\/#\\\/schema\\\/person\\\/e80d332e33633a6164933af03d7ee1b2\"},\"breadcrumb\":{\"@id\":\"https:\\\/\\\/folhapopular.info\\\/index.php\\\/2024\\\/10\\\/16\\\/grupo-popular-abre-as-portas-para-os-pequenos\\\/#breadcrumb\"},\"inLanguage\":\"pt-BR\",\"potentialAction\":[{\"@type\":\"ReadAction\",\"target\":[\"https:\\\/\\\/folhapopular.info\\\/index.php\\\/2024\\\/10\\\/16\\\/grupo-popular-abre-as-portas-para-os-pequenos\\\/\"]}]},{\"@type\":\"ImageObject\",\"inLanguage\":\"pt-BR\",\"@id\":\"https:\\\/\\\/folhapopular.info\\\/index.php\\\/2024\\\/10\\\/16\\\/grupo-popular-abre-as-portas-para-os-pequenos\\\/#primaryimage\",\"url\":\"https:\\\/\\\/folhapopular.info\\\/wp-content\\\/uploads\\\/2024\\\/10\\\/Criancas-scaled-e1729085047592.jpg\",\"contentUrl\":\"https:\\\/\\\/folhapopular.info\\\/wp-content\\\/uploads\\\/2024\\\/10\\\/Criancas-scaled-e1729085047592.jpg\",\"width\":1911,\"height\":1373,\"caption\":\"Crian\u00e7as puderam conhecer os est\u00fadios e participar de atividades na rua \\\/ Cr\u00e9dito: Carla Beckmann\"},{\"@type\":\"BreadcrumbList\",\"@id\":\"https:\\\/\\\/folhapopular.info\\\/index.php\\\/2024\\\/10\\\/16\\\/grupo-popular-abre-as-portas-para-os-pequenos\\\/#breadcrumb\",\"itemListElement\":[{\"@type\":\"ListItem\",\"position\":1,\"name\":\"In\u00edcio\",\"item\":\"https:\\\/\\\/folhapopular.info\\\/\"},{\"@type\":\"ListItem\",\"position\":2,\"name\":\"Grupo Popular abre as portas para os pequenos\"}]},{\"@type\":\"WebSite\",\"@id\":\"https:\\\/\\\/folhapopular.info\\\/#website\",\"url\":\"https:\\\/\\\/folhapopular.info\\\/\",\"name\":\"Folha Popular\",\"description\":\"Onde voc\u00ea tem vez e voz\",\"potentialAction\":[{\"@type\":\"SearchAction\",\"target\":{\"@type\":\"EntryPoint\",\"urlTemplate\":\"https:\\\/\\\/folhapopular.info\\\/?s={search_term_string}\"},\"query-input\":{\"@type\":\"PropertyValueSpecification\",\"valueRequired\":true,\"valueName\":\"search_term_string\"}}],\"inLanguage\":\"pt-BR\"},{\"@type\":\"Person\",\"@id\":\"https:\\\/\\\/folhapopular.info\\\/#\\\/schema\\\/person\\\/e80d332e33633a6164933af03d7ee1b2\",\"name\":\"Ariana de Oliveira\",\"image\":{\"@type\":\"ImageObject\",\"inLanguage\":\"pt-BR\",\"@id\":\"https:\\\/\\\/secure.gravatar.com\\\/avatar\\\/f41f85ba276460e0a04f6d5aca07e53f273efeee7e662d9ef431432a18216f59?s=96&d=mm&r=g\",\"url\":\"https:\\\/\\\/secure.gravatar.com\\\/avatar\\\/f41f85ba276460e0a04f6d5aca07e53f273efeee7e662d9ef431432a18216f59?s=96&d=mm&r=g\",\"contentUrl\":\"https:\\\/\\\/secure.gravatar.com\\\/avatar\\\/f41f85ba276460e0a04f6d5aca07e53f273efeee7e662d9ef431432a18216f59?s=96&d=mm&r=g\",\"caption\":\"Ariana de Oliveira\"},\"url\":\"https:\\\/\\\/folhapopular.info\\\/index.php\\\/author\\\/ariana-deoliveiragmail-com\\\/\"}]}<\/script>\n<!-- \/ Yoast SEO plugin. -->","yoast_head_json":{"title":"Grupo Popular abre as portas para os pequenos - Folha Popular","robots":{"index":"index","follow":"follow","max-snippet":"max-snippet:-1","max-image-preview":"max-image-preview:large","max-video-preview":"max-video-preview:-1"},"canonical":"https:\/\/folhapopular.info\/index.php\/2024\/10\/16\/grupo-popular-abre-as-portas-para-os-pequenos\/","og_locale":"pt_BR","og_type":"article","og_title":"Grupo Popular abre as portas para os pequenos - Folha Popular","og_description":"A ideia inicial era apenas receber as crian\u00e7as e os pais ou respons\u00e1veis para mostrar como \u00e9 o Grupo Popular, tanto no jornal quanto na r\u00e1dio. Mas a parceria foi t\u00e3o grande que a porta foi aberta e a Rua Major Bandeira foi fechada durante a manh\u00e3 de s\u00e1bado (12\/10) para acolher as crian\u00e7as e [&hellip;]","og_url":"https:\/\/folhapopular.info\/index.php\/2024\/10\/16\/grupo-popular-abre-as-portas-para-os-pequenos\/","og_site_name":"Folha Popular","article_published_time":"2024-10-16T17:00:00+00:00","og_image":[{"width":1911,"height":1373,"url":"https:\/\/folhapopular.info\/wp-content\/uploads\/2024\/10\/Criancas-scaled-e1729085047592.jpg","type":"image\/jpeg"}],"author":"Ariana de Oliveira","twitter_card":"summary_large_image","twitter_misc":{"Escrito por":"Ariana de Oliveira","Est. tempo de leitura":"3 minutos"},"schema":{"@context":"https:\/\/schema.org","@graph":[{"@type":"Article","@id":"https:\/\/folhapopular.info\/index.php\/2024\/10\/16\/grupo-popular-abre-as-portas-para-os-pequenos\/#article","isPartOf":{"@id":"https:\/\/folhapopular.info\/index.php\/2024\/10\/16\/grupo-popular-abre-as-portas-para-os-pequenos\/"},"author":{"name":"Ariana de Oliveira","@id":"https:\/\/folhapopular.info\/#\/schema\/person\/e80d332e33633a6164933af03d7ee1b2"},"headline":"Grupo Popular abre as portas para os pequenos","datePublished":"2024-10-16T17:00:00+00:00","mainEntityOfPage":{"@id":"https:\/\/folhapopular.info\/index.php\/2024\/10\/16\/grupo-popular-abre-as-portas-para-os-pequenos\/"},"wordCount":443,"commentCount":0,"image":{"@id":"https:\/\/folhapopular.info\/index.php\/2024\/10\/16\/grupo-popular-abre-as-portas-para-os-pequenos\/#primaryimage"},"thumbnailUrl":"https:\/\/folhapopular.info\/wp-content\/uploads\/2024\/10\/Criancas-scaled-e1729085047592.jpg","keywords":["Crian\u00e7as","Dia das Crian\u00e7as"],"articleSection":["Destaques","Inclusive","Positividade"],"inLanguage":"pt-BR","potentialAction":[{"@type":"CommentAction","name":"Comment","target":["https:\/\/folhapopular.info\/index.php\/2024\/10\/16\/grupo-popular-abre-as-portas-para-os-pequenos\/#respond"]}]},{"@type":"WebPage","@id":"https:\/\/folhapopular.info\/index.php\/2024\/10\/16\/grupo-popular-abre-as-portas-para-os-pequenos\/","url":"https:\/\/folhapopular.info\/index.php\/2024\/10\/16\/grupo-popular-abre-as-portas-para-os-pequenos\/","name":"Grupo Popular abre as portas para os pequenos - Folha Popular","isPartOf":{"@id":"https:\/\/folhapopular.info\/#website"},"primaryImageOfPage":{"@id":"https:\/\/folhapopular.info\/index.php\/2024\/10\/16\/grupo-popular-abre-as-portas-para-os-pequenos\/#primaryimage"},"image":{"@id":"https:\/\/folhapopular.info\/index.php\/2024\/10\/16\/grupo-popular-abre-as-portas-para-os-pequenos\/#primaryimage"},"thumbnailUrl":"https:\/\/folhapopular.info\/wp-content\/uploads\/2024\/10\/Criancas-scaled-e1729085047592.jpg","datePublished":"2024-10-16T17:00:00+00:00","author":{"@id":"https:\/\/folhapopular.info\/#\/schema\/person\/e80d332e33633a6164933af03d7ee1b2"},"breadcrumb":{"@id":"https:\/\/folhapopular.info\/index.php\/2024\/10\/16\/grupo-popular-abre-as-portas-para-os-pequenos\/#breadcrumb"},"inLanguage":"pt-BR","potentialAction":[{"@type":"ReadAction","target":["https:\/\/folhapopular.info\/index.php\/2024\/10\/16\/grupo-popular-abre-as-portas-para-os-pequenos\/"]}]},{"@type":"ImageObject","inLanguage":"pt-BR","@id":"https:\/\/folhapopular.info\/index.php\/2024\/10\/16\/grupo-popular-abre-as-portas-para-os-pequenos\/#primaryimage","url":"https:\/\/folhapopular.info\/wp-content\/uploads\/2024\/10\/Criancas-scaled-e1729085047592.jpg","contentUrl":"https:\/\/folhapopular.info\/wp-content\/uploads\/2024\/10\/Criancas-scaled-e1729085047592.jpg","width":1911,"height":1373,"caption":"Crian\u00e7as puderam conhecer os est\u00fadios e participar de atividades na rua \/ Cr\u00e9dito: Carla Beckmann"},{"@type":"BreadcrumbList","@id":"https:\/\/folhapopular.info\/index.php\/2024\/10\/16\/grupo-popular-abre-as-portas-para-os-pequenos\/#breadcrumb","itemListElement":[{"@type":"ListItem","position":1,"name":"In\u00edcio","item":"https:\/\/folhapopular.info\/"},{"@type":"ListItem","position":2,"name":"Grupo Popular abre as portas para os pequenos"}]},{"@type":"WebSite","@id":"https:\/\/folhapopular.info\/#website","url":"https:\/\/folhapopular.info\/","name":"Folha Popular","description":"Onde voc\u00ea tem vez e voz","potentialAction":[{"@type":"SearchAction","target":{"@type":"EntryPoint","urlTemplate":"https:\/\/folhapopular.info\/?s={search_term_string}"},"query-input":{"@type":"PropertyValueSpecification","valueRequired":true,"valueName":"search_term_string"}}],"inLanguage":"pt-BR"},{"@type":"Person","@id":"https:\/\/folhapopular.info\/#\/schema\/person\/e80d332e33633a6164933af03d7ee1b2","name":"Ariana de Oliveira","image":{"@type":"ImageObject","inLanguage":"pt-BR","@id":"https:\/\/secure.gravatar.com\/avatar\/f41f85ba276460e0a04f6d5aca07e53f273efeee7e662d9ef431432a18216f59?s=96&d=mm&r=g","url":"https:\/\/secure.gravatar.com\/avatar\/f41f85ba276460e0a04f6d5aca07e53f273efeee7e662d9ef431432a18216f59?s=96&d=mm&r=g","contentUrl":"https:\/\/secure.gravatar.com\/avatar\/f41f85ba276460e0a04f6d5aca07e53f273efeee7e662d9ef431432a18216f59?s=96&d=mm&r=g","caption":"Ariana de Oliveira"},"url":"https:\/\/folhapopular.info\/index.php\/author\/ariana-deoliveiragmail-com\/"}]}},"jetpack_featured_media_url":"https:\/\/folhapopular.info\/wp-content\/uploads\/2024\/10\/Criancas-scaled-e1729085047592.jpg","jetpack_sharing_enabled":true,"amp_enabled":true,"_links":{"self":[{"href":"https:\/\/folhapopular.info\/index.php\/wp-json\/wp\/v2\/posts\/172125","targetHints":{"allow":["GET"]}}],"collection":[{"href":"https:\/\/folhapopular.info\/index.php\/wp-json\/wp\/v2\/posts"}],"about":[{"href":"https:\/\/folhapopular.info\/index.php\/wp-json\/wp\/v2\/types\/post"}],"author":[{"embeddable":true,"href":"https:\/\/folhapopular.info\/index.php\/wp-json\/wp\/v2\/users\/707"}],"replies":[{"embeddable":true,"href":"https:\/\/folhapopular.info\/index.php\/wp-json\/wp\/v2\/comments?post=172125"}],"version-history":[{"count":0,"href":"https:\/\/folhapopular.info\/index.php\/wp-json\/wp\/v2\/posts\/172125\/revisions"}],"wp:featuredmedia":[{"embeddable":true,"href":"https:\/\/folhapopular.info\/index.php\/wp-json\/wp\/v2\/media\/172126"}],"wp:attachment":[{"href":"https:\/\/folhapopular.info\/index.php\/wp-json\/wp\/v2\/media?parent=172125"}],"wp:term":[{"taxonomy":"category","embeddable":true,"href":"https:\/\/folhapopular.info\/index.php\/wp-json\/wp\/v2\/categories?post=172125"},{"taxonomy":"post_tag","embeddable":true,"href":"https:\/\/folhapopular.info\/index.php\/wp-json\/wp\/v2\/tags?post=172125"}],"curies":[{"name":"wp","href":"https:\/\/api.w.org\/{rel}","templated":true}]}}