{"id":172624,"date":"2024-10-22T15:06:39","date_gmt":"2024-10-22T18:06:39","guid":{"rendered":"https:\/\/folhapopular.info\/?p=172624"},"modified":"2024-10-22T15:18:31","modified_gmt":"2024-10-22T18:18:31","slug":"afonso-padilha-volta-ao-teatro-univates","status":"publish","type":"post","link":"https:\/\/folhapopular.info\/index.php\/2024\/10\/22\/afonso-padilha-volta-ao-teatro-univates\/","title":{"rendered":"Afonso Padilha volta ao Teatro Univates em novembro"},"content":{"rendered":"\n<p>O humorista Afonso Padilha voltar\u00e1 ao Teatro da&nbsp;<a href=\"https:\/\/www.univates.br\/\" target=\"_blank\" rel=\"noreferrer noopener\">Universidade do Vale do Taquari &#8211; Univates<\/a>&nbsp;em 13 de novembro (quarta-feira), \u00e0s 20h, para apresentar seu novo&nbsp;<em>show&nbsp;<\/em>de<em>&nbsp;stand up comedy<\/em>&nbsp;\u201cNingu\u00e9m se Importa\u201d, no qual conta novas hist\u00f3rias e faz o p\u00fablico dar muitas risadas. O evento estava programado para junho deste ano, mas precisou ser reagendado devido \u00e0s enchentes que atingiram o Rio Grande do Sul em maio.<\/p>\n\n\n\n<p>O evento \u00e9 realizado pela Artistaria Produtora de Humor e produzido pela Ju Miranda Produ\u00e7\u00f5es. Os ingressos podem ser adquiridos pelo\u00a0<a href=\"https:\/\/minhaentrada.com.br\/evento\/1311-afonso-padilha-stand-up-comedy-22940\" target=\"_blank\" rel=\"noreferrer noopener\"><em>site<\/em>\u00a0Minha Entrada<\/a> nos valores de R$ 40,00 a R$ 80,00 + taxas.\u00a0<\/p>\n\n\n\n<p>Clique\u00a0<a href=\"https:\/\/www.univates.br\/teatro\/politica-de-descontos\" target=\"_blank\" rel=\"noreferrer noopener\">aqui<\/a>para conferir mais informa\u00e7\u00f5es sobre pol\u00edticas de descontos. Em caso de d\u00favidas, entre em contato com o Teatro Univates pelo fone (51) 3714-7000, ramal 5946, ou pelo\u00a0<em>e-mail<\/em>\u00a0<a href=\"mailto:bilheteria@univates.br\" target=\"_blank\" rel=\"noreferrer noopener\">bilheteria@univates.br<\/a>.\u00a0<\/p>\n\n\n\n<p><strong>Saiba mais sobre a trajet\u00f3ria de Afonso Padilha e seu novo&nbsp;<\/strong><strong><em>show&nbsp;<\/em><\/strong><strong>de<\/strong><strong><em>&nbsp;stand up&nbsp;<\/em><\/strong><\/p>\n\n\n\n<p>Padilha come\u00e7ou no&nbsp;<em>stand up comedy<\/em>&nbsp;no fim do ano de 2009 fazendo&nbsp;<em>open mic<\/em>. Em 2011, entrou como convidado fixo do grupo \u201cSanta Com\u00e9dia\u201d e come\u00e7ou a viajar pelo Brasil participando dos melhores&nbsp;<em>shows<\/em>&nbsp;do circuito. Tamb\u00e9m participou dos programas \u201cTudo \u00e9 Poss\u00edvel\u201d, de Ana Hickmann, e \u201cAgora \u00e9 Tarde\u201d, de Danilo Gentili, e foi roteirista do \u201cPorta dos Fundos\u201d e do \u201c<em>Comedy Central<\/em>\u201d.<\/p>\n\n\n\n<p>Em \u201cNingu\u00e9m se Importa\u201d, Padilha faz coment\u00e1rios leves e divertidos sobre o fim do mundo e amigos virando adultos e tendo filhos. Suas observa\u00e7\u00f5es s\u00e3o sempre baseadas em experi\u00eancias pessoais.<\/p>\n\n\n\n<p><\/p>\n","protected":false},"excerpt":{"rendered":"<p>O humorista Afonso Padilha voltar\u00e1 ao Teatro da&nbsp;Universidade do Vale do Taquari &#8211; Univates&nbsp;em 13 de novembro (quarta-feira), \u00e0s 20h, para apresentar seu novo&nbsp;show&nbsp;de&nbsp;stand up comedy&nbsp;\u201cNingu\u00e9m se Importa\u201d, no qual conta novas hist\u00f3rias e faz o p\u00fablico dar muitas risadas. O evento estava programado para junho deste ano, mas precisou ser reagendado devido \u00e0s enchentes [&hellip;]<\/p>\n","protected":false},"author":8,"featured_media":172625,"comment_status":"open","ping_status":"open","sticky":false,"template":"","format":"standard","meta":{"pmpro_default_level":"","_jetpack_memberships_contains_paid_content":false,"footnotes":""},"categories":[10999,6],"tags":[],"class_list":{"0":"post-172624","1":"post","2":"type-post","3":"status-publish","4":"format-standard","5":"has-post-thumbnail","7":"category-entretenimento","8":"category-inclusive","9":"pmpro-has-access"},"yoast_head":"<!-- This site is optimized with the Yoast SEO plugin v27.5 - https:\/\/yoast.com\/product\/yoast-seo-wordpress\/ -->\n<title>Afonso Padilha volta ao Teatro Univates em novembro - Folha Popular<\/title>\n<meta name=\"robots\" content=\"index, follow, max-snippet:-1, max-image-preview:large, max-video-preview:-1\" \/>\n<link rel=\"canonical\" href=\"https:\/\/folhapopular.info\/index.php\/2024\/10\/22\/afonso-padilha-volta-ao-teatro-univates\/\" \/>\n<meta property=\"og:locale\" content=\"pt_BR\" \/>\n<meta property=\"og:type\" content=\"article\" \/>\n<meta property=\"og:title\" content=\"Afonso Padilha volta ao Teatro Univates em novembro - Folha Popular\" \/>\n<meta property=\"og:description\" content=\"O humorista Afonso Padilha voltar\u00e1 ao Teatro da&nbsp;Universidade do Vale do Taquari &#8211; Univates&nbsp;em 13 de novembro (quarta-feira), \u00e0s 20h, para apresentar seu novo&nbsp;show&nbsp;de&nbsp;stand up comedy&nbsp;\u201cNingu\u00e9m se Importa\u201d, no qual conta novas hist\u00f3rias e faz o p\u00fablico dar muitas risadas. O evento estava programado para junho deste ano, mas precisou ser reagendado devido \u00e0s enchentes [&hellip;]\" \/>\n<meta property=\"og:url\" content=\"https:\/\/folhapopular.info\/index.php\/2024\/10\/22\/afonso-padilha-volta-ao-teatro-univates\/\" \/>\n<meta property=\"og:site_name\" content=\"Folha Popular\" \/>\n<meta property=\"article:published_time\" content=\"2024-10-22T18:06:39+00:00\" \/>\n<meta property=\"article:modified_time\" content=\"2024-10-22T18:18:31+00:00\" \/>\n<meta property=\"og:image\" content=\"http:\/\/folhapopular.info\/wp-content\/uploads\/2024\/10\/1-Afonso-Padilha-volta-ao-Teatro-Univates-para-apresentar-seu-novo-show-de-stand-up.-Credito_-Divulgacao-Univates-Karen-Luana-Capoani.jpg\" \/>\n\t<meta property=\"og:image:width\" content=\"1501\" \/>\n\t<meta property=\"og:image:height\" content=\"1001\" \/>\n\t<meta property=\"og:image:type\" content=\"image\/jpeg\" \/>\n<meta name=\"author\" content=\"Reda\u00e7\u00e3o Folha Popular\" \/>\n<meta name=\"twitter:card\" content=\"summary_large_image\" \/>\n<meta name=\"twitter:label1\" content=\"Escrito por\" \/>\n\t<meta name=\"twitter:data1\" content=\"Reda\u00e7\u00e3o Folha Popular\" \/>\n\t<meta name=\"twitter:label2\" content=\"Est. tempo de leitura\" \/>\n\t<meta name=\"twitter:data2\" content=\"2 minutos\" \/>\n<script type=\"application\/ld+json\" class=\"yoast-schema-graph\">{\"@context\":\"https:\\\/\\\/schema.org\",\"@graph\":[{\"@type\":\"Article\",\"@id\":\"https:\\\/\\\/folhapopular.info\\\/index.php\\\/2024\\\/10\\\/22\\\/afonso-padilha-volta-ao-teatro-univates\\\/#article\",\"isPartOf\":{\"@id\":\"https:\\\/\\\/folhapopular.info\\\/index.php\\\/2024\\\/10\\\/22\\\/afonso-padilha-volta-ao-teatro-univates\\\/\"},\"author\":{\"name\":\"Reda\u00e7\u00e3o Folha Popular\",\"@id\":\"https:\\\/\\\/folhapopular.info\\\/#\\\/schema\\\/person\\\/2814e8a0df7643585a9ca38bc6eb9d4b\"},\"headline\":\"Afonso Padilha volta ao Teatro Univates em novembro\",\"datePublished\":\"2024-10-22T18:06:39+00:00\",\"dateModified\":\"2024-10-22T18:18:31+00:00\",\"mainEntityOfPage\":{\"@id\":\"https:\\\/\\\/folhapopular.info\\\/index.php\\\/2024\\\/10\\\/22\\\/afonso-padilha-volta-ao-teatro-univates\\\/\"},\"wordCount\":276,\"commentCount\":0,\"image\":{\"@id\":\"https:\\\/\\\/folhapopular.info\\\/index.php\\\/2024\\\/10\\\/22\\\/afonso-padilha-volta-ao-teatro-univates\\\/#primaryimage\"},\"thumbnailUrl\":\"https:\\\/\\\/folhapopular.info\\\/wp-content\\\/uploads\\\/2024\\\/10\\\/1-Afonso-Padilha-volta-ao-Teatro-Univates-para-apresentar-seu-novo-show-de-stand-up.-Credito_-Divulgacao-Univates-Karen-Luana-Capoani.jpg\",\"articleSection\":[\"Entretenimento\",\"Inclusive\"],\"inLanguage\":\"pt-BR\",\"potentialAction\":[{\"@type\":\"CommentAction\",\"name\":\"Comment\",\"target\":[\"https:\\\/\\\/folhapopular.info\\\/index.php\\\/2024\\\/10\\\/22\\\/afonso-padilha-volta-ao-teatro-univates\\\/#respond\"]}]},{\"@type\":\"WebPage\",\"@id\":\"https:\\\/\\\/folhapopular.info\\\/index.php\\\/2024\\\/10\\\/22\\\/afonso-padilha-volta-ao-teatro-univates\\\/\",\"url\":\"https:\\\/\\\/folhapopular.info\\\/index.php\\\/2024\\\/10\\\/22\\\/afonso-padilha-volta-ao-teatro-univates\\\/\",\"name\":\"Afonso Padilha volta ao Teatro Univates em novembro - Folha Popular\",\"isPartOf\":{\"@id\":\"https:\\\/\\\/folhapopular.info\\\/#website\"},\"primaryImageOfPage\":{\"@id\":\"https:\\\/\\\/folhapopular.info\\\/index.php\\\/2024\\\/10\\\/22\\\/afonso-padilha-volta-ao-teatro-univates\\\/#primaryimage\"},\"image\":{\"@id\":\"https:\\\/\\\/folhapopular.info\\\/index.php\\\/2024\\\/10\\\/22\\\/afonso-padilha-volta-ao-teatro-univates\\\/#primaryimage\"},\"thumbnailUrl\":\"https:\\\/\\\/folhapopular.info\\\/wp-content\\\/uploads\\\/2024\\\/10\\\/1-Afonso-Padilha-volta-ao-Teatro-Univates-para-apresentar-seu-novo-show-de-stand-up.-Credito_-Divulgacao-Univates-Karen-Luana-Capoani.jpg\",\"datePublished\":\"2024-10-22T18:06:39+00:00\",\"dateModified\":\"2024-10-22T18:18:31+00:00\",\"author\":{\"@id\":\"https:\\\/\\\/folhapopular.info\\\/#\\\/schema\\\/person\\\/2814e8a0df7643585a9ca38bc6eb9d4b\"},\"breadcrumb\":{\"@id\":\"https:\\\/\\\/folhapopular.info\\\/index.php\\\/2024\\\/10\\\/22\\\/afonso-padilha-volta-ao-teatro-univates\\\/#breadcrumb\"},\"inLanguage\":\"pt-BR\",\"potentialAction\":[{\"@type\":\"ReadAction\",\"target\":[\"https:\\\/\\\/folhapopular.info\\\/index.php\\\/2024\\\/10\\\/22\\\/afonso-padilha-volta-ao-teatro-univates\\\/\"]}]},{\"@type\":\"ImageObject\",\"inLanguage\":\"pt-BR\",\"@id\":\"https:\\\/\\\/folhapopular.info\\\/index.php\\\/2024\\\/10\\\/22\\\/afonso-padilha-volta-ao-teatro-univates\\\/#primaryimage\",\"url\":\"https:\\\/\\\/folhapopular.info\\\/wp-content\\\/uploads\\\/2024\\\/10\\\/1-Afonso-Padilha-volta-ao-Teatro-Univates-para-apresentar-seu-novo-show-de-stand-up.-Credito_-Divulgacao-Univates-Karen-Luana-Capoani.jpg\",\"contentUrl\":\"https:\\\/\\\/folhapopular.info\\\/wp-content\\\/uploads\\\/2024\\\/10\\\/1-Afonso-Padilha-volta-ao-Teatro-Univates-para-apresentar-seu-novo-show-de-stand-up.-Credito_-Divulgacao-Univates-Karen-Luana-Capoani.jpg\",\"width\":1501,\"height\":1001},{\"@type\":\"BreadcrumbList\",\"@id\":\"https:\\\/\\\/folhapopular.info\\\/index.php\\\/2024\\\/10\\\/22\\\/afonso-padilha-volta-ao-teatro-univates\\\/#breadcrumb\",\"itemListElement\":[{\"@type\":\"ListItem\",\"position\":1,\"name\":\"In\u00edcio\",\"item\":\"https:\\\/\\\/folhapopular.info\\\/\"},{\"@type\":\"ListItem\",\"position\":2,\"name\":\"Afonso Padilha volta ao Teatro Univates em novembro\"}]},{\"@type\":\"WebSite\",\"@id\":\"https:\\\/\\\/folhapopular.info\\\/#website\",\"url\":\"https:\\\/\\\/folhapopular.info\\\/\",\"name\":\"Folha Popular\",\"description\":\"Onde voc\u00ea tem vez e voz\",\"potentialAction\":[{\"@type\":\"SearchAction\",\"target\":{\"@type\":\"EntryPoint\",\"urlTemplate\":\"https:\\\/\\\/folhapopular.info\\\/?s={search_term_string}\"},\"query-input\":{\"@type\":\"PropertyValueSpecification\",\"valueRequired\":true,\"valueName\":\"search_term_string\"}}],\"inLanguage\":\"pt-BR\"},{\"@type\":\"Person\",\"@id\":\"https:\\\/\\\/folhapopular.info\\\/#\\\/schema\\\/person\\\/2814e8a0df7643585a9ca38bc6eb9d4b\",\"name\":\"Reda\u00e7\u00e3o Folha Popular\",\"image\":{\"@type\":\"ImageObject\",\"inLanguage\":\"pt-BR\",\"@id\":\"https:\\\/\\\/folhapopular.info\\\/wp-content\\\/uploads\\\/2026\\\/04\\\/Folha-1.webp\",\"url\":\"https:\\\/\\\/folhapopular.info\\\/wp-content\\\/uploads\\\/2026\\\/04\\\/Folha-1.webp\",\"contentUrl\":\"https:\\\/\\\/folhapopular.info\\\/wp-content\\\/uploads\\\/2026\\\/04\\\/Folha-1.webp\",\"caption\":\"Reda\u00e7\u00e3o Folha Popular\"},\"url\":\"https:\\\/\\\/folhapopular.info\\\/index.php\\\/author\\\/redacao\\\/\"}]}<\/script>\n<!-- \/ Yoast SEO plugin. -->","yoast_head_json":{"title":"Afonso Padilha volta ao Teatro Univates em novembro - Folha Popular","robots":{"index":"index","follow":"follow","max-snippet":"max-snippet:-1","max-image-preview":"max-image-preview:large","max-video-preview":"max-video-preview:-1"},"canonical":"https:\/\/folhapopular.info\/index.php\/2024\/10\/22\/afonso-padilha-volta-ao-teatro-univates\/","og_locale":"pt_BR","og_type":"article","og_title":"Afonso Padilha volta ao Teatro Univates em novembro - Folha Popular","og_description":"O humorista Afonso Padilha voltar\u00e1 ao Teatro da&nbsp;Universidade do Vale do Taquari &#8211; Univates&nbsp;em 13 de novembro (quarta-feira), \u00e0s 20h, para apresentar seu novo&nbsp;show&nbsp;de&nbsp;stand up comedy&nbsp;\u201cNingu\u00e9m se Importa\u201d, no qual conta novas hist\u00f3rias e faz o p\u00fablico dar muitas risadas. O evento estava programado para junho deste ano, mas precisou ser reagendado devido \u00e0s enchentes [&hellip;]","og_url":"https:\/\/folhapopular.info\/index.php\/2024\/10\/22\/afonso-padilha-volta-ao-teatro-univates\/","og_site_name":"Folha Popular","article_published_time":"2024-10-22T18:06:39+00:00","article_modified_time":"2024-10-22T18:18:31+00:00","og_image":[{"width":1501,"height":1001,"url":"http:\/\/folhapopular.info\/wp-content\/uploads\/2024\/10\/1-Afonso-Padilha-volta-ao-Teatro-Univates-para-apresentar-seu-novo-show-de-stand-up.-Credito_-Divulgacao-Univates-Karen-Luana-Capoani.jpg","type":"image\/jpeg"}],"author":"Reda\u00e7\u00e3o Folha Popular","twitter_card":"summary_large_image","twitter_misc":{"Escrito por":"Reda\u00e7\u00e3o Folha Popular","Est. tempo de leitura":"2 minutos"},"schema":{"@context":"https:\/\/schema.org","@graph":[{"@type":"Article","@id":"https:\/\/folhapopular.info\/index.php\/2024\/10\/22\/afonso-padilha-volta-ao-teatro-univates\/#article","isPartOf":{"@id":"https:\/\/folhapopular.info\/index.php\/2024\/10\/22\/afonso-padilha-volta-ao-teatro-univates\/"},"author":{"name":"Reda\u00e7\u00e3o Folha Popular","@id":"https:\/\/folhapopular.info\/#\/schema\/person\/2814e8a0df7643585a9ca38bc6eb9d4b"},"headline":"Afonso Padilha volta ao Teatro Univates em novembro","datePublished":"2024-10-22T18:06:39+00:00","dateModified":"2024-10-22T18:18:31+00:00","mainEntityOfPage":{"@id":"https:\/\/folhapopular.info\/index.php\/2024\/10\/22\/afonso-padilha-volta-ao-teatro-univates\/"},"wordCount":276,"commentCount":0,"image":{"@id":"https:\/\/folhapopular.info\/index.php\/2024\/10\/22\/afonso-padilha-volta-ao-teatro-univates\/#primaryimage"},"thumbnailUrl":"https:\/\/folhapopular.info\/wp-content\/uploads\/2024\/10\/1-Afonso-Padilha-volta-ao-Teatro-Univates-para-apresentar-seu-novo-show-de-stand-up.-Credito_-Divulgacao-Univates-Karen-Luana-Capoani.jpg","articleSection":["Entretenimento","Inclusive"],"inLanguage":"pt-BR","potentialAction":[{"@type":"CommentAction","name":"Comment","target":["https:\/\/folhapopular.info\/index.php\/2024\/10\/22\/afonso-padilha-volta-ao-teatro-univates\/#respond"]}]},{"@type":"WebPage","@id":"https:\/\/folhapopular.info\/index.php\/2024\/10\/22\/afonso-padilha-volta-ao-teatro-univates\/","url":"https:\/\/folhapopular.info\/index.php\/2024\/10\/22\/afonso-padilha-volta-ao-teatro-univates\/","name":"Afonso Padilha volta ao Teatro Univates em novembro - Folha Popular","isPartOf":{"@id":"https:\/\/folhapopular.info\/#website"},"primaryImageOfPage":{"@id":"https:\/\/folhapopular.info\/index.php\/2024\/10\/22\/afonso-padilha-volta-ao-teatro-univates\/#primaryimage"},"image":{"@id":"https:\/\/folhapopular.info\/index.php\/2024\/10\/22\/afonso-padilha-volta-ao-teatro-univates\/#primaryimage"},"thumbnailUrl":"https:\/\/folhapopular.info\/wp-content\/uploads\/2024\/10\/1-Afonso-Padilha-volta-ao-Teatro-Univates-para-apresentar-seu-novo-show-de-stand-up.-Credito_-Divulgacao-Univates-Karen-Luana-Capoani.jpg","datePublished":"2024-10-22T18:06:39+00:00","dateModified":"2024-10-22T18:18:31+00:00","author":{"@id":"https:\/\/folhapopular.info\/#\/schema\/person\/2814e8a0df7643585a9ca38bc6eb9d4b"},"breadcrumb":{"@id":"https:\/\/folhapopular.info\/index.php\/2024\/10\/22\/afonso-padilha-volta-ao-teatro-univates\/#breadcrumb"},"inLanguage":"pt-BR","potentialAction":[{"@type":"ReadAction","target":["https:\/\/folhapopular.info\/index.php\/2024\/10\/22\/afonso-padilha-volta-ao-teatro-univates\/"]}]},{"@type":"ImageObject","inLanguage":"pt-BR","@id":"https:\/\/folhapopular.info\/index.php\/2024\/10\/22\/afonso-padilha-volta-ao-teatro-univates\/#primaryimage","url":"https:\/\/folhapopular.info\/wp-content\/uploads\/2024\/10\/1-Afonso-Padilha-volta-ao-Teatro-Univates-para-apresentar-seu-novo-show-de-stand-up.-Credito_-Divulgacao-Univates-Karen-Luana-Capoani.jpg","contentUrl":"https:\/\/folhapopular.info\/wp-content\/uploads\/2024\/10\/1-Afonso-Padilha-volta-ao-Teatro-Univates-para-apresentar-seu-novo-show-de-stand-up.-Credito_-Divulgacao-Univates-Karen-Luana-Capoani.jpg","width":1501,"height":1001},{"@type":"BreadcrumbList","@id":"https:\/\/folhapopular.info\/index.php\/2024\/10\/22\/afonso-padilha-volta-ao-teatro-univates\/#breadcrumb","itemListElement":[{"@type":"ListItem","position":1,"name":"In\u00edcio","item":"https:\/\/folhapopular.info\/"},{"@type":"ListItem","position":2,"name":"Afonso Padilha volta ao Teatro Univates em novembro"}]},{"@type":"WebSite","@id":"https:\/\/folhapopular.info\/#website","url":"https:\/\/folhapopular.info\/","name":"Folha Popular","description":"Onde voc\u00ea tem vez e voz","potentialAction":[{"@type":"SearchAction","target":{"@type":"EntryPoint","urlTemplate":"https:\/\/folhapopular.info\/?s={search_term_string}"},"query-input":{"@type":"PropertyValueSpecification","valueRequired":true,"valueName":"search_term_string"}}],"inLanguage":"pt-BR"},{"@type":"Person","@id":"https:\/\/folhapopular.info\/#\/schema\/person\/2814e8a0df7643585a9ca38bc6eb9d4b","name":"Reda\u00e7\u00e3o Folha Popular","image":{"@type":"ImageObject","inLanguage":"pt-BR","@id":"https:\/\/folhapopular.info\/wp-content\/uploads\/2026\/04\/Folha-1.webp","url":"https:\/\/folhapopular.info\/wp-content\/uploads\/2026\/04\/Folha-1.webp","contentUrl":"https:\/\/folhapopular.info\/wp-content\/uploads\/2026\/04\/Folha-1.webp","caption":"Reda\u00e7\u00e3o Folha Popular"},"url":"https:\/\/folhapopular.info\/index.php\/author\/redacao\/"}]}},"jetpack_featured_media_url":"https:\/\/folhapopular.info\/wp-content\/uploads\/2024\/10\/1-Afonso-Padilha-volta-ao-Teatro-Univates-para-apresentar-seu-novo-show-de-stand-up.-Credito_-Divulgacao-Univates-Karen-Luana-Capoani.jpg","jetpack_sharing_enabled":true,"amp_enabled":true,"_links":{"self":[{"href":"https:\/\/folhapopular.info\/index.php\/wp-json\/wp\/v2\/posts\/172624","targetHints":{"allow":["GET"]}}],"collection":[{"href":"https:\/\/folhapopular.info\/index.php\/wp-json\/wp\/v2\/posts"}],"about":[{"href":"https:\/\/folhapopular.info\/index.php\/wp-json\/wp\/v2\/types\/post"}],"author":[{"embeddable":true,"href":"https:\/\/folhapopular.info\/index.php\/wp-json\/wp\/v2\/users\/8"}],"replies":[{"embeddable":true,"href":"https:\/\/folhapopular.info\/index.php\/wp-json\/wp\/v2\/comments?post=172624"}],"version-history":[{"count":0,"href":"https:\/\/folhapopular.info\/index.php\/wp-json\/wp\/v2\/posts\/172624\/revisions"}],"wp:featuredmedia":[{"embeddable":true,"href":"https:\/\/folhapopular.info\/index.php\/wp-json\/wp\/v2\/media\/172625"}],"wp:attachment":[{"href":"https:\/\/folhapopular.info\/index.php\/wp-json\/wp\/v2\/media?parent=172624"}],"wp:term":[{"taxonomy":"category","embeddable":true,"href":"https:\/\/folhapopular.info\/index.php\/wp-json\/wp\/v2\/categories?post=172624"},{"taxonomy":"post_tag","embeddable":true,"href":"https:\/\/folhapopular.info\/index.php\/wp-json\/wp\/v2\/tags?post=172624"}],"curies":[{"name":"wp","href":"https:\/\/api.w.org\/{rel}","templated":true}]}}