{"id":172759,"date":"2024-10-23T09:00:00","date_gmt":"2024-10-23T12:00:00","guid":{"rendered":"https:\/\/folhapopular.info\/?p=172759"},"modified":"2024-10-23T08:00:19","modified_gmt":"2024-10-23T11:00:19","slug":"grupos-folcloricos-participam-da-oktoberfest-em-santa-cruz-do-sul-e-blumenau","status":"publish","type":"post","link":"https:\/\/folhapopular.info\/index.php\/2024\/10\/23\/grupos-folcloricos-participam-da-oktoberfest-em-santa-cruz-do-sul-e-blumenau\/","title":{"rendered":"Grupos Folcl\u00f3ricos participam da Oktoberfest em Santa Cruz do Sul e Blumenau"},"content":{"rendered":"<p>O Grupo Folcl\u00f3rico Sonnenlicht, de Imigrante, se apresentou na maior Oktoberfest da Am\u00e9rica, em Blumenau, Santa Catarina.&nbsp;No s\u00e1bado (19\/10), os palcos da cidade receberam quatro coreografias e 17 pares de dan\u00e7arinos, perante um p\u00fablico de 30 mil pessoas. A viagem e o show s\u00e3o um sonho antigo do grupo. Eles trabalharam para angariar recursos para&#8230; <\/p>\n<div class=\"pmpro\">\n<div class=\"pmpro_card pmpro_content_message\">\n<div class=\"pmpro_card_content\">Este conte\u00fado \u00e9 apenas para associados Grupo Popular &#8211; Conte\u00fado Total Anual e Grupo Popular &#8211; Conte\u00fado Total Mensal. <br \/><a href=\"https:\/\/folhapopular.info\/wp-login.php?action=register\">Cadastre-se<\/a><\/div>\n<div class=\"pmpro_card_actions pmpro_font-medium\">J\u00e1 se associou? <a href=\"https:\/\/folhapopular.info\/wp-login.php?redirect_to=https%3A%2F%2Ffolhapopular.info%2Findex.php%2F2024%2F10%2F23%2Fgrupos-folcloricos-participam-da-oktoberfest-em-santa-cruz-do-sul-e-blumenau%2F\">Acesse aqui<\/a><\/div>\n<\/div>\n<\/div>\n","protected":false},"excerpt":{"rendered":"<p>O Grupo Folcl\u00f3rico Sonnenlicht, de Imigrante, se apresentou na maior Oktoberfest da Am\u00e9rica, em Blumenau, Santa Catarina.&nbsp;No s\u00e1bado (19\/10), os palcos da cidade receberam quatro coreografias e 17 pares de dan\u00e7arinos, perante um p\u00fablico de 30 mil pessoas. A viagem e o show s\u00e3o um sonho antigo do grupo. Eles trabalharam para angariar recursos para... <\/p>\n<div class=\"pmpro\"><div class=\"pmpro_card pmpro_content_message\"><div class=\"pmpro_card_content\">Este conte\u00fado \u00e9 apenas para associados Grupo Popular - Conte\u00fado Total Anual e Grupo Popular - Conte\u00fado Total Mensal. <br \/><a href=\"https:\/\/folhapopular.info\/wp-login.php?action=register\">Cadastre-se<\/a><\/div><div class=\"pmpro_card_actions pmpro_font-medium\">J\u00e1 se associou? <a href=\"https:\/\/folhapopular.info\/wp-login.php?redirect_to=https%3A%2F%2Ffolhapopular.info%2Findex.php%2F2024%2F10%2F23%2Fgrupos-folcloricos-participam-da-oktoberfest-em-santa-cruz-do-sul-e-blumenau%2F\">Acesse aqui<\/a><\/div><\/div><\/div>","protected":false},"author":8,"featured_media":172760,"comment_status":"open","ping_status":"open","sticky":false,"template":"","format":"standard","meta":{"pmpro_default_level":"","_jetpack_memberships_contains_paid_content":false,"footnotes":""},"categories":[11078,10996,2,6],"tags":[1601,8,1213,11566,11170],"class_list":{"0":"post-172759","1":"post","2":"type-post","3":"status-publish","4":"format-standard","5":"has-post-thumbnail","7":"category-assinantes","8":"category-cultura","9":"category-featured","10":"category-inclusive","11":"tag-danca","12":"tag-estrela","13":"tag-oktoberfest","14":"tag-sonnenlicht","15":"tag-teutonia-cultural","16":"pmpro-level-required","17":"pmpro-level-2","18":"pmpro-level-4","19":"pmpro-level-5","20":"pmpro-no-access"},"yoast_head":"<!-- This site is optimized with the Yoast SEO plugin v27.4 - https:\/\/yoast.com\/product\/yoast-seo-wordpress\/ -->\n<title>Grupos Folcl\u00f3ricos participam da Oktoberfest em Santa Cruz do Sul e Blumenau - Folha Popular<\/title>\n<meta name=\"robots\" content=\"index, follow, max-snippet:-1, max-image-preview:large, max-video-preview:-1\" \/>\n<link rel=\"canonical\" href=\"https:\/\/folhapopular.info\/index.php\/2024\/10\/23\/grupos-folcloricos-participam-da-oktoberfest-em-santa-cruz-do-sul-e-blumenau\/\" \/>\n<meta property=\"og:locale\" content=\"pt_BR\" \/>\n<meta property=\"og:type\" content=\"article\" \/>\n<meta property=\"og:title\" content=\"Grupos Folcl\u00f3ricos participam da Oktoberfest em Santa Cruz do Sul e Blumenau - Folha Popular\" \/>\n<meta property=\"og:description\" content=\"O Grupo Folcl\u00f3rico Sonnenlicht, de Imigrante, se apresentou na maior Oktoberfest da Am\u00e9rica, em Blumenau, Santa Catarina.&nbsp;No s\u00e1bado (19\/10), os palcos da cidade receberam quatro coreografias e 17 pares de dan\u00e7arinos, perante um p\u00fablico de 30 mil pessoas. A viagem e o show s\u00e3o um sonho antigo do grupo. Eles trabalharam para angariar recursos para [&hellip;]\" \/>\n<meta property=\"og:url\" content=\"https:\/\/folhapopular.info\/index.php\/2024\/10\/23\/grupos-folcloricos-participam-da-oktoberfest-em-santa-cruz-do-sul-e-blumenau\/\" \/>\n<meta property=\"og:site_name\" content=\"Folha Popular\" \/>\n<meta property=\"article:published_time\" content=\"2024-10-23T12:00:00+00:00\" \/>\n<meta property=\"og:image\" content=\"https:\/\/folhapopular.info\/wp-content\/uploads\/2024\/10\/Grupo-de-Estrela-ira-novamente-a-Santa-Cruz-do-Sul-no-proximo-sabado-.jpeg\" \/>\n\t<meta property=\"og:image:width\" content=\"1080\" \/>\n\t<meta property=\"og:image:height\" content=\"566\" \/>\n\t<meta property=\"og:image:type\" content=\"image\/jpeg\" \/>\n<meta name=\"author\" content=\"Reda\u00e7\u00e3o Folha Popular\" \/>\n<meta name=\"twitter:card\" content=\"summary_large_image\" \/>\n<meta name=\"twitter:label1\" content=\"Escrito por\" \/>\n\t<meta name=\"twitter:data1\" content=\"Reda\u00e7\u00e3o Folha Popular\" \/>\n\t<meta name=\"twitter:label2\" content=\"Est. tempo de leitura\" \/>\n\t<meta name=\"twitter:data2\" content=\"4 minutos\" \/>\n<script type=\"application\/ld+json\" class=\"yoast-schema-graph\">{\"@context\":\"https:\\\/\\\/schema.org\",\"@graph\":[{\"@type\":\"Article\",\"@id\":\"https:\\\/\\\/folhapopular.info\\\/index.php\\\/2024\\\/10\\\/23\\\/grupos-folcloricos-participam-da-oktoberfest-em-santa-cruz-do-sul-e-blumenau\\\/#article\",\"isPartOf\":{\"@id\":\"https:\\\/\\\/folhapopular.info\\\/index.php\\\/2024\\\/10\\\/23\\\/grupos-folcloricos-participam-da-oktoberfest-em-santa-cruz-do-sul-e-blumenau\\\/\"},\"author\":{\"name\":\"Reda\u00e7\u00e3o Folha Popular\",\"@id\":\"https:\\\/\\\/folhapopular.info\\\/#\\\/schema\\\/person\\\/2814e8a0df7643585a9ca38bc6eb9d4b\"},\"headline\":\"Grupos Folcl\u00f3ricos participam da Oktoberfest em Santa Cruz do Sul e Blumenau\",\"datePublished\":\"2024-10-23T12:00:00+00:00\",\"mainEntityOfPage\":{\"@id\":\"https:\\\/\\\/folhapopular.info\\\/index.php\\\/2024\\\/10\\\/23\\\/grupos-folcloricos-participam-da-oktoberfest-em-santa-cruz-do-sul-e-blumenau\\\/\"},\"wordCount\":502,\"commentCount\":0,\"image\":{\"@id\":\"https:\\\/\\\/folhapopular.info\\\/index.php\\\/2024\\\/10\\\/23\\\/grupos-folcloricos-participam-da-oktoberfest-em-santa-cruz-do-sul-e-blumenau\\\/#primaryimage\"},\"thumbnailUrl\":\"https:\\\/\\\/folhapopular.info\\\/wp-content\\\/uploads\\\/2024\\\/10\\\/Grupo-de-Estrela-ira-novamente-a-Santa-Cruz-do-Sul-no-proximo-sabado-.jpeg\",\"keywords\":[\"Dan\u00e7a\",\"Estrela\",\"Oktoberfest\",\"Sonnenlicht\",\"teut\u00f4nia cultural\"],\"articleSection\":[\"Assinantes\",\"Cultura\",\"Destaques\",\"Inclusive\"],\"inLanguage\":\"pt-BR\",\"potentialAction\":[{\"@type\":\"CommentAction\",\"name\":\"Comment\",\"target\":[\"https:\\\/\\\/folhapopular.info\\\/index.php\\\/2024\\\/10\\\/23\\\/grupos-folcloricos-participam-da-oktoberfest-em-santa-cruz-do-sul-e-blumenau\\\/#respond\"]}]},{\"@type\":\"WebPage\",\"@id\":\"https:\\\/\\\/folhapopular.info\\\/index.php\\\/2024\\\/10\\\/23\\\/grupos-folcloricos-participam-da-oktoberfest-em-santa-cruz-do-sul-e-blumenau\\\/\",\"url\":\"https:\\\/\\\/folhapopular.info\\\/index.php\\\/2024\\\/10\\\/23\\\/grupos-folcloricos-participam-da-oktoberfest-em-santa-cruz-do-sul-e-blumenau\\\/\",\"name\":\"Grupos Folcl\u00f3ricos participam da Oktoberfest em Santa Cruz do Sul e Blumenau - Folha Popular\",\"isPartOf\":{\"@id\":\"https:\\\/\\\/folhapopular.info\\\/#website\"},\"primaryImageOfPage\":{\"@id\":\"https:\\\/\\\/folhapopular.info\\\/index.php\\\/2024\\\/10\\\/23\\\/grupos-folcloricos-participam-da-oktoberfest-em-santa-cruz-do-sul-e-blumenau\\\/#primaryimage\"},\"image\":{\"@id\":\"https:\\\/\\\/folhapopular.info\\\/index.php\\\/2024\\\/10\\\/23\\\/grupos-folcloricos-participam-da-oktoberfest-em-santa-cruz-do-sul-e-blumenau\\\/#primaryimage\"},\"thumbnailUrl\":\"https:\\\/\\\/folhapopular.info\\\/wp-content\\\/uploads\\\/2024\\\/10\\\/Grupo-de-Estrela-ira-novamente-a-Santa-Cruz-do-Sul-no-proximo-sabado-.jpeg\",\"datePublished\":\"2024-10-23T12:00:00+00:00\",\"author\":{\"@id\":\"https:\\\/\\\/folhapopular.info\\\/#\\\/schema\\\/person\\\/2814e8a0df7643585a9ca38bc6eb9d4b\"},\"breadcrumb\":{\"@id\":\"https:\\\/\\\/folhapopular.info\\\/index.php\\\/2024\\\/10\\\/23\\\/grupos-folcloricos-participam-da-oktoberfest-em-santa-cruz-do-sul-e-blumenau\\\/#breadcrumb\"},\"inLanguage\":\"pt-BR\",\"potentialAction\":[{\"@type\":\"ReadAction\",\"target\":[\"https:\\\/\\\/folhapopular.info\\\/index.php\\\/2024\\\/10\\\/23\\\/grupos-folcloricos-participam-da-oktoberfest-em-santa-cruz-do-sul-e-blumenau\\\/\"]}]},{\"@type\":\"ImageObject\",\"inLanguage\":\"pt-BR\",\"@id\":\"https:\\\/\\\/folhapopular.info\\\/index.php\\\/2024\\\/10\\\/23\\\/grupos-folcloricos-participam-da-oktoberfest-em-santa-cruz-do-sul-e-blumenau\\\/#primaryimage\",\"url\":\"https:\\\/\\\/folhapopular.info\\\/wp-content\\\/uploads\\\/2024\\\/10\\\/Grupo-de-Estrela-ira-novamente-a-Santa-Cruz-do-Sul-no-proximo-sabado-.jpeg\",\"contentUrl\":\"https:\\\/\\\/folhapopular.info\\\/wp-content\\\/uploads\\\/2024\\\/10\\\/Grupo-de-Estrela-ira-novamente-a-Santa-Cruz-do-Sul-no-proximo-sabado-.jpeg\",\"width\":1080,\"height\":566,\"caption\":\"Grupo de Estrela ir\u00e1 novamente a Santa Cruz do Sul no pr\u00f3ximo s\u00e1bado \\\/ Cr\u00e9dito: Divulga\u00e7\u00e3o\"},{\"@type\":\"BreadcrumbList\",\"@id\":\"https:\\\/\\\/folhapopular.info\\\/index.php\\\/2024\\\/10\\\/23\\\/grupos-folcloricos-participam-da-oktoberfest-em-santa-cruz-do-sul-e-blumenau\\\/#breadcrumb\",\"itemListElement\":[{\"@type\":\"ListItem\",\"position\":1,\"name\":\"In\u00edcio\",\"item\":\"https:\\\/\\\/folhapopular.info\\\/\"},{\"@type\":\"ListItem\",\"position\":2,\"name\":\"Grupos Folcl\u00f3ricos participam da Oktoberfest em Santa Cruz do Sul e Blumenau\"}]},{\"@type\":\"WebSite\",\"@id\":\"https:\\\/\\\/folhapopular.info\\\/#website\",\"url\":\"https:\\\/\\\/folhapopular.info\\\/\",\"name\":\"Folha Popular\",\"description\":\"Onde voc\u00ea tem vez e voz\",\"potentialAction\":[{\"@type\":\"SearchAction\",\"target\":{\"@type\":\"EntryPoint\",\"urlTemplate\":\"https:\\\/\\\/folhapopular.info\\\/?s={search_term_string}\"},\"query-input\":{\"@type\":\"PropertyValueSpecification\",\"valueRequired\":true,\"valueName\":\"search_term_string\"}}],\"inLanguage\":\"pt-BR\"},{\"@type\":\"Person\",\"@id\":\"https:\\\/\\\/folhapopular.info\\\/#\\\/schema\\\/person\\\/2814e8a0df7643585a9ca38bc6eb9d4b\",\"name\":\"Reda\u00e7\u00e3o Folha Popular\",\"image\":{\"@type\":\"ImageObject\",\"inLanguage\":\"pt-BR\",\"@id\":\"https:\\\/\\\/folhapopular.info\\\/wp-content\\\/uploads\\\/2026\\\/04\\\/Folha-1.webp\",\"url\":\"https:\\\/\\\/folhapopular.info\\\/wp-content\\\/uploads\\\/2026\\\/04\\\/Folha-1.webp\",\"contentUrl\":\"https:\\\/\\\/folhapopular.info\\\/wp-content\\\/uploads\\\/2026\\\/04\\\/Folha-1.webp\",\"caption\":\"Reda\u00e7\u00e3o Folha Popular\"},\"url\":\"https:\\\/\\\/folhapopular.info\\\/index.php\\\/author\\\/redacao\\\/\"}]}<\/script>\n<!-- \/ Yoast SEO plugin. -->","yoast_head_json":{"title":"Grupos Folcl\u00f3ricos participam da Oktoberfest em Santa Cruz do Sul e Blumenau - Folha Popular","robots":{"index":"index","follow":"follow","max-snippet":"max-snippet:-1","max-image-preview":"max-image-preview:large","max-video-preview":"max-video-preview:-1"},"canonical":"https:\/\/folhapopular.info\/index.php\/2024\/10\/23\/grupos-folcloricos-participam-da-oktoberfest-em-santa-cruz-do-sul-e-blumenau\/","og_locale":"pt_BR","og_type":"article","og_title":"Grupos Folcl\u00f3ricos participam da Oktoberfest em Santa Cruz do Sul e Blumenau - Folha Popular","og_description":"O Grupo Folcl\u00f3rico Sonnenlicht, de Imigrante, se apresentou na maior Oktoberfest da Am\u00e9rica, em Blumenau, Santa Catarina.&nbsp;No s\u00e1bado (19\/10), os palcos da cidade receberam quatro coreografias e 17 pares de dan\u00e7arinos, perante um p\u00fablico de 30 mil pessoas. A viagem e o show s\u00e3o um sonho antigo do grupo. Eles trabalharam para angariar recursos para [&hellip;]","og_url":"https:\/\/folhapopular.info\/index.php\/2024\/10\/23\/grupos-folcloricos-participam-da-oktoberfest-em-santa-cruz-do-sul-e-blumenau\/","og_site_name":"Folha Popular","article_published_time":"2024-10-23T12:00:00+00:00","og_image":[{"width":1080,"height":566,"url":"https:\/\/folhapopular.info\/wp-content\/uploads\/2024\/10\/Grupo-de-Estrela-ira-novamente-a-Santa-Cruz-do-Sul-no-proximo-sabado-.jpeg","type":"image\/jpeg"}],"author":"Reda\u00e7\u00e3o Folha Popular","twitter_card":"summary_large_image","twitter_misc":{"Escrito por":"Reda\u00e7\u00e3o Folha Popular","Est. tempo de leitura":"4 minutos"},"schema":{"@context":"https:\/\/schema.org","@graph":[{"@type":"Article","@id":"https:\/\/folhapopular.info\/index.php\/2024\/10\/23\/grupos-folcloricos-participam-da-oktoberfest-em-santa-cruz-do-sul-e-blumenau\/#article","isPartOf":{"@id":"https:\/\/folhapopular.info\/index.php\/2024\/10\/23\/grupos-folcloricos-participam-da-oktoberfest-em-santa-cruz-do-sul-e-blumenau\/"},"author":{"name":"Reda\u00e7\u00e3o Folha Popular","@id":"https:\/\/folhapopular.info\/#\/schema\/person\/2814e8a0df7643585a9ca38bc6eb9d4b"},"headline":"Grupos Folcl\u00f3ricos participam da Oktoberfest em Santa Cruz do Sul e Blumenau","datePublished":"2024-10-23T12:00:00+00:00","mainEntityOfPage":{"@id":"https:\/\/folhapopular.info\/index.php\/2024\/10\/23\/grupos-folcloricos-participam-da-oktoberfest-em-santa-cruz-do-sul-e-blumenau\/"},"wordCount":502,"commentCount":0,"image":{"@id":"https:\/\/folhapopular.info\/index.php\/2024\/10\/23\/grupos-folcloricos-participam-da-oktoberfest-em-santa-cruz-do-sul-e-blumenau\/#primaryimage"},"thumbnailUrl":"https:\/\/folhapopular.info\/wp-content\/uploads\/2024\/10\/Grupo-de-Estrela-ira-novamente-a-Santa-Cruz-do-Sul-no-proximo-sabado-.jpeg","keywords":["Dan\u00e7a","Estrela","Oktoberfest","Sonnenlicht","teut\u00f4nia cultural"],"articleSection":["Assinantes","Cultura","Destaques","Inclusive"],"inLanguage":"pt-BR","potentialAction":[{"@type":"CommentAction","name":"Comment","target":["https:\/\/folhapopular.info\/index.php\/2024\/10\/23\/grupos-folcloricos-participam-da-oktoberfest-em-santa-cruz-do-sul-e-blumenau\/#respond"]}]},{"@type":"WebPage","@id":"https:\/\/folhapopular.info\/index.php\/2024\/10\/23\/grupos-folcloricos-participam-da-oktoberfest-em-santa-cruz-do-sul-e-blumenau\/","url":"https:\/\/folhapopular.info\/index.php\/2024\/10\/23\/grupos-folcloricos-participam-da-oktoberfest-em-santa-cruz-do-sul-e-blumenau\/","name":"Grupos Folcl\u00f3ricos participam da Oktoberfest em Santa Cruz do Sul e Blumenau - Folha Popular","isPartOf":{"@id":"https:\/\/folhapopular.info\/#website"},"primaryImageOfPage":{"@id":"https:\/\/folhapopular.info\/index.php\/2024\/10\/23\/grupos-folcloricos-participam-da-oktoberfest-em-santa-cruz-do-sul-e-blumenau\/#primaryimage"},"image":{"@id":"https:\/\/folhapopular.info\/index.php\/2024\/10\/23\/grupos-folcloricos-participam-da-oktoberfest-em-santa-cruz-do-sul-e-blumenau\/#primaryimage"},"thumbnailUrl":"https:\/\/folhapopular.info\/wp-content\/uploads\/2024\/10\/Grupo-de-Estrela-ira-novamente-a-Santa-Cruz-do-Sul-no-proximo-sabado-.jpeg","datePublished":"2024-10-23T12:00:00+00:00","author":{"@id":"https:\/\/folhapopular.info\/#\/schema\/person\/2814e8a0df7643585a9ca38bc6eb9d4b"},"breadcrumb":{"@id":"https:\/\/folhapopular.info\/index.php\/2024\/10\/23\/grupos-folcloricos-participam-da-oktoberfest-em-santa-cruz-do-sul-e-blumenau\/#breadcrumb"},"inLanguage":"pt-BR","potentialAction":[{"@type":"ReadAction","target":["https:\/\/folhapopular.info\/index.php\/2024\/10\/23\/grupos-folcloricos-participam-da-oktoberfest-em-santa-cruz-do-sul-e-blumenau\/"]}]},{"@type":"ImageObject","inLanguage":"pt-BR","@id":"https:\/\/folhapopular.info\/index.php\/2024\/10\/23\/grupos-folcloricos-participam-da-oktoberfest-em-santa-cruz-do-sul-e-blumenau\/#primaryimage","url":"https:\/\/folhapopular.info\/wp-content\/uploads\/2024\/10\/Grupo-de-Estrela-ira-novamente-a-Santa-Cruz-do-Sul-no-proximo-sabado-.jpeg","contentUrl":"https:\/\/folhapopular.info\/wp-content\/uploads\/2024\/10\/Grupo-de-Estrela-ira-novamente-a-Santa-Cruz-do-Sul-no-proximo-sabado-.jpeg","width":1080,"height":566,"caption":"Grupo de Estrela ir\u00e1 novamente a Santa Cruz do Sul no pr\u00f3ximo s\u00e1bado \/ Cr\u00e9dito: Divulga\u00e7\u00e3o"},{"@type":"BreadcrumbList","@id":"https:\/\/folhapopular.info\/index.php\/2024\/10\/23\/grupos-folcloricos-participam-da-oktoberfest-em-santa-cruz-do-sul-e-blumenau\/#breadcrumb","itemListElement":[{"@type":"ListItem","position":1,"name":"In\u00edcio","item":"https:\/\/folhapopular.info\/"},{"@type":"ListItem","position":2,"name":"Grupos Folcl\u00f3ricos participam da Oktoberfest em Santa Cruz do Sul e Blumenau"}]},{"@type":"WebSite","@id":"https:\/\/folhapopular.info\/#website","url":"https:\/\/folhapopular.info\/","name":"Folha Popular","description":"Onde voc\u00ea tem vez e voz","potentialAction":[{"@type":"SearchAction","target":{"@type":"EntryPoint","urlTemplate":"https:\/\/folhapopular.info\/?s={search_term_string}"},"query-input":{"@type":"PropertyValueSpecification","valueRequired":true,"valueName":"search_term_string"}}],"inLanguage":"pt-BR"},{"@type":"Person","@id":"https:\/\/folhapopular.info\/#\/schema\/person\/2814e8a0df7643585a9ca38bc6eb9d4b","name":"Reda\u00e7\u00e3o Folha Popular","image":{"@type":"ImageObject","inLanguage":"pt-BR","@id":"https:\/\/folhapopular.info\/wp-content\/uploads\/2026\/04\/Folha-1.webp","url":"https:\/\/folhapopular.info\/wp-content\/uploads\/2026\/04\/Folha-1.webp","contentUrl":"https:\/\/folhapopular.info\/wp-content\/uploads\/2026\/04\/Folha-1.webp","caption":"Reda\u00e7\u00e3o Folha Popular"},"url":"https:\/\/folhapopular.info\/index.php\/author\/redacao\/"}]}},"jetpack_featured_media_url":"https:\/\/folhapopular.info\/wp-content\/uploads\/2024\/10\/Grupo-de-Estrela-ira-novamente-a-Santa-Cruz-do-Sul-no-proximo-sabado-.jpeg","jetpack_sharing_enabled":true,"amp_enabled":true,"_links":{"self":[{"href":"https:\/\/folhapopular.info\/index.php\/wp-json\/wp\/v2\/posts\/172759","targetHints":{"allow":["GET"]}}],"collection":[{"href":"https:\/\/folhapopular.info\/index.php\/wp-json\/wp\/v2\/posts"}],"about":[{"href":"https:\/\/folhapopular.info\/index.php\/wp-json\/wp\/v2\/types\/post"}],"author":[{"embeddable":true,"href":"https:\/\/folhapopular.info\/index.php\/wp-json\/wp\/v2\/users\/8"}],"replies":[{"embeddable":true,"href":"https:\/\/folhapopular.info\/index.php\/wp-json\/wp\/v2\/comments?post=172759"}],"version-history":[{"count":0,"href":"https:\/\/folhapopular.info\/index.php\/wp-json\/wp\/v2\/posts\/172759\/revisions"}],"wp:featuredmedia":[{"embeddable":true,"href":"https:\/\/folhapopular.info\/index.php\/wp-json\/wp\/v2\/media\/172760"}],"wp:attachment":[{"href":"https:\/\/folhapopular.info\/index.php\/wp-json\/wp\/v2\/media?parent=172759"}],"wp:term":[{"taxonomy":"category","embeddable":true,"href":"https:\/\/folhapopular.info\/index.php\/wp-json\/wp\/v2\/categories?post=172759"},{"taxonomy":"post_tag","embeddable":true,"href":"https:\/\/folhapopular.info\/index.php\/wp-json\/wp\/v2\/tags?post=172759"}],"curies":[{"name":"wp","href":"https:\/\/api.w.org\/{rel}","templated":true}]}}