{"id":172920,"date":"2024-10-24T17:28:24","date_gmt":"2024-10-24T20:28:24","guid":{"rendered":"https:\/\/folhapopular.info\/?p=172920"},"modified":"2024-10-24T17:28:26","modified_gmt":"2024-10-24T20:28:26","slug":"comitiva-divulga-expovale-construmobil-para-autoridades-e-liderancas-estaduais","status":"publish","type":"post","link":"https:\/\/folhapopular.info\/index.php\/2024\/10\/24\/comitiva-divulga-expovale-construmobil-para-autoridades-e-liderancas-estaduais\/","title":{"rendered":"Comitiva divulga Expovale + Construm\u00f3bil para autoridades e lideran\u00e7as estaduais"},"content":{"rendered":"\n<p>A quarta-feira (23\/10) foi de ampla divulga\u00e7\u00e3o da Expovale + Construm\u00f3bil em Porto Alegre. Faltando duas semanas para a abertura do evento, uma comitiva dedicou o dia para divulgar as feiras para autoridades e lideran\u00e7as estaduais. A comitiva foi formada pelo presidente da Associa\u00e7\u00e3o Comercial e Industrial de Lajeado (Acil), Joni Zagonel; presidente da 23\u00aa Expovale, Graciela Black; presidente da 11\u00aa Construm\u00f3bil, Daniel Bergesch; e as soberanas, rainha Tain\u00e1 Carvalho e princesas Kailani Barbieri e Vanessa Fell.<\/p>\n\n\n\n<p>O primeiro compromisso foi a participa\u00e7\u00e3o na Reuni\u00e3o-Almo\u00e7o \u201cT\u00e1 na Mesa\u201d, da Federa\u00e7\u00e3o de Entidades Empresariais do Rio Grande do Sul (Federasul), na qual a corte ocupou o palco e falou da programa\u00e7\u00e3o para l\u00edderes e empres\u00e1rios presentes, entre os quais o presidente da entidade, Rodrigo de Sousa Costa. Na sequ\u00eancia, o grupo entregou o convite da abertura do evento, no dia 7 de novembro, no gabinete do presidente da Assembleia Legislativa (AL), Adolfo Brito. <\/p>\n\n\n\n<p>Ainda na AL, corte e presidentes refor\u00e7aram o convite para o deputado Felipe Camozatto, que inclusive j\u00e1 confirmou presen\u00e7a na cerim\u00f4nia de abertura. O refor\u00e7o da divulga\u00e7\u00e3o tamb\u00e9m foi feito junto \u00e0 Casa Civil, sendo recepcionados pelo secret\u00e1rio adjunto Gustavo Paim. Em todas as oportunidades, Zagonel destacou a relev\u00e2ncia do evento multisetorial e o fato desta tamb\u00e9m ser a segunda edi\u00e7\u00e3o em que a Acil une as feiras. \u201cEstamos com uma grande e positiva expectativa\u201d, enalteceu.<\/p>\n\n\n\n<p>Os dois \u00faltimos encontros ocorreram no Centro Administrativo Fernando Ferrari (CAFF). A comitiva, acompanhada ainda de Vanessa Spindler, da Associa\u00e7\u00e3o dos Munic\u00edpios de Turismo do Vale do Taquari (Amturvales), e de \u00c2ngelo Fontana, da C\u00e2mara de Ind\u00fastria e Com\u00e9rcio do Vale do Taquari (CIC-VT), esteve no gabinete do secret\u00e1rio estadual de Turismo, Ronaldo Santini.<\/p>\n\n\n\n<p>Ronaldo ressalta a Avenida do Turismo, atra\u00e7\u00e3o confirmada do evento e que conta com o apoio do governo estadual. \u201c\u00c9 uma bela oportunidade para todos os munic\u00edpios estarem inseridos. Que possamos fomentar o destino tur\u00edstico do Vale do Taquari como um todo, prestigiando as belezas naturais e tudo o que a regi\u00e3o tem a oferecer\u201d, aponta.\u00a0<\/p>\n\n\n\n<p>A \u00faltima agenda contemplou a Secretaria Estadual de Desenvolvimento Econ\u00f4mico (Sedec), onde os representantes da Expovale + Construm\u00f3bil foram recebidos pelo titular Ernani Polo. Ao elogiar as feiras, lembrou a import\u00e2ncia da realiza\u00e7\u00e3o ap\u00f3s as cat\u00e1strofes clim\u00e1ticas. \u201c\u00c9 o momento de retribuir com toda for\u00e7a, por tudo que a regi\u00e3o sofreu. O povo \u00e9 muito resiliente e empreendedor, e essa \u00e9 uma grande oportunidade do Governo de abra\u00e7ar o Vale e tamb\u00e9m ajudar na reconstru\u00e7\u00e3o com esse grande evento\u201d, destaca.<\/p>\n\n\n\n<p>Os presidentes das feiras comemoram a import\u00e2ncia das visitas e a receptividade. \u201cMostra a for\u00e7a das feitas e o quanto s\u00e3o reconhecidas. Cumprimos um papel importante como lideran\u00e7as, que somado \u00e0 participa\u00e7\u00e3o das soberanas, foi muito v\u00e1lido\u201d, afirmou Graciela, \u00e0 frente da Expovale. <\/p>\n\n\n\n<p>Para Bergesch, que conduz a Construm\u00f3bil, foi tamb\u00e9m uma oportunidade de aproxima\u00e7\u00e3o e agradecimento ao apoio recebido. \u201cCom isso tamb\u00e9m alcan\u00e7amos visibilidade, tanto do governo, quanto de toda a comunidade\u201d, concluiu.<\/p>\n","protected":false},"excerpt":{"rendered":"<p>A quarta-feira (23\/10) foi de ampla divulga\u00e7\u00e3o da Expovale + Construm\u00f3bil em Porto Alegre. Faltando duas semanas para a abertura do evento, uma comitiva dedicou o dia para divulgar as feiras para autoridades e lideran\u00e7as estaduais. A comitiva foi formada pelo presidente da Associa\u00e7\u00e3o Comercial e Industrial de Lajeado (Acil), Joni Zagonel; presidente da 23\u00aa [&hellip;]<\/p>\n","protected":false},"author":8,"featured_media":172921,"comment_status":"open","ping_status":"open","sticky":false,"template":"","format":"standard","meta":{"pmpro_default_level":"","_jetpack_memberships_contains_paid_content":false,"footnotes":""},"categories":[10991],"tags":[5057,16762,16761],"class_list":{"0":"post-172920","1":"post","2":"type-post","3":"status-publish","4":"format-standard","5":"has-post-thumbnail","7":"category-economia","8":"tag-comitiva","9":"tag-divulgacao-2","10":"tag-expovale-cosntrumobil-2024","11":"pmpro-has-access"},"yoast_head":"<!-- This site is optimized with the Yoast SEO plugin v27.5 - https:\/\/yoast.com\/product\/yoast-seo-wordpress\/ -->\n<title>Comitiva divulga Expovale + Construm\u00f3bil para autoridades e lideran\u00e7as estaduais - Folha Popular<\/title>\n<meta name=\"robots\" content=\"index, follow, max-snippet:-1, max-image-preview:large, max-video-preview:-1\" \/>\n<link rel=\"canonical\" href=\"https:\/\/folhapopular.info\/index.php\/2024\/10\/24\/comitiva-divulga-expovale-construmobil-para-autoridades-e-liderancas-estaduais\/\" \/>\n<meta property=\"og:locale\" content=\"pt_BR\" \/>\n<meta property=\"og:type\" content=\"article\" \/>\n<meta property=\"og:title\" content=\"Comitiva divulga Expovale + Construm\u00f3bil para autoridades e lideran\u00e7as estaduais - Folha Popular\" \/>\n<meta property=\"og:description\" content=\"A quarta-feira (23\/10) foi de ampla divulga\u00e7\u00e3o da Expovale + Construm\u00f3bil em Porto Alegre. Faltando duas semanas para a abertura do evento, uma comitiva dedicou o dia para divulgar as feiras para autoridades e lideran\u00e7as estaduais. A comitiva foi formada pelo presidente da Associa\u00e7\u00e3o Comercial e Industrial de Lajeado (Acil), Joni Zagonel; presidente da 23\u00aa [&hellip;]\" \/>\n<meta property=\"og:url\" content=\"https:\/\/folhapopular.info\/index.php\/2024\/10\/24\/comitiva-divulga-expovale-construmobil-para-autoridades-e-liderancas-estaduais\/\" \/>\n<meta property=\"og:site_name\" content=\"Folha Popular\" \/>\n<meta property=\"article:published_time\" content=\"2024-10-24T20:28:24+00:00\" \/>\n<meta property=\"article:modified_time\" content=\"2024-10-24T20:28:26+00:00\" \/>\n<meta property=\"og:image\" content=\"http:\/\/folhapopular.info\/wp-content\/uploads\/2024\/10\/444844_1130572_img_5196-scaled.jpg\" \/>\n\t<meta property=\"og:image:width\" content=\"2560\" \/>\n\t<meta property=\"og:image:height\" content=\"1920\" \/>\n\t<meta property=\"og:image:type\" content=\"image\/jpeg\" \/>\n<meta name=\"author\" content=\"Reda\u00e7\u00e3o Folha Popular\" \/>\n<meta name=\"twitter:card\" content=\"summary_large_image\" \/>\n<meta name=\"twitter:label1\" content=\"Escrito por\" \/>\n\t<meta name=\"twitter:data1\" content=\"Reda\u00e7\u00e3o Folha Popular\" \/>\n\t<meta name=\"twitter:label2\" content=\"Est. tempo de leitura\" \/>\n\t<meta name=\"twitter:data2\" content=\"3 minutos\" \/>\n<script type=\"application\/ld+json\" class=\"yoast-schema-graph\">{\"@context\":\"https:\\\/\\\/schema.org\",\"@graph\":[{\"@type\":\"Article\",\"@id\":\"https:\\\/\\\/folhapopular.info\\\/index.php\\\/2024\\\/10\\\/24\\\/comitiva-divulga-expovale-construmobil-para-autoridades-e-liderancas-estaduais\\\/#article\",\"isPartOf\":{\"@id\":\"https:\\\/\\\/folhapopular.info\\\/index.php\\\/2024\\\/10\\\/24\\\/comitiva-divulga-expovale-construmobil-para-autoridades-e-liderancas-estaduais\\\/\"},\"author\":{\"name\":\"Reda\u00e7\u00e3o Folha Popular\",\"@id\":\"https:\\\/\\\/folhapopular.info\\\/#\\\/schema\\\/person\\\/2814e8a0df7643585a9ca38bc6eb9d4b\"},\"headline\":\"Comitiva divulga Expovale + Construm\u00f3bil para autoridades e lideran\u00e7as estaduais\",\"datePublished\":\"2024-10-24T20:28:24+00:00\",\"dateModified\":\"2024-10-24T20:28:26+00:00\",\"mainEntityOfPage\":{\"@id\":\"https:\\\/\\\/folhapopular.info\\\/index.php\\\/2024\\\/10\\\/24\\\/comitiva-divulga-expovale-construmobil-para-autoridades-e-liderancas-estaduais\\\/\"},\"wordCount\":546,\"commentCount\":0,\"image\":{\"@id\":\"https:\\\/\\\/folhapopular.info\\\/index.php\\\/2024\\\/10\\\/24\\\/comitiva-divulga-expovale-construmobil-para-autoridades-e-liderancas-estaduais\\\/#primaryimage\"},\"thumbnailUrl\":\"https:\\\/\\\/folhapopular.info\\\/wp-content\\\/uploads\\\/2024\\\/10\\\/444844_1130572_img_5196-scaled.jpg\",\"keywords\":[\"comitiva\",\"Divulga\u00e7ao\",\"Expovale + Cosntrum\u00f3bil 2024\"],\"articleSection\":[\"Economia\"],\"inLanguage\":\"pt-BR\",\"potentialAction\":[{\"@type\":\"CommentAction\",\"name\":\"Comment\",\"target\":[\"https:\\\/\\\/folhapopular.info\\\/index.php\\\/2024\\\/10\\\/24\\\/comitiva-divulga-expovale-construmobil-para-autoridades-e-liderancas-estaduais\\\/#respond\"]}]},{\"@type\":\"WebPage\",\"@id\":\"https:\\\/\\\/folhapopular.info\\\/index.php\\\/2024\\\/10\\\/24\\\/comitiva-divulga-expovale-construmobil-para-autoridades-e-liderancas-estaduais\\\/\",\"url\":\"https:\\\/\\\/folhapopular.info\\\/index.php\\\/2024\\\/10\\\/24\\\/comitiva-divulga-expovale-construmobil-para-autoridades-e-liderancas-estaduais\\\/\",\"name\":\"Comitiva divulga Expovale + Construm\u00f3bil para autoridades e lideran\u00e7as estaduais - Folha Popular\",\"isPartOf\":{\"@id\":\"https:\\\/\\\/folhapopular.info\\\/#website\"},\"primaryImageOfPage\":{\"@id\":\"https:\\\/\\\/folhapopular.info\\\/index.php\\\/2024\\\/10\\\/24\\\/comitiva-divulga-expovale-construmobil-para-autoridades-e-liderancas-estaduais\\\/#primaryimage\"},\"image\":{\"@id\":\"https:\\\/\\\/folhapopular.info\\\/index.php\\\/2024\\\/10\\\/24\\\/comitiva-divulga-expovale-construmobil-para-autoridades-e-liderancas-estaduais\\\/#primaryimage\"},\"thumbnailUrl\":\"https:\\\/\\\/folhapopular.info\\\/wp-content\\\/uploads\\\/2024\\\/10\\\/444844_1130572_img_5196-scaled.jpg\",\"datePublished\":\"2024-10-24T20:28:24+00:00\",\"dateModified\":\"2024-10-24T20:28:26+00:00\",\"author\":{\"@id\":\"https:\\\/\\\/folhapopular.info\\\/#\\\/schema\\\/person\\\/2814e8a0df7643585a9ca38bc6eb9d4b\"},\"breadcrumb\":{\"@id\":\"https:\\\/\\\/folhapopular.info\\\/index.php\\\/2024\\\/10\\\/24\\\/comitiva-divulga-expovale-construmobil-para-autoridades-e-liderancas-estaduais\\\/#breadcrumb\"},\"inLanguage\":\"pt-BR\",\"potentialAction\":[{\"@type\":\"ReadAction\",\"target\":[\"https:\\\/\\\/folhapopular.info\\\/index.php\\\/2024\\\/10\\\/24\\\/comitiva-divulga-expovale-construmobil-para-autoridades-e-liderancas-estaduais\\\/\"]}]},{\"@type\":\"ImageObject\",\"inLanguage\":\"pt-BR\",\"@id\":\"https:\\\/\\\/folhapopular.info\\\/index.php\\\/2024\\\/10\\\/24\\\/comitiva-divulga-expovale-construmobil-para-autoridades-e-liderancas-estaduais\\\/#primaryimage\",\"url\":\"https:\\\/\\\/folhapopular.info\\\/wp-content\\\/uploads\\\/2024\\\/10\\\/444844_1130572_img_5196-scaled.jpg\",\"contentUrl\":\"https:\\\/\\\/folhapopular.info\\\/wp-content\\\/uploads\\\/2024\\\/10\\\/444844_1130572_img_5196-scaled.jpg\",\"width\":2560,\"height\":1920,\"caption\":\"Cr\u00e9dito: Simone Rockenbach \\\/ Divulga\u00e7\u00e3o\"},{\"@type\":\"BreadcrumbList\",\"@id\":\"https:\\\/\\\/folhapopular.info\\\/index.php\\\/2024\\\/10\\\/24\\\/comitiva-divulga-expovale-construmobil-para-autoridades-e-liderancas-estaduais\\\/#breadcrumb\",\"itemListElement\":[{\"@type\":\"ListItem\",\"position\":1,\"name\":\"In\u00edcio\",\"item\":\"https:\\\/\\\/folhapopular.info\\\/\"},{\"@type\":\"ListItem\",\"position\":2,\"name\":\"Comitiva divulga Expovale + Construm\u00f3bil para autoridades e lideran\u00e7as estaduais\"}]},{\"@type\":\"WebSite\",\"@id\":\"https:\\\/\\\/folhapopular.info\\\/#website\",\"url\":\"https:\\\/\\\/folhapopular.info\\\/\",\"name\":\"Folha Popular\",\"description\":\"Onde voc\u00ea tem vez e voz\",\"potentialAction\":[{\"@type\":\"SearchAction\",\"target\":{\"@type\":\"EntryPoint\",\"urlTemplate\":\"https:\\\/\\\/folhapopular.info\\\/?s={search_term_string}\"},\"query-input\":{\"@type\":\"PropertyValueSpecification\",\"valueRequired\":true,\"valueName\":\"search_term_string\"}}],\"inLanguage\":\"pt-BR\"},{\"@type\":\"Person\",\"@id\":\"https:\\\/\\\/folhapopular.info\\\/#\\\/schema\\\/person\\\/2814e8a0df7643585a9ca38bc6eb9d4b\",\"name\":\"Reda\u00e7\u00e3o Folha Popular\",\"image\":{\"@type\":\"ImageObject\",\"inLanguage\":\"pt-BR\",\"@id\":\"https:\\\/\\\/folhapopular.info\\\/wp-content\\\/uploads\\\/2026\\\/04\\\/Folha-1.webp\",\"url\":\"https:\\\/\\\/folhapopular.info\\\/wp-content\\\/uploads\\\/2026\\\/04\\\/Folha-1.webp\",\"contentUrl\":\"https:\\\/\\\/folhapopular.info\\\/wp-content\\\/uploads\\\/2026\\\/04\\\/Folha-1.webp\",\"caption\":\"Reda\u00e7\u00e3o Folha Popular\"},\"url\":\"https:\\\/\\\/folhapopular.info\\\/index.php\\\/author\\\/redacao\\\/\"}]}<\/script>\n<!-- \/ Yoast SEO plugin. -->","yoast_head_json":{"title":"Comitiva divulga Expovale + Construm\u00f3bil para autoridades e lideran\u00e7as estaduais - Folha Popular","robots":{"index":"index","follow":"follow","max-snippet":"max-snippet:-1","max-image-preview":"max-image-preview:large","max-video-preview":"max-video-preview:-1"},"canonical":"https:\/\/folhapopular.info\/index.php\/2024\/10\/24\/comitiva-divulga-expovale-construmobil-para-autoridades-e-liderancas-estaduais\/","og_locale":"pt_BR","og_type":"article","og_title":"Comitiva divulga Expovale + Construm\u00f3bil para autoridades e lideran\u00e7as estaduais - Folha Popular","og_description":"A quarta-feira (23\/10) foi de ampla divulga\u00e7\u00e3o da Expovale + Construm\u00f3bil em Porto Alegre. Faltando duas semanas para a abertura do evento, uma comitiva dedicou o dia para divulgar as feiras para autoridades e lideran\u00e7as estaduais. A comitiva foi formada pelo presidente da Associa\u00e7\u00e3o Comercial e Industrial de Lajeado (Acil), Joni Zagonel; presidente da 23\u00aa [&hellip;]","og_url":"https:\/\/folhapopular.info\/index.php\/2024\/10\/24\/comitiva-divulga-expovale-construmobil-para-autoridades-e-liderancas-estaduais\/","og_site_name":"Folha Popular","article_published_time":"2024-10-24T20:28:24+00:00","article_modified_time":"2024-10-24T20:28:26+00:00","og_image":[{"width":2560,"height":1920,"url":"http:\/\/folhapopular.info\/wp-content\/uploads\/2024\/10\/444844_1130572_img_5196-scaled.jpg","type":"image\/jpeg"}],"author":"Reda\u00e7\u00e3o Folha Popular","twitter_card":"summary_large_image","twitter_misc":{"Escrito por":"Reda\u00e7\u00e3o Folha Popular","Est. tempo de leitura":"3 minutos"},"schema":{"@context":"https:\/\/schema.org","@graph":[{"@type":"Article","@id":"https:\/\/folhapopular.info\/index.php\/2024\/10\/24\/comitiva-divulga-expovale-construmobil-para-autoridades-e-liderancas-estaduais\/#article","isPartOf":{"@id":"https:\/\/folhapopular.info\/index.php\/2024\/10\/24\/comitiva-divulga-expovale-construmobil-para-autoridades-e-liderancas-estaduais\/"},"author":{"name":"Reda\u00e7\u00e3o Folha Popular","@id":"https:\/\/folhapopular.info\/#\/schema\/person\/2814e8a0df7643585a9ca38bc6eb9d4b"},"headline":"Comitiva divulga Expovale + Construm\u00f3bil para autoridades e lideran\u00e7as estaduais","datePublished":"2024-10-24T20:28:24+00:00","dateModified":"2024-10-24T20:28:26+00:00","mainEntityOfPage":{"@id":"https:\/\/folhapopular.info\/index.php\/2024\/10\/24\/comitiva-divulga-expovale-construmobil-para-autoridades-e-liderancas-estaduais\/"},"wordCount":546,"commentCount":0,"image":{"@id":"https:\/\/folhapopular.info\/index.php\/2024\/10\/24\/comitiva-divulga-expovale-construmobil-para-autoridades-e-liderancas-estaduais\/#primaryimage"},"thumbnailUrl":"https:\/\/folhapopular.info\/wp-content\/uploads\/2024\/10\/444844_1130572_img_5196-scaled.jpg","keywords":["comitiva","Divulga\u00e7ao","Expovale + Cosntrum\u00f3bil 2024"],"articleSection":["Economia"],"inLanguage":"pt-BR","potentialAction":[{"@type":"CommentAction","name":"Comment","target":["https:\/\/folhapopular.info\/index.php\/2024\/10\/24\/comitiva-divulga-expovale-construmobil-para-autoridades-e-liderancas-estaduais\/#respond"]}]},{"@type":"WebPage","@id":"https:\/\/folhapopular.info\/index.php\/2024\/10\/24\/comitiva-divulga-expovale-construmobil-para-autoridades-e-liderancas-estaduais\/","url":"https:\/\/folhapopular.info\/index.php\/2024\/10\/24\/comitiva-divulga-expovale-construmobil-para-autoridades-e-liderancas-estaduais\/","name":"Comitiva divulga Expovale + Construm\u00f3bil para autoridades e lideran\u00e7as estaduais - Folha Popular","isPartOf":{"@id":"https:\/\/folhapopular.info\/#website"},"primaryImageOfPage":{"@id":"https:\/\/folhapopular.info\/index.php\/2024\/10\/24\/comitiva-divulga-expovale-construmobil-para-autoridades-e-liderancas-estaduais\/#primaryimage"},"image":{"@id":"https:\/\/folhapopular.info\/index.php\/2024\/10\/24\/comitiva-divulga-expovale-construmobil-para-autoridades-e-liderancas-estaduais\/#primaryimage"},"thumbnailUrl":"https:\/\/folhapopular.info\/wp-content\/uploads\/2024\/10\/444844_1130572_img_5196-scaled.jpg","datePublished":"2024-10-24T20:28:24+00:00","dateModified":"2024-10-24T20:28:26+00:00","author":{"@id":"https:\/\/folhapopular.info\/#\/schema\/person\/2814e8a0df7643585a9ca38bc6eb9d4b"},"breadcrumb":{"@id":"https:\/\/folhapopular.info\/index.php\/2024\/10\/24\/comitiva-divulga-expovale-construmobil-para-autoridades-e-liderancas-estaduais\/#breadcrumb"},"inLanguage":"pt-BR","potentialAction":[{"@type":"ReadAction","target":["https:\/\/folhapopular.info\/index.php\/2024\/10\/24\/comitiva-divulga-expovale-construmobil-para-autoridades-e-liderancas-estaduais\/"]}]},{"@type":"ImageObject","inLanguage":"pt-BR","@id":"https:\/\/folhapopular.info\/index.php\/2024\/10\/24\/comitiva-divulga-expovale-construmobil-para-autoridades-e-liderancas-estaduais\/#primaryimage","url":"https:\/\/folhapopular.info\/wp-content\/uploads\/2024\/10\/444844_1130572_img_5196-scaled.jpg","contentUrl":"https:\/\/folhapopular.info\/wp-content\/uploads\/2024\/10\/444844_1130572_img_5196-scaled.jpg","width":2560,"height":1920,"caption":"Cr\u00e9dito: Simone Rockenbach \/ Divulga\u00e7\u00e3o"},{"@type":"BreadcrumbList","@id":"https:\/\/folhapopular.info\/index.php\/2024\/10\/24\/comitiva-divulga-expovale-construmobil-para-autoridades-e-liderancas-estaduais\/#breadcrumb","itemListElement":[{"@type":"ListItem","position":1,"name":"In\u00edcio","item":"https:\/\/folhapopular.info\/"},{"@type":"ListItem","position":2,"name":"Comitiva divulga Expovale + Construm\u00f3bil para autoridades e lideran\u00e7as estaduais"}]},{"@type":"WebSite","@id":"https:\/\/folhapopular.info\/#website","url":"https:\/\/folhapopular.info\/","name":"Folha Popular","description":"Onde voc\u00ea tem vez e voz","potentialAction":[{"@type":"SearchAction","target":{"@type":"EntryPoint","urlTemplate":"https:\/\/folhapopular.info\/?s={search_term_string}"},"query-input":{"@type":"PropertyValueSpecification","valueRequired":true,"valueName":"search_term_string"}}],"inLanguage":"pt-BR"},{"@type":"Person","@id":"https:\/\/folhapopular.info\/#\/schema\/person\/2814e8a0df7643585a9ca38bc6eb9d4b","name":"Reda\u00e7\u00e3o Folha Popular","image":{"@type":"ImageObject","inLanguage":"pt-BR","@id":"https:\/\/folhapopular.info\/wp-content\/uploads\/2026\/04\/Folha-1.webp","url":"https:\/\/folhapopular.info\/wp-content\/uploads\/2026\/04\/Folha-1.webp","contentUrl":"https:\/\/folhapopular.info\/wp-content\/uploads\/2026\/04\/Folha-1.webp","caption":"Reda\u00e7\u00e3o Folha Popular"},"url":"https:\/\/folhapopular.info\/index.php\/author\/redacao\/"}]}},"jetpack_featured_media_url":"https:\/\/folhapopular.info\/wp-content\/uploads\/2024\/10\/444844_1130572_img_5196-scaled.jpg","jetpack_sharing_enabled":true,"amp_enabled":true,"_links":{"self":[{"href":"https:\/\/folhapopular.info\/index.php\/wp-json\/wp\/v2\/posts\/172920","targetHints":{"allow":["GET"]}}],"collection":[{"href":"https:\/\/folhapopular.info\/index.php\/wp-json\/wp\/v2\/posts"}],"about":[{"href":"https:\/\/folhapopular.info\/index.php\/wp-json\/wp\/v2\/types\/post"}],"author":[{"embeddable":true,"href":"https:\/\/folhapopular.info\/index.php\/wp-json\/wp\/v2\/users\/8"}],"replies":[{"embeddable":true,"href":"https:\/\/folhapopular.info\/index.php\/wp-json\/wp\/v2\/comments?post=172920"}],"version-history":[{"count":0,"href":"https:\/\/folhapopular.info\/index.php\/wp-json\/wp\/v2\/posts\/172920\/revisions"}],"wp:featuredmedia":[{"embeddable":true,"href":"https:\/\/folhapopular.info\/index.php\/wp-json\/wp\/v2\/media\/172921"}],"wp:attachment":[{"href":"https:\/\/folhapopular.info\/index.php\/wp-json\/wp\/v2\/media?parent=172920"}],"wp:term":[{"taxonomy":"category","embeddable":true,"href":"https:\/\/folhapopular.info\/index.php\/wp-json\/wp\/v2\/categories?post=172920"},{"taxonomy":"post_tag","embeddable":true,"href":"https:\/\/folhapopular.info\/index.php\/wp-json\/wp\/v2\/tags?post=172920"}],"curies":[{"name":"wp","href":"https:\/\/api.w.org\/{rel}","templated":true}]}}