{"id":173126,"date":"2024-10-27T12:00:00","date_gmt":"2024-10-27T15:00:00","guid":{"rendered":"https:\/\/folhapopular.info\/?p=173126"},"modified":"2024-10-26T09:30:25","modified_gmt":"2024-10-26T12:30:25","slug":"musica-instrumental-e-folclore-se-unem-em-viagem-pelas-tradicoes-alemas","status":"publish","type":"post","link":"https:\/\/folhapopular.info\/index.php\/2024\/10\/27\/musica-instrumental-e-folclore-se-unem-em-viagem-pelas-tradicoes-alemas\/","title":{"rendered":"M\u00fasica instrumental e folclore se unem em viagem pelas tradi\u00e7\u00f5es alem\u00e3s"},"content":{"rendered":"\n<p>Dois grupos importantes para a regi\u00e3o selaram, na quinta-feira (24\/10), uma parceria que promete colher bons frutos. O conjunto instrumental do Col\u00e9gio Teut\u00f4nia e o Grupo de Dan\u00e7as Folcl\u00f3ricas de Estrela deram in\u00edcio \u00e0 turn\u00ea Brasil 2024 do show Caminhos da Cultura. A apresenta\u00e7\u00e3o ocorreu, primeiro, para os \u201cde casa\u201d, e agora segue em viagem a S\u00e3o Paulo e Santa Catarina, em cinco apresenta\u00e7\u00f5es. Na volta, o grupo se apresenta em Estrela.<\/p>\n\n\n\n<p>Disposta em formato de arena, a plateia pode ver de perto os movimentos do grupo de dan\u00e7a, enquanto escutava atenta aos acordes dos musicistas. Ao fim do espet\u00e1culo, a comunidade foi convidada a integrar a roda de dan\u00e7a, dando um show ao lado dos dan\u00e7arinos.<\/p>\n\n\n\n<p>A proposta do espet\u00e1culo \u00e9 resgatar e celebrar as influ\u00eancias culturais trazidas pelos imigrantes alem\u00e3es, unindo a for\u00e7a da m\u00fasica e da dan\u00e7a, legado art\u00edstico que \u00e9 uma heran\u00e7a do movimento que iniciou em 1824.<\/p>\n\n\n\n<p>O Conjunto Instrumental \u00e9 respons\u00e1vel por trazer ao palco uma diversidade de sons que passeiam pela tradi\u00e7\u00e3o e pela modernidade. Enquanto isso, o Grupo Folcl\u00f3rico de Estrela apresentar\u00e1 a rica heran\u00e7a das dan\u00e7as alem\u00e3s, com trajes t\u00edpicos e coreografias que remetem \u00e0s origens e \u00e0 hist\u00f3ria dos primeiros imigrantes.<\/p>\n\n\n\n<p>O espet\u00e1culo foi contemplado pelo presidente da Comiss\u00e3o Oficial do Bicenten\u00e1rio da Imigra\u00e7\u00e3o Alem\u00e3, Rafael Gessinger. Para ele, a contribui\u00e7\u00e3o alem\u00e3 na m\u00fasica e na dan\u00e7a foi muito grande. \u201cEram elementos do interior, de exist\u00eancia plena, e foi isso o que vivemos aqui, hoje. Estamos muito orgulhosos das comunidades, do bicenten\u00e1rio e de todos os encontros culturais promovidos. \u00c9 o passado se encontrando com o presente, forjando o futuro e integrando todos os valores\u201d, apontou.<\/p>\n\n\n\n<figure class=\"wp-block-image size-large\"><img loading=\"lazy\" decoding=\"async\" width=\"1024\" height=\"684\" src=\"https:\/\/folhapopular.info\/wp-content\/uploads\/2024\/10\/DSC_1120-1024x684.jpg\" alt=\"\" class=\"wp-image-173130\" srcset=\"https:\/\/folhapopular.info\/wp-content\/uploads\/2024\/10\/DSC_1120-1024x684.jpg 1024w, https:\/\/folhapopular.info\/wp-content\/uploads\/2024\/10\/DSC_1120-300x201.jpg 300w, https:\/\/folhapopular.info\/wp-content\/uploads\/2024\/10\/DSC_1120-768x513.jpg 768w, https:\/\/folhapopular.info\/wp-content\/uploads\/2024\/10\/DSC_1120-1536x1027.jpg 1536w, https:\/\/folhapopular.info\/wp-content\/uploads\/2024\/10\/DSC_1120-2048x1369.jpg 2048w, https:\/\/folhapopular.info\/wp-content\/uploads\/2024\/10\/DSC_1120-628x420.jpg 628w, https:\/\/folhapopular.info\/wp-content\/uploads\/2024\/10\/DSC_1120-696x465.jpg 696w, https:\/\/folhapopular.info\/wp-content\/uploads\/2024\/10\/DSC_1120-1068x714.jpg 1068w, https:\/\/folhapopular.info\/wp-content\/uploads\/2024\/10\/DSC_1120-1920x1283.jpg 1920w\" sizes=\"auto, (max-width: 1024px) 100vw, 1024px\" \/><figcaption class=\"wp-element-caption\">Andreas Hamester (e) e Lucas Grave foram os idealizadores \/ Cr\u00e9dito: Camille Lenz da Silva<\/figcaption><\/figure>\n\n\n\n<p><strong>Prot\u00f3tipo<\/strong><\/p>\n\n\n\n<p>A ideia da turn\u00ea surgiu entre o instrutor dos Grupos Focl\u00f3ricos de Estrela, Andr\u00e9as Hamester, e Lucas Grave, maestro do Conjunto Instrumental do CT. Ap\u00f3s conversas informais, o projeto foi organizado em cerca de 3 meses, a partir dos contatos dos ex-diretores do Col\u00e9gio Humboldt, Everton Augustin e Valdir Rasche.<\/p>\n\n\n\n<p>Hamester afirma que esta \u00e9 uma das melhores combina\u00e7\u00f5es que j\u00e1 criou entre orquestra e dan\u00e7a, com um casamento certeiro entre acordes, compassos e ritmos. Agora, o desafio est\u00e1 na conviv\u00eancia e integra\u00e7\u00e3o dos dois grupos durante a viagem. Grave \u00e9 feliz em ver o projeto saindo do papel. O nome Caminhos da Cultura tem rela\u00e7\u00e3o com os imigrantes que, depois de chegarem ao RS, come\u00e7aram a se espalhar pelo Brasil.<\/p>\n\n\n\n<p>Ambos j\u00e1 vislumbram mais. \u201cO grupo folcl\u00f3rico oficial se apresentou em Horizontina, onde foi muito bem-aceito. L\u00e1, comentei sobre o Caminhos, eles amaram e, a partir das imagens de hoje, o produtor cultural da cidade ir\u00e1 nos incluir no projeto deles. Ano que vem \u00e9 praticamente certo que estaremos na Oktoberfest de Horizontina\u201d, comemora Hamester. Para a pr\u00f3xima turn\u00ea, a ideia \u00e9 ir tamb\u00e9m para o Rio de Janeiro. \u201cHoje foi a estreia de um prot\u00f3tipo\u201d, concordam os artistas.<\/p>\n\n\n\n<figure class=\"wp-block-image size-large\"><img loading=\"lazy\" decoding=\"async\" width=\"1024\" height=\"684\" src=\"https:\/\/folhapopular.info\/wp-content\/uploads\/2024\/10\/DSC_1049-1024x684.jpg\" alt=\"\" class=\"wp-image-173131\" srcset=\"https:\/\/folhapopular.info\/wp-content\/uploads\/2024\/10\/DSC_1049-1024x684.jpg 1024w, https:\/\/folhapopular.info\/wp-content\/uploads\/2024\/10\/DSC_1049-300x201.jpg 300w, https:\/\/folhapopular.info\/wp-content\/uploads\/2024\/10\/DSC_1049-768x513.jpg 768w, https:\/\/folhapopular.info\/wp-content\/uploads\/2024\/10\/DSC_1049-1536x1027.jpg 1536w, https:\/\/folhapopular.info\/wp-content\/uploads\/2024\/10\/DSC_1049-2048x1369.jpg 2048w, https:\/\/folhapopular.info\/wp-content\/uploads\/2024\/10\/DSC_1049-628x420.jpg 628w, https:\/\/folhapopular.info\/wp-content\/uploads\/2024\/10\/DSC_1049-696x465.jpg 696w, https:\/\/folhapopular.info\/wp-content\/uploads\/2024\/10\/DSC_1049-1068x714.jpg 1068w, https:\/\/folhapopular.info\/wp-content\/uploads\/2024\/10\/DSC_1049-1920x1283.jpg 1920w\" sizes=\"auto, (max-width: 1024px) 100vw, 1024px\" \/><figcaption class=\"wp-element-caption\">Dan\u00e7as e ritmos foram adaptados para estar em sintonia \/ Cr\u00e9dito: Camille Lenz da Silva<\/figcaption><\/figure>\n\n\n\n<p><strong>R<\/strong><strong>oteiro<\/strong><\/p>\n\n\n\n<p>27\/10: Teatro Municipal &#8211; Pomerode\/SC<\/p>\n\n\n\n<p>29\/10: Col\u00e9gio Humboldt &#8211; S\u00e3o Paulo\/SP<\/p>\n\n\n\n<p>30\/10: Col\u00e9gio Porto Seguro &#8211; S\u00e3o Paulo\/SP<\/p>\n\n\n\n<p>31\/10: Col\u00e9gio Porto Seguro &#8211; Valinhos\/SP<\/p>\n\n\n\n<p>1\u00ba\/11: Sal\u00e3o da Comunidade \u2013 Canoinhas\/SC<\/p>\n","protected":false},"excerpt":{"rendered":"<p>Dois grupos importantes para a regi\u00e3o selaram, na quinta-feira (24\/10), uma parceria que promete colher bons frutos. O conjunto instrumental do Col\u00e9gio Teut\u00f4nia e o Grupo de Dan\u00e7as Folcl\u00f3ricas de Estrela deram in\u00edcio \u00e0 turn\u00ea Brasil 2024 do show Caminhos da Cultura. A apresenta\u00e7\u00e3o ocorreu, primeiro, para os \u201cde casa\u201d, e agora segue em viagem [&hellip;]<\/p>\n","protected":false},"author":639,"featured_media":173127,"comment_status":"open","ping_status":"open","sticky":false,"template":"","format":"standard","meta":{"pmpro_default_level":"","_jetpack_memberships_contains_paid_content":false,"footnotes":""},"categories":[10996,2,6],"tags":[16796,16797,5597],"class_list":{"0":"post-173126","1":"post","2":"type-post","3":"status-publish","4":"format-standard","5":"has-post-thumbnail","7":"category-cultura","8":"category-featured","9":"category-inclusive","10":"tag-caminhos-da-cultura","11":"tag-rafael-gessinger","12":"tag-turne","13":"pmpro-has-access"},"yoast_head":"<!-- This site is optimized with the Yoast SEO plugin v27.5 - https:\/\/yoast.com\/product\/yoast-seo-wordpress\/ -->\n<title>M\u00fasica instrumental e folclore se unem em viagem pelas tradi\u00e7\u00f5es alem\u00e3s - Folha Popular<\/title>\n<meta name=\"robots\" content=\"index, follow, max-snippet:-1, max-image-preview:large, max-video-preview:-1\" \/>\n<link rel=\"canonical\" href=\"https:\/\/folhapopular.info\/index.php\/2024\/10\/27\/musica-instrumental-e-folclore-se-unem-em-viagem-pelas-tradicoes-alemas\/\" \/>\n<meta property=\"og:locale\" content=\"pt_BR\" \/>\n<meta property=\"og:type\" content=\"article\" \/>\n<meta property=\"og:title\" content=\"M\u00fasica instrumental e folclore se unem em viagem pelas tradi\u00e7\u00f5es alem\u00e3s - Folha Popular\" \/>\n<meta property=\"og:description\" content=\"Dois grupos importantes para a regi\u00e3o selaram, na quinta-feira (24\/10), uma parceria que promete colher bons frutos. O conjunto instrumental do Col\u00e9gio Teut\u00f4nia e o Grupo de Dan\u00e7as Folcl\u00f3ricas de Estrela deram in\u00edcio \u00e0 turn\u00ea Brasil 2024 do show Caminhos da Cultura. A apresenta\u00e7\u00e3o ocorreu, primeiro, para os \u201cde casa\u201d, e agora segue em viagem [&hellip;]\" \/>\n<meta property=\"og:url\" content=\"https:\/\/folhapopular.info\/index.php\/2024\/10\/27\/musica-instrumental-e-folclore-se-unem-em-viagem-pelas-tradicoes-alemas\/\" \/>\n<meta property=\"og:site_name\" content=\"Folha Popular\" \/>\n<meta property=\"article:published_time\" content=\"2024-10-27T15:00:00+00:00\" \/>\n<meta property=\"og:image\" content=\"https:\/\/folhapopular.info\/wp-content\/uploads\/2024\/10\/WhatsApp-Image-2024-10-25-at-14.31.54-scaled.jpeg\" \/>\n\t<meta property=\"og:image:width\" content=\"2560\" \/>\n\t<meta property=\"og:image:height\" content=\"1920\" \/>\n\t<meta property=\"og:image:type\" content=\"image\/jpeg\" \/>\n<meta name=\"author\" content=\"Camille Lenz da Silva\" \/>\n<meta name=\"twitter:card\" content=\"summary_large_image\" \/>\n<meta name=\"twitter:label1\" content=\"Escrito por\" \/>\n\t<meta name=\"twitter:data1\" content=\"Camille Lenz da Silva\" \/>\n\t<meta name=\"twitter:label2\" content=\"Est. tempo de leitura\" \/>\n\t<meta name=\"twitter:data2\" content=\"4 minutos\" \/>\n<script type=\"application\/ld+json\" class=\"yoast-schema-graph\">{\"@context\":\"https:\\\/\\\/schema.org\",\"@graph\":[{\"@type\":\"Article\",\"@id\":\"https:\\\/\\\/folhapopular.info\\\/index.php\\\/2024\\\/10\\\/27\\\/musica-instrumental-e-folclore-se-unem-em-viagem-pelas-tradicoes-alemas\\\/#article\",\"isPartOf\":{\"@id\":\"https:\\\/\\\/folhapopular.info\\\/index.php\\\/2024\\\/10\\\/27\\\/musica-instrumental-e-folclore-se-unem-em-viagem-pelas-tradicoes-alemas\\\/\"},\"author\":{\"name\":\"Camille Lenz da Silva\",\"@id\":\"https:\\\/\\\/folhapopular.info\\\/#\\\/schema\\\/person\\\/f0b811f932ef2505faf473ffaef49df5\"},\"headline\":\"M\u00fasica instrumental e folclore se unem em viagem pelas tradi\u00e7\u00f5es alem\u00e3s\",\"datePublished\":\"2024-10-27T15:00:00+00:00\",\"mainEntityOfPage\":{\"@id\":\"https:\\\/\\\/folhapopular.info\\\/index.php\\\/2024\\\/10\\\/27\\\/musica-instrumental-e-folclore-se-unem-em-viagem-pelas-tradicoes-alemas\\\/\"},\"wordCount\":598,\"commentCount\":0,\"image\":{\"@id\":\"https:\\\/\\\/folhapopular.info\\\/index.php\\\/2024\\\/10\\\/27\\\/musica-instrumental-e-folclore-se-unem-em-viagem-pelas-tradicoes-alemas\\\/#primaryimage\"},\"thumbnailUrl\":\"https:\\\/\\\/folhapopular.info\\\/wp-content\\\/uploads\\\/2024\\\/10\\\/WhatsApp-Image-2024-10-25-at-14.31.54-scaled.jpeg\",\"keywords\":[\"Caminhos da Cultura\",\"Rafael Gessinger\",\"Turn\u00ea\"],\"articleSection\":[\"Cultura\",\"Destaques\",\"Inclusive\"],\"inLanguage\":\"pt-BR\",\"potentialAction\":[{\"@type\":\"CommentAction\",\"name\":\"Comment\",\"target\":[\"https:\\\/\\\/folhapopular.info\\\/index.php\\\/2024\\\/10\\\/27\\\/musica-instrumental-e-folclore-se-unem-em-viagem-pelas-tradicoes-alemas\\\/#respond\"]}]},{\"@type\":\"WebPage\",\"@id\":\"https:\\\/\\\/folhapopular.info\\\/index.php\\\/2024\\\/10\\\/27\\\/musica-instrumental-e-folclore-se-unem-em-viagem-pelas-tradicoes-alemas\\\/\",\"url\":\"https:\\\/\\\/folhapopular.info\\\/index.php\\\/2024\\\/10\\\/27\\\/musica-instrumental-e-folclore-se-unem-em-viagem-pelas-tradicoes-alemas\\\/\",\"name\":\"M\u00fasica instrumental e folclore se unem em viagem pelas tradi\u00e7\u00f5es alem\u00e3s - Folha Popular\",\"isPartOf\":{\"@id\":\"https:\\\/\\\/folhapopular.info\\\/#website\"},\"primaryImageOfPage\":{\"@id\":\"https:\\\/\\\/folhapopular.info\\\/index.php\\\/2024\\\/10\\\/27\\\/musica-instrumental-e-folclore-se-unem-em-viagem-pelas-tradicoes-alemas\\\/#primaryimage\"},\"image\":{\"@id\":\"https:\\\/\\\/folhapopular.info\\\/index.php\\\/2024\\\/10\\\/27\\\/musica-instrumental-e-folclore-se-unem-em-viagem-pelas-tradicoes-alemas\\\/#primaryimage\"},\"thumbnailUrl\":\"https:\\\/\\\/folhapopular.info\\\/wp-content\\\/uploads\\\/2024\\\/10\\\/WhatsApp-Image-2024-10-25-at-14.31.54-scaled.jpeg\",\"datePublished\":\"2024-10-27T15:00:00+00:00\",\"author\":{\"@id\":\"https:\\\/\\\/folhapopular.info\\\/#\\\/schema\\\/person\\\/f0b811f932ef2505faf473ffaef49df5\"},\"breadcrumb\":{\"@id\":\"https:\\\/\\\/folhapopular.info\\\/index.php\\\/2024\\\/10\\\/27\\\/musica-instrumental-e-folclore-se-unem-em-viagem-pelas-tradicoes-alemas\\\/#breadcrumb\"},\"inLanguage\":\"pt-BR\",\"potentialAction\":[{\"@type\":\"ReadAction\",\"target\":[\"https:\\\/\\\/folhapopular.info\\\/index.php\\\/2024\\\/10\\\/27\\\/musica-instrumental-e-folclore-se-unem-em-viagem-pelas-tradicoes-alemas\\\/\"]}]},{\"@type\":\"ImageObject\",\"inLanguage\":\"pt-BR\",\"@id\":\"https:\\\/\\\/folhapopular.info\\\/index.php\\\/2024\\\/10\\\/27\\\/musica-instrumental-e-folclore-se-unem-em-viagem-pelas-tradicoes-alemas\\\/#primaryimage\",\"url\":\"https:\\\/\\\/folhapopular.info\\\/wp-content\\\/uploads\\\/2024\\\/10\\\/WhatsApp-Image-2024-10-25-at-14.31.54-scaled.jpeg\",\"contentUrl\":\"https:\\\/\\\/folhapopular.info\\\/wp-content\\\/uploads\\\/2024\\\/10\\\/WhatsApp-Image-2024-10-25-at-14.31.54-scaled.jpeg\",\"width\":2560,\"height\":1920,\"caption\":\"Grupo far\u00e1 cinco apresenta\u00e7\u00f5es nos estados de Santa Catarina e S\u00e3o Paulo \\\/ Cr\u00e9dito: Camille Lenz da Silva\"},{\"@type\":\"BreadcrumbList\",\"@id\":\"https:\\\/\\\/folhapopular.info\\\/index.php\\\/2024\\\/10\\\/27\\\/musica-instrumental-e-folclore-se-unem-em-viagem-pelas-tradicoes-alemas\\\/#breadcrumb\",\"itemListElement\":[{\"@type\":\"ListItem\",\"position\":1,\"name\":\"In\u00edcio\",\"item\":\"https:\\\/\\\/folhapopular.info\\\/\"},{\"@type\":\"ListItem\",\"position\":2,\"name\":\"M\u00fasica instrumental e folclore se unem em viagem pelas tradi\u00e7\u00f5es alem\u00e3s\"}]},{\"@type\":\"WebSite\",\"@id\":\"https:\\\/\\\/folhapopular.info\\\/#website\",\"url\":\"https:\\\/\\\/folhapopular.info\\\/\",\"name\":\"Folha Popular\",\"description\":\"Onde voc\u00ea tem vez e voz\",\"potentialAction\":[{\"@type\":\"SearchAction\",\"target\":{\"@type\":\"EntryPoint\",\"urlTemplate\":\"https:\\\/\\\/folhapopular.info\\\/?s={search_term_string}\"},\"query-input\":{\"@type\":\"PropertyValueSpecification\",\"valueRequired\":true,\"valueName\":\"search_term_string\"}}],\"inLanguage\":\"pt-BR\"},{\"@type\":\"Person\",\"@id\":\"https:\\\/\\\/folhapopular.info\\\/#\\\/schema\\\/person\\\/f0b811f932ef2505faf473ffaef49df5\",\"name\":\"Camille Lenz da Silva\",\"image\":{\"@type\":\"ImageObject\",\"inLanguage\":\"pt-BR\",\"@id\":\"https:\\\/\\\/secure.gravatar.com\\\/avatar\\\/50be826d73ca259ec0e0a88a407f5de800c576c46cfdc57e50ef28551e216fff?s=96&d=mm&r=g\",\"url\":\"https:\\\/\\\/secure.gravatar.com\\\/avatar\\\/50be826d73ca259ec0e0a88a407f5de800c576c46cfdc57e50ef28551e216fff?s=96&d=mm&r=g\",\"contentUrl\":\"https:\\\/\\\/secure.gravatar.com\\\/avatar\\\/50be826d73ca259ec0e0a88a407f5de800c576c46cfdc57e50ef28551e216fff?s=96&d=mm&r=g\",\"caption\":\"Camille Lenz da Silva\"},\"url\":\"https:\\\/\\\/folhapopular.info\\\/index.php\\\/author\\\/camillelenzgmail-com\\\/\"}]}<\/script>\n<!-- \/ Yoast SEO plugin. -->","yoast_head_json":{"title":"M\u00fasica instrumental e folclore se unem em viagem pelas tradi\u00e7\u00f5es alem\u00e3s - Folha Popular","robots":{"index":"index","follow":"follow","max-snippet":"max-snippet:-1","max-image-preview":"max-image-preview:large","max-video-preview":"max-video-preview:-1"},"canonical":"https:\/\/folhapopular.info\/index.php\/2024\/10\/27\/musica-instrumental-e-folclore-se-unem-em-viagem-pelas-tradicoes-alemas\/","og_locale":"pt_BR","og_type":"article","og_title":"M\u00fasica instrumental e folclore se unem em viagem pelas tradi\u00e7\u00f5es alem\u00e3s - Folha Popular","og_description":"Dois grupos importantes para a regi\u00e3o selaram, na quinta-feira (24\/10), uma parceria que promete colher bons frutos. O conjunto instrumental do Col\u00e9gio Teut\u00f4nia e o Grupo de Dan\u00e7as Folcl\u00f3ricas de Estrela deram in\u00edcio \u00e0 turn\u00ea Brasil 2024 do show Caminhos da Cultura. A apresenta\u00e7\u00e3o ocorreu, primeiro, para os \u201cde casa\u201d, e agora segue em viagem [&hellip;]","og_url":"https:\/\/folhapopular.info\/index.php\/2024\/10\/27\/musica-instrumental-e-folclore-se-unem-em-viagem-pelas-tradicoes-alemas\/","og_site_name":"Folha Popular","article_published_time":"2024-10-27T15:00:00+00:00","og_image":[{"width":2560,"height":1920,"url":"https:\/\/folhapopular.info\/wp-content\/uploads\/2024\/10\/WhatsApp-Image-2024-10-25-at-14.31.54-scaled.jpeg","type":"image\/jpeg"}],"author":"Camille Lenz da Silva","twitter_card":"summary_large_image","twitter_misc":{"Escrito por":"Camille Lenz da Silva","Est. tempo de leitura":"4 minutos"},"schema":{"@context":"https:\/\/schema.org","@graph":[{"@type":"Article","@id":"https:\/\/folhapopular.info\/index.php\/2024\/10\/27\/musica-instrumental-e-folclore-se-unem-em-viagem-pelas-tradicoes-alemas\/#article","isPartOf":{"@id":"https:\/\/folhapopular.info\/index.php\/2024\/10\/27\/musica-instrumental-e-folclore-se-unem-em-viagem-pelas-tradicoes-alemas\/"},"author":{"name":"Camille Lenz da Silva","@id":"https:\/\/folhapopular.info\/#\/schema\/person\/f0b811f932ef2505faf473ffaef49df5"},"headline":"M\u00fasica instrumental e folclore se unem em viagem pelas tradi\u00e7\u00f5es alem\u00e3s","datePublished":"2024-10-27T15:00:00+00:00","mainEntityOfPage":{"@id":"https:\/\/folhapopular.info\/index.php\/2024\/10\/27\/musica-instrumental-e-folclore-se-unem-em-viagem-pelas-tradicoes-alemas\/"},"wordCount":598,"commentCount":0,"image":{"@id":"https:\/\/folhapopular.info\/index.php\/2024\/10\/27\/musica-instrumental-e-folclore-se-unem-em-viagem-pelas-tradicoes-alemas\/#primaryimage"},"thumbnailUrl":"https:\/\/folhapopular.info\/wp-content\/uploads\/2024\/10\/WhatsApp-Image-2024-10-25-at-14.31.54-scaled.jpeg","keywords":["Caminhos da Cultura","Rafael Gessinger","Turn\u00ea"],"articleSection":["Cultura","Destaques","Inclusive"],"inLanguage":"pt-BR","potentialAction":[{"@type":"CommentAction","name":"Comment","target":["https:\/\/folhapopular.info\/index.php\/2024\/10\/27\/musica-instrumental-e-folclore-se-unem-em-viagem-pelas-tradicoes-alemas\/#respond"]}]},{"@type":"WebPage","@id":"https:\/\/folhapopular.info\/index.php\/2024\/10\/27\/musica-instrumental-e-folclore-se-unem-em-viagem-pelas-tradicoes-alemas\/","url":"https:\/\/folhapopular.info\/index.php\/2024\/10\/27\/musica-instrumental-e-folclore-se-unem-em-viagem-pelas-tradicoes-alemas\/","name":"M\u00fasica instrumental e folclore se unem em viagem pelas tradi\u00e7\u00f5es alem\u00e3s - Folha Popular","isPartOf":{"@id":"https:\/\/folhapopular.info\/#website"},"primaryImageOfPage":{"@id":"https:\/\/folhapopular.info\/index.php\/2024\/10\/27\/musica-instrumental-e-folclore-se-unem-em-viagem-pelas-tradicoes-alemas\/#primaryimage"},"image":{"@id":"https:\/\/folhapopular.info\/index.php\/2024\/10\/27\/musica-instrumental-e-folclore-se-unem-em-viagem-pelas-tradicoes-alemas\/#primaryimage"},"thumbnailUrl":"https:\/\/folhapopular.info\/wp-content\/uploads\/2024\/10\/WhatsApp-Image-2024-10-25-at-14.31.54-scaled.jpeg","datePublished":"2024-10-27T15:00:00+00:00","author":{"@id":"https:\/\/folhapopular.info\/#\/schema\/person\/f0b811f932ef2505faf473ffaef49df5"},"breadcrumb":{"@id":"https:\/\/folhapopular.info\/index.php\/2024\/10\/27\/musica-instrumental-e-folclore-se-unem-em-viagem-pelas-tradicoes-alemas\/#breadcrumb"},"inLanguage":"pt-BR","potentialAction":[{"@type":"ReadAction","target":["https:\/\/folhapopular.info\/index.php\/2024\/10\/27\/musica-instrumental-e-folclore-se-unem-em-viagem-pelas-tradicoes-alemas\/"]}]},{"@type":"ImageObject","inLanguage":"pt-BR","@id":"https:\/\/folhapopular.info\/index.php\/2024\/10\/27\/musica-instrumental-e-folclore-se-unem-em-viagem-pelas-tradicoes-alemas\/#primaryimage","url":"https:\/\/folhapopular.info\/wp-content\/uploads\/2024\/10\/WhatsApp-Image-2024-10-25-at-14.31.54-scaled.jpeg","contentUrl":"https:\/\/folhapopular.info\/wp-content\/uploads\/2024\/10\/WhatsApp-Image-2024-10-25-at-14.31.54-scaled.jpeg","width":2560,"height":1920,"caption":"Grupo far\u00e1 cinco apresenta\u00e7\u00f5es nos estados de Santa Catarina e S\u00e3o Paulo \/ Cr\u00e9dito: Camille Lenz da Silva"},{"@type":"BreadcrumbList","@id":"https:\/\/folhapopular.info\/index.php\/2024\/10\/27\/musica-instrumental-e-folclore-se-unem-em-viagem-pelas-tradicoes-alemas\/#breadcrumb","itemListElement":[{"@type":"ListItem","position":1,"name":"In\u00edcio","item":"https:\/\/folhapopular.info\/"},{"@type":"ListItem","position":2,"name":"M\u00fasica instrumental e folclore se unem em viagem pelas tradi\u00e7\u00f5es alem\u00e3s"}]},{"@type":"WebSite","@id":"https:\/\/folhapopular.info\/#website","url":"https:\/\/folhapopular.info\/","name":"Folha Popular","description":"Onde voc\u00ea tem vez e voz","potentialAction":[{"@type":"SearchAction","target":{"@type":"EntryPoint","urlTemplate":"https:\/\/folhapopular.info\/?s={search_term_string}"},"query-input":{"@type":"PropertyValueSpecification","valueRequired":true,"valueName":"search_term_string"}}],"inLanguage":"pt-BR"},{"@type":"Person","@id":"https:\/\/folhapopular.info\/#\/schema\/person\/f0b811f932ef2505faf473ffaef49df5","name":"Camille Lenz da Silva","image":{"@type":"ImageObject","inLanguage":"pt-BR","@id":"https:\/\/secure.gravatar.com\/avatar\/50be826d73ca259ec0e0a88a407f5de800c576c46cfdc57e50ef28551e216fff?s=96&d=mm&r=g","url":"https:\/\/secure.gravatar.com\/avatar\/50be826d73ca259ec0e0a88a407f5de800c576c46cfdc57e50ef28551e216fff?s=96&d=mm&r=g","contentUrl":"https:\/\/secure.gravatar.com\/avatar\/50be826d73ca259ec0e0a88a407f5de800c576c46cfdc57e50ef28551e216fff?s=96&d=mm&r=g","caption":"Camille Lenz da Silva"},"url":"https:\/\/folhapopular.info\/index.php\/author\/camillelenzgmail-com\/"}]}},"jetpack_featured_media_url":"https:\/\/folhapopular.info\/wp-content\/uploads\/2024\/10\/WhatsApp-Image-2024-10-25-at-14.31.54-scaled.jpeg","jetpack_sharing_enabled":true,"amp_enabled":true,"_links":{"self":[{"href":"https:\/\/folhapopular.info\/index.php\/wp-json\/wp\/v2\/posts\/173126","targetHints":{"allow":["GET"]}}],"collection":[{"href":"https:\/\/folhapopular.info\/index.php\/wp-json\/wp\/v2\/posts"}],"about":[{"href":"https:\/\/folhapopular.info\/index.php\/wp-json\/wp\/v2\/types\/post"}],"author":[{"embeddable":true,"href":"https:\/\/folhapopular.info\/index.php\/wp-json\/wp\/v2\/users\/639"}],"replies":[{"embeddable":true,"href":"https:\/\/folhapopular.info\/index.php\/wp-json\/wp\/v2\/comments?post=173126"}],"version-history":[{"count":0,"href":"https:\/\/folhapopular.info\/index.php\/wp-json\/wp\/v2\/posts\/173126\/revisions"}],"wp:featuredmedia":[{"embeddable":true,"href":"https:\/\/folhapopular.info\/index.php\/wp-json\/wp\/v2\/media\/173127"}],"wp:attachment":[{"href":"https:\/\/folhapopular.info\/index.php\/wp-json\/wp\/v2\/media?parent=173126"}],"wp:term":[{"taxonomy":"category","embeddable":true,"href":"https:\/\/folhapopular.info\/index.php\/wp-json\/wp\/v2\/categories?post=173126"},{"taxonomy":"post_tag","embeddable":true,"href":"https:\/\/folhapopular.info\/index.php\/wp-json\/wp\/v2\/tags?post=173126"}],"curies":[{"name":"wp","href":"https:\/\/api.w.org\/{rel}","templated":true}]}}