{"id":173275,"date":"2024-10-28T14:48:22","date_gmt":"2024-10-28T17:48:22","guid":{"rendered":"https:\/\/folhapopular.info\/?p=173275"},"modified":"2024-10-28T14:52:32","modified_gmt":"2024-10-28T17:52:32","slug":"noite-da-saude-da-mulher-westfaliana-e-sucesso-na-terceira-edicao","status":"publish","type":"post","link":"https:\/\/folhapopular.info\/index.php\/2024\/10\/28\/noite-da-saude-da-mulher-westfaliana-e-sucesso-na-terceira-edicao\/","title":{"rendered":"Noite da Sa\u00fade da Mulher Westf\u00e1liana \u00e9 sucesso na terceira edi\u00e7\u00e3o"},"content":{"rendered":"\n<p>A 3\u00aa Noite da Sa\u00fade da Mulher Westfaliana, realizada no dia 23 de outubro, na Casa da OASE, reuniu centenas de participantes e uniu informa\u00e7\u00e3o, entretenimento e solidariedade. Com uma programa\u00e7\u00e3o voltada para o bem-estar feminino, o destaque da noite foi a palestra show \u201cArte para Viver, M\u00fasica para n\u00e3o Enlouquecer\u201d, conduzida por Dirce Becker Delwing e pela energia contagiante da Banda Rosa\u2019s.<\/p>\n\n\n\n<p>Na abertura oficial, as soberanas (rainha Maica Cristina Wahlbrink e segunda-princesa Maiza Cristini Wahlbrink) e a secret\u00e1ria de Sa\u00fade, Trabalho, Habita\u00e7\u00e3o e Assist\u00eancia Social, Simone Heemann, deixaram suas mensagens \u00e0s mulheres presentes, reiterando a import\u00e2ncia do autocuidado, do autoexame e de estar pr\u00f3xima uma \u00e0 outra. A noite contou ainda com lanche e mimo, al\u00e9m da presen\u00e7a da Liga Feminina de Combate ao C\u00e2ncer e da Mary Kay, parceiras desde a primeira edi\u00e7\u00e3o do evento.<\/p>\n\n\n\n<p>Com o sucesso da programa\u00e7\u00e3o, a Noite da Sa\u00fade da Mulher Westfaliana reafirma sua relev\u00e2ncia no calend\u00e1rio municipal, consolidando-se como um espa\u00e7o de informa\u00e7\u00e3o, acolhimento e solidariedade.<\/p>\n\n\n\n<p><strong>Reflex\u00e3o com m\u00fasica e di\u00e1logo<\/strong><\/p>\n\n\n\n<p>O momento mais aguardado da noite encantou as participantes ao aliar reflex\u00e3o e m\u00fasica em uma experi\u00eancia enriquecedora. A palestra show \u201cArte para Viver, M\u00fasica para n\u00e3o Enlouquecer\u201d abordou, de forme leve e inspiradora, os desafios cotidianos da sa\u00fade mental e a import\u00e2ncia da arte e da m\u00fasica como ferramentas para cultivar alegria e equil\u00edbrio emocional. A apresenta\u00e7\u00e3o cativou o p\u00fablico e proporcionou momentos de descontra\u00e7\u00e3o, reflex\u00e3o e conex\u00e3o.<\/p>\n\n\n\n<p><strong>Solidariedade<\/strong><\/p>\n\n\n\n<p>Al\u00e9m da programa\u00e7\u00e3o cultural, a noite foi marcada por um importante gesto de solidariedade. Durante o evento, foram arrecadados 174 litros de leite, que j\u00e1 foram encaminhados ao Hospital Ouro Branco, de Teut\u00f4nia, contribuindo para o atendimento de pacientes e refor\u00e7ando o esp\u00edrito comunit\u00e1rio da a\u00e7\u00e3o.<\/p>\n\n\n\n<p><strong>Evento de sucesso<\/strong><\/p>\n\n\n\n<p>A secret\u00e1ria de Sa\u00fade, Trabalho, Habita\u00e7\u00e3o e Assist\u00eancia Social comemora a ades\u00e3o e o envolvimento das participantes, destacando a import\u00e2ncia de iniciativas como essa. \u201cA Noite da Sa\u00fade da Mulher Westfaliana vai al\u00e9m da conscientiza\u00e7\u00e3o sobre sa\u00fade. \u00c9 um momento de uni\u00e3o e solidariedade e o apoio ao Hospital Ouro Branco \u00e9 um reflexo disso. A palestra, com m\u00fasica e reflex\u00e3o, trouxe leveza e motiva\u00e7\u00e3o para todas n\u00f3s\u201d, afirmou.<\/p>\n","protected":false},"excerpt":{"rendered":"<p>A 3\u00aa Noite da Sa\u00fade da Mulher Westfaliana, realizada no dia 23 de outubro, na Casa da OASE, reuniu centenas de participantes e uniu informa\u00e7\u00e3o, entretenimento e solidariedade. Com uma programa\u00e7\u00e3o voltada para o bem-estar feminino, o destaque da noite foi a palestra show \u201cArte para Viver, M\u00fasica para n\u00e3o Enlouquecer\u201d, conduzida por Dirce Becker [&hellip;]<\/p>\n","protected":false},"author":8,"featured_media":173276,"comment_status":"open","ping_status":"open","sticky":false,"template":"","format":"standard","meta":{"pmpro_default_level":"","_jetpack_memberships_contains_paid_content":false,"footnotes":""},"categories":[2,3,10986],"tags":[6977,16803,11452],"class_list":{"0":"post-173275","1":"post","2":"type-post","3":"status-publish","4":"format-standard","5":"has-post-thumbnail","7":"category-featured","8":"category-geral","9":"category-saude","10":"tag-3a-edicao","11":"tag-noite-da-saude-da-mulher-westfaliana","12":"tag-westfalia-5","13":"pmpro-has-access"},"yoast_head":"<!-- This site is optimized with the Yoast SEO plugin v27.5 - https:\/\/yoast.com\/product\/yoast-seo-wordpress\/ -->\n<title>Noite da Sa\u00fade da Mulher Westf\u00e1liana \u00e9 sucesso na terceira edi\u00e7\u00e3o - Folha Popular<\/title>\n<meta name=\"robots\" content=\"index, follow, max-snippet:-1, max-image-preview:large, max-video-preview:-1\" \/>\n<link rel=\"canonical\" href=\"https:\/\/folhapopular.info\/index.php\/2024\/10\/28\/noite-da-saude-da-mulher-westfaliana-e-sucesso-na-terceira-edicao\/\" \/>\n<meta property=\"og:locale\" content=\"pt_BR\" \/>\n<meta property=\"og:type\" content=\"article\" \/>\n<meta property=\"og:title\" content=\"Noite da Sa\u00fade da Mulher Westf\u00e1liana \u00e9 sucesso na terceira edi\u00e7\u00e3o - Folha Popular\" \/>\n<meta property=\"og:description\" content=\"A 3\u00aa Noite da Sa\u00fade da Mulher Westfaliana, realizada no dia 23 de outubro, na Casa da OASE, reuniu centenas de participantes e uniu informa\u00e7\u00e3o, entretenimento e solidariedade. Com uma programa\u00e7\u00e3o voltada para o bem-estar feminino, o destaque da noite foi a palestra show \u201cArte para Viver, M\u00fasica para n\u00e3o Enlouquecer\u201d, conduzida por Dirce Becker [&hellip;]\" \/>\n<meta property=\"og:url\" content=\"https:\/\/folhapopular.info\/index.php\/2024\/10\/28\/noite-da-saude-da-mulher-westfaliana-e-sucesso-na-terceira-edicao\/\" \/>\n<meta property=\"og:site_name\" content=\"Folha Popular\" \/>\n<meta property=\"article:published_time\" content=\"2024-10-28T17:48:22+00:00\" \/>\n<meta property=\"article:modified_time\" content=\"2024-10-28T17:52:32+00:00\" \/>\n<meta property=\"og:image\" content=\"http:\/\/folhapopular.info\/wp-content\/uploads\/2024\/10\/Soberanas-promoveram-um-momento-reflexao-as-mulheres-westfalianas_AI-Westfalia-scaled.jpg\" \/>\n\t<meta property=\"og:image:width\" content=\"2560\" \/>\n\t<meta property=\"og:image:height\" content=\"1711\" \/>\n\t<meta property=\"og:image:type\" content=\"image\/jpeg\" \/>\n<meta name=\"author\" content=\"Reda\u00e7\u00e3o Folha Popular\" \/>\n<meta name=\"twitter:card\" content=\"summary_large_image\" \/>\n<meta name=\"twitter:label1\" content=\"Escrito por\" \/>\n\t<meta name=\"twitter:data1\" content=\"Reda\u00e7\u00e3o Folha Popular\" \/>\n\t<meta name=\"twitter:label2\" content=\"Est. tempo de leitura\" \/>\n\t<meta name=\"twitter:data2\" content=\"3 minutos\" \/>\n<script type=\"application\/ld+json\" class=\"yoast-schema-graph\">{\"@context\":\"https:\\\/\\\/schema.org\",\"@graph\":[{\"@type\":\"Article\",\"@id\":\"https:\\\/\\\/folhapopular.info\\\/index.php\\\/2024\\\/10\\\/28\\\/noite-da-saude-da-mulher-westfaliana-e-sucesso-na-terceira-edicao\\\/#article\",\"isPartOf\":{\"@id\":\"https:\\\/\\\/folhapopular.info\\\/index.php\\\/2024\\\/10\\\/28\\\/noite-da-saude-da-mulher-westfaliana-e-sucesso-na-terceira-edicao\\\/\"},\"author\":{\"name\":\"Reda\u00e7\u00e3o Folha Popular\",\"@id\":\"https:\\\/\\\/folhapopular.info\\\/#\\\/schema\\\/person\\\/2814e8a0df7643585a9ca38bc6eb9d4b\"},\"headline\":\"Noite da Sa\u00fade da Mulher Westf\u00e1liana \u00e9 sucesso na terceira edi\u00e7\u00e3o\",\"datePublished\":\"2024-10-28T17:48:22+00:00\",\"dateModified\":\"2024-10-28T17:52:32+00:00\",\"mainEntityOfPage\":{\"@id\":\"https:\\\/\\\/folhapopular.info\\\/index.php\\\/2024\\\/10\\\/28\\\/noite-da-saude-da-mulher-westfaliana-e-sucesso-na-terceira-edicao\\\/\"},\"wordCount\":426,\"commentCount\":0,\"image\":{\"@id\":\"https:\\\/\\\/folhapopular.info\\\/index.php\\\/2024\\\/10\\\/28\\\/noite-da-saude-da-mulher-westfaliana-e-sucesso-na-terceira-edicao\\\/#primaryimage\"},\"thumbnailUrl\":\"https:\\\/\\\/folhapopular.info\\\/wp-content\\\/uploads\\\/2024\\\/10\\\/Soberanas-promoveram-um-momento-reflexao-as-mulheres-westfalianas_AI-Westfalia-scaled.jpg\",\"keywords\":[\"3\u00aa Edi\u00e7\u00e3o\",\"Noite da Sa\u00fade da Mulher Westf\u00e1liana\",\"WESTF\u00c1LIA\"],\"articleSection\":[\"Destaques\",\"Geral\",\"Sa\u00fade\"],\"inLanguage\":\"pt-BR\",\"potentialAction\":[{\"@type\":\"CommentAction\",\"name\":\"Comment\",\"target\":[\"https:\\\/\\\/folhapopular.info\\\/index.php\\\/2024\\\/10\\\/28\\\/noite-da-saude-da-mulher-westfaliana-e-sucesso-na-terceira-edicao\\\/#respond\"]}]},{\"@type\":\"WebPage\",\"@id\":\"https:\\\/\\\/folhapopular.info\\\/index.php\\\/2024\\\/10\\\/28\\\/noite-da-saude-da-mulher-westfaliana-e-sucesso-na-terceira-edicao\\\/\",\"url\":\"https:\\\/\\\/folhapopular.info\\\/index.php\\\/2024\\\/10\\\/28\\\/noite-da-saude-da-mulher-westfaliana-e-sucesso-na-terceira-edicao\\\/\",\"name\":\"Noite da Sa\u00fade da Mulher Westf\u00e1liana \u00e9 sucesso na terceira edi\u00e7\u00e3o - Folha Popular\",\"isPartOf\":{\"@id\":\"https:\\\/\\\/folhapopular.info\\\/#website\"},\"primaryImageOfPage\":{\"@id\":\"https:\\\/\\\/folhapopular.info\\\/index.php\\\/2024\\\/10\\\/28\\\/noite-da-saude-da-mulher-westfaliana-e-sucesso-na-terceira-edicao\\\/#primaryimage\"},\"image\":{\"@id\":\"https:\\\/\\\/folhapopular.info\\\/index.php\\\/2024\\\/10\\\/28\\\/noite-da-saude-da-mulher-westfaliana-e-sucesso-na-terceira-edicao\\\/#primaryimage\"},\"thumbnailUrl\":\"https:\\\/\\\/folhapopular.info\\\/wp-content\\\/uploads\\\/2024\\\/10\\\/Soberanas-promoveram-um-momento-reflexao-as-mulheres-westfalianas_AI-Westfalia-scaled.jpg\",\"datePublished\":\"2024-10-28T17:48:22+00:00\",\"dateModified\":\"2024-10-28T17:52:32+00:00\",\"author\":{\"@id\":\"https:\\\/\\\/folhapopular.info\\\/#\\\/schema\\\/person\\\/2814e8a0df7643585a9ca38bc6eb9d4b\"},\"breadcrumb\":{\"@id\":\"https:\\\/\\\/folhapopular.info\\\/index.php\\\/2024\\\/10\\\/28\\\/noite-da-saude-da-mulher-westfaliana-e-sucesso-na-terceira-edicao\\\/#breadcrumb\"},\"inLanguage\":\"pt-BR\",\"potentialAction\":[{\"@type\":\"ReadAction\",\"target\":[\"https:\\\/\\\/folhapopular.info\\\/index.php\\\/2024\\\/10\\\/28\\\/noite-da-saude-da-mulher-westfaliana-e-sucesso-na-terceira-edicao\\\/\"]}]},{\"@type\":\"ImageObject\",\"inLanguage\":\"pt-BR\",\"@id\":\"https:\\\/\\\/folhapopular.info\\\/index.php\\\/2024\\\/10\\\/28\\\/noite-da-saude-da-mulher-westfaliana-e-sucesso-na-terceira-edicao\\\/#primaryimage\",\"url\":\"https:\\\/\\\/folhapopular.info\\\/wp-content\\\/uploads\\\/2024\\\/10\\\/Soberanas-promoveram-um-momento-reflexao-as-mulheres-westfalianas_AI-Westfalia-scaled.jpg\",\"contentUrl\":\"https:\\\/\\\/folhapopular.info\\\/wp-content\\\/uploads\\\/2024\\\/10\\\/Soberanas-promoveram-um-momento-reflexao-as-mulheres-westfalianas_AI-Westfalia-scaled.jpg\",\"width\":2560,\"height\":1711,\"caption\":\"Cr\u00e9dito: Divulga\u00e7\u00e3o \\\/ AI Westf\u00e1lia\"},{\"@type\":\"BreadcrumbList\",\"@id\":\"https:\\\/\\\/folhapopular.info\\\/index.php\\\/2024\\\/10\\\/28\\\/noite-da-saude-da-mulher-westfaliana-e-sucesso-na-terceira-edicao\\\/#breadcrumb\",\"itemListElement\":[{\"@type\":\"ListItem\",\"position\":1,\"name\":\"In\u00edcio\",\"item\":\"https:\\\/\\\/folhapopular.info\\\/\"},{\"@type\":\"ListItem\",\"position\":2,\"name\":\"Noite da Sa\u00fade da Mulher Westf\u00e1liana \u00e9 sucesso na terceira edi\u00e7\u00e3o\"}]},{\"@type\":\"WebSite\",\"@id\":\"https:\\\/\\\/folhapopular.info\\\/#website\",\"url\":\"https:\\\/\\\/folhapopular.info\\\/\",\"name\":\"Folha Popular\",\"description\":\"Onde voc\u00ea tem vez e voz\",\"potentialAction\":[{\"@type\":\"SearchAction\",\"target\":{\"@type\":\"EntryPoint\",\"urlTemplate\":\"https:\\\/\\\/folhapopular.info\\\/?s={search_term_string}\"},\"query-input\":{\"@type\":\"PropertyValueSpecification\",\"valueRequired\":true,\"valueName\":\"search_term_string\"}}],\"inLanguage\":\"pt-BR\"},{\"@type\":\"Person\",\"@id\":\"https:\\\/\\\/folhapopular.info\\\/#\\\/schema\\\/person\\\/2814e8a0df7643585a9ca38bc6eb9d4b\",\"name\":\"Reda\u00e7\u00e3o Folha Popular\",\"image\":{\"@type\":\"ImageObject\",\"inLanguage\":\"pt-BR\",\"@id\":\"https:\\\/\\\/folhapopular.info\\\/wp-content\\\/uploads\\\/2026\\\/04\\\/Folha-1.webp\",\"url\":\"https:\\\/\\\/folhapopular.info\\\/wp-content\\\/uploads\\\/2026\\\/04\\\/Folha-1.webp\",\"contentUrl\":\"https:\\\/\\\/folhapopular.info\\\/wp-content\\\/uploads\\\/2026\\\/04\\\/Folha-1.webp\",\"caption\":\"Reda\u00e7\u00e3o Folha Popular\"},\"url\":\"https:\\\/\\\/folhapopular.info\\\/index.php\\\/author\\\/redacao\\\/\"}]}<\/script>\n<!-- \/ Yoast SEO plugin. -->","yoast_head_json":{"title":"Noite da Sa\u00fade da Mulher Westf\u00e1liana \u00e9 sucesso na terceira edi\u00e7\u00e3o - Folha Popular","robots":{"index":"index","follow":"follow","max-snippet":"max-snippet:-1","max-image-preview":"max-image-preview:large","max-video-preview":"max-video-preview:-1"},"canonical":"https:\/\/folhapopular.info\/index.php\/2024\/10\/28\/noite-da-saude-da-mulher-westfaliana-e-sucesso-na-terceira-edicao\/","og_locale":"pt_BR","og_type":"article","og_title":"Noite da Sa\u00fade da Mulher Westf\u00e1liana \u00e9 sucesso na terceira edi\u00e7\u00e3o - Folha Popular","og_description":"A 3\u00aa Noite da Sa\u00fade da Mulher Westfaliana, realizada no dia 23 de outubro, na Casa da OASE, reuniu centenas de participantes e uniu informa\u00e7\u00e3o, entretenimento e solidariedade. Com uma programa\u00e7\u00e3o voltada para o bem-estar feminino, o destaque da noite foi a palestra show \u201cArte para Viver, M\u00fasica para n\u00e3o Enlouquecer\u201d, conduzida por Dirce Becker [&hellip;]","og_url":"https:\/\/folhapopular.info\/index.php\/2024\/10\/28\/noite-da-saude-da-mulher-westfaliana-e-sucesso-na-terceira-edicao\/","og_site_name":"Folha Popular","article_published_time":"2024-10-28T17:48:22+00:00","article_modified_time":"2024-10-28T17:52:32+00:00","og_image":[{"width":2560,"height":1711,"url":"http:\/\/folhapopular.info\/wp-content\/uploads\/2024\/10\/Soberanas-promoveram-um-momento-reflexao-as-mulheres-westfalianas_AI-Westfalia-scaled.jpg","type":"image\/jpeg"}],"author":"Reda\u00e7\u00e3o Folha Popular","twitter_card":"summary_large_image","twitter_misc":{"Escrito por":"Reda\u00e7\u00e3o Folha Popular","Est. tempo de leitura":"3 minutos"},"schema":{"@context":"https:\/\/schema.org","@graph":[{"@type":"Article","@id":"https:\/\/folhapopular.info\/index.php\/2024\/10\/28\/noite-da-saude-da-mulher-westfaliana-e-sucesso-na-terceira-edicao\/#article","isPartOf":{"@id":"https:\/\/folhapopular.info\/index.php\/2024\/10\/28\/noite-da-saude-da-mulher-westfaliana-e-sucesso-na-terceira-edicao\/"},"author":{"name":"Reda\u00e7\u00e3o Folha Popular","@id":"https:\/\/folhapopular.info\/#\/schema\/person\/2814e8a0df7643585a9ca38bc6eb9d4b"},"headline":"Noite da Sa\u00fade da Mulher Westf\u00e1liana \u00e9 sucesso na terceira edi\u00e7\u00e3o","datePublished":"2024-10-28T17:48:22+00:00","dateModified":"2024-10-28T17:52:32+00:00","mainEntityOfPage":{"@id":"https:\/\/folhapopular.info\/index.php\/2024\/10\/28\/noite-da-saude-da-mulher-westfaliana-e-sucesso-na-terceira-edicao\/"},"wordCount":426,"commentCount":0,"image":{"@id":"https:\/\/folhapopular.info\/index.php\/2024\/10\/28\/noite-da-saude-da-mulher-westfaliana-e-sucesso-na-terceira-edicao\/#primaryimage"},"thumbnailUrl":"https:\/\/folhapopular.info\/wp-content\/uploads\/2024\/10\/Soberanas-promoveram-um-momento-reflexao-as-mulheres-westfalianas_AI-Westfalia-scaled.jpg","keywords":["3\u00aa Edi\u00e7\u00e3o","Noite da Sa\u00fade da Mulher Westf\u00e1liana","WESTF\u00c1LIA"],"articleSection":["Destaques","Geral","Sa\u00fade"],"inLanguage":"pt-BR","potentialAction":[{"@type":"CommentAction","name":"Comment","target":["https:\/\/folhapopular.info\/index.php\/2024\/10\/28\/noite-da-saude-da-mulher-westfaliana-e-sucesso-na-terceira-edicao\/#respond"]}]},{"@type":"WebPage","@id":"https:\/\/folhapopular.info\/index.php\/2024\/10\/28\/noite-da-saude-da-mulher-westfaliana-e-sucesso-na-terceira-edicao\/","url":"https:\/\/folhapopular.info\/index.php\/2024\/10\/28\/noite-da-saude-da-mulher-westfaliana-e-sucesso-na-terceira-edicao\/","name":"Noite da Sa\u00fade da Mulher Westf\u00e1liana \u00e9 sucesso na terceira edi\u00e7\u00e3o - Folha Popular","isPartOf":{"@id":"https:\/\/folhapopular.info\/#website"},"primaryImageOfPage":{"@id":"https:\/\/folhapopular.info\/index.php\/2024\/10\/28\/noite-da-saude-da-mulher-westfaliana-e-sucesso-na-terceira-edicao\/#primaryimage"},"image":{"@id":"https:\/\/folhapopular.info\/index.php\/2024\/10\/28\/noite-da-saude-da-mulher-westfaliana-e-sucesso-na-terceira-edicao\/#primaryimage"},"thumbnailUrl":"https:\/\/folhapopular.info\/wp-content\/uploads\/2024\/10\/Soberanas-promoveram-um-momento-reflexao-as-mulheres-westfalianas_AI-Westfalia-scaled.jpg","datePublished":"2024-10-28T17:48:22+00:00","dateModified":"2024-10-28T17:52:32+00:00","author":{"@id":"https:\/\/folhapopular.info\/#\/schema\/person\/2814e8a0df7643585a9ca38bc6eb9d4b"},"breadcrumb":{"@id":"https:\/\/folhapopular.info\/index.php\/2024\/10\/28\/noite-da-saude-da-mulher-westfaliana-e-sucesso-na-terceira-edicao\/#breadcrumb"},"inLanguage":"pt-BR","potentialAction":[{"@type":"ReadAction","target":["https:\/\/folhapopular.info\/index.php\/2024\/10\/28\/noite-da-saude-da-mulher-westfaliana-e-sucesso-na-terceira-edicao\/"]}]},{"@type":"ImageObject","inLanguage":"pt-BR","@id":"https:\/\/folhapopular.info\/index.php\/2024\/10\/28\/noite-da-saude-da-mulher-westfaliana-e-sucesso-na-terceira-edicao\/#primaryimage","url":"https:\/\/folhapopular.info\/wp-content\/uploads\/2024\/10\/Soberanas-promoveram-um-momento-reflexao-as-mulheres-westfalianas_AI-Westfalia-scaled.jpg","contentUrl":"https:\/\/folhapopular.info\/wp-content\/uploads\/2024\/10\/Soberanas-promoveram-um-momento-reflexao-as-mulheres-westfalianas_AI-Westfalia-scaled.jpg","width":2560,"height":1711,"caption":"Cr\u00e9dito: Divulga\u00e7\u00e3o \/ AI Westf\u00e1lia"},{"@type":"BreadcrumbList","@id":"https:\/\/folhapopular.info\/index.php\/2024\/10\/28\/noite-da-saude-da-mulher-westfaliana-e-sucesso-na-terceira-edicao\/#breadcrumb","itemListElement":[{"@type":"ListItem","position":1,"name":"In\u00edcio","item":"https:\/\/folhapopular.info\/"},{"@type":"ListItem","position":2,"name":"Noite da Sa\u00fade da Mulher Westf\u00e1liana \u00e9 sucesso na terceira edi\u00e7\u00e3o"}]},{"@type":"WebSite","@id":"https:\/\/folhapopular.info\/#website","url":"https:\/\/folhapopular.info\/","name":"Folha Popular","description":"Onde voc\u00ea tem vez e voz","potentialAction":[{"@type":"SearchAction","target":{"@type":"EntryPoint","urlTemplate":"https:\/\/folhapopular.info\/?s={search_term_string}"},"query-input":{"@type":"PropertyValueSpecification","valueRequired":true,"valueName":"search_term_string"}}],"inLanguage":"pt-BR"},{"@type":"Person","@id":"https:\/\/folhapopular.info\/#\/schema\/person\/2814e8a0df7643585a9ca38bc6eb9d4b","name":"Reda\u00e7\u00e3o Folha Popular","image":{"@type":"ImageObject","inLanguage":"pt-BR","@id":"https:\/\/folhapopular.info\/wp-content\/uploads\/2026\/04\/Folha-1.webp","url":"https:\/\/folhapopular.info\/wp-content\/uploads\/2026\/04\/Folha-1.webp","contentUrl":"https:\/\/folhapopular.info\/wp-content\/uploads\/2026\/04\/Folha-1.webp","caption":"Reda\u00e7\u00e3o Folha Popular"},"url":"https:\/\/folhapopular.info\/index.php\/author\/redacao\/"}]}},"jetpack_featured_media_url":"https:\/\/folhapopular.info\/wp-content\/uploads\/2024\/10\/Soberanas-promoveram-um-momento-reflexao-as-mulheres-westfalianas_AI-Westfalia-scaled.jpg","jetpack_sharing_enabled":true,"amp_enabled":true,"_links":{"self":[{"href":"https:\/\/folhapopular.info\/index.php\/wp-json\/wp\/v2\/posts\/173275","targetHints":{"allow":["GET"]}}],"collection":[{"href":"https:\/\/folhapopular.info\/index.php\/wp-json\/wp\/v2\/posts"}],"about":[{"href":"https:\/\/folhapopular.info\/index.php\/wp-json\/wp\/v2\/types\/post"}],"author":[{"embeddable":true,"href":"https:\/\/folhapopular.info\/index.php\/wp-json\/wp\/v2\/users\/8"}],"replies":[{"embeddable":true,"href":"https:\/\/folhapopular.info\/index.php\/wp-json\/wp\/v2\/comments?post=173275"}],"version-history":[{"count":0,"href":"https:\/\/folhapopular.info\/index.php\/wp-json\/wp\/v2\/posts\/173275\/revisions"}],"wp:featuredmedia":[{"embeddable":true,"href":"https:\/\/folhapopular.info\/index.php\/wp-json\/wp\/v2\/media\/173276"}],"wp:attachment":[{"href":"https:\/\/folhapopular.info\/index.php\/wp-json\/wp\/v2\/media?parent=173275"}],"wp:term":[{"taxonomy":"category","embeddable":true,"href":"https:\/\/folhapopular.info\/index.php\/wp-json\/wp\/v2\/categories?post=173275"},{"taxonomy":"post_tag","embeddable":true,"href":"https:\/\/folhapopular.info\/index.php\/wp-json\/wp\/v2\/tags?post=173275"}],"curies":[{"name":"wp","href":"https:\/\/api.w.org\/{rel}","templated":true}]}}