{"id":173447,"date":"2024-10-30T11:13:57","date_gmt":"2024-10-30T14:13:57","guid":{"rendered":"https:\/\/folhapopular.info\/?p=173447"},"modified":"2024-10-30T15:41:26","modified_gmt":"2024-10-30T18:41:26","slug":"prf-prende-homem-com-mandado-de-prisao-por-estupro-em-nova-santa-rita","status":"publish","type":"post","link":"https:\/\/folhapopular.info\/index.php\/2024\/10\/30\/prf-prende-homem-com-mandado-de-prisao-por-estupro-em-nova-santa-rita\/","title":{"rendered":"PRF prende homem com mandado de pris\u00e3o por estupro em Nova Santa Rita"},"content":{"rendered":"\n<p>A Pol\u00edcia Rodovi\u00e1ria Federal prendeu, na noite desta ter\u00e7a-feira (29\/10), um homem com mandado de pris\u00e3o por crime de estupro de vulner\u00e1vel. A pris\u00e3o ocorreu na BR-386, no munic\u00edpio de Nova Santa Rita.<\/p>\n\n\n\n<p>Os agentes realizavam opera\u00e7\u00e3o de combate ao crime, quando foi dada ordem de parada ao piloto de uma motocicleta Honda Titan, com placas de Canoas. No decorrer da abordagem, foi constatado que havia um mandado de pris\u00e3o em desfavor do passageiro da motocicleta, pelo crime de estupro de vulner\u00e1vel, v\u00e1lido at\u00e9 mar\u00e7o de 2043.<\/p>\n\n\n\n<p>O passageiro, de 27 anos, natural de Dois Vizinhos (Paran\u00e1), era procurado pela justi\u00e7a desde mar\u00e7o. Al\u00e9m disso, ele n\u00e3o portava nenhum documento em m\u00e3os no momento da abordagem, dificultando sua identifica\u00e7\u00e3o pelos policiais.<\/p>\n\n\n\n<p>O homem foi encaminhado para a Delegacia de Pol\u00edcia Civil de Canoas, para seguir com os procedimentos cab\u00edveis. A motocicleta foi removida a dep\u00f3sito, pois estava com licenciamento vencido.<\/p>\n","protected":false},"excerpt":{"rendered":"<p>A Pol\u00edcia Rodovi\u00e1ria Federal prendeu, na noite desta ter\u00e7a-feira (29\/10), um homem com mandado de pris\u00e3o por crime de estupro de vulner\u00e1vel. A pris\u00e3o ocorreu na BR-386, no munic\u00edpio de Nova Santa Rita. Os agentes realizavam opera\u00e7\u00e3o de combate ao crime, quando foi dada ordem de parada ao piloto de uma motocicleta Honda Titan, com [&hellip;]<\/p>\n","protected":false},"author":8,"featured_media":173448,"comment_status":"open","ping_status":"open","sticky":false,"template":"","format":"standard","meta":{"pmpro_default_level":"","_jetpack_memberships_contains_paid_content":false,"footnotes":""},"categories":[10982,7],"tags":[901,293,107],"class_list":{"0":"post-173447","1":"post","2":"type-post","3":"status-publish","4":"format-standard","5":"has-post-thumbnail","7":"category-policia","8":"category-seguranca","9":"tag-nova-santa-rita","10":"tag-policia-rodoviaria-federal","11":"tag-prisao","12":"pmpro-has-access"},"yoast_head":"<!-- This site is optimized with the Yoast SEO plugin v27.5 - https:\/\/yoast.com\/product\/yoast-seo-wordpress\/ -->\n<title>PRF prende homem com mandado de pris\u00e3o por estupro em Nova Santa Rita - Folha Popular<\/title>\n<meta name=\"robots\" content=\"index, follow, max-snippet:-1, max-image-preview:large, max-video-preview:-1\" \/>\n<link rel=\"canonical\" href=\"https:\/\/folhapopular.info\/index.php\/2024\/10\/30\/prf-prende-homem-com-mandado-de-prisao-por-estupro-em-nova-santa-rita\/\" \/>\n<meta property=\"og:locale\" content=\"pt_BR\" \/>\n<meta property=\"og:type\" content=\"article\" \/>\n<meta property=\"og:title\" content=\"PRF prende homem com mandado de pris\u00e3o por estupro em Nova Santa Rita - Folha Popular\" \/>\n<meta property=\"og:description\" content=\"A Pol\u00edcia Rodovi\u00e1ria Federal prendeu, na noite desta ter\u00e7a-feira (29\/10), um homem com mandado de pris\u00e3o por crime de estupro de vulner\u00e1vel. A pris\u00e3o ocorreu na BR-386, no munic\u00edpio de Nova Santa Rita. Os agentes realizavam opera\u00e7\u00e3o de combate ao crime, quando foi dada ordem de parada ao piloto de uma motocicleta Honda Titan, com [&hellip;]\" \/>\n<meta property=\"og:url\" content=\"https:\/\/folhapopular.info\/index.php\/2024\/10\/30\/prf-prende-homem-com-mandado-de-prisao-por-estupro-em-nova-santa-rita\/\" \/>\n<meta property=\"og:site_name\" content=\"Folha Popular\" \/>\n<meta property=\"article:published_time\" content=\"2024-10-30T14:13:57+00:00\" \/>\n<meta property=\"article:modified_time\" content=\"2024-10-30T18:41:26+00:00\" \/>\n<meta property=\"og:image\" content=\"http:\/\/folhapopular.info\/wp-content\/uploads\/2024\/10\/WhatsApp-Image-2024-10-30-at-11.08.40.jpeg\" \/>\n\t<meta property=\"og:image:width\" content=\"1080\" \/>\n\t<meta property=\"og:image:height\" content=\"1308\" \/>\n\t<meta property=\"og:image:type\" content=\"image\/jpeg\" \/>\n<meta name=\"author\" content=\"Reda\u00e7\u00e3o Folha Popular\" \/>\n<meta name=\"twitter:card\" content=\"summary_large_image\" \/>\n<meta name=\"twitter:label1\" content=\"Escrito por\" \/>\n\t<meta name=\"twitter:data1\" content=\"Reda\u00e7\u00e3o Folha Popular\" \/>\n\t<meta name=\"twitter:label2\" content=\"Est. tempo de leitura\" \/>\n\t<meta name=\"twitter:data2\" content=\"2 minutos\" \/>\n<script type=\"application\/ld+json\" class=\"yoast-schema-graph\">{\"@context\":\"https:\\\/\\\/schema.org\",\"@graph\":[{\"@type\":\"Article\",\"@id\":\"https:\\\/\\\/folhapopular.info\\\/index.php\\\/2024\\\/10\\\/30\\\/prf-prende-homem-com-mandado-de-prisao-por-estupro-em-nova-santa-rita\\\/#article\",\"isPartOf\":{\"@id\":\"https:\\\/\\\/folhapopular.info\\\/index.php\\\/2024\\\/10\\\/30\\\/prf-prende-homem-com-mandado-de-prisao-por-estupro-em-nova-santa-rita\\\/\"},\"author\":{\"name\":\"Reda\u00e7\u00e3o Folha Popular\",\"@id\":\"https:\\\/\\\/folhapopular.info\\\/#\\\/schema\\\/person\\\/2814e8a0df7643585a9ca38bc6eb9d4b\"},\"headline\":\"PRF prende homem com mandado de pris\u00e3o por estupro em Nova Santa Rita\",\"datePublished\":\"2024-10-30T14:13:57+00:00\",\"dateModified\":\"2024-10-30T18:41:26+00:00\",\"mainEntityOfPage\":{\"@id\":\"https:\\\/\\\/folhapopular.info\\\/index.php\\\/2024\\\/10\\\/30\\\/prf-prende-homem-com-mandado-de-prisao-por-estupro-em-nova-santa-rita\\\/\"},\"wordCount\":182,\"commentCount\":0,\"image\":{\"@id\":\"https:\\\/\\\/folhapopular.info\\\/index.php\\\/2024\\\/10\\\/30\\\/prf-prende-homem-com-mandado-de-prisao-por-estupro-em-nova-santa-rita\\\/#primaryimage\"},\"thumbnailUrl\":\"https:\\\/\\\/folhapopular.info\\\/wp-content\\\/uploads\\\/2024\\\/10\\\/WhatsApp-Image-2024-10-30-at-11.08.40.jpeg\",\"keywords\":[\"Nova Santa Rita\",\"Pol\u00edcia Rodovi\u00e1ria Federal\",\"Pris\u00e3o\"],\"articleSection\":[\"Pol\u00edcia\",\"Seguran\u00e7a\"],\"inLanguage\":\"pt-BR\",\"potentialAction\":[{\"@type\":\"CommentAction\",\"name\":\"Comment\",\"target\":[\"https:\\\/\\\/folhapopular.info\\\/index.php\\\/2024\\\/10\\\/30\\\/prf-prende-homem-com-mandado-de-prisao-por-estupro-em-nova-santa-rita\\\/#respond\"]}]},{\"@type\":\"WebPage\",\"@id\":\"https:\\\/\\\/folhapopular.info\\\/index.php\\\/2024\\\/10\\\/30\\\/prf-prende-homem-com-mandado-de-prisao-por-estupro-em-nova-santa-rita\\\/\",\"url\":\"https:\\\/\\\/folhapopular.info\\\/index.php\\\/2024\\\/10\\\/30\\\/prf-prende-homem-com-mandado-de-prisao-por-estupro-em-nova-santa-rita\\\/\",\"name\":\"PRF prende homem com mandado de pris\u00e3o por estupro em Nova Santa Rita - Folha Popular\",\"isPartOf\":{\"@id\":\"https:\\\/\\\/folhapopular.info\\\/#website\"},\"primaryImageOfPage\":{\"@id\":\"https:\\\/\\\/folhapopular.info\\\/index.php\\\/2024\\\/10\\\/30\\\/prf-prende-homem-com-mandado-de-prisao-por-estupro-em-nova-santa-rita\\\/#primaryimage\"},\"image\":{\"@id\":\"https:\\\/\\\/folhapopular.info\\\/index.php\\\/2024\\\/10\\\/30\\\/prf-prende-homem-com-mandado-de-prisao-por-estupro-em-nova-santa-rita\\\/#primaryimage\"},\"thumbnailUrl\":\"https:\\\/\\\/folhapopular.info\\\/wp-content\\\/uploads\\\/2024\\\/10\\\/WhatsApp-Image-2024-10-30-at-11.08.40.jpeg\",\"datePublished\":\"2024-10-30T14:13:57+00:00\",\"dateModified\":\"2024-10-30T18:41:26+00:00\",\"author\":{\"@id\":\"https:\\\/\\\/folhapopular.info\\\/#\\\/schema\\\/person\\\/2814e8a0df7643585a9ca38bc6eb9d4b\"},\"breadcrumb\":{\"@id\":\"https:\\\/\\\/folhapopular.info\\\/index.php\\\/2024\\\/10\\\/30\\\/prf-prende-homem-com-mandado-de-prisao-por-estupro-em-nova-santa-rita\\\/#breadcrumb\"},\"inLanguage\":\"pt-BR\",\"potentialAction\":[{\"@type\":\"ReadAction\",\"target\":[\"https:\\\/\\\/folhapopular.info\\\/index.php\\\/2024\\\/10\\\/30\\\/prf-prende-homem-com-mandado-de-prisao-por-estupro-em-nova-santa-rita\\\/\"]}]},{\"@type\":\"ImageObject\",\"inLanguage\":\"pt-BR\",\"@id\":\"https:\\\/\\\/folhapopular.info\\\/index.php\\\/2024\\\/10\\\/30\\\/prf-prende-homem-com-mandado-de-prisao-por-estupro-em-nova-santa-rita\\\/#primaryimage\",\"url\":\"https:\\\/\\\/folhapopular.info\\\/wp-content\\\/uploads\\\/2024\\\/10\\\/WhatsApp-Image-2024-10-30-at-11.08.40.jpeg\",\"contentUrl\":\"https:\\\/\\\/folhapopular.info\\\/wp-content\\\/uploads\\\/2024\\\/10\\\/WhatsApp-Image-2024-10-30-at-11.08.40.jpeg\",\"width\":1080,\"height\":1308,\"caption\":\"Cr\u00e9dito: Divulga\u00e7\u00e3o\"},{\"@type\":\"BreadcrumbList\",\"@id\":\"https:\\\/\\\/folhapopular.info\\\/index.php\\\/2024\\\/10\\\/30\\\/prf-prende-homem-com-mandado-de-prisao-por-estupro-em-nova-santa-rita\\\/#breadcrumb\",\"itemListElement\":[{\"@type\":\"ListItem\",\"position\":1,\"name\":\"In\u00edcio\",\"item\":\"https:\\\/\\\/folhapopular.info\\\/\"},{\"@type\":\"ListItem\",\"position\":2,\"name\":\"PRF prende homem com mandado de pris\u00e3o por estupro em Nova Santa Rita\"}]},{\"@type\":\"WebSite\",\"@id\":\"https:\\\/\\\/folhapopular.info\\\/#website\",\"url\":\"https:\\\/\\\/folhapopular.info\\\/\",\"name\":\"Folha Popular\",\"description\":\"Onde voc\u00ea tem vez e voz\",\"potentialAction\":[{\"@type\":\"SearchAction\",\"target\":{\"@type\":\"EntryPoint\",\"urlTemplate\":\"https:\\\/\\\/folhapopular.info\\\/?s={search_term_string}\"},\"query-input\":{\"@type\":\"PropertyValueSpecification\",\"valueRequired\":true,\"valueName\":\"search_term_string\"}}],\"inLanguage\":\"pt-BR\"},{\"@type\":\"Person\",\"@id\":\"https:\\\/\\\/folhapopular.info\\\/#\\\/schema\\\/person\\\/2814e8a0df7643585a9ca38bc6eb9d4b\",\"name\":\"Reda\u00e7\u00e3o Folha Popular\",\"image\":{\"@type\":\"ImageObject\",\"inLanguage\":\"pt-BR\",\"@id\":\"https:\\\/\\\/folhapopular.info\\\/wp-content\\\/uploads\\\/2026\\\/04\\\/Folha-1.webp\",\"url\":\"https:\\\/\\\/folhapopular.info\\\/wp-content\\\/uploads\\\/2026\\\/04\\\/Folha-1.webp\",\"contentUrl\":\"https:\\\/\\\/folhapopular.info\\\/wp-content\\\/uploads\\\/2026\\\/04\\\/Folha-1.webp\",\"caption\":\"Reda\u00e7\u00e3o Folha Popular\"},\"url\":\"https:\\\/\\\/folhapopular.info\\\/index.php\\\/author\\\/redacao\\\/\"}]}<\/script>\n<!-- \/ Yoast SEO plugin. -->","yoast_head_json":{"title":"PRF prende homem com mandado de pris\u00e3o por estupro em Nova Santa Rita - Folha Popular","robots":{"index":"index","follow":"follow","max-snippet":"max-snippet:-1","max-image-preview":"max-image-preview:large","max-video-preview":"max-video-preview:-1"},"canonical":"https:\/\/folhapopular.info\/index.php\/2024\/10\/30\/prf-prende-homem-com-mandado-de-prisao-por-estupro-em-nova-santa-rita\/","og_locale":"pt_BR","og_type":"article","og_title":"PRF prende homem com mandado de pris\u00e3o por estupro em Nova Santa Rita - Folha Popular","og_description":"A Pol\u00edcia Rodovi\u00e1ria Federal prendeu, na noite desta ter\u00e7a-feira (29\/10), um homem com mandado de pris\u00e3o por crime de estupro de vulner\u00e1vel. A pris\u00e3o ocorreu na BR-386, no munic\u00edpio de Nova Santa Rita. Os agentes realizavam opera\u00e7\u00e3o de combate ao crime, quando foi dada ordem de parada ao piloto de uma motocicleta Honda Titan, com [&hellip;]","og_url":"https:\/\/folhapopular.info\/index.php\/2024\/10\/30\/prf-prende-homem-com-mandado-de-prisao-por-estupro-em-nova-santa-rita\/","og_site_name":"Folha Popular","article_published_time":"2024-10-30T14:13:57+00:00","article_modified_time":"2024-10-30T18:41:26+00:00","og_image":[{"width":1080,"height":1308,"url":"http:\/\/folhapopular.info\/wp-content\/uploads\/2024\/10\/WhatsApp-Image-2024-10-30-at-11.08.40.jpeg","type":"image\/jpeg"}],"author":"Reda\u00e7\u00e3o Folha Popular","twitter_card":"summary_large_image","twitter_misc":{"Escrito por":"Reda\u00e7\u00e3o Folha Popular","Est. tempo de leitura":"2 minutos"},"schema":{"@context":"https:\/\/schema.org","@graph":[{"@type":"Article","@id":"https:\/\/folhapopular.info\/index.php\/2024\/10\/30\/prf-prende-homem-com-mandado-de-prisao-por-estupro-em-nova-santa-rita\/#article","isPartOf":{"@id":"https:\/\/folhapopular.info\/index.php\/2024\/10\/30\/prf-prende-homem-com-mandado-de-prisao-por-estupro-em-nova-santa-rita\/"},"author":{"name":"Reda\u00e7\u00e3o Folha Popular","@id":"https:\/\/folhapopular.info\/#\/schema\/person\/2814e8a0df7643585a9ca38bc6eb9d4b"},"headline":"PRF prende homem com mandado de pris\u00e3o por estupro em Nova Santa Rita","datePublished":"2024-10-30T14:13:57+00:00","dateModified":"2024-10-30T18:41:26+00:00","mainEntityOfPage":{"@id":"https:\/\/folhapopular.info\/index.php\/2024\/10\/30\/prf-prende-homem-com-mandado-de-prisao-por-estupro-em-nova-santa-rita\/"},"wordCount":182,"commentCount":0,"image":{"@id":"https:\/\/folhapopular.info\/index.php\/2024\/10\/30\/prf-prende-homem-com-mandado-de-prisao-por-estupro-em-nova-santa-rita\/#primaryimage"},"thumbnailUrl":"https:\/\/folhapopular.info\/wp-content\/uploads\/2024\/10\/WhatsApp-Image-2024-10-30-at-11.08.40.jpeg","keywords":["Nova Santa Rita","Pol\u00edcia Rodovi\u00e1ria Federal","Pris\u00e3o"],"articleSection":["Pol\u00edcia","Seguran\u00e7a"],"inLanguage":"pt-BR","potentialAction":[{"@type":"CommentAction","name":"Comment","target":["https:\/\/folhapopular.info\/index.php\/2024\/10\/30\/prf-prende-homem-com-mandado-de-prisao-por-estupro-em-nova-santa-rita\/#respond"]}]},{"@type":"WebPage","@id":"https:\/\/folhapopular.info\/index.php\/2024\/10\/30\/prf-prende-homem-com-mandado-de-prisao-por-estupro-em-nova-santa-rita\/","url":"https:\/\/folhapopular.info\/index.php\/2024\/10\/30\/prf-prende-homem-com-mandado-de-prisao-por-estupro-em-nova-santa-rita\/","name":"PRF prende homem com mandado de pris\u00e3o por estupro em Nova Santa Rita - Folha Popular","isPartOf":{"@id":"https:\/\/folhapopular.info\/#website"},"primaryImageOfPage":{"@id":"https:\/\/folhapopular.info\/index.php\/2024\/10\/30\/prf-prende-homem-com-mandado-de-prisao-por-estupro-em-nova-santa-rita\/#primaryimage"},"image":{"@id":"https:\/\/folhapopular.info\/index.php\/2024\/10\/30\/prf-prende-homem-com-mandado-de-prisao-por-estupro-em-nova-santa-rita\/#primaryimage"},"thumbnailUrl":"https:\/\/folhapopular.info\/wp-content\/uploads\/2024\/10\/WhatsApp-Image-2024-10-30-at-11.08.40.jpeg","datePublished":"2024-10-30T14:13:57+00:00","dateModified":"2024-10-30T18:41:26+00:00","author":{"@id":"https:\/\/folhapopular.info\/#\/schema\/person\/2814e8a0df7643585a9ca38bc6eb9d4b"},"breadcrumb":{"@id":"https:\/\/folhapopular.info\/index.php\/2024\/10\/30\/prf-prende-homem-com-mandado-de-prisao-por-estupro-em-nova-santa-rita\/#breadcrumb"},"inLanguage":"pt-BR","potentialAction":[{"@type":"ReadAction","target":["https:\/\/folhapopular.info\/index.php\/2024\/10\/30\/prf-prende-homem-com-mandado-de-prisao-por-estupro-em-nova-santa-rita\/"]}]},{"@type":"ImageObject","inLanguage":"pt-BR","@id":"https:\/\/folhapopular.info\/index.php\/2024\/10\/30\/prf-prende-homem-com-mandado-de-prisao-por-estupro-em-nova-santa-rita\/#primaryimage","url":"https:\/\/folhapopular.info\/wp-content\/uploads\/2024\/10\/WhatsApp-Image-2024-10-30-at-11.08.40.jpeg","contentUrl":"https:\/\/folhapopular.info\/wp-content\/uploads\/2024\/10\/WhatsApp-Image-2024-10-30-at-11.08.40.jpeg","width":1080,"height":1308,"caption":"Cr\u00e9dito: Divulga\u00e7\u00e3o"},{"@type":"BreadcrumbList","@id":"https:\/\/folhapopular.info\/index.php\/2024\/10\/30\/prf-prende-homem-com-mandado-de-prisao-por-estupro-em-nova-santa-rita\/#breadcrumb","itemListElement":[{"@type":"ListItem","position":1,"name":"In\u00edcio","item":"https:\/\/folhapopular.info\/"},{"@type":"ListItem","position":2,"name":"PRF prende homem com mandado de pris\u00e3o por estupro em Nova Santa Rita"}]},{"@type":"WebSite","@id":"https:\/\/folhapopular.info\/#website","url":"https:\/\/folhapopular.info\/","name":"Folha Popular","description":"Onde voc\u00ea tem vez e voz","potentialAction":[{"@type":"SearchAction","target":{"@type":"EntryPoint","urlTemplate":"https:\/\/folhapopular.info\/?s={search_term_string}"},"query-input":{"@type":"PropertyValueSpecification","valueRequired":true,"valueName":"search_term_string"}}],"inLanguage":"pt-BR"},{"@type":"Person","@id":"https:\/\/folhapopular.info\/#\/schema\/person\/2814e8a0df7643585a9ca38bc6eb9d4b","name":"Reda\u00e7\u00e3o Folha Popular","image":{"@type":"ImageObject","inLanguage":"pt-BR","@id":"https:\/\/folhapopular.info\/wp-content\/uploads\/2026\/04\/Folha-1.webp","url":"https:\/\/folhapopular.info\/wp-content\/uploads\/2026\/04\/Folha-1.webp","contentUrl":"https:\/\/folhapopular.info\/wp-content\/uploads\/2026\/04\/Folha-1.webp","caption":"Reda\u00e7\u00e3o Folha Popular"},"url":"https:\/\/folhapopular.info\/index.php\/author\/redacao\/"}]}},"jetpack_featured_media_url":"https:\/\/folhapopular.info\/wp-content\/uploads\/2024\/10\/WhatsApp-Image-2024-10-30-at-11.08.40.jpeg","jetpack_sharing_enabled":true,"amp_enabled":true,"_links":{"self":[{"href":"https:\/\/folhapopular.info\/index.php\/wp-json\/wp\/v2\/posts\/173447","targetHints":{"allow":["GET"]}}],"collection":[{"href":"https:\/\/folhapopular.info\/index.php\/wp-json\/wp\/v2\/posts"}],"about":[{"href":"https:\/\/folhapopular.info\/index.php\/wp-json\/wp\/v2\/types\/post"}],"author":[{"embeddable":true,"href":"https:\/\/folhapopular.info\/index.php\/wp-json\/wp\/v2\/users\/8"}],"replies":[{"embeddable":true,"href":"https:\/\/folhapopular.info\/index.php\/wp-json\/wp\/v2\/comments?post=173447"}],"version-history":[{"count":0,"href":"https:\/\/folhapopular.info\/index.php\/wp-json\/wp\/v2\/posts\/173447\/revisions"}],"wp:featuredmedia":[{"embeddable":true,"href":"https:\/\/folhapopular.info\/index.php\/wp-json\/wp\/v2\/media\/173448"}],"wp:attachment":[{"href":"https:\/\/folhapopular.info\/index.php\/wp-json\/wp\/v2\/media?parent=173447"}],"wp:term":[{"taxonomy":"category","embeddable":true,"href":"https:\/\/folhapopular.info\/index.php\/wp-json\/wp\/v2\/categories?post=173447"},{"taxonomy":"post_tag","embeddable":true,"href":"https:\/\/folhapopular.info\/index.php\/wp-json\/wp\/v2\/tags?post=173447"}],"curies":[{"name":"wp","href":"https:\/\/api.w.org\/{rel}","templated":true}]}}