{"id":173531,"date":"2024-11-01T09:00:00","date_gmt":"2024-11-01T12:00:00","guid":{"rendered":"https:\/\/folhapopular.info\/?p=173531"},"modified":"2024-11-01T08:38:31","modified_gmt":"2024-11-01T11:38:31","slug":"concerto-de-natal-da-orquestra-gustavo-adolfo-sera-em-11-de-dezembro","status":"publish","type":"post","link":"https:\/\/folhapopular.info\/index.php\/2024\/11\/01\/concerto-de-natal-da-orquestra-gustavo-adolfo-sera-em-11-de-dezembro\/","title":{"rendered":"Concerto de Natal da Orquestra Gustavo Adolfo ser\u00e1 em 11 de dezembro"},"content":{"rendered":"\n<p>A Orquestra Gustavo Adolfo Univates apresenta o tradicional Concerto de Natal em 11 de dezembro, \u00e0s 20h no Teatro Univates. Regido pelo maestro Astor Jair Dalferth e com a coordena\u00e7\u00e3o c\u00eanica de Anderson Balhero, o concerto apresenta composi\u00e7\u00e3o e hist\u00f3ria de Jo\u00e3o Vitor Str\u00f6her.<\/p>\n\n\n\n<p>O concerto \u201cMaria\u201d apresenta uma narrativa emocionante que se desenrola na noite de 24 de dezembro de 1767. Em um mundo sombrio, uma mulher desiludida embarca em uma barca rumo ao desconhecido, carregando a dor da falta de esperan\u00e7a. Ela encontra uma m\u00e3e que, apesar de viver em extrema desgra\u00e7a, mant\u00e9m uma positividade admir\u00e1vel.\u00a0<\/p>\n\n\n\n<p>Em meio a tanta crueldade e tristeza, a mensagem do Natal persiste, lembrando que, mesmo nas situa\u00e7\u00f5es mais desesperadoras, ainda h\u00e1 espa\u00e7o para a esperan\u00e7a e a luz. O concerto proporciona uma reflex\u00e3o sobre a for\u00e7a do esp\u00edrito natalino.\u00a0<\/p>\n\n\n\n<p>A entrada \u00e9 gratuita e os ingressos podem ser retiradas antecipadamente na Biblioteca Univates. Pede-se a doa\u00e7\u00e3o de 1kg de alimento n\u00e3o perec\u00edvel na noite do evento. S\u00e3o permitidos at\u00e9 4 ingressos por CPF.<\/p>\n\n\n\n<p>Em caso de d\u00favidas, entre em contato com o Teatro Univates pelo fone (51) 3714-7000, ramal 5946, ou pelo\u00a0<em>e-mail<\/em>\u00a0<a href=\"mailto:bilheteria@univates.br\" target=\"_blank\" rel=\"noreferrer noopener\">bilheteria@univates.br<\/a>.\u00a0<\/p>\n","protected":false},"excerpt":{"rendered":"<p>A Orquestra Gustavo Adolfo Univates apresenta o tradicional Concerto de Natal em 11 de dezembro, \u00e0s 20h no Teatro Univates. Regido pelo maestro Astor Jair Dalferth e com a coordena\u00e7\u00e3o c\u00eanica de Anderson Balhero, o concerto apresenta composi\u00e7\u00e3o e hist\u00f3ria de Jo\u00e3o Vitor Str\u00f6her. O concerto \u201cMaria\u201d apresenta uma narrativa emocionante que se desenrola na [&hellip;]<\/p>\n","protected":false},"author":8,"featured_media":173533,"comment_status":"open","ping_status":"open","sticky":false,"template":"","format":"standard","meta":{"pmpro_default_level":"","_jetpack_memberships_contains_paid_content":false,"footnotes":""},"categories":[2,6,5795],"tags":[7732,14557,62],"class_list":{"0":"post-173531","1":"post","2":"type-post","3":"status-publish","4":"format-standard","5":"has-post-thumbnail","7":"category-featured","8":"category-inclusive","9":"category-positividade","10":"tag-concerto-de-natal","11":"tag-orquestra-gustavo-adolfo","12":"tag-teatro-univates","13":"pmpro-has-access"},"yoast_head":"<!-- This site is optimized with the Yoast SEO plugin v27.5 - https:\/\/yoast.com\/product\/yoast-seo-wordpress\/ -->\n<title>Concerto de Natal da Orquestra Gustavo Adolfo ser\u00e1 em 11 de dezembro - Folha Popular<\/title>\n<meta name=\"robots\" content=\"index, follow, max-snippet:-1, max-image-preview:large, max-video-preview:-1\" \/>\n<link rel=\"canonical\" href=\"https:\/\/folhapopular.info\/index.php\/2024\/11\/01\/concerto-de-natal-da-orquestra-gustavo-adolfo-sera-em-11-de-dezembro\/\" \/>\n<meta property=\"og:locale\" content=\"pt_BR\" \/>\n<meta property=\"og:type\" content=\"article\" \/>\n<meta property=\"og:title\" content=\"Concerto de Natal da Orquestra Gustavo Adolfo ser\u00e1 em 11 de dezembro - Folha Popular\" \/>\n<meta property=\"og:description\" content=\"A Orquestra Gustavo Adolfo Univates apresenta o tradicional Concerto de Natal em 11 de dezembro, \u00e0s 20h no Teatro Univates. Regido pelo maestro Astor Jair Dalferth e com a coordena\u00e7\u00e3o c\u00eanica de Anderson Balhero, o concerto apresenta composi\u00e7\u00e3o e hist\u00f3ria de Jo\u00e3o Vitor Str\u00f6her. O concerto \u201cMaria\u201d apresenta uma narrativa emocionante que se desenrola na [&hellip;]\" \/>\n<meta property=\"og:url\" content=\"https:\/\/folhapopular.info\/index.php\/2024\/11\/01\/concerto-de-natal-da-orquestra-gustavo-adolfo-sera-em-11-de-dezembro\/\" \/>\n<meta property=\"og:site_name\" content=\"Folha Popular\" \/>\n<meta property=\"article:published_time\" content=\"2024-11-01T12:00:00+00:00\" \/>\n<meta property=\"og:image\" content=\"https:\/\/folhapopular.info\/wp-content\/uploads\/2024\/11\/1-Orquestra-Gustavo-Adolfo-Univates-apresenta-seu-tradicional-Concerto-de-Natal-em-11-de-dezembro.-Credito_-Divulgacao-Univates-1.jpg\" \/>\n\t<meta property=\"og:image:width\" content=\"1501\" \/>\n\t<meta property=\"og:image:height\" content=\"1001\" \/>\n\t<meta property=\"og:image:type\" content=\"image\/jpeg\" \/>\n<meta name=\"author\" content=\"Reda\u00e7\u00e3o Folha Popular\" \/>\n<meta name=\"twitter:card\" content=\"summary_large_image\" \/>\n<meta name=\"twitter:label1\" content=\"Escrito por\" \/>\n\t<meta name=\"twitter:data1\" content=\"Reda\u00e7\u00e3o Folha Popular\" \/>\n\t<meta name=\"twitter:label2\" content=\"Est. tempo de leitura\" \/>\n\t<meta name=\"twitter:data2\" content=\"2 minutos\" \/>\n<script type=\"application\/ld+json\" class=\"yoast-schema-graph\">{\"@context\":\"https:\\\/\\\/schema.org\",\"@graph\":[{\"@type\":\"Article\",\"@id\":\"https:\\\/\\\/folhapopular.info\\\/index.php\\\/2024\\\/11\\\/01\\\/concerto-de-natal-da-orquestra-gustavo-adolfo-sera-em-11-de-dezembro\\\/#article\",\"isPartOf\":{\"@id\":\"https:\\\/\\\/folhapopular.info\\\/index.php\\\/2024\\\/11\\\/01\\\/concerto-de-natal-da-orquestra-gustavo-adolfo-sera-em-11-de-dezembro\\\/\"},\"author\":{\"name\":\"Reda\u00e7\u00e3o Folha Popular\",\"@id\":\"https:\\\/\\\/folhapopular.info\\\/#\\\/schema\\\/person\\\/2814e8a0df7643585a9ca38bc6eb9d4b\"},\"headline\":\"Concerto de Natal da Orquestra Gustavo Adolfo ser\u00e1 em 11 de dezembro\",\"datePublished\":\"2024-11-01T12:00:00+00:00\",\"mainEntityOfPage\":{\"@id\":\"https:\\\/\\\/folhapopular.info\\\/index.php\\\/2024\\\/11\\\/01\\\/concerto-de-natal-da-orquestra-gustavo-adolfo-sera-em-11-de-dezembro\\\/\"},\"wordCount\":220,\"commentCount\":0,\"image\":{\"@id\":\"https:\\\/\\\/folhapopular.info\\\/index.php\\\/2024\\\/11\\\/01\\\/concerto-de-natal-da-orquestra-gustavo-adolfo-sera-em-11-de-dezembro\\\/#primaryimage\"},\"thumbnailUrl\":\"https:\\\/\\\/folhapopular.info\\\/wp-content\\\/uploads\\\/2024\\\/11\\\/1-Orquestra-Gustavo-Adolfo-Univates-apresenta-seu-tradicional-Concerto-de-Natal-em-11-de-dezembro.-Credito_-Divulgacao-Univates-1.jpg\",\"keywords\":[\"Concerto de Natal\",\"Orquestra Gustavo Adolfo\",\"Teatro Univates\"],\"articleSection\":[\"Destaques\",\"Inclusive\",\"Positividade\"],\"inLanguage\":\"pt-BR\",\"potentialAction\":[{\"@type\":\"CommentAction\",\"name\":\"Comment\",\"target\":[\"https:\\\/\\\/folhapopular.info\\\/index.php\\\/2024\\\/11\\\/01\\\/concerto-de-natal-da-orquestra-gustavo-adolfo-sera-em-11-de-dezembro\\\/#respond\"]}]},{\"@type\":\"WebPage\",\"@id\":\"https:\\\/\\\/folhapopular.info\\\/index.php\\\/2024\\\/11\\\/01\\\/concerto-de-natal-da-orquestra-gustavo-adolfo-sera-em-11-de-dezembro\\\/\",\"url\":\"https:\\\/\\\/folhapopular.info\\\/index.php\\\/2024\\\/11\\\/01\\\/concerto-de-natal-da-orquestra-gustavo-adolfo-sera-em-11-de-dezembro\\\/\",\"name\":\"Concerto de Natal da Orquestra Gustavo Adolfo ser\u00e1 em 11 de dezembro - Folha Popular\",\"isPartOf\":{\"@id\":\"https:\\\/\\\/folhapopular.info\\\/#website\"},\"primaryImageOfPage\":{\"@id\":\"https:\\\/\\\/folhapopular.info\\\/index.php\\\/2024\\\/11\\\/01\\\/concerto-de-natal-da-orquestra-gustavo-adolfo-sera-em-11-de-dezembro\\\/#primaryimage\"},\"image\":{\"@id\":\"https:\\\/\\\/folhapopular.info\\\/index.php\\\/2024\\\/11\\\/01\\\/concerto-de-natal-da-orquestra-gustavo-adolfo-sera-em-11-de-dezembro\\\/#primaryimage\"},\"thumbnailUrl\":\"https:\\\/\\\/folhapopular.info\\\/wp-content\\\/uploads\\\/2024\\\/11\\\/1-Orquestra-Gustavo-Adolfo-Univates-apresenta-seu-tradicional-Concerto-de-Natal-em-11-de-dezembro.-Credito_-Divulgacao-Univates-1.jpg\",\"datePublished\":\"2024-11-01T12:00:00+00:00\",\"author\":{\"@id\":\"https:\\\/\\\/folhapopular.info\\\/#\\\/schema\\\/person\\\/2814e8a0df7643585a9ca38bc6eb9d4b\"},\"breadcrumb\":{\"@id\":\"https:\\\/\\\/folhapopular.info\\\/index.php\\\/2024\\\/11\\\/01\\\/concerto-de-natal-da-orquestra-gustavo-adolfo-sera-em-11-de-dezembro\\\/#breadcrumb\"},\"inLanguage\":\"pt-BR\",\"potentialAction\":[{\"@type\":\"ReadAction\",\"target\":[\"https:\\\/\\\/folhapopular.info\\\/index.php\\\/2024\\\/11\\\/01\\\/concerto-de-natal-da-orquestra-gustavo-adolfo-sera-em-11-de-dezembro\\\/\"]}]},{\"@type\":\"ImageObject\",\"inLanguage\":\"pt-BR\",\"@id\":\"https:\\\/\\\/folhapopular.info\\\/index.php\\\/2024\\\/11\\\/01\\\/concerto-de-natal-da-orquestra-gustavo-adolfo-sera-em-11-de-dezembro\\\/#primaryimage\",\"url\":\"https:\\\/\\\/folhapopular.info\\\/wp-content\\\/uploads\\\/2024\\\/11\\\/1-Orquestra-Gustavo-Adolfo-Univates-apresenta-seu-tradicional-Concerto-de-Natal-em-11-de-dezembro.-Credito_-Divulgacao-Univates-1.jpg\",\"contentUrl\":\"https:\\\/\\\/folhapopular.info\\\/wp-content\\\/uploads\\\/2024\\\/11\\\/1-Orquestra-Gustavo-Adolfo-Univates-apresenta-seu-tradicional-Concerto-de-Natal-em-11-de-dezembro.-Credito_-Divulgacao-Univates-1.jpg\",\"width\":1501,\"height\":1001,\"caption\":\"Orquestra Gustavo Adolfo apresenta o espet\u00e1culo \\\"Maria\\\" \\\/ Cr\u00e9dito: Divulga\u00e7\u00e3o\"},{\"@type\":\"BreadcrumbList\",\"@id\":\"https:\\\/\\\/folhapopular.info\\\/index.php\\\/2024\\\/11\\\/01\\\/concerto-de-natal-da-orquestra-gustavo-adolfo-sera-em-11-de-dezembro\\\/#breadcrumb\",\"itemListElement\":[{\"@type\":\"ListItem\",\"position\":1,\"name\":\"In\u00edcio\",\"item\":\"https:\\\/\\\/folhapopular.info\\\/\"},{\"@type\":\"ListItem\",\"position\":2,\"name\":\"Concerto de Natal da Orquestra Gustavo Adolfo ser\u00e1 em 11 de dezembro\"}]},{\"@type\":\"WebSite\",\"@id\":\"https:\\\/\\\/folhapopular.info\\\/#website\",\"url\":\"https:\\\/\\\/folhapopular.info\\\/\",\"name\":\"Folha Popular\",\"description\":\"Onde voc\u00ea tem vez e voz\",\"potentialAction\":[{\"@type\":\"SearchAction\",\"target\":{\"@type\":\"EntryPoint\",\"urlTemplate\":\"https:\\\/\\\/folhapopular.info\\\/?s={search_term_string}\"},\"query-input\":{\"@type\":\"PropertyValueSpecification\",\"valueRequired\":true,\"valueName\":\"search_term_string\"}}],\"inLanguage\":\"pt-BR\"},{\"@type\":\"Person\",\"@id\":\"https:\\\/\\\/folhapopular.info\\\/#\\\/schema\\\/person\\\/2814e8a0df7643585a9ca38bc6eb9d4b\",\"name\":\"Reda\u00e7\u00e3o Folha Popular\",\"image\":{\"@type\":\"ImageObject\",\"inLanguage\":\"pt-BR\",\"@id\":\"https:\\\/\\\/folhapopular.info\\\/wp-content\\\/uploads\\\/2026\\\/04\\\/Folha-1.webp\",\"url\":\"https:\\\/\\\/folhapopular.info\\\/wp-content\\\/uploads\\\/2026\\\/04\\\/Folha-1.webp\",\"contentUrl\":\"https:\\\/\\\/folhapopular.info\\\/wp-content\\\/uploads\\\/2026\\\/04\\\/Folha-1.webp\",\"caption\":\"Reda\u00e7\u00e3o Folha Popular\"},\"url\":\"https:\\\/\\\/folhapopular.info\\\/index.php\\\/author\\\/redacao\\\/\"}]}<\/script>\n<!-- \/ Yoast SEO plugin. -->","yoast_head_json":{"title":"Concerto de Natal da Orquestra Gustavo Adolfo ser\u00e1 em 11 de dezembro - Folha Popular","robots":{"index":"index","follow":"follow","max-snippet":"max-snippet:-1","max-image-preview":"max-image-preview:large","max-video-preview":"max-video-preview:-1"},"canonical":"https:\/\/folhapopular.info\/index.php\/2024\/11\/01\/concerto-de-natal-da-orquestra-gustavo-adolfo-sera-em-11-de-dezembro\/","og_locale":"pt_BR","og_type":"article","og_title":"Concerto de Natal da Orquestra Gustavo Adolfo ser\u00e1 em 11 de dezembro - Folha Popular","og_description":"A Orquestra Gustavo Adolfo Univates apresenta o tradicional Concerto de Natal em 11 de dezembro, \u00e0s 20h no Teatro Univates. Regido pelo maestro Astor Jair Dalferth e com a coordena\u00e7\u00e3o c\u00eanica de Anderson Balhero, o concerto apresenta composi\u00e7\u00e3o e hist\u00f3ria de Jo\u00e3o Vitor Str\u00f6her. O concerto \u201cMaria\u201d apresenta uma narrativa emocionante que se desenrola na [&hellip;]","og_url":"https:\/\/folhapopular.info\/index.php\/2024\/11\/01\/concerto-de-natal-da-orquestra-gustavo-adolfo-sera-em-11-de-dezembro\/","og_site_name":"Folha Popular","article_published_time":"2024-11-01T12:00:00+00:00","og_image":[{"width":1501,"height":1001,"url":"https:\/\/folhapopular.info\/wp-content\/uploads\/2024\/11\/1-Orquestra-Gustavo-Adolfo-Univates-apresenta-seu-tradicional-Concerto-de-Natal-em-11-de-dezembro.-Credito_-Divulgacao-Univates-1.jpg","type":"image\/jpeg"}],"author":"Reda\u00e7\u00e3o Folha Popular","twitter_card":"summary_large_image","twitter_misc":{"Escrito por":"Reda\u00e7\u00e3o Folha Popular","Est. tempo de leitura":"2 minutos"},"schema":{"@context":"https:\/\/schema.org","@graph":[{"@type":"Article","@id":"https:\/\/folhapopular.info\/index.php\/2024\/11\/01\/concerto-de-natal-da-orquestra-gustavo-adolfo-sera-em-11-de-dezembro\/#article","isPartOf":{"@id":"https:\/\/folhapopular.info\/index.php\/2024\/11\/01\/concerto-de-natal-da-orquestra-gustavo-adolfo-sera-em-11-de-dezembro\/"},"author":{"name":"Reda\u00e7\u00e3o Folha Popular","@id":"https:\/\/folhapopular.info\/#\/schema\/person\/2814e8a0df7643585a9ca38bc6eb9d4b"},"headline":"Concerto de Natal da Orquestra Gustavo Adolfo ser\u00e1 em 11 de dezembro","datePublished":"2024-11-01T12:00:00+00:00","mainEntityOfPage":{"@id":"https:\/\/folhapopular.info\/index.php\/2024\/11\/01\/concerto-de-natal-da-orquestra-gustavo-adolfo-sera-em-11-de-dezembro\/"},"wordCount":220,"commentCount":0,"image":{"@id":"https:\/\/folhapopular.info\/index.php\/2024\/11\/01\/concerto-de-natal-da-orquestra-gustavo-adolfo-sera-em-11-de-dezembro\/#primaryimage"},"thumbnailUrl":"https:\/\/folhapopular.info\/wp-content\/uploads\/2024\/11\/1-Orquestra-Gustavo-Adolfo-Univates-apresenta-seu-tradicional-Concerto-de-Natal-em-11-de-dezembro.-Credito_-Divulgacao-Univates-1.jpg","keywords":["Concerto de Natal","Orquestra Gustavo Adolfo","Teatro Univates"],"articleSection":["Destaques","Inclusive","Positividade"],"inLanguage":"pt-BR","potentialAction":[{"@type":"CommentAction","name":"Comment","target":["https:\/\/folhapopular.info\/index.php\/2024\/11\/01\/concerto-de-natal-da-orquestra-gustavo-adolfo-sera-em-11-de-dezembro\/#respond"]}]},{"@type":"WebPage","@id":"https:\/\/folhapopular.info\/index.php\/2024\/11\/01\/concerto-de-natal-da-orquestra-gustavo-adolfo-sera-em-11-de-dezembro\/","url":"https:\/\/folhapopular.info\/index.php\/2024\/11\/01\/concerto-de-natal-da-orquestra-gustavo-adolfo-sera-em-11-de-dezembro\/","name":"Concerto de Natal da Orquestra Gustavo Adolfo ser\u00e1 em 11 de dezembro - Folha Popular","isPartOf":{"@id":"https:\/\/folhapopular.info\/#website"},"primaryImageOfPage":{"@id":"https:\/\/folhapopular.info\/index.php\/2024\/11\/01\/concerto-de-natal-da-orquestra-gustavo-adolfo-sera-em-11-de-dezembro\/#primaryimage"},"image":{"@id":"https:\/\/folhapopular.info\/index.php\/2024\/11\/01\/concerto-de-natal-da-orquestra-gustavo-adolfo-sera-em-11-de-dezembro\/#primaryimage"},"thumbnailUrl":"https:\/\/folhapopular.info\/wp-content\/uploads\/2024\/11\/1-Orquestra-Gustavo-Adolfo-Univates-apresenta-seu-tradicional-Concerto-de-Natal-em-11-de-dezembro.-Credito_-Divulgacao-Univates-1.jpg","datePublished":"2024-11-01T12:00:00+00:00","author":{"@id":"https:\/\/folhapopular.info\/#\/schema\/person\/2814e8a0df7643585a9ca38bc6eb9d4b"},"breadcrumb":{"@id":"https:\/\/folhapopular.info\/index.php\/2024\/11\/01\/concerto-de-natal-da-orquestra-gustavo-adolfo-sera-em-11-de-dezembro\/#breadcrumb"},"inLanguage":"pt-BR","potentialAction":[{"@type":"ReadAction","target":["https:\/\/folhapopular.info\/index.php\/2024\/11\/01\/concerto-de-natal-da-orquestra-gustavo-adolfo-sera-em-11-de-dezembro\/"]}]},{"@type":"ImageObject","inLanguage":"pt-BR","@id":"https:\/\/folhapopular.info\/index.php\/2024\/11\/01\/concerto-de-natal-da-orquestra-gustavo-adolfo-sera-em-11-de-dezembro\/#primaryimage","url":"https:\/\/folhapopular.info\/wp-content\/uploads\/2024\/11\/1-Orquestra-Gustavo-Adolfo-Univates-apresenta-seu-tradicional-Concerto-de-Natal-em-11-de-dezembro.-Credito_-Divulgacao-Univates-1.jpg","contentUrl":"https:\/\/folhapopular.info\/wp-content\/uploads\/2024\/11\/1-Orquestra-Gustavo-Adolfo-Univates-apresenta-seu-tradicional-Concerto-de-Natal-em-11-de-dezembro.-Credito_-Divulgacao-Univates-1.jpg","width":1501,"height":1001,"caption":"Orquestra Gustavo Adolfo apresenta o espet\u00e1culo \"Maria\" \/ Cr\u00e9dito: Divulga\u00e7\u00e3o"},{"@type":"BreadcrumbList","@id":"https:\/\/folhapopular.info\/index.php\/2024\/11\/01\/concerto-de-natal-da-orquestra-gustavo-adolfo-sera-em-11-de-dezembro\/#breadcrumb","itemListElement":[{"@type":"ListItem","position":1,"name":"In\u00edcio","item":"https:\/\/folhapopular.info\/"},{"@type":"ListItem","position":2,"name":"Concerto de Natal da Orquestra Gustavo Adolfo ser\u00e1 em 11 de dezembro"}]},{"@type":"WebSite","@id":"https:\/\/folhapopular.info\/#website","url":"https:\/\/folhapopular.info\/","name":"Folha Popular","description":"Onde voc\u00ea tem vez e voz","potentialAction":[{"@type":"SearchAction","target":{"@type":"EntryPoint","urlTemplate":"https:\/\/folhapopular.info\/?s={search_term_string}"},"query-input":{"@type":"PropertyValueSpecification","valueRequired":true,"valueName":"search_term_string"}}],"inLanguage":"pt-BR"},{"@type":"Person","@id":"https:\/\/folhapopular.info\/#\/schema\/person\/2814e8a0df7643585a9ca38bc6eb9d4b","name":"Reda\u00e7\u00e3o Folha Popular","image":{"@type":"ImageObject","inLanguage":"pt-BR","@id":"https:\/\/folhapopular.info\/wp-content\/uploads\/2026\/04\/Folha-1.webp","url":"https:\/\/folhapopular.info\/wp-content\/uploads\/2026\/04\/Folha-1.webp","contentUrl":"https:\/\/folhapopular.info\/wp-content\/uploads\/2026\/04\/Folha-1.webp","caption":"Reda\u00e7\u00e3o Folha Popular"},"url":"https:\/\/folhapopular.info\/index.php\/author\/redacao\/"}]}},"jetpack_featured_media_url":"https:\/\/folhapopular.info\/wp-content\/uploads\/2024\/11\/1-Orquestra-Gustavo-Adolfo-Univates-apresenta-seu-tradicional-Concerto-de-Natal-em-11-de-dezembro.-Credito_-Divulgacao-Univates-1.jpg","jetpack_sharing_enabled":true,"amp_enabled":true,"_links":{"self":[{"href":"https:\/\/folhapopular.info\/index.php\/wp-json\/wp\/v2\/posts\/173531","targetHints":{"allow":["GET"]}}],"collection":[{"href":"https:\/\/folhapopular.info\/index.php\/wp-json\/wp\/v2\/posts"}],"about":[{"href":"https:\/\/folhapopular.info\/index.php\/wp-json\/wp\/v2\/types\/post"}],"author":[{"embeddable":true,"href":"https:\/\/folhapopular.info\/index.php\/wp-json\/wp\/v2\/users\/8"}],"replies":[{"embeddable":true,"href":"https:\/\/folhapopular.info\/index.php\/wp-json\/wp\/v2\/comments?post=173531"}],"version-history":[{"count":0,"href":"https:\/\/folhapopular.info\/index.php\/wp-json\/wp\/v2\/posts\/173531\/revisions"}],"wp:featuredmedia":[{"embeddable":true,"href":"https:\/\/folhapopular.info\/index.php\/wp-json\/wp\/v2\/media\/173533"}],"wp:attachment":[{"href":"https:\/\/folhapopular.info\/index.php\/wp-json\/wp\/v2\/media?parent=173531"}],"wp:term":[{"taxonomy":"category","embeddable":true,"href":"https:\/\/folhapopular.info\/index.php\/wp-json\/wp\/v2\/categories?post=173531"},{"taxonomy":"post_tag","embeddable":true,"href":"https:\/\/folhapopular.info\/index.php\/wp-json\/wp\/v2\/tags?post=173531"}],"curies":[{"name":"wp","href":"https:\/\/api.w.org\/{rel}","templated":true}]}}