{"id":173590,"date":"2024-11-01T11:04:06","date_gmt":"2024-11-01T14:04:06","guid":{"rendered":"https:\/\/folhapopular.info\/?p=173590"},"modified":"2024-11-01T11:04:10","modified_gmt":"2024-11-01T14:04:10","slug":"comitiva-do-sindilojas-vt-participa-do-varejo-360-na-fecomercio-rs","status":"publish","type":"post","link":"https:\/\/folhapopular.info\/index.php\/2024\/11\/01\/comitiva-do-sindilojas-vt-participa-do-varejo-360-na-fecomercio-rs\/","title":{"rendered":"Comitiva do Sindilojas VT participa do Varejo 360 na Fecom\u00e9rcio-RS"},"content":{"rendered":"\n<p>Projetado para conectar empres\u00e1rios e entidades do setor varejista do Rio Grande do Sul, o Varejo 360 \u00e9 um evento promovido pela Fecom\u00e9rcio RS com o intuito de explorar e discutir as tend\u00eancias mais emergentes no segmento, impulsionando o crescimento e a colabora\u00e7\u00e3o no setor e reunindo l\u00edderes, empreendedores e profissionais do varejo para trocar ideias, compartilhar experi\u00eancias e estabelecer parcerias estrat\u00e9gicas.<\/p>\n\n\n\n<p>A edi\u00e7\u00e3o de 2024 foi realizada na ter\u00e7a-feira (29\/10), na sede da entidade em Porto Alegre, e foi acompanhada por uma comitiva do Sindilojas Vale do Taquari, que viabilizou o transporte para um grupo de 15 associados, empres\u00e1rios e trabalhadores do setor da regi\u00e3o.<\/p>\n\n\n\n<p>Com programa\u00e7\u00e3o que envolveu palestras, pain\u00e9is e apresenta\u00e7\u00e3o de cases de sucesso, o p\u00fablico acompanhou abordagens sobre lideran\u00e7a, alta performance, inova\u00e7\u00e3o, atendimento, experi\u00eancia, Intelig\u00eancia artificial, cultura, equipes, novos consumidores e outros temas pertinentes ao varejo.<\/p>\n\n\n\n<p>Entre os palestrantes, a diretora do Grupo HOPE e jurada da 7\u00aa temporada do programa Shark Tank Brasil, Sandra Chayo; o fundador da Softbox, empresa vendida para a holding do Magazine Luiza em 2018, Ricardo Rocha; coordenador estadual de varejo do Sebrae RS, Fabiano Zort\u00e9a; e a economista-chefe da Fecom\u00e9rcio-RS, Patr\u00edcia Palermo.<\/p>\n\n\n\n<p>Integrante da comitiva, a empres\u00e1ria de Marques de Souza, \u00c9rica Bettio, enalteceu a iniciativa do Sindilojas VT em oportunizar a ida para o evento e comentou sobre a import\u00e2ncia de participar desse tipo de atividade. Para ela, a programa\u00e7\u00e3o transmitiu de forma f\u00e1cil e pr\u00e1tica informa\u00e7\u00f5es necess\u00e1rias para o desempenho das atividades.<\/p>\n\n\n\n<p>\u201cA gente precisa ouvir isso porque, \u00e0s vezes, pensamos que est\u00e1 tudo bem, mas quando chegamos num evento desses, isso muda e voltamos com todo o g\u00e1s para continuar\u201d, avaliou.<\/p>\n","protected":false},"excerpt":{"rendered":"<p>Projetado para conectar empres\u00e1rios e entidades do setor varejista do Rio Grande do Sul, o Varejo 360 \u00e9 um evento promovido pela Fecom\u00e9rcio RS com o intuito de explorar e discutir as tend\u00eancias mais emergentes no segmento, impulsionando o crescimento e a colabora\u00e7\u00e3o no setor e reunindo l\u00edderes, empreendedores e profissionais do varejo para trocar [&hellip;]<\/p>\n","protected":false},"author":8,"featured_media":173591,"comment_status":"open","ping_status":"open","sticky":false,"template":"","format":"standard","meta":{"pmpro_default_level":"","_jetpack_memberships_contains_paid_content":false,"footnotes":""},"categories":[10991],"tags":[5057,11432,5704,16529],"class_list":{"0":"post-173590","1":"post","2":"type-post","3":"status-publish","4":"format-standard","5":"has-post-thumbnail","7":"category-economia","8":"tag-comitiva","9":"tag-fecomercio-rs","10":"tag-sindilojas-vt-2","11":"tag-varejo-360","12":"pmpro-has-access"},"yoast_head":"<!-- This site is optimized with the Yoast SEO plugin v27.5 - https:\/\/yoast.com\/product\/yoast-seo-wordpress\/ -->\n<title>Comitiva do Sindilojas VT participa do Varejo 360 na Fecom\u00e9rcio-RS - Folha Popular<\/title>\n<meta name=\"robots\" content=\"index, follow, max-snippet:-1, max-image-preview:large, max-video-preview:-1\" \/>\n<link rel=\"canonical\" href=\"https:\/\/folhapopular.info\/index.php\/2024\/11\/01\/comitiva-do-sindilojas-vt-participa-do-varejo-360-na-fecomercio-rs\/\" \/>\n<meta property=\"og:locale\" content=\"pt_BR\" \/>\n<meta property=\"og:type\" content=\"article\" \/>\n<meta property=\"og:title\" content=\"Comitiva do Sindilojas VT participa do Varejo 360 na Fecom\u00e9rcio-RS - Folha Popular\" \/>\n<meta property=\"og:description\" content=\"Projetado para conectar empres\u00e1rios e entidades do setor varejista do Rio Grande do Sul, o Varejo 360 \u00e9 um evento promovido pela Fecom\u00e9rcio RS com o intuito de explorar e discutir as tend\u00eancias mais emergentes no segmento, impulsionando o crescimento e a colabora\u00e7\u00e3o no setor e reunindo l\u00edderes, empreendedores e profissionais do varejo para trocar [&hellip;]\" \/>\n<meta property=\"og:url\" content=\"https:\/\/folhapopular.info\/index.php\/2024\/11\/01\/comitiva-do-sindilojas-vt-participa-do-varejo-360-na-fecomercio-rs\/\" \/>\n<meta property=\"og:site_name\" content=\"Folha Popular\" \/>\n<meta property=\"article:published_time\" content=\"2024-11-01T14:04:06+00:00\" \/>\n<meta property=\"article:modified_time\" content=\"2024-11-01T14:04:10+00:00\" \/>\n<meta property=\"og:image\" content=\"http:\/\/folhapopular.info\/wp-content\/uploads\/2024\/11\/445059_1131243_img_0429-scaled.jpg\" \/>\n\t<meta property=\"og:image:width\" content=\"2560\" \/>\n\t<meta property=\"og:image:height\" content=\"1920\" \/>\n\t<meta property=\"og:image:type\" content=\"image\/jpeg\" \/>\n<meta name=\"author\" content=\"Reda\u00e7\u00e3o Folha Popular\" \/>\n<meta name=\"twitter:card\" content=\"summary_large_image\" \/>\n<meta name=\"twitter:label1\" content=\"Escrito por\" \/>\n\t<meta name=\"twitter:data1\" content=\"Reda\u00e7\u00e3o Folha Popular\" \/>\n\t<meta name=\"twitter:label2\" content=\"Est. tempo de leitura\" \/>\n\t<meta name=\"twitter:data2\" content=\"2 minutos\" \/>\n<script type=\"application\/ld+json\" class=\"yoast-schema-graph\">{\"@context\":\"https:\\\/\\\/schema.org\",\"@graph\":[{\"@type\":\"Article\",\"@id\":\"https:\\\/\\\/folhapopular.info\\\/index.php\\\/2024\\\/11\\\/01\\\/comitiva-do-sindilojas-vt-participa-do-varejo-360-na-fecomercio-rs\\\/#article\",\"isPartOf\":{\"@id\":\"https:\\\/\\\/folhapopular.info\\\/index.php\\\/2024\\\/11\\\/01\\\/comitiva-do-sindilojas-vt-participa-do-varejo-360-na-fecomercio-rs\\\/\"},\"author\":{\"name\":\"Reda\u00e7\u00e3o Folha Popular\",\"@id\":\"https:\\\/\\\/folhapopular.info\\\/#\\\/schema\\\/person\\\/2814e8a0df7643585a9ca38bc6eb9d4b\"},\"headline\":\"Comitiva do Sindilojas VT participa do Varejo 360 na Fecom\u00e9rcio-RS\",\"datePublished\":\"2024-11-01T14:04:06+00:00\",\"dateModified\":\"2024-11-01T14:04:10+00:00\",\"mainEntityOfPage\":{\"@id\":\"https:\\\/\\\/folhapopular.info\\\/index.php\\\/2024\\\/11\\\/01\\\/comitiva-do-sindilojas-vt-participa-do-varejo-360-na-fecomercio-rs\\\/\"},\"wordCount\":308,\"commentCount\":0,\"image\":{\"@id\":\"https:\\\/\\\/folhapopular.info\\\/index.php\\\/2024\\\/11\\\/01\\\/comitiva-do-sindilojas-vt-participa-do-varejo-360-na-fecomercio-rs\\\/#primaryimage\"},\"thumbnailUrl\":\"https:\\\/\\\/folhapopular.info\\\/wp-content\\\/uploads\\\/2024\\\/11\\\/445059_1131243_img_0429-scaled.jpg\",\"keywords\":[\"comitiva\",\"fecom\u00e9rcio-rs\",\"Sindilojas VT\",\"Varejo 360\"],\"articleSection\":[\"Economia\"],\"inLanguage\":\"pt-BR\",\"potentialAction\":[{\"@type\":\"CommentAction\",\"name\":\"Comment\",\"target\":[\"https:\\\/\\\/folhapopular.info\\\/index.php\\\/2024\\\/11\\\/01\\\/comitiva-do-sindilojas-vt-participa-do-varejo-360-na-fecomercio-rs\\\/#respond\"]}]},{\"@type\":\"WebPage\",\"@id\":\"https:\\\/\\\/folhapopular.info\\\/index.php\\\/2024\\\/11\\\/01\\\/comitiva-do-sindilojas-vt-participa-do-varejo-360-na-fecomercio-rs\\\/\",\"url\":\"https:\\\/\\\/folhapopular.info\\\/index.php\\\/2024\\\/11\\\/01\\\/comitiva-do-sindilojas-vt-participa-do-varejo-360-na-fecomercio-rs\\\/\",\"name\":\"Comitiva do Sindilojas VT participa do Varejo 360 na Fecom\u00e9rcio-RS - Folha Popular\",\"isPartOf\":{\"@id\":\"https:\\\/\\\/folhapopular.info\\\/#website\"},\"primaryImageOfPage\":{\"@id\":\"https:\\\/\\\/folhapopular.info\\\/index.php\\\/2024\\\/11\\\/01\\\/comitiva-do-sindilojas-vt-participa-do-varejo-360-na-fecomercio-rs\\\/#primaryimage\"},\"image\":{\"@id\":\"https:\\\/\\\/folhapopular.info\\\/index.php\\\/2024\\\/11\\\/01\\\/comitiva-do-sindilojas-vt-participa-do-varejo-360-na-fecomercio-rs\\\/#primaryimage\"},\"thumbnailUrl\":\"https:\\\/\\\/folhapopular.info\\\/wp-content\\\/uploads\\\/2024\\\/11\\\/445059_1131243_img_0429-scaled.jpg\",\"datePublished\":\"2024-11-01T14:04:06+00:00\",\"dateModified\":\"2024-11-01T14:04:10+00:00\",\"author\":{\"@id\":\"https:\\\/\\\/folhapopular.info\\\/#\\\/schema\\\/person\\\/2814e8a0df7643585a9ca38bc6eb9d4b\"},\"breadcrumb\":{\"@id\":\"https:\\\/\\\/folhapopular.info\\\/index.php\\\/2024\\\/11\\\/01\\\/comitiva-do-sindilojas-vt-participa-do-varejo-360-na-fecomercio-rs\\\/#breadcrumb\"},\"inLanguage\":\"pt-BR\",\"potentialAction\":[{\"@type\":\"ReadAction\",\"target\":[\"https:\\\/\\\/folhapopular.info\\\/index.php\\\/2024\\\/11\\\/01\\\/comitiva-do-sindilojas-vt-participa-do-varejo-360-na-fecomercio-rs\\\/\"]}]},{\"@type\":\"ImageObject\",\"inLanguage\":\"pt-BR\",\"@id\":\"https:\\\/\\\/folhapopular.info\\\/index.php\\\/2024\\\/11\\\/01\\\/comitiva-do-sindilojas-vt-participa-do-varejo-360-na-fecomercio-rs\\\/#primaryimage\",\"url\":\"https:\\\/\\\/folhapopular.info\\\/wp-content\\\/uploads\\\/2024\\\/11\\\/445059_1131243_img_0429-scaled.jpg\",\"contentUrl\":\"https:\\\/\\\/folhapopular.info\\\/wp-content\\\/uploads\\\/2024\\\/11\\\/445059_1131243_img_0429-scaled.jpg\",\"width\":2560,\"height\":1920,\"caption\":\"Grupo foi composto por 15 associados, empres\u00e1rios e trabalhadores do setor \\\/\\\/ Cr\u00e9dito: Clarissa Jaeger \\\/ Divulga\u00e7\u00e3o\"},{\"@type\":\"BreadcrumbList\",\"@id\":\"https:\\\/\\\/folhapopular.info\\\/index.php\\\/2024\\\/11\\\/01\\\/comitiva-do-sindilojas-vt-participa-do-varejo-360-na-fecomercio-rs\\\/#breadcrumb\",\"itemListElement\":[{\"@type\":\"ListItem\",\"position\":1,\"name\":\"In\u00edcio\",\"item\":\"https:\\\/\\\/folhapopular.info\\\/\"},{\"@type\":\"ListItem\",\"position\":2,\"name\":\"Comitiva do Sindilojas VT participa do Varejo 360 na Fecom\u00e9rcio-RS\"}]},{\"@type\":\"WebSite\",\"@id\":\"https:\\\/\\\/folhapopular.info\\\/#website\",\"url\":\"https:\\\/\\\/folhapopular.info\\\/\",\"name\":\"Folha Popular\",\"description\":\"Onde voc\u00ea tem vez e voz\",\"potentialAction\":[{\"@type\":\"SearchAction\",\"target\":{\"@type\":\"EntryPoint\",\"urlTemplate\":\"https:\\\/\\\/folhapopular.info\\\/?s={search_term_string}\"},\"query-input\":{\"@type\":\"PropertyValueSpecification\",\"valueRequired\":true,\"valueName\":\"search_term_string\"}}],\"inLanguage\":\"pt-BR\"},{\"@type\":\"Person\",\"@id\":\"https:\\\/\\\/folhapopular.info\\\/#\\\/schema\\\/person\\\/2814e8a0df7643585a9ca38bc6eb9d4b\",\"name\":\"Reda\u00e7\u00e3o Folha Popular\",\"image\":{\"@type\":\"ImageObject\",\"inLanguage\":\"pt-BR\",\"@id\":\"https:\\\/\\\/folhapopular.info\\\/wp-content\\\/uploads\\\/2026\\\/04\\\/Folha-1.webp\",\"url\":\"https:\\\/\\\/folhapopular.info\\\/wp-content\\\/uploads\\\/2026\\\/04\\\/Folha-1.webp\",\"contentUrl\":\"https:\\\/\\\/folhapopular.info\\\/wp-content\\\/uploads\\\/2026\\\/04\\\/Folha-1.webp\",\"caption\":\"Reda\u00e7\u00e3o Folha Popular\"},\"url\":\"https:\\\/\\\/folhapopular.info\\\/index.php\\\/author\\\/redacao\\\/\"}]}<\/script>\n<!-- \/ Yoast SEO plugin. -->","yoast_head_json":{"title":"Comitiva do Sindilojas VT participa do Varejo 360 na Fecom\u00e9rcio-RS - Folha Popular","robots":{"index":"index","follow":"follow","max-snippet":"max-snippet:-1","max-image-preview":"max-image-preview:large","max-video-preview":"max-video-preview:-1"},"canonical":"https:\/\/folhapopular.info\/index.php\/2024\/11\/01\/comitiva-do-sindilojas-vt-participa-do-varejo-360-na-fecomercio-rs\/","og_locale":"pt_BR","og_type":"article","og_title":"Comitiva do Sindilojas VT participa do Varejo 360 na Fecom\u00e9rcio-RS - Folha Popular","og_description":"Projetado para conectar empres\u00e1rios e entidades do setor varejista do Rio Grande do Sul, o Varejo 360 \u00e9 um evento promovido pela Fecom\u00e9rcio RS com o intuito de explorar e discutir as tend\u00eancias mais emergentes no segmento, impulsionando o crescimento e a colabora\u00e7\u00e3o no setor e reunindo l\u00edderes, empreendedores e profissionais do varejo para trocar [&hellip;]","og_url":"https:\/\/folhapopular.info\/index.php\/2024\/11\/01\/comitiva-do-sindilojas-vt-participa-do-varejo-360-na-fecomercio-rs\/","og_site_name":"Folha Popular","article_published_time":"2024-11-01T14:04:06+00:00","article_modified_time":"2024-11-01T14:04:10+00:00","og_image":[{"width":2560,"height":1920,"url":"http:\/\/folhapopular.info\/wp-content\/uploads\/2024\/11\/445059_1131243_img_0429-scaled.jpg","type":"image\/jpeg"}],"author":"Reda\u00e7\u00e3o Folha Popular","twitter_card":"summary_large_image","twitter_misc":{"Escrito por":"Reda\u00e7\u00e3o Folha Popular","Est. tempo de leitura":"2 minutos"},"schema":{"@context":"https:\/\/schema.org","@graph":[{"@type":"Article","@id":"https:\/\/folhapopular.info\/index.php\/2024\/11\/01\/comitiva-do-sindilojas-vt-participa-do-varejo-360-na-fecomercio-rs\/#article","isPartOf":{"@id":"https:\/\/folhapopular.info\/index.php\/2024\/11\/01\/comitiva-do-sindilojas-vt-participa-do-varejo-360-na-fecomercio-rs\/"},"author":{"name":"Reda\u00e7\u00e3o Folha Popular","@id":"https:\/\/folhapopular.info\/#\/schema\/person\/2814e8a0df7643585a9ca38bc6eb9d4b"},"headline":"Comitiva do Sindilojas VT participa do Varejo 360 na Fecom\u00e9rcio-RS","datePublished":"2024-11-01T14:04:06+00:00","dateModified":"2024-11-01T14:04:10+00:00","mainEntityOfPage":{"@id":"https:\/\/folhapopular.info\/index.php\/2024\/11\/01\/comitiva-do-sindilojas-vt-participa-do-varejo-360-na-fecomercio-rs\/"},"wordCount":308,"commentCount":0,"image":{"@id":"https:\/\/folhapopular.info\/index.php\/2024\/11\/01\/comitiva-do-sindilojas-vt-participa-do-varejo-360-na-fecomercio-rs\/#primaryimage"},"thumbnailUrl":"https:\/\/folhapopular.info\/wp-content\/uploads\/2024\/11\/445059_1131243_img_0429-scaled.jpg","keywords":["comitiva","fecom\u00e9rcio-rs","Sindilojas VT","Varejo 360"],"articleSection":["Economia"],"inLanguage":"pt-BR","potentialAction":[{"@type":"CommentAction","name":"Comment","target":["https:\/\/folhapopular.info\/index.php\/2024\/11\/01\/comitiva-do-sindilojas-vt-participa-do-varejo-360-na-fecomercio-rs\/#respond"]}]},{"@type":"WebPage","@id":"https:\/\/folhapopular.info\/index.php\/2024\/11\/01\/comitiva-do-sindilojas-vt-participa-do-varejo-360-na-fecomercio-rs\/","url":"https:\/\/folhapopular.info\/index.php\/2024\/11\/01\/comitiva-do-sindilojas-vt-participa-do-varejo-360-na-fecomercio-rs\/","name":"Comitiva do Sindilojas VT participa do Varejo 360 na Fecom\u00e9rcio-RS - Folha Popular","isPartOf":{"@id":"https:\/\/folhapopular.info\/#website"},"primaryImageOfPage":{"@id":"https:\/\/folhapopular.info\/index.php\/2024\/11\/01\/comitiva-do-sindilojas-vt-participa-do-varejo-360-na-fecomercio-rs\/#primaryimage"},"image":{"@id":"https:\/\/folhapopular.info\/index.php\/2024\/11\/01\/comitiva-do-sindilojas-vt-participa-do-varejo-360-na-fecomercio-rs\/#primaryimage"},"thumbnailUrl":"https:\/\/folhapopular.info\/wp-content\/uploads\/2024\/11\/445059_1131243_img_0429-scaled.jpg","datePublished":"2024-11-01T14:04:06+00:00","dateModified":"2024-11-01T14:04:10+00:00","author":{"@id":"https:\/\/folhapopular.info\/#\/schema\/person\/2814e8a0df7643585a9ca38bc6eb9d4b"},"breadcrumb":{"@id":"https:\/\/folhapopular.info\/index.php\/2024\/11\/01\/comitiva-do-sindilojas-vt-participa-do-varejo-360-na-fecomercio-rs\/#breadcrumb"},"inLanguage":"pt-BR","potentialAction":[{"@type":"ReadAction","target":["https:\/\/folhapopular.info\/index.php\/2024\/11\/01\/comitiva-do-sindilojas-vt-participa-do-varejo-360-na-fecomercio-rs\/"]}]},{"@type":"ImageObject","inLanguage":"pt-BR","@id":"https:\/\/folhapopular.info\/index.php\/2024\/11\/01\/comitiva-do-sindilojas-vt-participa-do-varejo-360-na-fecomercio-rs\/#primaryimage","url":"https:\/\/folhapopular.info\/wp-content\/uploads\/2024\/11\/445059_1131243_img_0429-scaled.jpg","contentUrl":"https:\/\/folhapopular.info\/wp-content\/uploads\/2024\/11\/445059_1131243_img_0429-scaled.jpg","width":2560,"height":1920,"caption":"Grupo foi composto por 15 associados, empres\u00e1rios e trabalhadores do setor \/\/ Cr\u00e9dito: Clarissa Jaeger \/ Divulga\u00e7\u00e3o"},{"@type":"BreadcrumbList","@id":"https:\/\/folhapopular.info\/index.php\/2024\/11\/01\/comitiva-do-sindilojas-vt-participa-do-varejo-360-na-fecomercio-rs\/#breadcrumb","itemListElement":[{"@type":"ListItem","position":1,"name":"In\u00edcio","item":"https:\/\/folhapopular.info\/"},{"@type":"ListItem","position":2,"name":"Comitiva do Sindilojas VT participa do Varejo 360 na Fecom\u00e9rcio-RS"}]},{"@type":"WebSite","@id":"https:\/\/folhapopular.info\/#website","url":"https:\/\/folhapopular.info\/","name":"Folha Popular","description":"Onde voc\u00ea tem vez e voz","potentialAction":[{"@type":"SearchAction","target":{"@type":"EntryPoint","urlTemplate":"https:\/\/folhapopular.info\/?s={search_term_string}"},"query-input":{"@type":"PropertyValueSpecification","valueRequired":true,"valueName":"search_term_string"}}],"inLanguage":"pt-BR"},{"@type":"Person","@id":"https:\/\/folhapopular.info\/#\/schema\/person\/2814e8a0df7643585a9ca38bc6eb9d4b","name":"Reda\u00e7\u00e3o Folha Popular","image":{"@type":"ImageObject","inLanguage":"pt-BR","@id":"https:\/\/folhapopular.info\/wp-content\/uploads\/2026\/04\/Folha-1.webp","url":"https:\/\/folhapopular.info\/wp-content\/uploads\/2026\/04\/Folha-1.webp","contentUrl":"https:\/\/folhapopular.info\/wp-content\/uploads\/2026\/04\/Folha-1.webp","caption":"Reda\u00e7\u00e3o Folha Popular"},"url":"https:\/\/folhapopular.info\/index.php\/author\/redacao\/"}]}},"jetpack_featured_media_url":"https:\/\/folhapopular.info\/wp-content\/uploads\/2024\/11\/445059_1131243_img_0429-scaled.jpg","jetpack_sharing_enabled":true,"amp_enabled":true,"_links":{"self":[{"href":"https:\/\/folhapopular.info\/index.php\/wp-json\/wp\/v2\/posts\/173590","targetHints":{"allow":["GET"]}}],"collection":[{"href":"https:\/\/folhapopular.info\/index.php\/wp-json\/wp\/v2\/posts"}],"about":[{"href":"https:\/\/folhapopular.info\/index.php\/wp-json\/wp\/v2\/types\/post"}],"author":[{"embeddable":true,"href":"https:\/\/folhapopular.info\/index.php\/wp-json\/wp\/v2\/users\/8"}],"replies":[{"embeddable":true,"href":"https:\/\/folhapopular.info\/index.php\/wp-json\/wp\/v2\/comments?post=173590"}],"version-history":[{"count":0,"href":"https:\/\/folhapopular.info\/index.php\/wp-json\/wp\/v2\/posts\/173590\/revisions"}],"wp:featuredmedia":[{"embeddable":true,"href":"https:\/\/folhapopular.info\/index.php\/wp-json\/wp\/v2\/media\/173591"}],"wp:attachment":[{"href":"https:\/\/folhapopular.info\/index.php\/wp-json\/wp\/v2\/media?parent=173590"}],"wp:term":[{"taxonomy":"category","embeddable":true,"href":"https:\/\/folhapopular.info\/index.php\/wp-json\/wp\/v2\/categories?post=173590"},{"taxonomy":"post_tag","embeddable":true,"href":"https:\/\/folhapopular.info\/index.php\/wp-json\/wp\/v2\/tags?post=173590"}],"curies":[{"name":"wp","href":"https:\/\/api.w.org\/{rel}","templated":true}]}}