{"id":173769,"date":"2024-11-04T15:30:17","date_gmt":"2024-11-04T18:30:17","guid":{"rendered":"https:\/\/folhapopular.info\/?p=173769"},"modified":"2024-11-04T15:31:44","modified_gmt":"2024-11-04T18:31:44","slug":"atleta-de-atletismo-do-colegio-teutonia-conquista-medalha-de-bronze-na-paraiba","status":"publish","type":"post","link":"https:\/\/folhapopular.info\/index.php\/2024\/11\/04\/atleta-de-atletismo-do-colegio-teutonia-conquista-medalha-de-bronze-na-paraiba\/","title":{"rendered":"Atleta de Atletismo do Col\u00e9gio Teut\u00f4nia conquista medalha de bronze na Para\u00edba"},"content":{"rendered":"\n<p>No fim de semana, o Campeonato Brasileiro de Atletismo Sub-16 foi disputado em Jo\u00e3o Pessoa, na Para\u00edba. Na oportunidade, dois atletas representaram a Equipe de Atletismo Col\u00e9gio Teut\u00f4nia\/Sicredi\/Acerte. Enzo Hauschild conquistou medalha de bronze no arremesso de martelo, com a marca de 60,89m, sua melhor marca pessoal, e Alexander Bonif\u00e1ce ficou em 9\u00ba lugar na prova dos 1000m rasos, com o tempo de 2min46seg.<\/p>\n\n\n\n<p>\u201cA participa\u00e7\u00e3o dos nossos atletas foi excelente. Numa prova muito disputada, Enzo melhorou sua marca em mais de tr\u00eas metros, que antes era de 57,03m. Ele j\u00e1 vinha mostrando nos treinos que poderia lan\u00e7ar mais longe, e fez isso no momento certo. Alcan\u00e7ar a melhor marca em Campeonato Brasileiro \u00e9 importante, mostra confian\u00e7a e competitividade. Com esse desempenho ele segue na 3\u00aa posi\u00e7\u00e3o do ranking nacional\u201d, destaca o professor e treinador Iurquen Roese.<\/p>\n\n\n\n<p>Ap\u00f3s come\u00e7ar com 53m em sua primeira tentativa, Enzo lan\u00e7ou 56m na segunda, o que o deixava em 4\u00ba lugar at\u00e9 o momento. Na quinta e sexta tentativas, foram dois lan\u00e7amentos acima dos 60m, deixando ele a poucos cent\u00edmetros do recorde estadual. \u201cO atleta treinou muito para chegar nesse n\u00edvel\u201d, acrescentou.<\/p>\n\n\n\n<p>Alexander participou pela primeira vez do Campeonato Brasileiro. \u201cEle estava muito bem preparado e focado na primeira experi\u00eancia em campeonatos nacionais, teve um bom desempenho ao marcar 2min46seg. Sua melhor marca \u00e9 de 2min45seg. Com o tempo registrado na Para\u00edba, conquistou a 9\u00aa coloca\u00e7\u00e3o e mostrou que pode muito mais\u201d, avalia Roese.<\/p>\n\n\n\n<p><strong>Pr\u00f3ximas competi\u00e7\u00f5es<\/strong><\/p>\n\n\n\n<p>As pr\u00f3ximas competi\u00e7\u00f5es nas quais a Equipe de Atletismo do Col\u00e9gio Teut\u00f4nia\/Sicredi\/Acerte, que conta com o apoio das prefeituras de Teut\u00f4nia e Westf\u00e1lia, estar\u00e1 representada nos seguintes eventos: Jogos Interescolares de Teut\u00f4nia (JITEU), no dia 5 de novembro; Sicredi <em>Night Run<\/em>, em Teut\u00f4nia no dia 9 de novembro; e nos Jogos da Juventude, organizados pelo Comit\u00ea Ol\u00edmpico do Brasil (COB), em Jo\u00e3o Pessoa (Para\u00edba), de 13 a 28 de novembro.<\/p>\n","protected":false},"excerpt":{"rendered":"<p>No fim de semana, o Campeonato Brasileiro de Atletismo Sub-16 foi disputado em Jo\u00e3o Pessoa, na Para\u00edba. Na oportunidade, dois atletas representaram a Equipe de Atletismo Col\u00e9gio Teut\u00f4nia\/Sicredi\/Acerte. Enzo Hauschild conquistou medalha de bronze no arremesso de martelo, com a marca de 60,89m, sua melhor marca pessoal, e Alexander Bonif\u00e1ce ficou em 9\u00ba lugar na [&hellip;]<\/p>\n","protected":false},"author":8,"featured_media":173770,"comment_status":"open","ping_status":"open","sticky":false,"template":"","format":"standard","meta":{"pmpro_default_level":"","_jetpack_memberships_contains_paid_content":false,"footnotes":""},"categories":[16747,5],"tags":[80,131,12948,16862],"class_list":{"0":"post-173769","1":"post","2":"type-post","3":"status-publish","4":"format-standard","5":"has-post-thumbnail","7":"category-atletismo","8":"category-esportes","9":"tag-atletismo","10":"tag-colegio-teutonia","11":"tag-medalha-de-bronze","12":"tag-paraiba","13":"pmpro-has-access"},"yoast_head":"<!-- This site is optimized with the Yoast SEO plugin v27.4 - https:\/\/yoast.com\/product\/yoast-seo-wordpress\/ -->\n<title>Atleta de Atletismo do Col\u00e9gio Teut\u00f4nia conquista medalha de bronze na Para\u00edba - Folha Popular<\/title>\n<meta name=\"robots\" content=\"index, follow, max-snippet:-1, max-image-preview:large, max-video-preview:-1\" \/>\n<link rel=\"canonical\" href=\"https:\/\/folhapopular.info\/index.php\/2024\/11\/04\/atleta-de-atletismo-do-colegio-teutonia-conquista-medalha-de-bronze-na-paraiba\/\" \/>\n<meta property=\"og:locale\" content=\"pt_BR\" \/>\n<meta property=\"og:type\" content=\"article\" \/>\n<meta property=\"og:title\" content=\"Atleta de Atletismo do Col\u00e9gio Teut\u00f4nia conquista medalha de bronze na Para\u00edba - Folha Popular\" \/>\n<meta property=\"og:description\" content=\"No fim de semana, o Campeonato Brasileiro de Atletismo Sub-16 foi disputado em Jo\u00e3o Pessoa, na Para\u00edba. Na oportunidade, dois atletas representaram a Equipe de Atletismo Col\u00e9gio Teut\u00f4nia\/Sicredi\/Acerte. Enzo Hauschild conquistou medalha de bronze no arremesso de martelo, com a marca de 60,89m, sua melhor marca pessoal, e Alexander Bonif\u00e1ce ficou em 9\u00ba lugar na [&hellip;]\" \/>\n<meta property=\"og:url\" content=\"https:\/\/folhapopular.info\/index.php\/2024\/11\/04\/atleta-de-atletismo-do-colegio-teutonia-conquista-medalha-de-bronze-na-paraiba\/\" \/>\n<meta property=\"og:site_name\" content=\"Folha Popular\" \/>\n<meta property=\"article:published_time\" content=\"2024-11-04T18:30:17+00:00\" \/>\n<meta property=\"article:modified_time\" content=\"2024-11-04T18:31:44+00:00\" \/>\n<meta property=\"og:image\" content=\"http:\/\/folhapopular.info\/wp-content\/uploads\/2024\/11\/brasileiro-sub-16-9-JORNAL-e1730744931257.jpeg\" \/>\n\t<meta property=\"og:image:width\" content=\"508\" \/>\n\t<meta property=\"og:image:height\" content=\"276\" \/>\n\t<meta property=\"og:image:type\" content=\"image\/jpeg\" \/>\n<meta name=\"author\" content=\"Reda\u00e7\u00e3o Folha Popular\" \/>\n<meta name=\"twitter:card\" content=\"summary_large_image\" \/>\n<meta name=\"twitter:label1\" content=\"Escrito por\" \/>\n\t<meta name=\"twitter:data1\" content=\"Reda\u00e7\u00e3o Folha Popular\" \/>\n\t<meta name=\"twitter:label2\" content=\"Est. tempo de leitura\" \/>\n\t<meta name=\"twitter:data2\" content=\"2 minutos\" \/>\n<script type=\"application\/ld+json\" class=\"yoast-schema-graph\">{\"@context\":\"https:\\\/\\\/schema.org\",\"@graph\":[{\"@type\":\"Article\",\"@id\":\"https:\\\/\\\/folhapopular.info\\\/index.php\\\/2024\\\/11\\\/04\\\/atleta-de-atletismo-do-colegio-teutonia-conquista-medalha-de-bronze-na-paraiba\\\/#article\",\"isPartOf\":{\"@id\":\"https:\\\/\\\/folhapopular.info\\\/index.php\\\/2024\\\/11\\\/04\\\/atleta-de-atletismo-do-colegio-teutonia-conquista-medalha-de-bronze-na-paraiba\\\/\"},\"author\":{\"name\":\"Reda\u00e7\u00e3o Folha Popular\",\"@id\":\"https:\\\/\\\/folhapopular.info\\\/#\\\/schema\\\/person\\\/2814e8a0df7643585a9ca38bc6eb9d4b\"},\"headline\":\"Atleta de Atletismo do Col\u00e9gio Teut\u00f4nia conquista medalha de bronze na Para\u00edba\",\"datePublished\":\"2024-11-04T18:30:17+00:00\",\"dateModified\":\"2024-11-04T18:31:44+00:00\",\"mainEntityOfPage\":{\"@id\":\"https:\\\/\\\/folhapopular.info\\\/index.php\\\/2024\\\/11\\\/04\\\/atleta-de-atletismo-do-colegio-teutonia-conquista-medalha-de-bronze-na-paraiba\\\/\"},\"wordCount\":357,\"commentCount\":0,\"image\":{\"@id\":\"https:\\\/\\\/folhapopular.info\\\/index.php\\\/2024\\\/11\\\/04\\\/atleta-de-atletismo-do-colegio-teutonia-conquista-medalha-de-bronze-na-paraiba\\\/#primaryimage\"},\"thumbnailUrl\":\"https:\\\/\\\/folhapopular.info\\\/wp-content\\\/uploads\\\/2024\\\/11\\\/brasileiro-sub-16-9-JORNAL-e1730744931257.jpeg\",\"keywords\":[\"Atletismo\",\"Col\u00e9gio Teut\u00f4nia\",\"Medalha de bronze\",\"Para\u00edba\"],\"articleSection\":[\"Atletismo\",\"Esportes\"],\"inLanguage\":\"pt-BR\",\"potentialAction\":[{\"@type\":\"CommentAction\",\"name\":\"Comment\",\"target\":[\"https:\\\/\\\/folhapopular.info\\\/index.php\\\/2024\\\/11\\\/04\\\/atleta-de-atletismo-do-colegio-teutonia-conquista-medalha-de-bronze-na-paraiba\\\/#respond\"]}]},{\"@type\":\"WebPage\",\"@id\":\"https:\\\/\\\/folhapopular.info\\\/index.php\\\/2024\\\/11\\\/04\\\/atleta-de-atletismo-do-colegio-teutonia-conquista-medalha-de-bronze-na-paraiba\\\/\",\"url\":\"https:\\\/\\\/folhapopular.info\\\/index.php\\\/2024\\\/11\\\/04\\\/atleta-de-atletismo-do-colegio-teutonia-conquista-medalha-de-bronze-na-paraiba\\\/\",\"name\":\"Atleta de Atletismo do Col\u00e9gio Teut\u00f4nia conquista medalha de bronze na Para\u00edba - Folha Popular\",\"isPartOf\":{\"@id\":\"https:\\\/\\\/folhapopular.info\\\/#website\"},\"primaryImageOfPage\":{\"@id\":\"https:\\\/\\\/folhapopular.info\\\/index.php\\\/2024\\\/11\\\/04\\\/atleta-de-atletismo-do-colegio-teutonia-conquista-medalha-de-bronze-na-paraiba\\\/#primaryimage\"},\"image\":{\"@id\":\"https:\\\/\\\/folhapopular.info\\\/index.php\\\/2024\\\/11\\\/04\\\/atleta-de-atletismo-do-colegio-teutonia-conquista-medalha-de-bronze-na-paraiba\\\/#primaryimage\"},\"thumbnailUrl\":\"https:\\\/\\\/folhapopular.info\\\/wp-content\\\/uploads\\\/2024\\\/11\\\/brasileiro-sub-16-9-JORNAL-e1730744931257.jpeg\",\"datePublished\":\"2024-11-04T18:30:17+00:00\",\"dateModified\":\"2024-11-04T18:31:44+00:00\",\"author\":{\"@id\":\"https:\\\/\\\/folhapopular.info\\\/#\\\/schema\\\/person\\\/2814e8a0df7643585a9ca38bc6eb9d4b\"},\"breadcrumb\":{\"@id\":\"https:\\\/\\\/folhapopular.info\\\/index.php\\\/2024\\\/11\\\/04\\\/atleta-de-atletismo-do-colegio-teutonia-conquista-medalha-de-bronze-na-paraiba\\\/#breadcrumb\"},\"inLanguage\":\"pt-BR\",\"potentialAction\":[{\"@type\":\"ReadAction\",\"target\":[\"https:\\\/\\\/folhapopular.info\\\/index.php\\\/2024\\\/11\\\/04\\\/atleta-de-atletismo-do-colegio-teutonia-conquista-medalha-de-bronze-na-paraiba\\\/\"]}]},{\"@type\":\"ImageObject\",\"inLanguage\":\"pt-BR\",\"@id\":\"https:\\\/\\\/folhapopular.info\\\/index.php\\\/2024\\\/11\\\/04\\\/atleta-de-atletismo-do-colegio-teutonia-conquista-medalha-de-bronze-na-paraiba\\\/#primaryimage\",\"url\":\"https:\\\/\\\/folhapopular.info\\\/wp-content\\\/uploads\\\/2024\\\/11\\\/brasileiro-sub-16-9-JORNAL-e1730744931257.jpeg\",\"contentUrl\":\"https:\\\/\\\/folhapopular.info\\\/wp-content\\\/uploads\\\/2024\\\/11\\\/brasileiro-sub-16-9-JORNAL-e1730744931257.jpeg\",\"width\":508,\"height\":276,\"caption\":\"Cr\u00e9dito: Col\u00e9gio Teut\u00f4nia \\\/ Iurquen Roese \\\/ Divulga\u00e7\u00e3o\"},{\"@type\":\"BreadcrumbList\",\"@id\":\"https:\\\/\\\/folhapopular.info\\\/index.php\\\/2024\\\/11\\\/04\\\/atleta-de-atletismo-do-colegio-teutonia-conquista-medalha-de-bronze-na-paraiba\\\/#breadcrumb\",\"itemListElement\":[{\"@type\":\"ListItem\",\"position\":1,\"name\":\"In\u00edcio\",\"item\":\"https:\\\/\\\/folhapopular.info\\\/\"},{\"@type\":\"ListItem\",\"position\":2,\"name\":\"Atleta de Atletismo do Col\u00e9gio Teut\u00f4nia conquista medalha de bronze na Para\u00edba\"}]},{\"@type\":\"WebSite\",\"@id\":\"https:\\\/\\\/folhapopular.info\\\/#website\",\"url\":\"https:\\\/\\\/folhapopular.info\\\/\",\"name\":\"Folha Popular\",\"description\":\"Onde voc\u00ea tem vez e voz\",\"potentialAction\":[{\"@type\":\"SearchAction\",\"target\":{\"@type\":\"EntryPoint\",\"urlTemplate\":\"https:\\\/\\\/folhapopular.info\\\/?s={search_term_string}\"},\"query-input\":{\"@type\":\"PropertyValueSpecification\",\"valueRequired\":true,\"valueName\":\"search_term_string\"}}],\"inLanguage\":\"pt-BR\"},{\"@type\":\"Person\",\"@id\":\"https:\\\/\\\/folhapopular.info\\\/#\\\/schema\\\/person\\\/2814e8a0df7643585a9ca38bc6eb9d4b\",\"name\":\"Reda\u00e7\u00e3o Folha Popular\",\"image\":{\"@type\":\"ImageObject\",\"inLanguage\":\"pt-BR\",\"@id\":\"https:\\\/\\\/folhapopular.info\\\/wp-content\\\/uploads\\\/2026\\\/04\\\/Folha-1.webp\",\"url\":\"https:\\\/\\\/folhapopular.info\\\/wp-content\\\/uploads\\\/2026\\\/04\\\/Folha-1.webp\",\"contentUrl\":\"https:\\\/\\\/folhapopular.info\\\/wp-content\\\/uploads\\\/2026\\\/04\\\/Folha-1.webp\",\"caption\":\"Reda\u00e7\u00e3o Folha Popular\"},\"url\":\"https:\\\/\\\/folhapopular.info\\\/index.php\\\/author\\\/redacao\\\/\"}]}<\/script>\n<!-- \/ Yoast SEO plugin. -->","yoast_head_json":{"title":"Atleta de Atletismo do Col\u00e9gio Teut\u00f4nia conquista medalha de bronze na Para\u00edba - Folha Popular","robots":{"index":"index","follow":"follow","max-snippet":"max-snippet:-1","max-image-preview":"max-image-preview:large","max-video-preview":"max-video-preview:-1"},"canonical":"https:\/\/folhapopular.info\/index.php\/2024\/11\/04\/atleta-de-atletismo-do-colegio-teutonia-conquista-medalha-de-bronze-na-paraiba\/","og_locale":"pt_BR","og_type":"article","og_title":"Atleta de Atletismo do Col\u00e9gio Teut\u00f4nia conquista medalha de bronze na Para\u00edba - Folha Popular","og_description":"No fim de semana, o Campeonato Brasileiro de Atletismo Sub-16 foi disputado em Jo\u00e3o Pessoa, na Para\u00edba. Na oportunidade, dois atletas representaram a Equipe de Atletismo Col\u00e9gio Teut\u00f4nia\/Sicredi\/Acerte. Enzo Hauschild conquistou medalha de bronze no arremesso de martelo, com a marca de 60,89m, sua melhor marca pessoal, e Alexander Bonif\u00e1ce ficou em 9\u00ba lugar na [&hellip;]","og_url":"https:\/\/folhapopular.info\/index.php\/2024\/11\/04\/atleta-de-atletismo-do-colegio-teutonia-conquista-medalha-de-bronze-na-paraiba\/","og_site_name":"Folha Popular","article_published_time":"2024-11-04T18:30:17+00:00","article_modified_time":"2024-11-04T18:31:44+00:00","og_image":[{"width":508,"height":276,"url":"http:\/\/folhapopular.info\/wp-content\/uploads\/2024\/11\/brasileiro-sub-16-9-JORNAL-e1730744931257.jpeg","type":"image\/jpeg"}],"author":"Reda\u00e7\u00e3o Folha Popular","twitter_card":"summary_large_image","twitter_misc":{"Escrito por":"Reda\u00e7\u00e3o Folha Popular","Est. tempo de leitura":"2 minutos"},"schema":{"@context":"https:\/\/schema.org","@graph":[{"@type":"Article","@id":"https:\/\/folhapopular.info\/index.php\/2024\/11\/04\/atleta-de-atletismo-do-colegio-teutonia-conquista-medalha-de-bronze-na-paraiba\/#article","isPartOf":{"@id":"https:\/\/folhapopular.info\/index.php\/2024\/11\/04\/atleta-de-atletismo-do-colegio-teutonia-conquista-medalha-de-bronze-na-paraiba\/"},"author":{"name":"Reda\u00e7\u00e3o Folha Popular","@id":"https:\/\/folhapopular.info\/#\/schema\/person\/2814e8a0df7643585a9ca38bc6eb9d4b"},"headline":"Atleta de Atletismo do Col\u00e9gio Teut\u00f4nia conquista medalha de bronze na Para\u00edba","datePublished":"2024-11-04T18:30:17+00:00","dateModified":"2024-11-04T18:31:44+00:00","mainEntityOfPage":{"@id":"https:\/\/folhapopular.info\/index.php\/2024\/11\/04\/atleta-de-atletismo-do-colegio-teutonia-conquista-medalha-de-bronze-na-paraiba\/"},"wordCount":357,"commentCount":0,"image":{"@id":"https:\/\/folhapopular.info\/index.php\/2024\/11\/04\/atleta-de-atletismo-do-colegio-teutonia-conquista-medalha-de-bronze-na-paraiba\/#primaryimage"},"thumbnailUrl":"https:\/\/folhapopular.info\/wp-content\/uploads\/2024\/11\/brasileiro-sub-16-9-JORNAL-e1730744931257.jpeg","keywords":["Atletismo","Col\u00e9gio Teut\u00f4nia","Medalha de bronze","Para\u00edba"],"articleSection":["Atletismo","Esportes"],"inLanguage":"pt-BR","potentialAction":[{"@type":"CommentAction","name":"Comment","target":["https:\/\/folhapopular.info\/index.php\/2024\/11\/04\/atleta-de-atletismo-do-colegio-teutonia-conquista-medalha-de-bronze-na-paraiba\/#respond"]}]},{"@type":"WebPage","@id":"https:\/\/folhapopular.info\/index.php\/2024\/11\/04\/atleta-de-atletismo-do-colegio-teutonia-conquista-medalha-de-bronze-na-paraiba\/","url":"https:\/\/folhapopular.info\/index.php\/2024\/11\/04\/atleta-de-atletismo-do-colegio-teutonia-conquista-medalha-de-bronze-na-paraiba\/","name":"Atleta de Atletismo do Col\u00e9gio Teut\u00f4nia conquista medalha de bronze na Para\u00edba - Folha Popular","isPartOf":{"@id":"https:\/\/folhapopular.info\/#website"},"primaryImageOfPage":{"@id":"https:\/\/folhapopular.info\/index.php\/2024\/11\/04\/atleta-de-atletismo-do-colegio-teutonia-conquista-medalha-de-bronze-na-paraiba\/#primaryimage"},"image":{"@id":"https:\/\/folhapopular.info\/index.php\/2024\/11\/04\/atleta-de-atletismo-do-colegio-teutonia-conquista-medalha-de-bronze-na-paraiba\/#primaryimage"},"thumbnailUrl":"https:\/\/folhapopular.info\/wp-content\/uploads\/2024\/11\/brasileiro-sub-16-9-JORNAL-e1730744931257.jpeg","datePublished":"2024-11-04T18:30:17+00:00","dateModified":"2024-11-04T18:31:44+00:00","author":{"@id":"https:\/\/folhapopular.info\/#\/schema\/person\/2814e8a0df7643585a9ca38bc6eb9d4b"},"breadcrumb":{"@id":"https:\/\/folhapopular.info\/index.php\/2024\/11\/04\/atleta-de-atletismo-do-colegio-teutonia-conquista-medalha-de-bronze-na-paraiba\/#breadcrumb"},"inLanguage":"pt-BR","potentialAction":[{"@type":"ReadAction","target":["https:\/\/folhapopular.info\/index.php\/2024\/11\/04\/atleta-de-atletismo-do-colegio-teutonia-conquista-medalha-de-bronze-na-paraiba\/"]}]},{"@type":"ImageObject","inLanguage":"pt-BR","@id":"https:\/\/folhapopular.info\/index.php\/2024\/11\/04\/atleta-de-atletismo-do-colegio-teutonia-conquista-medalha-de-bronze-na-paraiba\/#primaryimage","url":"https:\/\/folhapopular.info\/wp-content\/uploads\/2024\/11\/brasileiro-sub-16-9-JORNAL-e1730744931257.jpeg","contentUrl":"https:\/\/folhapopular.info\/wp-content\/uploads\/2024\/11\/brasileiro-sub-16-9-JORNAL-e1730744931257.jpeg","width":508,"height":276,"caption":"Cr\u00e9dito: Col\u00e9gio Teut\u00f4nia \/ Iurquen Roese \/ Divulga\u00e7\u00e3o"},{"@type":"BreadcrumbList","@id":"https:\/\/folhapopular.info\/index.php\/2024\/11\/04\/atleta-de-atletismo-do-colegio-teutonia-conquista-medalha-de-bronze-na-paraiba\/#breadcrumb","itemListElement":[{"@type":"ListItem","position":1,"name":"In\u00edcio","item":"https:\/\/folhapopular.info\/"},{"@type":"ListItem","position":2,"name":"Atleta de Atletismo do Col\u00e9gio Teut\u00f4nia conquista medalha de bronze na Para\u00edba"}]},{"@type":"WebSite","@id":"https:\/\/folhapopular.info\/#website","url":"https:\/\/folhapopular.info\/","name":"Folha Popular","description":"Onde voc\u00ea tem vez e voz","potentialAction":[{"@type":"SearchAction","target":{"@type":"EntryPoint","urlTemplate":"https:\/\/folhapopular.info\/?s={search_term_string}"},"query-input":{"@type":"PropertyValueSpecification","valueRequired":true,"valueName":"search_term_string"}}],"inLanguage":"pt-BR"},{"@type":"Person","@id":"https:\/\/folhapopular.info\/#\/schema\/person\/2814e8a0df7643585a9ca38bc6eb9d4b","name":"Reda\u00e7\u00e3o Folha Popular","image":{"@type":"ImageObject","inLanguage":"pt-BR","@id":"https:\/\/folhapopular.info\/wp-content\/uploads\/2026\/04\/Folha-1.webp","url":"https:\/\/folhapopular.info\/wp-content\/uploads\/2026\/04\/Folha-1.webp","contentUrl":"https:\/\/folhapopular.info\/wp-content\/uploads\/2026\/04\/Folha-1.webp","caption":"Reda\u00e7\u00e3o Folha Popular"},"url":"https:\/\/folhapopular.info\/index.php\/author\/redacao\/"}]}},"jetpack_featured_media_url":"https:\/\/folhapopular.info\/wp-content\/uploads\/2024\/11\/brasileiro-sub-16-9-JORNAL-e1730744931257.jpeg","jetpack_sharing_enabled":true,"amp_enabled":true,"_links":{"self":[{"href":"https:\/\/folhapopular.info\/index.php\/wp-json\/wp\/v2\/posts\/173769","targetHints":{"allow":["GET"]}}],"collection":[{"href":"https:\/\/folhapopular.info\/index.php\/wp-json\/wp\/v2\/posts"}],"about":[{"href":"https:\/\/folhapopular.info\/index.php\/wp-json\/wp\/v2\/types\/post"}],"author":[{"embeddable":true,"href":"https:\/\/folhapopular.info\/index.php\/wp-json\/wp\/v2\/users\/8"}],"replies":[{"embeddable":true,"href":"https:\/\/folhapopular.info\/index.php\/wp-json\/wp\/v2\/comments?post=173769"}],"version-history":[{"count":0,"href":"https:\/\/folhapopular.info\/index.php\/wp-json\/wp\/v2\/posts\/173769\/revisions"}],"wp:featuredmedia":[{"embeddable":true,"href":"https:\/\/folhapopular.info\/index.php\/wp-json\/wp\/v2\/media\/173770"}],"wp:attachment":[{"href":"https:\/\/folhapopular.info\/index.php\/wp-json\/wp\/v2\/media?parent=173769"}],"wp:term":[{"taxonomy":"category","embeddable":true,"href":"https:\/\/folhapopular.info\/index.php\/wp-json\/wp\/v2\/categories?post=173769"},{"taxonomy":"post_tag","embeddable":true,"href":"https:\/\/folhapopular.info\/index.php\/wp-json\/wp\/v2\/tags?post=173769"}],"curies":[{"name":"wp","href":"https:\/\/api.w.org\/{rel}","templated":true}]}}