{"id":173776,"date":"2024-11-04T15:49:15","date_gmt":"2024-11-04T18:49:15","guid":{"rendered":"https:\/\/folhapopular.info\/?p=173776"},"modified":"2024-11-04T15:49:18","modified_gmt":"2024-11-04T18:49:18","slug":"fecomercio-rs-participa-do-health-meeting-2024","status":"publish","type":"post","link":"https:\/\/folhapopular.info\/index.php\/2024\/11\/04\/fecomercio-rs-participa-do-health-meeting-2024\/","title":{"rendered":"Fecom\u00e9rcio-RS participa do Health Meeting 2024"},"content":{"rendered":"\n<p>Nos dias 11, 12 e 13 de novembro, o Sistema Fecom\u00e9rcio-RS\/Sesc\/Senac estar\u00e1 presente, com atividades gratuitas e abertas ao p\u00fablico em geral, na <em>Health Meeting \u2013 Business &amp; Innovation<\/em>, a primeira feira internacional de sa\u00fade da regi\u00e3o sul do Brasil. O evento, que ocorre das 10h \u00e0s 19h na PUC-RS, \u00e9 uma oportunidade para adquirir conhecimento, gerar neg\u00f3cios e explorar as \u00faltimas inova\u00e7\u00f5es tecnol\u00f3gicas no setor de sa\u00fade.<\/p>\n\n\n\n<p>O Senac-RS contar\u00e1 com uma programa\u00e7\u00e3o interativa e inovadora, incluindo simula\u00e7\u00f5es de envelhecimento, com <em>flipchart<\/em> interativo, imers\u00e3o em cen\u00e1rios cl\u00ednicos com metaverso, treinamento de reanima\u00e7\u00e3o cardiopulmonar (RCP) com bonecos e um campeonato de RCP em formato de game. Al\u00e9m disso, haver\u00e1 tamb\u00e9m exibi\u00e7\u00e3o de v\u00eddeos com pr\u00e1ticas educativas da institui\u00e7\u00e3o e divulga\u00e7\u00e3o de forma\u00e7\u00f5es profissionais.<\/p>\n\n\n\n<p>Paralelamente, o Sesc\/RS promover\u00e1 atividades focadas no bem-estar e na sa\u00fade preventiva, com experi\u00eancias para pessoas idosas, atividades de estimula\u00e7\u00e3o cognitiva, divulga\u00e7\u00e3o de campanhas de sa\u00fade e apresenta\u00e7\u00e3o das plataformas \u201cCrescendo com Sa\u00fade\u201d e \u201cLevemente\u201d.<\/p>\n\n\n\n<p><strong>Sobre a feira:<\/strong><\/p>\n\n\n\n<p>A <em>Health Meeting \u2013 Business &amp; Innovation<\/em> tem como objetivo fortalecer o setor da sa\u00fade atrav\u00e9s da promo\u00e7\u00e3o de conhecimento e acesso \u00e0s tecnologias mais recentes. O evento \u00e9 direcionado a executivos e gestores de hospitais e cl\u00ednicas, m\u00e9dicos, enfermeiros e demais profissionais e empres\u00e1rios da \u00e1rea da sa\u00fade,<\/p>\n","protected":false},"excerpt":{"rendered":"<p>Nos dias 11, 12 e 13 de novembro, o Sistema Fecom\u00e9rcio-RS\/Sesc\/Senac estar\u00e1 presente, com atividades gratuitas e abertas ao p\u00fablico em geral, na Health Meeting \u2013 Business &amp; Innovation, a primeira feira internacional de sa\u00fade da regi\u00e3o sul do Brasil. O evento, que ocorre das 10h \u00e0s 19h na PUC-RS, \u00e9 uma oportunidade para adquirir [&hellip;]<\/p>\n","protected":false},"author":8,"featured_media":164591,"comment_status":"open","ping_status":"open","sticky":false,"template":"","format":"standard","meta":{"pmpro_default_level":"","_jetpack_memberships_contains_paid_content":false,"footnotes":""},"categories":[10991],"tags":[746,11432,16863],"class_list":{"0":"post-173776","1":"post","2":"type-post","3":"status-publish","4":"format-standard","5":"has-post-thumbnail","7":"category-economia","8":"tag-economia","9":"tag-fecomercio-rs","10":"tag-health-meeting-2024","11":"pmpro-has-access"},"yoast_head":"<!-- This site is optimized with the Yoast SEO plugin v27.5 - https:\/\/yoast.com\/product\/yoast-seo-wordpress\/ -->\n<title>Fecom\u00e9rcio-RS participa do Health Meeting 2024 - Folha Popular<\/title>\n<meta name=\"robots\" content=\"index, follow, max-snippet:-1, max-image-preview:large, max-video-preview:-1\" \/>\n<link rel=\"canonical\" href=\"https:\/\/folhapopular.info\/index.php\/2024\/11\/04\/fecomercio-rs-participa-do-health-meeting-2024\/\" \/>\n<meta property=\"og:locale\" content=\"pt_BR\" \/>\n<meta property=\"og:type\" content=\"article\" \/>\n<meta property=\"og:title\" content=\"Fecom\u00e9rcio-RS participa do Health Meeting 2024 - Folha Popular\" \/>\n<meta property=\"og:description\" content=\"Nos dias 11, 12 e 13 de novembro, o Sistema Fecom\u00e9rcio-RS\/Sesc\/Senac estar\u00e1 presente, com atividades gratuitas e abertas ao p\u00fablico em geral, na Health Meeting \u2013 Business &amp; Innovation, a primeira feira internacional de sa\u00fade da regi\u00e3o sul do Brasil. O evento, que ocorre das 10h \u00e0s 19h na PUC-RS, \u00e9 uma oportunidade para adquirir [&hellip;]\" \/>\n<meta property=\"og:url\" content=\"https:\/\/folhapopular.info\/index.php\/2024\/11\/04\/fecomercio-rs-participa-do-health-meeting-2024\/\" \/>\n<meta property=\"og:site_name\" content=\"Folha Popular\" \/>\n<meta property=\"article:published_time\" content=\"2024-11-04T18:49:15+00:00\" \/>\n<meta property=\"article:modified_time\" content=\"2024-11-04T18:49:18+00:00\" \/>\n<meta property=\"og:image\" content=\"http:\/\/folhapopular.info\/wp-content\/uploads\/2024\/07\/Nova-sede-da-Fecomercio-RS-Credito-Carlos-Macedo-750x430-1.jpg\" \/>\n\t<meta property=\"og:image:width\" content=\"750\" \/>\n\t<meta property=\"og:image:height\" content=\"430\" \/>\n\t<meta property=\"og:image:type\" content=\"image\/jpeg\" \/>\n<meta name=\"author\" content=\"Reda\u00e7\u00e3o Folha Popular\" \/>\n<meta name=\"twitter:card\" content=\"summary_large_image\" \/>\n<meta name=\"twitter:label1\" content=\"Escrito por\" \/>\n\t<meta name=\"twitter:data1\" content=\"Reda\u00e7\u00e3o Folha Popular\" \/>\n\t<meta name=\"twitter:label2\" content=\"Est. tempo de leitura\" \/>\n\t<meta name=\"twitter:data2\" content=\"2 minutos\" \/>\n<script type=\"application\/ld+json\" class=\"yoast-schema-graph\">{\"@context\":\"https:\\\/\\\/schema.org\",\"@graph\":[{\"@type\":\"Article\",\"@id\":\"https:\\\/\\\/folhapopular.info\\\/index.php\\\/2024\\\/11\\\/04\\\/fecomercio-rs-participa-do-health-meeting-2024\\\/#article\",\"isPartOf\":{\"@id\":\"https:\\\/\\\/folhapopular.info\\\/index.php\\\/2024\\\/11\\\/04\\\/fecomercio-rs-participa-do-health-meeting-2024\\\/\"},\"author\":{\"name\":\"Reda\u00e7\u00e3o Folha Popular\",\"@id\":\"https:\\\/\\\/folhapopular.info\\\/#\\\/schema\\\/person\\\/2814e8a0df7643585a9ca38bc6eb9d4b\"},\"headline\":\"Fecom\u00e9rcio-RS participa do Health Meeting 2024\",\"datePublished\":\"2024-11-04T18:49:15+00:00\",\"dateModified\":\"2024-11-04T18:49:18+00:00\",\"mainEntityOfPage\":{\"@id\":\"https:\\\/\\\/folhapopular.info\\\/index.php\\\/2024\\\/11\\\/04\\\/fecomercio-rs-participa-do-health-meeting-2024\\\/\"},\"wordCount\":248,\"commentCount\":0,\"image\":{\"@id\":\"https:\\\/\\\/folhapopular.info\\\/index.php\\\/2024\\\/11\\\/04\\\/fecomercio-rs-participa-do-health-meeting-2024\\\/#primaryimage\"},\"thumbnailUrl\":\"https:\\\/\\\/folhapopular.info\\\/wp-content\\\/uploads\\\/2024\\\/07\\\/Nova-sede-da-Fecomercio-RS-Credito-Carlos-Macedo-750x430-1.jpg\",\"keywords\":[\"Economia\",\"fecom\u00e9rcio-rs\",\"Health Meeting 2024\"],\"articleSection\":[\"Economia\"],\"inLanguage\":\"pt-BR\",\"potentialAction\":[{\"@type\":\"CommentAction\",\"name\":\"Comment\",\"target\":[\"https:\\\/\\\/folhapopular.info\\\/index.php\\\/2024\\\/11\\\/04\\\/fecomercio-rs-participa-do-health-meeting-2024\\\/#respond\"]}]},{\"@type\":\"WebPage\",\"@id\":\"https:\\\/\\\/folhapopular.info\\\/index.php\\\/2024\\\/11\\\/04\\\/fecomercio-rs-participa-do-health-meeting-2024\\\/\",\"url\":\"https:\\\/\\\/folhapopular.info\\\/index.php\\\/2024\\\/11\\\/04\\\/fecomercio-rs-participa-do-health-meeting-2024\\\/\",\"name\":\"Fecom\u00e9rcio-RS participa do Health Meeting 2024 - Folha Popular\",\"isPartOf\":{\"@id\":\"https:\\\/\\\/folhapopular.info\\\/#website\"},\"primaryImageOfPage\":{\"@id\":\"https:\\\/\\\/folhapopular.info\\\/index.php\\\/2024\\\/11\\\/04\\\/fecomercio-rs-participa-do-health-meeting-2024\\\/#primaryimage\"},\"image\":{\"@id\":\"https:\\\/\\\/folhapopular.info\\\/index.php\\\/2024\\\/11\\\/04\\\/fecomercio-rs-participa-do-health-meeting-2024\\\/#primaryimage\"},\"thumbnailUrl\":\"https:\\\/\\\/folhapopular.info\\\/wp-content\\\/uploads\\\/2024\\\/07\\\/Nova-sede-da-Fecomercio-RS-Credito-Carlos-Macedo-750x430-1.jpg\",\"datePublished\":\"2024-11-04T18:49:15+00:00\",\"dateModified\":\"2024-11-04T18:49:18+00:00\",\"author\":{\"@id\":\"https:\\\/\\\/folhapopular.info\\\/#\\\/schema\\\/person\\\/2814e8a0df7643585a9ca38bc6eb9d4b\"},\"breadcrumb\":{\"@id\":\"https:\\\/\\\/folhapopular.info\\\/index.php\\\/2024\\\/11\\\/04\\\/fecomercio-rs-participa-do-health-meeting-2024\\\/#breadcrumb\"},\"inLanguage\":\"pt-BR\",\"potentialAction\":[{\"@type\":\"ReadAction\",\"target\":[\"https:\\\/\\\/folhapopular.info\\\/index.php\\\/2024\\\/11\\\/04\\\/fecomercio-rs-participa-do-health-meeting-2024\\\/\"]}]},{\"@type\":\"ImageObject\",\"inLanguage\":\"pt-BR\",\"@id\":\"https:\\\/\\\/folhapopular.info\\\/index.php\\\/2024\\\/11\\\/04\\\/fecomercio-rs-participa-do-health-meeting-2024\\\/#primaryimage\",\"url\":\"https:\\\/\\\/folhapopular.info\\\/wp-content\\\/uploads\\\/2024\\\/07\\\/Nova-sede-da-Fecomercio-RS-Credito-Carlos-Macedo-750x430-1.jpg\",\"contentUrl\":\"https:\\\/\\\/folhapopular.info\\\/wp-content\\\/uploads\\\/2024\\\/07\\\/Nova-sede-da-Fecomercio-RS-Credito-Carlos-Macedo-750x430-1.jpg\",\"width\":750,\"height\":430,\"caption\":\"Cr\u00e9dito: Carlos Macedo \\\/ Divulga\u00e7\u00e3o\"},{\"@type\":\"BreadcrumbList\",\"@id\":\"https:\\\/\\\/folhapopular.info\\\/index.php\\\/2024\\\/11\\\/04\\\/fecomercio-rs-participa-do-health-meeting-2024\\\/#breadcrumb\",\"itemListElement\":[{\"@type\":\"ListItem\",\"position\":1,\"name\":\"In\u00edcio\",\"item\":\"https:\\\/\\\/folhapopular.info\\\/\"},{\"@type\":\"ListItem\",\"position\":2,\"name\":\"Fecom\u00e9rcio-RS participa do Health Meeting 2024\"}]},{\"@type\":\"WebSite\",\"@id\":\"https:\\\/\\\/folhapopular.info\\\/#website\",\"url\":\"https:\\\/\\\/folhapopular.info\\\/\",\"name\":\"Folha Popular\",\"description\":\"Onde voc\u00ea tem vez e voz\",\"potentialAction\":[{\"@type\":\"SearchAction\",\"target\":{\"@type\":\"EntryPoint\",\"urlTemplate\":\"https:\\\/\\\/folhapopular.info\\\/?s={search_term_string}\"},\"query-input\":{\"@type\":\"PropertyValueSpecification\",\"valueRequired\":true,\"valueName\":\"search_term_string\"}}],\"inLanguage\":\"pt-BR\"},{\"@type\":\"Person\",\"@id\":\"https:\\\/\\\/folhapopular.info\\\/#\\\/schema\\\/person\\\/2814e8a0df7643585a9ca38bc6eb9d4b\",\"name\":\"Reda\u00e7\u00e3o Folha Popular\",\"image\":{\"@type\":\"ImageObject\",\"inLanguage\":\"pt-BR\",\"@id\":\"https:\\\/\\\/folhapopular.info\\\/wp-content\\\/uploads\\\/2026\\\/04\\\/Folha-1.webp\",\"url\":\"https:\\\/\\\/folhapopular.info\\\/wp-content\\\/uploads\\\/2026\\\/04\\\/Folha-1.webp\",\"contentUrl\":\"https:\\\/\\\/folhapopular.info\\\/wp-content\\\/uploads\\\/2026\\\/04\\\/Folha-1.webp\",\"caption\":\"Reda\u00e7\u00e3o Folha Popular\"},\"url\":\"https:\\\/\\\/folhapopular.info\\\/index.php\\\/author\\\/redacao\\\/\"}]}<\/script>\n<!-- \/ Yoast SEO plugin. -->","yoast_head_json":{"title":"Fecom\u00e9rcio-RS participa do Health Meeting 2024 - Folha Popular","robots":{"index":"index","follow":"follow","max-snippet":"max-snippet:-1","max-image-preview":"max-image-preview:large","max-video-preview":"max-video-preview:-1"},"canonical":"https:\/\/folhapopular.info\/index.php\/2024\/11\/04\/fecomercio-rs-participa-do-health-meeting-2024\/","og_locale":"pt_BR","og_type":"article","og_title":"Fecom\u00e9rcio-RS participa do Health Meeting 2024 - Folha Popular","og_description":"Nos dias 11, 12 e 13 de novembro, o Sistema Fecom\u00e9rcio-RS\/Sesc\/Senac estar\u00e1 presente, com atividades gratuitas e abertas ao p\u00fablico em geral, na Health Meeting \u2013 Business &amp; Innovation, a primeira feira internacional de sa\u00fade da regi\u00e3o sul do Brasil. O evento, que ocorre das 10h \u00e0s 19h na PUC-RS, \u00e9 uma oportunidade para adquirir [&hellip;]","og_url":"https:\/\/folhapopular.info\/index.php\/2024\/11\/04\/fecomercio-rs-participa-do-health-meeting-2024\/","og_site_name":"Folha Popular","article_published_time":"2024-11-04T18:49:15+00:00","article_modified_time":"2024-11-04T18:49:18+00:00","og_image":[{"width":750,"height":430,"url":"http:\/\/folhapopular.info\/wp-content\/uploads\/2024\/07\/Nova-sede-da-Fecomercio-RS-Credito-Carlos-Macedo-750x430-1.jpg","type":"image\/jpeg"}],"author":"Reda\u00e7\u00e3o Folha Popular","twitter_card":"summary_large_image","twitter_misc":{"Escrito por":"Reda\u00e7\u00e3o Folha Popular","Est. tempo de leitura":"2 minutos"},"schema":{"@context":"https:\/\/schema.org","@graph":[{"@type":"Article","@id":"https:\/\/folhapopular.info\/index.php\/2024\/11\/04\/fecomercio-rs-participa-do-health-meeting-2024\/#article","isPartOf":{"@id":"https:\/\/folhapopular.info\/index.php\/2024\/11\/04\/fecomercio-rs-participa-do-health-meeting-2024\/"},"author":{"name":"Reda\u00e7\u00e3o Folha Popular","@id":"https:\/\/folhapopular.info\/#\/schema\/person\/2814e8a0df7643585a9ca38bc6eb9d4b"},"headline":"Fecom\u00e9rcio-RS participa do Health Meeting 2024","datePublished":"2024-11-04T18:49:15+00:00","dateModified":"2024-11-04T18:49:18+00:00","mainEntityOfPage":{"@id":"https:\/\/folhapopular.info\/index.php\/2024\/11\/04\/fecomercio-rs-participa-do-health-meeting-2024\/"},"wordCount":248,"commentCount":0,"image":{"@id":"https:\/\/folhapopular.info\/index.php\/2024\/11\/04\/fecomercio-rs-participa-do-health-meeting-2024\/#primaryimage"},"thumbnailUrl":"https:\/\/folhapopular.info\/wp-content\/uploads\/2024\/07\/Nova-sede-da-Fecomercio-RS-Credito-Carlos-Macedo-750x430-1.jpg","keywords":["Economia","fecom\u00e9rcio-rs","Health Meeting 2024"],"articleSection":["Economia"],"inLanguage":"pt-BR","potentialAction":[{"@type":"CommentAction","name":"Comment","target":["https:\/\/folhapopular.info\/index.php\/2024\/11\/04\/fecomercio-rs-participa-do-health-meeting-2024\/#respond"]}]},{"@type":"WebPage","@id":"https:\/\/folhapopular.info\/index.php\/2024\/11\/04\/fecomercio-rs-participa-do-health-meeting-2024\/","url":"https:\/\/folhapopular.info\/index.php\/2024\/11\/04\/fecomercio-rs-participa-do-health-meeting-2024\/","name":"Fecom\u00e9rcio-RS participa do Health Meeting 2024 - Folha Popular","isPartOf":{"@id":"https:\/\/folhapopular.info\/#website"},"primaryImageOfPage":{"@id":"https:\/\/folhapopular.info\/index.php\/2024\/11\/04\/fecomercio-rs-participa-do-health-meeting-2024\/#primaryimage"},"image":{"@id":"https:\/\/folhapopular.info\/index.php\/2024\/11\/04\/fecomercio-rs-participa-do-health-meeting-2024\/#primaryimage"},"thumbnailUrl":"https:\/\/folhapopular.info\/wp-content\/uploads\/2024\/07\/Nova-sede-da-Fecomercio-RS-Credito-Carlos-Macedo-750x430-1.jpg","datePublished":"2024-11-04T18:49:15+00:00","dateModified":"2024-11-04T18:49:18+00:00","author":{"@id":"https:\/\/folhapopular.info\/#\/schema\/person\/2814e8a0df7643585a9ca38bc6eb9d4b"},"breadcrumb":{"@id":"https:\/\/folhapopular.info\/index.php\/2024\/11\/04\/fecomercio-rs-participa-do-health-meeting-2024\/#breadcrumb"},"inLanguage":"pt-BR","potentialAction":[{"@type":"ReadAction","target":["https:\/\/folhapopular.info\/index.php\/2024\/11\/04\/fecomercio-rs-participa-do-health-meeting-2024\/"]}]},{"@type":"ImageObject","inLanguage":"pt-BR","@id":"https:\/\/folhapopular.info\/index.php\/2024\/11\/04\/fecomercio-rs-participa-do-health-meeting-2024\/#primaryimage","url":"https:\/\/folhapopular.info\/wp-content\/uploads\/2024\/07\/Nova-sede-da-Fecomercio-RS-Credito-Carlos-Macedo-750x430-1.jpg","contentUrl":"https:\/\/folhapopular.info\/wp-content\/uploads\/2024\/07\/Nova-sede-da-Fecomercio-RS-Credito-Carlos-Macedo-750x430-1.jpg","width":750,"height":430,"caption":"Cr\u00e9dito: Carlos Macedo \/ Divulga\u00e7\u00e3o"},{"@type":"BreadcrumbList","@id":"https:\/\/folhapopular.info\/index.php\/2024\/11\/04\/fecomercio-rs-participa-do-health-meeting-2024\/#breadcrumb","itemListElement":[{"@type":"ListItem","position":1,"name":"In\u00edcio","item":"https:\/\/folhapopular.info\/"},{"@type":"ListItem","position":2,"name":"Fecom\u00e9rcio-RS participa do Health Meeting 2024"}]},{"@type":"WebSite","@id":"https:\/\/folhapopular.info\/#website","url":"https:\/\/folhapopular.info\/","name":"Folha Popular","description":"Onde voc\u00ea tem vez e voz","potentialAction":[{"@type":"SearchAction","target":{"@type":"EntryPoint","urlTemplate":"https:\/\/folhapopular.info\/?s={search_term_string}"},"query-input":{"@type":"PropertyValueSpecification","valueRequired":true,"valueName":"search_term_string"}}],"inLanguage":"pt-BR"},{"@type":"Person","@id":"https:\/\/folhapopular.info\/#\/schema\/person\/2814e8a0df7643585a9ca38bc6eb9d4b","name":"Reda\u00e7\u00e3o Folha Popular","image":{"@type":"ImageObject","inLanguage":"pt-BR","@id":"https:\/\/folhapopular.info\/wp-content\/uploads\/2026\/04\/Folha-1.webp","url":"https:\/\/folhapopular.info\/wp-content\/uploads\/2026\/04\/Folha-1.webp","contentUrl":"https:\/\/folhapopular.info\/wp-content\/uploads\/2026\/04\/Folha-1.webp","caption":"Reda\u00e7\u00e3o Folha Popular"},"url":"https:\/\/folhapopular.info\/index.php\/author\/redacao\/"}]}},"jetpack_featured_media_url":"https:\/\/folhapopular.info\/wp-content\/uploads\/2024\/07\/Nova-sede-da-Fecomercio-RS-Credito-Carlos-Macedo-750x430-1.jpg","jetpack_sharing_enabled":true,"amp_enabled":true,"_links":{"self":[{"href":"https:\/\/folhapopular.info\/index.php\/wp-json\/wp\/v2\/posts\/173776","targetHints":{"allow":["GET"]}}],"collection":[{"href":"https:\/\/folhapopular.info\/index.php\/wp-json\/wp\/v2\/posts"}],"about":[{"href":"https:\/\/folhapopular.info\/index.php\/wp-json\/wp\/v2\/types\/post"}],"author":[{"embeddable":true,"href":"https:\/\/folhapopular.info\/index.php\/wp-json\/wp\/v2\/users\/8"}],"replies":[{"embeddable":true,"href":"https:\/\/folhapopular.info\/index.php\/wp-json\/wp\/v2\/comments?post=173776"}],"version-history":[{"count":0,"href":"https:\/\/folhapopular.info\/index.php\/wp-json\/wp\/v2\/posts\/173776\/revisions"}],"wp:featuredmedia":[{"embeddable":true,"href":"https:\/\/folhapopular.info\/index.php\/wp-json\/wp\/v2\/media\/164591"}],"wp:attachment":[{"href":"https:\/\/folhapopular.info\/index.php\/wp-json\/wp\/v2\/media?parent=173776"}],"wp:term":[{"taxonomy":"category","embeddable":true,"href":"https:\/\/folhapopular.info\/index.php\/wp-json\/wp\/v2\/categories?post=173776"},{"taxonomy":"post_tag","embeddable":true,"href":"https:\/\/folhapopular.info\/index.php\/wp-json\/wp\/v2\/tags?post=173776"}],"curies":[{"name":"wp","href":"https:\/\/api.w.org\/{rel}","templated":true}]}}