{"id":173798,"date":"2024-11-05T08:54:03","date_gmt":"2024-11-05T11:54:03","guid":{"rendered":"https:\/\/folhapopular.info\/?p=173798"},"modified":"2024-11-05T08:54:06","modified_gmt":"2024-11-05T11:54:06","slug":"brigada-militar-realiza-duas-prisoes-por-furto-em-lajeado","status":"publish","type":"post","link":"https:\/\/folhapopular.info\/index.php\/2024\/11\/05\/brigada-militar-realiza-duas-prisoes-por-furto-em-lajeado\/","title":{"rendered":"Brigada Militar realiza duas pris\u00f5es por furto em Lajeado\u00a0"},"content":{"rendered":"\n<p>A Brigada Militar realizou duas pris\u00f5es por furto na tarde desta segunda-feira (4\/11) em Lajeado.<\/p>\n\n\n\n<p>Por volta das 16h, policiais militares receberam informa\u00e7\u00f5es de que um indiv\u00edduo estaria realizando furtos na \u00e1rea central da cidade.\u00a0<\/p>\n\n\n\n<p>Ap\u00f3s buscas, uma mulher com as caracter\u00edsticas repassadas foi localizada. Com ela haviam diversos produtos de higiene e beleza furtados.<\/p>\n\n\n\n<p>Durante a abordagem, a mulher de 31 anos confessou ter cometido o crime em uma farm\u00e1cia no centro de Lajeado. Ela foi presa em flagrante.&nbsp;<\/p>\n\n\n\n<p>Algumas horas depois, a equipe ROCAM realizou a pris\u00e3o de um homem por furto em um mercado tamb\u00e9m no centro de Lajeado. O homem encontrava-se detido pelos seguran\u00e7as do estabelecimento. Com ele foram encontradas diversas barras de chocolate.<\/p>\n","protected":false},"excerpt":{"rendered":"<p>A Brigada Militar realizou duas pris\u00f5es por furto na tarde desta segunda-feira (4\/11) em Lajeado. Por volta das 16h, policiais militares receberam informa\u00e7\u00f5es de que um indiv\u00edduo estaria realizando furtos na \u00e1rea central da cidade.\u00a0 Ap\u00f3s buscas, uma mulher com as caracter\u00edsticas repassadas foi localizada. Com ela haviam diversos produtos de higiene e beleza furtados. [&hellip;]<\/p>\n","protected":false},"author":8,"featured_media":173799,"comment_status":"open","ping_status":"open","sticky":false,"template":"","format":"standard","meta":{"pmpro_default_level":"","_jetpack_memberships_contains_paid_content":false,"footnotes":""},"categories":[10982,7],"tags":[],"class_list":{"0":"post-173798","1":"post","2":"type-post","3":"status-publish","4":"format-standard","5":"has-post-thumbnail","7":"category-policia","8":"category-seguranca","9":"pmpro-has-access"},"yoast_head":"<!-- This site is optimized with the Yoast SEO plugin v27.5 - https:\/\/yoast.com\/product\/yoast-seo-wordpress\/ -->\n<title>Brigada Militar realiza duas pris\u00f5es por furto em Lajeado\u00a0 - Folha Popular<\/title>\n<meta name=\"robots\" content=\"index, follow, max-snippet:-1, max-image-preview:large, max-video-preview:-1\" \/>\n<link rel=\"canonical\" href=\"https:\/\/folhapopular.info\/index.php\/2024\/11\/05\/brigada-militar-realiza-duas-prisoes-por-furto-em-lajeado\/\" \/>\n<meta property=\"og:locale\" content=\"pt_BR\" \/>\n<meta property=\"og:type\" content=\"article\" \/>\n<meta property=\"og:title\" content=\"Brigada Militar realiza duas pris\u00f5es por furto em Lajeado\u00a0 - Folha Popular\" \/>\n<meta property=\"og:description\" content=\"A Brigada Militar realizou duas pris\u00f5es por furto na tarde desta segunda-feira (4\/11) em Lajeado. Por volta das 16h, policiais militares receberam informa\u00e7\u00f5es de que um indiv\u00edduo estaria realizando furtos na \u00e1rea central da cidade.\u00a0 Ap\u00f3s buscas, uma mulher com as caracter\u00edsticas repassadas foi localizada. Com ela haviam diversos produtos de higiene e beleza furtados. [&hellip;]\" \/>\n<meta property=\"og:url\" content=\"https:\/\/folhapopular.info\/index.php\/2024\/11\/05\/brigada-militar-realiza-duas-prisoes-por-furto-em-lajeado\/\" \/>\n<meta property=\"og:site_name\" content=\"Folha Popular\" \/>\n<meta property=\"article:published_time\" content=\"2024-11-05T11:54:03+00:00\" \/>\n<meta property=\"article:modified_time\" content=\"2024-11-05T11:54:06+00:00\" \/>\n<meta property=\"og:image\" content=\"http:\/\/folhapopular.info\/wp-content\/uploads\/2024\/11\/WhatsApp-Image-2024-11-04-at-21.14.20.jpeg\" \/>\n\t<meta property=\"og:image:width\" content=\"927\" \/>\n\t<meta property=\"og:image:height\" content=\"717\" \/>\n\t<meta property=\"og:image:type\" content=\"image\/jpeg\" \/>\n<meta name=\"author\" content=\"Reda\u00e7\u00e3o Folha Popular\" \/>\n<meta name=\"twitter:card\" content=\"summary_large_image\" \/>\n<meta name=\"twitter:label1\" content=\"Escrito por\" \/>\n\t<meta name=\"twitter:data1\" content=\"Reda\u00e7\u00e3o Folha Popular\" \/>\n\t<meta name=\"twitter:label2\" content=\"Est. tempo de leitura\" \/>\n\t<meta name=\"twitter:data2\" content=\"1 minuto\" \/>\n<script type=\"application\/ld+json\" class=\"yoast-schema-graph\">{\"@context\":\"https:\\\/\\\/schema.org\",\"@graph\":[{\"@type\":\"Article\",\"@id\":\"https:\\\/\\\/folhapopular.info\\\/index.php\\\/2024\\\/11\\\/05\\\/brigada-militar-realiza-duas-prisoes-por-furto-em-lajeado\\\/#article\",\"isPartOf\":{\"@id\":\"https:\\\/\\\/folhapopular.info\\\/index.php\\\/2024\\\/11\\\/05\\\/brigada-militar-realiza-duas-prisoes-por-furto-em-lajeado\\\/\"},\"author\":{\"name\":\"Reda\u00e7\u00e3o Folha Popular\",\"@id\":\"https:\\\/\\\/folhapopular.info\\\/#\\\/schema\\\/person\\\/2814e8a0df7643585a9ca38bc6eb9d4b\"},\"headline\":\"Brigada Militar realiza duas pris\u00f5es por furto em Lajeado\u00a0\",\"datePublished\":\"2024-11-05T11:54:03+00:00\",\"dateModified\":\"2024-11-05T11:54:06+00:00\",\"mainEntityOfPage\":{\"@id\":\"https:\\\/\\\/folhapopular.info\\\/index.php\\\/2024\\\/11\\\/05\\\/brigada-militar-realiza-duas-prisoes-por-furto-em-lajeado\\\/\"},\"wordCount\":136,\"commentCount\":0,\"image\":{\"@id\":\"https:\\\/\\\/folhapopular.info\\\/index.php\\\/2024\\\/11\\\/05\\\/brigada-militar-realiza-duas-prisoes-por-furto-em-lajeado\\\/#primaryimage\"},\"thumbnailUrl\":\"https:\\\/\\\/folhapopular.info\\\/wp-content\\\/uploads\\\/2024\\\/11\\\/WhatsApp-Image-2024-11-04-at-21.14.20.jpeg\",\"articleSection\":[\"Pol\u00edcia\",\"Seguran\u00e7a\"],\"inLanguage\":\"pt-BR\",\"potentialAction\":[{\"@type\":\"CommentAction\",\"name\":\"Comment\",\"target\":[\"https:\\\/\\\/folhapopular.info\\\/index.php\\\/2024\\\/11\\\/05\\\/brigada-militar-realiza-duas-prisoes-por-furto-em-lajeado\\\/#respond\"]}]},{\"@type\":\"WebPage\",\"@id\":\"https:\\\/\\\/folhapopular.info\\\/index.php\\\/2024\\\/11\\\/05\\\/brigada-militar-realiza-duas-prisoes-por-furto-em-lajeado\\\/\",\"url\":\"https:\\\/\\\/folhapopular.info\\\/index.php\\\/2024\\\/11\\\/05\\\/brigada-militar-realiza-duas-prisoes-por-furto-em-lajeado\\\/\",\"name\":\"Brigada Militar realiza duas pris\u00f5es por furto em Lajeado\u00a0 - Folha Popular\",\"isPartOf\":{\"@id\":\"https:\\\/\\\/folhapopular.info\\\/#website\"},\"primaryImageOfPage\":{\"@id\":\"https:\\\/\\\/folhapopular.info\\\/index.php\\\/2024\\\/11\\\/05\\\/brigada-militar-realiza-duas-prisoes-por-furto-em-lajeado\\\/#primaryimage\"},\"image\":{\"@id\":\"https:\\\/\\\/folhapopular.info\\\/index.php\\\/2024\\\/11\\\/05\\\/brigada-militar-realiza-duas-prisoes-por-furto-em-lajeado\\\/#primaryimage\"},\"thumbnailUrl\":\"https:\\\/\\\/folhapopular.info\\\/wp-content\\\/uploads\\\/2024\\\/11\\\/WhatsApp-Image-2024-11-04-at-21.14.20.jpeg\",\"datePublished\":\"2024-11-05T11:54:03+00:00\",\"dateModified\":\"2024-11-05T11:54:06+00:00\",\"author\":{\"@id\":\"https:\\\/\\\/folhapopular.info\\\/#\\\/schema\\\/person\\\/2814e8a0df7643585a9ca38bc6eb9d4b\"},\"breadcrumb\":{\"@id\":\"https:\\\/\\\/folhapopular.info\\\/index.php\\\/2024\\\/11\\\/05\\\/brigada-militar-realiza-duas-prisoes-por-furto-em-lajeado\\\/#breadcrumb\"},\"inLanguage\":\"pt-BR\",\"potentialAction\":[{\"@type\":\"ReadAction\",\"target\":[\"https:\\\/\\\/folhapopular.info\\\/index.php\\\/2024\\\/11\\\/05\\\/brigada-militar-realiza-duas-prisoes-por-furto-em-lajeado\\\/\"]}]},{\"@type\":\"ImageObject\",\"inLanguage\":\"pt-BR\",\"@id\":\"https:\\\/\\\/folhapopular.info\\\/index.php\\\/2024\\\/11\\\/05\\\/brigada-militar-realiza-duas-prisoes-por-furto-em-lajeado\\\/#primaryimage\",\"url\":\"https:\\\/\\\/folhapopular.info\\\/wp-content\\\/uploads\\\/2024\\\/11\\\/WhatsApp-Image-2024-11-04-at-21.14.20.jpeg\",\"contentUrl\":\"https:\\\/\\\/folhapopular.info\\\/wp-content\\\/uploads\\\/2024\\\/11\\\/WhatsApp-Image-2024-11-04-at-21.14.20.jpeg\",\"width\":927,\"height\":717,\"caption\":\"Cr\u00e9dito: BM \\\/ Divulga\u00e7\u00e3o\"},{\"@type\":\"BreadcrumbList\",\"@id\":\"https:\\\/\\\/folhapopular.info\\\/index.php\\\/2024\\\/11\\\/05\\\/brigada-militar-realiza-duas-prisoes-por-furto-em-lajeado\\\/#breadcrumb\",\"itemListElement\":[{\"@type\":\"ListItem\",\"position\":1,\"name\":\"In\u00edcio\",\"item\":\"https:\\\/\\\/folhapopular.info\\\/\"},{\"@type\":\"ListItem\",\"position\":2,\"name\":\"Brigada Militar realiza duas pris\u00f5es por furto em Lajeado\u00a0\"}]},{\"@type\":\"WebSite\",\"@id\":\"https:\\\/\\\/folhapopular.info\\\/#website\",\"url\":\"https:\\\/\\\/folhapopular.info\\\/\",\"name\":\"Folha Popular\",\"description\":\"Onde voc\u00ea tem vez e voz\",\"potentialAction\":[{\"@type\":\"SearchAction\",\"target\":{\"@type\":\"EntryPoint\",\"urlTemplate\":\"https:\\\/\\\/folhapopular.info\\\/?s={search_term_string}\"},\"query-input\":{\"@type\":\"PropertyValueSpecification\",\"valueRequired\":true,\"valueName\":\"search_term_string\"}}],\"inLanguage\":\"pt-BR\"},{\"@type\":\"Person\",\"@id\":\"https:\\\/\\\/folhapopular.info\\\/#\\\/schema\\\/person\\\/2814e8a0df7643585a9ca38bc6eb9d4b\",\"name\":\"Reda\u00e7\u00e3o Folha Popular\",\"image\":{\"@type\":\"ImageObject\",\"inLanguage\":\"pt-BR\",\"@id\":\"https:\\\/\\\/folhapopular.info\\\/wp-content\\\/uploads\\\/2026\\\/04\\\/Folha-1.webp\",\"url\":\"https:\\\/\\\/folhapopular.info\\\/wp-content\\\/uploads\\\/2026\\\/04\\\/Folha-1.webp\",\"contentUrl\":\"https:\\\/\\\/folhapopular.info\\\/wp-content\\\/uploads\\\/2026\\\/04\\\/Folha-1.webp\",\"caption\":\"Reda\u00e7\u00e3o Folha Popular\"},\"url\":\"https:\\\/\\\/folhapopular.info\\\/index.php\\\/author\\\/redacao\\\/\"}]}<\/script>\n<!-- \/ Yoast SEO plugin. -->","yoast_head_json":{"title":"Brigada Militar realiza duas pris\u00f5es por furto em Lajeado\u00a0 - Folha Popular","robots":{"index":"index","follow":"follow","max-snippet":"max-snippet:-1","max-image-preview":"max-image-preview:large","max-video-preview":"max-video-preview:-1"},"canonical":"https:\/\/folhapopular.info\/index.php\/2024\/11\/05\/brigada-militar-realiza-duas-prisoes-por-furto-em-lajeado\/","og_locale":"pt_BR","og_type":"article","og_title":"Brigada Militar realiza duas pris\u00f5es por furto em Lajeado\u00a0 - Folha Popular","og_description":"A Brigada Militar realizou duas pris\u00f5es por furto na tarde desta segunda-feira (4\/11) em Lajeado. Por volta das 16h, policiais militares receberam informa\u00e7\u00f5es de que um indiv\u00edduo estaria realizando furtos na \u00e1rea central da cidade.\u00a0 Ap\u00f3s buscas, uma mulher com as caracter\u00edsticas repassadas foi localizada. Com ela haviam diversos produtos de higiene e beleza furtados. [&hellip;]","og_url":"https:\/\/folhapopular.info\/index.php\/2024\/11\/05\/brigada-militar-realiza-duas-prisoes-por-furto-em-lajeado\/","og_site_name":"Folha Popular","article_published_time":"2024-11-05T11:54:03+00:00","article_modified_time":"2024-11-05T11:54:06+00:00","og_image":[{"width":927,"height":717,"url":"http:\/\/folhapopular.info\/wp-content\/uploads\/2024\/11\/WhatsApp-Image-2024-11-04-at-21.14.20.jpeg","type":"image\/jpeg"}],"author":"Reda\u00e7\u00e3o Folha Popular","twitter_card":"summary_large_image","twitter_misc":{"Escrito por":"Reda\u00e7\u00e3o Folha Popular","Est. tempo de leitura":"1 minuto"},"schema":{"@context":"https:\/\/schema.org","@graph":[{"@type":"Article","@id":"https:\/\/folhapopular.info\/index.php\/2024\/11\/05\/brigada-militar-realiza-duas-prisoes-por-furto-em-lajeado\/#article","isPartOf":{"@id":"https:\/\/folhapopular.info\/index.php\/2024\/11\/05\/brigada-militar-realiza-duas-prisoes-por-furto-em-lajeado\/"},"author":{"name":"Reda\u00e7\u00e3o Folha Popular","@id":"https:\/\/folhapopular.info\/#\/schema\/person\/2814e8a0df7643585a9ca38bc6eb9d4b"},"headline":"Brigada Militar realiza duas pris\u00f5es por furto em Lajeado\u00a0","datePublished":"2024-11-05T11:54:03+00:00","dateModified":"2024-11-05T11:54:06+00:00","mainEntityOfPage":{"@id":"https:\/\/folhapopular.info\/index.php\/2024\/11\/05\/brigada-militar-realiza-duas-prisoes-por-furto-em-lajeado\/"},"wordCount":136,"commentCount":0,"image":{"@id":"https:\/\/folhapopular.info\/index.php\/2024\/11\/05\/brigada-militar-realiza-duas-prisoes-por-furto-em-lajeado\/#primaryimage"},"thumbnailUrl":"https:\/\/folhapopular.info\/wp-content\/uploads\/2024\/11\/WhatsApp-Image-2024-11-04-at-21.14.20.jpeg","articleSection":["Pol\u00edcia","Seguran\u00e7a"],"inLanguage":"pt-BR","potentialAction":[{"@type":"CommentAction","name":"Comment","target":["https:\/\/folhapopular.info\/index.php\/2024\/11\/05\/brigada-militar-realiza-duas-prisoes-por-furto-em-lajeado\/#respond"]}]},{"@type":"WebPage","@id":"https:\/\/folhapopular.info\/index.php\/2024\/11\/05\/brigada-militar-realiza-duas-prisoes-por-furto-em-lajeado\/","url":"https:\/\/folhapopular.info\/index.php\/2024\/11\/05\/brigada-militar-realiza-duas-prisoes-por-furto-em-lajeado\/","name":"Brigada Militar realiza duas pris\u00f5es por furto em Lajeado\u00a0 - Folha Popular","isPartOf":{"@id":"https:\/\/folhapopular.info\/#website"},"primaryImageOfPage":{"@id":"https:\/\/folhapopular.info\/index.php\/2024\/11\/05\/brigada-militar-realiza-duas-prisoes-por-furto-em-lajeado\/#primaryimage"},"image":{"@id":"https:\/\/folhapopular.info\/index.php\/2024\/11\/05\/brigada-militar-realiza-duas-prisoes-por-furto-em-lajeado\/#primaryimage"},"thumbnailUrl":"https:\/\/folhapopular.info\/wp-content\/uploads\/2024\/11\/WhatsApp-Image-2024-11-04-at-21.14.20.jpeg","datePublished":"2024-11-05T11:54:03+00:00","dateModified":"2024-11-05T11:54:06+00:00","author":{"@id":"https:\/\/folhapopular.info\/#\/schema\/person\/2814e8a0df7643585a9ca38bc6eb9d4b"},"breadcrumb":{"@id":"https:\/\/folhapopular.info\/index.php\/2024\/11\/05\/brigada-militar-realiza-duas-prisoes-por-furto-em-lajeado\/#breadcrumb"},"inLanguage":"pt-BR","potentialAction":[{"@type":"ReadAction","target":["https:\/\/folhapopular.info\/index.php\/2024\/11\/05\/brigada-militar-realiza-duas-prisoes-por-furto-em-lajeado\/"]}]},{"@type":"ImageObject","inLanguage":"pt-BR","@id":"https:\/\/folhapopular.info\/index.php\/2024\/11\/05\/brigada-militar-realiza-duas-prisoes-por-furto-em-lajeado\/#primaryimage","url":"https:\/\/folhapopular.info\/wp-content\/uploads\/2024\/11\/WhatsApp-Image-2024-11-04-at-21.14.20.jpeg","contentUrl":"https:\/\/folhapopular.info\/wp-content\/uploads\/2024\/11\/WhatsApp-Image-2024-11-04-at-21.14.20.jpeg","width":927,"height":717,"caption":"Cr\u00e9dito: BM \/ Divulga\u00e7\u00e3o"},{"@type":"BreadcrumbList","@id":"https:\/\/folhapopular.info\/index.php\/2024\/11\/05\/brigada-militar-realiza-duas-prisoes-por-furto-em-lajeado\/#breadcrumb","itemListElement":[{"@type":"ListItem","position":1,"name":"In\u00edcio","item":"https:\/\/folhapopular.info\/"},{"@type":"ListItem","position":2,"name":"Brigada Militar realiza duas pris\u00f5es por furto em Lajeado\u00a0"}]},{"@type":"WebSite","@id":"https:\/\/folhapopular.info\/#website","url":"https:\/\/folhapopular.info\/","name":"Folha Popular","description":"Onde voc\u00ea tem vez e voz","potentialAction":[{"@type":"SearchAction","target":{"@type":"EntryPoint","urlTemplate":"https:\/\/folhapopular.info\/?s={search_term_string}"},"query-input":{"@type":"PropertyValueSpecification","valueRequired":true,"valueName":"search_term_string"}}],"inLanguage":"pt-BR"},{"@type":"Person","@id":"https:\/\/folhapopular.info\/#\/schema\/person\/2814e8a0df7643585a9ca38bc6eb9d4b","name":"Reda\u00e7\u00e3o Folha Popular","image":{"@type":"ImageObject","inLanguage":"pt-BR","@id":"https:\/\/folhapopular.info\/wp-content\/uploads\/2026\/04\/Folha-1.webp","url":"https:\/\/folhapopular.info\/wp-content\/uploads\/2026\/04\/Folha-1.webp","contentUrl":"https:\/\/folhapopular.info\/wp-content\/uploads\/2026\/04\/Folha-1.webp","caption":"Reda\u00e7\u00e3o Folha Popular"},"url":"https:\/\/folhapopular.info\/index.php\/author\/redacao\/"}]}},"jetpack_featured_media_url":"https:\/\/folhapopular.info\/wp-content\/uploads\/2024\/11\/WhatsApp-Image-2024-11-04-at-21.14.20.jpeg","jetpack_sharing_enabled":true,"amp_enabled":true,"_links":{"self":[{"href":"https:\/\/folhapopular.info\/index.php\/wp-json\/wp\/v2\/posts\/173798","targetHints":{"allow":["GET"]}}],"collection":[{"href":"https:\/\/folhapopular.info\/index.php\/wp-json\/wp\/v2\/posts"}],"about":[{"href":"https:\/\/folhapopular.info\/index.php\/wp-json\/wp\/v2\/types\/post"}],"author":[{"embeddable":true,"href":"https:\/\/folhapopular.info\/index.php\/wp-json\/wp\/v2\/users\/8"}],"replies":[{"embeddable":true,"href":"https:\/\/folhapopular.info\/index.php\/wp-json\/wp\/v2\/comments?post=173798"}],"version-history":[{"count":0,"href":"https:\/\/folhapopular.info\/index.php\/wp-json\/wp\/v2\/posts\/173798\/revisions"}],"wp:featuredmedia":[{"embeddable":true,"href":"https:\/\/folhapopular.info\/index.php\/wp-json\/wp\/v2\/media\/173799"}],"wp:attachment":[{"href":"https:\/\/folhapopular.info\/index.php\/wp-json\/wp\/v2\/media?parent=173798"}],"wp:term":[{"taxonomy":"category","embeddable":true,"href":"https:\/\/folhapopular.info\/index.php\/wp-json\/wp\/v2\/categories?post=173798"},{"taxonomy":"post_tag","embeddable":true,"href":"https:\/\/folhapopular.info\/index.php\/wp-json\/wp\/v2\/tags?post=173798"}],"curies":[{"name":"wp","href":"https:\/\/api.w.org\/{rel}","templated":true}]}}