{"id":173899,"date":"2024-11-06T13:00:00","date_gmt":"2024-11-06T16:00:00","guid":{"rendered":"https:\/\/folhapopular.info\/?p=173899"},"modified":"2024-11-06T08:48:28","modified_gmt":"2024-11-06T11:48:28","slug":"consequencias-no-interior-serao-sentidas-em-2025-diz-presidente-do-str-de-estrela","status":"publish","type":"post","link":"https:\/\/folhapopular.info\/index.php\/2024\/11\/06\/consequencias-no-interior-serao-sentidas-em-2025-diz-presidente-do-str-de-estrela\/","title":{"rendered":"Consequ\u00eancias no interior ser\u00e3o sentidas em 2025, diz presidente do STR de Estrela"},"content":{"rendered":"\n<p>As enchentes que afetaram Estrela ainda causam perdas significativas, e os efeitos econ\u00f4micos do desastre devem ser mais intensos a partir de 2025. Sem poder plantar a nova safra e com a produ\u00e7\u00e3o de leite drasticamente reduzida, os agricultores enfrentam dificuldades financeiras e buscam alternativas para manter as rendas, segundo Rog\u00e9rio Heemann, presidente do Sindicato dos Trabalhadores Rurais (STR) do munic\u00edpio.<\/p>\n\n\n\n<p>Um levantamento feito em parceria com a Secretaria de Agricultura, Emater e STR somou um total de R$ 9,2 milh\u00f5es em perdas de animais, lavouras, materiais, insumos e recupera\u00e7\u00e3o de estradas. \u201cEm abril, t\u00ednhamos uma produ\u00e7\u00e3o de 10 mil litros de leite em Arroio do Ouro, e hoje praticamente n\u00e3o h\u00e1 mais nada. O munic\u00edpio tamb\u00e9m vai sentir o impacto na arrecada\u00e7\u00e3o. A agricultura \u00e9 hoje a maior fonte de retorno de ICMS, e o impacto ser\u00e1 significativo, pode ter certeza\u201d, explica Heemann.<\/p>\n\n\n\n<p>Ele tamb\u00e9m aponta que muitos produtores, especialmente aqueles que antes se dedicavam \u00e0 pecu\u00e1ria leiteira, est\u00e3o migrando para atividades como o cultivo de gr\u00e3os, buscando diversificar a produ\u00e7\u00e3o para minimizar os preju\u00edzos. No entanto, o apoio do Governo Federal tem sido limitado.<\/p>\n\n\n\n<p>Heemann defende uma anistia total das d\u00edvidas dos agricultores atingidos, em vez de apenas prorroga\u00e7\u00f5es ou descontos parciais. \u201cPara quem perdeu tudo, os benef\u00edcios oferecidos n\u00e3o s\u00e3o suficientes\u201d, comenta, acrescentando que a Federa\u00e7\u00e3o dos Trabalhadores na Agricultura no Rio Grande do Sul (Fetag) negocia melhores condi\u00e7\u00f5es com o governo em Bras\u00edlia. \u201cComo o produtor vai investir e assumir novas d\u00edvidas se j\u00e1 possui contas pendentes no banco?\u201d, questiona.<\/p>\n\n\n\n<p><strong>Papel do STR e or\u00e7amento de 2024<\/strong><\/p>\n\n\n\n<p>Heemann refor\u00e7a o papel do STR em acompanhar e apoiar os produtores em momentos dif\u00edceis, oferecendo servi\u00e7os como o cadastramento do Imposto sobre a Propriedade Territorial Rural (ITR), encaminhamento de aposentadorias e assist\u00eancia com quest\u00f5es de fam\u00edlia. Al\u00e9m disso, o sindicato disponibiliza planos de sa\u00fade e acompanha os agricultores na supera\u00e7\u00e3o de desafios recentes, como a crise da Cooperativa Languiru. \u201cEstamos sempre ao lado do nosso agricultor para o que ele precisar\u201d, afirma.<\/p>\n\n\n\n<p>Para 2024, o or\u00e7amento do STR na \u00e1rea comercial \u00e9 de cerca de R$ 1,6 milh\u00e3o, enquanto o escrit\u00f3rio prev\u00ea um valor pr\u00f3ximo a R$ 2 milh\u00f5es. \u201c\u00c9 uma previs\u00e3o normal, mas temos muitos agricultores que perderam suas propriedades, animais e maquin\u00e1rio. Por isso, alguns pediram adiamento das mensalidades, mas assim que se estabilizarem, retomar\u00e3o os pagamentos e fortalecer\u00e3o o sindicato\u201d, completa Heemann.<\/p>\n\n\n\n<p><strong>Apoio do Senar<\/strong><\/p>\n\n\n\n<p>O Servi\u00e7o Nacional de Aprendizagem Rural (Senar) tamb\u00e9m tem oferecido aux\u00edlio importante aos agricultores, com um investimento superior a R$ 100 milh\u00f5es. A entidade contratou t\u00e9cnicos para acompanhar as \u00e1reas atingidas e disponibilizou maquin\u00e1rio para a limpeza das propriedades. Na primeira fase de ajuda, o Senar distribuiu cestas b\u00e1sicas, geladeiras, fog\u00f5es e materiais de limpeza.<\/p>\n\n\n\n<p>Al\u00e9m disso, foram realizadas coletas de solo para an\u00e1lise, avaliando a acidez e nutrientes, j\u00e1 que muitas terras ficaram cobertas de areia e lodo. O Senar tamb\u00e9m doou sementes de milho, distribuindo mais de 600 sacas recentemente.<\/p>\n\n\n\n<p><strong>Assembleia ordin\u00e1ria em novembro<\/strong><\/p>\n\n\n\n<p>O STR realizar\u00e1 em novembro sua assembleia ordin\u00e1ria, prevista em estatuto, para presta\u00e7\u00e3o de contas e planejamento or\u00e7ament\u00e1rio de 2025. Na reuni\u00e3o, os associados ser\u00e3o atualizados sobre as a\u00e7\u00f5es do sindicato e o impacto das enchentes, al\u00e9m de discutir quest\u00f5es como o valor da mensalidade da Unimed, entre outros pontos de interesse dos produtores.<\/p>\n","protected":false},"excerpt":{"rendered":"<p>As enchentes que afetaram Estrela ainda causam perdas significativas, e os efeitos econ\u00f4micos do desastre devem ser mais intensos a partir de 2025. Sem poder plantar a nova safra e com a produ\u00e7\u00e3o de leite drasticamente reduzida, os agricultores enfrentam dificuldades financeiras e buscam alternativas para manter as rendas, segundo Rog\u00e9rio Heemann, presidente do Sindicato [&hellip;]<\/p>\n","protected":false},"author":747,"featured_media":173900,"comment_status":"open","ping_status":"open","sticky":false,"template":"","format":"standard","meta":{"pmpro_default_level":"","_jetpack_memberships_contains_paid_content":false,"footnotes":""},"categories":[2,10991,10994],"tags":[206,8,370],"class_list":{"0":"post-173899","1":"post","2":"type-post","3":"status-publish","4":"format-standard","5":"has-post-thumbnail","7":"category-featured","8":"category-economia","9":"category-rural","10":"tag-enchentes","11":"tag-estrela","12":"tag-str","13":"pmpro-has-access"},"yoast_head":"<!-- This site is optimized with the Yoast SEO plugin v27.5 - https:\/\/yoast.com\/product\/yoast-seo-wordpress\/ -->\n<title>Consequ\u00eancias no interior ser\u00e3o sentidas em 2025, diz presidente do STR de Estrela - Folha Popular<\/title>\n<meta name=\"robots\" content=\"index, follow, max-snippet:-1, max-image-preview:large, max-video-preview:-1\" \/>\n<link rel=\"canonical\" href=\"https:\/\/folhapopular.info\/index.php\/2024\/11\/06\/consequencias-no-interior-serao-sentidas-em-2025-diz-presidente-do-str-de-estrela\/\" \/>\n<meta property=\"og:locale\" content=\"pt_BR\" \/>\n<meta property=\"og:type\" content=\"article\" \/>\n<meta property=\"og:title\" content=\"Consequ\u00eancias no interior ser\u00e3o sentidas em 2025, diz presidente do STR de Estrela - Folha Popular\" \/>\n<meta property=\"og:description\" content=\"As enchentes que afetaram Estrela ainda causam perdas significativas, e os efeitos econ\u00f4micos do desastre devem ser mais intensos a partir de 2025. Sem poder plantar a nova safra e com a produ\u00e7\u00e3o de leite drasticamente reduzida, os agricultores enfrentam dificuldades financeiras e buscam alternativas para manter as rendas, segundo Rog\u00e9rio Heemann, presidente do Sindicato [&hellip;]\" \/>\n<meta property=\"og:url\" content=\"https:\/\/folhapopular.info\/index.php\/2024\/11\/06\/consequencias-no-interior-serao-sentidas-em-2025-diz-presidente-do-str-de-estrela\/\" \/>\n<meta property=\"og:site_name\" content=\"Folha Popular\" \/>\n<meta property=\"article:published_time\" content=\"2024-11-06T16:00:00+00:00\" \/>\n<meta property=\"og:image\" content=\"https:\/\/folhapopular.info\/wp-content\/uploads\/2024\/11\/ESTRELA_Entrevista-presidente-STR_Divulgacao.jpeg\" \/>\n\t<meta property=\"og:image:width\" content=\"1280\" \/>\n\t<meta property=\"og:image:height\" content=\"719\" \/>\n\t<meta property=\"og:image:type\" content=\"image\/jpeg\" \/>\n<meta name=\"author\" content=\"J\u00falia Amaral\" \/>\n<meta name=\"twitter:card\" content=\"summary_large_image\" \/>\n<meta name=\"twitter:label1\" content=\"Escrito por\" \/>\n\t<meta name=\"twitter:data1\" content=\"J\u00falia Amaral\" \/>\n\t<meta name=\"twitter:label2\" content=\"Est. tempo de leitura\" \/>\n\t<meta name=\"twitter:data2\" content=\"4 minutos\" \/>\n<script type=\"application\/ld+json\" class=\"yoast-schema-graph\">{\"@context\":\"https:\\\/\\\/schema.org\",\"@graph\":[{\"@type\":\"Article\",\"@id\":\"https:\\\/\\\/folhapopular.info\\\/index.php\\\/2024\\\/11\\\/06\\\/consequencias-no-interior-serao-sentidas-em-2025-diz-presidente-do-str-de-estrela\\\/#article\",\"isPartOf\":{\"@id\":\"https:\\\/\\\/folhapopular.info\\\/index.php\\\/2024\\\/11\\\/06\\\/consequencias-no-interior-serao-sentidas-em-2025-diz-presidente-do-str-de-estrela\\\/\"},\"author\":{\"name\":\"J\u00falia Amaral\",\"@id\":\"https:\\\/\\\/folhapopular.info\\\/#\\\/schema\\\/person\\\/25c7649fd584816b1747a45f3aab3b40\"},\"headline\":\"Consequ\u00eancias no interior ser\u00e3o sentidas em 2025, diz presidente do STR de Estrela\",\"datePublished\":\"2024-11-06T16:00:00+00:00\",\"mainEntityOfPage\":{\"@id\":\"https:\\\/\\\/folhapopular.info\\\/index.php\\\/2024\\\/11\\\/06\\\/consequencias-no-interior-serao-sentidas-em-2025-diz-presidente-do-str-de-estrela\\\/\"},\"wordCount\":617,\"commentCount\":0,\"image\":{\"@id\":\"https:\\\/\\\/folhapopular.info\\\/index.php\\\/2024\\\/11\\\/06\\\/consequencias-no-interior-serao-sentidas-em-2025-diz-presidente-do-str-de-estrela\\\/#primaryimage\"},\"thumbnailUrl\":\"https:\\\/\\\/folhapopular.info\\\/wp-content\\\/uploads\\\/2024\\\/11\\\/ESTRELA_Entrevista-presidente-STR_Divulgacao.jpeg\",\"keywords\":[\"Enchentes\",\"Estrela\",\"STR\"],\"articleSection\":[\"Destaques\",\"Economia\",\"Rural\"],\"inLanguage\":\"pt-BR\",\"potentialAction\":[{\"@type\":\"CommentAction\",\"name\":\"Comment\",\"target\":[\"https:\\\/\\\/folhapopular.info\\\/index.php\\\/2024\\\/11\\\/06\\\/consequencias-no-interior-serao-sentidas-em-2025-diz-presidente-do-str-de-estrela\\\/#respond\"]}]},{\"@type\":\"WebPage\",\"@id\":\"https:\\\/\\\/folhapopular.info\\\/index.php\\\/2024\\\/11\\\/06\\\/consequencias-no-interior-serao-sentidas-em-2025-diz-presidente-do-str-de-estrela\\\/\",\"url\":\"https:\\\/\\\/folhapopular.info\\\/index.php\\\/2024\\\/11\\\/06\\\/consequencias-no-interior-serao-sentidas-em-2025-diz-presidente-do-str-de-estrela\\\/\",\"name\":\"Consequ\u00eancias no interior ser\u00e3o sentidas em 2025, diz presidente do STR de Estrela - Folha Popular\",\"isPartOf\":{\"@id\":\"https:\\\/\\\/folhapopular.info\\\/#website\"},\"primaryImageOfPage\":{\"@id\":\"https:\\\/\\\/folhapopular.info\\\/index.php\\\/2024\\\/11\\\/06\\\/consequencias-no-interior-serao-sentidas-em-2025-diz-presidente-do-str-de-estrela\\\/#primaryimage\"},\"image\":{\"@id\":\"https:\\\/\\\/folhapopular.info\\\/index.php\\\/2024\\\/11\\\/06\\\/consequencias-no-interior-serao-sentidas-em-2025-diz-presidente-do-str-de-estrela\\\/#primaryimage\"},\"thumbnailUrl\":\"https:\\\/\\\/folhapopular.info\\\/wp-content\\\/uploads\\\/2024\\\/11\\\/ESTRELA_Entrevista-presidente-STR_Divulgacao.jpeg\",\"datePublished\":\"2024-11-06T16:00:00+00:00\",\"author\":{\"@id\":\"https:\\\/\\\/folhapopular.info\\\/#\\\/schema\\\/person\\\/25c7649fd584816b1747a45f3aab3b40\"},\"breadcrumb\":{\"@id\":\"https:\\\/\\\/folhapopular.info\\\/index.php\\\/2024\\\/11\\\/06\\\/consequencias-no-interior-serao-sentidas-em-2025-diz-presidente-do-str-de-estrela\\\/#breadcrumb\"},\"inLanguage\":\"pt-BR\",\"potentialAction\":[{\"@type\":\"ReadAction\",\"target\":[\"https:\\\/\\\/folhapopular.info\\\/index.php\\\/2024\\\/11\\\/06\\\/consequencias-no-interior-serao-sentidas-em-2025-diz-presidente-do-str-de-estrela\\\/\"]}]},{\"@type\":\"ImageObject\",\"inLanguage\":\"pt-BR\",\"@id\":\"https:\\\/\\\/folhapopular.info\\\/index.php\\\/2024\\\/11\\\/06\\\/consequencias-no-interior-serao-sentidas-em-2025-diz-presidente-do-str-de-estrela\\\/#primaryimage\",\"url\":\"https:\\\/\\\/folhapopular.info\\\/wp-content\\\/uploads\\\/2024\\\/11\\\/ESTRELA_Entrevista-presidente-STR_Divulgacao.jpeg\",\"contentUrl\":\"https:\\\/\\\/folhapopular.info\\\/wp-content\\\/uploads\\\/2024\\\/11\\\/ESTRELA_Entrevista-presidente-STR_Divulgacao.jpeg\",\"width\":1280,\"height\":719,\"caption\":\"Ao todo, s\u00e3o R$ 9,2 milh\u00f5es em perdas de animais, lavouras, materiais, insumos e recupera\u00e7\u00e3o de estradas \\\/ Cr\u00e9dito: Prefeitura de Estrela - Divulga\u00e7\u00e3o\"},{\"@type\":\"BreadcrumbList\",\"@id\":\"https:\\\/\\\/folhapopular.info\\\/index.php\\\/2024\\\/11\\\/06\\\/consequencias-no-interior-serao-sentidas-em-2025-diz-presidente-do-str-de-estrela\\\/#breadcrumb\",\"itemListElement\":[{\"@type\":\"ListItem\",\"position\":1,\"name\":\"In\u00edcio\",\"item\":\"https:\\\/\\\/folhapopular.info\\\/\"},{\"@type\":\"ListItem\",\"position\":2,\"name\":\"Consequ\u00eancias no interior ser\u00e3o sentidas em 2025, diz presidente do STR de Estrela\"}]},{\"@type\":\"WebSite\",\"@id\":\"https:\\\/\\\/folhapopular.info\\\/#website\",\"url\":\"https:\\\/\\\/folhapopular.info\\\/\",\"name\":\"Folha Popular\",\"description\":\"Onde voc\u00ea tem vez e voz\",\"potentialAction\":[{\"@type\":\"SearchAction\",\"target\":{\"@type\":\"EntryPoint\",\"urlTemplate\":\"https:\\\/\\\/folhapopular.info\\\/?s={search_term_string}\"},\"query-input\":{\"@type\":\"PropertyValueSpecification\",\"valueRequired\":true,\"valueName\":\"search_term_string\"}}],\"inLanguage\":\"pt-BR\"},{\"@type\":\"Person\",\"@id\":\"https:\\\/\\\/folhapopular.info\\\/#\\\/schema\\\/person\\\/25c7649fd584816b1747a45f3aab3b40\",\"name\":\"J\u00falia Amaral\",\"image\":{\"@type\":\"ImageObject\",\"inLanguage\":\"pt-BR\",\"@id\":\"https:\\\/\\\/secure.gravatar.com\\\/avatar\\\/4d7d64d93a62bbe70e444c5c7b0a643f1955a374a94fd5eab0a928fe21d5b041?s=96&d=mm&r=g\",\"url\":\"https:\\\/\\\/secure.gravatar.com\\\/avatar\\\/4d7d64d93a62bbe70e444c5c7b0a643f1955a374a94fd5eab0a928fe21d5b041?s=96&d=mm&r=g\",\"contentUrl\":\"https:\\\/\\\/secure.gravatar.com\\\/avatar\\\/4d7d64d93a62bbe70e444c5c7b0a643f1955a374a94fd5eab0a928fe21d5b041?s=96&d=mm&r=g\",\"caption\":\"J\u00falia Amaral\"},\"url\":\"https:\\\/\\\/folhapopular.info\\\/index.php\\\/author\\\/julia-amaral\\\/\"}]}<\/script>\n<!-- \/ Yoast SEO plugin. -->","yoast_head_json":{"title":"Consequ\u00eancias no interior ser\u00e3o sentidas em 2025, diz presidente do STR de Estrela - Folha Popular","robots":{"index":"index","follow":"follow","max-snippet":"max-snippet:-1","max-image-preview":"max-image-preview:large","max-video-preview":"max-video-preview:-1"},"canonical":"https:\/\/folhapopular.info\/index.php\/2024\/11\/06\/consequencias-no-interior-serao-sentidas-em-2025-diz-presidente-do-str-de-estrela\/","og_locale":"pt_BR","og_type":"article","og_title":"Consequ\u00eancias no interior ser\u00e3o sentidas em 2025, diz presidente do STR de Estrela - Folha Popular","og_description":"As enchentes que afetaram Estrela ainda causam perdas significativas, e os efeitos econ\u00f4micos do desastre devem ser mais intensos a partir de 2025. Sem poder plantar a nova safra e com a produ\u00e7\u00e3o de leite drasticamente reduzida, os agricultores enfrentam dificuldades financeiras e buscam alternativas para manter as rendas, segundo Rog\u00e9rio Heemann, presidente do Sindicato [&hellip;]","og_url":"https:\/\/folhapopular.info\/index.php\/2024\/11\/06\/consequencias-no-interior-serao-sentidas-em-2025-diz-presidente-do-str-de-estrela\/","og_site_name":"Folha Popular","article_published_time":"2024-11-06T16:00:00+00:00","og_image":[{"width":1280,"height":719,"url":"https:\/\/folhapopular.info\/wp-content\/uploads\/2024\/11\/ESTRELA_Entrevista-presidente-STR_Divulgacao.jpeg","type":"image\/jpeg"}],"author":"J\u00falia Amaral","twitter_card":"summary_large_image","twitter_misc":{"Escrito por":"J\u00falia Amaral","Est. tempo de leitura":"4 minutos"},"schema":{"@context":"https:\/\/schema.org","@graph":[{"@type":"Article","@id":"https:\/\/folhapopular.info\/index.php\/2024\/11\/06\/consequencias-no-interior-serao-sentidas-em-2025-diz-presidente-do-str-de-estrela\/#article","isPartOf":{"@id":"https:\/\/folhapopular.info\/index.php\/2024\/11\/06\/consequencias-no-interior-serao-sentidas-em-2025-diz-presidente-do-str-de-estrela\/"},"author":{"name":"J\u00falia Amaral","@id":"https:\/\/folhapopular.info\/#\/schema\/person\/25c7649fd584816b1747a45f3aab3b40"},"headline":"Consequ\u00eancias no interior ser\u00e3o sentidas em 2025, diz presidente do STR de Estrela","datePublished":"2024-11-06T16:00:00+00:00","mainEntityOfPage":{"@id":"https:\/\/folhapopular.info\/index.php\/2024\/11\/06\/consequencias-no-interior-serao-sentidas-em-2025-diz-presidente-do-str-de-estrela\/"},"wordCount":617,"commentCount":0,"image":{"@id":"https:\/\/folhapopular.info\/index.php\/2024\/11\/06\/consequencias-no-interior-serao-sentidas-em-2025-diz-presidente-do-str-de-estrela\/#primaryimage"},"thumbnailUrl":"https:\/\/folhapopular.info\/wp-content\/uploads\/2024\/11\/ESTRELA_Entrevista-presidente-STR_Divulgacao.jpeg","keywords":["Enchentes","Estrela","STR"],"articleSection":["Destaques","Economia","Rural"],"inLanguage":"pt-BR","potentialAction":[{"@type":"CommentAction","name":"Comment","target":["https:\/\/folhapopular.info\/index.php\/2024\/11\/06\/consequencias-no-interior-serao-sentidas-em-2025-diz-presidente-do-str-de-estrela\/#respond"]}]},{"@type":"WebPage","@id":"https:\/\/folhapopular.info\/index.php\/2024\/11\/06\/consequencias-no-interior-serao-sentidas-em-2025-diz-presidente-do-str-de-estrela\/","url":"https:\/\/folhapopular.info\/index.php\/2024\/11\/06\/consequencias-no-interior-serao-sentidas-em-2025-diz-presidente-do-str-de-estrela\/","name":"Consequ\u00eancias no interior ser\u00e3o sentidas em 2025, diz presidente do STR de Estrela - Folha Popular","isPartOf":{"@id":"https:\/\/folhapopular.info\/#website"},"primaryImageOfPage":{"@id":"https:\/\/folhapopular.info\/index.php\/2024\/11\/06\/consequencias-no-interior-serao-sentidas-em-2025-diz-presidente-do-str-de-estrela\/#primaryimage"},"image":{"@id":"https:\/\/folhapopular.info\/index.php\/2024\/11\/06\/consequencias-no-interior-serao-sentidas-em-2025-diz-presidente-do-str-de-estrela\/#primaryimage"},"thumbnailUrl":"https:\/\/folhapopular.info\/wp-content\/uploads\/2024\/11\/ESTRELA_Entrevista-presidente-STR_Divulgacao.jpeg","datePublished":"2024-11-06T16:00:00+00:00","author":{"@id":"https:\/\/folhapopular.info\/#\/schema\/person\/25c7649fd584816b1747a45f3aab3b40"},"breadcrumb":{"@id":"https:\/\/folhapopular.info\/index.php\/2024\/11\/06\/consequencias-no-interior-serao-sentidas-em-2025-diz-presidente-do-str-de-estrela\/#breadcrumb"},"inLanguage":"pt-BR","potentialAction":[{"@type":"ReadAction","target":["https:\/\/folhapopular.info\/index.php\/2024\/11\/06\/consequencias-no-interior-serao-sentidas-em-2025-diz-presidente-do-str-de-estrela\/"]}]},{"@type":"ImageObject","inLanguage":"pt-BR","@id":"https:\/\/folhapopular.info\/index.php\/2024\/11\/06\/consequencias-no-interior-serao-sentidas-em-2025-diz-presidente-do-str-de-estrela\/#primaryimage","url":"https:\/\/folhapopular.info\/wp-content\/uploads\/2024\/11\/ESTRELA_Entrevista-presidente-STR_Divulgacao.jpeg","contentUrl":"https:\/\/folhapopular.info\/wp-content\/uploads\/2024\/11\/ESTRELA_Entrevista-presidente-STR_Divulgacao.jpeg","width":1280,"height":719,"caption":"Ao todo, s\u00e3o R$ 9,2 milh\u00f5es em perdas de animais, lavouras, materiais, insumos e recupera\u00e7\u00e3o de estradas \/ Cr\u00e9dito: Prefeitura de Estrela - Divulga\u00e7\u00e3o"},{"@type":"BreadcrumbList","@id":"https:\/\/folhapopular.info\/index.php\/2024\/11\/06\/consequencias-no-interior-serao-sentidas-em-2025-diz-presidente-do-str-de-estrela\/#breadcrumb","itemListElement":[{"@type":"ListItem","position":1,"name":"In\u00edcio","item":"https:\/\/folhapopular.info\/"},{"@type":"ListItem","position":2,"name":"Consequ\u00eancias no interior ser\u00e3o sentidas em 2025, diz presidente do STR de Estrela"}]},{"@type":"WebSite","@id":"https:\/\/folhapopular.info\/#website","url":"https:\/\/folhapopular.info\/","name":"Folha Popular","description":"Onde voc\u00ea tem vez e voz","potentialAction":[{"@type":"SearchAction","target":{"@type":"EntryPoint","urlTemplate":"https:\/\/folhapopular.info\/?s={search_term_string}"},"query-input":{"@type":"PropertyValueSpecification","valueRequired":true,"valueName":"search_term_string"}}],"inLanguage":"pt-BR"},{"@type":"Person","@id":"https:\/\/folhapopular.info\/#\/schema\/person\/25c7649fd584816b1747a45f3aab3b40","name":"J\u00falia Amaral","image":{"@type":"ImageObject","inLanguage":"pt-BR","@id":"https:\/\/secure.gravatar.com\/avatar\/4d7d64d93a62bbe70e444c5c7b0a643f1955a374a94fd5eab0a928fe21d5b041?s=96&d=mm&r=g","url":"https:\/\/secure.gravatar.com\/avatar\/4d7d64d93a62bbe70e444c5c7b0a643f1955a374a94fd5eab0a928fe21d5b041?s=96&d=mm&r=g","contentUrl":"https:\/\/secure.gravatar.com\/avatar\/4d7d64d93a62bbe70e444c5c7b0a643f1955a374a94fd5eab0a928fe21d5b041?s=96&d=mm&r=g","caption":"J\u00falia Amaral"},"url":"https:\/\/folhapopular.info\/index.php\/author\/julia-amaral\/"}]}},"jetpack_featured_media_url":"https:\/\/folhapopular.info\/wp-content\/uploads\/2024\/11\/ESTRELA_Entrevista-presidente-STR_Divulgacao.jpeg","jetpack_sharing_enabled":true,"amp_enabled":true,"_links":{"self":[{"href":"https:\/\/folhapopular.info\/index.php\/wp-json\/wp\/v2\/posts\/173899","targetHints":{"allow":["GET"]}}],"collection":[{"href":"https:\/\/folhapopular.info\/index.php\/wp-json\/wp\/v2\/posts"}],"about":[{"href":"https:\/\/folhapopular.info\/index.php\/wp-json\/wp\/v2\/types\/post"}],"author":[{"embeddable":true,"href":"https:\/\/folhapopular.info\/index.php\/wp-json\/wp\/v2\/users\/747"}],"replies":[{"embeddable":true,"href":"https:\/\/folhapopular.info\/index.php\/wp-json\/wp\/v2\/comments?post=173899"}],"version-history":[{"count":0,"href":"https:\/\/folhapopular.info\/index.php\/wp-json\/wp\/v2\/posts\/173899\/revisions"}],"wp:featuredmedia":[{"embeddable":true,"href":"https:\/\/folhapopular.info\/index.php\/wp-json\/wp\/v2\/media\/173900"}],"wp:attachment":[{"href":"https:\/\/folhapopular.info\/index.php\/wp-json\/wp\/v2\/media?parent=173899"}],"wp:term":[{"taxonomy":"category","embeddable":true,"href":"https:\/\/folhapopular.info\/index.php\/wp-json\/wp\/v2\/categories?post=173899"},{"taxonomy":"post_tag","embeddable":true,"href":"https:\/\/folhapopular.info\/index.php\/wp-json\/wp\/v2\/tags?post=173899"}],"curies":[{"name":"wp","href":"https:\/\/api.w.org\/{rel}","templated":true}]}}