{"id":174034,"date":"2024-11-08T10:14:18","date_gmt":"2024-11-08T13:14:18","guid":{"rendered":"https:\/\/folhapopular.info\/?p=174034"},"modified":"2024-11-08T10:20:07","modified_gmt":"2024-11-08T13:20:07","slug":"presidente-da-camara-de-vereadores-de-brochier-illo-cillo-muller-falece-aos-61-anos","status":"publish","type":"post","link":"https:\/\/folhapopular.info\/index.php\/2024\/11\/08\/presidente-da-camara-de-vereadores-de-brochier-illo-cillo-muller-falece-aos-61-anos\/","title":{"rendered":"Presidente da C\u00e2mara de Vereadores de Brochier, Illo Cillo M\u00fcller, falece aos 61 anos"},"content":{"rendered":"\n<p>Na quinta-feira (7\/11), faleceu o presidente da C\u00e2mara de Vereadores de Brochier, vereador Illo Cillo M\u00fcller, aos 61 anos. Illo foi vereador do munic\u00edpio desde 2013 e estava em seu terceiro mandato. <\/p>\n\n\n\n<p>Ele estava internado no Hospital Montenegro em raz\u00e3o de problemas card\u00edacos e seria submetido a um procedimento, por\u00e9m veio a falecer na parte da noite.<\/p>\n\n\n\n<p>Na elei\u00e7\u00e3o deste ano, concorreu pelo MDB e foi o d\u00e9cimo mais votado e ocupou a vaga de suplente.<\/p>\n","protected":false},"excerpt":{"rendered":"<p>Na quinta-feira (7\/11), faleceu o presidente da C\u00e2mara de Vereadores de Brochier, vereador Illo Cillo M\u00fcller, aos 61 anos. Illo foi vereador do munic\u00edpio desde 2013 e estava em seu terceiro mandato. Ele estava internado no Hospital Montenegro em raz\u00e3o de problemas card\u00edacos e seria submetido a um procedimento, por\u00e9m veio a falecer na parte [&hellip;]<\/p>\n","protected":false},"author":8,"featured_media":174048,"comment_status":"open","ping_status":"open","sticky":false,"template":"","format":"standard","meta":{"pmpro_default_level":"","_jetpack_memberships_contains_paid_content":false,"footnotes":""},"categories":[2,11024,10985],"tags":[2435,16909,16908],"class_list":{"0":"post-174034","1":"post","2":"type-post","3":"status-publish","4":"format-standard","5":"has-post-thumbnail","7":"category-featured","8":"category-obituario","9":"category-politica","10":"tag-brochier","11":"tag-illo-cillo-muller","12":"tag-presidente-da-camara-de-vereadores","13":"pmpro-has-access"},"yoast_head":"<!-- This site is optimized with the Yoast SEO plugin v27.5 - https:\/\/yoast.com\/product\/yoast-seo-wordpress\/ -->\n<title>Presidente da C\u00e2mara de Vereadores de Brochier, Illo Cillo M\u00fcller, falece aos 61 anos - Folha Popular<\/title>\n<meta name=\"robots\" content=\"index, follow, max-snippet:-1, max-image-preview:large, max-video-preview:-1\" \/>\n<link rel=\"canonical\" href=\"https:\/\/folhapopular.info\/index.php\/2024\/11\/08\/presidente-da-camara-de-vereadores-de-brochier-illo-cillo-muller-falece-aos-61-anos\/\" \/>\n<meta property=\"og:locale\" content=\"pt_BR\" \/>\n<meta property=\"og:type\" content=\"article\" \/>\n<meta property=\"og:title\" content=\"Presidente da C\u00e2mara de Vereadores de Brochier, Illo Cillo M\u00fcller, falece aos 61 anos - Folha Popular\" \/>\n<meta property=\"og:description\" content=\"Na quinta-feira (7\/11), faleceu o presidente da C\u00e2mara de Vereadores de Brochier, vereador Illo Cillo M\u00fcller, aos 61 anos. Illo foi vereador do munic\u00edpio desde 2013 e estava em seu terceiro mandato. Ele estava internado no Hospital Montenegro em raz\u00e3o de problemas card\u00edacos e seria submetido a um procedimento, por\u00e9m veio a falecer na parte [&hellip;]\" \/>\n<meta property=\"og:url\" content=\"https:\/\/folhapopular.info\/index.php\/2024\/11\/08\/presidente-da-camara-de-vereadores-de-brochier-illo-cillo-muller-falece-aos-61-anos\/\" \/>\n<meta property=\"og:site_name\" content=\"Folha Popular\" \/>\n<meta property=\"article:published_time\" content=\"2024-11-08T13:14:18+00:00\" \/>\n<meta property=\"article:modified_time\" content=\"2024-11-08T13:20:07+00:00\" \/>\n<meta property=\"og:image\" content=\"http:\/\/folhapopular.info\/wp-content\/uploads\/2024\/11\/WhatsApp-Image-2024-11-08-at-10.04.32.jpeg\" \/>\n\t<meta property=\"og:image:width\" content=\"1079\" \/>\n\t<meta property=\"og:image:height\" content=\"1161\" \/>\n\t<meta property=\"og:image:type\" content=\"image\/jpeg\" \/>\n<meta name=\"author\" content=\"Reda\u00e7\u00e3o Folha Popular\" \/>\n<meta name=\"twitter:card\" content=\"summary_large_image\" \/>\n<meta name=\"twitter:label1\" content=\"Escrito por\" \/>\n\t<meta name=\"twitter:data1\" content=\"Reda\u00e7\u00e3o Folha Popular\" \/>\n\t<meta name=\"twitter:label2\" content=\"Est. tempo de leitura\" \/>\n\t<meta name=\"twitter:data2\" content=\"1 minuto\" \/>\n<script type=\"application\/ld+json\" class=\"yoast-schema-graph\">{\"@context\":\"https:\\\/\\\/schema.org\",\"@graph\":[{\"@type\":\"Article\",\"@id\":\"https:\\\/\\\/folhapopular.info\\\/index.php\\\/2024\\\/11\\\/08\\\/presidente-da-camara-de-vereadores-de-brochier-illo-cillo-muller-falece-aos-61-anos\\\/#article\",\"isPartOf\":{\"@id\":\"https:\\\/\\\/folhapopular.info\\\/index.php\\\/2024\\\/11\\\/08\\\/presidente-da-camara-de-vereadores-de-brochier-illo-cillo-muller-falece-aos-61-anos\\\/\"},\"author\":{\"name\":\"Reda\u00e7\u00e3o Folha Popular\",\"@id\":\"https:\\\/\\\/folhapopular.info\\\/#\\\/schema\\\/person\\\/2814e8a0df7643585a9ca38bc6eb9d4b\"},\"headline\":\"Presidente da C\u00e2mara de Vereadores de Brochier, Illo Cillo M\u00fcller, falece aos 61 anos\",\"datePublished\":\"2024-11-08T13:14:18+00:00\",\"dateModified\":\"2024-11-08T13:20:07+00:00\",\"mainEntityOfPage\":{\"@id\":\"https:\\\/\\\/folhapopular.info\\\/index.php\\\/2024\\\/11\\\/08\\\/presidente-da-camara-de-vereadores-de-brochier-illo-cillo-muller-falece-aos-61-anos\\\/\"},\"wordCount\":96,\"commentCount\":0,\"image\":{\"@id\":\"https:\\\/\\\/folhapopular.info\\\/index.php\\\/2024\\\/11\\\/08\\\/presidente-da-camara-de-vereadores-de-brochier-illo-cillo-muller-falece-aos-61-anos\\\/#primaryimage\"},\"thumbnailUrl\":\"https:\\\/\\\/folhapopular.info\\\/wp-content\\\/uploads\\\/2024\\\/11\\\/WhatsApp-Image-2024-11-08-at-10.04.32.jpeg\",\"keywords\":[\"Brochier\",\"Illo Cillo M\u00fcller\",\"Presidente da C\u00e2mara de Vereadores\"],\"articleSection\":[\"Destaques\",\"Obitu\u00e1rio\",\"Pol\u00edtica\"],\"inLanguage\":\"pt-BR\",\"potentialAction\":[{\"@type\":\"CommentAction\",\"name\":\"Comment\",\"target\":[\"https:\\\/\\\/folhapopular.info\\\/index.php\\\/2024\\\/11\\\/08\\\/presidente-da-camara-de-vereadores-de-brochier-illo-cillo-muller-falece-aos-61-anos\\\/#respond\"]}]},{\"@type\":\"WebPage\",\"@id\":\"https:\\\/\\\/folhapopular.info\\\/index.php\\\/2024\\\/11\\\/08\\\/presidente-da-camara-de-vereadores-de-brochier-illo-cillo-muller-falece-aos-61-anos\\\/\",\"url\":\"https:\\\/\\\/folhapopular.info\\\/index.php\\\/2024\\\/11\\\/08\\\/presidente-da-camara-de-vereadores-de-brochier-illo-cillo-muller-falece-aos-61-anos\\\/\",\"name\":\"Presidente da C\u00e2mara de Vereadores de Brochier, Illo Cillo M\u00fcller, falece aos 61 anos - Folha Popular\",\"isPartOf\":{\"@id\":\"https:\\\/\\\/folhapopular.info\\\/#website\"},\"primaryImageOfPage\":{\"@id\":\"https:\\\/\\\/folhapopular.info\\\/index.php\\\/2024\\\/11\\\/08\\\/presidente-da-camara-de-vereadores-de-brochier-illo-cillo-muller-falece-aos-61-anos\\\/#primaryimage\"},\"image\":{\"@id\":\"https:\\\/\\\/folhapopular.info\\\/index.php\\\/2024\\\/11\\\/08\\\/presidente-da-camara-de-vereadores-de-brochier-illo-cillo-muller-falece-aos-61-anos\\\/#primaryimage\"},\"thumbnailUrl\":\"https:\\\/\\\/folhapopular.info\\\/wp-content\\\/uploads\\\/2024\\\/11\\\/WhatsApp-Image-2024-11-08-at-10.04.32.jpeg\",\"datePublished\":\"2024-11-08T13:14:18+00:00\",\"dateModified\":\"2024-11-08T13:20:07+00:00\",\"author\":{\"@id\":\"https:\\\/\\\/folhapopular.info\\\/#\\\/schema\\\/person\\\/2814e8a0df7643585a9ca38bc6eb9d4b\"},\"breadcrumb\":{\"@id\":\"https:\\\/\\\/folhapopular.info\\\/index.php\\\/2024\\\/11\\\/08\\\/presidente-da-camara-de-vereadores-de-brochier-illo-cillo-muller-falece-aos-61-anos\\\/#breadcrumb\"},\"inLanguage\":\"pt-BR\",\"potentialAction\":[{\"@type\":\"ReadAction\",\"target\":[\"https:\\\/\\\/folhapopular.info\\\/index.php\\\/2024\\\/11\\\/08\\\/presidente-da-camara-de-vereadores-de-brochier-illo-cillo-muller-falece-aos-61-anos\\\/\"]}]},{\"@type\":\"ImageObject\",\"inLanguage\":\"pt-BR\",\"@id\":\"https:\\\/\\\/folhapopular.info\\\/index.php\\\/2024\\\/11\\\/08\\\/presidente-da-camara-de-vereadores-de-brochier-illo-cillo-muller-falece-aos-61-anos\\\/#primaryimage\",\"url\":\"https:\\\/\\\/folhapopular.info\\\/wp-content\\\/uploads\\\/2024\\\/11\\\/WhatsApp-Image-2024-11-08-at-10.04.32.jpeg\",\"contentUrl\":\"https:\\\/\\\/folhapopular.info\\\/wp-content\\\/uploads\\\/2024\\\/11\\\/WhatsApp-Image-2024-11-08-at-10.04.32.jpeg\",\"width\":1079,\"height\":1161,\"caption\":\"Cr\u00e9dito: Divulga\u00e7\u00e3o\"},{\"@type\":\"BreadcrumbList\",\"@id\":\"https:\\\/\\\/folhapopular.info\\\/index.php\\\/2024\\\/11\\\/08\\\/presidente-da-camara-de-vereadores-de-brochier-illo-cillo-muller-falece-aos-61-anos\\\/#breadcrumb\",\"itemListElement\":[{\"@type\":\"ListItem\",\"position\":1,\"name\":\"In\u00edcio\",\"item\":\"https:\\\/\\\/folhapopular.info\\\/\"},{\"@type\":\"ListItem\",\"position\":2,\"name\":\"Presidente da C\u00e2mara de Vereadores de Brochier, Illo Cillo M\u00fcller, falece aos 61 anos\"}]},{\"@type\":\"WebSite\",\"@id\":\"https:\\\/\\\/folhapopular.info\\\/#website\",\"url\":\"https:\\\/\\\/folhapopular.info\\\/\",\"name\":\"Folha Popular\",\"description\":\"Onde voc\u00ea tem vez e voz\",\"potentialAction\":[{\"@type\":\"SearchAction\",\"target\":{\"@type\":\"EntryPoint\",\"urlTemplate\":\"https:\\\/\\\/folhapopular.info\\\/?s={search_term_string}\"},\"query-input\":{\"@type\":\"PropertyValueSpecification\",\"valueRequired\":true,\"valueName\":\"search_term_string\"}}],\"inLanguage\":\"pt-BR\"},{\"@type\":\"Person\",\"@id\":\"https:\\\/\\\/folhapopular.info\\\/#\\\/schema\\\/person\\\/2814e8a0df7643585a9ca38bc6eb9d4b\",\"name\":\"Reda\u00e7\u00e3o Folha Popular\",\"image\":{\"@type\":\"ImageObject\",\"inLanguage\":\"pt-BR\",\"@id\":\"https:\\\/\\\/folhapopular.info\\\/wp-content\\\/uploads\\\/2026\\\/04\\\/Folha-1.webp\",\"url\":\"https:\\\/\\\/folhapopular.info\\\/wp-content\\\/uploads\\\/2026\\\/04\\\/Folha-1.webp\",\"contentUrl\":\"https:\\\/\\\/folhapopular.info\\\/wp-content\\\/uploads\\\/2026\\\/04\\\/Folha-1.webp\",\"caption\":\"Reda\u00e7\u00e3o Folha Popular\"},\"url\":\"https:\\\/\\\/folhapopular.info\\\/index.php\\\/author\\\/redacao\\\/\"}]}<\/script>\n<!-- \/ Yoast SEO plugin. -->","yoast_head_json":{"title":"Presidente da C\u00e2mara de Vereadores de Brochier, Illo Cillo M\u00fcller, falece aos 61 anos - Folha Popular","robots":{"index":"index","follow":"follow","max-snippet":"max-snippet:-1","max-image-preview":"max-image-preview:large","max-video-preview":"max-video-preview:-1"},"canonical":"https:\/\/folhapopular.info\/index.php\/2024\/11\/08\/presidente-da-camara-de-vereadores-de-brochier-illo-cillo-muller-falece-aos-61-anos\/","og_locale":"pt_BR","og_type":"article","og_title":"Presidente da C\u00e2mara de Vereadores de Brochier, Illo Cillo M\u00fcller, falece aos 61 anos - Folha Popular","og_description":"Na quinta-feira (7\/11), faleceu o presidente da C\u00e2mara de Vereadores de Brochier, vereador Illo Cillo M\u00fcller, aos 61 anos. Illo foi vereador do munic\u00edpio desde 2013 e estava em seu terceiro mandato. Ele estava internado no Hospital Montenegro em raz\u00e3o de problemas card\u00edacos e seria submetido a um procedimento, por\u00e9m veio a falecer na parte [&hellip;]","og_url":"https:\/\/folhapopular.info\/index.php\/2024\/11\/08\/presidente-da-camara-de-vereadores-de-brochier-illo-cillo-muller-falece-aos-61-anos\/","og_site_name":"Folha Popular","article_published_time":"2024-11-08T13:14:18+00:00","article_modified_time":"2024-11-08T13:20:07+00:00","og_image":[{"width":1079,"height":1161,"url":"http:\/\/folhapopular.info\/wp-content\/uploads\/2024\/11\/WhatsApp-Image-2024-11-08-at-10.04.32.jpeg","type":"image\/jpeg"}],"author":"Reda\u00e7\u00e3o Folha Popular","twitter_card":"summary_large_image","twitter_misc":{"Escrito por":"Reda\u00e7\u00e3o Folha Popular","Est. tempo de leitura":"1 minuto"},"schema":{"@context":"https:\/\/schema.org","@graph":[{"@type":"Article","@id":"https:\/\/folhapopular.info\/index.php\/2024\/11\/08\/presidente-da-camara-de-vereadores-de-brochier-illo-cillo-muller-falece-aos-61-anos\/#article","isPartOf":{"@id":"https:\/\/folhapopular.info\/index.php\/2024\/11\/08\/presidente-da-camara-de-vereadores-de-brochier-illo-cillo-muller-falece-aos-61-anos\/"},"author":{"name":"Reda\u00e7\u00e3o Folha Popular","@id":"https:\/\/folhapopular.info\/#\/schema\/person\/2814e8a0df7643585a9ca38bc6eb9d4b"},"headline":"Presidente da C\u00e2mara de Vereadores de Brochier, Illo Cillo M\u00fcller, falece aos 61 anos","datePublished":"2024-11-08T13:14:18+00:00","dateModified":"2024-11-08T13:20:07+00:00","mainEntityOfPage":{"@id":"https:\/\/folhapopular.info\/index.php\/2024\/11\/08\/presidente-da-camara-de-vereadores-de-brochier-illo-cillo-muller-falece-aos-61-anos\/"},"wordCount":96,"commentCount":0,"image":{"@id":"https:\/\/folhapopular.info\/index.php\/2024\/11\/08\/presidente-da-camara-de-vereadores-de-brochier-illo-cillo-muller-falece-aos-61-anos\/#primaryimage"},"thumbnailUrl":"https:\/\/folhapopular.info\/wp-content\/uploads\/2024\/11\/WhatsApp-Image-2024-11-08-at-10.04.32.jpeg","keywords":["Brochier","Illo Cillo M\u00fcller","Presidente da C\u00e2mara de Vereadores"],"articleSection":["Destaques","Obitu\u00e1rio","Pol\u00edtica"],"inLanguage":"pt-BR","potentialAction":[{"@type":"CommentAction","name":"Comment","target":["https:\/\/folhapopular.info\/index.php\/2024\/11\/08\/presidente-da-camara-de-vereadores-de-brochier-illo-cillo-muller-falece-aos-61-anos\/#respond"]}]},{"@type":"WebPage","@id":"https:\/\/folhapopular.info\/index.php\/2024\/11\/08\/presidente-da-camara-de-vereadores-de-brochier-illo-cillo-muller-falece-aos-61-anos\/","url":"https:\/\/folhapopular.info\/index.php\/2024\/11\/08\/presidente-da-camara-de-vereadores-de-brochier-illo-cillo-muller-falece-aos-61-anos\/","name":"Presidente da C\u00e2mara de Vereadores de Brochier, Illo Cillo M\u00fcller, falece aos 61 anos - Folha Popular","isPartOf":{"@id":"https:\/\/folhapopular.info\/#website"},"primaryImageOfPage":{"@id":"https:\/\/folhapopular.info\/index.php\/2024\/11\/08\/presidente-da-camara-de-vereadores-de-brochier-illo-cillo-muller-falece-aos-61-anos\/#primaryimage"},"image":{"@id":"https:\/\/folhapopular.info\/index.php\/2024\/11\/08\/presidente-da-camara-de-vereadores-de-brochier-illo-cillo-muller-falece-aos-61-anos\/#primaryimage"},"thumbnailUrl":"https:\/\/folhapopular.info\/wp-content\/uploads\/2024\/11\/WhatsApp-Image-2024-11-08-at-10.04.32.jpeg","datePublished":"2024-11-08T13:14:18+00:00","dateModified":"2024-11-08T13:20:07+00:00","author":{"@id":"https:\/\/folhapopular.info\/#\/schema\/person\/2814e8a0df7643585a9ca38bc6eb9d4b"},"breadcrumb":{"@id":"https:\/\/folhapopular.info\/index.php\/2024\/11\/08\/presidente-da-camara-de-vereadores-de-brochier-illo-cillo-muller-falece-aos-61-anos\/#breadcrumb"},"inLanguage":"pt-BR","potentialAction":[{"@type":"ReadAction","target":["https:\/\/folhapopular.info\/index.php\/2024\/11\/08\/presidente-da-camara-de-vereadores-de-brochier-illo-cillo-muller-falece-aos-61-anos\/"]}]},{"@type":"ImageObject","inLanguage":"pt-BR","@id":"https:\/\/folhapopular.info\/index.php\/2024\/11\/08\/presidente-da-camara-de-vereadores-de-brochier-illo-cillo-muller-falece-aos-61-anos\/#primaryimage","url":"https:\/\/folhapopular.info\/wp-content\/uploads\/2024\/11\/WhatsApp-Image-2024-11-08-at-10.04.32.jpeg","contentUrl":"https:\/\/folhapopular.info\/wp-content\/uploads\/2024\/11\/WhatsApp-Image-2024-11-08-at-10.04.32.jpeg","width":1079,"height":1161,"caption":"Cr\u00e9dito: Divulga\u00e7\u00e3o"},{"@type":"BreadcrumbList","@id":"https:\/\/folhapopular.info\/index.php\/2024\/11\/08\/presidente-da-camara-de-vereadores-de-brochier-illo-cillo-muller-falece-aos-61-anos\/#breadcrumb","itemListElement":[{"@type":"ListItem","position":1,"name":"In\u00edcio","item":"https:\/\/folhapopular.info\/"},{"@type":"ListItem","position":2,"name":"Presidente da C\u00e2mara de Vereadores de Brochier, Illo Cillo M\u00fcller, falece aos 61 anos"}]},{"@type":"WebSite","@id":"https:\/\/folhapopular.info\/#website","url":"https:\/\/folhapopular.info\/","name":"Folha Popular","description":"Onde voc\u00ea tem vez e voz","potentialAction":[{"@type":"SearchAction","target":{"@type":"EntryPoint","urlTemplate":"https:\/\/folhapopular.info\/?s={search_term_string}"},"query-input":{"@type":"PropertyValueSpecification","valueRequired":true,"valueName":"search_term_string"}}],"inLanguage":"pt-BR"},{"@type":"Person","@id":"https:\/\/folhapopular.info\/#\/schema\/person\/2814e8a0df7643585a9ca38bc6eb9d4b","name":"Reda\u00e7\u00e3o Folha Popular","image":{"@type":"ImageObject","inLanguage":"pt-BR","@id":"https:\/\/folhapopular.info\/wp-content\/uploads\/2026\/04\/Folha-1.webp","url":"https:\/\/folhapopular.info\/wp-content\/uploads\/2026\/04\/Folha-1.webp","contentUrl":"https:\/\/folhapopular.info\/wp-content\/uploads\/2026\/04\/Folha-1.webp","caption":"Reda\u00e7\u00e3o Folha Popular"},"url":"https:\/\/folhapopular.info\/index.php\/author\/redacao\/"}]}},"jetpack_featured_media_url":"https:\/\/folhapopular.info\/wp-content\/uploads\/2024\/11\/WhatsApp-Image-2024-11-08-at-10.04.32.jpeg","jetpack_sharing_enabled":true,"amp_enabled":true,"_links":{"self":[{"href":"https:\/\/folhapopular.info\/index.php\/wp-json\/wp\/v2\/posts\/174034","targetHints":{"allow":["GET"]}}],"collection":[{"href":"https:\/\/folhapopular.info\/index.php\/wp-json\/wp\/v2\/posts"}],"about":[{"href":"https:\/\/folhapopular.info\/index.php\/wp-json\/wp\/v2\/types\/post"}],"author":[{"embeddable":true,"href":"https:\/\/folhapopular.info\/index.php\/wp-json\/wp\/v2\/users\/8"}],"replies":[{"embeddable":true,"href":"https:\/\/folhapopular.info\/index.php\/wp-json\/wp\/v2\/comments?post=174034"}],"version-history":[{"count":0,"href":"https:\/\/folhapopular.info\/index.php\/wp-json\/wp\/v2\/posts\/174034\/revisions"}],"wp:featuredmedia":[{"embeddable":true,"href":"https:\/\/folhapopular.info\/index.php\/wp-json\/wp\/v2\/media\/174048"}],"wp:attachment":[{"href":"https:\/\/folhapopular.info\/index.php\/wp-json\/wp\/v2\/media?parent=174034"}],"wp:term":[{"taxonomy":"category","embeddable":true,"href":"https:\/\/folhapopular.info\/index.php\/wp-json\/wp\/v2\/categories?post=174034"},{"taxonomy":"post_tag","embeddable":true,"href":"https:\/\/folhapopular.info\/index.php\/wp-json\/wp\/v2\/tags?post=174034"}],"curies":[{"name":"wp","href":"https:\/\/api.w.org\/{rel}","templated":true}]}}