{"id":174339,"date":"2024-11-12T14:14:47","date_gmt":"2024-11-12T17:14:47","guid":{"rendered":"https:\/\/folhapopular.info\/?p=174339"},"modified":"2024-11-12T14:14:51","modified_gmt":"2024-11-12T17:14:51","slug":"capacite-se-ainda-em-2024-senac-abre-inscricoes-para-cursos-tecnicos-ead","status":"publish","type":"post","link":"https:\/\/folhapopular.info\/index.php\/2024\/11\/12\/capacite-se-ainda-em-2024-senac-abre-inscricoes-para-cursos-tecnicos-ead\/","title":{"rendered":"Capacite-se ainda em 2024: Senac abre inscri\u00e7\u00f5es para cursos t\u00e9cnicos EAD\u00a0"},"content":{"rendered":"\n<p>As matr\u00edculas para o \u00faltimo ciclo dos\u00a0cursos t\u00e9cnicos\u00a0do\u00a0Senac EAD\u00a0em 2024 est\u00e3o abertas. No total, s\u00e3o 14 forma\u00e7\u00f5es nas \u00e1reas de Com\u00e9rcio, Design, Gest\u00e3o, Meio Ambiente, Sa\u00fade, Seguran\u00e7a do Trabalho, Tecnologia da Informa\u00e7\u00e3o e Turismo. As vagas s\u00e3o limitadas e as inscri\u00e7\u00f5es podem ser feitas at\u00e9 o dia 16 de dezembro\u00a0pelo site. No <a href=\"https:\/\/usilink.usinadenoticias.com.br\/cl\/PS5mI\/yv\/ae20\/Ohqq0PWi_LX\/BOe9\/KLc4R6ZuKqy\/1\/\">link<\/a>, os interessados t\u00eam acesso ao conte\u00fado program\u00e1tico e \u00e0 metodologia de ensino, al\u00e9m da pol\u00edtica de descontos oferecida pela institui\u00e7\u00e3o.\u00a0<\/p>\n\n\n\n<p>R\u00e1pida inser\u00e7\u00e3o no mercado de trabalho e hor\u00e1rio e local de estudo flex\u00edveis: esses s\u00e3o os principais focos dos cursos t\u00e9cnicos a dist\u00e2ncia do Senac. Os materiais did\u00e1ticos s\u00e3o compostos por podcasts, v\u00eddeos, anima\u00e7\u00f5es, simuladores, games, objetos de aprendizagem e e-books. A dura\u00e7\u00e3o das capacita\u00e7\u00f5es varia de 10 a 21 meses, de acordo com a op\u00e7\u00e3o escolhida.&nbsp;&nbsp;&nbsp;&nbsp;&nbsp;&nbsp;<\/p>\n\n\n\n<p>Confira os cursos com inscri\u00e7\u00f5es abertas:&nbsp;&nbsp;&nbsp;&nbsp;&nbsp;&nbsp;&nbsp;<\/p>\n\n\n\n<p><strong>T\u00e9cnicos<\/strong><br>T\u00e9cnico em Administra\u00e7\u00e3o;\u00a0\u00a0\u00a0<br>T\u00e9cnico em Contabilidade;\u00a0<br>T\u00e9cnico em Desenvolvimento de Sistemas;\u00a0\u00a0\u00a0<br>T\u00e9cnico em Design de Interiores;\u00a0\u00a0\u00a0<br>T\u00e9cnico em Guia de Turismo;\u00a0\u00a0\u00a0<br>T\u00e9cnico em Log\u00edstica;\u00a0\u00a0\u00a0<br>T\u00e9cnico em Meio Ambiente;\u00a0\u00a0\u00a0<br>T\u00e9cnico em \u00d3ptica;\u00a0\u00a0\u00a0<br>T\u00e9cnico em Qualidade;\u00a0\u00a0\u00a0<br>T\u00e9cnico em Recursos Humanos;\u00a0\u00a0\u00a0<br>T\u00e9cnico em Secretariado;\u00a0\u00a0\u00a0<br>T\u00e9cnico em Seguran\u00e7a do Trabalho;\u00a0\u00a0\u00a0<br>T\u00e9cnico em Transa\u00e7\u00f5es imobili\u00e1rias.\u00a0\u00a0\u00a0<\/p>\n\n\n\n<p><strong>P\u00f3s-t\u00e9cnica<\/strong><br>Especializa\u00e7\u00e3o T\u00e9cnica em Seguran\u00e7a do Trabalho em Meio Ambiente.\u00a0\u00a0\u00a0<\/p>\n","protected":false},"excerpt":{"rendered":"<p>As matr\u00edculas para o \u00faltimo ciclo dos\u00a0cursos t\u00e9cnicos\u00a0do\u00a0Senac EAD\u00a0em 2024 est\u00e3o abertas. No total, s\u00e3o 14 forma\u00e7\u00f5es nas \u00e1reas de Com\u00e9rcio, Design, Gest\u00e3o, Meio Ambiente, Sa\u00fade, Seguran\u00e7a do Trabalho, Tecnologia da Informa\u00e7\u00e3o e Turismo. As vagas s\u00e3o limitadas e as inscri\u00e7\u00f5es podem ser feitas at\u00e9 o dia 16 de dezembro\u00a0pelo site. No link, os interessados [&hellip;]<\/p>\n","protected":false},"author":8,"featured_media":174341,"comment_status":"open","ping_status":"open","sticky":false,"template":"","format":"standard","meta":{"pmpro_default_level":"","_jetpack_memberships_contains_paid_content":false,"footnotes":""},"categories":[10988,3,12041],"tags":[16971,946,1973],"class_list":{"0":"post-174339","1":"post","2":"type-post","3":"status-publish","4":"format-standard","5":"has-post-thumbnail","7":"category-educacao","8":"category-geral","9":"category-oportunidades","10":"tag-cursos-tecnicos-ead","11":"tag-inscricoes","12":"tag-senac","13":"pmpro-has-access"},"yoast_head":"<!-- This site is optimized with the Yoast SEO plugin v27.5 - https:\/\/yoast.com\/product\/yoast-seo-wordpress\/ -->\n<title>Capacite-se ainda em 2024: Senac abre inscri\u00e7\u00f5es para cursos t\u00e9cnicos EAD\u00a0 - Folha Popular<\/title>\n<meta name=\"robots\" content=\"index, follow, max-snippet:-1, max-image-preview:large, max-video-preview:-1\" \/>\n<link rel=\"canonical\" href=\"https:\/\/folhapopular.info\/index.php\/2024\/11\/12\/capacite-se-ainda-em-2024-senac-abre-inscricoes-para-cursos-tecnicos-ead\/\" \/>\n<meta property=\"og:locale\" content=\"pt_BR\" \/>\n<meta property=\"og:type\" content=\"article\" \/>\n<meta property=\"og:title\" content=\"Capacite-se ainda em 2024: Senac abre inscri\u00e7\u00f5es para cursos t\u00e9cnicos EAD\u00a0 - Folha Popular\" \/>\n<meta property=\"og:description\" content=\"As matr\u00edculas para o \u00faltimo ciclo dos\u00a0cursos t\u00e9cnicos\u00a0do\u00a0Senac EAD\u00a0em 2024 est\u00e3o abertas. No total, s\u00e3o 14 forma\u00e7\u00f5es nas \u00e1reas de Com\u00e9rcio, Design, Gest\u00e3o, Meio Ambiente, Sa\u00fade, Seguran\u00e7a do Trabalho, Tecnologia da Informa\u00e7\u00e3o e Turismo. As vagas s\u00e3o limitadas e as inscri\u00e7\u00f5es podem ser feitas at\u00e9 o dia 16 de dezembro\u00a0pelo site. No link, os interessados [&hellip;]\" \/>\n<meta property=\"og:url\" content=\"https:\/\/folhapopular.info\/index.php\/2024\/11\/12\/capacite-se-ainda-em-2024-senac-abre-inscricoes-para-cursos-tecnicos-ead\/\" \/>\n<meta property=\"og:site_name\" content=\"Folha Popular\" \/>\n<meta property=\"article:published_time\" content=\"2024-11-12T17:14:47+00:00\" \/>\n<meta property=\"article:modified_time\" content=\"2024-11-12T17:14:51+00:00\" \/>\n<meta property=\"og:image\" content=\"http:\/\/folhapopular.info\/wp-content\/uploads\/2024\/11\/unnamed-6-1.jpg\" \/>\n\t<meta property=\"og:image:width\" content=\"681\" \/>\n\t<meta property=\"og:image:height\" content=\"613\" \/>\n\t<meta property=\"og:image:type\" content=\"image\/jpeg\" \/>\n<meta name=\"author\" content=\"Reda\u00e7\u00e3o Folha Popular\" \/>\n<meta name=\"twitter:card\" content=\"summary_large_image\" \/>\n<meta name=\"twitter:label1\" content=\"Escrito por\" \/>\n\t<meta name=\"twitter:data1\" content=\"Reda\u00e7\u00e3o Folha Popular\" \/>\n\t<meta name=\"twitter:label2\" content=\"Est. tempo de leitura\" \/>\n\t<meta name=\"twitter:data2\" content=\"2 minutos\" \/>\n<script type=\"application\/ld+json\" class=\"yoast-schema-graph\">{\"@context\":\"https:\\\/\\\/schema.org\",\"@graph\":[{\"@type\":\"Article\",\"@id\":\"https:\\\/\\\/folhapopular.info\\\/index.php\\\/2024\\\/11\\\/12\\\/capacite-se-ainda-em-2024-senac-abre-inscricoes-para-cursos-tecnicos-ead\\\/#article\",\"isPartOf\":{\"@id\":\"https:\\\/\\\/folhapopular.info\\\/index.php\\\/2024\\\/11\\\/12\\\/capacite-se-ainda-em-2024-senac-abre-inscricoes-para-cursos-tecnicos-ead\\\/\"},\"author\":{\"name\":\"Reda\u00e7\u00e3o Folha Popular\",\"@id\":\"https:\\\/\\\/folhapopular.info\\\/#\\\/schema\\\/person\\\/2814e8a0df7643585a9ca38bc6eb9d4b\"},\"headline\":\"Capacite-se ainda em 2024: Senac abre inscri\u00e7\u00f5es para cursos t\u00e9cnicos EAD\u00a0\",\"datePublished\":\"2024-11-12T17:14:47+00:00\",\"dateModified\":\"2024-11-12T17:14:51+00:00\",\"mainEntityOfPage\":{\"@id\":\"https:\\\/\\\/folhapopular.info\\\/index.php\\\/2024\\\/11\\\/12\\\/capacite-se-ainda-em-2024-senac-abre-inscricoes-para-cursos-tecnicos-ead\\\/\"},\"wordCount\":278,\"commentCount\":0,\"image\":{\"@id\":\"https:\\\/\\\/folhapopular.info\\\/index.php\\\/2024\\\/11\\\/12\\\/capacite-se-ainda-em-2024-senac-abre-inscricoes-para-cursos-tecnicos-ead\\\/#primaryimage\"},\"thumbnailUrl\":\"https:\\\/\\\/folhapopular.info\\\/wp-content\\\/uploads\\\/2024\\\/11\\\/unnamed-6-1.jpg\",\"keywords\":[\"cursos t\u00e9cnicos EAD\",\"Inscri\u00e7\u00f5es\",\"Senac\"],\"articleSection\":[\"Educa\u00e7\u00e3o\",\"Geral\",\"Oportunidades\"],\"inLanguage\":\"pt-BR\",\"potentialAction\":[{\"@type\":\"CommentAction\",\"name\":\"Comment\",\"target\":[\"https:\\\/\\\/folhapopular.info\\\/index.php\\\/2024\\\/11\\\/12\\\/capacite-se-ainda-em-2024-senac-abre-inscricoes-para-cursos-tecnicos-ead\\\/#respond\"]}]},{\"@type\":\"WebPage\",\"@id\":\"https:\\\/\\\/folhapopular.info\\\/index.php\\\/2024\\\/11\\\/12\\\/capacite-se-ainda-em-2024-senac-abre-inscricoes-para-cursos-tecnicos-ead\\\/\",\"url\":\"https:\\\/\\\/folhapopular.info\\\/index.php\\\/2024\\\/11\\\/12\\\/capacite-se-ainda-em-2024-senac-abre-inscricoes-para-cursos-tecnicos-ead\\\/\",\"name\":\"Capacite-se ainda em 2024: Senac abre inscri\u00e7\u00f5es para cursos t\u00e9cnicos EAD\u00a0 - Folha Popular\",\"isPartOf\":{\"@id\":\"https:\\\/\\\/folhapopular.info\\\/#website\"},\"primaryImageOfPage\":{\"@id\":\"https:\\\/\\\/folhapopular.info\\\/index.php\\\/2024\\\/11\\\/12\\\/capacite-se-ainda-em-2024-senac-abre-inscricoes-para-cursos-tecnicos-ead\\\/#primaryimage\"},\"image\":{\"@id\":\"https:\\\/\\\/folhapopular.info\\\/index.php\\\/2024\\\/11\\\/12\\\/capacite-se-ainda-em-2024-senac-abre-inscricoes-para-cursos-tecnicos-ead\\\/#primaryimage\"},\"thumbnailUrl\":\"https:\\\/\\\/folhapopular.info\\\/wp-content\\\/uploads\\\/2024\\\/11\\\/unnamed-6-1.jpg\",\"datePublished\":\"2024-11-12T17:14:47+00:00\",\"dateModified\":\"2024-11-12T17:14:51+00:00\",\"author\":{\"@id\":\"https:\\\/\\\/folhapopular.info\\\/#\\\/schema\\\/person\\\/2814e8a0df7643585a9ca38bc6eb9d4b\"},\"breadcrumb\":{\"@id\":\"https:\\\/\\\/folhapopular.info\\\/index.php\\\/2024\\\/11\\\/12\\\/capacite-se-ainda-em-2024-senac-abre-inscricoes-para-cursos-tecnicos-ead\\\/#breadcrumb\"},\"inLanguage\":\"pt-BR\",\"potentialAction\":[{\"@type\":\"ReadAction\",\"target\":[\"https:\\\/\\\/folhapopular.info\\\/index.php\\\/2024\\\/11\\\/12\\\/capacite-se-ainda-em-2024-senac-abre-inscricoes-para-cursos-tecnicos-ead\\\/\"]}]},{\"@type\":\"ImageObject\",\"inLanguage\":\"pt-BR\",\"@id\":\"https:\\\/\\\/folhapopular.info\\\/index.php\\\/2024\\\/11\\\/12\\\/capacite-se-ainda-em-2024-senac-abre-inscricoes-para-cursos-tecnicos-ead\\\/#primaryimage\",\"url\":\"https:\\\/\\\/folhapopular.info\\\/wp-content\\\/uploads\\\/2024\\\/11\\\/unnamed-6-1.jpg\",\"contentUrl\":\"https:\\\/\\\/folhapopular.info\\\/wp-content\\\/uploads\\\/2024\\\/11\\\/unnamed-6-1.jpg\",\"width\":681,\"height\":613,\"caption\":\"Cr\u00e9dito: Divulga\u00e7\u00e3o\"},{\"@type\":\"BreadcrumbList\",\"@id\":\"https:\\\/\\\/folhapopular.info\\\/index.php\\\/2024\\\/11\\\/12\\\/capacite-se-ainda-em-2024-senac-abre-inscricoes-para-cursos-tecnicos-ead\\\/#breadcrumb\",\"itemListElement\":[{\"@type\":\"ListItem\",\"position\":1,\"name\":\"In\u00edcio\",\"item\":\"https:\\\/\\\/folhapopular.info\\\/\"},{\"@type\":\"ListItem\",\"position\":2,\"name\":\"Capacite-se ainda em 2024: Senac abre inscri\u00e7\u00f5es para cursos t\u00e9cnicos EAD\u00a0\"}]},{\"@type\":\"WebSite\",\"@id\":\"https:\\\/\\\/folhapopular.info\\\/#website\",\"url\":\"https:\\\/\\\/folhapopular.info\\\/\",\"name\":\"Folha Popular\",\"description\":\"Onde voc\u00ea tem vez e voz\",\"potentialAction\":[{\"@type\":\"SearchAction\",\"target\":{\"@type\":\"EntryPoint\",\"urlTemplate\":\"https:\\\/\\\/folhapopular.info\\\/?s={search_term_string}\"},\"query-input\":{\"@type\":\"PropertyValueSpecification\",\"valueRequired\":true,\"valueName\":\"search_term_string\"}}],\"inLanguage\":\"pt-BR\"},{\"@type\":\"Person\",\"@id\":\"https:\\\/\\\/folhapopular.info\\\/#\\\/schema\\\/person\\\/2814e8a0df7643585a9ca38bc6eb9d4b\",\"name\":\"Reda\u00e7\u00e3o Folha Popular\",\"image\":{\"@type\":\"ImageObject\",\"inLanguage\":\"pt-BR\",\"@id\":\"https:\\\/\\\/folhapopular.info\\\/wp-content\\\/uploads\\\/2026\\\/04\\\/Folha-1.webp\",\"url\":\"https:\\\/\\\/folhapopular.info\\\/wp-content\\\/uploads\\\/2026\\\/04\\\/Folha-1.webp\",\"contentUrl\":\"https:\\\/\\\/folhapopular.info\\\/wp-content\\\/uploads\\\/2026\\\/04\\\/Folha-1.webp\",\"caption\":\"Reda\u00e7\u00e3o Folha Popular\"},\"url\":\"https:\\\/\\\/folhapopular.info\\\/index.php\\\/author\\\/redacao\\\/\"}]}<\/script>\n<!-- \/ Yoast SEO plugin. -->","yoast_head_json":{"title":"Capacite-se ainda em 2024: Senac abre inscri\u00e7\u00f5es para cursos t\u00e9cnicos EAD\u00a0 - Folha Popular","robots":{"index":"index","follow":"follow","max-snippet":"max-snippet:-1","max-image-preview":"max-image-preview:large","max-video-preview":"max-video-preview:-1"},"canonical":"https:\/\/folhapopular.info\/index.php\/2024\/11\/12\/capacite-se-ainda-em-2024-senac-abre-inscricoes-para-cursos-tecnicos-ead\/","og_locale":"pt_BR","og_type":"article","og_title":"Capacite-se ainda em 2024: Senac abre inscri\u00e7\u00f5es para cursos t\u00e9cnicos EAD\u00a0 - Folha Popular","og_description":"As matr\u00edculas para o \u00faltimo ciclo dos\u00a0cursos t\u00e9cnicos\u00a0do\u00a0Senac EAD\u00a0em 2024 est\u00e3o abertas. No total, s\u00e3o 14 forma\u00e7\u00f5es nas \u00e1reas de Com\u00e9rcio, Design, Gest\u00e3o, Meio Ambiente, Sa\u00fade, Seguran\u00e7a do Trabalho, Tecnologia da Informa\u00e7\u00e3o e Turismo. As vagas s\u00e3o limitadas e as inscri\u00e7\u00f5es podem ser feitas at\u00e9 o dia 16 de dezembro\u00a0pelo site. No link, os interessados [&hellip;]","og_url":"https:\/\/folhapopular.info\/index.php\/2024\/11\/12\/capacite-se-ainda-em-2024-senac-abre-inscricoes-para-cursos-tecnicos-ead\/","og_site_name":"Folha Popular","article_published_time":"2024-11-12T17:14:47+00:00","article_modified_time":"2024-11-12T17:14:51+00:00","og_image":[{"width":681,"height":613,"url":"http:\/\/folhapopular.info\/wp-content\/uploads\/2024\/11\/unnamed-6-1.jpg","type":"image\/jpeg"}],"author":"Reda\u00e7\u00e3o Folha Popular","twitter_card":"summary_large_image","twitter_misc":{"Escrito por":"Reda\u00e7\u00e3o Folha Popular","Est. tempo de leitura":"2 minutos"},"schema":{"@context":"https:\/\/schema.org","@graph":[{"@type":"Article","@id":"https:\/\/folhapopular.info\/index.php\/2024\/11\/12\/capacite-se-ainda-em-2024-senac-abre-inscricoes-para-cursos-tecnicos-ead\/#article","isPartOf":{"@id":"https:\/\/folhapopular.info\/index.php\/2024\/11\/12\/capacite-se-ainda-em-2024-senac-abre-inscricoes-para-cursos-tecnicos-ead\/"},"author":{"name":"Reda\u00e7\u00e3o Folha Popular","@id":"https:\/\/folhapopular.info\/#\/schema\/person\/2814e8a0df7643585a9ca38bc6eb9d4b"},"headline":"Capacite-se ainda em 2024: Senac abre inscri\u00e7\u00f5es para cursos t\u00e9cnicos EAD\u00a0","datePublished":"2024-11-12T17:14:47+00:00","dateModified":"2024-11-12T17:14:51+00:00","mainEntityOfPage":{"@id":"https:\/\/folhapopular.info\/index.php\/2024\/11\/12\/capacite-se-ainda-em-2024-senac-abre-inscricoes-para-cursos-tecnicos-ead\/"},"wordCount":278,"commentCount":0,"image":{"@id":"https:\/\/folhapopular.info\/index.php\/2024\/11\/12\/capacite-se-ainda-em-2024-senac-abre-inscricoes-para-cursos-tecnicos-ead\/#primaryimage"},"thumbnailUrl":"https:\/\/folhapopular.info\/wp-content\/uploads\/2024\/11\/unnamed-6-1.jpg","keywords":["cursos t\u00e9cnicos EAD","Inscri\u00e7\u00f5es","Senac"],"articleSection":["Educa\u00e7\u00e3o","Geral","Oportunidades"],"inLanguage":"pt-BR","potentialAction":[{"@type":"CommentAction","name":"Comment","target":["https:\/\/folhapopular.info\/index.php\/2024\/11\/12\/capacite-se-ainda-em-2024-senac-abre-inscricoes-para-cursos-tecnicos-ead\/#respond"]}]},{"@type":"WebPage","@id":"https:\/\/folhapopular.info\/index.php\/2024\/11\/12\/capacite-se-ainda-em-2024-senac-abre-inscricoes-para-cursos-tecnicos-ead\/","url":"https:\/\/folhapopular.info\/index.php\/2024\/11\/12\/capacite-se-ainda-em-2024-senac-abre-inscricoes-para-cursos-tecnicos-ead\/","name":"Capacite-se ainda em 2024: Senac abre inscri\u00e7\u00f5es para cursos t\u00e9cnicos EAD\u00a0 - Folha Popular","isPartOf":{"@id":"https:\/\/folhapopular.info\/#website"},"primaryImageOfPage":{"@id":"https:\/\/folhapopular.info\/index.php\/2024\/11\/12\/capacite-se-ainda-em-2024-senac-abre-inscricoes-para-cursos-tecnicos-ead\/#primaryimage"},"image":{"@id":"https:\/\/folhapopular.info\/index.php\/2024\/11\/12\/capacite-se-ainda-em-2024-senac-abre-inscricoes-para-cursos-tecnicos-ead\/#primaryimage"},"thumbnailUrl":"https:\/\/folhapopular.info\/wp-content\/uploads\/2024\/11\/unnamed-6-1.jpg","datePublished":"2024-11-12T17:14:47+00:00","dateModified":"2024-11-12T17:14:51+00:00","author":{"@id":"https:\/\/folhapopular.info\/#\/schema\/person\/2814e8a0df7643585a9ca38bc6eb9d4b"},"breadcrumb":{"@id":"https:\/\/folhapopular.info\/index.php\/2024\/11\/12\/capacite-se-ainda-em-2024-senac-abre-inscricoes-para-cursos-tecnicos-ead\/#breadcrumb"},"inLanguage":"pt-BR","potentialAction":[{"@type":"ReadAction","target":["https:\/\/folhapopular.info\/index.php\/2024\/11\/12\/capacite-se-ainda-em-2024-senac-abre-inscricoes-para-cursos-tecnicos-ead\/"]}]},{"@type":"ImageObject","inLanguage":"pt-BR","@id":"https:\/\/folhapopular.info\/index.php\/2024\/11\/12\/capacite-se-ainda-em-2024-senac-abre-inscricoes-para-cursos-tecnicos-ead\/#primaryimage","url":"https:\/\/folhapopular.info\/wp-content\/uploads\/2024\/11\/unnamed-6-1.jpg","contentUrl":"https:\/\/folhapopular.info\/wp-content\/uploads\/2024\/11\/unnamed-6-1.jpg","width":681,"height":613,"caption":"Cr\u00e9dito: Divulga\u00e7\u00e3o"},{"@type":"BreadcrumbList","@id":"https:\/\/folhapopular.info\/index.php\/2024\/11\/12\/capacite-se-ainda-em-2024-senac-abre-inscricoes-para-cursos-tecnicos-ead\/#breadcrumb","itemListElement":[{"@type":"ListItem","position":1,"name":"In\u00edcio","item":"https:\/\/folhapopular.info\/"},{"@type":"ListItem","position":2,"name":"Capacite-se ainda em 2024: Senac abre inscri\u00e7\u00f5es para cursos t\u00e9cnicos EAD\u00a0"}]},{"@type":"WebSite","@id":"https:\/\/folhapopular.info\/#website","url":"https:\/\/folhapopular.info\/","name":"Folha Popular","description":"Onde voc\u00ea tem vez e voz","potentialAction":[{"@type":"SearchAction","target":{"@type":"EntryPoint","urlTemplate":"https:\/\/folhapopular.info\/?s={search_term_string}"},"query-input":{"@type":"PropertyValueSpecification","valueRequired":true,"valueName":"search_term_string"}}],"inLanguage":"pt-BR"},{"@type":"Person","@id":"https:\/\/folhapopular.info\/#\/schema\/person\/2814e8a0df7643585a9ca38bc6eb9d4b","name":"Reda\u00e7\u00e3o Folha Popular","image":{"@type":"ImageObject","inLanguage":"pt-BR","@id":"https:\/\/folhapopular.info\/wp-content\/uploads\/2026\/04\/Folha-1.webp","url":"https:\/\/folhapopular.info\/wp-content\/uploads\/2026\/04\/Folha-1.webp","contentUrl":"https:\/\/folhapopular.info\/wp-content\/uploads\/2026\/04\/Folha-1.webp","caption":"Reda\u00e7\u00e3o Folha Popular"},"url":"https:\/\/folhapopular.info\/index.php\/author\/redacao\/"}]}},"jetpack_featured_media_url":"https:\/\/folhapopular.info\/wp-content\/uploads\/2024\/11\/unnamed-6-1.jpg","jetpack_sharing_enabled":true,"amp_enabled":true,"_links":{"self":[{"href":"https:\/\/folhapopular.info\/index.php\/wp-json\/wp\/v2\/posts\/174339","targetHints":{"allow":["GET"]}}],"collection":[{"href":"https:\/\/folhapopular.info\/index.php\/wp-json\/wp\/v2\/posts"}],"about":[{"href":"https:\/\/folhapopular.info\/index.php\/wp-json\/wp\/v2\/types\/post"}],"author":[{"embeddable":true,"href":"https:\/\/folhapopular.info\/index.php\/wp-json\/wp\/v2\/users\/8"}],"replies":[{"embeddable":true,"href":"https:\/\/folhapopular.info\/index.php\/wp-json\/wp\/v2\/comments?post=174339"}],"version-history":[{"count":0,"href":"https:\/\/folhapopular.info\/index.php\/wp-json\/wp\/v2\/posts\/174339\/revisions"}],"wp:featuredmedia":[{"embeddable":true,"href":"https:\/\/folhapopular.info\/index.php\/wp-json\/wp\/v2\/media\/174341"}],"wp:attachment":[{"href":"https:\/\/folhapopular.info\/index.php\/wp-json\/wp\/v2\/media?parent=174339"}],"wp:term":[{"taxonomy":"category","embeddable":true,"href":"https:\/\/folhapopular.info\/index.php\/wp-json\/wp\/v2\/categories?post=174339"},{"taxonomy":"post_tag","embeddable":true,"href":"https:\/\/folhapopular.info\/index.php\/wp-json\/wp\/v2\/tags?post=174339"}],"curies":[{"name":"wp","href":"https:\/\/api.w.org\/{rel}","templated":true}]}}