{"id":174601,"date":"2024-11-15T08:00:00","date_gmt":"2024-11-15T11:00:00","guid":{"rendered":"https:\/\/folhapopular.info\/?p=174601"},"modified":"2024-11-14T11:20:22","modified_gmt":"2024-11-14T14:20:22","slug":"estado-lanca-roadmap-climatico-durante-assembleia-da-under2-na-conferencia-do-clima","status":"publish","type":"post","link":"https:\/\/folhapopular.info\/index.php\/2024\/11\/15\/estado-lanca-roadmap-climatico-durante-assembleia-da-under2-na-conferencia-do-clima\/","title":{"rendered":"Estado lan\u00e7a Roadmap Clim\u00e1tico durante assembleia da Under2 na Confer\u00eancia do Clima"},"content":{"rendered":"\n<p>A assembleia geral da coaliz\u00e3o Under2, realizada na quinta-feira (14\/11) em um hotel de Baku, no Azerbaij\u00e3o, foi o momento escolhido pelo Rio Grande do Sul para lan\u00e7ar sua nova ferramenta de suporte para adapta\u00e7\u00e3o \u00e0s mudan\u00e7as do clima: o\u00a0<a href=\"https:\/\/roadmapclimatico.rs.gov.br\/\" target=\"_blank\" rel=\"noreferrer noopener\">Roadmap Clim\u00e1tico<\/a>. Em frente a uma plateia selecionada, composta por autoridades mundiais, a secret\u00e1ria do Meio Ambiente e Infraestrutura, Marjorie Kauffmann, falou sobre a plataforma que ter\u00e1 papel fundamental nas pol\u00edticas p\u00fablicas estaduais.<\/p>\n\n\n\n<p>O projeto da plataforma \u00e9 focado nos munic\u00edpios ga\u00fachos, que ter\u00e3o a miss\u00e3o de colaborar com a plataforma respondendo a um question\u00e1rio enviado a cada Comiss\u00e3o Municipal de Mudan\u00e7as Clim\u00e1ticas. Os dados recebidos s\u00e3o lan\u00e7ados automaticamente em um sistema, que far\u00e1 o mapeamento das a\u00e7\u00f5es que j\u00e1 ocorrem localmente.<\/p>\n\n\n\n<p>\u201cLan\u00e7ar o Roadmap Clim\u00e1tico aqui, durante a Confer\u00eancia do Clima (COP29), para este p\u00fablico, foi uma escolha estrat\u00e9gica para que o mundo tome conhecimento desta importante entrega do Governo do Rio Grande do Sul. O projeto integra os 497 munic\u00edpios ga\u00fachos para atingirmos juntos as metas clim\u00e1ticas, alcan\u00e7ando a adapta\u00e7\u00e3o para a resili\u00eancia com o envolvimento de todos os n\u00edveis de governan\u00e7a. O projeto contou com o reconhecimento do Under2, essa importante institui\u00e7\u00e3o, que financiou parte da plataforma\u201d, afirmou Marjorie Kauffmann.<\/p>\n\n\n\n<p>A coaliz\u00e3o Under2, com sede administrativa em Londres, no Reino Unido, \u00e9 uma organiza\u00e7\u00e3o global gerida pelo Climate Group. O Rio Grande do Sul faz parte da coaliz\u00e3o desde 2022, quando o governador Eduardo Leite assinou o Memorando de Entendimento de Lideran\u00e7a Clim\u00e1tica Global. A institui\u00e7\u00e3o destina recursos para projetos de mitiga\u00e7\u00e3o e adapta\u00e7\u00e3o \u00e0 mudan\u00e7a clim\u00e1tica nos pa\u00edses em desenvolvimento.<\/p>\n\n\n\n<p>O projeto Roadmap Clim\u00e1tico foi um dos selecionados pelo Conselho Consultivo do Future Fund, vinculado \u00e0 Under2, para receber recursos internacionais. A plataforma foi desenvolvida em oito eixos: administrativo, governan\u00e7a, invent\u00e1rio de gases de efeito estufa (GEE), an\u00e1lise de riscos e vulnerabilidade, plano de a\u00e7\u00e3o clim\u00e1tica, educa\u00e7\u00e3o para a sustentabilidade, atos normativos, e programas e projetos. O desenvolvimento da ferramenta ocorreu em aproximadamente seis meses.<\/p>\n\n\n\n<p>\u201cA inten\u00e7\u00e3o da plataforma n\u00e3o \u00e9 fazer um ranqueamento, mas sim dar subs\u00eddios para que o Estado conhe\u00e7a a realidade de cada regi\u00e3o e possa atuar em pol\u00edticas p\u00fablicas espec\u00edficas. \u00c9 uma plataforma colaborativa e n\u00f3s contamos com a informa\u00e7\u00e3o dos munic\u00edpios nessa constru\u00e7\u00e3o\u201d, explicou a coordenadora da Assessoria do Clima da Sema,&nbsp;Daniela Lara. Ela acrescentou que os dados ser\u00e3o importantes para o desenvolvimento da governan\u00e7a clim\u00e1tica, que est\u00e1 em andamento no Estado.<\/p>\n\n\n\n<p>A plataforma, desenvolvida pela Assessoria do Clima da Sema, contou com a parceria da Secretaria do Planejamento, Governan\u00e7a e Gest\u00e3o, por meio da Infraestrutura Estadual de Dados Espaciais, e da Universidade Estadual do Rio Grande do Sul.<\/p>\n","protected":false},"excerpt":{"rendered":"<p>A assembleia geral da coaliz\u00e3o Under2, realizada na quinta-feira (14\/11) em um hotel de Baku, no Azerbaij\u00e3o, foi o momento escolhido pelo Rio Grande do Sul para lan\u00e7ar sua nova ferramenta de suporte para adapta\u00e7\u00e3o \u00e0s mudan\u00e7as do clima: o\u00a0Roadmap Clim\u00e1tico. Em frente a uma plateia selecionada, composta por autoridades mundiais, a secret\u00e1ria do Meio [&hellip;]<\/p>\n","protected":false},"author":8,"featured_media":174602,"comment_status":"open","ping_status":"open","sticky":false,"template":"","format":"standard","meta":{"pmpro_default_level":"","_jetpack_memberships_contains_paid_content":false,"footnotes":""},"categories":[3,11025],"tags":[17024,1794,17023,17025],"class_list":{"0":"post-174601","1":"post","2":"type-post","3":"status-publish","4":"format-standard","5":"has-post-thumbnail","7":"category-geral","8":"category-meio-ambiente","9":"tag-conferencia-do-clima","10":"tag-rio-grande-do-sul","11":"tag-roadmap-climatico","12":"tag-under2","13":"pmpro-has-access"},"yoast_head":"<!-- This site is optimized with the Yoast SEO plugin v27.5 - https:\/\/yoast.com\/product\/yoast-seo-wordpress\/ -->\n<title>Estado lan\u00e7a Roadmap Clim\u00e1tico durante assembleia da Under2 na Confer\u00eancia do Clima - Folha Popular<\/title>\n<meta name=\"robots\" content=\"index, follow, max-snippet:-1, max-image-preview:large, max-video-preview:-1\" \/>\n<link rel=\"canonical\" href=\"https:\/\/folhapopular.info\/index.php\/2024\/11\/15\/estado-lanca-roadmap-climatico-durante-assembleia-da-under2-na-conferencia-do-clima\/\" \/>\n<meta property=\"og:locale\" content=\"pt_BR\" \/>\n<meta property=\"og:type\" content=\"article\" \/>\n<meta property=\"og:title\" content=\"Estado lan\u00e7a Roadmap Clim\u00e1tico durante assembleia da Under2 na Confer\u00eancia do Clima - Folha Popular\" \/>\n<meta property=\"og:description\" content=\"A assembleia geral da coaliz\u00e3o Under2, realizada na quinta-feira (14\/11) em um hotel de Baku, no Azerbaij\u00e3o, foi o momento escolhido pelo Rio Grande do Sul para lan\u00e7ar sua nova ferramenta de suporte para adapta\u00e7\u00e3o \u00e0s mudan\u00e7as do clima: o\u00a0Roadmap Clim\u00e1tico. Em frente a uma plateia selecionada, composta por autoridades mundiais, a secret\u00e1ria do Meio [&hellip;]\" \/>\n<meta property=\"og:url\" content=\"https:\/\/folhapopular.info\/index.php\/2024\/11\/15\/estado-lanca-roadmap-climatico-durante-assembleia-da-under2-na-conferencia-do-clima\/\" \/>\n<meta property=\"og:site_name\" content=\"Folha Popular\" \/>\n<meta property=\"article:published_time\" content=\"2024-11-15T11:00:00+00:00\" \/>\n<meta property=\"og:image\" content=\"https:\/\/folhapopular.info\/wp-content\/uploads\/2024\/11\/14101436_2159669_GD.jpeg\" \/>\n\t<meta property=\"og:image:width\" content=\"945\" \/>\n\t<meta property=\"og:image:height\" content=\"532\" \/>\n\t<meta property=\"og:image:type\" content=\"image\/jpeg\" \/>\n<meta name=\"author\" content=\"Reda\u00e7\u00e3o Folha Popular\" \/>\n<meta name=\"twitter:card\" content=\"summary_large_image\" \/>\n<meta name=\"twitter:label1\" content=\"Escrito por\" \/>\n\t<meta name=\"twitter:data1\" content=\"Reda\u00e7\u00e3o Folha Popular\" \/>\n\t<meta name=\"twitter:label2\" content=\"Est. tempo de leitura\" \/>\n\t<meta name=\"twitter:data2\" content=\"3 minutos\" \/>\n<script type=\"application\/ld+json\" class=\"yoast-schema-graph\">{\"@context\":\"https:\\\/\\\/schema.org\",\"@graph\":[{\"@type\":\"Article\",\"@id\":\"https:\\\/\\\/folhapopular.info\\\/index.php\\\/2024\\\/11\\\/15\\\/estado-lanca-roadmap-climatico-durante-assembleia-da-under2-na-conferencia-do-clima\\\/#article\",\"isPartOf\":{\"@id\":\"https:\\\/\\\/folhapopular.info\\\/index.php\\\/2024\\\/11\\\/15\\\/estado-lanca-roadmap-climatico-durante-assembleia-da-under2-na-conferencia-do-clima\\\/\"},\"author\":{\"name\":\"Reda\u00e7\u00e3o Folha Popular\",\"@id\":\"https:\\\/\\\/folhapopular.info\\\/#\\\/schema\\\/person\\\/2814e8a0df7643585a9ca38bc6eb9d4b\"},\"headline\":\"Estado lan\u00e7a Roadmap Clim\u00e1tico durante assembleia da Under2 na Confer\u00eancia do Clima\",\"datePublished\":\"2024-11-15T11:00:00+00:00\",\"mainEntityOfPage\":{\"@id\":\"https:\\\/\\\/folhapopular.info\\\/index.php\\\/2024\\\/11\\\/15\\\/estado-lanca-roadmap-climatico-durante-assembleia-da-under2-na-conferencia-do-clima\\\/\"},\"wordCount\":516,\"commentCount\":0,\"image\":{\"@id\":\"https:\\\/\\\/folhapopular.info\\\/index.php\\\/2024\\\/11\\\/15\\\/estado-lanca-roadmap-climatico-durante-assembleia-da-under2-na-conferencia-do-clima\\\/#primaryimage\"},\"thumbnailUrl\":\"https:\\\/\\\/folhapopular.info\\\/wp-content\\\/uploads\\\/2024\\\/11\\\/14101436_2159669_GD.jpeg\",\"keywords\":[\"Confer\u00eancia do Clima\",\"Rio Grande do Sul\",\"Roadmap Clim\u00e1tico\",\"Under2\"],\"articleSection\":[\"Geral\",\"Meio Ambiente\"],\"inLanguage\":\"pt-BR\",\"potentialAction\":[{\"@type\":\"CommentAction\",\"name\":\"Comment\",\"target\":[\"https:\\\/\\\/folhapopular.info\\\/index.php\\\/2024\\\/11\\\/15\\\/estado-lanca-roadmap-climatico-durante-assembleia-da-under2-na-conferencia-do-clima\\\/#respond\"]}]},{\"@type\":\"WebPage\",\"@id\":\"https:\\\/\\\/folhapopular.info\\\/index.php\\\/2024\\\/11\\\/15\\\/estado-lanca-roadmap-climatico-durante-assembleia-da-under2-na-conferencia-do-clima\\\/\",\"url\":\"https:\\\/\\\/folhapopular.info\\\/index.php\\\/2024\\\/11\\\/15\\\/estado-lanca-roadmap-climatico-durante-assembleia-da-under2-na-conferencia-do-clima\\\/\",\"name\":\"Estado lan\u00e7a Roadmap Clim\u00e1tico durante assembleia da Under2 na Confer\u00eancia do Clima - Folha Popular\",\"isPartOf\":{\"@id\":\"https:\\\/\\\/folhapopular.info\\\/#website\"},\"primaryImageOfPage\":{\"@id\":\"https:\\\/\\\/folhapopular.info\\\/index.php\\\/2024\\\/11\\\/15\\\/estado-lanca-roadmap-climatico-durante-assembleia-da-under2-na-conferencia-do-clima\\\/#primaryimage\"},\"image\":{\"@id\":\"https:\\\/\\\/folhapopular.info\\\/index.php\\\/2024\\\/11\\\/15\\\/estado-lanca-roadmap-climatico-durante-assembleia-da-under2-na-conferencia-do-clima\\\/#primaryimage\"},\"thumbnailUrl\":\"https:\\\/\\\/folhapopular.info\\\/wp-content\\\/uploads\\\/2024\\\/11\\\/14101436_2159669_GD.jpeg\",\"datePublished\":\"2024-11-15T11:00:00+00:00\",\"author\":{\"@id\":\"https:\\\/\\\/folhapopular.info\\\/#\\\/schema\\\/person\\\/2814e8a0df7643585a9ca38bc6eb9d4b\"},\"breadcrumb\":{\"@id\":\"https:\\\/\\\/folhapopular.info\\\/index.php\\\/2024\\\/11\\\/15\\\/estado-lanca-roadmap-climatico-durante-assembleia-da-under2-na-conferencia-do-clima\\\/#breadcrumb\"},\"inLanguage\":\"pt-BR\",\"potentialAction\":[{\"@type\":\"ReadAction\",\"target\":[\"https:\\\/\\\/folhapopular.info\\\/index.php\\\/2024\\\/11\\\/15\\\/estado-lanca-roadmap-climatico-durante-assembleia-da-under2-na-conferencia-do-clima\\\/\"]}]},{\"@type\":\"ImageObject\",\"inLanguage\":\"pt-BR\",\"@id\":\"https:\\\/\\\/folhapopular.info\\\/index.php\\\/2024\\\/11\\\/15\\\/estado-lanca-roadmap-climatico-durante-assembleia-da-under2-na-conferencia-do-clima\\\/#primaryimage\",\"url\":\"https:\\\/\\\/folhapopular.info\\\/wp-content\\\/uploads\\\/2024\\\/11\\\/14101436_2159669_GD.jpeg\",\"contentUrl\":\"https:\\\/\\\/folhapopular.info\\\/wp-content\\\/uploads\\\/2024\\\/11\\\/14101436_2159669_GD.jpeg\",\"width\":945,\"height\":532,\"caption\":\"Cr\u00e9dito: Divulga\u00e7\u00e3o\"},{\"@type\":\"BreadcrumbList\",\"@id\":\"https:\\\/\\\/folhapopular.info\\\/index.php\\\/2024\\\/11\\\/15\\\/estado-lanca-roadmap-climatico-durante-assembleia-da-under2-na-conferencia-do-clima\\\/#breadcrumb\",\"itemListElement\":[{\"@type\":\"ListItem\",\"position\":1,\"name\":\"In\u00edcio\",\"item\":\"https:\\\/\\\/folhapopular.info\\\/\"},{\"@type\":\"ListItem\",\"position\":2,\"name\":\"Estado lan\u00e7a Roadmap Clim\u00e1tico durante assembleia da Under2 na Confer\u00eancia do Clima\"}]},{\"@type\":\"WebSite\",\"@id\":\"https:\\\/\\\/folhapopular.info\\\/#website\",\"url\":\"https:\\\/\\\/folhapopular.info\\\/\",\"name\":\"Folha Popular\",\"description\":\"Onde voc\u00ea tem vez e voz\",\"potentialAction\":[{\"@type\":\"SearchAction\",\"target\":{\"@type\":\"EntryPoint\",\"urlTemplate\":\"https:\\\/\\\/folhapopular.info\\\/?s={search_term_string}\"},\"query-input\":{\"@type\":\"PropertyValueSpecification\",\"valueRequired\":true,\"valueName\":\"search_term_string\"}}],\"inLanguage\":\"pt-BR\"},{\"@type\":\"Person\",\"@id\":\"https:\\\/\\\/folhapopular.info\\\/#\\\/schema\\\/person\\\/2814e8a0df7643585a9ca38bc6eb9d4b\",\"name\":\"Reda\u00e7\u00e3o Folha Popular\",\"image\":{\"@type\":\"ImageObject\",\"inLanguage\":\"pt-BR\",\"@id\":\"https:\\\/\\\/folhapopular.info\\\/wp-content\\\/uploads\\\/2026\\\/04\\\/Folha-1.webp\",\"url\":\"https:\\\/\\\/folhapopular.info\\\/wp-content\\\/uploads\\\/2026\\\/04\\\/Folha-1.webp\",\"contentUrl\":\"https:\\\/\\\/folhapopular.info\\\/wp-content\\\/uploads\\\/2026\\\/04\\\/Folha-1.webp\",\"caption\":\"Reda\u00e7\u00e3o Folha Popular\"},\"url\":\"https:\\\/\\\/folhapopular.info\\\/index.php\\\/author\\\/redacao\\\/\"}]}<\/script>\n<!-- \/ Yoast SEO plugin. -->","yoast_head_json":{"title":"Estado lan\u00e7a Roadmap Clim\u00e1tico durante assembleia da Under2 na Confer\u00eancia do Clima - Folha Popular","robots":{"index":"index","follow":"follow","max-snippet":"max-snippet:-1","max-image-preview":"max-image-preview:large","max-video-preview":"max-video-preview:-1"},"canonical":"https:\/\/folhapopular.info\/index.php\/2024\/11\/15\/estado-lanca-roadmap-climatico-durante-assembleia-da-under2-na-conferencia-do-clima\/","og_locale":"pt_BR","og_type":"article","og_title":"Estado lan\u00e7a Roadmap Clim\u00e1tico durante assembleia da Under2 na Confer\u00eancia do Clima - Folha Popular","og_description":"A assembleia geral da coaliz\u00e3o Under2, realizada na quinta-feira (14\/11) em um hotel de Baku, no Azerbaij\u00e3o, foi o momento escolhido pelo Rio Grande do Sul para lan\u00e7ar sua nova ferramenta de suporte para adapta\u00e7\u00e3o \u00e0s mudan\u00e7as do clima: o\u00a0Roadmap Clim\u00e1tico. Em frente a uma plateia selecionada, composta por autoridades mundiais, a secret\u00e1ria do Meio [&hellip;]","og_url":"https:\/\/folhapopular.info\/index.php\/2024\/11\/15\/estado-lanca-roadmap-climatico-durante-assembleia-da-under2-na-conferencia-do-clima\/","og_site_name":"Folha Popular","article_published_time":"2024-11-15T11:00:00+00:00","og_image":[{"width":945,"height":532,"url":"https:\/\/folhapopular.info\/wp-content\/uploads\/2024\/11\/14101436_2159669_GD.jpeg","type":"image\/jpeg"}],"author":"Reda\u00e7\u00e3o Folha Popular","twitter_card":"summary_large_image","twitter_misc":{"Escrito por":"Reda\u00e7\u00e3o Folha Popular","Est. tempo de leitura":"3 minutos"},"schema":{"@context":"https:\/\/schema.org","@graph":[{"@type":"Article","@id":"https:\/\/folhapopular.info\/index.php\/2024\/11\/15\/estado-lanca-roadmap-climatico-durante-assembleia-da-under2-na-conferencia-do-clima\/#article","isPartOf":{"@id":"https:\/\/folhapopular.info\/index.php\/2024\/11\/15\/estado-lanca-roadmap-climatico-durante-assembleia-da-under2-na-conferencia-do-clima\/"},"author":{"name":"Reda\u00e7\u00e3o Folha Popular","@id":"https:\/\/folhapopular.info\/#\/schema\/person\/2814e8a0df7643585a9ca38bc6eb9d4b"},"headline":"Estado lan\u00e7a Roadmap Clim\u00e1tico durante assembleia da Under2 na Confer\u00eancia do Clima","datePublished":"2024-11-15T11:00:00+00:00","mainEntityOfPage":{"@id":"https:\/\/folhapopular.info\/index.php\/2024\/11\/15\/estado-lanca-roadmap-climatico-durante-assembleia-da-under2-na-conferencia-do-clima\/"},"wordCount":516,"commentCount":0,"image":{"@id":"https:\/\/folhapopular.info\/index.php\/2024\/11\/15\/estado-lanca-roadmap-climatico-durante-assembleia-da-under2-na-conferencia-do-clima\/#primaryimage"},"thumbnailUrl":"https:\/\/folhapopular.info\/wp-content\/uploads\/2024\/11\/14101436_2159669_GD.jpeg","keywords":["Confer\u00eancia do Clima","Rio Grande do Sul","Roadmap Clim\u00e1tico","Under2"],"articleSection":["Geral","Meio Ambiente"],"inLanguage":"pt-BR","potentialAction":[{"@type":"CommentAction","name":"Comment","target":["https:\/\/folhapopular.info\/index.php\/2024\/11\/15\/estado-lanca-roadmap-climatico-durante-assembleia-da-under2-na-conferencia-do-clima\/#respond"]}]},{"@type":"WebPage","@id":"https:\/\/folhapopular.info\/index.php\/2024\/11\/15\/estado-lanca-roadmap-climatico-durante-assembleia-da-under2-na-conferencia-do-clima\/","url":"https:\/\/folhapopular.info\/index.php\/2024\/11\/15\/estado-lanca-roadmap-climatico-durante-assembleia-da-under2-na-conferencia-do-clima\/","name":"Estado lan\u00e7a Roadmap Clim\u00e1tico durante assembleia da Under2 na Confer\u00eancia do Clima - Folha Popular","isPartOf":{"@id":"https:\/\/folhapopular.info\/#website"},"primaryImageOfPage":{"@id":"https:\/\/folhapopular.info\/index.php\/2024\/11\/15\/estado-lanca-roadmap-climatico-durante-assembleia-da-under2-na-conferencia-do-clima\/#primaryimage"},"image":{"@id":"https:\/\/folhapopular.info\/index.php\/2024\/11\/15\/estado-lanca-roadmap-climatico-durante-assembleia-da-under2-na-conferencia-do-clima\/#primaryimage"},"thumbnailUrl":"https:\/\/folhapopular.info\/wp-content\/uploads\/2024\/11\/14101436_2159669_GD.jpeg","datePublished":"2024-11-15T11:00:00+00:00","author":{"@id":"https:\/\/folhapopular.info\/#\/schema\/person\/2814e8a0df7643585a9ca38bc6eb9d4b"},"breadcrumb":{"@id":"https:\/\/folhapopular.info\/index.php\/2024\/11\/15\/estado-lanca-roadmap-climatico-durante-assembleia-da-under2-na-conferencia-do-clima\/#breadcrumb"},"inLanguage":"pt-BR","potentialAction":[{"@type":"ReadAction","target":["https:\/\/folhapopular.info\/index.php\/2024\/11\/15\/estado-lanca-roadmap-climatico-durante-assembleia-da-under2-na-conferencia-do-clima\/"]}]},{"@type":"ImageObject","inLanguage":"pt-BR","@id":"https:\/\/folhapopular.info\/index.php\/2024\/11\/15\/estado-lanca-roadmap-climatico-durante-assembleia-da-under2-na-conferencia-do-clima\/#primaryimage","url":"https:\/\/folhapopular.info\/wp-content\/uploads\/2024\/11\/14101436_2159669_GD.jpeg","contentUrl":"https:\/\/folhapopular.info\/wp-content\/uploads\/2024\/11\/14101436_2159669_GD.jpeg","width":945,"height":532,"caption":"Cr\u00e9dito: Divulga\u00e7\u00e3o"},{"@type":"BreadcrumbList","@id":"https:\/\/folhapopular.info\/index.php\/2024\/11\/15\/estado-lanca-roadmap-climatico-durante-assembleia-da-under2-na-conferencia-do-clima\/#breadcrumb","itemListElement":[{"@type":"ListItem","position":1,"name":"In\u00edcio","item":"https:\/\/folhapopular.info\/"},{"@type":"ListItem","position":2,"name":"Estado lan\u00e7a Roadmap Clim\u00e1tico durante assembleia da Under2 na Confer\u00eancia do Clima"}]},{"@type":"WebSite","@id":"https:\/\/folhapopular.info\/#website","url":"https:\/\/folhapopular.info\/","name":"Folha Popular","description":"Onde voc\u00ea tem vez e voz","potentialAction":[{"@type":"SearchAction","target":{"@type":"EntryPoint","urlTemplate":"https:\/\/folhapopular.info\/?s={search_term_string}"},"query-input":{"@type":"PropertyValueSpecification","valueRequired":true,"valueName":"search_term_string"}}],"inLanguage":"pt-BR"},{"@type":"Person","@id":"https:\/\/folhapopular.info\/#\/schema\/person\/2814e8a0df7643585a9ca38bc6eb9d4b","name":"Reda\u00e7\u00e3o Folha Popular","image":{"@type":"ImageObject","inLanguage":"pt-BR","@id":"https:\/\/folhapopular.info\/wp-content\/uploads\/2026\/04\/Folha-1.webp","url":"https:\/\/folhapopular.info\/wp-content\/uploads\/2026\/04\/Folha-1.webp","contentUrl":"https:\/\/folhapopular.info\/wp-content\/uploads\/2026\/04\/Folha-1.webp","caption":"Reda\u00e7\u00e3o Folha Popular"},"url":"https:\/\/folhapopular.info\/index.php\/author\/redacao\/"}]}},"jetpack_featured_media_url":"https:\/\/folhapopular.info\/wp-content\/uploads\/2024\/11\/14101436_2159669_GD.jpeg","jetpack_sharing_enabled":true,"amp_enabled":true,"_links":{"self":[{"href":"https:\/\/folhapopular.info\/index.php\/wp-json\/wp\/v2\/posts\/174601","targetHints":{"allow":["GET"]}}],"collection":[{"href":"https:\/\/folhapopular.info\/index.php\/wp-json\/wp\/v2\/posts"}],"about":[{"href":"https:\/\/folhapopular.info\/index.php\/wp-json\/wp\/v2\/types\/post"}],"author":[{"embeddable":true,"href":"https:\/\/folhapopular.info\/index.php\/wp-json\/wp\/v2\/users\/8"}],"replies":[{"embeddable":true,"href":"https:\/\/folhapopular.info\/index.php\/wp-json\/wp\/v2\/comments?post=174601"}],"version-history":[{"count":0,"href":"https:\/\/folhapopular.info\/index.php\/wp-json\/wp\/v2\/posts\/174601\/revisions"}],"wp:featuredmedia":[{"embeddable":true,"href":"https:\/\/folhapopular.info\/index.php\/wp-json\/wp\/v2\/media\/174602"}],"wp:attachment":[{"href":"https:\/\/folhapopular.info\/index.php\/wp-json\/wp\/v2\/media?parent=174601"}],"wp:term":[{"taxonomy":"category","embeddable":true,"href":"https:\/\/folhapopular.info\/index.php\/wp-json\/wp\/v2\/categories?post=174601"},{"taxonomy":"post_tag","embeddable":true,"href":"https:\/\/folhapopular.info\/index.php\/wp-json\/wp\/v2\/tags?post=174601"}],"curies":[{"name":"wp","href":"https:\/\/api.w.org\/{rel}","templated":true}]}}