{"id":174996,"date":"2024-11-20T19:33:16","date_gmt":"2024-11-20T22:33:16","guid":{"rendered":"https:\/\/folhapopular.info\/?p=174996"},"modified":"2024-11-20T19:33:23","modified_gmt":"2024-11-20T22:33:23","slug":"homem-e-preso-por-trafico-de-drogas-em-taquari-8","status":"publish","type":"post","link":"https:\/\/folhapopular.info\/index.php\/2024\/11\/20\/homem-e-preso-por-trafico-de-drogas-em-taquari-8\/","title":{"rendered":"Homem \u00e9 preso por tr\u00e1fico de drogas em Taquari"},"content":{"rendered":"\n<p>Na noite desta ter\u00e7a-feira (19\/11), a Brigada Militar prendeu um homem, de 24 anos, por tr\u00e1fico de drogas no Bairro Parque do Meio, em Taquari.<\/p>\n\n\n\n<p>Durante a\u00e7\u00f5es de policiamento nas proximidades de um local denunciado por traficar entorpecentes, os militares lograram \u00eaxito na abordagem de um suspeito e localizaram 17 pedras de crack, 3 por\u00e7\u00f5es de maconha, uma bolsa pochete e R$ 57,00 em esp\u00e9cie.<\/p>\n\n\n\n<p>Diante dos fatos, o homem, que j\u00e1 possu\u00eda antecedentes por tr\u00e1fico de entorpecentes e roubo de ve\u00edculo, foi preso e conduzido \u00e0 Delegacia de Pol\u00edcia Civil de Pronto Atendimento de Lajeado para provid\u00eancias legais.<\/p>\n","protected":false},"excerpt":{"rendered":"<p>Na noite desta ter\u00e7a-feira (19\/11), a Brigada Militar prendeu um homem, de 24 anos, por tr\u00e1fico de drogas no Bairro Parque do Meio, em Taquari. Durante a\u00e7\u00f5es de policiamento nas proximidades de um local denunciado por traficar entorpecentes, os militares lograram \u00eaxito na abordagem de um suspeito e localizaram 17 pedras de crack, 3 por\u00e7\u00f5es [&hellip;]<\/p>\n","protected":false},"author":8,"featured_media":174997,"comment_status":"open","ping_status":"open","sticky":false,"template":"","format":"standard","meta":{"pmpro_default_level":"","_jetpack_memberships_contains_paid_content":false,"footnotes":""},"categories":[10982,7],"tags":[],"class_list":{"0":"post-174996","1":"post","2":"type-post","3":"status-publish","4":"format-standard","5":"has-post-thumbnail","7":"category-policia","8":"category-seguranca","9":"pmpro-has-access"},"yoast_head":"<!-- This site is optimized with the Yoast SEO plugin v27.5 - https:\/\/yoast.com\/product\/yoast-seo-wordpress\/ -->\n<title>Homem \u00e9 preso por tr\u00e1fico de drogas em Taquari - Folha Popular<\/title>\n<meta name=\"robots\" content=\"index, follow, max-snippet:-1, max-image-preview:large, max-video-preview:-1\" \/>\n<link rel=\"canonical\" href=\"https:\/\/folhapopular.info\/index.php\/2024\/11\/20\/homem-e-preso-por-trafico-de-drogas-em-taquari-8\/\" \/>\n<meta property=\"og:locale\" content=\"pt_BR\" \/>\n<meta property=\"og:type\" content=\"article\" \/>\n<meta property=\"og:title\" content=\"Homem \u00e9 preso por tr\u00e1fico de drogas em Taquari - Folha Popular\" \/>\n<meta property=\"og:description\" content=\"Na noite desta ter\u00e7a-feira (19\/11), a Brigada Militar prendeu um homem, de 24 anos, por tr\u00e1fico de drogas no Bairro Parque do Meio, em Taquari. Durante a\u00e7\u00f5es de policiamento nas proximidades de um local denunciado por traficar entorpecentes, os militares lograram \u00eaxito na abordagem de um suspeito e localizaram 17 pedras de crack, 3 por\u00e7\u00f5es [&hellip;]\" \/>\n<meta property=\"og:url\" content=\"https:\/\/folhapopular.info\/index.php\/2024\/11\/20\/homem-e-preso-por-trafico-de-drogas-em-taquari-8\/\" \/>\n<meta property=\"og:site_name\" content=\"Folha Popular\" \/>\n<meta property=\"article:published_time\" content=\"2024-11-20T22:33:16+00:00\" \/>\n<meta property=\"article:modified_time\" content=\"2024-11-20T22:33:23+00:00\" \/>\n<meta property=\"og:image\" content=\"http:\/\/folhapopular.info\/wp-content\/uploads\/2024\/11\/WhatsApp-Image-2024-11-20-at-10.41.02.jpeg\" \/>\n\t<meta property=\"og:image:width\" content=\"1200\" \/>\n\t<meta property=\"og:image:height\" content=\"1600\" \/>\n\t<meta property=\"og:image:type\" content=\"image\/jpeg\" \/>\n<meta name=\"author\" content=\"Reda\u00e7\u00e3o Folha Popular\" \/>\n<meta name=\"twitter:card\" content=\"summary_large_image\" \/>\n<meta name=\"twitter:label1\" content=\"Escrito por\" \/>\n\t<meta name=\"twitter:data1\" content=\"Reda\u00e7\u00e3o Folha Popular\" \/>\n\t<meta name=\"twitter:label2\" content=\"Est. tempo de leitura\" \/>\n\t<meta name=\"twitter:data2\" content=\"1 minuto\" \/>\n<script type=\"application\/ld+json\" class=\"yoast-schema-graph\">{\"@context\":\"https:\\\/\\\/schema.org\",\"@graph\":[{\"@type\":\"Article\",\"@id\":\"https:\\\/\\\/folhapopular.info\\\/index.php\\\/2024\\\/11\\\/20\\\/homem-e-preso-por-trafico-de-drogas-em-taquari-8\\\/#article\",\"isPartOf\":{\"@id\":\"https:\\\/\\\/folhapopular.info\\\/index.php\\\/2024\\\/11\\\/20\\\/homem-e-preso-por-trafico-de-drogas-em-taquari-8\\\/\"},\"author\":{\"name\":\"Reda\u00e7\u00e3o Folha Popular\",\"@id\":\"https:\\\/\\\/folhapopular.info\\\/#\\\/schema\\\/person\\\/2814e8a0df7643585a9ca38bc6eb9d4b\"},\"headline\":\"Homem \u00e9 preso por tr\u00e1fico de drogas em Taquari\",\"datePublished\":\"2024-11-20T22:33:16+00:00\",\"dateModified\":\"2024-11-20T22:33:23+00:00\",\"mainEntityOfPage\":{\"@id\":\"https:\\\/\\\/folhapopular.info\\\/index.php\\\/2024\\\/11\\\/20\\\/homem-e-preso-por-trafico-de-drogas-em-taquari-8\\\/\"},\"wordCount\":112,\"commentCount\":0,\"image\":{\"@id\":\"https:\\\/\\\/folhapopular.info\\\/index.php\\\/2024\\\/11\\\/20\\\/homem-e-preso-por-trafico-de-drogas-em-taquari-8\\\/#primaryimage\"},\"thumbnailUrl\":\"https:\\\/\\\/folhapopular.info\\\/wp-content\\\/uploads\\\/2024\\\/11\\\/WhatsApp-Image-2024-11-20-at-10.41.02.jpeg\",\"articleSection\":[\"Pol\u00edcia\",\"Seguran\u00e7a\"],\"inLanguage\":\"pt-BR\",\"potentialAction\":[{\"@type\":\"CommentAction\",\"name\":\"Comment\",\"target\":[\"https:\\\/\\\/folhapopular.info\\\/index.php\\\/2024\\\/11\\\/20\\\/homem-e-preso-por-trafico-de-drogas-em-taquari-8\\\/#respond\"]}]},{\"@type\":\"WebPage\",\"@id\":\"https:\\\/\\\/folhapopular.info\\\/index.php\\\/2024\\\/11\\\/20\\\/homem-e-preso-por-trafico-de-drogas-em-taquari-8\\\/\",\"url\":\"https:\\\/\\\/folhapopular.info\\\/index.php\\\/2024\\\/11\\\/20\\\/homem-e-preso-por-trafico-de-drogas-em-taquari-8\\\/\",\"name\":\"Homem \u00e9 preso por tr\u00e1fico de drogas em Taquari - Folha Popular\",\"isPartOf\":{\"@id\":\"https:\\\/\\\/folhapopular.info\\\/#website\"},\"primaryImageOfPage\":{\"@id\":\"https:\\\/\\\/folhapopular.info\\\/index.php\\\/2024\\\/11\\\/20\\\/homem-e-preso-por-trafico-de-drogas-em-taquari-8\\\/#primaryimage\"},\"image\":{\"@id\":\"https:\\\/\\\/folhapopular.info\\\/index.php\\\/2024\\\/11\\\/20\\\/homem-e-preso-por-trafico-de-drogas-em-taquari-8\\\/#primaryimage\"},\"thumbnailUrl\":\"https:\\\/\\\/folhapopular.info\\\/wp-content\\\/uploads\\\/2024\\\/11\\\/WhatsApp-Image-2024-11-20-at-10.41.02.jpeg\",\"datePublished\":\"2024-11-20T22:33:16+00:00\",\"dateModified\":\"2024-11-20T22:33:23+00:00\",\"author\":{\"@id\":\"https:\\\/\\\/folhapopular.info\\\/#\\\/schema\\\/person\\\/2814e8a0df7643585a9ca38bc6eb9d4b\"},\"breadcrumb\":{\"@id\":\"https:\\\/\\\/folhapopular.info\\\/index.php\\\/2024\\\/11\\\/20\\\/homem-e-preso-por-trafico-de-drogas-em-taquari-8\\\/#breadcrumb\"},\"inLanguage\":\"pt-BR\",\"potentialAction\":[{\"@type\":\"ReadAction\",\"target\":[\"https:\\\/\\\/folhapopular.info\\\/index.php\\\/2024\\\/11\\\/20\\\/homem-e-preso-por-trafico-de-drogas-em-taquari-8\\\/\"]}]},{\"@type\":\"ImageObject\",\"inLanguage\":\"pt-BR\",\"@id\":\"https:\\\/\\\/folhapopular.info\\\/index.php\\\/2024\\\/11\\\/20\\\/homem-e-preso-por-trafico-de-drogas-em-taquari-8\\\/#primaryimage\",\"url\":\"https:\\\/\\\/folhapopular.info\\\/wp-content\\\/uploads\\\/2024\\\/11\\\/WhatsApp-Image-2024-11-20-at-10.41.02.jpeg\",\"contentUrl\":\"https:\\\/\\\/folhapopular.info\\\/wp-content\\\/uploads\\\/2024\\\/11\\\/WhatsApp-Image-2024-11-20-at-10.41.02.jpeg\",\"width\":1200,\"height\":1600,\"caption\":\"Cr\u00e9dito: BM \\\/ Divulga\u00e7\u00e3o\"},{\"@type\":\"BreadcrumbList\",\"@id\":\"https:\\\/\\\/folhapopular.info\\\/index.php\\\/2024\\\/11\\\/20\\\/homem-e-preso-por-trafico-de-drogas-em-taquari-8\\\/#breadcrumb\",\"itemListElement\":[{\"@type\":\"ListItem\",\"position\":1,\"name\":\"In\u00edcio\",\"item\":\"https:\\\/\\\/folhapopular.info\\\/\"},{\"@type\":\"ListItem\",\"position\":2,\"name\":\"Homem \u00e9 preso por tr\u00e1fico de drogas em Taquari\"}]},{\"@type\":\"WebSite\",\"@id\":\"https:\\\/\\\/folhapopular.info\\\/#website\",\"url\":\"https:\\\/\\\/folhapopular.info\\\/\",\"name\":\"Folha Popular\",\"description\":\"Onde voc\u00ea tem vez e voz\",\"potentialAction\":[{\"@type\":\"SearchAction\",\"target\":{\"@type\":\"EntryPoint\",\"urlTemplate\":\"https:\\\/\\\/folhapopular.info\\\/?s={search_term_string}\"},\"query-input\":{\"@type\":\"PropertyValueSpecification\",\"valueRequired\":true,\"valueName\":\"search_term_string\"}}],\"inLanguage\":\"pt-BR\"},{\"@type\":\"Person\",\"@id\":\"https:\\\/\\\/folhapopular.info\\\/#\\\/schema\\\/person\\\/2814e8a0df7643585a9ca38bc6eb9d4b\",\"name\":\"Reda\u00e7\u00e3o Folha Popular\",\"image\":{\"@type\":\"ImageObject\",\"inLanguage\":\"pt-BR\",\"@id\":\"https:\\\/\\\/folhapopular.info\\\/wp-content\\\/uploads\\\/2026\\\/04\\\/Folha-1.webp\",\"url\":\"https:\\\/\\\/folhapopular.info\\\/wp-content\\\/uploads\\\/2026\\\/04\\\/Folha-1.webp\",\"contentUrl\":\"https:\\\/\\\/folhapopular.info\\\/wp-content\\\/uploads\\\/2026\\\/04\\\/Folha-1.webp\",\"caption\":\"Reda\u00e7\u00e3o Folha Popular\"},\"url\":\"https:\\\/\\\/folhapopular.info\\\/index.php\\\/author\\\/redacao\\\/\"}]}<\/script>\n<!-- \/ Yoast SEO plugin. -->","yoast_head_json":{"title":"Homem \u00e9 preso por tr\u00e1fico de drogas em Taquari - Folha Popular","robots":{"index":"index","follow":"follow","max-snippet":"max-snippet:-1","max-image-preview":"max-image-preview:large","max-video-preview":"max-video-preview:-1"},"canonical":"https:\/\/folhapopular.info\/index.php\/2024\/11\/20\/homem-e-preso-por-trafico-de-drogas-em-taquari-8\/","og_locale":"pt_BR","og_type":"article","og_title":"Homem \u00e9 preso por tr\u00e1fico de drogas em Taquari - Folha Popular","og_description":"Na noite desta ter\u00e7a-feira (19\/11), a Brigada Militar prendeu um homem, de 24 anos, por tr\u00e1fico de drogas no Bairro Parque do Meio, em Taquari. Durante a\u00e7\u00f5es de policiamento nas proximidades de um local denunciado por traficar entorpecentes, os militares lograram \u00eaxito na abordagem de um suspeito e localizaram 17 pedras de crack, 3 por\u00e7\u00f5es [&hellip;]","og_url":"https:\/\/folhapopular.info\/index.php\/2024\/11\/20\/homem-e-preso-por-trafico-de-drogas-em-taquari-8\/","og_site_name":"Folha Popular","article_published_time":"2024-11-20T22:33:16+00:00","article_modified_time":"2024-11-20T22:33:23+00:00","og_image":[{"width":1200,"height":1600,"url":"http:\/\/folhapopular.info\/wp-content\/uploads\/2024\/11\/WhatsApp-Image-2024-11-20-at-10.41.02.jpeg","type":"image\/jpeg"}],"author":"Reda\u00e7\u00e3o Folha Popular","twitter_card":"summary_large_image","twitter_misc":{"Escrito por":"Reda\u00e7\u00e3o Folha Popular","Est. tempo de leitura":"1 minuto"},"schema":{"@context":"https:\/\/schema.org","@graph":[{"@type":"Article","@id":"https:\/\/folhapopular.info\/index.php\/2024\/11\/20\/homem-e-preso-por-trafico-de-drogas-em-taquari-8\/#article","isPartOf":{"@id":"https:\/\/folhapopular.info\/index.php\/2024\/11\/20\/homem-e-preso-por-trafico-de-drogas-em-taquari-8\/"},"author":{"name":"Reda\u00e7\u00e3o Folha Popular","@id":"https:\/\/folhapopular.info\/#\/schema\/person\/2814e8a0df7643585a9ca38bc6eb9d4b"},"headline":"Homem \u00e9 preso por tr\u00e1fico de drogas em Taquari","datePublished":"2024-11-20T22:33:16+00:00","dateModified":"2024-11-20T22:33:23+00:00","mainEntityOfPage":{"@id":"https:\/\/folhapopular.info\/index.php\/2024\/11\/20\/homem-e-preso-por-trafico-de-drogas-em-taquari-8\/"},"wordCount":112,"commentCount":0,"image":{"@id":"https:\/\/folhapopular.info\/index.php\/2024\/11\/20\/homem-e-preso-por-trafico-de-drogas-em-taquari-8\/#primaryimage"},"thumbnailUrl":"https:\/\/folhapopular.info\/wp-content\/uploads\/2024\/11\/WhatsApp-Image-2024-11-20-at-10.41.02.jpeg","articleSection":["Pol\u00edcia","Seguran\u00e7a"],"inLanguage":"pt-BR","potentialAction":[{"@type":"CommentAction","name":"Comment","target":["https:\/\/folhapopular.info\/index.php\/2024\/11\/20\/homem-e-preso-por-trafico-de-drogas-em-taquari-8\/#respond"]}]},{"@type":"WebPage","@id":"https:\/\/folhapopular.info\/index.php\/2024\/11\/20\/homem-e-preso-por-trafico-de-drogas-em-taquari-8\/","url":"https:\/\/folhapopular.info\/index.php\/2024\/11\/20\/homem-e-preso-por-trafico-de-drogas-em-taquari-8\/","name":"Homem \u00e9 preso por tr\u00e1fico de drogas em Taquari - Folha Popular","isPartOf":{"@id":"https:\/\/folhapopular.info\/#website"},"primaryImageOfPage":{"@id":"https:\/\/folhapopular.info\/index.php\/2024\/11\/20\/homem-e-preso-por-trafico-de-drogas-em-taquari-8\/#primaryimage"},"image":{"@id":"https:\/\/folhapopular.info\/index.php\/2024\/11\/20\/homem-e-preso-por-trafico-de-drogas-em-taquari-8\/#primaryimage"},"thumbnailUrl":"https:\/\/folhapopular.info\/wp-content\/uploads\/2024\/11\/WhatsApp-Image-2024-11-20-at-10.41.02.jpeg","datePublished":"2024-11-20T22:33:16+00:00","dateModified":"2024-11-20T22:33:23+00:00","author":{"@id":"https:\/\/folhapopular.info\/#\/schema\/person\/2814e8a0df7643585a9ca38bc6eb9d4b"},"breadcrumb":{"@id":"https:\/\/folhapopular.info\/index.php\/2024\/11\/20\/homem-e-preso-por-trafico-de-drogas-em-taquari-8\/#breadcrumb"},"inLanguage":"pt-BR","potentialAction":[{"@type":"ReadAction","target":["https:\/\/folhapopular.info\/index.php\/2024\/11\/20\/homem-e-preso-por-trafico-de-drogas-em-taquari-8\/"]}]},{"@type":"ImageObject","inLanguage":"pt-BR","@id":"https:\/\/folhapopular.info\/index.php\/2024\/11\/20\/homem-e-preso-por-trafico-de-drogas-em-taquari-8\/#primaryimage","url":"https:\/\/folhapopular.info\/wp-content\/uploads\/2024\/11\/WhatsApp-Image-2024-11-20-at-10.41.02.jpeg","contentUrl":"https:\/\/folhapopular.info\/wp-content\/uploads\/2024\/11\/WhatsApp-Image-2024-11-20-at-10.41.02.jpeg","width":1200,"height":1600,"caption":"Cr\u00e9dito: BM \/ Divulga\u00e7\u00e3o"},{"@type":"BreadcrumbList","@id":"https:\/\/folhapopular.info\/index.php\/2024\/11\/20\/homem-e-preso-por-trafico-de-drogas-em-taquari-8\/#breadcrumb","itemListElement":[{"@type":"ListItem","position":1,"name":"In\u00edcio","item":"https:\/\/folhapopular.info\/"},{"@type":"ListItem","position":2,"name":"Homem \u00e9 preso por tr\u00e1fico de drogas em Taquari"}]},{"@type":"WebSite","@id":"https:\/\/folhapopular.info\/#website","url":"https:\/\/folhapopular.info\/","name":"Folha Popular","description":"Onde voc\u00ea tem vez e voz","potentialAction":[{"@type":"SearchAction","target":{"@type":"EntryPoint","urlTemplate":"https:\/\/folhapopular.info\/?s={search_term_string}"},"query-input":{"@type":"PropertyValueSpecification","valueRequired":true,"valueName":"search_term_string"}}],"inLanguage":"pt-BR"},{"@type":"Person","@id":"https:\/\/folhapopular.info\/#\/schema\/person\/2814e8a0df7643585a9ca38bc6eb9d4b","name":"Reda\u00e7\u00e3o Folha Popular","image":{"@type":"ImageObject","inLanguage":"pt-BR","@id":"https:\/\/folhapopular.info\/wp-content\/uploads\/2026\/04\/Folha-1.webp","url":"https:\/\/folhapopular.info\/wp-content\/uploads\/2026\/04\/Folha-1.webp","contentUrl":"https:\/\/folhapopular.info\/wp-content\/uploads\/2026\/04\/Folha-1.webp","caption":"Reda\u00e7\u00e3o Folha Popular"},"url":"https:\/\/folhapopular.info\/index.php\/author\/redacao\/"}]}},"jetpack_featured_media_url":"https:\/\/folhapopular.info\/wp-content\/uploads\/2024\/11\/WhatsApp-Image-2024-11-20-at-10.41.02.jpeg","jetpack_sharing_enabled":true,"amp_enabled":true,"_links":{"self":[{"href":"https:\/\/folhapopular.info\/index.php\/wp-json\/wp\/v2\/posts\/174996","targetHints":{"allow":["GET"]}}],"collection":[{"href":"https:\/\/folhapopular.info\/index.php\/wp-json\/wp\/v2\/posts"}],"about":[{"href":"https:\/\/folhapopular.info\/index.php\/wp-json\/wp\/v2\/types\/post"}],"author":[{"embeddable":true,"href":"https:\/\/folhapopular.info\/index.php\/wp-json\/wp\/v2\/users\/8"}],"replies":[{"embeddable":true,"href":"https:\/\/folhapopular.info\/index.php\/wp-json\/wp\/v2\/comments?post=174996"}],"version-history":[{"count":0,"href":"https:\/\/folhapopular.info\/index.php\/wp-json\/wp\/v2\/posts\/174996\/revisions"}],"wp:featuredmedia":[{"embeddable":true,"href":"https:\/\/folhapopular.info\/index.php\/wp-json\/wp\/v2\/media\/174997"}],"wp:attachment":[{"href":"https:\/\/folhapopular.info\/index.php\/wp-json\/wp\/v2\/media?parent=174996"}],"wp:term":[{"taxonomy":"category","embeddable":true,"href":"https:\/\/folhapopular.info\/index.php\/wp-json\/wp\/v2\/categories?post=174996"},{"taxonomy":"post_tag","embeddable":true,"href":"https:\/\/folhapopular.info\/index.php\/wp-json\/wp\/v2\/tags?post=174996"}],"curies":[{"name":"wp","href":"https:\/\/api.w.org\/{rel}","templated":true}]}}