{"id":175221,"date":"2024-11-23T09:56:40","date_gmt":"2024-11-23T12:56:40","guid":{"rendered":"https:\/\/folhapopular.info\/?p=175221"},"modified":"2024-11-23T09:56:42","modified_gmt":"2024-11-23T12:56:42","slug":"alaf-pode-encerrar-atividades-em-2025","status":"publish","type":"post","link":"https:\/\/folhapopular.info\/index.php\/2024\/11\/23\/alaf-pode-encerrar-atividades-em-2025\/","title":{"rendered":"Alaf pode encerrar atividades em 2025"},"content":{"rendered":"\n<p>A Associa\u00e7\u00e3o Lajeado de Futsal (Alaf) passa por um conturbado momento em sua hist\u00f3ria. No ano em que completou seus 18 anos de exist\u00eancia, a Alaf tem sofrido com problemas financeiros, estruturais e a falta de investimentos que acabaram por assolar o planejamento do clube lajeadense.<\/p>\n\n\n\n<p>Agora, a sequ\u00eancia da Alaf corre riscos depois dos acontecimentos em setembro de 2023 e maio deste ano. Al\u00e9m dos resultados ruins dentro das quadras.<\/p>\n\n\n\n<p>H\u00e1 10 anos na Alaf, o presidente da institui\u00e7\u00e3o, Alexandre Heisler, cita os problemas que acarretaram com o desempenho ruim e com a incerteza para o futuro. \u201cN\u00e3o temos um investimento no futsal e falta estrutura para treinamento. Atrav\u00e9s dos investimentos podemos montar um elenco qualificado, com mais op\u00e7\u00f5es e sem sofrer tanto. Enfrentamos times com gin\u00e1sio pr\u00f3prio, investimento sete vezes maior que o nosso\u201d, afirma.<\/p>\n\n\n\n<p>Por\u00e9m, problemas s\u00e3o relatados desde 2020, quando a Alaf come\u00e7ou a perder espa\u00e7os de treinamentos, gin\u00e1sios e n\u00e3o conseguiu mais hor\u00e1rios para coletivos na Univates \u2013 onde realizava em per\u00edodos anteriores.<\/p>\n\n\n\n<p>Agora, Alexandre confirma ter decidido se desligar do profissional da Alaf e alega motivos de sa\u00fade, mentais, f\u00edsicos e corporais. \u201cS\u00e3o 10 anos aqui, como volunt\u00e1rio, sem receber e at\u00e9 mesmo pagando. Chega um momento que come\u00e7amos a dar sinais, n\u00e3o comportamos tanto desgaste, estresse e problemas acarretados. Por isso, tomei a decis\u00e3o no ano passado de abandonar a parte profissional e ficar com os projetos sociais\u201d, desabafa.<\/p>\n\n\n\n<p><strong>Elei\u00e7\u00e3o<\/strong><\/p>\n\n\n\n<p>A elei\u00e7\u00e3o para a presid\u00eancia da Alaf para o mandato 2025-27 ser\u00e1 antecipada para o m\u00eas de dezembro. At\u00e9 o momento, segundo Xande, nenhuma chapa se disponibilizou e isso colabora com a poss\u00edvel derrocada da sequ\u00eancia do projeto. \u201cEssa antecipa\u00e7\u00e3o d\u00e1 mais tempo para quem \u2018for o louco\u2019 que quer assumir conseguir se organizar antes de realmente ficar no posto de presidente da Alaf\u201d, explica.<\/p>\n\n\n\n<p><strong>Avalia\u00e7\u00e3o do ano<\/strong><\/p>\n\n\n\n<p>Alexandre aponta que as apostas em 2024 foram altas. Contudo, com a cheia, perda de receitas, atletas, reformula\u00e7\u00e3o de 50% do plantel de jogadores e a falta de investimentos foram cruciais para o desempenho abaixo na temporada. \u201cSab\u00edamos das nossas limita\u00e7\u00f5es, os atletas foram guerreiros jogando lesionados, voltando de cirurgias e mesmo sem estar recuperados entraram em quadra. Muitos tomaram inje\u00e7\u00f5es para poder participar das partidas. Temos um enorme respeito pela comiss\u00e3o e atletas. Por\u00e9m sabemos que para disputar competi\u00e7\u00f5es do n\u00edvel que almejamos \u00e9 preciso investir mais do que fizemos e ser mais profissionais\u201d, conclui.<\/p>\n","protected":false},"excerpt":{"rendered":"<p>A Associa\u00e7\u00e3o Lajeado de Futsal (Alaf) passa por um conturbado momento em sua hist\u00f3ria. No ano em que completou seus 18 anos de exist\u00eancia, a Alaf tem sofrido com problemas financeiros, estruturais e a falta de investimentos que acabaram por assolar o planejamento do clube lajeadense. Agora, a sequ\u00eancia da Alaf corre riscos depois dos [&hellip;]<\/p>\n","protected":false},"author":732,"featured_media":166977,"comment_status":"open","ping_status":"open","sticky":false,"template":"","format":"standard","meta":{"pmpro_default_level":"","_jetpack_memberships_contains_paid_content":false,"footnotes":""},"categories":[5,530],"tags":[197,17146,31],"class_list":{"0":"post-175221","1":"post","2":"type-post","3":"status-publish","4":"format-standard","5":"has-post-thumbnail","7":"category-esportes","8":"category-futsal","9":"tag-alaf","10":"tag-encerrar-atividades","11":"tag-futsal","12":"pmpro-has-access"},"yoast_head":"<!-- This site is optimized with the Yoast SEO plugin v27.5 - https:\/\/yoast.com\/product\/yoast-seo-wordpress\/ -->\n<title>Alaf pode encerrar atividades em 2025 - Folha Popular<\/title>\n<meta name=\"robots\" content=\"index, follow, max-snippet:-1, max-image-preview:large, max-video-preview:-1\" \/>\n<link rel=\"canonical\" href=\"https:\/\/folhapopular.info\/index.php\/2024\/11\/23\/alaf-pode-encerrar-atividades-em-2025\/\" \/>\n<meta property=\"og:locale\" content=\"pt_BR\" \/>\n<meta property=\"og:type\" content=\"article\" \/>\n<meta property=\"og:title\" content=\"Alaf pode encerrar atividades em 2025 - Folha Popular\" \/>\n<meta property=\"og:description\" content=\"A Associa\u00e7\u00e3o Lajeado de Futsal (Alaf) passa por um conturbado momento em sua hist\u00f3ria. No ano em que completou seus 18 anos de exist\u00eancia, a Alaf tem sofrido com problemas financeiros, estruturais e a falta de investimentos que acabaram por assolar o planejamento do clube lajeadense. Agora, a sequ\u00eancia da Alaf corre riscos depois dos [&hellip;]\" \/>\n<meta property=\"og:url\" content=\"https:\/\/folhapopular.info\/index.php\/2024\/11\/23\/alaf-pode-encerrar-atividades-em-2025\/\" \/>\n<meta property=\"og:site_name\" content=\"Folha Popular\" \/>\n<meta property=\"article:author\" content=\"https:\/\/www.facebook.com\/luis.huppes\/\" \/>\n<meta property=\"article:published_time\" content=\"2024-11-23T12:56:40+00:00\" \/>\n<meta property=\"article:modified_time\" content=\"2024-11-23T12:56:42+00:00\" \/>\n<meta property=\"og:image\" content=\"http:\/\/folhapopular.info\/wp-content\/uploads\/2024\/08\/456850180_880554590667573_8058098410430506071_n.jpg\" \/>\n\t<meta property=\"og:image:width\" content=\"2048\" \/>\n\t<meta property=\"og:image:height\" content=\"1391\" \/>\n\t<meta property=\"og:image:type\" content=\"image\/jpeg\" \/>\n<meta name=\"author\" content=\"Luis Augusto Huppes\" \/>\n<meta name=\"twitter:card\" content=\"summary_large_image\" \/>\n<meta name=\"twitter:label1\" content=\"Escrito por\" \/>\n\t<meta name=\"twitter:data1\" content=\"Luis Augusto Huppes\" \/>\n\t<meta name=\"twitter:label2\" content=\"Est. tempo de leitura\" \/>\n\t<meta name=\"twitter:data2\" content=\"3 minutos\" \/>\n<script type=\"application\/ld+json\" class=\"yoast-schema-graph\">{\"@context\":\"https:\\\/\\\/schema.org\",\"@graph\":[{\"@type\":\"Article\",\"@id\":\"https:\\\/\\\/folhapopular.info\\\/index.php\\\/2024\\\/11\\\/23\\\/alaf-pode-encerrar-atividades-em-2025\\\/#article\",\"isPartOf\":{\"@id\":\"https:\\\/\\\/folhapopular.info\\\/index.php\\\/2024\\\/11\\\/23\\\/alaf-pode-encerrar-atividades-em-2025\\\/\"},\"author\":{\"name\":\"Luis Augusto Huppes\",\"@id\":\"https:\\\/\\\/folhapopular.info\\\/#\\\/schema\\\/person\\\/e852c327371714676d02e58cf917fd9f\"},\"headline\":\"Alaf pode encerrar atividades em 2025\",\"datePublished\":\"2024-11-23T12:56:40+00:00\",\"dateModified\":\"2024-11-23T12:56:42+00:00\",\"mainEntityOfPage\":{\"@id\":\"https:\\\/\\\/folhapopular.info\\\/index.php\\\/2024\\\/11\\\/23\\\/alaf-pode-encerrar-atividades-em-2025\\\/\"},\"wordCount\":439,\"commentCount\":0,\"image\":{\"@id\":\"https:\\\/\\\/folhapopular.info\\\/index.php\\\/2024\\\/11\\\/23\\\/alaf-pode-encerrar-atividades-em-2025\\\/#primaryimage\"},\"thumbnailUrl\":\"https:\\\/\\\/folhapopular.info\\\/wp-content\\\/uploads\\\/2024\\\/08\\\/456850180_880554590667573_8058098410430506071_n.jpg\",\"keywords\":[\"ALAF\",\"Encerrar atividades\",\"Futsal\"],\"articleSection\":[\"Esportes\",\"Futsal\"],\"inLanguage\":\"pt-BR\",\"potentialAction\":[{\"@type\":\"CommentAction\",\"name\":\"Comment\",\"target\":[\"https:\\\/\\\/folhapopular.info\\\/index.php\\\/2024\\\/11\\\/23\\\/alaf-pode-encerrar-atividades-em-2025\\\/#respond\"]}]},{\"@type\":\"WebPage\",\"@id\":\"https:\\\/\\\/folhapopular.info\\\/index.php\\\/2024\\\/11\\\/23\\\/alaf-pode-encerrar-atividades-em-2025\\\/\",\"url\":\"https:\\\/\\\/folhapopular.info\\\/index.php\\\/2024\\\/11\\\/23\\\/alaf-pode-encerrar-atividades-em-2025\\\/\",\"name\":\"Alaf pode encerrar atividades em 2025 - Folha Popular\",\"isPartOf\":{\"@id\":\"https:\\\/\\\/folhapopular.info\\\/#website\"},\"primaryImageOfPage\":{\"@id\":\"https:\\\/\\\/folhapopular.info\\\/index.php\\\/2024\\\/11\\\/23\\\/alaf-pode-encerrar-atividades-em-2025\\\/#primaryimage\"},\"image\":{\"@id\":\"https:\\\/\\\/folhapopular.info\\\/index.php\\\/2024\\\/11\\\/23\\\/alaf-pode-encerrar-atividades-em-2025\\\/#primaryimage\"},\"thumbnailUrl\":\"https:\\\/\\\/folhapopular.info\\\/wp-content\\\/uploads\\\/2024\\\/08\\\/456850180_880554590667573_8058098410430506071_n.jpg\",\"datePublished\":\"2024-11-23T12:56:40+00:00\",\"dateModified\":\"2024-11-23T12:56:42+00:00\",\"author\":{\"@id\":\"https:\\\/\\\/folhapopular.info\\\/#\\\/schema\\\/person\\\/e852c327371714676d02e58cf917fd9f\"},\"breadcrumb\":{\"@id\":\"https:\\\/\\\/folhapopular.info\\\/index.php\\\/2024\\\/11\\\/23\\\/alaf-pode-encerrar-atividades-em-2025\\\/#breadcrumb\"},\"inLanguage\":\"pt-BR\",\"potentialAction\":[{\"@type\":\"ReadAction\",\"target\":[\"https:\\\/\\\/folhapopular.info\\\/index.php\\\/2024\\\/11\\\/23\\\/alaf-pode-encerrar-atividades-em-2025\\\/\"]}]},{\"@type\":\"ImageObject\",\"inLanguage\":\"pt-BR\",\"@id\":\"https:\\\/\\\/folhapopular.info\\\/index.php\\\/2024\\\/11\\\/23\\\/alaf-pode-encerrar-atividades-em-2025\\\/#primaryimage\",\"url\":\"https:\\\/\\\/folhapopular.info\\\/wp-content\\\/uploads\\\/2024\\\/08\\\/456850180_880554590667573_8058098410430506071_n.jpg\",\"contentUrl\":\"https:\\\/\\\/folhapopular.info\\\/wp-content\\\/uploads\\\/2024\\\/08\\\/456850180_880554590667573_8058098410430506071_n.jpg\",\"width\":2048,\"height\":1391,\"caption\":\"Elenco da Alaf \\\/ Cr\u00e9dito: Elton Andrade \\\/ Divulga\u00e7\u00e3o\"},{\"@type\":\"BreadcrumbList\",\"@id\":\"https:\\\/\\\/folhapopular.info\\\/index.php\\\/2024\\\/11\\\/23\\\/alaf-pode-encerrar-atividades-em-2025\\\/#breadcrumb\",\"itemListElement\":[{\"@type\":\"ListItem\",\"position\":1,\"name\":\"In\u00edcio\",\"item\":\"https:\\\/\\\/folhapopular.info\\\/\"},{\"@type\":\"ListItem\",\"position\":2,\"name\":\"Alaf pode encerrar atividades em 2025\"}]},{\"@type\":\"WebSite\",\"@id\":\"https:\\\/\\\/folhapopular.info\\\/#website\",\"url\":\"https:\\\/\\\/folhapopular.info\\\/\",\"name\":\"Folha Popular\",\"description\":\"Onde voc\u00ea tem vez e voz\",\"potentialAction\":[{\"@type\":\"SearchAction\",\"target\":{\"@type\":\"EntryPoint\",\"urlTemplate\":\"https:\\\/\\\/folhapopular.info\\\/?s={search_term_string}\"},\"query-input\":{\"@type\":\"PropertyValueSpecification\",\"valueRequired\":true,\"valueName\":\"search_term_string\"}}],\"inLanguage\":\"pt-BR\"},{\"@type\":\"Person\",\"@id\":\"https:\\\/\\\/folhapopular.info\\\/#\\\/schema\\\/person\\\/e852c327371714676d02e58cf917fd9f\",\"name\":\"Luis Augusto Huppes\",\"image\":{\"@type\":\"ImageObject\",\"inLanguage\":\"pt-BR\",\"@id\":\"https:\\\/\\\/folhapopular.info\\\/wp-content\\\/uploads\\\/2026\\\/04\\\/Luis-Augusto-Huppes-1-1.webp\",\"url\":\"https:\\\/\\\/folhapopular.info\\\/wp-content\\\/uploads\\\/2026\\\/04\\\/Luis-Augusto-Huppes-1-1.webp\",\"contentUrl\":\"https:\\\/\\\/folhapopular.info\\\/wp-content\\\/uploads\\\/2026\\\/04\\\/Luis-Augusto-Huppes-1-1.webp\",\"caption\":\"Luis Augusto Huppes\"},\"sameAs\":[\"https:\\\/\\\/www.facebook.com\\\/luis.huppes\\\/\",\"https:\\\/\\\/www.instagram.com\\\/luis.huppes\\\/\",\"https:\\\/\\\/www.linkedin.com\\\/in\\\/luis-augusto-huppes-2554b52b7\\\/\"],\"url\":\"https:\\\/\\\/folhapopular.info\\\/index.php\\\/author\\\/luis-augusto-huppes\\\/\"}]}<\/script>\n<!-- \/ Yoast SEO plugin. -->","yoast_head_json":{"title":"Alaf pode encerrar atividades em 2025 - Folha Popular","robots":{"index":"index","follow":"follow","max-snippet":"max-snippet:-1","max-image-preview":"max-image-preview:large","max-video-preview":"max-video-preview:-1"},"canonical":"https:\/\/folhapopular.info\/index.php\/2024\/11\/23\/alaf-pode-encerrar-atividades-em-2025\/","og_locale":"pt_BR","og_type":"article","og_title":"Alaf pode encerrar atividades em 2025 - Folha Popular","og_description":"A Associa\u00e7\u00e3o Lajeado de Futsal (Alaf) passa por um conturbado momento em sua hist\u00f3ria. No ano em que completou seus 18 anos de exist\u00eancia, a Alaf tem sofrido com problemas financeiros, estruturais e a falta de investimentos que acabaram por assolar o planejamento do clube lajeadense. Agora, a sequ\u00eancia da Alaf corre riscos depois dos [&hellip;]","og_url":"https:\/\/folhapopular.info\/index.php\/2024\/11\/23\/alaf-pode-encerrar-atividades-em-2025\/","og_site_name":"Folha Popular","article_author":"https:\/\/www.facebook.com\/luis.huppes\/","article_published_time":"2024-11-23T12:56:40+00:00","article_modified_time":"2024-11-23T12:56:42+00:00","og_image":[{"width":2048,"height":1391,"url":"http:\/\/folhapopular.info\/wp-content\/uploads\/2024\/08\/456850180_880554590667573_8058098410430506071_n.jpg","type":"image\/jpeg"}],"author":"Luis Augusto Huppes","twitter_card":"summary_large_image","twitter_misc":{"Escrito por":"Luis Augusto Huppes","Est. tempo de leitura":"3 minutos"},"schema":{"@context":"https:\/\/schema.org","@graph":[{"@type":"Article","@id":"https:\/\/folhapopular.info\/index.php\/2024\/11\/23\/alaf-pode-encerrar-atividades-em-2025\/#article","isPartOf":{"@id":"https:\/\/folhapopular.info\/index.php\/2024\/11\/23\/alaf-pode-encerrar-atividades-em-2025\/"},"author":{"name":"Luis Augusto Huppes","@id":"https:\/\/folhapopular.info\/#\/schema\/person\/e852c327371714676d02e58cf917fd9f"},"headline":"Alaf pode encerrar atividades em 2025","datePublished":"2024-11-23T12:56:40+00:00","dateModified":"2024-11-23T12:56:42+00:00","mainEntityOfPage":{"@id":"https:\/\/folhapopular.info\/index.php\/2024\/11\/23\/alaf-pode-encerrar-atividades-em-2025\/"},"wordCount":439,"commentCount":0,"image":{"@id":"https:\/\/folhapopular.info\/index.php\/2024\/11\/23\/alaf-pode-encerrar-atividades-em-2025\/#primaryimage"},"thumbnailUrl":"https:\/\/folhapopular.info\/wp-content\/uploads\/2024\/08\/456850180_880554590667573_8058098410430506071_n.jpg","keywords":["ALAF","Encerrar atividades","Futsal"],"articleSection":["Esportes","Futsal"],"inLanguage":"pt-BR","potentialAction":[{"@type":"CommentAction","name":"Comment","target":["https:\/\/folhapopular.info\/index.php\/2024\/11\/23\/alaf-pode-encerrar-atividades-em-2025\/#respond"]}]},{"@type":"WebPage","@id":"https:\/\/folhapopular.info\/index.php\/2024\/11\/23\/alaf-pode-encerrar-atividades-em-2025\/","url":"https:\/\/folhapopular.info\/index.php\/2024\/11\/23\/alaf-pode-encerrar-atividades-em-2025\/","name":"Alaf pode encerrar atividades em 2025 - Folha Popular","isPartOf":{"@id":"https:\/\/folhapopular.info\/#website"},"primaryImageOfPage":{"@id":"https:\/\/folhapopular.info\/index.php\/2024\/11\/23\/alaf-pode-encerrar-atividades-em-2025\/#primaryimage"},"image":{"@id":"https:\/\/folhapopular.info\/index.php\/2024\/11\/23\/alaf-pode-encerrar-atividades-em-2025\/#primaryimage"},"thumbnailUrl":"https:\/\/folhapopular.info\/wp-content\/uploads\/2024\/08\/456850180_880554590667573_8058098410430506071_n.jpg","datePublished":"2024-11-23T12:56:40+00:00","dateModified":"2024-11-23T12:56:42+00:00","author":{"@id":"https:\/\/folhapopular.info\/#\/schema\/person\/e852c327371714676d02e58cf917fd9f"},"breadcrumb":{"@id":"https:\/\/folhapopular.info\/index.php\/2024\/11\/23\/alaf-pode-encerrar-atividades-em-2025\/#breadcrumb"},"inLanguage":"pt-BR","potentialAction":[{"@type":"ReadAction","target":["https:\/\/folhapopular.info\/index.php\/2024\/11\/23\/alaf-pode-encerrar-atividades-em-2025\/"]}]},{"@type":"ImageObject","inLanguage":"pt-BR","@id":"https:\/\/folhapopular.info\/index.php\/2024\/11\/23\/alaf-pode-encerrar-atividades-em-2025\/#primaryimage","url":"https:\/\/folhapopular.info\/wp-content\/uploads\/2024\/08\/456850180_880554590667573_8058098410430506071_n.jpg","contentUrl":"https:\/\/folhapopular.info\/wp-content\/uploads\/2024\/08\/456850180_880554590667573_8058098410430506071_n.jpg","width":2048,"height":1391,"caption":"Elenco da Alaf \/ Cr\u00e9dito: Elton Andrade \/ Divulga\u00e7\u00e3o"},{"@type":"BreadcrumbList","@id":"https:\/\/folhapopular.info\/index.php\/2024\/11\/23\/alaf-pode-encerrar-atividades-em-2025\/#breadcrumb","itemListElement":[{"@type":"ListItem","position":1,"name":"In\u00edcio","item":"https:\/\/folhapopular.info\/"},{"@type":"ListItem","position":2,"name":"Alaf pode encerrar atividades em 2025"}]},{"@type":"WebSite","@id":"https:\/\/folhapopular.info\/#website","url":"https:\/\/folhapopular.info\/","name":"Folha Popular","description":"Onde voc\u00ea tem vez e voz","potentialAction":[{"@type":"SearchAction","target":{"@type":"EntryPoint","urlTemplate":"https:\/\/folhapopular.info\/?s={search_term_string}"},"query-input":{"@type":"PropertyValueSpecification","valueRequired":true,"valueName":"search_term_string"}}],"inLanguage":"pt-BR"},{"@type":"Person","@id":"https:\/\/folhapopular.info\/#\/schema\/person\/e852c327371714676d02e58cf917fd9f","name":"Luis Augusto Huppes","image":{"@type":"ImageObject","inLanguage":"pt-BR","@id":"https:\/\/folhapopular.info\/wp-content\/uploads\/2026\/04\/Luis-Augusto-Huppes-1-1.webp","url":"https:\/\/folhapopular.info\/wp-content\/uploads\/2026\/04\/Luis-Augusto-Huppes-1-1.webp","contentUrl":"https:\/\/folhapopular.info\/wp-content\/uploads\/2026\/04\/Luis-Augusto-Huppes-1-1.webp","caption":"Luis Augusto Huppes"},"sameAs":["https:\/\/www.facebook.com\/luis.huppes\/","https:\/\/www.instagram.com\/luis.huppes\/","https:\/\/www.linkedin.com\/in\/luis-augusto-huppes-2554b52b7\/"],"url":"https:\/\/folhapopular.info\/index.php\/author\/luis-augusto-huppes\/"}]}},"jetpack_featured_media_url":"https:\/\/folhapopular.info\/wp-content\/uploads\/2024\/08\/456850180_880554590667573_8058098410430506071_n.jpg","jetpack_sharing_enabled":true,"amp_enabled":true,"_links":{"self":[{"href":"https:\/\/folhapopular.info\/index.php\/wp-json\/wp\/v2\/posts\/175221","targetHints":{"allow":["GET"]}}],"collection":[{"href":"https:\/\/folhapopular.info\/index.php\/wp-json\/wp\/v2\/posts"}],"about":[{"href":"https:\/\/folhapopular.info\/index.php\/wp-json\/wp\/v2\/types\/post"}],"author":[{"embeddable":true,"href":"https:\/\/folhapopular.info\/index.php\/wp-json\/wp\/v2\/users\/732"}],"replies":[{"embeddable":true,"href":"https:\/\/folhapopular.info\/index.php\/wp-json\/wp\/v2\/comments?post=175221"}],"version-history":[{"count":0,"href":"https:\/\/folhapopular.info\/index.php\/wp-json\/wp\/v2\/posts\/175221\/revisions"}],"wp:featuredmedia":[{"embeddable":true,"href":"https:\/\/folhapopular.info\/index.php\/wp-json\/wp\/v2\/media\/166977"}],"wp:attachment":[{"href":"https:\/\/folhapopular.info\/index.php\/wp-json\/wp\/v2\/media?parent=175221"}],"wp:term":[{"taxonomy":"category","embeddable":true,"href":"https:\/\/folhapopular.info\/index.php\/wp-json\/wp\/v2\/categories?post=175221"},{"taxonomy":"post_tag","embeddable":true,"href":"https:\/\/folhapopular.info\/index.php\/wp-json\/wp\/v2\/tags?post=175221"}],"curies":[{"name":"wp","href":"https:\/\/api.w.org\/{rel}","templated":true}]}}