{"id":175928,"date":"2024-12-04T17:08:36","date_gmt":"2024-12-04T20:08:36","guid":{"rendered":"https:\/\/folhapopular.info\/?p=175928"},"modified":"2024-12-04T17:08:40","modified_gmt":"2024-12-04T20:08:40","slug":"sincovat-aprova-previsao-orcamentaria-para-2025-e-realiza-bate-papo-com-futuros-gestores-de-lajeado","status":"publish","type":"post","link":"https:\/\/folhapopular.info\/index.php\/2024\/12\/04\/sincovat-aprova-previsao-orcamentaria-para-2025-e-realiza-bate-papo-com-futuros-gestores-de-lajeado\/","title":{"rendered":"Sincovat aprova previs\u00e3o or\u00e7ament\u00e1ria para 2025 e realiza bate-papo com futuros gestores de Lajeado"},"content":{"rendered":"\n<p>A quarta-feira (4\/12) dos associados do Sindicato dos Contadores e T\u00e9cnicos em Contabilidade do Vale do Taquari (Sincovat) come\u00e7ou com programa\u00e7\u00e3o na sede da entidade. Os presentes participaram de assembleia e aprovaram a previs\u00e3o or\u00e7ament\u00e1ria de 2025, apresentada pelo contador Dani Jos\u00e9 Petry, bem como a anuidade, cujo valor ser\u00e1 definido pelo percentual de varia\u00e7\u00e3o do sal\u00e1rio m\u00ednimo. O montante poder\u00e1 ser pago em parcela \u00fanica, com direito a 12% de desconto, ou parcelado em duas vezes.<\/p>\n\n\n\n<p>A programa\u00e7\u00e3o teve como convidados Gl\u00e1ucia Schumacher e Guilherme C\u00e9, prefeita e vice-prefeito eleitos de Lajeado e que no dia 1\u00ba de janeiro assumem para o mandato de quatro anos no Poder P\u00fablico municipal. Gl\u00e1ucia falou sobre os eixos priorit\u00e1rios do come\u00e7o da gest\u00e3o, entre os quais est\u00e3o as a\u00e7\u00f5es de preven\u00e7\u00e3o aos preju\u00edzos das enchentes e a reconstru\u00e7\u00e3o que ainda demanda muitos investimentos. De forma especial, relatou as necessidades envolvendo as moradias, que envolvem participa\u00e7\u00e3o direta da prefeitura, mas t\u00eam etapas que dependem dos governos estadual e federal. Outro eixo \u00e9 a mobilidade, tanto interna quanto entre Lajeado e os munic\u00edpios vizinhos, confirmou a cria\u00e7\u00e3o da secretaria de Servi\u00e7os Urbanos para atender a crescente demanda por manuten\u00e7\u00e3o e melhorias em pra\u00e7as, parques e outros espa\u00e7os p\u00fablicos.<\/p>\n\n\n\n<p>O futuro vice-prefeito afirmou que at\u00e9 sexta-feira de ser anunciado o titular da Secretaria da Fazenda, fun\u00e7\u00e3o essa que deve ser ocupada por um profissional t\u00e9cnico e que saiba dialogar com as entidades e a comunidade. \u201cFoi assim que Lajeado se desenvolveu. Espero que gostem do nome e mais do que isso nos ajudem a monitorar e cobrar\u201d. C\u00e9 observou a disposi\u00e7\u00e3o em melhorar com a colabora\u00e7\u00e3o de todos. \u201cEstamos abertos a sugest\u00f5es e cr\u00edticas. Voc\u00eas que est\u00e3o no campo, ouvindo o empreendedor, tragam as dores e at\u00e9 os caminhos e alternativas, mostrando exemplos que podem ser aplicados. Lajeado \u00e9 refer\u00eancia em muita coisa, mas tamb\u00e9m temos muito a aprender\u201d, concluiu.<\/p>\n\n\n\n<p>O encontro foi de grande participa\u00e7\u00e3o do p\u00fablico, que fez considera\u00e7\u00f5es importantes para as rotinas dos escrit\u00f3rios cont\u00e1beis e clientes junto \u00e0 Secretaria da Fazenda. Agiliza\u00e7\u00e3o e simplifica\u00e7\u00e3o de processos, mais agilidade e fiscaliza\u00e7\u00e3o, em especial dos informais e dos Empreendedores Individuais (MEIs) no que se refere ao cumprimento da lei.<\/p>\n\n\n\n<p><strong>Homenagem<\/strong><\/p>\n\n\n\n<p>O evento tamb\u00e9m marcou a entrega do trof\u00e9u Henrique Desjardins da Fecont\u00e1bil RS. O reconhecimento foi ao profissional Delmar Bruxel, que n\u00e3o p\u00f4de comparecer ao evento de homenagem realizado pela entidade estadual para recebimento e na ocasi\u00e3o foi representado pelo presidente do Sincovat, Luciano M\u00fcller. Bruxel agradeceu o reconhecimento e estendeu a toda a classe regional.<\/p>\n","protected":false},"excerpt":{"rendered":"<p>A quarta-feira (4\/12) dos associados do Sindicato dos Contadores e T\u00e9cnicos em Contabilidade do Vale do Taquari (Sincovat) come\u00e7ou com programa\u00e7\u00e3o na sede da entidade. Os presentes participaram de assembleia e aprovaram a previs\u00e3o or\u00e7ament\u00e1ria de 2025, apresentada pelo contador Dani Jos\u00e9 Petry, bem como a anuidade, cujo valor ser\u00e1 definido pelo percentual de varia\u00e7\u00e3o [&hellip;]<\/p>\n","protected":false},"author":8,"featured_media":175929,"comment_status":"open","ping_status":"open","sticky":false,"template":"","format":"standard","meta":{"pmpro_default_level":"","_jetpack_memberships_contains_paid_content":false,"footnotes":""},"categories":[10991],"tags":[27,17246,750],"class_list":{"0":"post-175928","1":"post","2":"type-post","3":"status-publish","4":"format-standard","5":"has-post-thumbnail","7":"category-economia","8":"tag-lajeado","9":"tag-previsao-orcamentaria","10":"tag-sincovat","11":"pmpro-has-access"},"yoast_head":"<!-- This site is optimized with the Yoast SEO plugin v27.5 - https:\/\/yoast.com\/product\/yoast-seo-wordpress\/ -->\n<title>Sincovat aprova previs\u00e3o or\u00e7ament\u00e1ria para 2025 e realiza bate-papo com futuros gestores de Lajeado - Folha Popular<\/title>\n<meta name=\"robots\" content=\"index, follow, max-snippet:-1, max-image-preview:large, max-video-preview:-1\" \/>\n<link rel=\"canonical\" href=\"https:\/\/folhapopular.info\/index.php\/2024\/12\/04\/sincovat-aprova-previsao-orcamentaria-para-2025-e-realiza-bate-papo-com-futuros-gestores-de-lajeado\/\" \/>\n<meta property=\"og:locale\" content=\"pt_BR\" \/>\n<meta property=\"og:type\" content=\"article\" \/>\n<meta property=\"og:title\" content=\"Sincovat aprova previs\u00e3o or\u00e7ament\u00e1ria para 2025 e realiza bate-papo com futuros gestores de Lajeado - Folha Popular\" \/>\n<meta property=\"og:description\" content=\"A quarta-feira (4\/12) dos associados do Sindicato dos Contadores e T\u00e9cnicos em Contabilidade do Vale do Taquari (Sincovat) come\u00e7ou com programa\u00e7\u00e3o na sede da entidade. Os presentes participaram de assembleia e aprovaram a previs\u00e3o or\u00e7ament\u00e1ria de 2025, apresentada pelo contador Dani Jos\u00e9 Petry, bem como a anuidade, cujo valor ser\u00e1 definido pelo percentual de varia\u00e7\u00e3o [&hellip;]\" \/>\n<meta property=\"og:url\" content=\"https:\/\/folhapopular.info\/index.php\/2024\/12\/04\/sincovat-aprova-previsao-orcamentaria-para-2025-e-realiza-bate-papo-com-futuros-gestores-de-lajeado\/\" \/>\n<meta property=\"og:site_name\" content=\"Folha Popular\" \/>\n<meta property=\"article:published_time\" content=\"2024-12-04T20:08:36+00:00\" \/>\n<meta property=\"article:modified_time\" content=\"2024-12-04T20:08:40+00:00\" \/>\n<meta property=\"og:image\" content=\"http:\/\/folhapopular.info\/wp-content\/uploads\/2024\/12\/446502_1136218_dani_assembleia-scaled.jpeg\" \/>\n\t<meta property=\"og:image:width\" content=\"2560\" \/>\n\t<meta property=\"og:image:height\" content=\"1920\" \/>\n\t<meta property=\"og:image:type\" content=\"image\/jpeg\" \/>\n<meta name=\"author\" content=\"Reda\u00e7\u00e3o Folha Popular\" \/>\n<meta name=\"twitter:card\" content=\"summary_large_image\" \/>\n<meta name=\"twitter:label1\" content=\"Escrito por\" \/>\n\t<meta name=\"twitter:data1\" content=\"Reda\u00e7\u00e3o Folha Popular\" \/>\n\t<meta name=\"twitter:label2\" content=\"Est. tempo de leitura\" \/>\n\t<meta name=\"twitter:data2\" content=\"3 minutos\" \/>\n<script type=\"application\/ld+json\" class=\"yoast-schema-graph\">{\"@context\":\"https:\\\/\\\/schema.org\",\"@graph\":[{\"@type\":\"Article\",\"@id\":\"https:\\\/\\\/folhapopular.info\\\/index.php\\\/2024\\\/12\\\/04\\\/sincovat-aprova-previsao-orcamentaria-para-2025-e-realiza-bate-papo-com-futuros-gestores-de-lajeado\\\/#article\",\"isPartOf\":{\"@id\":\"https:\\\/\\\/folhapopular.info\\\/index.php\\\/2024\\\/12\\\/04\\\/sincovat-aprova-previsao-orcamentaria-para-2025-e-realiza-bate-papo-com-futuros-gestores-de-lajeado\\\/\"},\"author\":{\"name\":\"Reda\u00e7\u00e3o Folha Popular\",\"@id\":\"https:\\\/\\\/folhapopular.info\\\/#\\\/schema\\\/person\\\/2814e8a0df7643585a9ca38bc6eb9d4b\"},\"headline\":\"Sincovat aprova previs\u00e3o or\u00e7ament\u00e1ria para 2025 e realiza bate-papo com futuros gestores de Lajeado\",\"datePublished\":\"2024-12-04T20:08:36+00:00\",\"dateModified\":\"2024-12-04T20:08:40+00:00\",\"mainEntityOfPage\":{\"@id\":\"https:\\\/\\\/folhapopular.info\\\/index.php\\\/2024\\\/12\\\/04\\\/sincovat-aprova-previsao-orcamentaria-para-2025-e-realiza-bate-papo-com-futuros-gestores-de-lajeado\\\/\"},\"wordCount\":487,\"commentCount\":0,\"image\":{\"@id\":\"https:\\\/\\\/folhapopular.info\\\/index.php\\\/2024\\\/12\\\/04\\\/sincovat-aprova-previsao-orcamentaria-para-2025-e-realiza-bate-papo-com-futuros-gestores-de-lajeado\\\/#primaryimage\"},\"thumbnailUrl\":\"https:\\\/\\\/folhapopular.info\\\/wp-content\\\/uploads\\\/2024\\\/12\\\/446502_1136218_dani_assembleia-scaled.jpeg\",\"keywords\":[\"Lajeado\",\"Previs\u00e3o or\u00e7ament\u00e1ria\",\"Sincovat\"],\"articleSection\":[\"Economia\"],\"inLanguage\":\"pt-BR\",\"potentialAction\":[{\"@type\":\"CommentAction\",\"name\":\"Comment\",\"target\":[\"https:\\\/\\\/folhapopular.info\\\/index.php\\\/2024\\\/12\\\/04\\\/sincovat-aprova-previsao-orcamentaria-para-2025-e-realiza-bate-papo-com-futuros-gestores-de-lajeado\\\/#respond\"]}]},{\"@type\":\"WebPage\",\"@id\":\"https:\\\/\\\/folhapopular.info\\\/index.php\\\/2024\\\/12\\\/04\\\/sincovat-aprova-previsao-orcamentaria-para-2025-e-realiza-bate-papo-com-futuros-gestores-de-lajeado\\\/\",\"url\":\"https:\\\/\\\/folhapopular.info\\\/index.php\\\/2024\\\/12\\\/04\\\/sincovat-aprova-previsao-orcamentaria-para-2025-e-realiza-bate-papo-com-futuros-gestores-de-lajeado\\\/\",\"name\":\"Sincovat aprova previs\u00e3o or\u00e7ament\u00e1ria para 2025 e realiza bate-papo com futuros gestores de Lajeado - Folha Popular\",\"isPartOf\":{\"@id\":\"https:\\\/\\\/folhapopular.info\\\/#website\"},\"primaryImageOfPage\":{\"@id\":\"https:\\\/\\\/folhapopular.info\\\/index.php\\\/2024\\\/12\\\/04\\\/sincovat-aprova-previsao-orcamentaria-para-2025-e-realiza-bate-papo-com-futuros-gestores-de-lajeado\\\/#primaryimage\"},\"image\":{\"@id\":\"https:\\\/\\\/folhapopular.info\\\/index.php\\\/2024\\\/12\\\/04\\\/sincovat-aprova-previsao-orcamentaria-para-2025-e-realiza-bate-papo-com-futuros-gestores-de-lajeado\\\/#primaryimage\"},\"thumbnailUrl\":\"https:\\\/\\\/folhapopular.info\\\/wp-content\\\/uploads\\\/2024\\\/12\\\/446502_1136218_dani_assembleia-scaled.jpeg\",\"datePublished\":\"2024-12-04T20:08:36+00:00\",\"dateModified\":\"2024-12-04T20:08:40+00:00\",\"author\":{\"@id\":\"https:\\\/\\\/folhapopular.info\\\/#\\\/schema\\\/person\\\/2814e8a0df7643585a9ca38bc6eb9d4b\"},\"breadcrumb\":{\"@id\":\"https:\\\/\\\/folhapopular.info\\\/index.php\\\/2024\\\/12\\\/04\\\/sincovat-aprova-previsao-orcamentaria-para-2025-e-realiza-bate-papo-com-futuros-gestores-de-lajeado\\\/#breadcrumb\"},\"inLanguage\":\"pt-BR\",\"potentialAction\":[{\"@type\":\"ReadAction\",\"target\":[\"https:\\\/\\\/folhapopular.info\\\/index.php\\\/2024\\\/12\\\/04\\\/sincovat-aprova-previsao-orcamentaria-para-2025-e-realiza-bate-papo-com-futuros-gestores-de-lajeado\\\/\"]}]},{\"@type\":\"ImageObject\",\"inLanguage\":\"pt-BR\",\"@id\":\"https:\\\/\\\/folhapopular.info\\\/index.php\\\/2024\\\/12\\\/04\\\/sincovat-aprova-previsao-orcamentaria-para-2025-e-realiza-bate-papo-com-futuros-gestores-de-lajeado\\\/#primaryimage\",\"url\":\"https:\\\/\\\/folhapopular.info\\\/wp-content\\\/uploads\\\/2024\\\/12\\\/446502_1136218_dani_assembleia-scaled.jpeg\",\"contentUrl\":\"https:\\\/\\\/folhapopular.info\\\/wp-content\\\/uploads\\\/2024\\\/12\\\/446502_1136218_dani_assembleia-scaled.jpeg\",\"width\":2560,\"height\":1920,\"caption\":\"Cr\u00e9dito: Divulga\u00e7\u00e3o\"},{\"@type\":\"BreadcrumbList\",\"@id\":\"https:\\\/\\\/folhapopular.info\\\/index.php\\\/2024\\\/12\\\/04\\\/sincovat-aprova-previsao-orcamentaria-para-2025-e-realiza-bate-papo-com-futuros-gestores-de-lajeado\\\/#breadcrumb\",\"itemListElement\":[{\"@type\":\"ListItem\",\"position\":1,\"name\":\"In\u00edcio\",\"item\":\"https:\\\/\\\/folhapopular.info\\\/\"},{\"@type\":\"ListItem\",\"position\":2,\"name\":\"Sincovat aprova previs\u00e3o or\u00e7ament\u00e1ria para 2025 e realiza bate-papo com futuros gestores de Lajeado\"}]},{\"@type\":\"WebSite\",\"@id\":\"https:\\\/\\\/folhapopular.info\\\/#website\",\"url\":\"https:\\\/\\\/folhapopular.info\\\/\",\"name\":\"Folha Popular\",\"description\":\"Onde voc\u00ea tem vez e voz\",\"potentialAction\":[{\"@type\":\"SearchAction\",\"target\":{\"@type\":\"EntryPoint\",\"urlTemplate\":\"https:\\\/\\\/folhapopular.info\\\/?s={search_term_string}\"},\"query-input\":{\"@type\":\"PropertyValueSpecification\",\"valueRequired\":true,\"valueName\":\"search_term_string\"}}],\"inLanguage\":\"pt-BR\"},{\"@type\":\"Person\",\"@id\":\"https:\\\/\\\/folhapopular.info\\\/#\\\/schema\\\/person\\\/2814e8a0df7643585a9ca38bc6eb9d4b\",\"name\":\"Reda\u00e7\u00e3o Folha Popular\",\"image\":{\"@type\":\"ImageObject\",\"inLanguage\":\"pt-BR\",\"@id\":\"https:\\\/\\\/folhapopular.info\\\/wp-content\\\/uploads\\\/2026\\\/04\\\/Folha-1.webp\",\"url\":\"https:\\\/\\\/folhapopular.info\\\/wp-content\\\/uploads\\\/2026\\\/04\\\/Folha-1.webp\",\"contentUrl\":\"https:\\\/\\\/folhapopular.info\\\/wp-content\\\/uploads\\\/2026\\\/04\\\/Folha-1.webp\",\"caption\":\"Reda\u00e7\u00e3o Folha Popular\"},\"url\":\"https:\\\/\\\/folhapopular.info\\\/index.php\\\/author\\\/redacao\\\/\"}]}<\/script>\n<!-- \/ Yoast SEO plugin. -->","yoast_head_json":{"title":"Sincovat aprova previs\u00e3o or\u00e7ament\u00e1ria para 2025 e realiza bate-papo com futuros gestores de Lajeado - Folha Popular","robots":{"index":"index","follow":"follow","max-snippet":"max-snippet:-1","max-image-preview":"max-image-preview:large","max-video-preview":"max-video-preview:-1"},"canonical":"https:\/\/folhapopular.info\/index.php\/2024\/12\/04\/sincovat-aprova-previsao-orcamentaria-para-2025-e-realiza-bate-papo-com-futuros-gestores-de-lajeado\/","og_locale":"pt_BR","og_type":"article","og_title":"Sincovat aprova previs\u00e3o or\u00e7ament\u00e1ria para 2025 e realiza bate-papo com futuros gestores de Lajeado - Folha Popular","og_description":"A quarta-feira (4\/12) dos associados do Sindicato dos Contadores e T\u00e9cnicos em Contabilidade do Vale do Taquari (Sincovat) come\u00e7ou com programa\u00e7\u00e3o na sede da entidade. Os presentes participaram de assembleia e aprovaram a previs\u00e3o or\u00e7ament\u00e1ria de 2025, apresentada pelo contador Dani Jos\u00e9 Petry, bem como a anuidade, cujo valor ser\u00e1 definido pelo percentual de varia\u00e7\u00e3o [&hellip;]","og_url":"https:\/\/folhapopular.info\/index.php\/2024\/12\/04\/sincovat-aprova-previsao-orcamentaria-para-2025-e-realiza-bate-papo-com-futuros-gestores-de-lajeado\/","og_site_name":"Folha Popular","article_published_time":"2024-12-04T20:08:36+00:00","article_modified_time":"2024-12-04T20:08:40+00:00","og_image":[{"width":2560,"height":1920,"url":"http:\/\/folhapopular.info\/wp-content\/uploads\/2024\/12\/446502_1136218_dani_assembleia-scaled.jpeg","type":"image\/jpeg"}],"author":"Reda\u00e7\u00e3o Folha Popular","twitter_card":"summary_large_image","twitter_misc":{"Escrito por":"Reda\u00e7\u00e3o Folha Popular","Est. tempo de leitura":"3 minutos"},"schema":{"@context":"https:\/\/schema.org","@graph":[{"@type":"Article","@id":"https:\/\/folhapopular.info\/index.php\/2024\/12\/04\/sincovat-aprova-previsao-orcamentaria-para-2025-e-realiza-bate-papo-com-futuros-gestores-de-lajeado\/#article","isPartOf":{"@id":"https:\/\/folhapopular.info\/index.php\/2024\/12\/04\/sincovat-aprova-previsao-orcamentaria-para-2025-e-realiza-bate-papo-com-futuros-gestores-de-lajeado\/"},"author":{"name":"Reda\u00e7\u00e3o Folha Popular","@id":"https:\/\/folhapopular.info\/#\/schema\/person\/2814e8a0df7643585a9ca38bc6eb9d4b"},"headline":"Sincovat aprova previs\u00e3o or\u00e7ament\u00e1ria para 2025 e realiza bate-papo com futuros gestores de Lajeado","datePublished":"2024-12-04T20:08:36+00:00","dateModified":"2024-12-04T20:08:40+00:00","mainEntityOfPage":{"@id":"https:\/\/folhapopular.info\/index.php\/2024\/12\/04\/sincovat-aprova-previsao-orcamentaria-para-2025-e-realiza-bate-papo-com-futuros-gestores-de-lajeado\/"},"wordCount":487,"commentCount":0,"image":{"@id":"https:\/\/folhapopular.info\/index.php\/2024\/12\/04\/sincovat-aprova-previsao-orcamentaria-para-2025-e-realiza-bate-papo-com-futuros-gestores-de-lajeado\/#primaryimage"},"thumbnailUrl":"https:\/\/folhapopular.info\/wp-content\/uploads\/2024\/12\/446502_1136218_dani_assembleia-scaled.jpeg","keywords":["Lajeado","Previs\u00e3o or\u00e7ament\u00e1ria","Sincovat"],"articleSection":["Economia"],"inLanguage":"pt-BR","potentialAction":[{"@type":"CommentAction","name":"Comment","target":["https:\/\/folhapopular.info\/index.php\/2024\/12\/04\/sincovat-aprova-previsao-orcamentaria-para-2025-e-realiza-bate-papo-com-futuros-gestores-de-lajeado\/#respond"]}]},{"@type":"WebPage","@id":"https:\/\/folhapopular.info\/index.php\/2024\/12\/04\/sincovat-aprova-previsao-orcamentaria-para-2025-e-realiza-bate-papo-com-futuros-gestores-de-lajeado\/","url":"https:\/\/folhapopular.info\/index.php\/2024\/12\/04\/sincovat-aprova-previsao-orcamentaria-para-2025-e-realiza-bate-papo-com-futuros-gestores-de-lajeado\/","name":"Sincovat aprova previs\u00e3o or\u00e7ament\u00e1ria para 2025 e realiza bate-papo com futuros gestores de Lajeado - Folha Popular","isPartOf":{"@id":"https:\/\/folhapopular.info\/#website"},"primaryImageOfPage":{"@id":"https:\/\/folhapopular.info\/index.php\/2024\/12\/04\/sincovat-aprova-previsao-orcamentaria-para-2025-e-realiza-bate-papo-com-futuros-gestores-de-lajeado\/#primaryimage"},"image":{"@id":"https:\/\/folhapopular.info\/index.php\/2024\/12\/04\/sincovat-aprova-previsao-orcamentaria-para-2025-e-realiza-bate-papo-com-futuros-gestores-de-lajeado\/#primaryimage"},"thumbnailUrl":"https:\/\/folhapopular.info\/wp-content\/uploads\/2024\/12\/446502_1136218_dani_assembleia-scaled.jpeg","datePublished":"2024-12-04T20:08:36+00:00","dateModified":"2024-12-04T20:08:40+00:00","author":{"@id":"https:\/\/folhapopular.info\/#\/schema\/person\/2814e8a0df7643585a9ca38bc6eb9d4b"},"breadcrumb":{"@id":"https:\/\/folhapopular.info\/index.php\/2024\/12\/04\/sincovat-aprova-previsao-orcamentaria-para-2025-e-realiza-bate-papo-com-futuros-gestores-de-lajeado\/#breadcrumb"},"inLanguage":"pt-BR","potentialAction":[{"@type":"ReadAction","target":["https:\/\/folhapopular.info\/index.php\/2024\/12\/04\/sincovat-aprova-previsao-orcamentaria-para-2025-e-realiza-bate-papo-com-futuros-gestores-de-lajeado\/"]}]},{"@type":"ImageObject","inLanguage":"pt-BR","@id":"https:\/\/folhapopular.info\/index.php\/2024\/12\/04\/sincovat-aprova-previsao-orcamentaria-para-2025-e-realiza-bate-papo-com-futuros-gestores-de-lajeado\/#primaryimage","url":"https:\/\/folhapopular.info\/wp-content\/uploads\/2024\/12\/446502_1136218_dani_assembleia-scaled.jpeg","contentUrl":"https:\/\/folhapopular.info\/wp-content\/uploads\/2024\/12\/446502_1136218_dani_assembleia-scaled.jpeg","width":2560,"height":1920,"caption":"Cr\u00e9dito: Divulga\u00e7\u00e3o"},{"@type":"BreadcrumbList","@id":"https:\/\/folhapopular.info\/index.php\/2024\/12\/04\/sincovat-aprova-previsao-orcamentaria-para-2025-e-realiza-bate-papo-com-futuros-gestores-de-lajeado\/#breadcrumb","itemListElement":[{"@type":"ListItem","position":1,"name":"In\u00edcio","item":"https:\/\/folhapopular.info\/"},{"@type":"ListItem","position":2,"name":"Sincovat aprova previs\u00e3o or\u00e7ament\u00e1ria para 2025 e realiza bate-papo com futuros gestores de Lajeado"}]},{"@type":"WebSite","@id":"https:\/\/folhapopular.info\/#website","url":"https:\/\/folhapopular.info\/","name":"Folha Popular","description":"Onde voc\u00ea tem vez e voz","potentialAction":[{"@type":"SearchAction","target":{"@type":"EntryPoint","urlTemplate":"https:\/\/folhapopular.info\/?s={search_term_string}"},"query-input":{"@type":"PropertyValueSpecification","valueRequired":true,"valueName":"search_term_string"}}],"inLanguage":"pt-BR"},{"@type":"Person","@id":"https:\/\/folhapopular.info\/#\/schema\/person\/2814e8a0df7643585a9ca38bc6eb9d4b","name":"Reda\u00e7\u00e3o Folha Popular","image":{"@type":"ImageObject","inLanguage":"pt-BR","@id":"https:\/\/folhapopular.info\/wp-content\/uploads\/2026\/04\/Folha-1.webp","url":"https:\/\/folhapopular.info\/wp-content\/uploads\/2026\/04\/Folha-1.webp","contentUrl":"https:\/\/folhapopular.info\/wp-content\/uploads\/2026\/04\/Folha-1.webp","caption":"Reda\u00e7\u00e3o Folha Popular"},"url":"https:\/\/folhapopular.info\/index.php\/author\/redacao\/"}]}},"jetpack_featured_media_url":"https:\/\/folhapopular.info\/wp-content\/uploads\/2024\/12\/446502_1136218_dani_assembleia-scaled.jpeg","jetpack_sharing_enabled":true,"amp_enabled":true,"_links":{"self":[{"href":"https:\/\/folhapopular.info\/index.php\/wp-json\/wp\/v2\/posts\/175928","targetHints":{"allow":["GET"]}}],"collection":[{"href":"https:\/\/folhapopular.info\/index.php\/wp-json\/wp\/v2\/posts"}],"about":[{"href":"https:\/\/folhapopular.info\/index.php\/wp-json\/wp\/v2\/types\/post"}],"author":[{"embeddable":true,"href":"https:\/\/folhapopular.info\/index.php\/wp-json\/wp\/v2\/users\/8"}],"replies":[{"embeddable":true,"href":"https:\/\/folhapopular.info\/index.php\/wp-json\/wp\/v2\/comments?post=175928"}],"version-history":[{"count":0,"href":"https:\/\/folhapopular.info\/index.php\/wp-json\/wp\/v2\/posts\/175928\/revisions"}],"wp:featuredmedia":[{"embeddable":true,"href":"https:\/\/folhapopular.info\/index.php\/wp-json\/wp\/v2\/media\/175929"}],"wp:attachment":[{"href":"https:\/\/folhapopular.info\/index.php\/wp-json\/wp\/v2\/media?parent=175928"}],"wp:term":[{"taxonomy":"category","embeddable":true,"href":"https:\/\/folhapopular.info\/index.php\/wp-json\/wp\/v2\/categories?post=175928"},{"taxonomy":"post_tag","embeddable":true,"href":"https:\/\/folhapopular.info\/index.php\/wp-json\/wp\/v2\/tags?post=175928"}],"curies":[{"name":"wp","href":"https:\/\/api.w.org\/{rel}","templated":true}]}}