{"id":176054,"date":"2024-12-07T07:47:59","date_gmt":"2024-12-07T10:47:59","guid":{"rendered":"https:\/\/folhapopular.info\/?p=176054"},"modified":"2024-12-07T07:48:03","modified_gmt":"2024-12-07T10:48:03","slug":"atleta-do-ct-mao-de-pedra-presente-no-jungle-fight","status":"publish","type":"post","link":"https:\/\/folhapopular.info\/index.php\/2024\/12\/07\/atleta-do-ct-mao-de-pedra-presente-no-jungle-fight\/","title":{"rendered":"Atleta do CT M\u00e3o de Pedra presente no Jungle Fight"},"content":{"rendered":"\n<p>Na noite deste s\u00e1bado (7\/12), a partir das 19h, ocorre o <em>Jungle Fight<\/em> 133, em S\u00e3o Paulo. O evento \u00e9 considerado o maior e mais relevante da Am\u00e9rica Latina no MMA. Entre as lutas do card, destaca-se a do montenegrino Ariel Jaeger, aluno e atleta do CT M\u00e3o de Pedra de Teut\u00f4nia. Ariel tamb\u00e9m \u00e9 treinado por Dirlei Broenstrup, conhecido como \u201cM\u00e3o de Pedra\u201d.<\/p>\n\n\n\n<p>Ariel entrar\u00e1 no oct\u00f3gono para enfrentar Rafael Silva de Souza, o \u201cCabe\u00e7a\u201d, de Minas Gerais, pela categoria at\u00e9 77 quilos. O mineiro chega ao confronto com nove vit\u00f3rias e cinco derrotas, enquanto Ariel possui um cartel equilibrado de seis vit\u00f3rias e seis derrotas no MMA.<\/p>\n\n\n\n<p><strong>Oportunidade<\/strong><\/p>\n\n\n\n<p>Para Ariel, lutar no <em>Jungle Fight<\/em> representa uma grande oportunidade. \u201c\u00c9 o maior evento de MMA da Am\u00e9rica Latina, ser\u00e1 transmitido por canais de televis\u00e3o e em TV aberta. A visibilidade \u00e9 enorme e \u00e9 o evento do topo do MMA\u201d, destaca.<\/p>\n\n\n\n<p>Segundo o lutador, a chance de lutar no <em>Jungle Fight<\/em> surgiu gra\u00e7as ao trabalho do seu treinador, Dirlei, que \u201cabriu os caminhos\u201d. Al\u00e9m disso, Ariel menciona duas boas vit\u00f3rias consecutivas que conquistou recentemente. \u201cO evento me enxergou, me convidou, e agora garanti uma boa vaga. \u00c9 uma realiza\u00e7\u00e3o na carreira de todo lutador\u201d, afirma.<\/p>\n\n\n\n<p>Para Dirlei, o momento \u00e9 de honra e satisfa\u00e7\u00e3o. \u201cSempre tive o desejo e objetivo de come\u00e7ar a treinar e formar novos atletas para representarem o nosso estado. Estamos fazendo um bom trabalho com uma equipe muito boa e contatos muito bons. Assim podemos lan\u00e7ar e explorar novos atletas\u201d, afirma.<\/p>\n\n\n\n<p>Ariel agradece pelas oportunidades, mas ressalta que sua presen\u00e7a em competi\u00e7\u00f5es de alto n\u00edvel \u00e9 fruto de m\u00e9rito. Ele reconhece o favoritismo do advers\u00e1rio. \u201cTamb\u00e9m \u00e9 uma quest\u00e3o de merecimento. Tudo o que passei at\u00e9 hoje e todas as lutas que participei me trouxeram at\u00e9 aqui. N\u00e3o s\u00f3 por estar no evento, mas tamb\u00e9m por enfrentar um grande advers\u00e1rio, que n\u00e3o \u00e9 qualquer um. Como tudo indica, ele \u00e9 o favorito para vencer. Por\u00e9m, vou aproveitar a chance e estou muito feliz com essa realiza\u00e7\u00e3o\u201d, enfatiza.<\/p>\n\n\n\n<p><strong>Treinos<\/strong><br>Ariel explica que sua rotina de treinos geralmente inclui tr\u00eas sess\u00f5es di\u00e1rias: duas mais intensas e uma leve. Os treinos s\u00e3o focados em jiu-jitsu, luta em p\u00e9, prepara\u00e7\u00e3o f\u00edsica e equil\u00edbrio.<\/p>\n\n\n\n<p>Quando n\u00e3o h\u00e1 lutas marcadas, Ariel pode descansar por dois dias e flexibilizar sua alimenta\u00e7\u00e3o. No entanto, durante a prepara\u00e7\u00e3o para eventos, ele precisa controlar rigorosamente a dieta e tem apenas um dia de descanso, o domingo.<\/p>\n\n\n\n<p><strong>Hist\u00f3ria<\/strong><br>Ariel sempre gostou de atividades f\u00edsicas e come\u00e7ou cedo no muay thai, aos 17 anos, participando de torneios desde ent\u00e3o. Quatro anos depois, ingressou no jiu-jitsu, esporte em que compete, treina e vive h\u00e1 20 anos.<\/p>\n\n\n\n<p>Jaeger conta que sua primeira luta de MMA aconteceu antes mesmo de ele treinar jiu-jitsu. Por engano, inscreveu-se em uma competi\u00e7\u00e3o que acreditava ser de muay thai, mas era de MMA. \u201cAcabei lutando assim mesmo. Foi minha primeira luta, nocauteei meu advers\u00e1rio e gostei. Estou aqui at\u00e9 hoje\u201d, relembra.<\/p>\n\n\n\n<p>No ano passado, Ariel conquistou o cintur\u00e3o do <em>Teutofight<\/em>, maior evento de MMA do Rio Grande do Sul, realizado em Teut\u00f4nia.<\/p>\n","protected":false},"excerpt":{"rendered":"<p>Na noite deste s\u00e1bado (7\/12), a partir das 19h, ocorre o Jungle Fight 133, em S\u00e3o Paulo. O evento \u00e9 considerado o maior e mais relevante da Am\u00e9rica Latina no MMA. Entre as lutas do card, destaca-se a do montenegrino Ariel Jaeger, aluno e atleta do CT M\u00e3o de Pedra de Teut\u00f4nia. Ariel tamb\u00e9m \u00e9 [&hellip;]<\/p>\n","protected":false},"author":732,"featured_media":176057,"comment_status":"open","ping_status":"open","sticky":false,"template":"","format":"standard","meta":{"pmpro_default_level":"","_jetpack_memberships_contains_paid_content":false,"footnotes":""},"categories":[5],"tags":[17260,17261,1049,4857,26],"class_list":{"0":"post-176054","1":"post","2":"type-post","3":"status-publish","4":"format-standard","5":"has-post-thumbnail","7":"category-esportes","8":"tag-atleta-do-ct-mao-de-pedra","9":"tag-jungle-fight","10":"tag-mma","11":"tag-sao-paulo","12":"tag-teutonia","13":"pmpro-has-access"},"yoast_head":"<!-- This site is optimized with the Yoast SEO plugin v27.5 - https:\/\/yoast.com\/product\/yoast-seo-wordpress\/ -->\n<title>Atleta do CT M\u00e3o de Pedra presente no Jungle Fight - Folha Popular<\/title>\n<meta name=\"robots\" content=\"index, follow, max-snippet:-1, max-image-preview:large, max-video-preview:-1\" \/>\n<link rel=\"canonical\" href=\"https:\/\/folhapopular.info\/index.php\/2024\/12\/07\/atleta-do-ct-mao-de-pedra-presente-no-jungle-fight\/\" \/>\n<meta property=\"og:locale\" content=\"pt_BR\" \/>\n<meta property=\"og:type\" content=\"article\" \/>\n<meta property=\"og:title\" content=\"Atleta do CT M\u00e3o de Pedra presente no Jungle Fight - Folha Popular\" \/>\n<meta property=\"og:description\" content=\"Na noite deste s\u00e1bado (7\/12), a partir das 19h, ocorre o Jungle Fight 133, em S\u00e3o Paulo. O evento \u00e9 considerado o maior e mais relevante da Am\u00e9rica Latina no MMA. Entre as lutas do card, destaca-se a do montenegrino Ariel Jaeger, aluno e atleta do CT M\u00e3o de Pedra de Teut\u00f4nia. Ariel tamb\u00e9m \u00e9 [&hellip;]\" \/>\n<meta property=\"og:url\" content=\"https:\/\/folhapopular.info\/index.php\/2024\/12\/07\/atleta-do-ct-mao-de-pedra-presente-no-jungle-fight\/\" \/>\n<meta property=\"og:site_name\" content=\"Folha Popular\" \/>\n<meta property=\"article:author\" content=\"https:\/\/www.facebook.com\/luis.huppes\/\" \/>\n<meta property=\"article:published_time\" content=\"2024-12-07T10:47:59+00:00\" \/>\n<meta property=\"article:modified_time\" content=\"2024-12-07T10:48:03+00:00\" \/>\n<meta property=\"og:image\" content=\"http:\/\/folhapopular.info\/wp-content\/uploads\/2024\/12\/Ao-lado-de-seu-treinador-Dirlei-d-Ariel-entrara-no-octogono-a-partir-das-19h_Divulgacao-2.jpeg\" \/>\n\t<meta property=\"og:image:width\" content=\"1218\" \/>\n\t<meta property=\"og:image:height\" content=\"812\" \/>\n\t<meta property=\"og:image:type\" content=\"image\/jpeg\" \/>\n<meta name=\"author\" content=\"Luis Augusto Huppes\" \/>\n<meta name=\"twitter:card\" content=\"summary_large_image\" \/>\n<meta name=\"twitter:label1\" content=\"Escrito por\" \/>\n\t<meta name=\"twitter:data1\" content=\"Luis Augusto Huppes\" \/>\n\t<meta name=\"twitter:label2\" content=\"Est. tempo de leitura\" \/>\n\t<meta name=\"twitter:data2\" content=\"4 minutos\" \/>\n<script type=\"application\/ld+json\" class=\"yoast-schema-graph\">{\"@context\":\"https:\\\/\\\/schema.org\",\"@graph\":[{\"@type\":\"Article\",\"@id\":\"https:\\\/\\\/folhapopular.info\\\/index.php\\\/2024\\\/12\\\/07\\\/atleta-do-ct-mao-de-pedra-presente-no-jungle-fight\\\/#article\",\"isPartOf\":{\"@id\":\"https:\\\/\\\/folhapopular.info\\\/index.php\\\/2024\\\/12\\\/07\\\/atleta-do-ct-mao-de-pedra-presente-no-jungle-fight\\\/\"},\"author\":{\"name\":\"Luis Augusto Huppes\",\"@id\":\"https:\\\/\\\/folhapopular.info\\\/#\\\/schema\\\/person\\\/e852c327371714676d02e58cf917fd9f\"},\"headline\":\"Atleta do CT M\u00e3o de Pedra presente no Jungle Fight\",\"datePublished\":\"2024-12-07T10:47:59+00:00\",\"dateModified\":\"2024-12-07T10:48:03+00:00\",\"mainEntityOfPage\":{\"@id\":\"https:\\\/\\\/folhapopular.info\\\/index.php\\\/2024\\\/12\\\/07\\\/atleta-do-ct-mao-de-pedra-presente-no-jungle-fight\\\/\"},\"wordCount\":564,\"commentCount\":0,\"image\":{\"@id\":\"https:\\\/\\\/folhapopular.info\\\/index.php\\\/2024\\\/12\\\/07\\\/atleta-do-ct-mao-de-pedra-presente-no-jungle-fight\\\/#primaryimage\"},\"thumbnailUrl\":\"https:\\\/\\\/folhapopular.info\\\/wp-content\\\/uploads\\\/2024\\\/12\\\/Ao-lado-de-seu-treinador-Dirlei-d-Ariel-entrara-no-octogono-a-partir-das-19h_Divulgacao-2.jpeg\",\"keywords\":[\"Atleta do CT M\u00e3o de Pedra\",\"Jungle Fight\",\"MMA\",\"S\u00e3o Paulo\",\"Teut\u00f4nia\"],\"articleSection\":[\"Esportes\"],\"inLanguage\":\"pt-BR\",\"potentialAction\":[{\"@type\":\"CommentAction\",\"name\":\"Comment\",\"target\":[\"https:\\\/\\\/folhapopular.info\\\/index.php\\\/2024\\\/12\\\/07\\\/atleta-do-ct-mao-de-pedra-presente-no-jungle-fight\\\/#respond\"]}]},{\"@type\":\"WebPage\",\"@id\":\"https:\\\/\\\/folhapopular.info\\\/index.php\\\/2024\\\/12\\\/07\\\/atleta-do-ct-mao-de-pedra-presente-no-jungle-fight\\\/\",\"url\":\"https:\\\/\\\/folhapopular.info\\\/index.php\\\/2024\\\/12\\\/07\\\/atleta-do-ct-mao-de-pedra-presente-no-jungle-fight\\\/\",\"name\":\"Atleta do CT M\u00e3o de Pedra presente no Jungle Fight - Folha Popular\",\"isPartOf\":{\"@id\":\"https:\\\/\\\/folhapopular.info\\\/#website\"},\"primaryImageOfPage\":{\"@id\":\"https:\\\/\\\/folhapopular.info\\\/index.php\\\/2024\\\/12\\\/07\\\/atleta-do-ct-mao-de-pedra-presente-no-jungle-fight\\\/#primaryimage\"},\"image\":{\"@id\":\"https:\\\/\\\/folhapopular.info\\\/index.php\\\/2024\\\/12\\\/07\\\/atleta-do-ct-mao-de-pedra-presente-no-jungle-fight\\\/#primaryimage\"},\"thumbnailUrl\":\"https:\\\/\\\/folhapopular.info\\\/wp-content\\\/uploads\\\/2024\\\/12\\\/Ao-lado-de-seu-treinador-Dirlei-d-Ariel-entrara-no-octogono-a-partir-das-19h_Divulgacao-2.jpeg\",\"datePublished\":\"2024-12-07T10:47:59+00:00\",\"dateModified\":\"2024-12-07T10:48:03+00:00\",\"author\":{\"@id\":\"https:\\\/\\\/folhapopular.info\\\/#\\\/schema\\\/person\\\/e852c327371714676d02e58cf917fd9f\"},\"breadcrumb\":{\"@id\":\"https:\\\/\\\/folhapopular.info\\\/index.php\\\/2024\\\/12\\\/07\\\/atleta-do-ct-mao-de-pedra-presente-no-jungle-fight\\\/#breadcrumb\"},\"inLanguage\":\"pt-BR\",\"potentialAction\":[{\"@type\":\"ReadAction\",\"target\":[\"https:\\\/\\\/folhapopular.info\\\/index.php\\\/2024\\\/12\\\/07\\\/atleta-do-ct-mao-de-pedra-presente-no-jungle-fight\\\/\"]}]},{\"@type\":\"ImageObject\",\"inLanguage\":\"pt-BR\",\"@id\":\"https:\\\/\\\/folhapopular.info\\\/index.php\\\/2024\\\/12\\\/07\\\/atleta-do-ct-mao-de-pedra-presente-no-jungle-fight\\\/#primaryimage\",\"url\":\"https:\\\/\\\/folhapopular.info\\\/wp-content\\\/uploads\\\/2024\\\/12\\\/Ao-lado-de-seu-treinador-Dirlei-d-Ariel-entrara-no-octogono-a-partir-das-19h_Divulgacao-2.jpeg\",\"contentUrl\":\"https:\\\/\\\/folhapopular.info\\\/wp-content\\\/uploads\\\/2024\\\/12\\\/Ao-lado-de-seu-treinador-Dirlei-d-Ariel-entrara-no-octogono-a-partir-das-19h_Divulgacao-2.jpeg\",\"width\":1218,\"height\":812,\"caption\":\"Ao lado de seu treinador, Dirlei (d), Ariel entrar\u00e1 no oct\u00f3gono a partir das 19h \\\/ Cr\u00e9dito: Divulga\u00e7\u00e3o\"},{\"@type\":\"BreadcrumbList\",\"@id\":\"https:\\\/\\\/folhapopular.info\\\/index.php\\\/2024\\\/12\\\/07\\\/atleta-do-ct-mao-de-pedra-presente-no-jungle-fight\\\/#breadcrumb\",\"itemListElement\":[{\"@type\":\"ListItem\",\"position\":1,\"name\":\"In\u00edcio\",\"item\":\"https:\\\/\\\/folhapopular.info\\\/\"},{\"@type\":\"ListItem\",\"position\":2,\"name\":\"Atleta do CT M\u00e3o de Pedra presente no Jungle Fight\"}]},{\"@type\":\"WebSite\",\"@id\":\"https:\\\/\\\/folhapopular.info\\\/#website\",\"url\":\"https:\\\/\\\/folhapopular.info\\\/\",\"name\":\"Folha Popular\",\"description\":\"Onde voc\u00ea tem vez e voz\",\"potentialAction\":[{\"@type\":\"SearchAction\",\"target\":{\"@type\":\"EntryPoint\",\"urlTemplate\":\"https:\\\/\\\/folhapopular.info\\\/?s={search_term_string}\"},\"query-input\":{\"@type\":\"PropertyValueSpecification\",\"valueRequired\":true,\"valueName\":\"search_term_string\"}}],\"inLanguage\":\"pt-BR\"},{\"@type\":\"Person\",\"@id\":\"https:\\\/\\\/folhapopular.info\\\/#\\\/schema\\\/person\\\/e852c327371714676d02e58cf917fd9f\",\"name\":\"Luis Augusto Huppes\",\"image\":{\"@type\":\"ImageObject\",\"inLanguage\":\"pt-BR\",\"@id\":\"https:\\\/\\\/folhapopular.info\\\/wp-content\\\/uploads\\\/2026\\\/04\\\/Luis-Augusto-Huppes-1-1.webp\",\"url\":\"https:\\\/\\\/folhapopular.info\\\/wp-content\\\/uploads\\\/2026\\\/04\\\/Luis-Augusto-Huppes-1-1.webp\",\"contentUrl\":\"https:\\\/\\\/folhapopular.info\\\/wp-content\\\/uploads\\\/2026\\\/04\\\/Luis-Augusto-Huppes-1-1.webp\",\"caption\":\"Luis Augusto Huppes\"},\"sameAs\":[\"https:\\\/\\\/www.facebook.com\\\/luis.huppes\\\/\",\"https:\\\/\\\/www.instagram.com\\\/luis.huppes\\\/\",\"https:\\\/\\\/www.linkedin.com\\\/in\\\/luis-augusto-huppes-2554b52b7\\\/\"],\"url\":\"https:\\\/\\\/folhapopular.info\\\/index.php\\\/author\\\/luis-augusto-huppes\\\/\"}]}<\/script>\n<!-- \/ Yoast SEO plugin. -->","yoast_head_json":{"title":"Atleta do CT M\u00e3o de Pedra presente no Jungle Fight - Folha Popular","robots":{"index":"index","follow":"follow","max-snippet":"max-snippet:-1","max-image-preview":"max-image-preview:large","max-video-preview":"max-video-preview:-1"},"canonical":"https:\/\/folhapopular.info\/index.php\/2024\/12\/07\/atleta-do-ct-mao-de-pedra-presente-no-jungle-fight\/","og_locale":"pt_BR","og_type":"article","og_title":"Atleta do CT M\u00e3o de Pedra presente no Jungle Fight - Folha Popular","og_description":"Na noite deste s\u00e1bado (7\/12), a partir das 19h, ocorre o Jungle Fight 133, em S\u00e3o Paulo. O evento \u00e9 considerado o maior e mais relevante da Am\u00e9rica Latina no MMA. Entre as lutas do card, destaca-se a do montenegrino Ariel Jaeger, aluno e atleta do CT M\u00e3o de Pedra de Teut\u00f4nia. Ariel tamb\u00e9m \u00e9 [&hellip;]","og_url":"https:\/\/folhapopular.info\/index.php\/2024\/12\/07\/atleta-do-ct-mao-de-pedra-presente-no-jungle-fight\/","og_site_name":"Folha Popular","article_author":"https:\/\/www.facebook.com\/luis.huppes\/","article_published_time":"2024-12-07T10:47:59+00:00","article_modified_time":"2024-12-07T10:48:03+00:00","og_image":[{"width":1218,"height":812,"url":"http:\/\/folhapopular.info\/wp-content\/uploads\/2024\/12\/Ao-lado-de-seu-treinador-Dirlei-d-Ariel-entrara-no-octogono-a-partir-das-19h_Divulgacao-2.jpeg","type":"image\/jpeg"}],"author":"Luis Augusto Huppes","twitter_card":"summary_large_image","twitter_misc":{"Escrito por":"Luis Augusto Huppes","Est. tempo de leitura":"4 minutos"},"schema":{"@context":"https:\/\/schema.org","@graph":[{"@type":"Article","@id":"https:\/\/folhapopular.info\/index.php\/2024\/12\/07\/atleta-do-ct-mao-de-pedra-presente-no-jungle-fight\/#article","isPartOf":{"@id":"https:\/\/folhapopular.info\/index.php\/2024\/12\/07\/atleta-do-ct-mao-de-pedra-presente-no-jungle-fight\/"},"author":{"name":"Luis Augusto Huppes","@id":"https:\/\/folhapopular.info\/#\/schema\/person\/e852c327371714676d02e58cf917fd9f"},"headline":"Atleta do CT M\u00e3o de Pedra presente no Jungle Fight","datePublished":"2024-12-07T10:47:59+00:00","dateModified":"2024-12-07T10:48:03+00:00","mainEntityOfPage":{"@id":"https:\/\/folhapopular.info\/index.php\/2024\/12\/07\/atleta-do-ct-mao-de-pedra-presente-no-jungle-fight\/"},"wordCount":564,"commentCount":0,"image":{"@id":"https:\/\/folhapopular.info\/index.php\/2024\/12\/07\/atleta-do-ct-mao-de-pedra-presente-no-jungle-fight\/#primaryimage"},"thumbnailUrl":"https:\/\/folhapopular.info\/wp-content\/uploads\/2024\/12\/Ao-lado-de-seu-treinador-Dirlei-d-Ariel-entrara-no-octogono-a-partir-das-19h_Divulgacao-2.jpeg","keywords":["Atleta do CT M\u00e3o de Pedra","Jungle Fight","MMA","S\u00e3o Paulo","Teut\u00f4nia"],"articleSection":["Esportes"],"inLanguage":"pt-BR","potentialAction":[{"@type":"CommentAction","name":"Comment","target":["https:\/\/folhapopular.info\/index.php\/2024\/12\/07\/atleta-do-ct-mao-de-pedra-presente-no-jungle-fight\/#respond"]}]},{"@type":"WebPage","@id":"https:\/\/folhapopular.info\/index.php\/2024\/12\/07\/atleta-do-ct-mao-de-pedra-presente-no-jungle-fight\/","url":"https:\/\/folhapopular.info\/index.php\/2024\/12\/07\/atleta-do-ct-mao-de-pedra-presente-no-jungle-fight\/","name":"Atleta do CT M\u00e3o de Pedra presente no Jungle Fight - Folha Popular","isPartOf":{"@id":"https:\/\/folhapopular.info\/#website"},"primaryImageOfPage":{"@id":"https:\/\/folhapopular.info\/index.php\/2024\/12\/07\/atleta-do-ct-mao-de-pedra-presente-no-jungle-fight\/#primaryimage"},"image":{"@id":"https:\/\/folhapopular.info\/index.php\/2024\/12\/07\/atleta-do-ct-mao-de-pedra-presente-no-jungle-fight\/#primaryimage"},"thumbnailUrl":"https:\/\/folhapopular.info\/wp-content\/uploads\/2024\/12\/Ao-lado-de-seu-treinador-Dirlei-d-Ariel-entrara-no-octogono-a-partir-das-19h_Divulgacao-2.jpeg","datePublished":"2024-12-07T10:47:59+00:00","dateModified":"2024-12-07T10:48:03+00:00","author":{"@id":"https:\/\/folhapopular.info\/#\/schema\/person\/e852c327371714676d02e58cf917fd9f"},"breadcrumb":{"@id":"https:\/\/folhapopular.info\/index.php\/2024\/12\/07\/atleta-do-ct-mao-de-pedra-presente-no-jungle-fight\/#breadcrumb"},"inLanguage":"pt-BR","potentialAction":[{"@type":"ReadAction","target":["https:\/\/folhapopular.info\/index.php\/2024\/12\/07\/atleta-do-ct-mao-de-pedra-presente-no-jungle-fight\/"]}]},{"@type":"ImageObject","inLanguage":"pt-BR","@id":"https:\/\/folhapopular.info\/index.php\/2024\/12\/07\/atleta-do-ct-mao-de-pedra-presente-no-jungle-fight\/#primaryimage","url":"https:\/\/folhapopular.info\/wp-content\/uploads\/2024\/12\/Ao-lado-de-seu-treinador-Dirlei-d-Ariel-entrara-no-octogono-a-partir-das-19h_Divulgacao-2.jpeg","contentUrl":"https:\/\/folhapopular.info\/wp-content\/uploads\/2024\/12\/Ao-lado-de-seu-treinador-Dirlei-d-Ariel-entrara-no-octogono-a-partir-das-19h_Divulgacao-2.jpeg","width":1218,"height":812,"caption":"Ao lado de seu treinador, Dirlei (d), Ariel entrar\u00e1 no oct\u00f3gono a partir das 19h \/ Cr\u00e9dito: Divulga\u00e7\u00e3o"},{"@type":"BreadcrumbList","@id":"https:\/\/folhapopular.info\/index.php\/2024\/12\/07\/atleta-do-ct-mao-de-pedra-presente-no-jungle-fight\/#breadcrumb","itemListElement":[{"@type":"ListItem","position":1,"name":"In\u00edcio","item":"https:\/\/folhapopular.info\/"},{"@type":"ListItem","position":2,"name":"Atleta do CT M\u00e3o de Pedra presente no Jungle Fight"}]},{"@type":"WebSite","@id":"https:\/\/folhapopular.info\/#website","url":"https:\/\/folhapopular.info\/","name":"Folha Popular","description":"Onde voc\u00ea tem vez e voz","potentialAction":[{"@type":"SearchAction","target":{"@type":"EntryPoint","urlTemplate":"https:\/\/folhapopular.info\/?s={search_term_string}"},"query-input":{"@type":"PropertyValueSpecification","valueRequired":true,"valueName":"search_term_string"}}],"inLanguage":"pt-BR"},{"@type":"Person","@id":"https:\/\/folhapopular.info\/#\/schema\/person\/e852c327371714676d02e58cf917fd9f","name":"Luis Augusto Huppes","image":{"@type":"ImageObject","inLanguage":"pt-BR","@id":"https:\/\/folhapopular.info\/wp-content\/uploads\/2026\/04\/Luis-Augusto-Huppes-1-1.webp","url":"https:\/\/folhapopular.info\/wp-content\/uploads\/2026\/04\/Luis-Augusto-Huppes-1-1.webp","contentUrl":"https:\/\/folhapopular.info\/wp-content\/uploads\/2026\/04\/Luis-Augusto-Huppes-1-1.webp","caption":"Luis Augusto Huppes"},"sameAs":["https:\/\/www.facebook.com\/luis.huppes\/","https:\/\/www.instagram.com\/luis.huppes\/","https:\/\/www.linkedin.com\/in\/luis-augusto-huppes-2554b52b7\/"],"url":"https:\/\/folhapopular.info\/index.php\/author\/luis-augusto-huppes\/"}]}},"jetpack_featured_media_url":"https:\/\/folhapopular.info\/wp-content\/uploads\/2024\/12\/Ao-lado-de-seu-treinador-Dirlei-d-Ariel-entrara-no-octogono-a-partir-das-19h_Divulgacao-2.jpeg","jetpack_sharing_enabled":true,"amp_enabled":true,"_links":{"self":[{"href":"https:\/\/folhapopular.info\/index.php\/wp-json\/wp\/v2\/posts\/176054","targetHints":{"allow":["GET"]}}],"collection":[{"href":"https:\/\/folhapopular.info\/index.php\/wp-json\/wp\/v2\/posts"}],"about":[{"href":"https:\/\/folhapopular.info\/index.php\/wp-json\/wp\/v2\/types\/post"}],"author":[{"embeddable":true,"href":"https:\/\/folhapopular.info\/index.php\/wp-json\/wp\/v2\/users\/732"}],"replies":[{"embeddable":true,"href":"https:\/\/folhapopular.info\/index.php\/wp-json\/wp\/v2\/comments?post=176054"}],"version-history":[{"count":0,"href":"https:\/\/folhapopular.info\/index.php\/wp-json\/wp\/v2\/posts\/176054\/revisions"}],"wp:featuredmedia":[{"embeddable":true,"href":"https:\/\/folhapopular.info\/index.php\/wp-json\/wp\/v2\/media\/176057"}],"wp:attachment":[{"href":"https:\/\/folhapopular.info\/index.php\/wp-json\/wp\/v2\/media?parent=176054"}],"wp:term":[{"taxonomy":"category","embeddable":true,"href":"https:\/\/folhapopular.info\/index.php\/wp-json\/wp\/v2\/categories?post=176054"},{"taxonomy":"post_tag","embeddable":true,"href":"https:\/\/folhapopular.info\/index.php\/wp-json\/wp\/v2\/tags?post=176054"}],"curies":[{"name":"wp","href":"https:\/\/api.w.org\/{rel}","templated":true}]}}