{"id":176314,"date":"2024-12-11T16:53:19","date_gmt":"2024-12-11T19:53:19","guid":{"rendered":"https:\/\/folhapopular.info\/?p=176314"},"modified":"2024-12-11T17:00:39","modified_gmt":"2024-12-11T20:00:39","slug":"novo-conselho-diretor-da-jci-lajeado-para-2025-e-empossado","status":"publish","type":"post","link":"https:\/\/folhapopular.info\/index.php\/2024\/12\/11\/novo-conselho-diretor-da-jci-lajeado-para-2025-e-empossado\/","title":{"rendered":"Novo Conselho Diretor da JCI Lajeado para 2025 \u00e9 empossado"},"content":{"rendered":"\n<p>A JCI Lajeado realizou na noite de segunda-feira (9\/12) a Posse do Conselho Diretor da organiza\u00e7\u00e3o e do Presidente do Clube do Senado para o ano de 2025. A solenidade ocorreu no Centro de Conviv\u00eancia da sede administrativa do Sicredi e reuniu mais de 120<br>pessoas, entre autoridades locais, membros da organiza\u00e7\u00e3o, familiares, mantenedores e representantes das entidades do munic\u00edpio.<br>Marcelo Diedrich foi empossado como Presidente Local da JCI Lajeado, sucedendo Luiz Gustavo Kroth, que encerrou seu mandato. No Clube do Senado, a senhora Marsi Ilene Wiebusch transmitiu o cargo para o senador Jos\u00e9 Luiz Cenci, que assume a presid\u00eancia para o pr\u00f3ximo ano.<\/p>\n\n\n\n<p>Durante a cerim\u00f4nia, a senhora Marsi Ilene Wiebusch foi agraciada com o t\u00edtulo de senadora. A entrega do t\u00edtulo foi uma surpresa protagonizada pelo Clube do Senado, que homenageou Wiebusch pelos seus feitos em sua trajet\u00f3ria enquanto ex-membro e s\u00eanior da<br>entidade. <\/p>\n\n\n\n<p>O evento foi marcado ainda pela entrega do pr\u00eamio Carlos Jacob Kieling de Lideran\u00e7a para o empres\u00e1rio Adair Gilberto Weiss. Natural de Chapad\u00e3o, no interior de Santa Clara do Sul, Adair \u00e9 reconhecido por sua trajet\u00f3ria como l\u00edder e criador de diversas publica\u00e7\u00f5es e<br>projetos voltados ao desenvolvimento regional. Al\u00e9m disso, sua atua\u00e7\u00e3o como radialista o tornou uma voz de refer\u00eancia, alcan\u00e7ando milhares de pessoas.<\/p>\n\n\n\n<p>O evento contou com a presen\u00e7a de diversas autoridades. Entre elas, destacaram-se a prefeita eleita de Lajeado, Gl\u00e1ucia Schumacher, e Paula Daiana Thomas, que representou o presidente da C\u00e2mara de Vereadores de Lajeado. Tamb\u00e9m estiveram presentes representantes do F\u00f3rum das Entidades, da Univates, do CRPO e de outras institui\u00e7\u00f5es parceiras.<\/p>\n\n\n\n<p>No \u00e2mbito da JCI, a cerim\u00f4nia reuniu a presidente da JCI Brasil 2025, Andr\u00e9ia Conte, al\u00e9m de membros e senadores das organiza\u00e7\u00f5es locais da JCI Arvorezinha, JCI Ven\u00e2ncio Aires e JCI Novo Hamburgo.<\/p>\n","protected":false},"excerpt":{"rendered":"<p>A JCI Lajeado realizou na noite de segunda-feira (9\/12) a Posse do Conselho Diretor da organiza\u00e7\u00e3o e do Presidente do Clube do Senado para o ano de 2025. A solenidade ocorreu no Centro de Conviv\u00eancia da sede administrativa do Sicredi e reuniu mais de 120pessoas, entre autoridades locais, membros da organiza\u00e7\u00e3o, familiares, mantenedores e representantes [&hellip;]<\/p>\n","protected":false},"author":8,"featured_media":176317,"comment_status":"open","ping_status":"open","sticky":false,"template":"","format":"standard","meta":{"pmpro_default_level":"","_jetpack_memberships_contains_paid_content":false,"footnotes":""},"categories":[3],"tags":[13267,519,27,17301],"class_list":{"0":"post-176314","1":"post","2":"type-post","3":"status-publish","4":"format-standard","5":"has-post-thumbnail","7":"category-geral","8":"tag-13267","9":"tag-jci","10":"tag-lajeado","11":"tag-novo-conselho-diretor","12":"pmpro-has-access"},"yoast_head":"<!-- This site is optimized with the Yoast SEO plugin v27.5 - https:\/\/yoast.com\/product\/yoast-seo-wordpress\/ -->\n<title>Novo Conselho Diretor da JCI Lajeado para 2025 \u00e9 empossado - Folha Popular<\/title>\n<meta name=\"robots\" content=\"index, follow, max-snippet:-1, max-image-preview:large, max-video-preview:-1\" \/>\n<link rel=\"canonical\" href=\"https:\/\/folhapopular.info\/index.php\/2024\/12\/11\/novo-conselho-diretor-da-jci-lajeado-para-2025-e-empossado\/\" \/>\n<meta property=\"og:locale\" content=\"pt_BR\" \/>\n<meta property=\"og:type\" content=\"article\" \/>\n<meta property=\"og:title\" content=\"Novo Conselho Diretor da JCI Lajeado para 2025 \u00e9 empossado - Folha Popular\" \/>\n<meta property=\"og:description\" content=\"A JCI Lajeado realizou na noite de segunda-feira (9\/12) a Posse do Conselho Diretor da organiza\u00e7\u00e3o e do Presidente do Clube do Senado para o ano de 2025. A solenidade ocorreu no Centro de Conviv\u00eancia da sede administrativa do Sicredi e reuniu mais de 120pessoas, entre autoridades locais, membros da organiza\u00e7\u00e3o, familiares, mantenedores e representantes [&hellip;]\" \/>\n<meta property=\"og:url\" content=\"https:\/\/folhapopular.info\/index.php\/2024\/12\/11\/novo-conselho-diretor-da-jci-lajeado-para-2025-e-empossado\/\" \/>\n<meta property=\"og:site_name\" content=\"Folha Popular\" \/>\n<meta property=\"article:published_time\" content=\"2024-12-11T19:53:19+00:00\" \/>\n<meta property=\"article:modified_time\" content=\"2024-12-11T20:00:39+00:00\" \/>\n<meta property=\"og:image\" content=\"http:\/\/folhapopular.info\/wp-content\/uploads\/2024\/12\/WhatsApp-Image-2024-12-11-at-16.52.56.jpeg\" \/>\n\t<meta property=\"og:image:width\" content=\"1600\" \/>\n\t<meta property=\"og:image:height\" content=\"1066\" \/>\n\t<meta property=\"og:image:type\" content=\"image\/jpeg\" \/>\n<meta name=\"author\" content=\"Reda\u00e7\u00e3o Folha Popular\" \/>\n<meta name=\"twitter:card\" content=\"summary_large_image\" \/>\n<meta name=\"twitter:label1\" content=\"Escrito por\" \/>\n\t<meta name=\"twitter:data1\" content=\"Reda\u00e7\u00e3o Folha Popular\" \/>\n\t<meta name=\"twitter:label2\" content=\"Est. tempo de leitura\" \/>\n\t<meta name=\"twitter:data2\" content=\"2 minutos\" \/>\n<script type=\"application\/ld+json\" class=\"yoast-schema-graph\">{\"@context\":\"https:\\\/\\\/schema.org\",\"@graph\":[{\"@type\":\"Article\",\"@id\":\"https:\\\/\\\/folhapopular.info\\\/index.php\\\/2024\\\/12\\\/11\\\/novo-conselho-diretor-da-jci-lajeado-para-2025-e-empossado\\\/#article\",\"isPartOf\":{\"@id\":\"https:\\\/\\\/folhapopular.info\\\/index.php\\\/2024\\\/12\\\/11\\\/novo-conselho-diretor-da-jci-lajeado-para-2025-e-empossado\\\/\"},\"author\":{\"name\":\"Reda\u00e7\u00e3o Folha Popular\",\"@id\":\"https:\\\/\\\/folhapopular.info\\\/#\\\/schema\\\/person\\\/2814e8a0df7643585a9ca38bc6eb9d4b\"},\"headline\":\"Novo Conselho Diretor da JCI Lajeado para 2025 \u00e9 empossado\",\"datePublished\":\"2024-12-11T19:53:19+00:00\",\"dateModified\":\"2024-12-11T20:00:39+00:00\",\"mainEntityOfPage\":{\"@id\":\"https:\\\/\\\/folhapopular.info\\\/index.php\\\/2024\\\/12\\\/11\\\/novo-conselho-diretor-da-jci-lajeado-para-2025-e-empossado\\\/\"},\"wordCount\":328,\"commentCount\":0,\"image\":{\"@id\":\"https:\\\/\\\/folhapopular.info\\\/index.php\\\/2024\\\/12\\\/11\\\/novo-conselho-diretor-da-jci-lajeado-para-2025-e-empossado\\\/#primaryimage\"},\"thumbnailUrl\":\"https:\\\/\\\/folhapopular.info\\\/wp-content\\\/uploads\\\/2024\\\/12\\\/WhatsApp-Image-2024-12-11-at-16.52.56.jpeg\",\"keywords\":[\"2025\",\"JCI\",\"Lajeado\",\"Novo Conselho Diretor\"],\"articleSection\":[\"Geral\"],\"inLanguage\":\"pt-BR\",\"potentialAction\":[{\"@type\":\"CommentAction\",\"name\":\"Comment\",\"target\":[\"https:\\\/\\\/folhapopular.info\\\/index.php\\\/2024\\\/12\\\/11\\\/novo-conselho-diretor-da-jci-lajeado-para-2025-e-empossado\\\/#respond\"]}]},{\"@type\":\"WebPage\",\"@id\":\"https:\\\/\\\/folhapopular.info\\\/index.php\\\/2024\\\/12\\\/11\\\/novo-conselho-diretor-da-jci-lajeado-para-2025-e-empossado\\\/\",\"url\":\"https:\\\/\\\/folhapopular.info\\\/index.php\\\/2024\\\/12\\\/11\\\/novo-conselho-diretor-da-jci-lajeado-para-2025-e-empossado\\\/\",\"name\":\"Novo Conselho Diretor da JCI Lajeado para 2025 \u00e9 empossado - Folha Popular\",\"isPartOf\":{\"@id\":\"https:\\\/\\\/folhapopular.info\\\/#website\"},\"primaryImageOfPage\":{\"@id\":\"https:\\\/\\\/folhapopular.info\\\/index.php\\\/2024\\\/12\\\/11\\\/novo-conselho-diretor-da-jci-lajeado-para-2025-e-empossado\\\/#primaryimage\"},\"image\":{\"@id\":\"https:\\\/\\\/folhapopular.info\\\/index.php\\\/2024\\\/12\\\/11\\\/novo-conselho-diretor-da-jci-lajeado-para-2025-e-empossado\\\/#primaryimage\"},\"thumbnailUrl\":\"https:\\\/\\\/folhapopular.info\\\/wp-content\\\/uploads\\\/2024\\\/12\\\/WhatsApp-Image-2024-12-11-at-16.52.56.jpeg\",\"datePublished\":\"2024-12-11T19:53:19+00:00\",\"dateModified\":\"2024-12-11T20:00:39+00:00\",\"author\":{\"@id\":\"https:\\\/\\\/folhapopular.info\\\/#\\\/schema\\\/person\\\/2814e8a0df7643585a9ca38bc6eb9d4b\"},\"breadcrumb\":{\"@id\":\"https:\\\/\\\/folhapopular.info\\\/index.php\\\/2024\\\/12\\\/11\\\/novo-conselho-diretor-da-jci-lajeado-para-2025-e-empossado\\\/#breadcrumb\"},\"inLanguage\":\"pt-BR\",\"potentialAction\":[{\"@type\":\"ReadAction\",\"target\":[\"https:\\\/\\\/folhapopular.info\\\/index.php\\\/2024\\\/12\\\/11\\\/novo-conselho-diretor-da-jci-lajeado-para-2025-e-empossado\\\/\"]}]},{\"@type\":\"ImageObject\",\"inLanguage\":\"pt-BR\",\"@id\":\"https:\\\/\\\/folhapopular.info\\\/index.php\\\/2024\\\/12\\\/11\\\/novo-conselho-diretor-da-jci-lajeado-para-2025-e-empossado\\\/#primaryimage\",\"url\":\"https:\\\/\\\/folhapopular.info\\\/wp-content\\\/uploads\\\/2024\\\/12\\\/WhatsApp-Image-2024-12-11-at-16.52.56.jpeg\",\"contentUrl\":\"https:\\\/\\\/folhapopular.info\\\/wp-content\\\/uploads\\\/2024\\\/12\\\/WhatsApp-Image-2024-12-11-at-16.52.56.jpeg\",\"width\":1600,\"height\":1066,\"caption\":\"Cr\u00e9dito: Divulga\u00e7\u00e3oi\"},{\"@type\":\"BreadcrumbList\",\"@id\":\"https:\\\/\\\/folhapopular.info\\\/index.php\\\/2024\\\/12\\\/11\\\/novo-conselho-diretor-da-jci-lajeado-para-2025-e-empossado\\\/#breadcrumb\",\"itemListElement\":[{\"@type\":\"ListItem\",\"position\":1,\"name\":\"In\u00edcio\",\"item\":\"https:\\\/\\\/folhapopular.info\\\/\"},{\"@type\":\"ListItem\",\"position\":2,\"name\":\"Novo Conselho Diretor da JCI Lajeado para 2025 \u00e9 empossado\"}]},{\"@type\":\"WebSite\",\"@id\":\"https:\\\/\\\/folhapopular.info\\\/#website\",\"url\":\"https:\\\/\\\/folhapopular.info\\\/\",\"name\":\"Folha Popular\",\"description\":\"Onde voc\u00ea tem vez e voz\",\"potentialAction\":[{\"@type\":\"SearchAction\",\"target\":{\"@type\":\"EntryPoint\",\"urlTemplate\":\"https:\\\/\\\/folhapopular.info\\\/?s={search_term_string}\"},\"query-input\":{\"@type\":\"PropertyValueSpecification\",\"valueRequired\":true,\"valueName\":\"search_term_string\"}}],\"inLanguage\":\"pt-BR\"},{\"@type\":\"Person\",\"@id\":\"https:\\\/\\\/folhapopular.info\\\/#\\\/schema\\\/person\\\/2814e8a0df7643585a9ca38bc6eb9d4b\",\"name\":\"Reda\u00e7\u00e3o Folha Popular\",\"image\":{\"@type\":\"ImageObject\",\"inLanguage\":\"pt-BR\",\"@id\":\"https:\\\/\\\/folhapopular.info\\\/wp-content\\\/uploads\\\/2026\\\/04\\\/Folha-1.webp\",\"url\":\"https:\\\/\\\/folhapopular.info\\\/wp-content\\\/uploads\\\/2026\\\/04\\\/Folha-1.webp\",\"contentUrl\":\"https:\\\/\\\/folhapopular.info\\\/wp-content\\\/uploads\\\/2026\\\/04\\\/Folha-1.webp\",\"caption\":\"Reda\u00e7\u00e3o Folha Popular\"},\"url\":\"https:\\\/\\\/folhapopular.info\\\/index.php\\\/author\\\/redacao\\\/\"}]}<\/script>\n<!-- \/ Yoast SEO plugin. -->","yoast_head_json":{"title":"Novo Conselho Diretor da JCI Lajeado para 2025 \u00e9 empossado - Folha Popular","robots":{"index":"index","follow":"follow","max-snippet":"max-snippet:-1","max-image-preview":"max-image-preview:large","max-video-preview":"max-video-preview:-1"},"canonical":"https:\/\/folhapopular.info\/index.php\/2024\/12\/11\/novo-conselho-diretor-da-jci-lajeado-para-2025-e-empossado\/","og_locale":"pt_BR","og_type":"article","og_title":"Novo Conselho Diretor da JCI Lajeado para 2025 \u00e9 empossado - Folha Popular","og_description":"A JCI Lajeado realizou na noite de segunda-feira (9\/12) a Posse do Conselho Diretor da organiza\u00e7\u00e3o e do Presidente do Clube do Senado para o ano de 2025. A solenidade ocorreu no Centro de Conviv\u00eancia da sede administrativa do Sicredi e reuniu mais de 120pessoas, entre autoridades locais, membros da organiza\u00e7\u00e3o, familiares, mantenedores e representantes [&hellip;]","og_url":"https:\/\/folhapopular.info\/index.php\/2024\/12\/11\/novo-conselho-diretor-da-jci-lajeado-para-2025-e-empossado\/","og_site_name":"Folha Popular","article_published_time":"2024-12-11T19:53:19+00:00","article_modified_time":"2024-12-11T20:00:39+00:00","og_image":[{"width":1600,"height":1066,"url":"http:\/\/folhapopular.info\/wp-content\/uploads\/2024\/12\/WhatsApp-Image-2024-12-11-at-16.52.56.jpeg","type":"image\/jpeg"}],"author":"Reda\u00e7\u00e3o Folha Popular","twitter_card":"summary_large_image","twitter_misc":{"Escrito por":"Reda\u00e7\u00e3o Folha Popular","Est. tempo de leitura":"2 minutos"},"schema":{"@context":"https:\/\/schema.org","@graph":[{"@type":"Article","@id":"https:\/\/folhapopular.info\/index.php\/2024\/12\/11\/novo-conselho-diretor-da-jci-lajeado-para-2025-e-empossado\/#article","isPartOf":{"@id":"https:\/\/folhapopular.info\/index.php\/2024\/12\/11\/novo-conselho-diretor-da-jci-lajeado-para-2025-e-empossado\/"},"author":{"name":"Reda\u00e7\u00e3o Folha Popular","@id":"https:\/\/folhapopular.info\/#\/schema\/person\/2814e8a0df7643585a9ca38bc6eb9d4b"},"headline":"Novo Conselho Diretor da JCI Lajeado para 2025 \u00e9 empossado","datePublished":"2024-12-11T19:53:19+00:00","dateModified":"2024-12-11T20:00:39+00:00","mainEntityOfPage":{"@id":"https:\/\/folhapopular.info\/index.php\/2024\/12\/11\/novo-conselho-diretor-da-jci-lajeado-para-2025-e-empossado\/"},"wordCount":328,"commentCount":0,"image":{"@id":"https:\/\/folhapopular.info\/index.php\/2024\/12\/11\/novo-conselho-diretor-da-jci-lajeado-para-2025-e-empossado\/#primaryimage"},"thumbnailUrl":"https:\/\/folhapopular.info\/wp-content\/uploads\/2024\/12\/WhatsApp-Image-2024-12-11-at-16.52.56.jpeg","keywords":["2025","JCI","Lajeado","Novo Conselho Diretor"],"articleSection":["Geral"],"inLanguage":"pt-BR","potentialAction":[{"@type":"CommentAction","name":"Comment","target":["https:\/\/folhapopular.info\/index.php\/2024\/12\/11\/novo-conselho-diretor-da-jci-lajeado-para-2025-e-empossado\/#respond"]}]},{"@type":"WebPage","@id":"https:\/\/folhapopular.info\/index.php\/2024\/12\/11\/novo-conselho-diretor-da-jci-lajeado-para-2025-e-empossado\/","url":"https:\/\/folhapopular.info\/index.php\/2024\/12\/11\/novo-conselho-diretor-da-jci-lajeado-para-2025-e-empossado\/","name":"Novo Conselho Diretor da JCI Lajeado para 2025 \u00e9 empossado - Folha Popular","isPartOf":{"@id":"https:\/\/folhapopular.info\/#website"},"primaryImageOfPage":{"@id":"https:\/\/folhapopular.info\/index.php\/2024\/12\/11\/novo-conselho-diretor-da-jci-lajeado-para-2025-e-empossado\/#primaryimage"},"image":{"@id":"https:\/\/folhapopular.info\/index.php\/2024\/12\/11\/novo-conselho-diretor-da-jci-lajeado-para-2025-e-empossado\/#primaryimage"},"thumbnailUrl":"https:\/\/folhapopular.info\/wp-content\/uploads\/2024\/12\/WhatsApp-Image-2024-12-11-at-16.52.56.jpeg","datePublished":"2024-12-11T19:53:19+00:00","dateModified":"2024-12-11T20:00:39+00:00","author":{"@id":"https:\/\/folhapopular.info\/#\/schema\/person\/2814e8a0df7643585a9ca38bc6eb9d4b"},"breadcrumb":{"@id":"https:\/\/folhapopular.info\/index.php\/2024\/12\/11\/novo-conselho-diretor-da-jci-lajeado-para-2025-e-empossado\/#breadcrumb"},"inLanguage":"pt-BR","potentialAction":[{"@type":"ReadAction","target":["https:\/\/folhapopular.info\/index.php\/2024\/12\/11\/novo-conselho-diretor-da-jci-lajeado-para-2025-e-empossado\/"]}]},{"@type":"ImageObject","inLanguage":"pt-BR","@id":"https:\/\/folhapopular.info\/index.php\/2024\/12\/11\/novo-conselho-diretor-da-jci-lajeado-para-2025-e-empossado\/#primaryimage","url":"https:\/\/folhapopular.info\/wp-content\/uploads\/2024\/12\/WhatsApp-Image-2024-12-11-at-16.52.56.jpeg","contentUrl":"https:\/\/folhapopular.info\/wp-content\/uploads\/2024\/12\/WhatsApp-Image-2024-12-11-at-16.52.56.jpeg","width":1600,"height":1066,"caption":"Cr\u00e9dito: Divulga\u00e7\u00e3oi"},{"@type":"BreadcrumbList","@id":"https:\/\/folhapopular.info\/index.php\/2024\/12\/11\/novo-conselho-diretor-da-jci-lajeado-para-2025-e-empossado\/#breadcrumb","itemListElement":[{"@type":"ListItem","position":1,"name":"In\u00edcio","item":"https:\/\/folhapopular.info\/"},{"@type":"ListItem","position":2,"name":"Novo Conselho Diretor da JCI Lajeado para 2025 \u00e9 empossado"}]},{"@type":"WebSite","@id":"https:\/\/folhapopular.info\/#website","url":"https:\/\/folhapopular.info\/","name":"Folha Popular","description":"Onde voc\u00ea tem vez e voz","potentialAction":[{"@type":"SearchAction","target":{"@type":"EntryPoint","urlTemplate":"https:\/\/folhapopular.info\/?s={search_term_string}"},"query-input":{"@type":"PropertyValueSpecification","valueRequired":true,"valueName":"search_term_string"}}],"inLanguage":"pt-BR"},{"@type":"Person","@id":"https:\/\/folhapopular.info\/#\/schema\/person\/2814e8a0df7643585a9ca38bc6eb9d4b","name":"Reda\u00e7\u00e3o Folha Popular","image":{"@type":"ImageObject","inLanguage":"pt-BR","@id":"https:\/\/folhapopular.info\/wp-content\/uploads\/2026\/04\/Folha-1.webp","url":"https:\/\/folhapopular.info\/wp-content\/uploads\/2026\/04\/Folha-1.webp","contentUrl":"https:\/\/folhapopular.info\/wp-content\/uploads\/2026\/04\/Folha-1.webp","caption":"Reda\u00e7\u00e3o Folha Popular"},"url":"https:\/\/folhapopular.info\/index.php\/author\/redacao\/"}]}},"jetpack_featured_media_url":"https:\/\/folhapopular.info\/wp-content\/uploads\/2024\/12\/WhatsApp-Image-2024-12-11-at-16.52.56.jpeg","jetpack_sharing_enabled":true,"amp_enabled":true,"_links":{"self":[{"href":"https:\/\/folhapopular.info\/index.php\/wp-json\/wp\/v2\/posts\/176314","targetHints":{"allow":["GET"]}}],"collection":[{"href":"https:\/\/folhapopular.info\/index.php\/wp-json\/wp\/v2\/posts"}],"about":[{"href":"https:\/\/folhapopular.info\/index.php\/wp-json\/wp\/v2\/types\/post"}],"author":[{"embeddable":true,"href":"https:\/\/folhapopular.info\/index.php\/wp-json\/wp\/v2\/users\/8"}],"replies":[{"embeddable":true,"href":"https:\/\/folhapopular.info\/index.php\/wp-json\/wp\/v2\/comments?post=176314"}],"version-history":[{"count":0,"href":"https:\/\/folhapopular.info\/index.php\/wp-json\/wp\/v2\/posts\/176314\/revisions"}],"wp:featuredmedia":[{"embeddable":true,"href":"https:\/\/folhapopular.info\/index.php\/wp-json\/wp\/v2\/media\/176317"}],"wp:attachment":[{"href":"https:\/\/folhapopular.info\/index.php\/wp-json\/wp\/v2\/media?parent=176314"}],"wp:term":[{"taxonomy":"category","embeddable":true,"href":"https:\/\/folhapopular.info\/index.php\/wp-json\/wp\/v2\/categories?post=176314"},{"taxonomy":"post_tag","embeddable":true,"href":"https:\/\/folhapopular.info\/index.php\/wp-json\/wp\/v2\/tags?post=176314"}],"curies":[{"name":"wp","href":"https:\/\/api.w.org\/{rel}","templated":true}]}}