{"id":176436,"date":"2024-12-13T11:58:24","date_gmt":"2024-12-13T14:58:24","guid":{"rendered":"https:\/\/folhapopular.info\/?p=176436"},"modified":"2024-12-13T14:52:01","modified_gmt":"2024-12-13T17:52:01","slug":"calendario-inicial-do-gauchao-2025-e-divulgado","status":"publish","type":"post","link":"https:\/\/folhapopular.info\/index.php\/2024\/12\/13\/calendario-inicial-do-gauchao-2025-e-divulgado\/","title":{"rendered":"Calend\u00e1rio inicial do Ga\u00fach\u00e3o 2025 \u00e9 divulgado"},"content":{"rendered":"\n<p>Na ter\u00e7a-feira (10\/12), a Federa\u00e7\u00e3o Ga\u00facha de Futebol (FGF) divulgou a Tabela B\u00e1sica da 1\u00aa fase do Campeonato Ga\u00facho de 2025, que come\u00e7ar\u00e1 no dia 22 de janeiro e ter\u00e1 sua final em 16 de mar\u00e7o.<\/p>\n\n\n\n<p>Pela fase classificat\u00f3ria, as 12 equipes foram divididas em tr\u00eas grupos, e cada time jogar\u00e1 oito partidas contra advers\u00e1rios de outros grupos, com times da mesma chave n\u00e3o se enfrentando. Os tr\u00eas primeiros colocados de cada grupo, al\u00e9m do melhor segundo colocado, avan\u00e7am para as semifinais.<\/p>\n\n\n\n<p>As equipes que terminarem entre o 5\u00ba e o 8\u00ba lugar disputar\u00e3o a Ta\u00e7a Farroupilha, que definir\u00e1 um representante na Copa do Brasil de 2026. J\u00e1 os times que ficarem entre a 9\u00aa e a 12\u00aa posi\u00e7\u00e3o jogar\u00e3o um quadrangular para determinar os dois rebaixados para o Gauch\u00e3o S\u00e9rie A2 2026. As semifinais e finais ser\u00e3o disputadas em jogos de ida e volta.<\/p>\n\n\n\n<figure class=\"wp-block-table is-style-stripes\"><table class=\"has-fixed-layout\"><tbody><tr><td><strong>Grupos do Gauch\u00e3o 2025<\/strong><\/td><td><\/td><td><\/td><\/tr><tr><td><strong>Grupo A<\/strong><\/td><td><strong>Grupo B<\/strong><\/td><td><strong>Grupo C<\/strong><\/td><\/tr><tr><td>Gr\u00eamio<\/td><td>Inter<\/td><td>Juventude<\/td><\/tr><tr><td>S\u00e3o Jos\u00e9<\/td><td>Caxias<\/td><td>Monsoon<\/td><\/tr><tr><td>Guarany de Bag\u00e9<\/td><td>Pelotas<\/td><td>Brasil de Pelotas<\/td><\/tr><tr><td>Avenida<\/td><td>Ypiranga<\/td><td>S\u00e3o Luiz<\/td><\/tr><\/tbody><\/table><\/figure>\n\n\n\n<p><strong>Calend\u00e1rio do Campeonato Ga\u00facho<\/strong> <strong>2025<\/strong><\/p>\n\n\n\n<figure class=\"wp-block-table is-style-stripes\"><table class=\"has-fixed-layout\"><tbody><tr><td><strong>1\u00aa rodada<\/strong><br><strong>22\/1 ou 23\/1<\/strong><\/td><td><\/td><td><\/td><\/tr><tr><td>S\u00e3o Luiz<\/td><td>x<\/td><td>Avenida<\/td><\/tr><tr><td>Juventude<\/td><td>x<\/td><td>Ypiranga<\/td><\/tr><tr><td>Brasil-Pel<\/td><td>x<\/td><td>Gr\u00eamio<\/td><\/tr><tr><td>Guarany-Bag\u00e9<\/td><td>x<\/td><td>Internacional<\/td><\/tr><tr><td>Monsoon<\/td><td>x<\/td><td>Caxias<\/td><\/tr><tr><td>S\u00e3o Jos\u00e9<\/td><td>x<\/td><td>Pelotas<\/td><\/tr><\/tbody><\/table><\/figure>\n\n\n\n<figure class=\"wp-block-table is-style-stripes\"><table class=\"has-fixed-layout\"><tbody><tr><td><strong>2\u00aa rodada<\/strong><br><strong>25\/1 ou 26\/1<\/strong><\/td><td><\/td><td><\/td><\/tr><tr><td>Brasil-Pel<\/td><td>x<\/td><td>Guarany-Bag\u00e9<\/td><\/tr><tr><td>Internacional<\/td><td>x<\/td><td>Juventude<\/td><\/tr><tr><td>Gr\u00eamio<\/td><td>x<\/td><td>Caxias<\/td><\/tr><tr><td>Avenida<\/td><td>x<\/td><td>Ypiranga<\/td><\/tr><tr><td>Pelotas<\/td><td>x<\/td><td>Monsoon<\/td><\/tr><tr><td>S\u00e3o Luiz<\/td><td>x<\/td><td>S\u00e3o Jos\u00e9<\/td><\/tr><\/tbody><\/table><\/figure>\n\n\n\n<figure class=\"wp-block-table is-style-stripes\"><table class=\"has-fixed-layout\"><tbody><tr><td><strong>3\u00aa rodada<\/strong><br><strong>29\/1 ou 30\/1<\/strong><\/td><td><\/td><td><\/td><\/tr><tr><td>Juventude<\/td><td>x<\/td><td>Guarany-Bag\u00e9<\/td><\/tr><tr><td>Pelotas<\/td><td>x<\/td><td>Avenida<\/td><\/tr><tr><td>Monsoon<\/td><td>x<\/td><td>Gr\u00eamio<\/td><\/tr><tr><td>S\u00e3o Jos\u00e9<\/td><td>x<\/td><td>Internacional<\/td><\/tr><tr><td>Ypiranga<\/td><td>x<\/td><td>S\u00e3o Luiz<\/td><\/tr><tr><td>Caxias<\/td><td>x<\/td><td>Brasil-Pel<\/td><\/tr><\/tbody><\/table><\/figure>\n\n\n\n<figure class=\"wp-block-table is-style-stripes\"><table class=\"has-fixed-layout\"><tbody><tr><td><strong>4\u00aa rodada<\/strong><br><strong>1\u00ba\/2 ou 2\/2<\/strong><\/td><td><\/td><td><\/td><\/tr><tr><td>Guarany-Bag\u00e9<\/td><td>x<\/td><td>Pelotas<\/td><\/tr><tr><td>Brasil-Pel<\/td><td>x<\/td><td>S\u00e3o Jos\u00e9<\/td><\/tr><tr><td>Ypiranga<\/td><td>x<\/td><td>Monsoon<\/td><\/tr><tr><td>Caxias<\/td><td>x<\/td><td>Juventude<\/td><\/tr><tr><td>Gr\u00eamio<\/td><td>x<\/td><td>S\u00e3o Luiz<\/td><\/tr><tr><td>Internacional<\/td><td>x<\/td><td>Avenida<\/td><\/tr><\/tbody><\/table><\/figure>\n\n\n\n<figure class=\"wp-block-table is-style-stripes\"><table class=\"has-fixed-layout\"><tbody><tr><td><strong>5\u00aa rodada<\/strong><br><strong>5\/2 ou 6\/2<\/strong><\/td><td><\/td><td><\/td><\/tr><tr><td>Juventude<\/td><td>x<\/td><td>Gr\u00eamio<\/td><\/tr><tr><td>Internacional<\/td><td>x<\/td><td>Brasil-Pel<\/td><\/tr><tr><td>Monsoon<\/td><td>x<\/td><td>Guarany-Bag\u00e9<\/td><\/tr><tr><td>S\u00e3o Luiz<\/td><td>x<\/td><td>Pelotas<\/td><\/tr><tr><td>S\u00e3o Jos\u00e9<\/td><td>x<\/td><td>Ypiranga<\/td><\/tr><tr><td>Avenida<\/td><td>x<\/td><td>Caxias<\/td><\/tr><\/tbody><\/table><\/figure>\n\n\n\n<figure class=\"wp-block-table is-style-stripes\"><table class=\"has-fixed-layout\"><tbody><tr><td><strong>6\u00aa rodada<\/strong><br><strong>8\/2 ou 9\/2<\/strong><\/td><td><\/td><td><\/td><\/tr><tr><td>Gr\u00eamio<\/td><td>x<\/td><td>Internacional<\/td><\/tr><tr><td>Pelotas<\/td><td>x<\/td><td>Brasil-Pel<\/td><\/tr><tr><td>Monsoon<\/td><td>x<\/td><td>Avenida<\/td><\/tr><tr><td>Caxias<\/td><td>x<\/td><td>S\u00e3o Luiz<\/td><\/tr><tr><td>Juventude<\/td><td>x<\/td><td>S\u00e3o Jos\u00e9<\/td><\/tr><tr><td>Ypiranga<\/td><td>x<\/td><td>Guarany-Bag\u00e9<\/td><\/tr><\/tbody><\/table><\/figure>\n\n\n\n<figure class=\"wp-block-table is-style-stripes\"><table class=\"has-fixed-layout\"><tbody><tr><td><strong>7\u00aa rodada<\/strong><br><strong>12\/2 ou 13\/2<\/strong><\/td><td><\/td><td><\/td><\/tr><tr><td>Avenida<\/td><td>x<\/td><td>Juventude<\/td><\/tr><tr><td>Gr\u00eamio<\/td><td>x<\/td><td>Pelotas<\/td><\/tr><tr><td>S\u00e3o Jos\u00e9<\/td><td>x<\/td><td>Monsoon<\/td><\/tr><tr><td>S\u00e3o Luiz<\/td><td>x<\/td><td>Internacional<\/td><\/tr><tr><td>Brasil-Pel<\/td><td>x<\/td><td>Ypiranga<\/td><\/tr><tr><td>Guarany-Bag\u00e9<\/td><td>x<\/td><td>Caxias<\/td><\/tr><\/tbody><\/table><\/figure>\n\n\n\n<figure class=\"wp-block-table is-style-stripes\"><table class=\"has-fixed-layout\"><tbody><tr><td><strong>8\u00aa rodada<\/strong><br><strong>15\/2<\/strong><\/td><td><\/td><td><\/td><\/tr><tr><td>Guarany-Bag\u00e9<\/td><td>x<\/td><td>S\u00e3o Luiz<\/td><\/tr><tr><td>Internacional<\/td><td>x<\/td><td>Monsoon<\/td><\/tr><tr><td>Pelotas<\/td><td>x<\/td><td>Juventude<\/td><\/tr><tr><td>Ypiranga<\/td><td>x<\/td><td>Gr\u00eamio<\/td><\/tr><tr><td>Avenida<\/td><td>x<\/td><td>Brasil-Pel<\/td><\/tr><tr><td>Caxias<\/td><td>x<\/td><td>S\u00e3o Jos\u00e9<\/td><\/tr><\/tbody><\/table><\/figure>\n","protected":false},"excerpt":{"rendered":"<p>Na ter\u00e7a-feira (10\/12), a Federa\u00e7\u00e3o Ga\u00facha de Futebol (FGF) divulgou a Tabela B\u00e1sica da 1\u00aa fase do Campeonato Ga\u00facho de 2025, que come\u00e7ar\u00e1 no dia 22 de janeiro e ter\u00e1 sua final em 16 de mar\u00e7o. Pela fase classificat\u00f3ria, as 12 equipes foram divididas em tr\u00eas grupos, e cada time jogar\u00e1 oito partidas contra advers\u00e1rios [&hellip;]<\/p>\n","protected":false},"author":732,"featured_media":176452,"comment_status":"open","ping_status":"open","sticky":false,"template":"","format":"standard","meta":{"pmpro_default_level":"","_jetpack_memberships_contains_paid_content":false,"footnotes":""},"categories":[5,2243],"tags":[17313,2407,6431],"class_list":{"0":"post-176436","1":"post","2":"type-post","3":"status-publish","4":"format-standard","5":"has-post-thumbnail","7":"category-esportes","8":"category-futebol-profissional","9":"tag-federacao-gaucha-de-futebol","10":"tag-futebol-profissional","11":"tag-gauchao","12":"pmpro-has-access"},"yoast_head":"<!-- This site is optimized with the Yoast SEO plugin v27.5 - https:\/\/yoast.com\/product\/yoast-seo-wordpress\/ -->\n<title>Calend\u00e1rio inicial do Ga\u00fach\u00e3o 2025 \u00e9 divulgado - Folha Popular<\/title>\n<meta name=\"robots\" content=\"index, follow, max-snippet:-1, max-image-preview:large, max-video-preview:-1\" \/>\n<link rel=\"canonical\" href=\"https:\/\/folhapopular.info\/index.php\/2024\/12\/13\/calendario-inicial-do-gauchao-2025-e-divulgado\/\" \/>\n<meta property=\"og:locale\" content=\"pt_BR\" \/>\n<meta property=\"og:type\" content=\"article\" \/>\n<meta property=\"og:title\" content=\"Calend\u00e1rio inicial do Ga\u00fach\u00e3o 2025 \u00e9 divulgado - Folha Popular\" \/>\n<meta property=\"og:description\" content=\"Na ter\u00e7a-feira (10\/12), a Federa\u00e7\u00e3o Ga\u00facha de Futebol (FGF) divulgou a Tabela B\u00e1sica da 1\u00aa fase do Campeonato Ga\u00facho de 2025, que come\u00e7ar\u00e1 no dia 22 de janeiro e ter\u00e1 sua final em 16 de mar\u00e7o. Pela fase classificat\u00f3ria, as 12 equipes foram divididas em tr\u00eas grupos, e cada time jogar\u00e1 oito partidas contra advers\u00e1rios [&hellip;]\" \/>\n<meta property=\"og:url\" content=\"https:\/\/folhapopular.info\/index.php\/2024\/12\/13\/calendario-inicial-do-gauchao-2025-e-divulgado\/\" \/>\n<meta property=\"og:site_name\" content=\"Folha Popular\" \/>\n<meta property=\"article:author\" content=\"https:\/\/www.facebook.com\/luis.huppes\/\" \/>\n<meta property=\"article:published_time\" content=\"2024-12-13T14:58:24+00:00\" \/>\n<meta property=\"article:modified_time\" content=\"2024-12-13T17:52:01+00:00\" \/>\n<meta property=\"og:image\" content=\"http:\/\/folhapopular.info\/wp-content\/uploads\/2024\/12\/4917593_23f77dbb5b861aa.jpg\" \/>\n\t<meta property=\"og:image:width\" content=\"700\" \/>\n\t<meta property=\"og:image:height\" content=\"466\" \/>\n\t<meta property=\"og:image:type\" content=\"image\/jpeg\" \/>\n<meta name=\"author\" content=\"Luis Augusto Huppes\" \/>\n<meta name=\"twitter:card\" content=\"summary_large_image\" \/>\n<meta name=\"twitter:label1\" content=\"Escrito por\" \/>\n\t<meta name=\"twitter:data1\" content=\"Luis Augusto Huppes\" \/>\n\t<meta name=\"twitter:label2\" content=\"Est. tempo de leitura\" \/>\n\t<meta name=\"twitter:data2\" content=\"3 minutos\" \/>\n<script type=\"application\/ld+json\" class=\"yoast-schema-graph\">{\"@context\":\"https:\\\/\\\/schema.org\",\"@graph\":[{\"@type\":\"Article\",\"@id\":\"https:\\\/\\\/folhapopular.info\\\/index.php\\\/2024\\\/12\\\/13\\\/calendario-inicial-do-gauchao-2025-e-divulgado\\\/#article\",\"isPartOf\":{\"@id\":\"https:\\\/\\\/folhapopular.info\\\/index.php\\\/2024\\\/12\\\/13\\\/calendario-inicial-do-gauchao-2025-e-divulgado\\\/\"},\"author\":{\"name\":\"Luis Augusto Huppes\",\"@id\":\"https:\\\/\\\/folhapopular.info\\\/#\\\/schema\\\/person\\\/e852c327371714676d02e58cf917fd9f\"},\"headline\":\"Calend\u00e1rio inicial do Ga\u00fach\u00e3o 2025 \u00e9 divulgado\",\"datePublished\":\"2024-12-13T14:58:24+00:00\",\"dateModified\":\"2024-12-13T17:52:01+00:00\",\"mainEntityOfPage\":{\"@id\":\"https:\\\/\\\/folhapopular.info\\\/index.php\\\/2024\\\/12\\\/13\\\/calendario-inicial-do-gauchao-2025-e-divulgado\\\/\"},\"wordCount\":398,\"commentCount\":0,\"image\":{\"@id\":\"https:\\\/\\\/folhapopular.info\\\/index.php\\\/2024\\\/12\\\/13\\\/calendario-inicial-do-gauchao-2025-e-divulgado\\\/#primaryimage\"},\"thumbnailUrl\":\"https:\\\/\\\/folhapopular.info\\\/wp-content\\\/uploads\\\/2024\\\/12\\\/4917593_23f77dbb5b861aa.jpg\",\"keywords\":[\"Federa\u00e7\u00e3o Ga\u00facha de Futebol\",\"futebol profissional\",\"Gauch\u00e3o\"],\"articleSection\":[\"Esportes\",\"Futebol Profissional\"],\"inLanguage\":\"pt-BR\",\"potentialAction\":[{\"@type\":\"CommentAction\",\"name\":\"Comment\",\"target\":[\"https:\\\/\\\/folhapopular.info\\\/index.php\\\/2024\\\/12\\\/13\\\/calendario-inicial-do-gauchao-2025-e-divulgado\\\/#respond\"]}]},{\"@type\":\"WebPage\",\"@id\":\"https:\\\/\\\/folhapopular.info\\\/index.php\\\/2024\\\/12\\\/13\\\/calendario-inicial-do-gauchao-2025-e-divulgado\\\/\",\"url\":\"https:\\\/\\\/folhapopular.info\\\/index.php\\\/2024\\\/12\\\/13\\\/calendario-inicial-do-gauchao-2025-e-divulgado\\\/\",\"name\":\"Calend\u00e1rio inicial do Ga\u00fach\u00e3o 2025 \u00e9 divulgado - Folha Popular\",\"isPartOf\":{\"@id\":\"https:\\\/\\\/folhapopular.info\\\/#website\"},\"primaryImageOfPage\":{\"@id\":\"https:\\\/\\\/folhapopular.info\\\/index.php\\\/2024\\\/12\\\/13\\\/calendario-inicial-do-gauchao-2025-e-divulgado\\\/#primaryimage\"},\"image\":{\"@id\":\"https:\\\/\\\/folhapopular.info\\\/index.php\\\/2024\\\/12\\\/13\\\/calendario-inicial-do-gauchao-2025-e-divulgado\\\/#primaryimage\"},\"thumbnailUrl\":\"https:\\\/\\\/folhapopular.info\\\/wp-content\\\/uploads\\\/2024\\\/12\\\/4917593_23f77dbb5b861aa.jpg\",\"datePublished\":\"2024-12-13T14:58:24+00:00\",\"dateModified\":\"2024-12-13T17:52:01+00:00\",\"author\":{\"@id\":\"https:\\\/\\\/folhapopular.info\\\/#\\\/schema\\\/person\\\/e852c327371714676d02e58cf917fd9f\"},\"breadcrumb\":{\"@id\":\"https:\\\/\\\/folhapopular.info\\\/index.php\\\/2024\\\/12\\\/13\\\/calendario-inicial-do-gauchao-2025-e-divulgado\\\/#breadcrumb\"},\"inLanguage\":\"pt-BR\",\"potentialAction\":[{\"@type\":\"ReadAction\",\"target\":[\"https:\\\/\\\/folhapopular.info\\\/index.php\\\/2024\\\/12\\\/13\\\/calendario-inicial-do-gauchao-2025-e-divulgado\\\/\"]}]},{\"@type\":\"ImageObject\",\"inLanguage\":\"pt-BR\",\"@id\":\"https:\\\/\\\/folhapopular.info\\\/index.php\\\/2024\\\/12\\\/13\\\/calendario-inicial-do-gauchao-2025-e-divulgado\\\/#primaryimage\",\"url\":\"https:\\\/\\\/folhapopular.info\\\/wp-content\\\/uploads\\\/2024\\\/12\\\/4917593_23f77dbb5b861aa.jpg\",\"contentUrl\":\"https:\\\/\\\/folhapopular.info\\\/wp-content\\\/uploads\\\/2024\\\/12\\\/4917593_23f77dbb5b861aa.jpg\",\"width\":700,\"height\":466,\"caption\":\"Cr\u00e9dito: Divulga\u00e7\u00e3o\"},{\"@type\":\"BreadcrumbList\",\"@id\":\"https:\\\/\\\/folhapopular.info\\\/index.php\\\/2024\\\/12\\\/13\\\/calendario-inicial-do-gauchao-2025-e-divulgado\\\/#breadcrumb\",\"itemListElement\":[{\"@type\":\"ListItem\",\"position\":1,\"name\":\"In\u00edcio\",\"item\":\"https:\\\/\\\/folhapopular.info\\\/\"},{\"@type\":\"ListItem\",\"position\":2,\"name\":\"Calend\u00e1rio inicial do Ga\u00fach\u00e3o 2025 \u00e9 divulgado\"}]},{\"@type\":\"WebSite\",\"@id\":\"https:\\\/\\\/folhapopular.info\\\/#website\",\"url\":\"https:\\\/\\\/folhapopular.info\\\/\",\"name\":\"Folha Popular\",\"description\":\"Onde voc\u00ea tem vez e voz\",\"potentialAction\":[{\"@type\":\"SearchAction\",\"target\":{\"@type\":\"EntryPoint\",\"urlTemplate\":\"https:\\\/\\\/folhapopular.info\\\/?s={search_term_string}\"},\"query-input\":{\"@type\":\"PropertyValueSpecification\",\"valueRequired\":true,\"valueName\":\"search_term_string\"}}],\"inLanguage\":\"pt-BR\"},{\"@type\":\"Person\",\"@id\":\"https:\\\/\\\/folhapopular.info\\\/#\\\/schema\\\/person\\\/e852c327371714676d02e58cf917fd9f\",\"name\":\"Luis Augusto Huppes\",\"image\":{\"@type\":\"ImageObject\",\"inLanguage\":\"pt-BR\",\"@id\":\"https:\\\/\\\/folhapopular.info\\\/wp-content\\\/uploads\\\/2026\\\/04\\\/Luis-Augusto-Huppes-1-1.webp\",\"url\":\"https:\\\/\\\/folhapopular.info\\\/wp-content\\\/uploads\\\/2026\\\/04\\\/Luis-Augusto-Huppes-1-1.webp\",\"contentUrl\":\"https:\\\/\\\/folhapopular.info\\\/wp-content\\\/uploads\\\/2026\\\/04\\\/Luis-Augusto-Huppes-1-1.webp\",\"caption\":\"Luis Augusto Huppes\"},\"sameAs\":[\"https:\\\/\\\/www.facebook.com\\\/luis.huppes\\\/\",\"https:\\\/\\\/www.instagram.com\\\/luis.huppes\\\/\",\"https:\\\/\\\/www.linkedin.com\\\/in\\\/luis-augusto-huppes-2554b52b7\\\/\"],\"url\":\"https:\\\/\\\/folhapopular.info\\\/index.php\\\/author\\\/luis-augusto-huppes\\\/\"}]}<\/script>\n<!-- \/ Yoast SEO plugin. -->","yoast_head_json":{"title":"Calend\u00e1rio inicial do Ga\u00fach\u00e3o 2025 \u00e9 divulgado - Folha Popular","robots":{"index":"index","follow":"follow","max-snippet":"max-snippet:-1","max-image-preview":"max-image-preview:large","max-video-preview":"max-video-preview:-1"},"canonical":"https:\/\/folhapopular.info\/index.php\/2024\/12\/13\/calendario-inicial-do-gauchao-2025-e-divulgado\/","og_locale":"pt_BR","og_type":"article","og_title":"Calend\u00e1rio inicial do Ga\u00fach\u00e3o 2025 \u00e9 divulgado - Folha Popular","og_description":"Na ter\u00e7a-feira (10\/12), a Federa\u00e7\u00e3o Ga\u00facha de Futebol (FGF) divulgou a Tabela B\u00e1sica da 1\u00aa fase do Campeonato Ga\u00facho de 2025, que come\u00e7ar\u00e1 no dia 22 de janeiro e ter\u00e1 sua final em 16 de mar\u00e7o. Pela fase classificat\u00f3ria, as 12 equipes foram divididas em tr\u00eas grupos, e cada time jogar\u00e1 oito partidas contra advers\u00e1rios [&hellip;]","og_url":"https:\/\/folhapopular.info\/index.php\/2024\/12\/13\/calendario-inicial-do-gauchao-2025-e-divulgado\/","og_site_name":"Folha Popular","article_author":"https:\/\/www.facebook.com\/luis.huppes\/","article_published_time":"2024-12-13T14:58:24+00:00","article_modified_time":"2024-12-13T17:52:01+00:00","og_image":[{"width":700,"height":466,"url":"http:\/\/folhapopular.info\/wp-content\/uploads\/2024\/12\/4917593_23f77dbb5b861aa.jpg","type":"image\/jpeg"}],"author":"Luis Augusto Huppes","twitter_card":"summary_large_image","twitter_misc":{"Escrito por":"Luis Augusto Huppes","Est. tempo de leitura":"3 minutos"},"schema":{"@context":"https:\/\/schema.org","@graph":[{"@type":"Article","@id":"https:\/\/folhapopular.info\/index.php\/2024\/12\/13\/calendario-inicial-do-gauchao-2025-e-divulgado\/#article","isPartOf":{"@id":"https:\/\/folhapopular.info\/index.php\/2024\/12\/13\/calendario-inicial-do-gauchao-2025-e-divulgado\/"},"author":{"name":"Luis Augusto Huppes","@id":"https:\/\/folhapopular.info\/#\/schema\/person\/e852c327371714676d02e58cf917fd9f"},"headline":"Calend\u00e1rio inicial do Ga\u00fach\u00e3o 2025 \u00e9 divulgado","datePublished":"2024-12-13T14:58:24+00:00","dateModified":"2024-12-13T17:52:01+00:00","mainEntityOfPage":{"@id":"https:\/\/folhapopular.info\/index.php\/2024\/12\/13\/calendario-inicial-do-gauchao-2025-e-divulgado\/"},"wordCount":398,"commentCount":0,"image":{"@id":"https:\/\/folhapopular.info\/index.php\/2024\/12\/13\/calendario-inicial-do-gauchao-2025-e-divulgado\/#primaryimage"},"thumbnailUrl":"https:\/\/folhapopular.info\/wp-content\/uploads\/2024\/12\/4917593_23f77dbb5b861aa.jpg","keywords":["Federa\u00e7\u00e3o Ga\u00facha de Futebol","futebol profissional","Gauch\u00e3o"],"articleSection":["Esportes","Futebol Profissional"],"inLanguage":"pt-BR","potentialAction":[{"@type":"CommentAction","name":"Comment","target":["https:\/\/folhapopular.info\/index.php\/2024\/12\/13\/calendario-inicial-do-gauchao-2025-e-divulgado\/#respond"]}]},{"@type":"WebPage","@id":"https:\/\/folhapopular.info\/index.php\/2024\/12\/13\/calendario-inicial-do-gauchao-2025-e-divulgado\/","url":"https:\/\/folhapopular.info\/index.php\/2024\/12\/13\/calendario-inicial-do-gauchao-2025-e-divulgado\/","name":"Calend\u00e1rio inicial do Ga\u00fach\u00e3o 2025 \u00e9 divulgado - Folha Popular","isPartOf":{"@id":"https:\/\/folhapopular.info\/#website"},"primaryImageOfPage":{"@id":"https:\/\/folhapopular.info\/index.php\/2024\/12\/13\/calendario-inicial-do-gauchao-2025-e-divulgado\/#primaryimage"},"image":{"@id":"https:\/\/folhapopular.info\/index.php\/2024\/12\/13\/calendario-inicial-do-gauchao-2025-e-divulgado\/#primaryimage"},"thumbnailUrl":"https:\/\/folhapopular.info\/wp-content\/uploads\/2024\/12\/4917593_23f77dbb5b861aa.jpg","datePublished":"2024-12-13T14:58:24+00:00","dateModified":"2024-12-13T17:52:01+00:00","author":{"@id":"https:\/\/folhapopular.info\/#\/schema\/person\/e852c327371714676d02e58cf917fd9f"},"breadcrumb":{"@id":"https:\/\/folhapopular.info\/index.php\/2024\/12\/13\/calendario-inicial-do-gauchao-2025-e-divulgado\/#breadcrumb"},"inLanguage":"pt-BR","potentialAction":[{"@type":"ReadAction","target":["https:\/\/folhapopular.info\/index.php\/2024\/12\/13\/calendario-inicial-do-gauchao-2025-e-divulgado\/"]}]},{"@type":"ImageObject","inLanguage":"pt-BR","@id":"https:\/\/folhapopular.info\/index.php\/2024\/12\/13\/calendario-inicial-do-gauchao-2025-e-divulgado\/#primaryimage","url":"https:\/\/folhapopular.info\/wp-content\/uploads\/2024\/12\/4917593_23f77dbb5b861aa.jpg","contentUrl":"https:\/\/folhapopular.info\/wp-content\/uploads\/2024\/12\/4917593_23f77dbb5b861aa.jpg","width":700,"height":466,"caption":"Cr\u00e9dito: Divulga\u00e7\u00e3o"},{"@type":"BreadcrumbList","@id":"https:\/\/folhapopular.info\/index.php\/2024\/12\/13\/calendario-inicial-do-gauchao-2025-e-divulgado\/#breadcrumb","itemListElement":[{"@type":"ListItem","position":1,"name":"In\u00edcio","item":"https:\/\/folhapopular.info\/"},{"@type":"ListItem","position":2,"name":"Calend\u00e1rio inicial do Ga\u00fach\u00e3o 2025 \u00e9 divulgado"}]},{"@type":"WebSite","@id":"https:\/\/folhapopular.info\/#website","url":"https:\/\/folhapopular.info\/","name":"Folha Popular","description":"Onde voc\u00ea tem vez e voz","potentialAction":[{"@type":"SearchAction","target":{"@type":"EntryPoint","urlTemplate":"https:\/\/folhapopular.info\/?s={search_term_string}"},"query-input":{"@type":"PropertyValueSpecification","valueRequired":true,"valueName":"search_term_string"}}],"inLanguage":"pt-BR"},{"@type":"Person","@id":"https:\/\/folhapopular.info\/#\/schema\/person\/e852c327371714676d02e58cf917fd9f","name":"Luis Augusto Huppes","image":{"@type":"ImageObject","inLanguage":"pt-BR","@id":"https:\/\/folhapopular.info\/wp-content\/uploads\/2026\/04\/Luis-Augusto-Huppes-1-1.webp","url":"https:\/\/folhapopular.info\/wp-content\/uploads\/2026\/04\/Luis-Augusto-Huppes-1-1.webp","contentUrl":"https:\/\/folhapopular.info\/wp-content\/uploads\/2026\/04\/Luis-Augusto-Huppes-1-1.webp","caption":"Luis Augusto Huppes"},"sameAs":["https:\/\/www.facebook.com\/luis.huppes\/","https:\/\/www.instagram.com\/luis.huppes\/","https:\/\/www.linkedin.com\/in\/luis-augusto-huppes-2554b52b7\/"],"url":"https:\/\/folhapopular.info\/index.php\/author\/luis-augusto-huppes\/"}]}},"jetpack_featured_media_url":"https:\/\/folhapopular.info\/wp-content\/uploads\/2024\/12\/4917593_23f77dbb5b861aa.jpg","jetpack_sharing_enabled":true,"amp_enabled":true,"_links":{"self":[{"href":"https:\/\/folhapopular.info\/index.php\/wp-json\/wp\/v2\/posts\/176436","targetHints":{"allow":["GET"]}}],"collection":[{"href":"https:\/\/folhapopular.info\/index.php\/wp-json\/wp\/v2\/posts"}],"about":[{"href":"https:\/\/folhapopular.info\/index.php\/wp-json\/wp\/v2\/types\/post"}],"author":[{"embeddable":true,"href":"https:\/\/folhapopular.info\/index.php\/wp-json\/wp\/v2\/users\/732"}],"replies":[{"embeddable":true,"href":"https:\/\/folhapopular.info\/index.php\/wp-json\/wp\/v2\/comments?post=176436"}],"version-history":[{"count":0,"href":"https:\/\/folhapopular.info\/index.php\/wp-json\/wp\/v2\/posts\/176436\/revisions"}],"wp:featuredmedia":[{"embeddable":true,"href":"https:\/\/folhapopular.info\/index.php\/wp-json\/wp\/v2\/media\/176452"}],"wp:attachment":[{"href":"https:\/\/folhapopular.info\/index.php\/wp-json\/wp\/v2\/media?parent=176436"}],"wp:term":[{"taxonomy":"category","embeddable":true,"href":"https:\/\/folhapopular.info\/index.php\/wp-json\/wp\/v2\/categories?post=176436"},{"taxonomy":"post_tag","embeddable":true,"href":"https:\/\/folhapopular.info\/index.php\/wp-json\/wp\/v2\/tags?post=176436"}],"curies":[{"name":"wp","href":"https:\/\/api.w.org\/{rel}","templated":true}]}}