{"id":176633,"date":"2024-12-16T16:10:22","date_gmt":"2024-12-16T19:10:22","guid":{"rendered":"https:\/\/folhapopular.info\/?p=176633"},"modified":"2024-12-16T16:10:25","modified_gmt":"2024-12-16T19:10:25","slug":"homem-e-preso-por-porte-ilegal-de-arma-de-fogo-no-bairro-languiru-em-teutonia","status":"publish","type":"post","link":"https:\/\/folhapopular.info\/index.php\/2024\/12\/16\/homem-e-preso-por-porte-ilegal-de-arma-de-fogo-no-bairro-languiru-em-teutonia\/","title":{"rendered":"Homem \u00e9 preso por porte ilegal de arma de fogo no Bairro Languiru, em Teut\u00f4nia"},"content":{"rendered":"\n<p>Na noite de s\u00e1bado (14\/12), a Brigada Militar prendeu um homem, de 47 anos, por porte ilegal de arma de fogo, no Bairro Languiru, em Teut\u00f4nia.<\/p>\n\n\n\n<p>Ap\u00f3s liga\u00e7\u00f5es informando que um homem teria efetuado disparo de arma de fogo em via p\u00fablica, os policiais militares se deslocaram at\u00e9 a Rua 25 de Julho e visualizaram o suspeito com a arma em sua cintura. Ele foi abordado e apreendido um rev\u00f3lver calibre 38, duas muni\u00e7\u00f5es intactas e uma muni\u00e7\u00e3o deflagrada.<\/p>\n\n\n\n<p>Diante dos fatos, o homem, que j\u00e1 possu\u00eda antecedentes por homic\u00eddio, tr\u00e1fico de entorpecentes, les\u00e3o corporal e amea\u00e7a, foi preso e encaminhado \u00e0 Delegacia de Pol\u00edcia de Pronto Atendimento de Lajeado para provid\u00eancias legais.<\/p>\n","protected":false},"excerpt":{"rendered":"<p>Na noite de s\u00e1bado (14\/12), a Brigada Militar prendeu um homem, de 47 anos, por porte ilegal de arma de fogo, no Bairro Languiru, em Teut\u00f4nia. Ap\u00f3s liga\u00e7\u00f5es informando que um homem teria efetuado disparo de arma de fogo em via p\u00fablica, os policiais militares se deslocaram at\u00e9 a Rua 25 de Julho e visualizaram [&hellip;]<\/p>\n","protected":false},"author":8,"featured_media":176637,"comment_status":"open","ping_status":"open","sticky":false,"template":"","format":"standard","meta":{"pmpro_default_level":"","_jetpack_memberships_contains_paid_content":false,"footnotes":""},"categories":[10982,7],"tags":[],"class_list":{"0":"post-176633","1":"post","2":"type-post","3":"status-publish","4":"format-standard","5":"has-post-thumbnail","7":"category-policia","8":"category-seguranca","9":"pmpro-has-access"},"yoast_head":"<!-- This site is optimized with the Yoast SEO plugin v27.5 - https:\/\/yoast.com\/product\/yoast-seo-wordpress\/ -->\n<title>Homem \u00e9 preso por porte ilegal de arma de fogo no Bairro Languiru, em Teut\u00f4nia - Folha Popular<\/title>\n<meta name=\"robots\" content=\"index, follow, max-snippet:-1, max-image-preview:large, max-video-preview:-1\" \/>\n<link rel=\"canonical\" href=\"https:\/\/folhapopular.info\/index.php\/2024\/12\/16\/homem-e-preso-por-porte-ilegal-de-arma-de-fogo-no-bairro-languiru-em-teutonia\/\" \/>\n<meta property=\"og:locale\" content=\"pt_BR\" \/>\n<meta property=\"og:type\" content=\"article\" \/>\n<meta property=\"og:title\" content=\"Homem \u00e9 preso por porte ilegal de arma de fogo no Bairro Languiru, em Teut\u00f4nia - Folha Popular\" \/>\n<meta property=\"og:description\" content=\"Na noite de s\u00e1bado (14\/12), a Brigada Militar prendeu um homem, de 47 anos, por porte ilegal de arma de fogo, no Bairro Languiru, em Teut\u00f4nia. Ap\u00f3s liga\u00e7\u00f5es informando que um homem teria efetuado disparo de arma de fogo em via p\u00fablica, os policiais militares se deslocaram at\u00e9 a Rua 25 de Julho e visualizaram [&hellip;]\" \/>\n<meta property=\"og:url\" content=\"https:\/\/folhapopular.info\/index.php\/2024\/12\/16\/homem-e-preso-por-porte-ilegal-de-arma-de-fogo-no-bairro-languiru-em-teutonia\/\" \/>\n<meta property=\"og:site_name\" content=\"Folha Popular\" \/>\n<meta property=\"article:published_time\" content=\"2024-12-16T19:10:22+00:00\" \/>\n<meta property=\"article:modified_time\" content=\"2024-12-16T19:10:25+00:00\" \/>\n<meta property=\"og:image\" content=\"http:\/\/folhapopular.info\/wp-content\/uploads\/2024\/12\/WhatsApp-Image-2024-12-16-at-13.36.15.jpeg\" \/>\n\t<meta property=\"og:image:width\" content=\"1280\" \/>\n\t<meta property=\"og:image:height\" content=\"589\" \/>\n\t<meta property=\"og:image:type\" content=\"image\/jpeg\" \/>\n<meta name=\"author\" content=\"Reda\u00e7\u00e3o Folha Popular\" \/>\n<meta name=\"twitter:card\" content=\"summary_large_image\" \/>\n<meta name=\"twitter:label1\" content=\"Escrito por\" \/>\n\t<meta name=\"twitter:data1\" content=\"Reda\u00e7\u00e3o Folha Popular\" \/>\n\t<meta name=\"twitter:label2\" content=\"Est. tempo de leitura\" \/>\n\t<meta name=\"twitter:data2\" content=\"1 minuto\" \/>\n<script type=\"application\/ld+json\" class=\"yoast-schema-graph\">{\"@context\":\"https:\\\/\\\/schema.org\",\"@graph\":[{\"@type\":\"Article\",\"@id\":\"https:\\\/\\\/folhapopular.info\\\/index.php\\\/2024\\\/12\\\/16\\\/homem-e-preso-por-porte-ilegal-de-arma-de-fogo-no-bairro-languiru-em-teutonia\\\/#article\",\"isPartOf\":{\"@id\":\"https:\\\/\\\/folhapopular.info\\\/index.php\\\/2024\\\/12\\\/16\\\/homem-e-preso-por-porte-ilegal-de-arma-de-fogo-no-bairro-languiru-em-teutonia\\\/\"},\"author\":{\"name\":\"Reda\u00e7\u00e3o Folha Popular\",\"@id\":\"https:\\\/\\\/folhapopular.info\\\/#\\\/schema\\\/person\\\/2814e8a0df7643585a9ca38bc6eb9d4b\"},\"headline\":\"Homem \u00e9 preso por porte ilegal de arma de fogo no Bairro Languiru, em Teut\u00f4nia\",\"datePublished\":\"2024-12-16T19:10:22+00:00\",\"dateModified\":\"2024-12-16T19:10:25+00:00\",\"mainEntityOfPage\":{\"@id\":\"https:\\\/\\\/folhapopular.info\\\/index.php\\\/2024\\\/12\\\/16\\\/homem-e-preso-por-porte-ilegal-de-arma-de-fogo-no-bairro-languiru-em-teutonia\\\/\"},\"wordCount\":138,\"commentCount\":0,\"image\":{\"@id\":\"https:\\\/\\\/folhapopular.info\\\/index.php\\\/2024\\\/12\\\/16\\\/homem-e-preso-por-porte-ilegal-de-arma-de-fogo-no-bairro-languiru-em-teutonia\\\/#primaryimage\"},\"thumbnailUrl\":\"https:\\\/\\\/folhapopular.info\\\/wp-content\\\/uploads\\\/2024\\\/12\\\/WhatsApp-Image-2024-12-16-at-13.36.15.jpeg\",\"articleSection\":[\"Pol\u00edcia\",\"Seguran\u00e7a\"],\"inLanguage\":\"pt-BR\",\"potentialAction\":[{\"@type\":\"CommentAction\",\"name\":\"Comment\",\"target\":[\"https:\\\/\\\/folhapopular.info\\\/index.php\\\/2024\\\/12\\\/16\\\/homem-e-preso-por-porte-ilegal-de-arma-de-fogo-no-bairro-languiru-em-teutonia\\\/#respond\"]}]},{\"@type\":\"WebPage\",\"@id\":\"https:\\\/\\\/folhapopular.info\\\/index.php\\\/2024\\\/12\\\/16\\\/homem-e-preso-por-porte-ilegal-de-arma-de-fogo-no-bairro-languiru-em-teutonia\\\/\",\"url\":\"https:\\\/\\\/folhapopular.info\\\/index.php\\\/2024\\\/12\\\/16\\\/homem-e-preso-por-porte-ilegal-de-arma-de-fogo-no-bairro-languiru-em-teutonia\\\/\",\"name\":\"Homem \u00e9 preso por porte ilegal de arma de fogo no Bairro Languiru, em Teut\u00f4nia - Folha Popular\",\"isPartOf\":{\"@id\":\"https:\\\/\\\/folhapopular.info\\\/#website\"},\"primaryImageOfPage\":{\"@id\":\"https:\\\/\\\/folhapopular.info\\\/index.php\\\/2024\\\/12\\\/16\\\/homem-e-preso-por-porte-ilegal-de-arma-de-fogo-no-bairro-languiru-em-teutonia\\\/#primaryimage\"},\"image\":{\"@id\":\"https:\\\/\\\/folhapopular.info\\\/index.php\\\/2024\\\/12\\\/16\\\/homem-e-preso-por-porte-ilegal-de-arma-de-fogo-no-bairro-languiru-em-teutonia\\\/#primaryimage\"},\"thumbnailUrl\":\"https:\\\/\\\/folhapopular.info\\\/wp-content\\\/uploads\\\/2024\\\/12\\\/WhatsApp-Image-2024-12-16-at-13.36.15.jpeg\",\"datePublished\":\"2024-12-16T19:10:22+00:00\",\"dateModified\":\"2024-12-16T19:10:25+00:00\",\"author\":{\"@id\":\"https:\\\/\\\/folhapopular.info\\\/#\\\/schema\\\/person\\\/2814e8a0df7643585a9ca38bc6eb9d4b\"},\"breadcrumb\":{\"@id\":\"https:\\\/\\\/folhapopular.info\\\/index.php\\\/2024\\\/12\\\/16\\\/homem-e-preso-por-porte-ilegal-de-arma-de-fogo-no-bairro-languiru-em-teutonia\\\/#breadcrumb\"},\"inLanguage\":\"pt-BR\",\"potentialAction\":[{\"@type\":\"ReadAction\",\"target\":[\"https:\\\/\\\/folhapopular.info\\\/index.php\\\/2024\\\/12\\\/16\\\/homem-e-preso-por-porte-ilegal-de-arma-de-fogo-no-bairro-languiru-em-teutonia\\\/\"]}]},{\"@type\":\"ImageObject\",\"inLanguage\":\"pt-BR\",\"@id\":\"https:\\\/\\\/folhapopular.info\\\/index.php\\\/2024\\\/12\\\/16\\\/homem-e-preso-por-porte-ilegal-de-arma-de-fogo-no-bairro-languiru-em-teutonia\\\/#primaryimage\",\"url\":\"https:\\\/\\\/folhapopular.info\\\/wp-content\\\/uploads\\\/2024\\\/12\\\/WhatsApp-Image-2024-12-16-at-13.36.15.jpeg\",\"contentUrl\":\"https:\\\/\\\/folhapopular.info\\\/wp-content\\\/uploads\\\/2024\\\/12\\\/WhatsApp-Image-2024-12-16-at-13.36.15.jpeg\",\"width\":1280,\"height\":589,\"caption\":\"Cr\u00e9dito: BM \\\/ Divulga\u00e7\u00e3o\"},{\"@type\":\"BreadcrumbList\",\"@id\":\"https:\\\/\\\/folhapopular.info\\\/index.php\\\/2024\\\/12\\\/16\\\/homem-e-preso-por-porte-ilegal-de-arma-de-fogo-no-bairro-languiru-em-teutonia\\\/#breadcrumb\",\"itemListElement\":[{\"@type\":\"ListItem\",\"position\":1,\"name\":\"In\u00edcio\",\"item\":\"https:\\\/\\\/folhapopular.info\\\/\"},{\"@type\":\"ListItem\",\"position\":2,\"name\":\"Homem \u00e9 preso por porte ilegal de arma de fogo no Bairro Languiru, em Teut\u00f4nia\"}]},{\"@type\":\"WebSite\",\"@id\":\"https:\\\/\\\/folhapopular.info\\\/#website\",\"url\":\"https:\\\/\\\/folhapopular.info\\\/\",\"name\":\"Folha Popular\",\"description\":\"Onde voc\u00ea tem vez e voz\",\"potentialAction\":[{\"@type\":\"SearchAction\",\"target\":{\"@type\":\"EntryPoint\",\"urlTemplate\":\"https:\\\/\\\/folhapopular.info\\\/?s={search_term_string}\"},\"query-input\":{\"@type\":\"PropertyValueSpecification\",\"valueRequired\":true,\"valueName\":\"search_term_string\"}}],\"inLanguage\":\"pt-BR\"},{\"@type\":\"Person\",\"@id\":\"https:\\\/\\\/folhapopular.info\\\/#\\\/schema\\\/person\\\/2814e8a0df7643585a9ca38bc6eb9d4b\",\"name\":\"Reda\u00e7\u00e3o Folha Popular\",\"image\":{\"@type\":\"ImageObject\",\"inLanguage\":\"pt-BR\",\"@id\":\"https:\\\/\\\/folhapopular.info\\\/wp-content\\\/uploads\\\/2026\\\/04\\\/Folha-1.webp\",\"url\":\"https:\\\/\\\/folhapopular.info\\\/wp-content\\\/uploads\\\/2026\\\/04\\\/Folha-1.webp\",\"contentUrl\":\"https:\\\/\\\/folhapopular.info\\\/wp-content\\\/uploads\\\/2026\\\/04\\\/Folha-1.webp\",\"caption\":\"Reda\u00e7\u00e3o Folha Popular\"},\"url\":\"https:\\\/\\\/folhapopular.info\\\/index.php\\\/author\\\/redacao\\\/\"}]}<\/script>\n<!-- \/ Yoast SEO plugin. -->","yoast_head_json":{"title":"Homem \u00e9 preso por porte ilegal de arma de fogo no Bairro Languiru, em Teut\u00f4nia - Folha Popular","robots":{"index":"index","follow":"follow","max-snippet":"max-snippet:-1","max-image-preview":"max-image-preview:large","max-video-preview":"max-video-preview:-1"},"canonical":"https:\/\/folhapopular.info\/index.php\/2024\/12\/16\/homem-e-preso-por-porte-ilegal-de-arma-de-fogo-no-bairro-languiru-em-teutonia\/","og_locale":"pt_BR","og_type":"article","og_title":"Homem \u00e9 preso por porte ilegal de arma de fogo no Bairro Languiru, em Teut\u00f4nia - Folha Popular","og_description":"Na noite de s\u00e1bado (14\/12), a Brigada Militar prendeu um homem, de 47 anos, por porte ilegal de arma de fogo, no Bairro Languiru, em Teut\u00f4nia. Ap\u00f3s liga\u00e7\u00f5es informando que um homem teria efetuado disparo de arma de fogo em via p\u00fablica, os policiais militares se deslocaram at\u00e9 a Rua 25 de Julho e visualizaram [&hellip;]","og_url":"https:\/\/folhapopular.info\/index.php\/2024\/12\/16\/homem-e-preso-por-porte-ilegal-de-arma-de-fogo-no-bairro-languiru-em-teutonia\/","og_site_name":"Folha Popular","article_published_time":"2024-12-16T19:10:22+00:00","article_modified_time":"2024-12-16T19:10:25+00:00","og_image":[{"width":1280,"height":589,"url":"http:\/\/folhapopular.info\/wp-content\/uploads\/2024\/12\/WhatsApp-Image-2024-12-16-at-13.36.15.jpeg","type":"image\/jpeg"}],"author":"Reda\u00e7\u00e3o Folha Popular","twitter_card":"summary_large_image","twitter_misc":{"Escrito por":"Reda\u00e7\u00e3o Folha Popular","Est. tempo de leitura":"1 minuto"},"schema":{"@context":"https:\/\/schema.org","@graph":[{"@type":"Article","@id":"https:\/\/folhapopular.info\/index.php\/2024\/12\/16\/homem-e-preso-por-porte-ilegal-de-arma-de-fogo-no-bairro-languiru-em-teutonia\/#article","isPartOf":{"@id":"https:\/\/folhapopular.info\/index.php\/2024\/12\/16\/homem-e-preso-por-porte-ilegal-de-arma-de-fogo-no-bairro-languiru-em-teutonia\/"},"author":{"name":"Reda\u00e7\u00e3o Folha Popular","@id":"https:\/\/folhapopular.info\/#\/schema\/person\/2814e8a0df7643585a9ca38bc6eb9d4b"},"headline":"Homem \u00e9 preso por porte ilegal de arma de fogo no Bairro Languiru, em Teut\u00f4nia","datePublished":"2024-12-16T19:10:22+00:00","dateModified":"2024-12-16T19:10:25+00:00","mainEntityOfPage":{"@id":"https:\/\/folhapopular.info\/index.php\/2024\/12\/16\/homem-e-preso-por-porte-ilegal-de-arma-de-fogo-no-bairro-languiru-em-teutonia\/"},"wordCount":138,"commentCount":0,"image":{"@id":"https:\/\/folhapopular.info\/index.php\/2024\/12\/16\/homem-e-preso-por-porte-ilegal-de-arma-de-fogo-no-bairro-languiru-em-teutonia\/#primaryimage"},"thumbnailUrl":"https:\/\/folhapopular.info\/wp-content\/uploads\/2024\/12\/WhatsApp-Image-2024-12-16-at-13.36.15.jpeg","articleSection":["Pol\u00edcia","Seguran\u00e7a"],"inLanguage":"pt-BR","potentialAction":[{"@type":"CommentAction","name":"Comment","target":["https:\/\/folhapopular.info\/index.php\/2024\/12\/16\/homem-e-preso-por-porte-ilegal-de-arma-de-fogo-no-bairro-languiru-em-teutonia\/#respond"]}]},{"@type":"WebPage","@id":"https:\/\/folhapopular.info\/index.php\/2024\/12\/16\/homem-e-preso-por-porte-ilegal-de-arma-de-fogo-no-bairro-languiru-em-teutonia\/","url":"https:\/\/folhapopular.info\/index.php\/2024\/12\/16\/homem-e-preso-por-porte-ilegal-de-arma-de-fogo-no-bairro-languiru-em-teutonia\/","name":"Homem \u00e9 preso por porte ilegal de arma de fogo no Bairro Languiru, em Teut\u00f4nia - Folha Popular","isPartOf":{"@id":"https:\/\/folhapopular.info\/#website"},"primaryImageOfPage":{"@id":"https:\/\/folhapopular.info\/index.php\/2024\/12\/16\/homem-e-preso-por-porte-ilegal-de-arma-de-fogo-no-bairro-languiru-em-teutonia\/#primaryimage"},"image":{"@id":"https:\/\/folhapopular.info\/index.php\/2024\/12\/16\/homem-e-preso-por-porte-ilegal-de-arma-de-fogo-no-bairro-languiru-em-teutonia\/#primaryimage"},"thumbnailUrl":"https:\/\/folhapopular.info\/wp-content\/uploads\/2024\/12\/WhatsApp-Image-2024-12-16-at-13.36.15.jpeg","datePublished":"2024-12-16T19:10:22+00:00","dateModified":"2024-12-16T19:10:25+00:00","author":{"@id":"https:\/\/folhapopular.info\/#\/schema\/person\/2814e8a0df7643585a9ca38bc6eb9d4b"},"breadcrumb":{"@id":"https:\/\/folhapopular.info\/index.php\/2024\/12\/16\/homem-e-preso-por-porte-ilegal-de-arma-de-fogo-no-bairro-languiru-em-teutonia\/#breadcrumb"},"inLanguage":"pt-BR","potentialAction":[{"@type":"ReadAction","target":["https:\/\/folhapopular.info\/index.php\/2024\/12\/16\/homem-e-preso-por-porte-ilegal-de-arma-de-fogo-no-bairro-languiru-em-teutonia\/"]}]},{"@type":"ImageObject","inLanguage":"pt-BR","@id":"https:\/\/folhapopular.info\/index.php\/2024\/12\/16\/homem-e-preso-por-porte-ilegal-de-arma-de-fogo-no-bairro-languiru-em-teutonia\/#primaryimage","url":"https:\/\/folhapopular.info\/wp-content\/uploads\/2024\/12\/WhatsApp-Image-2024-12-16-at-13.36.15.jpeg","contentUrl":"https:\/\/folhapopular.info\/wp-content\/uploads\/2024\/12\/WhatsApp-Image-2024-12-16-at-13.36.15.jpeg","width":1280,"height":589,"caption":"Cr\u00e9dito: BM \/ Divulga\u00e7\u00e3o"},{"@type":"BreadcrumbList","@id":"https:\/\/folhapopular.info\/index.php\/2024\/12\/16\/homem-e-preso-por-porte-ilegal-de-arma-de-fogo-no-bairro-languiru-em-teutonia\/#breadcrumb","itemListElement":[{"@type":"ListItem","position":1,"name":"In\u00edcio","item":"https:\/\/folhapopular.info\/"},{"@type":"ListItem","position":2,"name":"Homem \u00e9 preso por porte ilegal de arma de fogo no Bairro Languiru, em Teut\u00f4nia"}]},{"@type":"WebSite","@id":"https:\/\/folhapopular.info\/#website","url":"https:\/\/folhapopular.info\/","name":"Folha Popular","description":"Onde voc\u00ea tem vez e voz","potentialAction":[{"@type":"SearchAction","target":{"@type":"EntryPoint","urlTemplate":"https:\/\/folhapopular.info\/?s={search_term_string}"},"query-input":{"@type":"PropertyValueSpecification","valueRequired":true,"valueName":"search_term_string"}}],"inLanguage":"pt-BR"},{"@type":"Person","@id":"https:\/\/folhapopular.info\/#\/schema\/person\/2814e8a0df7643585a9ca38bc6eb9d4b","name":"Reda\u00e7\u00e3o Folha Popular","image":{"@type":"ImageObject","inLanguage":"pt-BR","@id":"https:\/\/folhapopular.info\/wp-content\/uploads\/2026\/04\/Folha-1.webp","url":"https:\/\/folhapopular.info\/wp-content\/uploads\/2026\/04\/Folha-1.webp","contentUrl":"https:\/\/folhapopular.info\/wp-content\/uploads\/2026\/04\/Folha-1.webp","caption":"Reda\u00e7\u00e3o Folha Popular"},"url":"https:\/\/folhapopular.info\/index.php\/author\/redacao\/"}]}},"jetpack_featured_media_url":"https:\/\/folhapopular.info\/wp-content\/uploads\/2024\/12\/WhatsApp-Image-2024-12-16-at-13.36.15.jpeg","jetpack_sharing_enabled":true,"amp_enabled":true,"_links":{"self":[{"href":"https:\/\/folhapopular.info\/index.php\/wp-json\/wp\/v2\/posts\/176633","targetHints":{"allow":["GET"]}}],"collection":[{"href":"https:\/\/folhapopular.info\/index.php\/wp-json\/wp\/v2\/posts"}],"about":[{"href":"https:\/\/folhapopular.info\/index.php\/wp-json\/wp\/v2\/types\/post"}],"author":[{"embeddable":true,"href":"https:\/\/folhapopular.info\/index.php\/wp-json\/wp\/v2\/users\/8"}],"replies":[{"embeddable":true,"href":"https:\/\/folhapopular.info\/index.php\/wp-json\/wp\/v2\/comments?post=176633"}],"version-history":[{"count":0,"href":"https:\/\/folhapopular.info\/index.php\/wp-json\/wp\/v2\/posts\/176633\/revisions"}],"wp:featuredmedia":[{"embeddable":true,"href":"https:\/\/folhapopular.info\/index.php\/wp-json\/wp\/v2\/media\/176637"}],"wp:attachment":[{"href":"https:\/\/folhapopular.info\/index.php\/wp-json\/wp\/v2\/media?parent=176633"}],"wp:term":[{"taxonomy":"category","embeddable":true,"href":"https:\/\/folhapopular.info\/index.php\/wp-json\/wp\/v2\/categories?post=176633"},{"taxonomy":"post_tag","embeddable":true,"href":"https:\/\/folhapopular.info\/index.php\/wp-json\/wp\/v2\/tags?post=176633"}],"curies":[{"name":"wp","href":"https:\/\/api.w.org\/{rel}","templated":true}]}}