{"id":176654,"date":"2024-12-17T11:13:36","date_gmt":"2024-12-17T14:13:36","guid":{"rendered":"https:\/\/folhapopular.info\/?p=176654"},"modified":"2024-12-18T21:54:13","modified_gmt":"2024-12-19T00:54:13","slug":"alexandre-heisler-segue-como-presidente-da-alaf","status":"publish","type":"post","link":"https:\/\/folhapopular.info\/index.php\/2024\/12\/17\/alexandre-heisler-segue-como-presidente-da-alaf\/","title":{"rendered":"Alexandre Heisler segue como presidente da Alaf"},"content":{"rendered":"\n<p>A Associa\u00e7\u00e3o Lajeado de Futsal (Alaf) realizou na segunda-feira (16\/12) a elei\u00e7\u00e3o para definir a nova diretoria da equipe para os pr\u00f3ximos dois anos. Sem chapas concorrentes, o atual presidente, Alexandre Heisler, continuar\u00e1 \u00e0 frente da entidade, apesar de j\u00e1 ter expressado anteriormente o desejo de encerrar seu ciclo de 10 anos. No entanto, Heisler reconsiderou sua decis\u00e3o.<\/p>\n\n\n\n<p>Em 2024, a Alaf obteve e enfrentou problemas dentro e fora das quadras. Motivadas pelas cheias, as dificuldades financeiras assolaram o planejamento da equipe que teve sua continuidade repensada para a temporada de 2025.<\/p>\n\n\n\n<p>Conforme Alexandre, as decis\u00f5es tomadas na segunda-feira mudaram o planejamento. Com as aprova\u00e7\u00f5es de projetos de lei de incentivo, onde a reconstru\u00e7\u00e3o foi possibilitada. &#8220;Em quest\u00e3o de tr\u00eas horas alteramos tudo que hav\u00edamos planejado. Hoje falamos que a decis\u00e3o ontem seria pelo fechamento do profissional, tudo estava definido. Por\u00e9m, agora com essa surpresa e not\u00edcia podemos seguir com o projeto para 2025. Trabalhamos a noite toda para formar uma nova diretoria e conseguimos&#8221;, aponta.<\/p>\n\n\n\n<p>Segundo o presidente, tr\u00eas projetos de Leis de Incentivo foram encaminhados aos governos Estadual e Federal, todos com aprova\u00e7\u00e3o. Um dos&nbsp;projetos \u00e9 direcionado para o futsal profissional, com valor de R$ 300 mil, al\u00e9m da renova\u00e7\u00e3o do projeto social e de base, no valor de R$ 250 mil.<\/p>\n\n\n\n<p>Ele espera que a situa\u00e7\u00e3o melhore e agradece a torcida. &#8220;Esperamos que tudo se encaminha da melhor forma poss\u00edvel e contamos novamente com o apoio da imprensa, que sempre est\u00e3o ao nosso lado, e principalmente do torcedor que nunca abandonou a Alaf. Mesmo nos piores momentos, eles est\u00e3o ali no gin\u00e1sio torcendo. Ent\u00e3o vamos l\u00e1, mais um mandato de muito trabalho, muita responsabilidade e que Deus nos aben\u00e7oe nesses caminhos&#8221;, comenta.<\/p>\n\n\n\n<p>A nova diretoria da Alaf \u00e9 composta por:<\/p>\n\n\n\n<p><strong>Presidente<\/strong>: Alexandre Heisler<br><strong>Vice-presidente<\/strong>: Odair Janes<br><strong>1\u00b0 Tesoureiro<\/strong>: Andre Delazeri<br><strong>2\u00b0 Tesoureiro<\/strong>: Cassiano Blasi<br><strong>1\u00b0 Secret\u00e1ria<\/strong>: Cleria Rohenkohl<br><strong>2\u00b0 Secret\u00e1ria<\/strong>: Mariele Roberta Gallas<\/p>\n\n\n\n<p><strong>Conselho Fiscal Titular<\/strong>:<br>Andrei Reichert dos Santos<br>Aldir Waeschter<br>Julio Delazeri<\/p>\n\n\n\n<p><strong>Conselho Fiscal Suplentes<\/strong>:<br>Dailor Hauenstein<br>Alduir de Paula<br>Gilnei Jung<\/p>\n","protected":false},"excerpt":{"rendered":"<p>A Associa\u00e7\u00e3o Lajeado de Futsal (Alaf) realizou na segunda-feira (16\/12) a elei\u00e7\u00e3o para definir a nova diretoria da equipe para os pr\u00f3ximos dois anos. Sem chapas concorrentes, o atual presidente, Alexandre Heisler, continuar\u00e1 \u00e0 frente da entidade, apesar de j\u00e1 ter expressado anteriormente o desejo de encerrar seu ciclo de 10 anos. No entanto, Heisler [&hellip;]<\/p>\n","protected":false},"author":732,"featured_media":176671,"comment_status":"open","ping_status":"open","sticky":false,"template":"","format":"standard","meta":{"pmpro_default_level":"","_jetpack_memberships_contains_paid_content":false,"footnotes":""},"categories":[5,530],"tags":[197,17341,2302,31,7212],"class_list":{"0":"post-176654","1":"post","2":"type-post","3":"status-publish","4":"format-standard","5":"has-post-thumbnail","7":"category-esportes","8":"category-futsal","9":"tag-alaf","10":"tag-alexandre-heisler","11":"tag-eleicao","12":"tag-futsal","13":"tag-presidente","14":"pmpro-has-access"},"yoast_head":"<!-- This site is optimized with the Yoast SEO plugin v27.5 - https:\/\/yoast.com\/product\/yoast-seo-wordpress\/ -->\n<title>Alexandre Heisler segue como presidente da Alaf - Folha Popular<\/title>\n<meta name=\"robots\" content=\"index, follow, max-snippet:-1, max-image-preview:large, max-video-preview:-1\" \/>\n<link rel=\"canonical\" href=\"https:\/\/folhapopular.info\/index.php\/2024\/12\/17\/alexandre-heisler-segue-como-presidente-da-alaf\/\" \/>\n<meta property=\"og:locale\" content=\"pt_BR\" \/>\n<meta property=\"og:type\" content=\"article\" \/>\n<meta property=\"og:title\" content=\"Alexandre Heisler segue como presidente da Alaf - Folha Popular\" \/>\n<meta property=\"og:description\" content=\"A Associa\u00e7\u00e3o Lajeado de Futsal (Alaf) realizou na segunda-feira (16\/12) a elei\u00e7\u00e3o para definir a nova diretoria da equipe para os pr\u00f3ximos dois anos. Sem chapas concorrentes, o atual presidente, Alexandre Heisler, continuar\u00e1 \u00e0 frente da entidade, apesar de j\u00e1 ter expressado anteriormente o desejo de encerrar seu ciclo de 10 anos. No entanto, Heisler [&hellip;]\" \/>\n<meta property=\"og:url\" content=\"https:\/\/folhapopular.info\/index.php\/2024\/12\/17\/alexandre-heisler-segue-como-presidente-da-alaf\/\" \/>\n<meta property=\"og:site_name\" content=\"Folha Popular\" \/>\n<meta property=\"article:author\" content=\"https:\/\/www.facebook.com\/luis.huppes\/\" \/>\n<meta property=\"article:published_time\" content=\"2024-12-17T14:13:36+00:00\" \/>\n<meta property=\"article:modified_time\" content=\"2024-12-19T00:54:13+00:00\" \/>\n<meta property=\"og:image\" content=\"http:\/\/folhapopular.info\/wp-content\/uploads\/2024\/12\/w_730_compression_fast-2.png\" \/>\n\t<meta property=\"og:image:width\" content=\"730\" \/>\n\t<meta property=\"og:image:height\" content=\"547\" \/>\n\t<meta property=\"og:image:type\" content=\"image\/png\" \/>\n<meta name=\"author\" content=\"Luis Augusto Huppes\" \/>\n<meta name=\"twitter:card\" content=\"summary_large_image\" \/>\n<meta name=\"twitter:label1\" content=\"Escrito por\" \/>\n\t<meta name=\"twitter:data1\" content=\"Luis Augusto Huppes\" \/>\n\t<meta name=\"twitter:label2\" content=\"Est. tempo de leitura\" \/>\n\t<meta name=\"twitter:data2\" content=\"3 minutos\" \/>\n<script type=\"application\/ld+json\" class=\"yoast-schema-graph\">{\"@context\":\"https:\\\/\\\/schema.org\",\"@graph\":[{\"@type\":\"Article\",\"@id\":\"https:\\\/\\\/folhapopular.info\\\/index.php\\\/2024\\\/12\\\/17\\\/alexandre-heisler-segue-como-presidente-da-alaf\\\/#article\",\"isPartOf\":{\"@id\":\"https:\\\/\\\/folhapopular.info\\\/index.php\\\/2024\\\/12\\\/17\\\/alexandre-heisler-segue-como-presidente-da-alaf\\\/\"},\"author\":{\"name\":\"Luis Augusto Huppes\",\"@id\":\"https:\\\/\\\/folhapopular.info\\\/#\\\/schema\\\/person\\\/e852c327371714676d02e58cf917fd9f\"},\"headline\":\"Alexandre Heisler segue como presidente da Alaf\",\"datePublished\":\"2024-12-17T14:13:36+00:00\",\"dateModified\":\"2024-12-19T00:54:13+00:00\",\"mainEntityOfPage\":{\"@id\":\"https:\\\/\\\/folhapopular.info\\\/index.php\\\/2024\\\/12\\\/17\\\/alexandre-heisler-segue-como-presidente-da-alaf\\\/\"},\"wordCount\":354,\"commentCount\":0,\"image\":{\"@id\":\"https:\\\/\\\/folhapopular.info\\\/index.php\\\/2024\\\/12\\\/17\\\/alexandre-heisler-segue-como-presidente-da-alaf\\\/#primaryimage\"},\"thumbnailUrl\":\"https:\\\/\\\/folhapopular.info\\\/wp-content\\\/uploads\\\/2024\\\/12\\\/w_730_compression_fast-2.png\",\"keywords\":[\"ALAF\",\"Alexandre Heisler\",\"Elei\u00e7\u00e3o\",\"Futsal\",\"Presidente\"],\"articleSection\":[\"Esportes\",\"Futsal\"],\"inLanguage\":\"pt-BR\",\"potentialAction\":[{\"@type\":\"CommentAction\",\"name\":\"Comment\",\"target\":[\"https:\\\/\\\/folhapopular.info\\\/index.php\\\/2024\\\/12\\\/17\\\/alexandre-heisler-segue-como-presidente-da-alaf\\\/#respond\"]}]},{\"@type\":\"WebPage\",\"@id\":\"https:\\\/\\\/folhapopular.info\\\/index.php\\\/2024\\\/12\\\/17\\\/alexandre-heisler-segue-como-presidente-da-alaf\\\/\",\"url\":\"https:\\\/\\\/folhapopular.info\\\/index.php\\\/2024\\\/12\\\/17\\\/alexandre-heisler-segue-como-presidente-da-alaf\\\/\",\"name\":\"Alexandre Heisler segue como presidente da Alaf - Folha Popular\",\"isPartOf\":{\"@id\":\"https:\\\/\\\/folhapopular.info\\\/#website\"},\"primaryImageOfPage\":{\"@id\":\"https:\\\/\\\/folhapopular.info\\\/index.php\\\/2024\\\/12\\\/17\\\/alexandre-heisler-segue-como-presidente-da-alaf\\\/#primaryimage\"},\"image\":{\"@id\":\"https:\\\/\\\/folhapopular.info\\\/index.php\\\/2024\\\/12\\\/17\\\/alexandre-heisler-segue-como-presidente-da-alaf\\\/#primaryimage\"},\"thumbnailUrl\":\"https:\\\/\\\/folhapopular.info\\\/wp-content\\\/uploads\\\/2024\\\/12\\\/w_730_compression_fast-2.png\",\"datePublished\":\"2024-12-17T14:13:36+00:00\",\"dateModified\":\"2024-12-19T00:54:13+00:00\",\"author\":{\"@id\":\"https:\\\/\\\/folhapopular.info\\\/#\\\/schema\\\/person\\\/e852c327371714676d02e58cf917fd9f\"},\"breadcrumb\":{\"@id\":\"https:\\\/\\\/folhapopular.info\\\/index.php\\\/2024\\\/12\\\/17\\\/alexandre-heisler-segue-como-presidente-da-alaf\\\/#breadcrumb\"},\"inLanguage\":\"pt-BR\",\"potentialAction\":[{\"@type\":\"ReadAction\",\"target\":[\"https:\\\/\\\/folhapopular.info\\\/index.php\\\/2024\\\/12\\\/17\\\/alexandre-heisler-segue-como-presidente-da-alaf\\\/\"]}]},{\"@type\":\"ImageObject\",\"inLanguage\":\"pt-BR\",\"@id\":\"https:\\\/\\\/folhapopular.info\\\/index.php\\\/2024\\\/12\\\/17\\\/alexandre-heisler-segue-como-presidente-da-alaf\\\/#primaryimage\",\"url\":\"https:\\\/\\\/folhapopular.info\\\/wp-content\\\/uploads\\\/2024\\\/12\\\/w_730_compression_fast-2.png\",\"contentUrl\":\"https:\\\/\\\/folhapopular.info\\\/wp-content\\\/uploads\\\/2024\\\/12\\\/w_730_compression_fast-2.png\",\"width\":730,\"height\":547,\"caption\":\"Cr\u00e9dito Felipe Schmitt \\\/ Grupo Independente\"},{\"@type\":\"BreadcrumbList\",\"@id\":\"https:\\\/\\\/folhapopular.info\\\/index.php\\\/2024\\\/12\\\/17\\\/alexandre-heisler-segue-como-presidente-da-alaf\\\/#breadcrumb\",\"itemListElement\":[{\"@type\":\"ListItem\",\"position\":1,\"name\":\"In\u00edcio\",\"item\":\"https:\\\/\\\/folhapopular.info\\\/\"},{\"@type\":\"ListItem\",\"position\":2,\"name\":\"Alexandre Heisler segue como presidente da Alaf\"}]},{\"@type\":\"WebSite\",\"@id\":\"https:\\\/\\\/folhapopular.info\\\/#website\",\"url\":\"https:\\\/\\\/folhapopular.info\\\/\",\"name\":\"Folha Popular\",\"description\":\"Onde voc\u00ea tem vez e voz\",\"potentialAction\":[{\"@type\":\"SearchAction\",\"target\":{\"@type\":\"EntryPoint\",\"urlTemplate\":\"https:\\\/\\\/folhapopular.info\\\/?s={search_term_string}\"},\"query-input\":{\"@type\":\"PropertyValueSpecification\",\"valueRequired\":true,\"valueName\":\"search_term_string\"}}],\"inLanguage\":\"pt-BR\"},{\"@type\":\"Person\",\"@id\":\"https:\\\/\\\/folhapopular.info\\\/#\\\/schema\\\/person\\\/e852c327371714676d02e58cf917fd9f\",\"name\":\"Luis Augusto Huppes\",\"image\":{\"@type\":\"ImageObject\",\"inLanguage\":\"pt-BR\",\"@id\":\"https:\\\/\\\/folhapopular.info\\\/wp-content\\\/uploads\\\/2026\\\/04\\\/Luis-Augusto-Huppes-1-1.webp\",\"url\":\"https:\\\/\\\/folhapopular.info\\\/wp-content\\\/uploads\\\/2026\\\/04\\\/Luis-Augusto-Huppes-1-1.webp\",\"contentUrl\":\"https:\\\/\\\/folhapopular.info\\\/wp-content\\\/uploads\\\/2026\\\/04\\\/Luis-Augusto-Huppes-1-1.webp\",\"caption\":\"Luis Augusto Huppes\"},\"sameAs\":[\"https:\\\/\\\/www.facebook.com\\\/luis.huppes\\\/\",\"https:\\\/\\\/www.instagram.com\\\/luis.huppes\\\/\",\"https:\\\/\\\/www.linkedin.com\\\/in\\\/luis-augusto-huppes-2554b52b7\\\/\"],\"url\":\"https:\\\/\\\/folhapopular.info\\\/index.php\\\/author\\\/luis-augusto-huppes\\\/\"}]}<\/script>\n<!-- \/ Yoast SEO plugin. -->","yoast_head_json":{"title":"Alexandre Heisler segue como presidente da Alaf - Folha Popular","robots":{"index":"index","follow":"follow","max-snippet":"max-snippet:-1","max-image-preview":"max-image-preview:large","max-video-preview":"max-video-preview:-1"},"canonical":"https:\/\/folhapopular.info\/index.php\/2024\/12\/17\/alexandre-heisler-segue-como-presidente-da-alaf\/","og_locale":"pt_BR","og_type":"article","og_title":"Alexandre Heisler segue como presidente da Alaf - Folha Popular","og_description":"A Associa\u00e7\u00e3o Lajeado de Futsal (Alaf) realizou na segunda-feira (16\/12) a elei\u00e7\u00e3o para definir a nova diretoria da equipe para os pr\u00f3ximos dois anos. Sem chapas concorrentes, o atual presidente, Alexandre Heisler, continuar\u00e1 \u00e0 frente da entidade, apesar de j\u00e1 ter expressado anteriormente o desejo de encerrar seu ciclo de 10 anos. No entanto, Heisler [&hellip;]","og_url":"https:\/\/folhapopular.info\/index.php\/2024\/12\/17\/alexandre-heisler-segue-como-presidente-da-alaf\/","og_site_name":"Folha Popular","article_author":"https:\/\/www.facebook.com\/luis.huppes\/","article_published_time":"2024-12-17T14:13:36+00:00","article_modified_time":"2024-12-19T00:54:13+00:00","og_image":[{"width":730,"height":547,"url":"http:\/\/folhapopular.info\/wp-content\/uploads\/2024\/12\/w_730_compression_fast-2.png","type":"image\/png"}],"author":"Luis Augusto Huppes","twitter_card":"summary_large_image","twitter_misc":{"Escrito por":"Luis Augusto Huppes","Est. tempo de leitura":"3 minutos"},"schema":{"@context":"https:\/\/schema.org","@graph":[{"@type":"Article","@id":"https:\/\/folhapopular.info\/index.php\/2024\/12\/17\/alexandre-heisler-segue-como-presidente-da-alaf\/#article","isPartOf":{"@id":"https:\/\/folhapopular.info\/index.php\/2024\/12\/17\/alexandre-heisler-segue-como-presidente-da-alaf\/"},"author":{"name":"Luis Augusto Huppes","@id":"https:\/\/folhapopular.info\/#\/schema\/person\/e852c327371714676d02e58cf917fd9f"},"headline":"Alexandre Heisler segue como presidente da Alaf","datePublished":"2024-12-17T14:13:36+00:00","dateModified":"2024-12-19T00:54:13+00:00","mainEntityOfPage":{"@id":"https:\/\/folhapopular.info\/index.php\/2024\/12\/17\/alexandre-heisler-segue-como-presidente-da-alaf\/"},"wordCount":354,"commentCount":0,"image":{"@id":"https:\/\/folhapopular.info\/index.php\/2024\/12\/17\/alexandre-heisler-segue-como-presidente-da-alaf\/#primaryimage"},"thumbnailUrl":"https:\/\/folhapopular.info\/wp-content\/uploads\/2024\/12\/w_730_compression_fast-2.png","keywords":["ALAF","Alexandre Heisler","Elei\u00e7\u00e3o","Futsal","Presidente"],"articleSection":["Esportes","Futsal"],"inLanguage":"pt-BR","potentialAction":[{"@type":"CommentAction","name":"Comment","target":["https:\/\/folhapopular.info\/index.php\/2024\/12\/17\/alexandre-heisler-segue-como-presidente-da-alaf\/#respond"]}]},{"@type":"WebPage","@id":"https:\/\/folhapopular.info\/index.php\/2024\/12\/17\/alexandre-heisler-segue-como-presidente-da-alaf\/","url":"https:\/\/folhapopular.info\/index.php\/2024\/12\/17\/alexandre-heisler-segue-como-presidente-da-alaf\/","name":"Alexandre Heisler segue como presidente da Alaf - Folha Popular","isPartOf":{"@id":"https:\/\/folhapopular.info\/#website"},"primaryImageOfPage":{"@id":"https:\/\/folhapopular.info\/index.php\/2024\/12\/17\/alexandre-heisler-segue-como-presidente-da-alaf\/#primaryimage"},"image":{"@id":"https:\/\/folhapopular.info\/index.php\/2024\/12\/17\/alexandre-heisler-segue-como-presidente-da-alaf\/#primaryimage"},"thumbnailUrl":"https:\/\/folhapopular.info\/wp-content\/uploads\/2024\/12\/w_730_compression_fast-2.png","datePublished":"2024-12-17T14:13:36+00:00","dateModified":"2024-12-19T00:54:13+00:00","author":{"@id":"https:\/\/folhapopular.info\/#\/schema\/person\/e852c327371714676d02e58cf917fd9f"},"breadcrumb":{"@id":"https:\/\/folhapopular.info\/index.php\/2024\/12\/17\/alexandre-heisler-segue-como-presidente-da-alaf\/#breadcrumb"},"inLanguage":"pt-BR","potentialAction":[{"@type":"ReadAction","target":["https:\/\/folhapopular.info\/index.php\/2024\/12\/17\/alexandre-heisler-segue-como-presidente-da-alaf\/"]}]},{"@type":"ImageObject","inLanguage":"pt-BR","@id":"https:\/\/folhapopular.info\/index.php\/2024\/12\/17\/alexandre-heisler-segue-como-presidente-da-alaf\/#primaryimage","url":"https:\/\/folhapopular.info\/wp-content\/uploads\/2024\/12\/w_730_compression_fast-2.png","contentUrl":"https:\/\/folhapopular.info\/wp-content\/uploads\/2024\/12\/w_730_compression_fast-2.png","width":730,"height":547,"caption":"Cr\u00e9dito Felipe Schmitt \/ Grupo Independente"},{"@type":"BreadcrumbList","@id":"https:\/\/folhapopular.info\/index.php\/2024\/12\/17\/alexandre-heisler-segue-como-presidente-da-alaf\/#breadcrumb","itemListElement":[{"@type":"ListItem","position":1,"name":"In\u00edcio","item":"https:\/\/folhapopular.info\/"},{"@type":"ListItem","position":2,"name":"Alexandre Heisler segue como presidente da Alaf"}]},{"@type":"WebSite","@id":"https:\/\/folhapopular.info\/#website","url":"https:\/\/folhapopular.info\/","name":"Folha Popular","description":"Onde voc\u00ea tem vez e voz","potentialAction":[{"@type":"SearchAction","target":{"@type":"EntryPoint","urlTemplate":"https:\/\/folhapopular.info\/?s={search_term_string}"},"query-input":{"@type":"PropertyValueSpecification","valueRequired":true,"valueName":"search_term_string"}}],"inLanguage":"pt-BR"},{"@type":"Person","@id":"https:\/\/folhapopular.info\/#\/schema\/person\/e852c327371714676d02e58cf917fd9f","name":"Luis Augusto Huppes","image":{"@type":"ImageObject","inLanguage":"pt-BR","@id":"https:\/\/folhapopular.info\/wp-content\/uploads\/2026\/04\/Luis-Augusto-Huppes-1-1.webp","url":"https:\/\/folhapopular.info\/wp-content\/uploads\/2026\/04\/Luis-Augusto-Huppes-1-1.webp","contentUrl":"https:\/\/folhapopular.info\/wp-content\/uploads\/2026\/04\/Luis-Augusto-Huppes-1-1.webp","caption":"Luis Augusto Huppes"},"sameAs":["https:\/\/www.facebook.com\/luis.huppes\/","https:\/\/www.instagram.com\/luis.huppes\/","https:\/\/www.linkedin.com\/in\/luis-augusto-huppes-2554b52b7\/"],"url":"https:\/\/folhapopular.info\/index.php\/author\/luis-augusto-huppes\/"}]}},"jetpack_featured_media_url":"https:\/\/folhapopular.info\/wp-content\/uploads\/2024\/12\/w_730_compression_fast-2.png","jetpack_sharing_enabled":true,"amp_enabled":true,"_links":{"self":[{"href":"https:\/\/folhapopular.info\/index.php\/wp-json\/wp\/v2\/posts\/176654","targetHints":{"allow":["GET"]}}],"collection":[{"href":"https:\/\/folhapopular.info\/index.php\/wp-json\/wp\/v2\/posts"}],"about":[{"href":"https:\/\/folhapopular.info\/index.php\/wp-json\/wp\/v2\/types\/post"}],"author":[{"embeddable":true,"href":"https:\/\/folhapopular.info\/index.php\/wp-json\/wp\/v2\/users\/732"}],"replies":[{"embeddable":true,"href":"https:\/\/folhapopular.info\/index.php\/wp-json\/wp\/v2\/comments?post=176654"}],"version-history":[{"count":0,"href":"https:\/\/folhapopular.info\/index.php\/wp-json\/wp\/v2\/posts\/176654\/revisions"}],"wp:featuredmedia":[{"embeddable":true,"href":"https:\/\/folhapopular.info\/index.php\/wp-json\/wp\/v2\/media\/176671"}],"wp:attachment":[{"href":"https:\/\/folhapopular.info\/index.php\/wp-json\/wp\/v2\/media?parent=176654"}],"wp:term":[{"taxonomy":"category","embeddable":true,"href":"https:\/\/folhapopular.info\/index.php\/wp-json\/wp\/v2\/categories?post=176654"},{"taxonomy":"post_tag","embeddable":true,"href":"https:\/\/folhapopular.info\/index.php\/wp-json\/wp\/v2\/tags?post=176654"}],"curies":[{"name":"wp","href":"https:\/\/api.w.org\/{rel}","templated":true}]}}