{"id":176658,"date":"2024-12-17T10:00:41","date_gmt":"2024-12-17T13:00:41","guid":{"rendered":"https:\/\/folhapopular.info\/?p=176658"},"modified":"2024-12-17T10:00:44","modified_gmt":"2024-12-17T13:00:44","slug":"cacis-tem-primeiro-encontro-com-futura-prefeita-e-vice-de-estrela","status":"publish","type":"post","link":"https:\/\/folhapopular.info\/index.php\/2024\/12\/17\/cacis-tem-primeiro-encontro-com-futura-prefeita-e-vice-de-estrela\/","title":{"rendered":"Cacis tem primeiro encontro com futura prefeita e vice de Estrela\u00a0"},"content":{"rendered":"\n<p>A agenda da Cacis come\u00e7ou com a tradicional reuni\u00e3o da diretoria, que na segunda-feira (16\/12) contou com a participa\u00e7\u00e3o especial da prefeita eleita de Estrela, Carine Schwingel, e do vice-prefeito eleito, M\u00e1rcio Mallmann. O encontro ocorreu de forma informal, com um caf\u00e9 da manh\u00e3 na sede da entidade. A prefeita e o vice, que est\u00e3o em fase de transi\u00e7\u00e3o administrativa e estrutura\u00e7\u00e3o de suas equipes de governo, foram convidados para discutir o trabalho realizado ao longo do ano e um planejamento estrat\u00e9gico para 2025, com \u00eanfase nas parcerias com a Cacis.<\/p>\n\n\n\n<p><strong>Participantes e discuss\u00f5es iniciais<\/strong><\/p>\n\n\n\n<p>A reuni\u00e3o foi presidida por Claus Wallauer, presidente da Cacis, e Paulo Ricardo Finck, diretor executivo. Estiveram presentes vice-presidentes e representantes das oito pastas da entidade. O encontro teve como objetivo promover um entendimento inicial entre as partes, focando em colabora\u00e7\u00e3o m\u00fatua. Durante a reuni\u00e3o, foram detalhadas as a\u00e7\u00f5es realizadas pela Cacis ao longo de 2024, nas \u00e1reas de com\u00e9rcio, eventos culturais e a\u00e7\u00f5es sociais, com destaque para a coopera\u00e7\u00e3o entre a entidade e a prefeitura. A proje\u00e7\u00e3o de inten\u00e7\u00f5es para 2025 tamb\u00e9m foi discutida, abordando planos e sugest\u00f5es para o futuro.<\/p>\n\n\n\n<p><strong>Avalia\u00e7\u00f5es e parcerias<\/strong><\/p>\n\n\n\n<p>O presidente Claus Wallauer destacou que as dificuldades enfrentadas ao longo do ano podem ser vistas como oportunidades de mudan\u00e7a. Ele defendeu a import\u00e2ncia de um di\u00e1logo franco e aberto, com disposi\u00e7\u00e3o para ouvir e revisar o que n\u00e3o est\u00e1 funcionando.<\/p>\n\n\n\n<p>A prefeita eleita, Carine Schwingel, aproveitou a oportunidade para compartilhar mudan\u00e7as e planos para sua gest\u00e3o, destacando a import\u00e2ncia das parcerias p\u00fablico-privadas, com a Cacis desempenhando um papel fundamental. Ela ressaltou que a coopera\u00e7\u00e3o foi essencial durante a trag\u00e9dia das enchentes de maio, mencionando o envolvimento de diversos setores e volunt\u00e1rios para minimizar os impactos.<\/p>\n\n\n\n<p>M\u00e1rcio Mallmann, vice-prefeito eleito, enfatizou o papel da Cacis n\u00e3o apenas no setor comercial, mas tamb\u00e9m no apoio ao setor agropecu\u00e1rio durante a enchente. Ele afirmou que a Cacis tem grande potencial para crescer e que o governo estar\u00e1 ao lado da entidade nesse processo. Paulo Ricardo Finck tamb\u00e9m destacou o engajamento da Cacis e o sucesso das a\u00e7\u00f5es realizadas em diversos segmentos da sociedade.<\/p>\n\n\n\n<p><strong>Inten\u00e7\u00f5es comuns<\/strong><\/p>\n\n\n\n<p>Al\u00e9m dos temas relacionados \u00e0s parcerias e a\u00e7\u00f5es de 2024, a reuni\u00e3o abordou quest\u00f5es como a Multifeira, o Natal, e programa\u00e7\u00f5es culturais. Carine Schwingel pediu \u00e0 comunidade e \u00e0 Cacis que se lembrassem da cidade que j\u00e1 existe e enfatizou a necessidade de entender e viver em harmonia com o rio, destacando que o rio n\u00e3o \u00e9 um vil\u00e3o, mas algo que deve ser compreendido e aproveitado para o benef\u00edcio de todos.<\/p>\n\n\n\n<p>Claus Wallauer complementou, refor\u00e7ando que \u00e9 f\u00e1cil fazer julgamentos, mas que a verdadeira mudan\u00e7a vem com o trabalho \u00e1rduo e o aprendizado cont\u00ednuo. Ele expressou satisfa\u00e7\u00e3o ao perceber que a futura gest\u00e3o compartilha o desejo de uni\u00e3o e parceria para o crescimento da cidade e da entidade.<\/p>\n\n\n\n<p><strong>Conclus\u00e3o<\/strong><\/p>\n\n\n\n<p>O encontro teve como principal objetivo fortalecer as parcerias e alinhar estrat\u00e9gias para o futuro. A colabora\u00e7\u00e3o m\u00fatua entre a Cacis e a nova gest\u00e3o municipal foi destacada como essencial para o sucesso das iniciativas e projetos que beneficiar\u00e3o Estrela nos pr\u00f3ximos anos.<\/p>\n","protected":false},"excerpt":{"rendered":"<p>A agenda da Cacis come\u00e7ou com a tradicional reuni\u00e3o da diretoria, que na segunda-feira (16\/12) contou com a participa\u00e7\u00e3o especial da prefeita eleita de Estrela, Carine Schwingel, e do vice-prefeito eleito, M\u00e1rcio Mallmann. O encontro ocorreu de forma informal, com um caf\u00e9 da manh\u00e3 na sede da entidade. A prefeita e o vice, que est\u00e3o [&hellip;]<\/p>\n","protected":false},"author":8,"featured_media":176659,"comment_status":"open","ping_status":"open","sticky":false,"template":"","format":"standard","meta":{"pmpro_default_level":"","_jetpack_memberships_contains_paid_content":false,"footnotes":""},"categories":[10991],"tags":[944,10858,8,17338],"class_list":{"0":"post-176658","1":"post","2":"type-post","3":"status-publish","4":"format-standard","5":"has-post-thumbnail","7":"category-economia","8":"tag-cacis","9":"tag-carine-schwingel","10":"tag-estrela","11":"tag-marcio-mallmann-2","12":"pmpro-has-access"},"yoast_head":"<!-- This site is optimized with the Yoast SEO plugin v27.5 - https:\/\/yoast.com\/product\/yoast-seo-wordpress\/ -->\n<title>Cacis tem primeiro encontro com futura prefeita e vice de Estrela\u00a0 - Folha Popular<\/title>\n<meta name=\"robots\" content=\"index, follow, max-snippet:-1, max-image-preview:large, max-video-preview:-1\" \/>\n<link rel=\"canonical\" href=\"https:\/\/folhapopular.info\/index.php\/2024\/12\/17\/cacis-tem-primeiro-encontro-com-futura-prefeita-e-vice-de-estrela\/\" \/>\n<meta property=\"og:locale\" content=\"pt_BR\" \/>\n<meta property=\"og:type\" content=\"article\" \/>\n<meta property=\"og:title\" content=\"Cacis tem primeiro encontro com futura prefeita e vice de Estrela\u00a0 - Folha Popular\" \/>\n<meta property=\"og:description\" content=\"A agenda da Cacis come\u00e7ou com a tradicional reuni\u00e3o da diretoria, que na segunda-feira (16\/12) contou com a participa\u00e7\u00e3o especial da prefeita eleita de Estrela, Carine Schwingel, e do vice-prefeito eleito, M\u00e1rcio Mallmann. O encontro ocorreu de forma informal, com um caf\u00e9 da manh\u00e3 na sede da entidade. A prefeita e o vice, que est\u00e3o [&hellip;]\" \/>\n<meta property=\"og:url\" content=\"https:\/\/folhapopular.info\/index.php\/2024\/12\/17\/cacis-tem-primeiro-encontro-com-futura-prefeita-e-vice-de-estrela\/\" \/>\n<meta property=\"og:site_name\" content=\"Folha Popular\" \/>\n<meta property=\"article:published_time\" content=\"2024-12-17T13:00:41+00:00\" \/>\n<meta property=\"article:modified_time\" content=\"2024-12-17T13:00:44+00:00\" \/>\n<meta property=\"og:image\" content=\"http:\/\/folhapopular.info\/wp-content\/uploads\/2024\/12\/16.12_Cafe-diretoria-prefeita-Carine-vice-Mallmann-39-scaled.jpg\" \/>\n\t<meta property=\"og:image:width\" content=\"2560\" \/>\n\t<meta property=\"og:image:height\" content=\"1389\" \/>\n\t<meta property=\"og:image:type\" content=\"image\/jpeg\" \/>\n<meta name=\"author\" content=\"Reda\u00e7\u00e3o Folha Popular\" \/>\n<meta name=\"twitter:card\" content=\"summary_large_image\" \/>\n<meta name=\"twitter:label1\" content=\"Escrito por\" \/>\n\t<meta name=\"twitter:data1\" content=\"Reda\u00e7\u00e3o Folha Popular\" \/>\n\t<meta name=\"twitter:label2\" content=\"Est. tempo de leitura\" \/>\n\t<meta name=\"twitter:data2\" content=\"4 minutos\" \/>\n<script type=\"application\/ld+json\" class=\"yoast-schema-graph\">{\"@context\":\"https:\\\/\\\/schema.org\",\"@graph\":[{\"@type\":\"Article\",\"@id\":\"https:\\\/\\\/folhapopular.info\\\/index.php\\\/2024\\\/12\\\/17\\\/cacis-tem-primeiro-encontro-com-futura-prefeita-e-vice-de-estrela\\\/#article\",\"isPartOf\":{\"@id\":\"https:\\\/\\\/folhapopular.info\\\/index.php\\\/2024\\\/12\\\/17\\\/cacis-tem-primeiro-encontro-com-futura-prefeita-e-vice-de-estrela\\\/\"},\"author\":{\"name\":\"Reda\u00e7\u00e3o Folha Popular\",\"@id\":\"https:\\\/\\\/folhapopular.info\\\/#\\\/schema\\\/person\\\/2814e8a0df7643585a9ca38bc6eb9d4b\"},\"headline\":\"Cacis tem primeiro encontro com futura prefeita e vice de Estrela\u00a0\",\"datePublished\":\"2024-12-17T13:00:41+00:00\",\"dateModified\":\"2024-12-17T13:00:44+00:00\",\"mainEntityOfPage\":{\"@id\":\"https:\\\/\\\/folhapopular.info\\\/index.php\\\/2024\\\/12\\\/17\\\/cacis-tem-primeiro-encontro-com-futura-prefeita-e-vice-de-estrela\\\/\"},\"wordCount\":581,\"commentCount\":0,\"image\":{\"@id\":\"https:\\\/\\\/folhapopular.info\\\/index.php\\\/2024\\\/12\\\/17\\\/cacis-tem-primeiro-encontro-com-futura-prefeita-e-vice-de-estrela\\\/#primaryimage\"},\"thumbnailUrl\":\"https:\\\/\\\/folhapopular.info\\\/wp-content\\\/uploads\\\/2024\\\/12\\\/16.12_Cafe-diretoria-prefeita-Carine-vice-Mallmann-39-scaled.jpg\",\"keywords\":[\"CACIS\",\"carine schwingel\",\"Estrela\",\"M\u00e1rcio Mallmann\"],\"articleSection\":[\"Economia\"],\"inLanguage\":\"pt-BR\",\"potentialAction\":[{\"@type\":\"CommentAction\",\"name\":\"Comment\",\"target\":[\"https:\\\/\\\/folhapopular.info\\\/index.php\\\/2024\\\/12\\\/17\\\/cacis-tem-primeiro-encontro-com-futura-prefeita-e-vice-de-estrela\\\/#respond\"]}]},{\"@type\":\"WebPage\",\"@id\":\"https:\\\/\\\/folhapopular.info\\\/index.php\\\/2024\\\/12\\\/17\\\/cacis-tem-primeiro-encontro-com-futura-prefeita-e-vice-de-estrela\\\/\",\"url\":\"https:\\\/\\\/folhapopular.info\\\/index.php\\\/2024\\\/12\\\/17\\\/cacis-tem-primeiro-encontro-com-futura-prefeita-e-vice-de-estrela\\\/\",\"name\":\"Cacis tem primeiro encontro com futura prefeita e vice de Estrela\u00a0 - Folha Popular\",\"isPartOf\":{\"@id\":\"https:\\\/\\\/folhapopular.info\\\/#website\"},\"primaryImageOfPage\":{\"@id\":\"https:\\\/\\\/folhapopular.info\\\/index.php\\\/2024\\\/12\\\/17\\\/cacis-tem-primeiro-encontro-com-futura-prefeita-e-vice-de-estrela\\\/#primaryimage\"},\"image\":{\"@id\":\"https:\\\/\\\/folhapopular.info\\\/index.php\\\/2024\\\/12\\\/17\\\/cacis-tem-primeiro-encontro-com-futura-prefeita-e-vice-de-estrela\\\/#primaryimage\"},\"thumbnailUrl\":\"https:\\\/\\\/folhapopular.info\\\/wp-content\\\/uploads\\\/2024\\\/12\\\/16.12_Cafe-diretoria-prefeita-Carine-vice-Mallmann-39-scaled.jpg\",\"datePublished\":\"2024-12-17T13:00:41+00:00\",\"dateModified\":\"2024-12-17T13:00:44+00:00\",\"author\":{\"@id\":\"https:\\\/\\\/folhapopular.info\\\/#\\\/schema\\\/person\\\/2814e8a0df7643585a9ca38bc6eb9d4b\"},\"breadcrumb\":{\"@id\":\"https:\\\/\\\/folhapopular.info\\\/index.php\\\/2024\\\/12\\\/17\\\/cacis-tem-primeiro-encontro-com-futura-prefeita-e-vice-de-estrela\\\/#breadcrumb\"},\"inLanguage\":\"pt-BR\",\"potentialAction\":[{\"@type\":\"ReadAction\",\"target\":[\"https:\\\/\\\/folhapopular.info\\\/index.php\\\/2024\\\/12\\\/17\\\/cacis-tem-primeiro-encontro-com-futura-prefeita-e-vice-de-estrela\\\/\"]}]},{\"@type\":\"ImageObject\",\"inLanguage\":\"pt-BR\",\"@id\":\"https:\\\/\\\/folhapopular.info\\\/index.php\\\/2024\\\/12\\\/17\\\/cacis-tem-primeiro-encontro-com-futura-prefeita-e-vice-de-estrela\\\/#primaryimage\",\"url\":\"https:\\\/\\\/folhapopular.info\\\/wp-content\\\/uploads\\\/2024\\\/12\\\/16.12_Cafe-diretoria-prefeita-Carine-vice-Mallmann-39-scaled.jpg\",\"contentUrl\":\"https:\\\/\\\/folhapopular.info\\\/wp-content\\\/uploads\\\/2024\\\/12\\\/16.12_Cafe-diretoria-prefeita-Carine-vice-Mallmann-39-scaled.jpg\",\"width\":2560,\"height\":1389,\"caption\":\"Cr\u00e9dito: Divulga\u00e7\u00e3o\"},{\"@type\":\"BreadcrumbList\",\"@id\":\"https:\\\/\\\/folhapopular.info\\\/index.php\\\/2024\\\/12\\\/17\\\/cacis-tem-primeiro-encontro-com-futura-prefeita-e-vice-de-estrela\\\/#breadcrumb\",\"itemListElement\":[{\"@type\":\"ListItem\",\"position\":1,\"name\":\"In\u00edcio\",\"item\":\"https:\\\/\\\/folhapopular.info\\\/\"},{\"@type\":\"ListItem\",\"position\":2,\"name\":\"Cacis tem primeiro encontro com futura prefeita e vice de Estrela\u00a0\"}]},{\"@type\":\"WebSite\",\"@id\":\"https:\\\/\\\/folhapopular.info\\\/#website\",\"url\":\"https:\\\/\\\/folhapopular.info\\\/\",\"name\":\"Folha Popular\",\"description\":\"Onde voc\u00ea tem vez e voz\",\"potentialAction\":[{\"@type\":\"SearchAction\",\"target\":{\"@type\":\"EntryPoint\",\"urlTemplate\":\"https:\\\/\\\/folhapopular.info\\\/?s={search_term_string}\"},\"query-input\":{\"@type\":\"PropertyValueSpecification\",\"valueRequired\":true,\"valueName\":\"search_term_string\"}}],\"inLanguage\":\"pt-BR\"},{\"@type\":\"Person\",\"@id\":\"https:\\\/\\\/folhapopular.info\\\/#\\\/schema\\\/person\\\/2814e8a0df7643585a9ca38bc6eb9d4b\",\"name\":\"Reda\u00e7\u00e3o Folha Popular\",\"image\":{\"@type\":\"ImageObject\",\"inLanguage\":\"pt-BR\",\"@id\":\"https:\\\/\\\/folhapopular.info\\\/wp-content\\\/uploads\\\/2026\\\/04\\\/Folha-1.webp\",\"url\":\"https:\\\/\\\/folhapopular.info\\\/wp-content\\\/uploads\\\/2026\\\/04\\\/Folha-1.webp\",\"contentUrl\":\"https:\\\/\\\/folhapopular.info\\\/wp-content\\\/uploads\\\/2026\\\/04\\\/Folha-1.webp\",\"caption\":\"Reda\u00e7\u00e3o Folha Popular\"},\"url\":\"https:\\\/\\\/folhapopular.info\\\/index.php\\\/author\\\/redacao\\\/\"}]}<\/script>\n<!-- \/ Yoast SEO plugin. -->","yoast_head_json":{"title":"Cacis tem primeiro encontro com futura prefeita e vice de Estrela\u00a0 - Folha Popular","robots":{"index":"index","follow":"follow","max-snippet":"max-snippet:-1","max-image-preview":"max-image-preview:large","max-video-preview":"max-video-preview:-1"},"canonical":"https:\/\/folhapopular.info\/index.php\/2024\/12\/17\/cacis-tem-primeiro-encontro-com-futura-prefeita-e-vice-de-estrela\/","og_locale":"pt_BR","og_type":"article","og_title":"Cacis tem primeiro encontro com futura prefeita e vice de Estrela\u00a0 - Folha Popular","og_description":"A agenda da Cacis come\u00e7ou com a tradicional reuni\u00e3o da diretoria, que na segunda-feira (16\/12) contou com a participa\u00e7\u00e3o especial da prefeita eleita de Estrela, Carine Schwingel, e do vice-prefeito eleito, M\u00e1rcio Mallmann. O encontro ocorreu de forma informal, com um caf\u00e9 da manh\u00e3 na sede da entidade. A prefeita e o vice, que est\u00e3o [&hellip;]","og_url":"https:\/\/folhapopular.info\/index.php\/2024\/12\/17\/cacis-tem-primeiro-encontro-com-futura-prefeita-e-vice-de-estrela\/","og_site_name":"Folha Popular","article_published_time":"2024-12-17T13:00:41+00:00","article_modified_time":"2024-12-17T13:00:44+00:00","og_image":[{"width":2560,"height":1389,"url":"http:\/\/folhapopular.info\/wp-content\/uploads\/2024\/12\/16.12_Cafe-diretoria-prefeita-Carine-vice-Mallmann-39-scaled.jpg","type":"image\/jpeg"}],"author":"Reda\u00e7\u00e3o Folha Popular","twitter_card":"summary_large_image","twitter_misc":{"Escrito por":"Reda\u00e7\u00e3o Folha Popular","Est. tempo de leitura":"4 minutos"},"schema":{"@context":"https:\/\/schema.org","@graph":[{"@type":"Article","@id":"https:\/\/folhapopular.info\/index.php\/2024\/12\/17\/cacis-tem-primeiro-encontro-com-futura-prefeita-e-vice-de-estrela\/#article","isPartOf":{"@id":"https:\/\/folhapopular.info\/index.php\/2024\/12\/17\/cacis-tem-primeiro-encontro-com-futura-prefeita-e-vice-de-estrela\/"},"author":{"name":"Reda\u00e7\u00e3o Folha Popular","@id":"https:\/\/folhapopular.info\/#\/schema\/person\/2814e8a0df7643585a9ca38bc6eb9d4b"},"headline":"Cacis tem primeiro encontro com futura prefeita e vice de Estrela\u00a0","datePublished":"2024-12-17T13:00:41+00:00","dateModified":"2024-12-17T13:00:44+00:00","mainEntityOfPage":{"@id":"https:\/\/folhapopular.info\/index.php\/2024\/12\/17\/cacis-tem-primeiro-encontro-com-futura-prefeita-e-vice-de-estrela\/"},"wordCount":581,"commentCount":0,"image":{"@id":"https:\/\/folhapopular.info\/index.php\/2024\/12\/17\/cacis-tem-primeiro-encontro-com-futura-prefeita-e-vice-de-estrela\/#primaryimage"},"thumbnailUrl":"https:\/\/folhapopular.info\/wp-content\/uploads\/2024\/12\/16.12_Cafe-diretoria-prefeita-Carine-vice-Mallmann-39-scaled.jpg","keywords":["CACIS","carine schwingel","Estrela","M\u00e1rcio Mallmann"],"articleSection":["Economia"],"inLanguage":"pt-BR","potentialAction":[{"@type":"CommentAction","name":"Comment","target":["https:\/\/folhapopular.info\/index.php\/2024\/12\/17\/cacis-tem-primeiro-encontro-com-futura-prefeita-e-vice-de-estrela\/#respond"]}]},{"@type":"WebPage","@id":"https:\/\/folhapopular.info\/index.php\/2024\/12\/17\/cacis-tem-primeiro-encontro-com-futura-prefeita-e-vice-de-estrela\/","url":"https:\/\/folhapopular.info\/index.php\/2024\/12\/17\/cacis-tem-primeiro-encontro-com-futura-prefeita-e-vice-de-estrela\/","name":"Cacis tem primeiro encontro com futura prefeita e vice de Estrela\u00a0 - Folha Popular","isPartOf":{"@id":"https:\/\/folhapopular.info\/#website"},"primaryImageOfPage":{"@id":"https:\/\/folhapopular.info\/index.php\/2024\/12\/17\/cacis-tem-primeiro-encontro-com-futura-prefeita-e-vice-de-estrela\/#primaryimage"},"image":{"@id":"https:\/\/folhapopular.info\/index.php\/2024\/12\/17\/cacis-tem-primeiro-encontro-com-futura-prefeita-e-vice-de-estrela\/#primaryimage"},"thumbnailUrl":"https:\/\/folhapopular.info\/wp-content\/uploads\/2024\/12\/16.12_Cafe-diretoria-prefeita-Carine-vice-Mallmann-39-scaled.jpg","datePublished":"2024-12-17T13:00:41+00:00","dateModified":"2024-12-17T13:00:44+00:00","author":{"@id":"https:\/\/folhapopular.info\/#\/schema\/person\/2814e8a0df7643585a9ca38bc6eb9d4b"},"breadcrumb":{"@id":"https:\/\/folhapopular.info\/index.php\/2024\/12\/17\/cacis-tem-primeiro-encontro-com-futura-prefeita-e-vice-de-estrela\/#breadcrumb"},"inLanguage":"pt-BR","potentialAction":[{"@type":"ReadAction","target":["https:\/\/folhapopular.info\/index.php\/2024\/12\/17\/cacis-tem-primeiro-encontro-com-futura-prefeita-e-vice-de-estrela\/"]}]},{"@type":"ImageObject","inLanguage":"pt-BR","@id":"https:\/\/folhapopular.info\/index.php\/2024\/12\/17\/cacis-tem-primeiro-encontro-com-futura-prefeita-e-vice-de-estrela\/#primaryimage","url":"https:\/\/folhapopular.info\/wp-content\/uploads\/2024\/12\/16.12_Cafe-diretoria-prefeita-Carine-vice-Mallmann-39-scaled.jpg","contentUrl":"https:\/\/folhapopular.info\/wp-content\/uploads\/2024\/12\/16.12_Cafe-diretoria-prefeita-Carine-vice-Mallmann-39-scaled.jpg","width":2560,"height":1389,"caption":"Cr\u00e9dito: Divulga\u00e7\u00e3o"},{"@type":"BreadcrumbList","@id":"https:\/\/folhapopular.info\/index.php\/2024\/12\/17\/cacis-tem-primeiro-encontro-com-futura-prefeita-e-vice-de-estrela\/#breadcrumb","itemListElement":[{"@type":"ListItem","position":1,"name":"In\u00edcio","item":"https:\/\/folhapopular.info\/"},{"@type":"ListItem","position":2,"name":"Cacis tem primeiro encontro com futura prefeita e vice de Estrela\u00a0"}]},{"@type":"WebSite","@id":"https:\/\/folhapopular.info\/#website","url":"https:\/\/folhapopular.info\/","name":"Folha Popular","description":"Onde voc\u00ea tem vez e voz","potentialAction":[{"@type":"SearchAction","target":{"@type":"EntryPoint","urlTemplate":"https:\/\/folhapopular.info\/?s={search_term_string}"},"query-input":{"@type":"PropertyValueSpecification","valueRequired":true,"valueName":"search_term_string"}}],"inLanguage":"pt-BR"},{"@type":"Person","@id":"https:\/\/folhapopular.info\/#\/schema\/person\/2814e8a0df7643585a9ca38bc6eb9d4b","name":"Reda\u00e7\u00e3o Folha Popular","image":{"@type":"ImageObject","inLanguage":"pt-BR","@id":"https:\/\/folhapopular.info\/wp-content\/uploads\/2026\/04\/Folha-1.webp","url":"https:\/\/folhapopular.info\/wp-content\/uploads\/2026\/04\/Folha-1.webp","contentUrl":"https:\/\/folhapopular.info\/wp-content\/uploads\/2026\/04\/Folha-1.webp","caption":"Reda\u00e7\u00e3o Folha Popular"},"url":"https:\/\/folhapopular.info\/index.php\/author\/redacao\/"}]}},"jetpack_featured_media_url":"https:\/\/folhapopular.info\/wp-content\/uploads\/2024\/12\/16.12_Cafe-diretoria-prefeita-Carine-vice-Mallmann-39-scaled.jpg","jetpack_sharing_enabled":true,"amp_enabled":true,"_links":{"self":[{"href":"https:\/\/folhapopular.info\/index.php\/wp-json\/wp\/v2\/posts\/176658","targetHints":{"allow":["GET"]}}],"collection":[{"href":"https:\/\/folhapopular.info\/index.php\/wp-json\/wp\/v2\/posts"}],"about":[{"href":"https:\/\/folhapopular.info\/index.php\/wp-json\/wp\/v2\/types\/post"}],"author":[{"embeddable":true,"href":"https:\/\/folhapopular.info\/index.php\/wp-json\/wp\/v2\/users\/8"}],"replies":[{"embeddable":true,"href":"https:\/\/folhapopular.info\/index.php\/wp-json\/wp\/v2\/comments?post=176658"}],"version-history":[{"count":0,"href":"https:\/\/folhapopular.info\/index.php\/wp-json\/wp\/v2\/posts\/176658\/revisions"}],"wp:featuredmedia":[{"embeddable":true,"href":"https:\/\/folhapopular.info\/index.php\/wp-json\/wp\/v2\/media\/176659"}],"wp:attachment":[{"href":"https:\/\/folhapopular.info\/index.php\/wp-json\/wp\/v2\/media?parent=176658"}],"wp:term":[{"taxonomy":"category","embeddable":true,"href":"https:\/\/folhapopular.info\/index.php\/wp-json\/wp\/v2\/categories?post=176658"},{"taxonomy":"post_tag","embeddable":true,"href":"https:\/\/folhapopular.info\/index.php\/wp-json\/wp\/v2\/tags?post=176658"}],"curies":[{"name":"wp","href":"https:\/\/api.w.org\/{rel}","templated":true}]}}