{"id":177026,"date":"2024-12-21T14:04:44","date_gmt":"2024-12-21T17:04:44","guid":{"rendered":"https:\/\/folhapopular.info\/?p=177026"},"modified":"2024-12-23T16:40:59","modified_gmt":"2024-12-23T19:40:59","slug":"novo-secretariado-de-roca-sales-esta-definido","status":"publish","type":"post","link":"https:\/\/folhapopular.info\/index.php\/2024\/12\/21\/novo-secretariado-de-roca-sales-esta-definido\/","title":{"rendered":"Novo secretariado de Roca Sales est\u00e1 definido"},"content":{"rendered":"\n<p>O prefeito eleito de Roca Sales, Jones W\u00fcnsch (Progressistas), conhecido como &#8220;Mazinho&#8221;, j\u00e1 definiu os nomes que ir\u00e3o ocupar as secretarias do munic\u00edpio durante o pr\u00f3ximo mandato (2025-2028). As escolhas foram cuidadosamente alinhadas e anunciadas, de forma exclusiva ao Grupo Popular, levando em considera\u00e7\u00e3o as &#8220;capacidades t\u00e9cnicas e as personalidades de cada um&#8221;. Como prometido em sua campanha, Mazinho reduziu o n\u00famero de secretarias para cinco, na busca de maior efici\u00eancia na gest\u00e3o p\u00fablica.<\/p>\n\n\n\n<p><strong>Sa\u00fade<\/strong><br>Na Secretaria de Sa\u00fade, o respons\u00e1vel ser\u00e1 Marino Deves. Com 40 anos de experi\u00eancia na \u00e1rea de sa\u00fade p\u00fablica, Deves foi candidato a vereador em Encantado pelo mesmo partido de Mazinho e presidiu a Comiss\u00e3o de Finan\u00e7as, Or\u00e7amento e Infraestrutura da C\u00e2mara de Vereadores de Encantado. Sua vasta experi\u00eancia \u00e9 considerada um diferencial importante para a pasta.<\/p>\n\n\n\n<p><strong>Educa\u00e7\u00e3o<\/strong><br>A Secretaria de Educa\u00e7\u00e3o ficar\u00e1 a cargo de Gustavo Scarello Gonzatti, professor da rede p\u00fablica e privada de Roca Sales. Com hist\u00f3rico na educa\u00e7\u00e3o, ele assumir\u00e1 uma das pastas mais desafiadoras da administra\u00e7\u00e3o municipal, com quest\u00f5es complexas para o desenvolvimento local.<\/p>\n\n\n\n<p><strong>Obras<\/strong><br>A Secretaria de Obras ser\u00e1 comandada por Cleber Scotta, vereador reeleito pelo Progressistas nas elei\u00e7\u00f5es de 2024, com 321 votos v\u00e1lidos. Com experi\u00eancia no legislativo, Cleber agora assume a gest\u00e3o dessa importante pasta, focada em infraestrutura, desenvolvimento urbano e recupera\u00e7\u00e3o.<\/p>\n\n\n\n<p><strong>Agricultura<\/strong><br>Evaristo Bronca retorna \u00e0 Secretaria da Agricultura, cargo que j\u00e1 ocupou anteriormente, al\u00e9m de ter sido vereador. Bronca retoma a fun\u00e7\u00e3o ap\u00f3s alguns anos fora da administra\u00e7\u00e3o p\u00fablica, traz consigo seu conhecimento e experi\u00eancia para fortalecer o setor agr\u00edcola do munic\u00edpio.<\/p>\n\n\n\n<p><strong>Fazenda e Administra\u00e7\u00e3o<\/strong><br>Por fim, a Secretaria da Fazenda e Administra\u00e7\u00e3o ser\u00e1 liderada por Jo\u00e3o Eus\u00e9bio de Azevedo. Com experi\u00eancia tanto no setor privado quanto na administra\u00e7\u00e3o p\u00fablica, Jo\u00e3o \u00e9 mais um nome escolhido por Mazinho para compor sua equipe de governo.<\/p>\n\n\n\n<p>Tamb\u00e9m com experi\u00eancia na iniciativa privada, Roberto Stormowski assumir\u00e1 a fun\u00e7\u00e3o de chefe de gabinete.<\/p>\n\n\n\n<p><strong>&#8220;Focamos em quem sabe trabalhar com pessoas&#8221;, Jones W\u00fcnsch, prefeito eleito em Roca Sales<\/strong><\/p>\n\n\n\n<p>Conforme o prefeito eleito, as escolhas vieram de acordo com a capacidade de &#8220;ter o esp\u00edrito p\u00fablico e saber gerir pessoas&#8221; de cada membro do secretariado. &#8220;Esses dois motivos foram diferenciais no momento de escolha, s\u00e3o pessoas das mais variadas \u00e1reas, est\u00e3o na \u00e1rea p\u00fablica e outros chegam da iniciativa privada&#8221;, aponta.<\/p>\n\n\n\n<p>Jones ressalta a responsabilidade que cada um dos secret\u00e1rios assumem ap\u00f3s aceitarem o convite. &#8220;Todos sabem as condi\u00e7\u00f5es que o cargo as imp\u00f5e. Ent\u00e3o \u00e9 muito importante dar a resposta da melhor forma poss\u00edvel para a popula\u00e7\u00e3o. Nessa reconstru\u00e7\u00e3o da nossa cidade, precisamos nos unir em uma \u00fanica causa e esse ser\u00e1 o nosso objetivo&#8221;, afirma.<\/p>\n\n\n\n<p>Com 52,43% dos votos (3.220), Mazinho assume o cargo pela primeira vez, depois de vencer Bayard Olle Fischer dos Santos (MDB) e Adovandro Luiz Fraporti (Podemos).<\/p>\n\n\n\n<figure class=\"wp-block-gallery has-nested-images columns-default is-cropped wp-block-gallery-1 is-layout-flex wp-block-gallery-is-layout-flex\">\n<figure class=\"wp-block-image size-medium\"><img loading=\"lazy\" decoding=\"async\" width=\"154\" height=\"300\" data-id=\"177101\" src=\"https:\/\/folhapopular.info\/wp-content\/uploads\/2024\/12\/WhatsApp-Image-2022-04-12-at-19.08.45-e1734797855729-154x300.jpeg\" alt=\"\" class=\"wp-image-177101\" srcset=\"https:\/\/folhapopular.info\/wp-content\/uploads\/2024\/12\/WhatsApp-Image-2022-04-12-at-19.08.45-e1734797855729-154x300.jpeg 154w, https:\/\/folhapopular.info\/wp-content\/uploads\/2024\/12\/WhatsApp-Image-2022-04-12-at-19.08.45-e1734797855729.jpeg 205w\" sizes=\"auto, (max-width: 154px) 100vw, 154px\" \/><figcaption class=\"wp-element-caption\">Cleber Scotta<br><br>Cr\u00e9dito: Arquivo Pessoal<\/figcaption><\/figure>\n\n\n\n<figure class=\"wp-block-image size-thumbnail\"><img loading=\"lazy\" decoding=\"async\" width=\"113\" height=\"150\" data-id=\"177100\" src=\"https:\/\/folhapopular.info\/wp-content\/uploads\/2024\/12\/Posse-Joao-550x412-1-1-113x150.jpg\" alt=\"\" class=\"wp-image-177100\"\/><figcaption class=\"wp-element-caption\">Jo\u00e3o Eus\u00e9bio de Azevedo<br><br>Cr\u00e9dito: Arquivo Pessoal<\/figcaption><\/figure>\n\n\n\n<figure class=\"wp-block-image size-medium is-style-default\"><img loading=\"lazy\" decoding=\"async\" width=\"172\" height=\"300\" data-id=\"177094\" src=\"https:\/\/folhapopular.info\/wp-content\/uploads\/2024\/12\/260324646_4549799095057764_131868737834935646_n-1-e1734801134406-172x300.jpg\" alt=\"\" class=\"wp-image-177094\" srcset=\"https:\/\/folhapopular.info\/wp-content\/uploads\/2024\/12\/260324646_4549799095057764_131868737834935646_n-1-e1734801134406-172x300.jpg 172w, https:\/\/folhapopular.info\/wp-content\/uploads\/2024\/12\/260324646_4549799095057764_131868737834935646_n-1-e1734801134406-241x420.jpg 241w, https:\/\/folhapopular.info\/wp-content\/uploads\/2024\/12\/260324646_4549799095057764_131868737834935646_n-1-e1734801134406.jpg 386w\" sizes=\"auto, (max-width: 172px) 100vw, 172px\" \/><figcaption class=\"wp-element-caption\">Evaristo Bronca<br><br> Cr\u00e9dito: Arquivo Pessoal<\/figcaption><\/figure>\n\n\n\n<figure class=\"wp-block-image size-large\"><img loading=\"lazy\" decoding=\"async\" width=\"300\" height=\"285\" data-id=\"177093\" src=\"https:\/\/folhapopular.info\/wp-content\/uploads\/2024\/12\/WhatsApp-Image-2023-12-27-at-10.44.42.webp\" alt=\"\" class=\"wp-image-177093\"\/><figcaption class=\"wp-element-caption\">Marino Deves<br><br>Cr\u00e9dito: Arquivo Pessoal<\/figcaption><\/figure>\n\n\n\n<figure class=\"wp-block-image size-large\"><img loading=\"lazy\" decoding=\"async\" width=\"211\" height=\"301\" data-id=\"177103\" src=\"https:\/\/folhapopular.info\/wp-content\/uploads\/2024\/12\/admin-ajax.jpg\" alt=\"\" class=\"wp-image-177103\"\/><figcaption class=\"wp-element-caption\">Gustavo Scarello Gonzatti<br><br>Cr\u00e9dito: Arquivo Pessoal<\/figcaption><\/figure>\n<\/figure>\n","protected":false},"excerpt":{"rendered":"<p>O prefeito eleito de Roca Sales, Jones W\u00fcnsch (Progressistas), conhecido como &#8220;Mazinho&#8221;, j\u00e1 definiu os nomes que ir\u00e3o ocupar as secretarias do munic\u00edpio durante o pr\u00f3ximo mandato (2025-2028). As escolhas foram cuidadosamente alinhadas e anunciadas, de forma exclusiva ao Grupo Popular, levando em considera\u00e7\u00e3o as &#8220;capacidades t\u00e9cnicas e as personalidades de cada um&#8221;. Como prometido [&hellip;]<\/p>\n","protected":false},"author":732,"featured_media":177107,"comment_status":"open","ping_status":"open","sticky":false,"template":"","format":"standard","meta":{"pmpro_default_level":"","_jetpack_memberships_contains_paid_content":false,"footnotes":""},"categories":[2,10985],"tags":[17383,17384,17382,17385,17380,17381,17379,707],"class_list":{"0":"post-177026","1":"post","2":"type-post","3":"status-publish","4":"format-standard","5":"has-post-thumbnail","7":"category-featured","8":"category-politica","9":"tag-cleber-scotta","10":"tag-evaristo-bronca","11":"tag-gustavo-scarello-gonzatti","12":"tag-joao-eusebio-de-azevedo","13":"tag-jones-wunsch","14":"tag-marino-deves","15":"tag-nomes-definidos","16":"tag-roca-sales","17":"pmpro-has-access"},"yoast_head":"<!-- This site is optimized with the Yoast SEO plugin v27.5 - https:\/\/yoast.com\/product\/yoast-seo-wordpress\/ -->\n<title>Novo secretariado de Roca Sales est\u00e1 definido - Folha Popular<\/title>\n<meta name=\"robots\" content=\"index, follow, max-snippet:-1, max-image-preview:large, max-video-preview:-1\" \/>\n<link rel=\"canonical\" href=\"https:\/\/folhapopular.info\/index.php\/2024\/12\/21\/novo-secretariado-de-roca-sales-esta-definido\/\" \/>\n<meta property=\"og:locale\" content=\"pt_BR\" \/>\n<meta property=\"og:type\" content=\"article\" \/>\n<meta property=\"og:title\" content=\"Novo secretariado de Roca Sales est\u00e1 definido - Folha Popular\" \/>\n<meta property=\"og:description\" content=\"O prefeito eleito de Roca Sales, Jones W\u00fcnsch (Progressistas), conhecido como &#8220;Mazinho&#8221;, j\u00e1 definiu os nomes que ir\u00e3o ocupar as secretarias do munic\u00edpio durante o pr\u00f3ximo mandato (2025-2028). As escolhas foram cuidadosamente alinhadas e anunciadas, de forma exclusiva ao Grupo Popular, levando em considera\u00e7\u00e3o as &#8220;capacidades t\u00e9cnicas e as personalidades de cada um&#8221;. Como prometido [&hellip;]\" \/>\n<meta property=\"og:url\" content=\"https:\/\/folhapopular.info\/index.php\/2024\/12\/21\/novo-secretariado-de-roca-sales-esta-definido\/\" \/>\n<meta property=\"og:site_name\" content=\"Folha Popular\" \/>\n<meta property=\"article:author\" content=\"https:\/\/www.facebook.com\/luis.huppes\/\" \/>\n<meta property=\"article:published_time\" content=\"2024-12-21T17:04:44+00:00\" \/>\n<meta property=\"article:modified_time\" content=\"2024-12-23T19:40:59+00:00\" \/>\n<meta property=\"og:image\" content=\"http:\/\/folhapopular.info\/wp-content\/uploads\/2024\/12\/IMG_5897-1-2048x1536-1-696x522-2.jpeg\" \/>\n\t<meta property=\"og:image:width\" content=\"696\" \/>\n\t<meta property=\"og:image:height\" content=\"522\" \/>\n\t<meta property=\"og:image:type\" content=\"image\/jpeg\" \/>\n<meta name=\"author\" content=\"Luis Augusto Huppes\" \/>\n<meta name=\"twitter:card\" content=\"summary_large_image\" \/>\n<meta name=\"twitter:label1\" content=\"Escrito por\" \/>\n\t<meta name=\"twitter:data1\" content=\"Luis Augusto Huppes\" \/>\n\t<meta name=\"twitter:label2\" content=\"Est. tempo de leitura\" \/>\n\t<meta name=\"twitter:data2\" content=\"4 minutos\" \/>\n<script type=\"application\/ld+json\" class=\"yoast-schema-graph\">{\"@context\":\"https:\\\/\\\/schema.org\",\"@graph\":[{\"@type\":\"Article\",\"@id\":\"https:\\\/\\\/folhapopular.info\\\/index.php\\\/2024\\\/12\\\/21\\\/novo-secretariado-de-roca-sales-esta-definido\\\/#article\",\"isPartOf\":{\"@id\":\"https:\\\/\\\/folhapopular.info\\\/index.php\\\/2024\\\/12\\\/21\\\/novo-secretariado-de-roca-sales-esta-definido\\\/\"},\"author\":{\"name\":\"Luis Augusto Huppes\",\"@id\":\"https:\\\/\\\/folhapopular.info\\\/#\\\/schema\\\/person\\\/e852c327371714676d02e58cf917fd9f\"},\"headline\":\"Novo secretariado de Roca Sales est\u00e1 definido\",\"datePublished\":\"2024-12-21T17:04:44+00:00\",\"dateModified\":\"2024-12-23T19:40:59+00:00\",\"mainEntityOfPage\":{\"@id\":\"https:\\\/\\\/folhapopular.info\\\/index.php\\\/2024\\\/12\\\/21\\\/novo-secretariado-de-roca-sales-esta-definido\\\/\"},\"wordCount\":561,\"commentCount\":0,\"image\":{\"@id\":\"https:\\\/\\\/folhapopular.info\\\/index.php\\\/2024\\\/12\\\/21\\\/novo-secretariado-de-roca-sales-esta-definido\\\/#primaryimage\"},\"thumbnailUrl\":\"https:\\\/\\\/folhapopular.info\\\/wp-content\\\/uploads\\\/2024\\\/12\\\/IMG_5897-1-2048x1536-1-696x522-2.jpeg\",\"keywords\":[\"Cleber Scotta\",\"Evaristo Bronca\",\"Gustavo Scarello Gonzatti\",\"Jo\u00e3o Eus\u00e9bio de Azevedo\",\"Jones W\u00fcnsch\",\"Marino Deves\",\"Nomes definidos\",\"Roca Sales\"],\"articleSection\":[\"Destaques\",\"Pol\u00edtica\"],\"inLanguage\":\"pt-BR\",\"potentialAction\":[{\"@type\":\"CommentAction\",\"name\":\"Comment\",\"target\":[\"https:\\\/\\\/folhapopular.info\\\/index.php\\\/2024\\\/12\\\/21\\\/novo-secretariado-de-roca-sales-esta-definido\\\/#respond\"]}]},{\"@type\":\"WebPage\",\"@id\":\"https:\\\/\\\/folhapopular.info\\\/index.php\\\/2024\\\/12\\\/21\\\/novo-secretariado-de-roca-sales-esta-definido\\\/\",\"url\":\"https:\\\/\\\/folhapopular.info\\\/index.php\\\/2024\\\/12\\\/21\\\/novo-secretariado-de-roca-sales-esta-definido\\\/\",\"name\":\"Novo secretariado de Roca Sales est\u00e1 definido - Folha Popular\",\"isPartOf\":{\"@id\":\"https:\\\/\\\/folhapopular.info\\\/#website\"},\"primaryImageOfPage\":{\"@id\":\"https:\\\/\\\/folhapopular.info\\\/index.php\\\/2024\\\/12\\\/21\\\/novo-secretariado-de-roca-sales-esta-definido\\\/#primaryimage\"},\"image\":{\"@id\":\"https:\\\/\\\/folhapopular.info\\\/index.php\\\/2024\\\/12\\\/21\\\/novo-secretariado-de-roca-sales-esta-definido\\\/#primaryimage\"},\"thumbnailUrl\":\"https:\\\/\\\/folhapopular.info\\\/wp-content\\\/uploads\\\/2024\\\/12\\\/IMG_5897-1-2048x1536-1-696x522-2.jpeg\",\"datePublished\":\"2024-12-21T17:04:44+00:00\",\"dateModified\":\"2024-12-23T19:40:59+00:00\",\"author\":{\"@id\":\"https:\\\/\\\/folhapopular.info\\\/#\\\/schema\\\/person\\\/e852c327371714676d02e58cf917fd9f\"},\"breadcrumb\":{\"@id\":\"https:\\\/\\\/folhapopular.info\\\/index.php\\\/2024\\\/12\\\/21\\\/novo-secretariado-de-roca-sales-esta-definido\\\/#breadcrumb\"},\"inLanguage\":\"pt-BR\",\"potentialAction\":[{\"@type\":\"ReadAction\",\"target\":[\"https:\\\/\\\/folhapopular.info\\\/index.php\\\/2024\\\/12\\\/21\\\/novo-secretariado-de-roca-sales-esta-definido\\\/\"]}]},{\"@type\":\"ImageObject\",\"inLanguage\":\"pt-BR\",\"@id\":\"https:\\\/\\\/folhapopular.info\\\/index.php\\\/2024\\\/12\\\/21\\\/novo-secretariado-de-roca-sales-esta-definido\\\/#primaryimage\",\"url\":\"https:\\\/\\\/folhapopular.info\\\/wp-content\\\/uploads\\\/2024\\\/12\\\/IMG_5897-1-2048x1536-1-696x522-2.jpeg\",\"contentUrl\":\"https:\\\/\\\/folhapopular.info\\\/wp-content\\\/uploads\\\/2024\\\/12\\\/IMG_5897-1-2048x1536-1-696x522-2.jpeg\",\"width\":696,\"height\":522,\"caption\":\"Cr\u00e9dito: Divulga\u00e7\u00e3o\"},{\"@type\":\"BreadcrumbList\",\"@id\":\"https:\\\/\\\/folhapopular.info\\\/index.php\\\/2024\\\/12\\\/21\\\/novo-secretariado-de-roca-sales-esta-definido\\\/#breadcrumb\",\"itemListElement\":[{\"@type\":\"ListItem\",\"position\":1,\"name\":\"In\u00edcio\",\"item\":\"https:\\\/\\\/folhapopular.info\\\/\"},{\"@type\":\"ListItem\",\"position\":2,\"name\":\"Novo secretariado de Roca Sales est\u00e1 definido\"}]},{\"@type\":\"WebSite\",\"@id\":\"https:\\\/\\\/folhapopular.info\\\/#website\",\"url\":\"https:\\\/\\\/folhapopular.info\\\/\",\"name\":\"Folha Popular\",\"description\":\"Onde voc\u00ea tem vez e voz\",\"potentialAction\":[{\"@type\":\"SearchAction\",\"target\":{\"@type\":\"EntryPoint\",\"urlTemplate\":\"https:\\\/\\\/folhapopular.info\\\/?s={search_term_string}\"},\"query-input\":{\"@type\":\"PropertyValueSpecification\",\"valueRequired\":true,\"valueName\":\"search_term_string\"}}],\"inLanguage\":\"pt-BR\"},{\"@type\":\"Person\",\"@id\":\"https:\\\/\\\/folhapopular.info\\\/#\\\/schema\\\/person\\\/e852c327371714676d02e58cf917fd9f\",\"name\":\"Luis Augusto Huppes\",\"image\":{\"@type\":\"ImageObject\",\"inLanguage\":\"pt-BR\",\"@id\":\"https:\\\/\\\/folhapopular.info\\\/wp-content\\\/uploads\\\/2026\\\/04\\\/Luis-Augusto-Huppes-1-1.webp\",\"url\":\"https:\\\/\\\/folhapopular.info\\\/wp-content\\\/uploads\\\/2026\\\/04\\\/Luis-Augusto-Huppes-1-1.webp\",\"contentUrl\":\"https:\\\/\\\/folhapopular.info\\\/wp-content\\\/uploads\\\/2026\\\/04\\\/Luis-Augusto-Huppes-1-1.webp\",\"caption\":\"Luis Augusto Huppes\"},\"sameAs\":[\"https:\\\/\\\/www.facebook.com\\\/luis.huppes\\\/\",\"https:\\\/\\\/www.instagram.com\\\/luis.huppes\\\/\",\"https:\\\/\\\/www.linkedin.com\\\/in\\\/luis-augusto-huppes-2554b52b7\\\/\"],\"url\":\"https:\\\/\\\/folhapopular.info\\\/index.php\\\/author\\\/luis-augusto-huppes\\\/\"}]}<\/script>\n<!-- \/ Yoast SEO plugin. -->","yoast_head_json":{"title":"Novo secretariado de Roca Sales est\u00e1 definido - Folha Popular","robots":{"index":"index","follow":"follow","max-snippet":"max-snippet:-1","max-image-preview":"max-image-preview:large","max-video-preview":"max-video-preview:-1"},"canonical":"https:\/\/folhapopular.info\/index.php\/2024\/12\/21\/novo-secretariado-de-roca-sales-esta-definido\/","og_locale":"pt_BR","og_type":"article","og_title":"Novo secretariado de Roca Sales est\u00e1 definido - Folha Popular","og_description":"O prefeito eleito de Roca Sales, Jones W\u00fcnsch (Progressistas), conhecido como &#8220;Mazinho&#8221;, j\u00e1 definiu os nomes que ir\u00e3o ocupar as secretarias do munic\u00edpio durante o pr\u00f3ximo mandato (2025-2028). As escolhas foram cuidadosamente alinhadas e anunciadas, de forma exclusiva ao Grupo Popular, levando em considera\u00e7\u00e3o as &#8220;capacidades t\u00e9cnicas e as personalidades de cada um&#8221;. Como prometido [&hellip;]","og_url":"https:\/\/folhapopular.info\/index.php\/2024\/12\/21\/novo-secretariado-de-roca-sales-esta-definido\/","og_site_name":"Folha Popular","article_author":"https:\/\/www.facebook.com\/luis.huppes\/","article_published_time":"2024-12-21T17:04:44+00:00","article_modified_time":"2024-12-23T19:40:59+00:00","og_image":[{"width":696,"height":522,"url":"http:\/\/folhapopular.info\/wp-content\/uploads\/2024\/12\/IMG_5897-1-2048x1536-1-696x522-2.jpeg","type":"image\/jpeg"}],"author":"Luis Augusto Huppes","twitter_card":"summary_large_image","twitter_misc":{"Escrito por":"Luis Augusto Huppes","Est. tempo de leitura":"4 minutos"},"schema":{"@context":"https:\/\/schema.org","@graph":[{"@type":"Article","@id":"https:\/\/folhapopular.info\/index.php\/2024\/12\/21\/novo-secretariado-de-roca-sales-esta-definido\/#article","isPartOf":{"@id":"https:\/\/folhapopular.info\/index.php\/2024\/12\/21\/novo-secretariado-de-roca-sales-esta-definido\/"},"author":{"name":"Luis Augusto Huppes","@id":"https:\/\/folhapopular.info\/#\/schema\/person\/e852c327371714676d02e58cf917fd9f"},"headline":"Novo secretariado de Roca Sales est\u00e1 definido","datePublished":"2024-12-21T17:04:44+00:00","dateModified":"2024-12-23T19:40:59+00:00","mainEntityOfPage":{"@id":"https:\/\/folhapopular.info\/index.php\/2024\/12\/21\/novo-secretariado-de-roca-sales-esta-definido\/"},"wordCount":561,"commentCount":0,"image":{"@id":"https:\/\/folhapopular.info\/index.php\/2024\/12\/21\/novo-secretariado-de-roca-sales-esta-definido\/#primaryimage"},"thumbnailUrl":"https:\/\/folhapopular.info\/wp-content\/uploads\/2024\/12\/IMG_5897-1-2048x1536-1-696x522-2.jpeg","keywords":["Cleber Scotta","Evaristo Bronca","Gustavo Scarello Gonzatti","Jo\u00e3o Eus\u00e9bio de Azevedo","Jones W\u00fcnsch","Marino Deves","Nomes definidos","Roca Sales"],"articleSection":["Destaques","Pol\u00edtica"],"inLanguage":"pt-BR","potentialAction":[{"@type":"CommentAction","name":"Comment","target":["https:\/\/folhapopular.info\/index.php\/2024\/12\/21\/novo-secretariado-de-roca-sales-esta-definido\/#respond"]}]},{"@type":"WebPage","@id":"https:\/\/folhapopular.info\/index.php\/2024\/12\/21\/novo-secretariado-de-roca-sales-esta-definido\/","url":"https:\/\/folhapopular.info\/index.php\/2024\/12\/21\/novo-secretariado-de-roca-sales-esta-definido\/","name":"Novo secretariado de Roca Sales est\u00e1 definido - Folha Popular","isPartOf":{"@id":"https:\/\/folhapopular.info\/#website"},"primaryImageOfPage":{"@id":"https:\/\/folhapopular.info\/index.php\/2024\/12\/21\/novo-secretariado-de-roca-sales-esta-definido\/#primaryimage"},"image":{"@id":"https:\/\/folhapopular.info\/index.php\/2024\/12\/21\/novo-secretariado-de-roca-sales-esta-definido\/#primaryimage"},"thumbnailUrl":"https:\/\/folhapopular.info\/wp-content\/uploads\/2024\/12\/IMG_5897-1-2048x1536-1-696x522-2.jpeg","datePublished":"2024-12-21T17:04:44+00:00","dateModified":"2024-12-23T19:40:59+00:00","author":{"@id":"https:\/\/folhapopular.info\/#\/schema\/person\/e852c327371714676d02e58cf917fd9f"},"breadcrumb":{"@id":"https:\/\/folhapopular.info\/index.php\/2024\/12\/21\/novo-secretariado-de-roca-sales-esta-definido\/#breadcrumb"},"inLanguage":"pt-BR","potentialAction":[{"@type":"ReadAction","target":["https:\/\/folhapopular.info\/index.php\/2024\/12\/21\/novo-secretariado-de-roca-sales-esta-definido\/"]}]},{"@type":"ImageObject","inLanguage":"pt-BR","@id":"https:\/\/folhapopular.info\/index.php\/2024\/12\/21\/novo-secretariado-de-roca-sales-esta-definido\/#primaryimage","url":"https:\/\/folhapopular.info\/wp-content\/uploads\/2024\/12\/IMG_5897-1-2048x1536-1-696x522-2.jpeg","contentUrl":"https:\/\/folhapopular.info\/wp-content\/uploads\/2024\/12\/IMG_5897-1-2048x1536-1-696x522-2.jpeg","width":696,"height":522,"caption":"Cr\u00e9dito: Divulga\u00e7\u00e3o"},{"@type":"BreadcrumbList","@id":"https:\/\/folhapopular.info\/index.php\/2024\/12\/21\/novo-secretariado-de-roca-sales-esta-definido\/#breadcrumb","itemListElement":[{"@type":"ListItem","position":1,"name":"In\u00edcio","item":"https:\/\/folhapopular.info\/"},{"@type":"ListItem","position":2,"name":"Novo secretariado de Roca Sales est\u00e1 definido"}]},{"@type":"WebSite","@id":"https:\/\/folhapopular.info\/#website","url":"https:\/\/folhapopular.info\/","name":"Folha Popular","description":"Onde voc\u00ea tem vez e voz","potentialAction":[{"@type":"SearchAction","target":{"@type":"EntryPoint","urlTemplate":"https:\/\/folhapopular.info\/?s={search_term_string}"},"query-input":{"@type":"PropertyValueSpecification","valueRequired":true,"valueName":"search_term_string"}}],"inLanguage":"pt-BR"},{"@type":"Person","@id":"https:\/\/folhapopular.info\/#\/schema\/person\/e852c327371714676d02e58cf917fd9f","name":"Luis Augusto Huppes","image":{"@type":"ImageObject","inLanguage":"pt-BR","@id":"https:\/\/folhapopular.info\/wp-content\/uploads\/2026\/04\/Luis-Augusto-Huppes-1-1.webp","url":"https:\/\/folhapopular.info\/wp-content\/uploads\/2026\/04\/Luis-Augusto-Huppes-1-1.webp","contentUrl":"https:\/\/folhapopular.info\/wp-content\/uploads\/2026\/04\/Luis-Augusto-Huppes-1-1.webp","caption":"Luis Augusto Huppes"},"sameAs":["https:\/\/www.facebook.com\/luis.huppes\/","https:\/\/www.instagram.com\/luis.huppes\/","https:\/\/www.linkedin.com\/in\/luis-augusto-huppes-2554b52b7\/"],"url":"https:\/\/folhapopular.info\/index.php\/author\/luis-augusto-huppes\/"}]}},"jetpack_featured_media_url":"https:\/\/folhapopular.info\/wp-content\/uploads\/2024\/12\/IMG_5897-1-2048x1536-1-696x522-2.jpeg","jetpack_sharing_enabled":true,"amp_enabled":true,"_links":{"self":[{"href":"https:\/\/folhapopular.info\/index.php\/wp-json\/wp\/v2\/posts\/177026","targetHints":{"allow":["GET"]}}],"collection":[{"href":"https:\/\/folhapopular.info\/index.php\/wp-json\/wp\/v2\/posts"}],"about":[{"href":"https:\/\/folhapopular.info\/index.php\/wp-json\/wp\/v2\/types\/post"}],"author":[{"embeddable":true,"href":"https:\/\/folhapopular.info\/index.php\/wp-json\/wp\/v2\/users\/732"}],"replies":[{"embeddable":true,"href":"https:\/\/folhapopular.info\/index.php\/wp-json\/wp\/v2\/comments?post=177026"}],"version-history":[{"count":0,"href":"https:\/\/folhapopular.info\/index.php\/wp-json\/wp\/v2\/posts\/177026\/revisions"}],"wp:featuredmedia":[{"embeddable":true,"href":"https:\/\/folhapopular.info\/index.php\/wp-json\/wp\/v2\/media\/177107"}],"wp:attachment":[{"href":"https:\/\/folhapopular.info\/index.php\/wp-json\/wp\/v2\/media?parent=177026"}],"wp:term":[{"taxonomy":"category","embeddable":true,"href":"https:\/\/folhapopular.info\/index.php\/wp-json\/wp\/v2\/categories?post=177026"},{"taxonomy":"post_tag","embeddable":true,"href":"https:\/\/folhapopular.info\/index.php\/wp-json\/wp\/v2\/tags?post=177026"}],"curies":[{"name":"wp","href":"https:\/\/api.w.org\/{rel}","templated":true}]}}