{"id":177193,"date":"2024-12-24T12:00:00","date_gmt":"2024-12-24T15:00:00","guid":{"rendered":"https:\/\/folhapopular.info\/?p=177193"},"modified":"2024-12-24T08:28:00","modified_gmt":"2024-12-24T11:28:00","slug":"liderancas-defendem-duplicacao-da-via-lactea-ate-fazenda-vilanova","status":"publish","type":"post","link":"https:\/\/folhapopular.info\/index.php\/2024\/12\/24\/liderancas-defendem-duplicacao-da-via-lactea-ate-fazenda-vilanova\/","title":{"rendered":"Lideran\u00e7as defendem duplica\u00e7\u00e3o da Via L\u00e1ctea at\u00e9 Fazenda Vilanova"},"content":{"rendered":"<p>A t\u00e3o sonhada duplica\u00e7\u00e3o da ERS-128 (Via L\u00e1ctea) est\u00e1 resumida a apenas 3,7 quil\u00f4metros no projeto inicial apresentado pelo secret\u00e1rio de Estado da Reconstru\u00e7\u00e3o Ga\u00facha, Pedro Capeluppi, no dia 18 de dezembro. O trecho previsto vai desde o entroncamento com a RSC-453 (Rota do Sol) na Pol\u00edcia Rodovi\u00e1ria Estadual at\u00e9 a r\u00f3tula vazada da Lactallis,&#8230; <\/p>\n<div class=\"pmpro\">\n<div class=\"pmpro_card pmpro_content_message\">\n<div class=\"pmpro_card_content\">Este conte\u00fado \u00e9 apenas para associados Grupo Popular &#8211; Conte\u00fado Total Anual e Grupo Popular &#8211; Conte\u00fado Total Mensal. <br \/><a href=\"https:\/\/folhapopular.info\/wp-login.php?action=register\">Cadastre-se<\/a><\/div>\n<div class=\"pmpro_card_actions pmpro_font-medium\">J\u00e1 se associou? <a href=\"https:\/\/folhapopular.info\/wp-login.php?redirect_to=https%3A%2F%2Ffolhapopular.info%2Findex.php%2F2024%2F12%2F24%2Fliderancas-defendem-duplicacao-da-via-lactea-ate-fazenda-vilanova%2F\">Acesse aqui<\/a><\/div>\n<\/div>\n<\/div>\n","protected":false},"excerpt":{"rendered":"<p>A t\u00e3o sonhada duplica\u00e7\u00e3o da ERS-128 (Via L\u00e1ctea) est\u00e1 resumida a apenas 3,7 quil\u00f4metros no projeto inicial apresentado pelo secret\u00e1rio de Estado da Reconstru\u00e7\u00e3o Ga\u00facha, Pedro Capeluppi, no dia 18 de dezembro. O trecho previsto vai desde o entroncamento com a RSC-453 (Rota do Sol) na Pol\u00edcia Rodovi\u00e1ria Estadual at\u00e9 a r\u00f3tula vazada da Lactallis,... <\/p>\n<div class=\"pmpro\"><div class=\"pmpro_card pmpro_content_message\"><div class=\"pmpro_card_content\">Este conte\u00fado \u00e9 apenas para associados Grupo Popular - Conte\u00fado Total Anual e Grupo Popular - Conte\u00fado Total Mensal. <br \/><a href=\"https:\/\/folhapopular.info\/wp-login.php?action=register\">Cadastre-se<\/a><\/div><div class=\"pmpro_card_actions pmpro_font-medium\">J\u00e1 se associou? <a href=\"https:\/\/folhapopular.info\/wp-login.php?redirect_to=https%3A%2F%2Ffolhapopular.info%2Findex.php%2F2024%2F12%2F24%2Fliderancas-defendem-duplicacao-da-via-lactea-ate-fazenda-vilanova%2F\">Acesse aqui<\/a><\/div><\/div><\/div>","protected":false},"author":8,"featured_media":177199,"comment_status":"open","ping_status":"open","sticky":false,"template":"","format":"standard","meta":{"pmpro_default_level":"","_jetpack_memberships_contains_paid_content":false,"footnotes":""},"categories":[11078,2,3,11091],"tags":[298,801,358],"class_list":{"0":"post-177193","1":"post","2":"type-post","3":"status-publish","4":"format-standard","5":"has-post-thumbnail","7":"category-assinantes","8":"category-featured","9":"category-geral","10":"category-servicos","11":"tag-duplicacao","12":"tag-fazenda-vilanova","13":"tag-via-lactea","14":"pmpro-level-required","15":"pmpro-level-2","16":"pmpro-level-4","17":"pmpro-level-5","18":"pmpro-no-access"},"yoast_head":"<!-- This site is optimized with the Yoast SEO plugin v27.5 - https:\/\/yoast.com\/product\/yoast-seo-wordpress\/ -->\n<title>Lideran\u00e7as defendem duplica\u00e7\u00e3o da Via L\u00e1ctea at\u00e9 Fazenda Vilanova - Folha Popular<\/title>\n<meta name=\"robots\" content=\"index, follow, max-snippet:-1, max-image-preview:large, max-video-preview:-1\" \/>\n<link rel=\"canonical\" href=\"https:\/\/folhapopular.info\/index.php\/2024\/12\/24\/liderancas-defendem-duplicacao-da-via-lactea-ate-fazenda-vilanova\/\" \/>\n<meta property=\"og:locale\" content=\"pt_BR\" \/>\n<meta property=\"og:type\" content=\"article\" \/>\n<meta property=\"og:title\" content=\"Lideran\u00e7as defendem duplica\u00e7\u00e3o da Via L\u00e1ctea at\u00e9 Fazenda Vilanova - Folha Popular\" \/>\n<meta property=\"og:description\" content=\"A t\u00e3o sonhada duplica\u00e7\u00e3o da ERS-128 (Via L\u00e1ctea) est\u00e1 resumida a apenas 3,7 quil\u00f4metros no projeto inicial apresentado pelo secret\u00e1rio de Estado da Reconstru\u00e7\u00e3o Ga\u00facha, Pedro Capeluppi, no dia 18 de dezembro. O trecho previsto vai desde o entroncamento com a RSC-453 (Rota do Sol) na Pol\u00edcia Rodovi\u00e1ria Estadual at\u00e9 a r\u00f3tula vazada da Lactallis, [&hellip;]\" \/>\n<meta property=\"og:url\" content=\"https:\/\/folhapopular.info\/index.php\/2024\/12\/24\/liderancas-defendem-duplicacao-da-via-lactea-ate-fazenda-vilanova\/\" \/>\n<meta property=\"og:site_name\" content=\"Folha Popular\" \/>\n<meta property=\"article:published_time\" content=\"2024-12-24T15:00:00+00:00\" \/>\n<meta property=\"og:image\" content=\"https:\/\/folhapopular.info\/wp-content\/uploads\/2024\/12\/2024_12_23_LAH_Duplicacao-chega-ate-o-trevo-da-Lactallis-nos-bairros-Languiru-e-Alesgut-1-scaled.jpeg\" \/>\n\t<meta property=\"og:image:width\" content=\"2560\" \/>\n\t<meta property=\"og:image:height\" content=\"1920\" \/>\n\t<meta property=\"og:image:type\" content=\"image\/jpeg\" \/>\n<meta name=\"author\" content=\"Reda\u00e7\u00e3o Folha Popular\" \/>\n<meta name=\"twitter:card\" content=\"summary_large_image\" \/>\n<meta name=\"twitter:label1\" content=\"Escrito por\" \/>\n\t<meta name=\"twitter:data1\" content=\"Reda\u00e7\u00e3o Folha Popular\" \/>\n\t<meta name=\"twitter:label2\" content=\"Est. tempo de leitura\" \/>\n\t<meta name=\"twitter:data2\" content=\"6 minutos\" \/>\n<script type=\"application\/ld+json\" class=\"yoast-schema-graph\">{\"@context\":\"https:\\\/\\\/schema.org\",\"@graph\":[{\"@type\":\"Article\",\"@id\":\"https:\\\/\\\/folhapopular.info\\\/index.php\\\/2024\\\/12\\\/24\\\/liderancas-defendem-duplicacao-da-via-lactea-ate-fazenda-vilanova\\\/#article\",\"isPartOf\":{\"@id\":\"https:\\\/\\\/folhapopular.info\\\/index.php\\\/2024\\\/12\\\/24\\\/liderancas-defendem-duplicacao-da-via-lactea-ate-fazenda-vilanova\\\/\"},\"author\":{\"name\":\"Reda\u00e7\u00e3o Folha Popular\",\"@id\":\"https:\\\/\\\/folhapopular.info\\\/#\\\/schema\\\/person\\\/2814e8a0df7643585a9ca38bc6eb9d4b\"},\"headline\":\"Lideran\u00e7as defendem duplica\u00e7\u00e3o da Via L\u00e1ctea at\u00e9 Fazenda Vilanova\",\"datePublished\":\"2024-12-24T15:00:00+00:00\",\"mainEntityOfPage\":{\"@id\":\"https:\\\/\\\/folhapopular.info\\\/index.php\\\/2024\\\/12\\\/24\\\/liderancas-defendem-duplicacao-da-via-lactea-ate-fazenda-vilanova\\\/\"},\"wordCount\":1083,\"commentCount\":0,\"image\":{\"@id\":\"https:\\\/\\\/folhapopular.info\\\/index.php\\\/2024\\\/12\\\/24\\\/liderancas-defendem-duplicacao-da-via-lactea-ate-fazenda-vilanova\\\/#primaryimage\"},\"thumbnailUrl\":\"https:\\\/\\\/folhapopular.info\\\/wp-content\\\/uploads\\\/2024\\\/12\\\/2024_12_23_LAH_Duplicacao-chega-ate-o-trevo-da-Lactallis-nos-bairros-Languiru-e-Alesgut-1-scaled.jpeg\",\"keywords\":[\"Duplica\u00e7\u00e3o\",\"Fazenda Vilanova\",\"Via L\u00e1ctea\"],\"articleSection\":[\"Assinantes\",\"Destaques\",\"Geral\",\"Servi\u00e7os\"],\"inLanguage\":\"pt-BR\",\"potentialAction\":[{\"@type\":\"CommentAction\",\"name\":\"Comment\",\"target\":[\"https:\\\/\\\/folhapopular.info\\\/index.php\\\/2024\\\/12\\\/24\\\/liderancas-defendem-duplicacao-da-via-lactea-ate-fazenda-vilanova\\\/#respond\"]}]},{\"@type\":\"WebPage\",\"@id\":\"https:\\\/\\\/folhapopular.info\\\/index.php\\\/2024\\\/12\\\/24\\\/liderancas-defendem-duplicacao-da-via-lactea-ate-fazenda-vilanova\\\/\",\"url\":\"https:\\\/\\\/folhapopular.info\\\/index.php\\\/2024\\\/12\\\/24\\\/liderancas-defendem-duplicacao-da-via-lactea-ate-fazenda-vilanova\\\/\",\"name\":\"Lideran\u00e7as defendem duplica\u00e7\u00e3o da Via L\u00e1ctea at\u00e9 Fazenda Vilanova - Folha Popular\",\"isPartOf\":{\"@id\":\"https:\\\/\\\/folhapopular.info\\\/#website\"},\"primaryImageOfPage\":{\"@id\":\"https:\\\/\\\/folhapopular.info\\\/index.php\\\/2024\\\/12\\\/24\\\/liderancas-defendem-duplicacao-da-via-lactea-ate-fazenda-vilanova\\\/#primaryimage\"},\"image\":{\"@id\":\"https:\\\/\\\/folhapopular.info\\\/index.php\\\/2024\\\/12\\\/24\\\/liderancas-defendem-duplicacao-da-via-lactea-ate-fazenda-vilanova\\\/#primaryimage\"},\"thumbnailUrl\":\"https:\\\/\\\/folhapopular.info\\\/wp-content\\\/uploads\\\/2024\\\/12\\\/2024_12_23_LAH_Duplicacao-chega-ate-o-trevo-da-Lactallis-nos-bairros-Languiru-e-Alesgut-1-scaled.jpeg\",\"datePublished\":\"2024-12-24T15:00:00+00:00\",\"author\":{\"@id\":\"https:\\\/\\\/folhapopular.info\\\/#\\\/schema\\\/person\\\/2814e8a0df7643585a9ca38bc6eb9d4b\"},\"breadcrumb\":{\"@id\":\"https:\\\/\\\/folhapopular.info\\\/index.php\\\/2024\\\/12\\\/24\\\/liderancas-defendem-duplicacao-da-via-lactea-ate-fazenda-vilanova\\\/#breadcrumb\"},\"inLanguage\":\"pt-BR\",\"potentialAction\":[{\"@type\":\"ReadAction\",\"target\":[\"https:\\\/\\\/folhapopular.info\\\/index.php\\\/2024\\\/12\\\/24\\\/liderancas-defendem-duplicacao-da-via-lactea-ate-fazenda-vilanova\\\/\"]}]},{\"@type\":\"ImageObject\",\"inLanguage\":\"pt-BR\",\"@id\":\"https:\\\/\\\/folhapopular.info\\\/index.php\\\/2024\\\/12\\\/24\\\/liderancas-defendem-duplicacao-da-via-lactea-ate-fazenda-vilanova\\\/#primaryimage\",\"url\":\"https:\\\/\\\/folhapopular.info\\\/wp-content\\\/uploads\\\/2024\\\/12\\\/2024_12_23_LAH_Duplicacao-chega-ate-o-trevo-da-Lactallis-nos-bairros-Languiru-e-Alesgut-1-scaled.jpeg\",\"contentUrl\":\"https:\\\/\\\/folhapopular.info\\\/wp-content\\\/uploads\\\/2024\\\/12\\\/2024_12_23_LAH_Duplicacao-chega-ate-o-trevo-da-Lactallis-nos-bairros-Languiru-e-Alesgut-1-scaled.jpeg\",\"width\":2560,\"height\":1920,\"caption\":\"Duplica\u00e7\u00e3o chega at\u00e9 o trevo da Lactallis, nos bairros Languiru e Alesgut \\\/ Cr\u00e9dito: Luis Augusto Huppes\"},{\"@type\":\"BreadcrumbList\",\"@id\":\"https:\\\/\\\/folhapopular.info\\\/index.php\\\/2024\\\/12\\\/24\\\/liderancas-defendem-duplicacao-da-via-lactea-ate-fazenda-vilanova\\\/#breadcrumb\",\"itemListElement\":[{\"@type\":\"ListItem\",\"position\":1,\"name\":\"In\u00edcio\",\"item\":\"https:\\\/\\\/folhapopular.info\\\/\"},{\"@type\":\"ListItem\",\"position\":2,\"name\":\"Lideran\u00e7as defendem duplica\u00e7\u00e3o da Via L\u00e1ctea at\u00e9 Fazenda Vilanova\"}]},{\"@type\":\"WebSite\",\"@id\":\"https:\\\/\\\/folhapopular.info\\\/#website\",\"url\":\"https:\\\/\\\/folhapopular.info\\\/\",\"name\":\"Folha Popular\",\"description\":\"Onde voc\u00ea tem vez e voz\",\"potentialAction\":[{\"@type\":\"SearchAction\",\"target\":{\"@type\":\"EntryPoint\",\"urlTemplate\":\"https:\\\/\\\/folhapopular.info\\\/?s={search_term_string}\"},\"query-input\":{\"@type\":\"PropertyValueSpecification\",\"valueRequired\":true,\"valueName\":\"search_term_string\"}}],\"inLanguage\":\"pt-BR\"},{\"@type\":\"Person\",\"@id\":\"https:\\\/\\\/folhapopular.info\\\/#\\\/schema\\\/person\\\/2814e8a0df7643585a9ca38bc6eb9d4b\",\"name\":\"Reda\u00e7\u00e3o Folha Popular\",\"image\":{\"@type\":\"ImageObject\",\"inLanguage\":\"pt-BR\",\"@id\":\"https:\\\/\\\/folhapopular.info\\\/wp-content\\\/uploads\\\/2026\\\/04\\\/Folha-1.webp\",\"url\":\"https:\\\/\\\/folhapopular.info\\\/wp-content\\\/uploads\\\/2026\\\/04\\\/Folha-1.webp\",\"contentUrl\":\"https:\\\/\\\/folhapopular.info\\\/wp-content\\\/uploads\\\/2026\\\/04\\\/Folha-1.webp\",\"caption\":\"Reda\u00e7\u00e3o Folha Popular\"},\"url\":\"https:\\\/\\\/folhapopular.info\\\/index.php\\\/author\\\/redacao\\\/\"}]}<\/script>\n<!-- \/ Yoast SEO plugin. -->","yoast_head_json":{"title":"Lideran\u00e7as defendem duplica\u00e7\u00e3o da Via L\u00e1ctea at\u00e9 Fazenda Vilanova - Folha Popular","robots":{"index":"index","follow":"follow","max-snippet":"max-snippet:-1","max-image-preview":"max-image-preview:large","max-video-preview":"max-video-preview:-1"},"canonical":"https:\/\/folhapopular.info\/index.php\/2024\/12\/24\/liderancas-defendem-duplicacao-da-via-lactea-ate-fazenda-vilanova\/","og_locale":"pt_BR","og_type":"article","og_title":"Lideran\u00e7as defendem duplica\u00e7\u00e3o da Via L\u00e1ctea at\u00e9 Fazenda Vilanova - Folha Popular","og_description":"A t\u00e3o sonhada duplica\u00e7\u00e3o da ERS-128 (Via L\u00e1ctea) est\u00e1 resumida a apenas 3,7 quil\u00f4metros no projeto inicial apresentado pelo secret\u00e1rio de Estado da Reconstru\u00e7\u00e3o Ga\u00facha, Pedro Capeluppi, no dia 18 de dezembro. O trecho previsto vai desde o entroncamento com a RSC-453 (Rota do Sol) na Pol\u00edcia Rodovi\u00e1ria Estadual at\u00e9 a r\u00f3tula vazada da Lactallis, [&hellip;]","og_url":"https:\/\/folhapopular.info\/index.php\/2024\/12\/24\/liderancas-defendem-duplicacao-da-via-lactea-ate-fazenda-vilanova\/","og_site_name":"Folha Popular","article_published_time":"2024-12-24T15:00:00+00:00","og_image":[{"width":2560,"height":1920,"url":"https:\/\/folhapopular.info\/wp-content\/uploads\/2024\/12\/2024_12_23_LAH_Duplicacao-chega-ate-o-trevo-da-Lactallis-nos-bairros-Languiru-e-Alesgut-1-scaled.jpeg","type":"image\/jpeg"}],"author":"Reda\u00e7\u00e3o Folha Popular","twitter_card":"summary_large_image","twitter_misc":{"Escrito por":"Reda\u00e7\u00e3o Folha Popular","Est. tempo de leitura":"6 minutos"},"schema":{"@context":"https:\/\/schema.org","@graph":[{"@type":"Article","@id":"https:\/\/folhapopular.info\/index.php\/2024\/12\/24\/liderancas-defendem-duplicacao-da-via-lactea-ate-fazenda-vilanova\/#article","isPartOf":{"@id":"https:\/\/folhapopular.info\/index.php\/2024\/12\/24\/liderancas-defendem-duplicacao-da-via-lactea-ate-fazenda-vilanova\/"},"author":{"name":"Reda\u00e7\u00e3o Folha Popular","@id":"https:\/\/folhapopular.info\/#\/schema\/person\/2814e8a0df7643585a9ca38bc6eb9d4b"},"headline":"Lideran\u00e7as defendem duplica\u00e7\u00e3o da Via L\u00e1ctea at\u00e9 Fazenda Vilanova","datePublished":"2024-12-24T15:00:00+00:00","mainEntityOfPage":{"@id":"https:\/\/folhapopular.info\/index.php\/2024\/12\/24\/liderancas-defendem-duplicacao-da-via-lactea-ate-fazenda-vilanova\/"},"wordCount":1083,"commentCount":0,"image":{"@id":"https:\/\/folhapopular.info\/index.php\/2024\/12\/24\/liderancas-defendem-duplicacao-da-via-lactea-ate-fazenda-vilanova\/#primaryimage"},"thumbnailUrl":"https:\/\/folhapopular.info\/wp-content\/uploads\/2024\/12\/2024_12_23_LAH_Duplicacao-chega-ate-o-trevo-da-Lactallis-nos-bairros-Languiru-e-Alesgut-1-scaled.jpeg","keywords":["Duplica\u00e7\u00e3o","Fazenda Vilanova","Via L\u00e1ctea"],"articleSection":["Assinantes","Destaques","Geral","Servi\u00e7os"],"inLanguage":"pt-BR","potentialAction":[{"@type":"CommentAction","name":"Comment","target":["https:\/\/folhapopular.info\/index.php\/2024\/12\/24\/liderancas-defendem-duplicacao-da-via-lactea-ate-fazenda-vilanova\/#respond"]}]},{"@type":"WebPage","@id":"https:\/\/folhapopular.info\/index.php\/2024\/12\/24\/liderancas-defendem-duplicacao-da-via-lactea-ate-fazenda-vilanova\/","url":"https:\/\/folhapopular.info\/index.php\/2024\/12\/24\/liderancas-defendem-duplicacao-da-via-lactea-ate-fazenda-vilanova\/","name":"Lideran\u00e7as defendem duplica\u00e7\u00e3o da Via L\u00e1ctea at\u00e9 Fazenda Vilanova - Folha Popular","isPartOf":{"@id":"https:\/\/folhapopular.info\/#website"},"primaryImageOfPage":{"@id":"https:\/\/folhapopular.info\/index.php\/2024\/12\/24\/liderancas-defendem-duplicacao-da-via-lactea-ate-fazenda-vilanova\/#primaryimage"},"image":{"@id":"https:\/\/folhapopular.info\/index.php\/2024\/12\/24\/liderancas-defendem-duplicacao-da-via-lactea-ate-fazenda-vilanova\/#primaryimage"},"thumbnailUrl":"https:\/\/folhapopular.info\/wp-content\/uploads\/2024\/12\/2024_12_23_LAH_Duplicacao-chega-ate-o-trevo-da-Lactallis-nos-bairros-Languiru-e-Alesgut-1-scaled.jpeg","datePublished":"2024-12-24T15:00:00+00:00","author":{"@id":"https:\/\/folhapopular.info\/#\/schema\/person\/2814e8a0df7643585a9ca38bc6eb9d4b"},"breadcrumb":{"@id":"https:\/\/folhapopular.info\/index.php\/2024\/12\/24\/liderancas-defendem-duplicacao-da-via-lactea-ate-fazenda-vilanova\/#breadcrumb"},"inLanguage":"pt-BR","potentialAction":[{"@type":"ReadAction","target":["https:\/\/folhapopular.info\/index.php\/2024\/12\/24\/liderancas-defendem-duplicacao-da-via-lactea-ate-fazenda-vilanova\/"]}]},{"@type":"ImageObject","inLanguage":"pt-BR","@id":"https:\/\/folhapopular.info\/index.php\/2024\/12\/24\/liderancas-defendem-duplicacao-da-via-lactea-ate-fazenda-vilanova\/#primaryimage","url":"https:\/\/folhapopular.info\/wp-content\/uploads\/2024\/12\/2024_12_23_LAH_Duplicacao-chega-ate-o-trevo-da-Lactallis-nos-bairros-Languiru-e-Alesgut-1-scaled.jpeg","contentUrl":"https:\/\/folhapopular.info\/wp-content\/uploads\/2024\/12\/2024_12_23_LAH_Duplicacao-chega-ate-o-trevo-da-Lactallis-nos-bairros-Languiru-e-Alesgut-1-scaled.jpeg","width":2560,"height":1920,"caption":"Duplica\u00e7\u00e3o chega at\u00e9 o trevo da Lactallis, nos bairros Languiru e Alesgut \/ Cr\u00e9dito: Luis Augusto Huppes"},{"@type":"BreadcrumbList","@id":"https:\/\/folhapopular.info\/index.php\/2024\/12\/24\/liderancas-defendem-duplicacao-da-via-lactea-ate-fazenda-vilanova\/#breadcrumb","itemListElement":[{"@type":"ListItem","position":1,"name":"In\u00edcio","item":"https:\/\/folhapopular.info\/"},{"@type":"ListItem","position":2,"name":"Lideran\u00e7as defendem duplica\u00e7\u00e3o da Via L\u00e1ctea at\u00e9 Fazenda Vilanova"}]},{"@type":"WebSite","@id":"https:\/\/folhapopular.info\/#website","url":"https:\/\/folhapopular.info\/","name":"Folha Popular","description":"Onde voc\u00ea tem vez e voz","potentialAction":[{"@type":"SearchAction","target":{"@type":"EntryPoint","urlTemplate":"https:\/\/folhapopular.info\/?s={search_term_string}"},"query-input":{"@type":"PropertyValueSpecification","valueRequired":true,"valueName":"search_term_string"}}],"inLanguage":"pt-BR"},{"@type":"Person","@id":"https:\/\/folhapopular.info\/#\/schema\/person\/2814e8a0df7643585a9ca38bc6eb9d4b","name":"Reda\u00e7\u00e3o Folha Popular","image":{"@type":"ImageObject","inLanguage":"pt-BR","@id":"https:\/\/folhapopular.info\/wp-content\/uploads\/2026\/04\/Folha-1.webp","url":"https:\/\/folhapopular.info\/wp-content\/uploads\/2026\/04\/Folha-1.webp","contentUrl":"https:\/\/folhapopular.info\/wp-content\/uploads\/2026\/04\/Folha-1.webp","caption":"Reda\u00e7\u00e3o Folha Popular"},"url":"https:\/\/folhapopular.info\/index.php\/author\/redacao\/"}]}},"jetpack_featured_media_url":"https:\/\/folhapopular.info\/wp-content\/uploads\/2024\/12\/2024_12_23_LAH_Duplicacao-chega-ate-o-trevo-da-Lactallis-nos-bairros-Languiru-e-Alesgut-1-scaled.jpeg","jetpack_sharing_enabled":true,"amp_enabled":true,"_links":{"self":[{"href":"https:\/\/folhapopular.info\/index.php\/wp-json\/wp\/v2\/posts\/177193","targetHints":{"allow":["GET"]}}],"collection":[{"href":"https:\/\/folhapopular.info\/index.php\/wp-json\/wp\/v2\/posts"}],"about":[{"href":"https:\/\/folhapopular.info\/index.php\/wp-json\/wp\/v2\/types\/post"}],"author":[{"embeddable":true,"href":"https:\/\/folhapopular.info\/index.php\/wp-json\/wp\/v2\/users\/8"}],"replies":[{"embeddable":true,"href":"https:\/\/folhapopular.info\/index.php\/wp-json\/wp\/v2\/comments?post=177193"}],"version-history":[{"count":0,"href":"https:\/\/folhapopular.info\/index.php\/wp-json\/wp\/v2\/posts\/177193\/revisions"}],"wp:featuredmedia":[{"embeddable":true,"href":"https:\/\/folhapopular.info\/index.php\/wp-json\/wp\/v2\/media\/177199"}],"wp:attachment":[{"href":"https:\/\/folhapopular.info\/index.php\/wp-json\/wp\/v2\/media?parent=177193"}],"wp:term":[{"taxonomy":"category","embeddable":true,"href":"https:\/\/folhapopular.info\/index.php\/wp-json\/wp\/v2\/categories?post=177193"},{"taxonomy":"post_tag","embeddable":true,"href":"https:\/\/folhapopular.info\/index.php\/wp-json\/wp\/v2\/tags?post=177193"}],"curies":[{"name":"wp","href":"https:\/\/api.w.org\/{rel}","templated":true}]}}