{"id":177386,"date":"2024-12-27T11:23:14","date_gmt":"2024-12-27T14:23:14","guid":{"rendered":"https:\/\/folhapopular.info\/?p=177386"},"modified":"2024-12-27T11:23:19","modified_gmt":"2024-12-27T14:23:19","slug":"fecomercio-rs-fiergs-e-farsul-se-opoem-a-possivel-renovacao-da-concessao-da-ferrovia-malha-sul","status":"publish","type":"post","link":"https:\/\/folhapopular.info\/index.php\/2024\/12\/27\/fecomercio-rs-fiergs-e-farsul-se-opoem-a-possivel-renovacao-da-concessao-da-ferrovia-malha-sul\/","title":{"rendered":"Fecom\u00e9rcio-RS, Fiergs e Farsul se op\u00f5em \u00e0 poss\u00edvel renova\u00e7\u00e3o da concess\u00e3o da ferrovia Malha Sul"},"content":{"rendered":"\n<p>A Fecom\u00e9rcio-RS, Fiergs e Farsul manifestaram oposi\u00e7\u00e3o \u00e0 poss\u00edvel renova\u00e7\u00e3o da concess\u00e3o da ferrovia Malha Sul para a Rumo Log\u00edstica, que administra o modal ferrovi\u00e1rio no Rio Grande do Sul h\u00e1 26 anos. Em nota conjunta enviada ao Ministro dos Transportes, Renan Filho, os presidentes Luiz Carlos Bohn (Fecom\u00e9rcio-RS), Cl\u00e1udio Bier (Fiergs) e Gede\u00e3o Pereira (Farsul) expressaram insatisfa\u00e7\u00e3o com os resultados da atual administra\u00e7\u00e3o.<\/p>\n\n\n\n<p>Segundo as entidades, a extens\u00e3o da malha ferrovi\u00e1ria ativa caiu quase pela metade desde 1997, passando de 3,15 mil quil\u00f4metros para 1,65 mil. Essa redu\u00e7\u00e3o \u00e9 atribu\u00edda \u00e0 falta de investimentos e \u00e0 aus\u00eancia de programas de manuten\u00e7\u00e3o preventiva, que resultaram no sucateamento de ramais e equipamentos ferrovi\u00e1rios.<\/p>\n\n\n\n<p>Atualmente, o Rio Grande do Sul \u00e9 o estado brasileiro com maior depend\u00eancia do transporte rodovi\u00e1rio, com 88% das cargas sendo transportadas por estradas, enquanto a m\u00e9dia nacional \u00e9 de 65%. Essa depend\u00eancia, de acordo com as federa\u00e7\u00f5es, gera custos log\u00edsticos elevados e compromete a competitividade dos setores produtivos.<\/p>\n\n\n\n<p>As entidades defendem a necessidade de uma nova concess\u00e3o que garanta a moderniza\u00e7\u00e3o da rede ferrovi\u00e1ria ga\u00facha. Entre as propostas est\u00e3o a implanta\u00e7\u00e3o de ferrovias de bitola larga e a amplia\u00e7\u00e3o da capacidade de atendimento a m\u00e9dias e longas dist\u00e2ncias. Luiz Carlos Bohn destacou que a renova\u00e7\u00e3o da concess\u00e3o com a Rumo \u00e9 especialmente problem\u00e1tica devido ao hist\u00f3rico de falta de investimentos. &#8220;O Rio Grande do Sul precisa de uma malha ferrovi\u00e1ria robusta, ativa e eficiente. O pr\u00f3ximo ciclo de concess\u00e3o deve assegurar investimentos massivos para modernizar o sistema ferrovi\u00e1rio e atender \u00e0s necessidades do setor produtivo&#8221;, afirmou.<\/p>\n","protected":false},"excerpt":{"rendered":"<p>A Fecom\u00e9rcio-RS, Fiergs e Farsul manifestaram oposi\u00e7\u00e3o \u00e0 poss\u00edvel renova\u00e7\u00e3o da concess\u00e3o da ferrovia Malha Sul para a Rumo Log\u00edstica, que administra o modal ferrovi\u00e1rio no Rio Grande do Sul h\u00e1 26 anos. Em nota conjunta enviada ao Ministro dos Transportes, Renan Filho, os presidentes Luiz Carlos Bohn (Fecom\u00e9rcio-RS), Cl\u00e1udio Bier (Fiergs) e Gede\u00e3o Pereira [&hellip;]<\/p>\n","protected":false},"author":8,"featured_media":177387,"comment_status":"open","ping_status":"open","sticky":false,"template":"","format":"standard","meta":{"pmpro_default_level":"","_jetpack_memberships_contains_paid_content":false,"footnotes":""},"categories":[2,10991],"tags":[17435,10627,9098,2011,16014],"class_list":{"0":"post-177386","1":"post","2":"type-post","3":"status-publish","4":"format-standard","5":"has-post-thumbnail","7":"category-featured","8":"category-economia","9":"tag-concessao-da-ferrovia-malha-sul","10":"tag-farsul","11":"tag-fecomercio","12":"tag-fiergs","13":"tag-rumo-logistica","14":"pmpro-has-access"},"yoast_head":"<!-- This site is optimized with the Yoast SEO plugin v27.5 - https:\/\/yoast.com\/product\/yoast-seo-wordpress\/ -->\n<title>Fecom\u00e9rcio-RS, Fiergs e Farsul se op\u00f5em \u00e0 poss\u00edvel renova\u00e7\u00e3o da concess\u00e3o da ferrovia Malha Sul - Folha Popular<\/title>\n<meta name=\"robots\" content=\"index, follow, max-snippet:-1, max-image-preview:large, max-video-preview:-1\" \/>\n<link rel=\"canonical\" href=\"https:\/\/folhapopular.info\/index.php\/2024\/12\/27\/fecomercio-rs-fiergs-e-farsul-se-opoem-a-possivel-renovacao-da-concessao-da-ferrovia-malha-sul\/\" \/>\n<meta property=\"og:locale\" content=\"pt_BR\" \/>\n<meta property=\"og:type\" content=\"article\" \/>\n<meta property=\"og:title\" content=\"Fecom\u00e9rcio-RS, Fiergs e Farsul se op\u00f5em \u00e0 poss\u00edvel renova\u00e7\u00e3o da concess\u00e3o da ferrovia Malha Sul - Folha Popular\" \/>\n<meta property=\"og:description\" content=\"A Fecom\u00e9rcio-RS, Fiergs e Farsul manifestaram oposi\u00e7\u00e3o \u00e0 poss\u00edvel renova\u00e7\u00e3o da concess\u00e3o da ferrovia Malha Sul para a Rumo Log\u00edstica, que administra o modal ferrovi\u00e1rio no Rio Grande do Sul h\u00e1 26 anos. Em nota conjunta enviada ao Ministro dos Transportes, Renan Filho, os presidentes Luiz Carlos Bohn (Fecom\u00e9rcio-RS), Cl\u00e1udio Bier (Fiergs) e Gede\u00e3o Pereira [&hellip;]\" \/>\n<meta property=\"og:url\" content=\"https:\/\/folhapopular.info\/index.php\/2024\/12\/27\/fecomercio-rs-fiergs-e-farsul-se-opoem-a-possivel-renovacao-da-concessao-da-ferrovia-malha-sul\/\" \/>\n<meta property=\"og:site_name\" content=\"Folha Popular\" \/>\n<meta property=\"article:published_time\" content=\"2024-12-27T14:23:14+00:00\" \/>\n<meta property=\"article:modified_time\" content=\"2024-12-27T14:23:19+00:00\" \/>\n<meta property=\"og:image\" content=\"http:\/\/folhapopular.info\/wp-content\/uploads\/2024\/12\/07c20a79e68f12891c0a08214e3ac55ba8fe92.png\" \/>\n\t<meta property=\"og:image:width\" content=\"600\" \/>\n\t<meta property=\"og:image:height\" content=\"300\" \/>\n\t<meta property=\"og:image:type\" content=\"image\/png\" \/>\n<meta name=\"author\" content=\"Reda\u00e7\u00e3o Folha Popular\" \/>\n<meta name=\"twitter:card\" content=\"summary_large_image\" \/>\n<meta name=\"twitter:label1\" content=\"Escrito por\" \/>\n\t<meta name=\"twitter:data1\" content=\"Reda\u00e7\u00e3o Folha Popular\" \/>\n\t<meta name=\"twitter:label2\" content=\"Est. tempo de leitura\" \/>\n\t<meta name=\"twitter:data2\" content=\"2 minutos\" \/>\n<script type=\"application\/ld+json\" class=\"yoast-schema-graph\">{\"@context\":\"https:\\\/\\\/schema.org\",\"@graph\":[{\"@type\":\"Article\",\"@id\":\"https:\\\/\\\/folhapopular.info\\\/index.php\\\/2024\\\/12\\\/27\\\/fecomercio-rs-fiergs-e-farsul-se-opoem-a-possivel-renovacao-da-concessao-da-ferrovia-malha-sul\\\/#article\",\"isPartOf\":{\"@id\":\"https:\\\/\\\/folhapopular.info\\\/index.php\\\/2024\\\/12\\\/27\\\/fecomercio-rs-fiergs-e-farsul-se-opoem-a-possivel-renovacao-da-concessao-da-ferrovia-malha-sul\\\/\"},\"author\":{\"name\":\"Reda\u00e7\u00e3o Folha Popular\",\"@id\":\"https:\\\/\\\/folhapopular.info\\\/#\\\/schema\\\/person\\\/2814e8a0df7643585a9ca38bc6eb9d4b\"},\"headline\":\"Fecom\u00e9rcio-RS, Fiergs e Farsul se op\u00f5em \u00e0 poss\u00edvel renova\u00e7\u00e3o da concess\u00e3o da ferrovia Malha Sul\",\"datePublished\":\"2024-12-27T14:23:14+00:00\",\"dateModified\":\"2024-12-27T14:23:19+00:00\",\"mainEntityOfPage\":{\"@id\":\"https:\\\/\\\/folhapopular.info\\\/index.php\\\/2024\\\/12\\\/27\\\/fecomercio-rs-fiergs-e-farsul-se-opoem-a-possivel-renovacao-da-concessao-da-ferrovia-malha-sul\\\/\"},\"wordCount\":308,\"commentCount\":0,\"image\":{\"@id\":\"https:\\\/\\\/folhapopular.info\\\/index.php\\\/2024\\\/12\\\/27\\\/fecomercio-rs-fiergs-e-farsul-se-opoem-a-possivel-renovacao-da-concessao-da-ferrovia-malha-sul\\\/#primaryimage\"},\"thumbnailUrl\":\"https:\\\/\\\/folhapopular.info\\\/wp-content\\\/uploads\\\/2024\\\/12\\\/07c20a79e68f12891c0a08214e3ac55ba8fe92.png\",\"keywords\":[\"Concess\u00e3o da ferrovia Malha Sul\",\"FARSUL\",\"Fecom\u00e9rcio\",\"FIERGS\",\"Rumo Log\u00edstica\"],\"articleSection\":[\"Destaques\",\"Economia\"],\"inLanguage\":\"pt-BR\",\"potentialAction\":[{\"@type\":\"CommentAction\",\"name\":\"Comment\",\"target\":[\"https:\\\/\\\/folhapopular.info\\\/index.php\\\/2024\\\/12\\\/27\\\/fecomercio-rs-fiergs-e-farsul-se-opoem-a-possivel-renovacao-da-concessao-da-ferrovia-malha-sul\\\/#respond\"]}]},{\"@type\":\"WebPage\",\"@id\":\"https:\\\/\\\/folhapopular.info\\\/index.php\\\/2024\\\/12\\\/27\\\/fecomercio-rs-fiergs-e-farsul-se-opoem-a-possivel-renovacao-da-concessao-da-ferrovia-malha-sul\\\/\",\"url\":\"https:\\\/\\\/folhapopular.info\\\/index.php\\\/2024\\\/12\\\/27\\\/fecomercio-rs-fiergs-e-farsul-se-opoem-a-possivel-renovacao-da-concessao-da-ferrovia-malha-sul\\\/\",\"name\":\"Fecom\u00e9rcio-RS, Fiergs e Farsul se op\u00f5em \u00e0 poss\u00edvel renova\u00e7\u00e3o da concess\u00e3o da ferrovia Malha Sul - Folha Popular\",\"isPartOf\":{\"@id\":\"https:\\\/\\\/folhapopular.info\\\/#website\"},\"primaryImageOfPage\":{\"@id\":\"https:\\\/\\\/folhapopular.info\\\/index.php\\\/2024\\\/12\\\/27\\\/fecomercio-rs-fiergs-e-farsul-se-opoem-a-possivel-renovacao-da-concessao-da-ferrovia-malha-sul\\\/#primaryimage\"},\"image\":{\"@id\":\"https:\\\/\\\/folhapopular.info\\\/index.php\\\/2024\\\/12\\\/27\\\/fecomercio-rs-fiergs-e-farsul-se-opoem-a-possivel-renovacao-da-concessao-da-ferrovia-malha-sul\\\/#primaryimage\"},\"thumbnailUrl\":\"https:\\\/\\\/folhapopular.info\\\/wp-content\\\/uploads\\\/2024\\\/12\\\/07c20a79e68f12891c0a08214e3ac55ba8fe92.png\",\"datePublished\":\"2024-12-27T14:23:14+00:00\",\"dateModified\":\"2024-12-27T14:23:19+00:00\",\"author\":{\"@id\":\"https:\\\/\\\/folhapopular.info\\\/#\\\/schema\\\/person\\\/2814e8a0df7643585a9ca38bc6eb9d4b\"},\"breadcrumb\":{\"@id\":\"https:\\\/\\\/folhapopular.info\\\/index.php\\\/2024\\\/12\\\/27\\\/fecomercio-rs-fiergs-e-farsul-se-opoem-a-possivel-renovacao-da-concessao-da-ferrovia-malha-sul\\\/#breadcrumb\"},\"inLanguage\":\"pt-BR\",\"potentialAction\":[{\"@type\":\"ReadAction\",\"target\":[\"https:\\\/\\\/folhapopular.info\\\/index.php\\\/2024\\\/12\\\/27\\\/fecomercio-rs-fiergs-e-farsul-se-opoem-a-possivel-renovacao-da-concessao-da-ferrovia-malha-sul\\\/\"]}]},{\"@type\":\"ImageObject\",\"inLanguage\":\"pt-BR\",\"@id\":\"https:\\\/\\\/folhapopular.info\\\/index.php\\\/2024\\\/12\\\/27\\\/fecomercio-rs-fiergs-e-farsul-se-opoem-a-possivel-renovacao-da-concessao-da-ferrovia-malha-sul\\\/#primaryimage\",\"url\":\"https:\\\/\\\/folhapopular.info\\\/wp-content\\\/uploads\\\/2024\\\/12\\\/07c20a79e68f12891c0a08214e3ac55ba8fe92.png\",\"contentUrl\":\"https:\\\/\\\/folhapopular.info\\\/wp-content\\\/uploads\\\/2024\\\/12\\\/07c20a79e68f12891c0a08214e3ac55ba8fe92.png\",\"width\":600,\"height\":300,\"caption\":\"Cr\u00e9dito: Divulga\u00e7\u00e3o\"},{\"@type\":\"BreadcrumbList\",\"@id\":\"https:\\\/\\\/folhapopular.info\\\/index.php\\\/2024\\\/12\\\/27\\\/fecomercio-rs-fiergs-e-farsul-se-opoem-a-possivel-renovacao-da-concessao-da-ferrovia-malha-sul\\\/#breadcrumb\",\"itemListElement\":[{\"@type\":\"ListItem\",\"position\":1,\"name\":\"In\u00edcio\",\"item\":\"https:\\\/\\\/folhapopular.info\\\/\"},{\"@type\":\"ListItem\",\"position\":2,\"name\":\"Fecom\u00e9rcio-RS, Fiergs e Farsul se op\u00f5em \u00e0 poss\u00edvel renova\u00e7\u00e3o da concess\u00e3o da ferrovia Malha Sul\"}]},{\"@type\":\"WebSite\",\"@id\":\"https:\\\/\\\/folhapopular.info\\\/#website\",\"url\":\"https:\\\/\\\/folhapopular.info\\\/\",\"name\":\"Folha Popular\",\"description\":\"Onde voc\u00ea tem vez e voz\",\"potentialAction\":[{\"@type\":\"SearchAction\",\"target\":{\"@type\":\"EntryPoint\",\"urlTemplate\":\"https:\\\/\\\/folhapopular.info\\\/?s={search_term_string}\"},\"query-input\":{\"@type\":\"PropertyValueSpecification\",\"valueRequired\":true,\"valueName\":\"search_term_string\"}}],\"inLanguage\":\"pt-BR\"},{\"@type\":\"Person\",\"@id\":\"https:\\\/\\\/folhapopular.info\\\/#\\\/schema\\\/person\\\/2814e8a0df7643585a9ca38bc6eb9d4b\",\"name\":\"Reda\u00e7\u00e3o Folha Popular\",\"image\":{\"@type\":\"ImageObject\",\"inLanguage\":\"pt-BR\",\"@id\":\"https:\\\/\\\/folhapopular.info\\\/wp-content\\\/uploads\\\/2026\\\/04\\\/Folha-1.webp\",\"url\":\"https:\\\/\\\/folhapopular.info\\\/wp-content\\\/uploads\\\/2026\\\/04\\\/Folha-1.webp\",\"contentUrl\":\"https:\\\/\\\/folhapopular.info\\\/wp-content\\\/uploads\\\/2026\\\/04\\\/Folha-1.webp\",\"caption\":\"Reda\u00e7\u00e3o Folha Popular\"},\"url\":\"https:\\\/\\\/folhapopular.info\\\/index.php\\\/author\\\/redacao\\\/\"}]}<\/script>\n<!-- \/ Yoast SEO plugin. -->","yoast_head_json":{"title":"Fecom\u00e9rcio-RS, Fiergs e Farsul se op\u00f5em \u00e0 poss\u00edvel renova\u00e7\u00e3o da concess\u00e3o da ferrovia Malha Sul - Folha Popular","robots":{"index":"index","follow":"follow","max-snippet":"max-snippet:-1","max-image-preview":"max-image-preview:large","max-video-preview":"max-video-preview:-1"},"canonical":"https:\/\/folhapopular.info\/index.php\/2024\/12\/27\/fecomercio-rs-fiergs-e-farsul-se-opoem-a-possivel-renovacao-da-concessao-da-ferrovia-malha-sul\/","og_locale":"pt_BR","og_type":"article","og_title":"Fecom\u00e9rcio-RS, Fiergs e Farsul se op\u00f5em \u00e0 poss\u00edvel renova\u00e7\u00e3o da concess\u00e3o da ferrovia Malha Sul - Folha Popular","og_description":"A Fecom\u00e9rcio-RS, Fiergs e Farsul manifestaram oposi\u00e7\u00e3o \u00e0 poss\u00edvel renova\u00e7\u00e3o da concess\u00e3o da ferrovia Malha Sul para a Rumo Log\u00edstica, que administra o modal ferrovi\u00e1rio no Rio Grande do Sul h\u00e1 26 anos. Em nota conjunta enviada ao Ministro dos Transportes, Renan Filho, os presidentes Luiz Carlos Bohn (Fecom\u00e9rcio-RS), Cl\u00e1udio Bier (Fiergs) e Gede\u00e3o Pereira [&hellip;]","og_url":"https:\/\/folhapopular.info\/index.php\/2024\/12\/27\/fecomercio-rs-fiergs-e-farsul-se-opoem-a-possivel-renovacao-da-concessao-da-ferrovia-malha-sul\/","og_site_name":"Folha Popular","article_published_time":"2024-12-27T14:23:14+00:00","article_modified_time":"2024-12-27T14:23:19+00:00","og_image":[{"width":600,"height":300,"url":"http:\/\/folhapopular.info\/wp-content\/uploads\/2024\/12\/07c20a79e68f12891c0a08214e3ac55ba8fe92.png","type":"image\/png"}],"author":"Reda\u00e7\u00e3o Folha Popular","twitter_card":"summary_large_image","twitter_misc":{"Escrito por":"Reda\u00e7\u00e3o Folha Popular","Est. tempo de leitura":"2 minutos"},"schema":{"@context":"https:\/\/schema.org","@graph":[{"@type":"Article","@id":"https:\/\/folhapopular.info\/index.php\/2024\/12\/27\/fecomercio-rs-fiergs-e-farsul-se-opoem-a-possivel-renovacao-da-concessao-da-ferrovia-malha-sul\/#article","isPartOf":{"@id":"https:\/\/folhapopular.info\/index.php\/2024\/12\/27\/fecomercio-rs-fiergs-e-farsul-se-opoem-a-possivel-renovacao-da-concessao-da-ferrovia-malha-sul\/"},"author":{"name":"Reda\u00e7\u00e3o Folha Popular","@id":"https:\/\/folhapopular.info\/#\/schema\/person\/2814e8a0df7643585a9ca38bc6eb9d4b"},"headline":"Fecom\u00e9rcio-RS, Fiergs e Farsul se op\u00f5em \u00e0 poss\u00edvel renova\u00e7\u00e3o da concess\u00e3o da ferrovia Malha Sul","datePublished":"2024-12-27T14:23:14+00:00","dateModified":"2024-12-27T14:23:19+00:00","mainEntityOfPage":{"@id":"https:\/\/folhapopular.info\/index.php\/2024\/12\/27\/fecomercio-rs-fiergs-e-farsul-se-opoem-a-possivel-renovacao-da-concessao-da-ferrovia-malha-sul\/"},"wordCount":308,"commentCount":0,"image":{"@id":"https:\/\/folhapopular.info\/index.php\/2024\/12\/27\/fecomercio-rs-fiergs-e-farsul-se-opoem-a-possivel-renovacao-da-concessao-da-ferrovia-malha-sul\/#primaryimage"},"thumbnailUrl":"https:\/\/folhapopular.info\/wp-content\/uploads\/2024\/12\/07c20a79e68f12891c0a08214e3ac55ba8fe92.png","keywords":["Concess\u00e3o da ferrovia Malha Sul","FARSUL","Fecom\u00e9rcio","FIERGS","Rumo Log\u00edstica"],"articleSection":["Destaques","Economia"],"inLanguage":"pt-BR","potentialAction":[{"@type":"CommentAction","name":"Comment","target":["https:\/\/folhapopular.info\/index.php\/2024\/12\/27\/fecomercio-rs-fiergs-e-farsul-se-opoem-a-possivel-renovacao-da-concessao-da-ferrovia-malha-sul\/#respond"]}]},{"@type":"WebPage","@id":"https:\/\/folhapopular.info\/index.php\/2024\/12\/27\/fecomercio-rs-fiergs-e-farsul-se-opoem-a-possivel-renovacao-da-concessao-da-ferrovia-malha-sul\/","url":"https:\/\/folhapopular.info\/index.php\/2024\/12\/27\/fecomercio-rs-fiergs-e-farsul-se-opoem-a-possivel-renovacao-da-concessao-da-ferrovia-malha-sul\/","name":"Fecom\u00e9rcio-RS, Fiergs e Farsul se op\u00f5em \u00e0 poss\u00edvel renova\u00e7\u00e3o da concess\u00e3o da ferrovia Malha Sul - Folha Popular","isPartOf":{"@id":"https:\/\/folhapopular.info\/#website"},"primaryImageOfPage":{"@id":"https:\/\/folhapopular.info\/index.php\/2024\/12\/27\/fecomercio-rs-fiergs-e-farsul-se-opoem-a-possivel-renovacao-da-concessao-da-ferrovia-malha-sul\/#primaryimage"},"image":{"@id":"https:\/\/folhapopular.info\/index.php\/2024\/12\/27\/fecomercio-rs-fiergs-e-farsul-se-opoem-a-possivel-renovacao-da-concessao-da-ferrovia-malha-sul\/#primaryimage"},"thumbnailUrl":"https:\/\/folhapopular.info\/wp-content\/uploads\/2024\/12\/07c20a79e68f12891c0a08214e3ac55ba8fe92.png","datePublished":"2024-12-27T14:23:14+00:00","dateModified":"2024-12-27T14:23:19+00:00","author":{"@id":"https:\/\/folhapopular.info\/#\/schema\/person\/2814e8a0df7643585a9ca38bc6eb9d4b"},"breadcrumb":{"@id":"https:\/\/folhapopular.info\/index.php\/2024\/12\/27\/fecomercio-rs-fiergs-e-farsul-se-opoem-a-possivel-renovacao-da-concessao-da-ferrovia-malha-sul\/#breadcrumb"},"inLanguage":"pt-BR","potentialAction":[{"@type":"ReadAction","target":["https:\/\/folhapopular.info\/index.php\/2024\/12\/27\/fecomercio-rs-fiergs-e-farsul-se-opoem-a-possivel-renovacao-da-concessao-da-ferrovia-malha-sul\/"]}]},{"@type":"ImageObject","inLanguage":"pt-BR","@id":"https:\/\/folhapopular.info\/index.php\/2024\/12\/27\/fecomercio-rs-fiergs-e-farsul-se-opoem-a-possivel-renovacao-da-concessao-da-ferrovia-malha-sul\/#primaryimage","url":"https:\/\/folhapopular.info\/wp-content\/uploads\/2024\/12\/07c20a79e68f12891c0a08214e3ac55ba8fe92.png","contentUrl":"https:\/\/folhapopular.info\/wp-content\/uploads\/2024\/12\/07c20a79e68f12891c0a08214e3ac55ba8fe92.png","width":600,"height":300,"caption":"Cr\u00e9dito: Divulga\u00e7\u00e3o"},{"@type":"BreadcrumbList","@id":"https:\/\/folhapopular.info\/index.php\/2024\/12\/27\/fecomercio-rs-fiergs-e-farsul-se-opoem-a-possivel-renovacao-da-concessao-da-ferrovia-malha-sul\/#breadcrumb","itemListElement":[{"@type":"ListItem","position":1,"name":"In\u00edcio","item":"https:\/\/folhapopular.info\/"},{"@type":"ListItem","position":2,"name":"Fecom\u00e9rcio-RS, Fiergs e Farsul se op\u00f5em \u00e0 poss\u00edvel renova\u00e7\u00e3o da concess\u00e3o da ferrovia Malha Sul"}]},{"@type":"WebSite","@id":"https:\/\/folhapopular.info\/#website","url":"https:\/\/folhapopular.info\/","name":"Folha Popular","description":"Onde voc\u00ea tem vez e voz","potentialAction":[{"@type":"SearchAction","target":{"@type":"EntryPoint","urlTemplate":"https:\/\/folhapopular.info\/?s={search_term_string}"},"query-input":{"@type":"PropertyValueSpecification","valueRequired":true,"valueName":"search_term_string"}}],"inLanguage":"pt-BR"},{"@type":"Person","@id":"https:\/\/folhapopular.info\/#\/schema\/person\/2814e8a0df7643585a9ca38bc6eb9d4b","name":"Reda\u00e7\u00e3o Folha Popular","image":{"@type":"ImageObject","inLanguage":"pt-BR","@id":"https:\/\/folhapopular.info\/wp-content\/uploads\/2026\/04\/Folha-1.webp","url":"https:\/\/folhapopular.info\/wp-content\/uploads\/2026\/04\/Folha-1.webp","contentUrl":"https:\/\/folhapopular.info\/wp-content\/uploads\/2026\/04\/Folha-1.webp","caption":"Reda\u00e7\u00e3o Folha Popular"},"url":"https:\/\/folhapopular.info\/index.php\/author\/redacao\/"}]}},"jetpack_featured_media_url":"https:\/\/folhapopular.info\/wp-content\/uploads\/2024\/12\/07c20a79e68f12891c0a08214e3ac55ba8fe92.png","jetpack_sharing_enabled":true,"amp_enabled":true,"_links":{"self":[{"href":"https:\/\/folhapopular.info\/index.php\/wp-json\/wp\/v2\/posts\/177386","targetHints":{"allow":["GET"]}}],"collection":[{"href":"https:\/\/folhapopular.info\/index.php\/wp-json\/wp\/v2\/posts"}],"about":[{"href":"https:\/\/folhapopular.info\/index.php\/wp-json\/wp\/v2\/types\/post"}],"author":[{"embeddable":true,"href":"https:\/\/folhapopular.info\/index.php\/wp-json\/wp\/v2\/users\/8"}],"replies":[{"embeddable":true,"href":"https:\/\/folhapopular.info\/index.php\/wp-json\/wp\/v2\/comments?post=177386"}],"version-history":[{"count":0,"href":"https:\/\/folhapopular.info\/index.php\/wp-json\/wp\/v2\/posts\/177386\/revisions"}],"wp:featuredmedia":[{"embeddable":true,"href":"https:\/\/folhapopular.info\/index.php\/wp-json\/wp\/v2\/media\/177387"}],"wp:attachment":[{"href":"https:\/\/folhapopular.info\/index.php\/wp-json\/wp\/v2\/media?parent=177386"}],"wp:term":[{"taxonomy":"category","embeddable":true,"href":"https:\/\/folhapopular.info\/index.php\/wp-json\/wp\/v2\/categories?post=177386"},{"taxonomy":"post_tag","embeddable":true,"href":"https:\/\/folhapopular.info\/index.php\/wp-json\/wp\/v2\/tags?post=177386"}],"curies":[{"name":"wp","href":"https:\/\/api.w.org\/{rel}","templated":true}]}}