{"id":177422,"date":"2024-12-27T16:20:52","date_gmt":"2024-12-27T19:20:52","guid":{"rendered":"https:\/\/folhapopular.info\/?p=177422"},"modified":"2024-12-27T16:20:59","modified_gmt":"2024-12-27T19:20:59","slug":"reuniao-e-vistoria-fazem-projeto-habitacional-para-familias-atingidas-pela-enchente-avancar-em-colinas","status":"publish","type":"post","link":"https:\/\/folhapopular.info\/index.php\/2024\/12\/27\/reuniao-e-vistoria-fazem-projeto-habitacional-para-familias-atingidas-pela-enchente-avancar-em-colinas\/","title":{"rendered":"Reuni\u00e3o e vistoria fazem projeto habitacional para fam\u00edlias atingidas pela enchente avan\u00e7ar em Colinas"},"content":{"rendered":"\n<p>Na manh\u00e3 desta quinta-feira (26\/12), representantes da Caixa Econ\u00f4mica Federal realizaram uma vistoria nos terrenos do loteamento municipal P\u00f4r do Sol, onde ser\u00e3o constru\u00eddas as primeiras 17 casas destinadas \u00e0s fam\u00edlias atingidas pelas enchentes de setembro em Colinas.<\/p>\n\n\n\n<p>A vistoria ocorreu poucos dias ap\u00f3s uma reuni\u00e3o no gabinete do prefeito, Sandro Ranieri Herrmann, que definiu os pr\u00f3ximos passos do projeto habitacional. O encontro contou com a participa\u00e7\u00e3o da empresa ARTEM Engenharia e Constru\u00e7\u00f5es, respons\u00e1vel pela obra; do coordenador da Defesa Civil, Lucas Horn; da secret\u00e1ria de Sa\u00fade e Desenvolvimento Social, Angelita Herrmann; da secret\u00e1ria da Administra\u00e7\u00e3o, Raquel Klein Diehl; e foi assistido pelos representantes da pr\u00f3xima gest\u00e3o municipal, Felipe Pocebon e Jonas Fritsch. Durante o encontro, foram alinhados os ajustes necess\u00e1rios nos projetos, que seguem os pr\u00e9-requisitos estabelecidos pela Caixa Econ\u00f4mica Federal.<\/p>\n\n\n\n<p>As primeiras 17 casas ser\u00e3o destinadas a fam\u00edlias atingidas na cheia de setembro, que tiveram suas resid\u00eancias avaliadas como destru\u00eddas ou que necessitam de grandes reformas para serem reocupadas, e com renda mensal de at\u00e9 R$ 4.400. O an\u00fancio dos beneficiados ser\u00e1 feito em breve, ap\u00f3s a finaliza\u00e7\u00e3o da an\u00e1lise de documenta\u00e7\u00e3o e do enquadramento nos crit\u00e9rios estabelecidos.<\/p>\n\n\n\n<p>Este lote inicial faz parte de um projeto maior, que prev\u00ea a entrega de 55 unidades habitacionais destinadas \u00e0s fam\u00edlias afetadas pelas cheias de setembro de 2023 e maio de 2024.<\/p>\n\n\n\n<p>A empresa respons\u00e1vel pela obra pretende concluir as 17 primeiras unidades at\u00e9 o final de abril de 2025.<\/p>\n","protected":false},"excerpt":{"rendered":"<p>Na manh\u00e3 desta quinta-feira (26\/12), representantes da Caixa Econ\u00f4mica Federal realizaram uma vistoria nos terrenos do loteamento municipal P\u00f4r do Sol, onde ser\u00e3o constru\u00eddas as primeiras 17 casas destinadas \u00e0s fam\u00edlias atingidas pelas enchentes de setembro em Colinas. A vistoria ocorreu poucos dias ap\u00f3s uma reuni\u00e3o no gabinete do prefeito, Sandro Ranieri Herrmann, que definiu [&hellip;]<\/p>\n","protected":false},"author":8,"featured_media":177423,"comment_status":"open","ping_status":"open","sticky":false,"template":"","format":"standard","meta":{"pmpro_default_level":"","_jetpack_memberships_contains_paid_content":false,"footnotes":""},"categories":[2,3],"tags":[183,17440,1313,17439],"class_list":{"0":"post-177422","1":"post","2":"type-post","3":"status-publish","4":"format-standard","5":"has-post-thumbnail","7":"category-featured","8":"category-geral","9":"tag-colinas","10":"tag-familias-atingidas-por-cheias","11":"tag-projeto-habitacional","12":"tag-reuniao-e-vistoria","13":"pmpro-has-access"},"yoast_head":"<!-- This site is optimized with the Yoast SEO plugin v27.5 - https:\/\/yoast.com\/product\/yoast-seo-wordpress\/ -->\n<title>Reuni\u00e3o e vistoria fazem projeto habitacional para fam\u00edlias atingidas pela enchente avan\u00e7ar em Colinas - Folha Popular<\/title>\n<meta name=\"robots\" content=\"index, follow, max-snippet:-1, max-image-preview:large, max-video-preview:-1\" \/>\n<link rel=\"canonical\" href=\"https:\/\/folhapopular.info\/index.php\/2024\/12\/27\/reuniao-e-vistoria-fazem-projeto-habitacional-para-familias-atingidas-pela-enchente-avancar-em-colinas\/\" \/>\n<meta property=\"og:locale\" content=\"pt_BR\" \/>\n<meta property=\"og:type\" content=\"article\" \/>\n<meta property=\"og:title\" content=\"Reuni\u00e3o e vistoria fazem projeto habitacional para fam\u00edlias atingidas pela enchente avan\u00e7ar em Colinas - Folha Popular\" \/>\n<meta property=\"og:description\" content=\"Na manh\u00e3 desta quinta-feira (26\/12), representantes da Caixa Econ\u00f4mica Federal realizaram uma vistoria nos terrenos do loteamento municipal P\u00f4r do Sol, onde ser\u00e3o constru\u00eddas as primeiras 17 casas destinadas \u00e0s fam\u00edlias atingidas pelas enchentes de setembro em Colinas. A vistoria ocorreu poucos dias ap\u00f3s uma reuni\u00e3o no gabinete do prefeito, Sandro Ranieri Herrmann, que definiu [&hellip;]\" \/>\n<meta property=\"og:url\" content=\"https:\/\/folhapopular.info\/index.php\/2024\/12\/27\/reuniao-e-vistoria-fazem-projeto-habitacional-para-familias-atingidas-pela-enchente-avancar-em-colinas\/\" \/>\n<meta property=\"og:site_name\" content=\"Folha Popular\" \/>\n<meta property=\"article:published_time\" content=\"2024-12-27T19:20:52+00:00\" \/>\n<meta property=\"article:modified_time\" content=\"2024-12-27T19:20:59+00:00\" \/>\n<meta property=\"og:image\" content=\"http:\/\/folhapopular.info\/wp-content\/uploads\/2024\/12\/471840659_920560260259476_3230671126309333244_n-e1735327021425.jpg\" \/>\n\t<meta property=\"og:image:width\" content=\"1043\" \/>\n\t<meta property=\"og:image:height\" content=\"524\" \/>\n\t<meta property=\"og:image:type\" content=\"image\/jpeg\" \/>\n<meta name=\"author\" content=\"Reda\u00e7\u00e3o Folha Popular\" \/>\n<meta name=\"twitter:card\" content=\"summary_large_image\" \/>\n<meta name=\"twitter:label1\" content=\"Escrito por\" \/>\n\t<meta name=\"twitter:data1\" content=\"Reda\u00e7\u00e3o Folha Popular\" \/>\n\t<meta name=\"twitter:label2\" content=\"Est. tempo de leitura\" \/>\n\t<meta name=\"twitter:data2\" content=\"2 minutos\" \/>\n<script type=\"application\/ld+json\" class=\"yoast-schema-graph\">{\"@context\":\"https:\\\/\\\/schema.org\",\"@graph\":[{\"@type\":\"Article\",\"@id\":\"https:\\\/\\\/folhapopular.info\\\/index.php\\\/2024\\\/12\\\/27\\\/reuniao-e-vistoria-fazem-projeto-habitacional-para-familias-atingidas-pela-enchente-avancar-em-colinas\\\/#article\",\"isPartOf\":{\"@id\":\"https:\\\/\\\/folhapopular.info\\\/index.php\\\/2024\\\/12\\\/27\\\/reuniao-e-vistoria-fazem-projeto-habitacional-para-familias-atingidas-pela-enchente-avancar-em-colinas\\\/\"},\"author\":{\"name\":\"Reda\u00e7\u00e3o Folha Popular\",\"@id\":\"https:\\\/\\\/folhapopular.info\\\/#\\\/schema\\\/person\\\/2814e8a0df7643585a9ca38bc6eb9d4b\"},\"headline\":\"Reuni\u00e3o e vistoria fazem projeto habitacional para fam\u00edlias atingidas pela enchente avan\u00e7ar em Colinas\",\"datePublished\":\"2024-12-27T19:20:52+00:00\",\"dateModified\":\"2024-12-27T19:20:59+00:00\",\"mainEntityOfPage\":{\"@id\":\"https:\\\/\\\/folhapopular.info\\\/index.php\\\/2024\\\/12\\\/27\\\/reuniao-e-vistoria-fazem-projeto-habitacional-para-familias-atingidas-pela-enchente-avancar-em-colinas\\\/\"},\"wordCount\":279,\"commentCount\":0,\"image\":{\"@id\":\"https:\\\/\\\/folhapopular.info\\\/index.php\\\/2024\\\/12\\\/27\\\/reuniao-e-vistoria-fazem-projeto-habitacional-para-familias-atingidas-pela-enchente-avancar-em-colinas\\\/#primaryimage\"},\"thumbnailUrl\":\"https:\\\/\\\/folhapopular.info\\\/wp-content\\\/uploads\\\/2024\\\/12\\\/471840659_920560260259476_3230671126309333244_n-e1735327021425.jpg\",\"keywords\":[\"Colinas\",\"Fam\u00edlias atingidas por cheias\",\"Projeto Habitacional\",\"Reuni\u00e3o e vistoria\"],\"articleSection\":[\"Destaques\",\"Geral\"],\"inLanguage\":\"pt-BR\",\"potentialAction\":[{\"@type\":\"CommentAction\",\"name\":\"Comment\",\"target\":[\"https:\\\/\\\/folhapopular.info\\\/index.php\\\/2024\\\/12\\\/27\\\/reuniao-e-vistoria-fazem-projeto-habitacional-para-familias-atingidas-pela-enchente-avancar-em-colinas\\\/#respond\"]}]},{\"@type\":\"WebPage\",\"@id\":\"https:\\\/\\\/folhapopular.info\\\/index.php\\\/2024\\\/12\\\/27\\\/reuniao-e-vistoria-fazem-projeto-habitacional-para-familias-atingidas-pela-enchente-avancar-em-colinas\\\/\",\"url\":\"https:\\\/\\\/folhapopular.info\\\/index.php\\\/2024\\\/12\\\/27\\\/reuniao-e-vistoria-fazem-projeto-habitacional-para-familias-atingidas-pela-enchente-avancar-em-colinas\\\/\",\"name\":\"Reuni\u00e3o e vistoria fazem projeto habitacional para fam\u00edlias atingidas pela enchente avan\u00e7ar em Colinas - Folha Popular\",\"isPartOf\":{\"@id\":\"https:\\\/\\\/folhapopular.info\\\/#website\"},\"primaryImageOfPage\":{\"@id\":\"https:\\\/\\\/folhapopular.info\\\/index.php\\\/2024\\\/12\\\/27\\\/reuniao-e-vistoria-fazem-projeto-habitacional-para-familias-atingidas-pela-enchente-avancar-em-colinas\\\/#primaryimage\"},\"image\":{\"@id\":\"https:\\\/\\\/folhapopular.info\\\/index.php\\\/2024\\\/12\\\/27\\\/reuniao-e-vistoria-fazem-projeto-habitacional-para-familias-atingidas-pela-enchente-avancar-em-colinas\\\/#primaryimage\"},\"thumbnailUrl\":\"https:\\\/\\\/folhapopular.info\\\/wp-content\\\/uploads\\\/2024\\\/12\\\/471840659_920560260259476_3230671126309333244_n-e1735327021425.jpg\",\"datePublished\":\"2024-12-27T19:20:52+00:00\",\"dateModified\":\"2024-12-27T19:20:59+00:00\",\"author\":{\"@id\":\"https:\\\/\\\/folhapopular.info\\\/#\\\/schema\\\/person\\\/2814e8a0df7643585a9ca38bc6eb9d4b\"},\"breadcrumb\":{\"@id\":\"https:\\\/\\\/folhapopular.info\\\/index.php\\\/2024\\\/12\\\/27\\\/reuniao-e-vistoria-fazem-projeto-habitacional-para-familias-atingidas-pela-enchente-avancar-em-colinas\\\/#breadcrumb\"},\"inLanguage\":\"pt-BR\",\"potentialAction\":[{\"@type\":\"ReadAction\",\"target\":[\"https:\\\/\\\/folhapopular.info\\\/index.php\\\/2024\\\/12\\\/27\\\/reuniao-e-vistoria-fazem-projeto-habitacional-para-familias-atingidas-pela-enchente-avancar-em-colinas\\\/\"]}]},{\"@type\":\"ImageObject\",\"inLanguage\":\"pt-BR\",\"@id\":\"https:\\\/\\\/folhapopular.info\\\/index.php\\\/2024\\\/12\\\/27\\\/reuniao-e-vistoria-fazem-projeto-habitacional-para-familias-atingidas-pela-enchente-avancar-em-colinas\\\/#primaryimage\",\"url\":\"https:\\\/\\\/folhapopular.info\\\/wp-content\\\/uploads\\\/2024\\\/12\\\/471840659_920560260259476_3230671126309333244_n-e1735327021425.jpg\",\"contentUrl\":\"https:\\\/\\\/folhapopular.info\\\/wp-content\\\/uploads\\\/2024\\\/12\\\/471840659_920560260259476_3230671126309333244_n-e1735327021425.jpg\",\"width\":1043,\"height\":524,\"caption\":\"Cr\u00e9dito: Divulga\u00e7\u00e3o\"},{\"@type\":\"BreadcrumbList\",\"@id\":\"https:\\\/\\\/folhapopular.info\\\/index.php\\\/2024\\\/12\\\/27\\\/reuniao-e-vistoria-fazem-projeto-habitacional-para-familias-atingidas-pela-enchente-avancar-em-colinas\\\/#breadcrumb\",\"itemListElement\":[{\"@type\":\"ListItem\",\"position\":1,\"name\":\"In\u00edcio\",\"item\":\"https:\\\/\\\/folhapopular.info\\\/\"},{\"@type\":\"ListItem\",\"position\":2,\"name\":\"Reuni\u00e3o e vistoria fazem projeto habitacional para fam\u00edlias atingidas pela enchente avan\u00e7ar em Colinas\"}]},{\"@type\":\"WebSite\",\"@id\":\"https:\\\/\\\/folhapopular.info\\\/#website\",\"url\":\"https:\\\/\\\/folhapopular.info\\\/\",\"name\":\"Folha Popular\",\"description\":\"Onde voc\u00ea tem vez e voz\",\"potentialAction\":[{\"@type\":\"SearchAction\",\"target\":{\"@type\":\"EntryPoint\",\"urlTemplate\":\"https:\\\/\\\/folhapopular.info\\\/?s={search_term_string}\"},\"query-input\":{\"@type\":\"PropertyValueSpecification\",\"valueRequired\":true,\"valueName\":\"search_term_string\"}}],\"inLanguage\":\"pt-BR\"},{\"@type\":\"Person\",\"@id\":\"https:\\\/\\\/folhapopular.info\\\/#\\\/schema\\\/person\\\/2814e8a0df7643585a9ca38bc6eb9d4b\",\"name\":\"Reda\u00e7\u00e3o Folha Popular\",\"image\":{\"@type\":\"ImageObject\",\"inLanguage\":\"pt-BR\",\"@id\":\"https:\\\/\\\/folhapopular.info\\\/wp-content\\\/uploads\\\/2026\\\/04\\\/Folha-1.webp\",\"url\":\"https:\\\/\\\/folhapopular.info\\\/wp-content\\\/uploads\\\/2026\\\/04\\\/Folha-1.webp\",\"contentUrl\":\"https:\\\/\\\/folhapopular.info\\\/wp-content\\\/uploads\\\/2026\\\/04\\\/Folha-1.webp\",\"caption\":\"Reda\u00e7\u00e3o Folha Popular\"},\"url\":\"https:\\\/\\\/folhapopular.info\\\/index.php\\\/author\\\/redacao\\\/\"}]}<\/script>\n<!-- \/ Yoast SEO plugin. -->","yoast_head_json":{"title":"Reuni\u00e3o e vistoria fazem projeto habitacional para fam\u00edlias atingidas pela enchente avan\u00e7ar em Colinas - Folha Popular","robots":{"index":"index","follow":"follow","max-snippet":"max-snippet:-1","max-image-preview":"max-image-preview:large","max-video-preview":"max-video-preview:-1"},"canonical":"https:\/\/folhapopular.info\/index.php\/2024\/12\/27\/reuniao-e-vistoria-fazem-projeto-habitacional-para-familias-atingidas-pela-enchente-avancar-em-colinas\/","og_locale":"pt_BR","og_type":"article","og_title":"Reuni\u00e3o e vistoria fazem projeto habitacional para fam\u00edlias atingidas pela enchente avan\u00e7ar em Colinas - Folha Popular","og_description":"Na manh\u00e3 desta quinta-feira (26\/12), representantes da Caixa Econ\u00f4mica Federal realizaram uma vistoria nos terrenos do loteamento municipal P\u00f4r do Sol, onde ser\u00e3o constru\u00eddas as primeiras 17 casas destinadas \u00e0s fam\u00edlias atingidas pelas enchentes de setembro em Colinas. A vistoria ocorreu poucos dias ap\u00f3s uma reuni\u00e3o no gabinete do prefeito, Sandro Ranieri Herrmann, que definiu [&hellip;]","og_url":"https:\/\/folhapopular.info\/index.php\/2024\/12\/27\/reuniao-e-vistoria-fazem-projeto-habitacional-para-familias-atingidas-pela-enchente-avancar-em-colinas\/","og_site_name":"Folha Popular","article_published_time":"2024-12-27T19:20:52+00:00","article_modified_time":"2024-12-27T19:20:59+00:00","og_image":[{"width":1043,"height":524,"url":"http:\/\/folhapopular.info\/wp-content\/uploads\/2024\/12\/471840659_920560260259476_3230671126309333244_n-e1735327021425.jpg","type":"image\/jpeg"}],"author":"Reda\u00e7\u00e3o Folha Popular","twitter_card":"summary_large_image","twitter_misc":{"Escrito por":"Reda\u00e7\u00e3o Folha Popular","Est. tempo de leitura":"2 minutos"},"schema":{"@context":"https:\/\/schema.org","@graph":[{"@type":"Article","@id":"https:\/\/folhapopular.info\/index.php\/2024\/12\/27\/reuniao-e-vistoria-fazem-projeto-habitacional-para-familias-atingidas-pela-enchente-avancar-em-colinas\/#article","isPartOf":{"@id":"https:\/\/folhapopular.info\/index.php\/2024\/12\/27\/reuniao-e-vistoria-fazem-projeto-habitacional-para-familias-atingidas-pela-enchente-avancar-em-colinas\/"},"author":{"name":"Reda\u00e7\u00e3o Folha Popular","@id":"https:\/\/folhapopular.info\/#\/schema\/person\/2814e8a0df7643585a9ca38bc6eb9d4b"},"headline":"Reuni\u00e3o e vistoria fazem projeto habitacional para fam\u00edlias atingidas pela enchente avan\u00e7ar em Colinas","datePublished":"2024-12-27T19:20:52+00:00","dateModified":"2024-12-27T19:20:59+00:00","mainEntityOfPage":{"@id":"https:\/\/folhapopular.info\/index.php\/2024\/12\/27\/reuniao-e-vistoria-fazem-projeto-habitacional-para-familias-atingidas-pela-enchente-avancar-em-colinas\/"},"wordCount":279,"commentCount":0,"image":{"@id":"https:\/\/folhapopular.info\/index.php\/2024\/12\/27\/reuniao-e-vistoria-fazem-projeto-habitacional-para-familias-atingidas-pela-enchente-avancar-em-colinas\/#primaryimage"},"thumbnailUrl":"https:\/\/folhapopular.info\/wp-content\/uploads\/2024\/12\/471840659_920560260259476_3230671126309333244_n-e1735327021425.jpg","keywords":["Colinas","Fam\u00edlias atingidas por cheias","Projeto Habitacional","Reuni\u00e3o e vistoria"],"articleSection":["Destaques","Geral"],"inLanguage":"pt-BR","potentialAction":[{"@type":"CommentAction","name":"Comment","target":["https:\/\/folhapopular.info\/index.php\/2024\/12\/27\/reuniao-e-vistoria-fazem-projeto-habitacional-para-familias-atingidas-pela-enchente-avancar-em-colinas\/#respond"]}]},{"@type":"WebPage","@id":"https:\/\/folhapopular.info\/index.php\/2024\/12\/27\/reuniao-e-vistoria-fazem-projeto-habitacional-para-familias-atingidas-pela-enchente-avancar-em-colinas\/","url":"https:\/\/folhapopular.info\/index.php\/2024\/12\/27\/reuniao-e-vistoria-fazem-projeto-habitacional-para-familias-atingidas-pela-enchente-avancar-em-colinas\/","name":"Reuni\u00e3o e vistoria fazem projeto habitacional para fam\u00edlias atingidas pela enchente avan\u00e7ar em Colinas - Folha Popular","isPartOf":{"@id":"https:\/\/folhapopular.info\/#website"},"primaryImageOfPage":{"@id":"https:\/\/folhapopular.info\/index.php\/2024\/12\/27\/reuniao-e-vistoria-fazem-projeto-habitacional-para-familias-atingidas-pela-enchente-avancar-em-colinas\/#primaryimage"},"image":{"@id":"https:\/\/folhapopular.info\/index.php\/2024\/12\/27\/reuniao-e-vistoria-fazem-projeto-habitacional-para-familias-atingidas-pela-enchente-avancar-em-colinas\/#primaryimage"},"thumbnailUrl":"https:\/\/folhapopular.info\/wp-content\/uploads\/2024\/12\/471840659_920560260259476_3230671126309333244_n-e1735327021425.jpg","datePublished":"2024-12-27T19:20:52+00:00","dateModified":"2024-12-27T19:20:59+00:00","author":{"@id":"https:\/\/folhapopular.info\/#\/schema\/person\/2814e8a0df7643585a9ca38bc6eb9d4b"},"breadcrumb":{"@id":"https:\/\/folhapopular.info\/index.php\/2024\/12\/27\/reuniao-e-vistoria-fazem-projeto-habitacional-para-familias-atingidas-pela-enchente-avancar-em-colinas\/#breadcrumb"},"inLanguage":"pt-BR","potentialAction":[{"@type":"ReadAction","target":["https:\/\/folhapopular.info\/index.php\/2024\/12\/27\/reuniao-e-vistoria-fazem-projeto-habitacional-para-familias-atingidas-pela-enchente-avancar-em-colinas\/"]}]},{"@type":"ImageObject","inLanguage":"pt-BR","@id":"https:\/\/folhapopular.info\/index.php\/2024\/12\/27\/reuniao-e-vistoria-fazem-projeto-habitacional-para-familias-atingidas-pela-enchente-avancar-em-colinas\/#primaryimage","url":"https:\/\/folhapopular.info\/wp-content\/uploads\/2024\/12\/471840659_920560260259476_3230671126309333244_n-e1735327021425.jpg","contentUrl":"https:\/\/folhapopular.info\/wp-content\/uploads\/2024\/12\/471840659_920560260259476_3230671126309333244_n-e1735327021425.jpg","width":1043,"height":524,"caption":"Cr\u00e9dito: Divulga\u00e7\u00e3o"},{"@type":"BreadcrumbList","@id":"https:\/\/folhapopular.info\/index.php\/2024\/12\/27\/reuniao-e-vistoria-fazem-projeto-habitacional-para-familias-atingidas-pela-enchente-avancar-em-colinas\/#breadcrumb","itemListElement":[{"@type":"ListItem","position":1,"name":"In\u00edcio","item":"https:\/\/folhapopular.info\/"},{"@type":"ListItem","position":2,"name":"Reuni\u00e3o e vistoria fazem projeto habitacional para fam\u00edlias atingidas pela enchente avan\u00e7ar em Colinas"}]},{"@type":"WebSite","@id":"https:\/\/folhapopular.info\/#website","url":"https:\/\/folhapopular.info\/","name":"Folha Popular","description":"Onde voc\u00ea tem vez e voz","potentialAction":[{"@type":"SearchAction","target":{"@type":"EntryPoint","urlTemplate":"https:\/\/folhapopular.info\/?s={search_term_string}"},"query-input":{"@type":"PropertyValueSpecification","valueRequired":true,"valueName":"search_term_string"}}],"inLanguage":"pt-BR"},{"@type":"Person","@id":"https:\/\/folhapopular.info\/#\/schema\/person\/2814e8a0df7643585a9ca38bc6eb9d4b","name":"Reda\u00e7\u00e3o Folha Popular","image":{"@type":"ImageObject","inLanguage":"pt-BR","@id":"https:\/\/folhapopular.info\/wp-content\/uploads\/2026\/04\/Folha-1.webp","url":"https:\/\/folhapopular.info\/wp-content\/uploads\/2026\/04\/Folha-1.webp","contentUrl":"https:\/\/folhapopular.info\/wp-content\/uploads\/2026\/04\/Folha-1.webp","caption":"Reda\u00e7\u00e3o Folha Popular"},"url":"https:\/\/folhapopular.info\/index.php\/author\/redacao\/"}]}},"jetpack_featured_media_url":"https:\/\/folhapopular.info\/wp-content\/uploads\/2024\/12\/471840659_920560260259476_3230671126309333244_n-e1735327021425.jpg","jetpack_sharing_enabled":true,"amp_enabled":true,"_links":{"self":[{"href":"https:\/\/folhapopular.info\/index.php\/wp-json\/wp\/v2\/posts\/177422","targetHints":{"allow":["GET"]}}],"collection":[{"href":"https:\/\/folhapopular.info\/index.php\/wp-json\/wp\/v2\/posts"}],"about":[{"href":"https:\/\/folhapopular.info\/index.php\/wp-json\/wp\/v2\/types\/post"}],"author":[{"embeddable":true,"href":"https:\/\/folhapopular.info\/index.php\/wp-json\/wp\/v2\/users\/8"}],"replies":[{"embeddable":true,"href":"https:\/\/folhapopular.info\/index.php\/wp-json\/wp\/v2\/comments?post=177422"}],"version-history":[{"count":0,"href":"https:\/\/folhapopular.info\/index.php\/wp-json\/wp\/v2\/posts\/177422\/revisions"}],"wp:featuredmedia":[{"embeddable":true,"href":"https:\/\/folhapopular.info\/index.php\/wp-json\/wp\/v2\/media\/177423"}],"wp:attachment":[{"href":"https:\/\/folhapopular.info\/index.php\/wp-json\/wp\/v2\/media?parent=177422"}],"wp:term":[{"taxonomy":"category","embeddable":true,"href":"https:\/\/folhapopular.info\/index.php\/wp-json\/wp\/v2\/categories?post=177422"},{"taxonomy":"post_tag","embeddable":true,"href":"https:\/\/folhapopular.info\/index.php\/wp-json\/wp\/v2\/tags?post=177422"}],"curies":[{"name":"wp","href":"https:\/\/api.w.org\/{rel}","templated":true}]}}