{"id":177713,"date":"2025-01-01T11:54:06","date_gmt":"2025-01-01T14:54:06","guid":{"rendered":"https:\/\/folhapopular.info\/?p=177713"},"modified":"2025-01-01T14:07:40","modified_gmt":"2025-01-01T17:07:40","slug":"jones-wunsch-e-empossado-prefeito-de-roca-sales","status":"publish","type":"post","link":"https:\/\/folhapopular.info\/index.php\/2025\/01\/01\/jones-wunsch-e-empossado-prefeito-de-roca-sales\/","title":{"rendered":"Jones W\u00fcnsch \u00e9 empossado prefeito de Roca Sales"},"content":{"rendered":"\n<p>Na manh\u00e3 desta quarta-feira (1\u00ba\/1), foi realizada a cerim\u00f4nia de posse do prefeito Jones W\u00fcnsch, conhecido como Mazinho (PP), do vice-prefeito Henrique Pivatto (PSDB) e dos vereadores eleitos no munic\u00edpio de Roca Sales. O evento aconteceu no Clube Recreativo Roca-salense, em Roca Sales.<\/p>\n\n\n\n<p>Inicialmente, o vereador mais votado, No\u00e9 Lu\u00eds Schaffer (MDB), conduziu a cerim\u00f4nia e chamou todos os empossados para compor a mesa principal. Na ocasi\u00e3o, ele presidiu a mesa diretora, enquanto Cleber Scotta (PP) assumiu como vice-presidente e Luan Ludwig (MDB) como secret\u00e1rio.<\/p>\n\n\n\n<figure class=\"wp-block-image size-large\"><img loading=\"lazy\" decoding=\"async\" width=\"1024\" height=\"768\" src=\"https:\/\/folhapopular.info\/wp-content\/uploads\/2025\/01\/WhatsApp-Image-2025-01-01-at-10.06.23-1024x768.jpeg\" alt=\"\" class=\"wp-image-177721\" srcset=\"https:\/\/folhapopular.info\/wp-content\/uploads\/2025\/01\/WhatsApp-Image-2025-01-01-at-10.06.23-1024x768.jpeg 1024w, https:\/\/folhapopular.info\/wp-content\/uploads\/2025\/01\/WhatsApp-Image-2025-01-01-at-10.06.23-300x225.jpeg 300w, https:\/\/folhapopular.info\/wp-content\/uploads\/2025\/01\/WhatsApp-Image-2025-01-01-at-10.06.23-768x576.jpeg 768w, https:\/\/folhapopular.info\/wp-content\/uploads\/2025\/01\/WhatsApp-Image-2025-01-01-at-10.06.23-1536x1152.jpeg 1536w, https:\/\/folhapopular.info\/wp-content\/uploads\/2025\/01\/WhatsApp-Image-2025-01-01-at-10.06.23-2048x1536.jpeg 2048w, https:\/\/folhapopular.info\/wp-content\/uploads\/2025\/01\/WhatsApp-Image-2025-01-01-at-10.06.23-560x420.jpeg 560w, https:\/\/folhapopular.info\/wp-content\/uploads\/2025\/01\/WhatsApp-Image-2025-01-01-at-10.06.23-80x60.jpeg 80w, https:\/\/folhapopular.info\/wp-content\/uploads\/2025\/01\/WhatsApp-Image-2025-01-01-at-10.06.23-696x522.jpeg 696w, https:\/\/folhapopular.info\/wp-content\/uploads\/2025\/01\/WhatsApp-Image-2025-01-01-at-10.06.23-1068x801.jpeg 1068w, https:\/\/folhapopular.info\/wp-content\/uploads\/2025\/01\/WhatsApp-Image-2025-01-01-at-10.06.23-1920x1440.jpeg 1920w\" sizes=\"auto, (max-width: 1024px) 100vw, 1024px\" \/><figcaption class=\"wp-element-caption\">Os eleitos foram empossados nesta quarta-feira (1\u00ba\/1)<br>Cr\u00e9dito: Luis Augusto Huppes<\/figcaption><\/figure>\n\n\n\n<p><strong>Vereadores empossados:<\/strong><\/p>\n\n\n\n<ul class=\"wp-block-list\">\n<li>No\u00e9 Lu\u00eds Schaffer (MDB)<\/li>\n\n\n\n<li>Gisele Freisleben (PP)<\/li>\n\n\n\n<li>Luan Ludwig (MDB)<\/li>\n\n\n\n<li>Cleber Kebi (PP)<\/li>\n\n\n\n<li>Tain\u00e1 Zanchetti (PSDB)<\/li>\n\n\n\n<li>Cristiano Sch\u00e4fer (Podemos)<\/li>\n\n\n\n<li>Kako (MDB)<\/li>\n\n\n\n<li>Ismael Cagol (PP)<\/li>\n\n\n\n<li>Paulo Koste (PSDB)<\/li>\n<\/ul>\n\n\n\n<p>A vota\u00e7\u00e3o da primeira mesa diretora da legislatura definiu:<\/p>\n\n\n\n<p><strong>Presidente:<\/strong> Paulo Koste (7 votos a 2, com votos restantes para Luan Ludwig e No\u00e9 Lu\u00eds Schaffer).<\/p>\n\n\n\n<p><strong>Vice-presidente:<\/strong> Gisele Freisleben (7 votos, com 2 votos para Luan Ludwig).<\/p>\n\n\n\n<p><strong>Secret\u00e1rio:<\/strong> No\u00e9 Lu\u00eds Schaffer (eleito por unanimidade).<\/p>\n\n\n\n<p>Paulo agradeceu pela oportunidade e ressaltou os desafios a partir de 2025. &#8220;Estaremos em harmonia com o poder Executivo, onde o nosso objetivo \u00e9 atender as pessoas e recuperar Roca Sales. Da forma mais r\u00e1pida para que n\u00e3o demore mais ainda. Temos o processo de reconstru\u00e7\u00e3o para atingir os objetivos da nossa querida Roca Sales, que foi duramente atingida. Tamb\u00e9m queremos fazer com que as pessoas voltem a sentir orgulho de dizer que s\u00e3o rocasalenses&#8221;, almejou.<\/p>\n\n\n\n<p>Tamb\u00e9m, Koste afirma que ainda n\u00e3o tem assuntos definidos com o Legislativo, por\u00e9m, as pautas devem surgir com o passar dos dias. &#8220;Vamos sugerir por onde come\u00e7ar e para que possamos apresentar caminhos para iniciarmos a reconstru\u00e7\u00e3o de Roca Sales&#8221;, concluiu.<\/p>\n\n\n\n<figure class=\"wp-block-image size-large\"><img decoding=\"async\" src=\"https:\/\/folhapopular.info\/wp-content\/uploads\/2025\/01\/WhatsApp-Image-2025-01-01-at-10.45.11-1024x768.jpeg\" alt=\"\" class=\"wp-image-177736\"\/><figcaption class=\"wp-element-caption\">Paulo Koste (PSDB) assume a presid\u00eancia da C\u00e2mara dos Vereadores, como fez em seu mandato anterior<br>Cr\u00e9dito: Luis Augusto Huppes<\/figcaption><\/figure>\n\n\n\n<p><strong>Comiss\u00e3o representativa:<\/strong> Tain\u00e1 Zanchetti, Luan Ludwig, Gisele Freisleben, No\u00e9 Lu\u00eds Schaffer e Paulo Koste.<\/p>\n\n\n\n<p>Mazinho destacou a import\u00e2ncia do momento para Roca Sales e para sua trajet\u00f3ria de vida, convidando todos a colaborarem com a reconstru\u00e7\u00e3o do munic\u00edpio. &#8220;Este evento me traz um compromisso muito grande de iniciar a reconstru\u00e7\u00e3o da cidade, do interior e de todos os setores. Queremos pedir o apoio de todos que puderem colaborar com Roca Sales nesse processo, que ser\u00e1 lento e complexo, mas necess\u00e1rio para seguir em frente&#8221;, afirmou. O prefeito tamb\u00e9m ressaltou a esperan\u00e7a em fazer Roca Sales voltar a prosperar.<\/p>\n\n\n\n<p>Jones W\u00fcnsch informou que, inicialmente, dar\u00e1 aten\u00e7\u00e3o especial ao interior do munic\u00edpio, ao com\u00e9rcio e \u00e0 ind\u00fastria. &#8220;Com todas essas trag\u00e9dias, prevemos uma queda brusca na arrecada\u00e7\u00e3o, considerando que os agricultores n\u00e3o puderam produzir devido \u00e0 falta de acesso e estradas. O com\u00e9rcio parou, e a ind\u00fastria tamb\u00e9m ficou paralisada por momentos. Vamos atuar em v\u00e1rias frentes, mas queremos come\u00e7ar o processo de reconstru\u00e7\u00e3o com as habita\u00e7\u00f5es. Temos f\u00e9 de que conseguiremos recuperar a cidade&#8221;, destacou.<\/p>\n\n\n\n<p>Ele encerrou com um apelo \u00e0 popula\u00e7\u00e3o: &#8220;N\u00e3o percamos a f\u00e9 e a esperan\u00e7a. Vamos agilizar para que Roca Sales inicie o processo de recome\u00e7o. Precisamos continuar acreditando que nossa cidade vai voltar a sorrir e brilhar. Vamos trazer Roca Sales de volta ao cen\u00e1rio regional, sempre com boas not\u00edcias e progresso. Temos um grande ano de 2025 pela frente, e vamos caminhar juntos&#8221;, concluiu.<\/p>\n\n\n\n<figure class=\"wp-block-image size-large\"><img loading=\"lazy\" decoding=\"async\" width=\"1024\" height=\"768\" src=\"https:\/\/folhapopular.info\/wp-content\/uploads\/2025\/01\/WhatsApp-Image-2025-01-01-at-11.06.19-1024x768.jpeg\" alt=\"\" class=\"wp-image-177741\" srcset=\"https:\/\/folhapopular.info\/wp-content\/uploads\/2025\/01\/WhatsApp-Image-2025-01-01-at-11.06.19-1024x768.jpeg 1024w, https:\/\/folhapopular.info\/wp-content\/uploads\/2025\/01\/WhatsApp-Image-2025-01-01-at-11.06.19-300x225.jpeg 300w, https:\/\/folhapopular.info\/wp-content\/uploads\/2025\/01\/WhatsApp-Image-2025-01-01-at-11.06.19-768x576.jpeg 768w, https:\/\/folhapopular.info\/wp-content\/uploads\/2025\/01\/WhatsApp-Image-2025-01-01-at-11.06.19-1536x1152.jpeg 1536w, https:\/\/folhapopular.info\/wp-content\/uploads\/2025\/01\/WhatsApp-Image-2025-01-01-at-11.06.19-2048x1536.jpeg 2048w, https:\/\/folhapopular.info\/wp-content\/uploads\/2025\/01\/WhatsApp-Image-2025-01-01-at-11.06.19-560x420.jpeg 560w, https:\/\/folhapopular.info\/wp-content\/uploads\/2025\/01\/WhatsApp-Image-2025-01-01-at-11.06.19-80x60.jpeg 80w, https:\/\/folhapopular.info\/wp-content\/uploads\/2025\/01\/WhatsApp-Image-2025-01-01-at-11.06.19-696x522.jpeg 696w, https:\/\/folhapopular.info\/wp-content\/uploads\/2025\/01\/WhatsApp-Image-2025-01-01-at-11.06.19-1068x801.jpeg 1068w, https:\/\/folhapopular.info\/wp-content\/uploads\/2025\/01\/WhatsApp-Image-2025-01-01-at-11.06.19-1920x1440.jpeg 1920w\" sizes=\"auto, (max-width: 1024px) 100vw, 1024px\" \/><figcaption class=\"wp-element-caption\">Mazinho assume a Administra\u00e7\u00e3o Municipal pela primeira vez<br>Cr\u00e9dito: Luis Augusto Huppes<\/figcaption><\/figure>\n\n\n\n<p>O ex-prefeito, Amilton Fontana, avaliou seu mandato com orgulho e com o sentimento de dever cumprido. &#8220;A sensa\u00e7\u00e3o \u00e9 de miss\u00e3o cumprida. Foram oito anos no governo, com muitos desafios. Passamos por trag\u00e9dias no Vale do Taquari e outros acontecimentos. Apesar das dificuldades, entregamos o munic\u00edpio em boa situa\u00e7\u00e3o financeira e com recursos em caixa&#8221;, afirmou.<\/p>\n\n\n\n<p>Fontana tamb\u00e9m mencionou a situa\u00e7\u00e3o das 525 casas e os desafios relacionados \u00e0s cheias de setembro de 2023 e maio de 2024. &#8220;Tudo est\u00e1 encaminhado para facilitar o trabalho do pr\u00f3ximo gestor. Torcemos e acreditamos que ele conseguir\u00e1 dar continuidade a tudo para evitar preju\u00edzos \u00e0 nossa popula\u00e7\u00e3o&#8221;, enfatizou.<\/p>\n\n\n\n<p>O ex-prefeito concluiu que agora focar\u00e1 em sua empresa no ramo metal\u00fargico, mas continuar\u00e1 disposto a colaborar com o novo governo.<\/p>\n\n\n\n<figure class=\"wp-block-image size-large\"><img loading=\"lazy\" decoding=\"async\" width=\"1024\" height=\"768\" src=\"https:\/\/folhapopular.info\/wp-content\/uploads\/2025\/01\/WhatsApp-Image-2025-01-01-at-11.01.31-1024x768.jpeg\" alt=\"\" class=\"wp-image-177737\" srcset=\"https:\/\/folhapopular.info\/wp-content\/uploads\/2025\/01\/WhatsApp-Image-2025-01-01-at-11.01.31-1024x768.jpeg 1024w, https:\/\/folhapopular.info\/wp-content\/uploads\/2025\/01\/WhatsApp-Image-2025-01-01-at-11.01.31-300x225.jpeg 300w, https:\/\/folhapopular.info\/wp-content\/uploads\/2025\/01\/WhatsApp-Image-2025-01-01-at-11.01.31-768x576.jpeg 768w, https:\/\/folhapopular.info\/wp-content\/uploads\/2025\/01\/WhatsApp-Image-2025-01-01-at-11.01.31-1536x1152.jpeg 1536w, https:\/\/folhapopular.info\/wp-content\/uploads\/2025\/01\/WhatsApp-Image-2025-01-01-at-11.01.31-2048x1536.jpeg 2048w, https:\/\/folhapopular.info\/wp-content\/uploads\/2025\/01\/WhatsApp-Image-2025-01-01-at-11.01.31-560x420.jpeg 560w, https:\/\/folhapopular.info\/wp-content\/uploads\/2025\/01\/WhatsApp-Image-2025-01-01-at-11.01.31-80x60.jpeg 80w, https:\/\/folhapopular.info\/wp-content\/uploads\/2025\/01\/WhatsApp-Image-2025-01-01-at-11.01.31-696x522.jpeg 696w, https:\/\/folhapopular.info\/wp-content\/uploads\/2025\/01\/WhatsApp-Image-2025-01-01-at-11.01.31-1068x801.jpeg 1068w, https:\/\/folhapopular.info\/wp-content\/uploads\/2025\/01\/WhatsApp-Image-2025-01-01-at-11.01.31-1920x1440.jpeg 1920w\" sizes=\"auto, (max-width: 1024px) 100vw, 1024px\" \/><figcaption class=\"wp-element-caption\">Amilton Fontana enalteceu seu trabalho e afirmou deixar recursos e projetos para a reconstru\u00e7\u00e3o de Roca Sales encaminhados<br>Cr\u00e9dito: Luis Augusto Huppes<\/figcaption><\/figure>\n\n\n\n<figure class=\"wp-block-gallery has-nested-images columns-default is-cropped wp-block-gallery-1 is-layout-flex wp-block-gallery-is-layout-flex\">\n<figure class=\"wp-block-image size-large\"><img loading=\"lazy\" decoding=\"async\" width=\"1024\" height=\"768\" data-id=\"177733\" src=\"https:\/\/folhapopular.info\/wp-content\/uploads\/2025\/01\/WhatsApp-Image-2025-01-01-at-10.35.43-1024x768.jpeg\" alt=\"\" class=\"wp-image-177733\" srcset=\"https:\/\/folhapopular.info\/wp-content\/uploads\/2025\/01\/WhatsApp-Image-2025-01-01-at-10.35.43-1024x768.jpeg 1024w, https:\/\/folhapopular.info\/wp-content\/uploads\/2025\/01\/WhatsApp-Image-2025-01-01-at-10.35.43-300x225.jpeg 300w, https:\/\/folhapopular.info\/wp-content\/uploads\/2025\/01\/WhatsApp-Image-2025-01-01-at-10.35.43-768x576.jpeg 768w, https:\/\/folhapopular.info\/wp-content\/uploads\/2025\/01\/WhatsApp-Image-2025-01-01-at-10.35.43-1536x1152.jpeg 1536w, https:\/\/folhapopular.info\/wp-content\/uploads\/2025\/01\/WhatsApp-Image-2025-01-01-at-10.35.43-2048x1536.jpeg 2048w, https:\/\/folhapopular.info\/wp-content\/uploads\/2025\/01\/WhatsApp-Image-2025-01-01-at-10.35.43-560x420.jpeg 560w, https:\/\/folhapopular.info\/wp-content\/uploads\/2025\/01\/WhatsApp-Image-2025-01-01-at-10.35.43-80x60.jpeg 80w, https:\/\/folhapopular.info\/wp-content\/uploads\/2025\/01\/WhatsApp-Image-2025-01-01-at-10.35.43-696x522.jpeg 696w, https:\/\/folhapopular.info\/wp-content\/uploads\/2025\/01\/WhatsApp-Image-2025-01-01-at-10.35.43-1068x801.jpeg 1068w, https:\/\/folhapopular.info\/wp-content\/uploads\/2025\/01\/WhatsApp-Image-2025-01-01-at-10.35.43-1920x1440.jpeg 1920w\" sizes=\"auto, (max-width: 1024px) 100vw, 1024px\" \/><figcaption class=\"wp-element-caption\">Cerim\u00f4nia teve grande presen\u00e7a dos eleitores rocasalenses<br>Cr\u00e9dito: Luis Augusto Huppes<\/figcaption><\/figure>\n\n\n\n<figure class=\"wp-block-image size-large\"><img loading=\"lazy\" decoding=\"async\" width=\"1024\" height=\"768\" data-id=\"177761\" src=\"https:\/\/folhapopular.info\/wp-content\/uploads\/2025\/01\/WhatsApp-Image-2025-01-01-at-11.49.14-1024x768.jpeg\" alt=\"\" class=\"wp-image-177761\" srcset=\"https:\/\/folhapopular.info\/wp-content\/uploads\/2025\/01\/WhatsApp-Image-2025-01-01-at-11.49.14-1024x768.jpeg 1024w, https:\/\/folhapopular.info\/wp-content\/uploads\/2025\/01\/WhatsApp-Image-2025-01-01-at-11.49.14-300x225.jpeg 300w, https:\/\/folhapopular.info\/wp-content\/uploads\/2025\/01\/WhatsApp-Image-2025-01-01-at-11.49.14-768x576.jpeg 768w, https:\/\/folhapopular.info\/wp-content\/uploads\/2025\/01\/WhatsApp-Image-2025-01-01-at-11.49.14-1536x1152.jpeg 1536w, https:\/\/folhapopular.info\/wp-content\/uploads\/2025\/01\/WhatsApp-Image-2025-01-01-at-11.49.14-2048x1536.jpeg 2048w, https:\/\/folhapopular.info\/wp-content\/uploads\/2025\/01\/WhatsApp-Image-2025-01-01-at-11.49.14-560x420.jpeg 560w, https:\/\/folhapopular.info\/wp-content\/uploads\/2025\/01\/WhatsApp-Image-2025-01-01-at-11.49.14-80x60.jpeg 80w, https:\/\/folhapopular.info\/wp-content\/uploads\/2025\/01\/WhatsApp-Image-2025-01-01-at-11.49.14-696x522.jpeg 696w, https:\/\/folhapopular.info\/wp-content\/uploads\/2025\/01\/WhatsApp-Image-2025-01-01-at-11.49.14-1068x801.jpeg 1068w, https:\/\/folhapopular.info\/wp-content\/uploads\/2025\/01\/WhatsApp-Image-2025-01-01-at-11.49.14-1920x1440.jpeg 1920w\" sizes=\"auto, (max-width: 1024px) 100vw, 1024px\" \/><figcaption class=\"wp-element-caption\">Eleitos tiraram fotos com os presentes<br>Cr\u00e9dito: Luis Augusto Huppes<\/figcaption><\/figure>\n\n\n\n<figure class=\"wp-block-image size-large\"><img loading=\"lazy\" decoding=\"async\" width=\"1024\" height=\"768\" data-id=\"177762\" src=\"https:\/\/folhapopular.info\/wp-content\/uploads\/2025\/01\/WhatsApp-Image-2025-01-01-at-11.42.06-1024x768.jpeg\" alt=\"\" class=\"wp-image-177762\" srcset=\"https:\/\/folhapopular.info\/wp-content\/uploads\/2025\/01\/WhatsApp-Image-2025-01-01-at-11.42.06-1024x768.jpeg 1024w, https:\/\/folhapopular.info\/wp-content\/uploads\/2025\/01\/WhatsApp-Image-2025-01-01-at-11.42.06-300x225.jpeg 300w, https:\/\/folhapopular.info\/wp-content\/uploads\/2025\/01\/WhatsApp-Image-2025-01-01-at-11.42.06-768x576.jpeg 768w, https:\/\/folhapopular.info\/wp-content\/uploads\/2025\/01\/WhatsApp-Image-2025-01-01-at-11.42.06-1536x1152.jpeg 1536w, https:\/\/folhapopular.info\/wp-content\/uploads\/2025\/01\/WhatsApp-Image-2025-01-01-at-11.42.06-2048x1536.jpeg 2048w, https:\/\/folhapopular.info\/wp-content\/uploads\/2025\/01\/WhatsApp-Image-2025-01-01-at-11.42.06-560x420.jpeg 560w, https:\/\/folhapopular.info\/wp-content\/uploads\/2025\/01\/WhatsApp-Image-2025-01-01-at-11.42.06-80x60.jpeg 80w, https:\/\/folhapopular.info\/wp-content\/uploads\/2025\/01\/WhatsApp-Image-2025-01-01-at-11.42.06-696x522.jpeg 696w, https:\/\/folhapopular.info\/wp-content\/uploads\/2025\/01\/WhatsApp-Image-2025-01-01-at-11.42.06-1068x801.jpeg 1068w, https:\/\/folhapopular.info\/wp-content\/uploads\/2025\/01\/WhatsApp-Image-2025-01-01-at-11.42.06-1920x1440.jpeg 1920w\" sizes=\"auto, (max-width: 1024px) 100vw, 1024px\" \/><figcaption class=\"wp-element-caption\">Fontana passa a chave do munic\u00edpio para Mazinho<br>Cr\u00e9dito: Luis Augusto Huppes<\/figcaption><\/figure>\n\n\n\n<figure class=\"wp-block-image size-large\"><img loading=\"lazy\" decoding=\"async\" width=\"1024\" height=\"768\" data-id=\"177728\" src=\"https:\/\/folhapopular.info\/wp-content\/uploads\/2025\/01\/WhatsApp-Image-2025-01-01-at-10.27.37-1024x768.jpeg\" alt=\"\" class=\"wp-image-177728\" srcset=\"https:\/\/folhapopular.info\/wp-content\/uploads\/2025\/01\/WhatsApp-Image-2025-01-01-at-10.27.37-1024x768.jpeg 1024w, https:\/\/folhapopular.info\/wp-content\/uploads\/2025\/01\/WhatsApp-Image-2025-01-01-at-10.27.37-300x225.jpeg 300w, https:\/\/folhapopular.info\/wp-content\/uploads\/2025\/01\/WhatsApp-Image-2025-01-01-at-10.27.37-768x576.jpeg 768w, https:\/\/folhapopular.info\/wp-content\/uploads\/2025\/01\/WhatsApp-Image-2025-01-01-at-10.27.37-1536x1152.jpeg 1536w, https:\/\/folhapopular.info\/wp-content\/uploads\/2025\/01\/WhatsApp-Image-2025-01-01-at-10.27.37-2048x1536.jpeg 2048w, https:\/\/folhapopular.info\/wp-content\/uploads\/2025\/01\/WhatsApp-Image-2025-01-01-at-10.27.37-560x420.jpeg 560w, https:\/\/folhapopular.info\/wp-content\/uploads\/2025\/01\/WhatsApp-Image-2025-01-01-at-10.27.37-80x60.jpeg 80w, https:\/\/folhapopular.info\/wp-content\/uploads\/2025\/01\/WhatsApp-Image-2025-01-01-at-10.27.37-696x522.jpeg 696w, https:\/\/folhapopular.info\/wp-content\/uploads\/2025\/01\/WhatsApp-Image-2025-01-01-at-10.27.37-1068x801.jpeg 1068w, https:\/\/folhapopular.info\/wp-content\/uploads\/2025\/01\/WhatsApp-Image-2025-01-01-at-10.27.37-1920x1440.jpeg 1920w\" sizes=\"auto, (max-width: 1024px) 100vw, 1024px\" \/><figcaption class=\"wp-element-caption\">Momento ocorreu no Clube Recreativo Rocasalense<br><br>Cr\u00e9dito: Luis Augusto Huppes<\/figcaption><\/figure>\n\n\n\n<figure class=\"wp-block-image size-large\"><img loading=\"lazy\" decoding=\"async\" width=\"768\" height=\"1024\" data-id=\"177738\" src=\"https:\/\/folhapopular.info\/wp-content\/uploads\/2025\/01\/WhatsApp-Image-2025-01-01-at-10.54.58-768x1024.jpeg\" alt=\"\" class=\"wp-image-177738\" srcset=\"https:\/\/folhapopular.info\/wp-content\/uploads\/2025\/01\/WhatsApp-Image-2025-01-01-at-10.54.58-768x1024.jpeg 768w, https:\/\/folhapopular.info\/wp-content\/uploads\/2025\/01\/WhatsApp-Image-2025-01-01-at-10.54.58-225x300.jpeg 225w, https:\/\/folhapopular.info\/wp-content\/uploads\/2025\/01\/WhatsApp-Image-2025-01-01-at-10.54.58-1152x1536.jpeg 1152w, https:\/\/folhapopular.info\/wp-content\/uploads\/2025\/01\/WhatsApp-Image-2025-01-01-at-10.54.58-1536x2048.jpeg 1536w, https:\/\/folhapopular.info\/wp-content\/uploads\/2025\/01\/WhatsApp-Image-2025-01-01-at-10.54.58-315x420.jpeg 315w, https:\/\/folhapopular.info\/wp-content\/uploads\/2025\/01\/WhatsApp-Image-2025-01-01-at-10.54.58-696x928.jpeg 696w, https:\/\/folhapopular.info\/wp-content\/uploads\/2025\/01\/WhatsApp-Image-2025-01-01-at-10.54.58-1068x1424.jpeg 1068w, https:\/\/folhapopular.info\/wp-content\/uploads\/2025\/01\/WhatsApp-Image-2025-01-01-at-10.54.58-scaled.jpeg 1920w\" sizes=\"auto, (max-width: 768px) 100vw, 768px\" \/><figcaption class=\"wp-element-caption\">Henrique Pivatto assinou o termo de posse<br><br>Cr\u00e9dito: Luis Augusto Huppes<\/figcaption><\/figure>\n\n\n\n<figure class=\"wp-block-image size-large\"><img loading=\"lazy\" decoding=\"async\" width=\"768\" height=\"1024\" data-id=\"177740\" src=\"https:\/\/folhapopular.info\/wp-content\/uploads\/2025\/01\/WhatsApp-Image-2025-01-01-at-10.53.49-2-768x1024.jpeg\" alt=\"\" class=\"wp-image-177740\" srcset=\"https:\/\/folhapopular.info\/wp-content\/uploads\/2025\/01\/WhatsApp-Image-2025-01-01-at-10.53.49-2-768x1024.jpeg 768w, https:\/\/folhapopular.info\/wp-content\/uploads\/2025\/01\/WhatsApp-Image-2025-01-01-at-10.53.49-2-225x300.jpeg 225w, https:\/\/folhapopular.info\/wp-content\/uploads\/2025\/01\/WhatsApp-Image-2025-01-01-at-10.53.49-2-1152x1536.jpeg 1152w, https:\/\/folhapopular.info\/wp-content\/uploads\/2025\/01\/WhatsApp-Image-2025-01-01-at-10.53.49-2-1536x2048.jpeg 1536w, https:\/\/folhapopular.info\/wp-content\/uploads\/2025\/01\/WhatsApp-Image-2025-01-01-at-10.53.49-2-315x420.jpeg 315w, https:\/\/folhapopular.info\/wp-content\/uploads\/2025\/01\/WhatsApp-Image-2025-01-01-at-10.53.49-2-696x928.jpeg 696w, https:\/\/folhapopular.info\/wp-content\/uploads\/2025\/01\/WhatsApp-Image-2025-01-01-at-10.53.49-2-1068x1424.jpeg 1068w, https:\/\/folhapopular.info\/wp-content\/uploads\/2025\/01\/WhatsApp-Image-2025-01-01-at-10.53.49-2-scaled.jpeg 1920w\" sizes=\"auto, (max-width: 768px) 100vw, 768px\" \/><figcaption class=\"wp-element-caption\">Mazinho assinou o termo de posse<br><br>Cr\u00e9dito: Luis Augusto Huppes<\/figcaption><\/figure>\n<\/figure>\n\n\n\n<figure class=\"wp-block-image size-large\"><img loading=\"lazy\" decoding=\"async\" width=\"1024\" height=\"768\" src=\"https:\/\/folhapopular.info\/wp-content\/uploads\/2025\/01\/WhatsApp-Image-2025-01-01-at-11.45.20-1024x768.jpeg\" alt=\"\" class=\"wp-image-177763\" srcset=\"https:\/\/folhapopular.info\/wp-content\/uploads\/2025\/01\/WhatsApp-Image-2025-01-01-at-11.45.20-1024x768.jpeg 1024w, https:\/\/folhapopular.info\/wp-content\/uploads\/2025\/01\/WhatsApp-Image-2025-01-01-at-11.45.20-300x225.jpeg 300w, https:\/\/folhapopular.info\/wp-content\/uploads\/2025\/01\/WhatsApp-Image-2025-01-01-at-11.45.20-768x576.jpeg 768w, https:\/\/folhapopular.info\/wp-content\/uploads\/2025\/01\/WhatsApp-Image-2025-01-01-at-11.45.20-1536x1152.jpeg 1536w, https:\/\/folhapopular.info\/wp-content\/uploads\/2025\/01\/WhatsApp-Image-2025-01-01-at-11.45.20-2048x1536.jpeg 2048w, https:\/\/folhapopular.info\/wp-content\/uploads\/2025\/01\/WhatsApp-Image-2025-01-01-at-11.45.20-560x420.jpeg 560w, https:\/\/folhapopular.info\/wp-content\/uploads\/2025\/01\/WhatsApp-Image-2025-01-01-at-11.45.20-80x60.jpeg 80w, https:\/\/folhapopular.info\/wp-content\/uploads\/2025\/01\/WhatsApp-Image-2025-01-01-at-11.45.20-696x522.jpeg 696w, https:\/\/folhapopular.info\/wp-content\/uploads\/2025\/01\/WhatsApp-Image-2025-01-01-at-11.45.20-1068x801.jpeg 1068w, https:\/\/folhapopular.info\/wp-content\/uploads\/2025\/01\/WhatsApp-Image-2025-01-01-at-11.45.20-1920x1440.jpeg 1920w\" sizes=\"auto, (max-width: 1024px) 100vw, 1024px\" \/><figcaption class=\"wp-element-caption\">Todos os vereadores empossados<br>Cr\u00e9dito: Luis Augusto Huppes<\/figcaption><\/figure>\n\n\n\n<p><\/p>\n","protected":false},"excerpt":{"rendered":"<p>Na manh\u00e3 desta quarta-feira (1\u00ba\/1), foi realizada a cerim\u00f4nia de posse do prefeito Jones W\u00fcnsch, conhecido como Mazinho (PP), do vice-prefeito Henrique Pivatto (PSDB) e dos vereadores eleitos no munic\u00edpio de Roca Sales. O evento aconteceu no Clube Recreativo Roca-salense, em Roca Sales. Inicialmente, o vereador mais votado, No\u00e9 Lu\u00eds Schaffer (MDB), conduziu a cerim\u00f4nia [&hellip;]<\/p>\n","protected":false},"author":732,"featured_media":177749,"comment_status":"open","ping_status":"open","sticky":false,"template":"","format":"standard","meta":{"pmpro_default_level":"","_jetpack_memberships_contains_paid_content":false,"footnotes":""},"categories":[2,15550,10985],"tags":[17441,13513,17380,707],"class_list":{"0":"post-177713","1":"post","2":"type-post","3":"status-publish","4":"format-standard","5":"has-post-thumbnail","7":"category-featured","8":"category-eleicoes-2024","9":"category-politica","10":"tag-cerimonia-de-posse","11":"tag-eleicoes-2024","12":"tag-jones-wunsch","13":"tag-roca-sales","14":"pmpro-has-access"},"yoast_head":"<!-- This site is optimized with the Yoast SEO plugin v27.5 - https:\/\/yoast.com\/product\/yoast-seo-wordpress\/ -->\n<title>Jones W\u00fcnsch \u00e9 empossado prefeito de Roca Sales - Folha Popular<\/title>\n<meta name=\"robots\" content=\"index, follow, max-snippet:-1, max-image-preview:large, max-video-preview:-1\" \/>\n<link rel=\"canonical\" href=\"https:\/\/folhapopular.info\/index.php\/2025\/01\/01\/jones-wunsch-e-empossado-prefeito-de-roca-sales\/\" \/>\n<meta property=\"og:locale\" content=\"pt_BR\" \/>\n<meta property=\"og:type\" content=\"article\" \/>\n<meta property=\"og:title\" content=\"Jones W\u00fcnsch \u00e9 empossado prefeito de Roca Sales - Folha Popular\" \/>\n<meta property=\"og:description\" content=\"Na manh\u00e3 desta quarta-feira (1\u00ba\/1), foi realizada a cerim\u00f4nia de posse do prefeito Jones W\u00fcnsch, conhecido como Mazinho (PP), do vice-prefeito Henrique Pivatto (PSDB) e dos vereadores eleitos no munic\u00edpio de Roca Sales. O evento aconteceu no Clube Recreativo Roca-salense, em Roca Sales. Inicialmente, o vereador mais votado, No\u00e9 Lu\u00eds Schaffer (MDB), conduziu a cerim\u00f4nia [&hellip;]\" \/>\n<meta property=\"og:url\" content=\"https:\/\/folhapopular.info\/index.php\/2025\/01\/01\/jones-wunsch-e-empossado-prefeito-de-roca-sales\/\" \/>\n<meta property=\"og:site_name\" content=\"Folha Popular\" \/>\n<meta property=\"article:author\" content=\"https:\/\/www.facebook.com\/luis.huppes\/\" \/>\n<meta property=\"article:published_time\" content=\"2025-01-01T14:54:06+00:00\" \/>\n<meta property=\"article:modified_time\" content=\"2025-01-01T17:07:40+00:00\" \/>\n<meta property=\"og:image\" content=\"http:\/\/folhapopular.info\/wp-content\/uploads\/2025\/01\/WhatsApp-Image-2025-01-01-at-11.19.17-scaled-e1735741242172.jpeg\" \/>\n\t<meta property=\"og:image:width\" content=\"2560\" \/>\n\t<meta property=\"og:image:height\" content=\"1250\" \/>\n\t<meta property=\"og:image:type\" content=\"image\/jpeg\" \/>\n<meta name=\"author\" content=\"Luis Augusto Huppes\" \/>\n<meta name=\"twitter:card\" content=\"summary_large_image\" \/>\n<meta name=\"twitter:label1\" content=\"Escrito por\" \/>\n\t<meta name=\"twitter:data1\" content=\"Luis Augusto Huppes\" \/>\n\t<meta name=\"twitter:label2\" content=\"Est. tempo de leitura\" \/>\n\t<meta name=\"twitter:data2\" content=\"7 minutos\" \/>\n<script type=\"application\/ld+json\" class=\"yoast-schema-graph\">{\"@context\":\"https:\\\/\\\/schema.org\",\"@graph\":[{\"@type\":\"Article\",\"@id\":\"https:\\\/\\\/folhapopular.info\\\/index.php\\\/2025\\\/01\\\/01\\\/jones-wunsch-e-empossado-prefeito-de-roca-sales\\\/#article\",\"isPartOf\":{\"@id\":\"https:\\\/\\\/folhapopular.info\\\/index.php\\\/2025\\\/01\\\/01\\\/jones-wunsch-e-empossado-prefeito-de-roca-sales\\\/\"},\"author\":{\"name\":\"Luis Augusto Huppes\",\"@id\":\"https:\\\/\\\/folhapopular.info\\\/#\\\/schema\\\/person\\\/e852c327371714676d02e58cf917fd9f\"},\"headline\":\"Jones W\u00fcnsch \u00e9 empossado prefeito de Roca Sales\",\"datePublished\":\"2025-01-01T14:54:06+00:00\",\"dateModified\":\"2025-01-01T17:07:40+00:00\",\"mainEntityOfPage\":{\"@id\":\"https:\\\/\\\/folhapopular.info\\\/index.php\\\/2025\\\/01\\\/01\\\/jones-wunsch-e-empossado-prefeito-de-roca-sales\\\/\"},\"wordCount\":844,\"commentCount\":0,\"image\":{\"@id\":\"https:\\\/\\\/folhapopular.info\\\/index.php\\\/2025\\\/01\\\/01\\\/jones-wunsch-e-empossado-prefeito-de-roca-sales\\\/#primaryimage\"},\"thumbnailUrl\":\"https:\\\/\\\/folhapopular.info\\\/wp-content\\\/uploads\\\/2025\\\/01\\\/WhatsApp-Image-2025-01-01-at-11.19.17-scaled-e1735741242172.jpeg\",\"keywords\":[\"Cerim\u00f4nia de posse\",\"Elei\u00e7\u00f5es 2024\",\"Jones W\u00fcnsch\",\"Roca Sales\"],\"articleSection\":[\"Destaques\",\"Elei\u00e7\u00f5es 2024\",\"Pol\u00edtica\"],\"inLanguage\":\"pt-BR\",\"potentialAction\":[{\"@type\":\"CommentAction\",\"name\":\"Comment\",\"target\":[\"https:\\\/\\\/folhapopular.info\\\/index.php\\\/2025\\\/01\\\/01\\\/jones-wunsch-e-empossado-prefeito-de-roca-sales\\\/#respond\"]}]},{\"@type\":\"WebPage\",\"@id\":\"https:\\\/\\\/folhapopular.info\\\/index.php\\\/2025\\\/01\\\/01\\\/jones-wunsch-e-empossado-prefeito-de-roca-sales\\\/\",\"url\":\"https:\\\/\\\/folhapopular.info\\\/index.php\\\/2025\\\/01\\\/01\\\/jones-wunsch-e-empossado-prefeito-de-roca-sales\\\/\",\"name\":\"Jones W\u00fcnsch \u00e9 empossado prefeito de Roca Sales - Folha Popular\",\"isPartOf\":{\"@id\":\"https:\\\/\\\/folhapopular.info\\\/#website\"},\"primaryImageOfPage\":{\"@id\":\"https:\\\/\\\/folhapopular.info\\\/index.php\\\/2025\\\/01\\\/01\\\/jones-wunsch-e-empossado-prefeito-de-roca-sales\\\/#primaryimage\"},\"image\":{\"@id\":\"https:\\\/\\\/folhapopular.info\\\/index.php\\\/2025\\\/01\\\/01\\\/jones-wunsch-e-empossado-prefeito-de-roca-sales\\\/#primaryimage\"},\"thumbnailUrl\":\"https:\\\/\\\/folhapopular.info\\\/wp-content\\\/uploads\\\/2025\\\/01\\\/WhatsApp-Image-2025-01-01-at-11.19.17-scaled-e1735741242172.jpeg\",\"datePublished\":\"2025-01-01T14:54:06+00:00\",\"dateModified\":\"2025-01-01T17:07:40+00:00\",\"author\":{\"@id\":\"https:\\\/\\\/folhapopular.info\\\/#\\\/schema\\\/person\\\/e852c327371714676d02e58cf917fd9f\"},\"breadcrumb\":{\"@id\":\"https:\\\/\\\/folhapopular.info\\\/index.php\\\/2025\\\/01\\\/01\\\/jones-wunsch-e-empossado-prefeito-de-roca-sales\\\/#breadcrumb\"},\"inLanguage\":\"pt-BR\",\"potentialAction\":[{\"@type\":\"ReadAction\",\"target\":[\"https:\\\/\\\/folhapopular.info\\\/index.php\\\/2025\\\/01\\\/01\\\/jones-wunsch-e-empossado-prefeito-de-roca-sales\\\/\"]}]},{\"@type\":\"ImageObject\",\"inLanguage\":\"pt-BR\",\"@id\":\"https:\\\/\\\/folhapopular.info\\\/index.php\\\/2025\\\/01\\\/01\\\/jones-wunsch-e-empossado-prefeito-de-roca-sales\\\/#primaryimage\",\"url\":\"https:\\\/\\\/folhapopular.info\\\/wp-content\\\/uploads\\\/2025\\\/01\\\/WhatsApp-Image-2025-01-01-at-11.19.17-scaled-e1735741242172.jpeg\",\"contentUrl\":\"https:\\\/\\\/folhapopular.info\\\/wp-content\\\/uploads\\\/2025\\\/01\\\/WhatsApp-Image-2025-01-01-at-11.19.17-scaled-e1735741242172.jpeg\",\"width\":2560,\"height\":1250,\"caption\":\"Mazinho e Pivatto foram empossados prefeito e vice \\\/ Cr\u00e9dito: Luis Augusto Huppes\"},{\"@type\":\"BreadcrumbList\",\"@id\":\"https:\\\/\\\/folhapopular.info\\\/index.php\\\/2025\\\/01\\\/01\\\/jones-wunsch-e-empossado-prefeito-de-roca-sales\\\/#breadcrumb\",\"itemListElement\":[{\"@type\":\"ListItem\",\"position\":1,\"name\":\"In\u00edcio\",\"item\":\"https:\\\/\\\/folhapopular.info\\\/\"},{\"@type\":\"ListItem\",\"position\":2,\"name\":\"Jones W\u00fcnsch \u00e9 empossado prefeito de Roca Sales\"}]},{\"@type\":\"WebSite\",\"@id\":\"https:\\\/\\\/folhapopular.info\\\/#website\",\"url\":\"https:\\\/\\\/folhapopular.info\\\/\",\"name\":\"Folha Popular\",\"description\":\"Onde voc\u00ea tem vez e voz\",\"potentialAction\":[{\"@type\":\"SearchAction\",\"target\":{\"@type\":\"EntryPoint\",\"urlTemplate\":\"https:\\\/\\\/folhapopular.info\\\/?s={search_term_string}\"},\"query-input\":{\"@type\":\"PropertyValueSpecification\",\"valueRequired\":true,\"valueName\":\"search_term_string\"}}],\"inLanguage\":\"pt-BR\"},{\"@type\":\"Person\",\"@id\":\"https:\\\/\\\/folhapopular.info\\\/#\\\/schema\\\/person\\\/e852c327371714676d02e58cf917fd9f\",\"name\":\"Luis Augusto Huppes\",\"image\":{\"@type\":\"ImageObject\",\"inLanguage\":\"pt-BR\",\"@id\":\"https:\\\/\\\/folhapopular.info\\\/wp-content\\\/uploads\\\/2026\\\/04\\\/Luis-Augusto-Huppes-1-1.webp\",\"url\":\"https:\\\/\\\/folhapopular.info\\\/wp-content\\\/uploads\\\/2026\\\/04\\\/Luis-Augusto-Huppes-1-1.webp\",\"contentUrl\":\"https:\\\/\\\/folhapopular.info\\\/wp-content\\\/uploads\\\/2026\\\/04\\\/Luis-Augusto-Huppes-1-1.webp\",\"caption\":\"Luis Augusto Huppes\"},\"sameAs\":[\"https:\\\/\\\/www.facebook.com\\\/luis.huppes\\\/\",\"https:\\\/\\\/www.instagram.com\\\/luis.huppes\\\/\",\"https:\\\/\\\/www.linkedin.com\\\/in\\\/luis-augusto-huppes-2554b52b7\\\/\"],\"url\":\"https:\\\/\\\/folhapopular.info\\\/index.php\\\/author\\\/luis-augusto-huppes\\\/\"}]}<\/script>\n<!-- \/ Yoast SEO plugin. -->","yoast_head_json":{"title":"Jones W\u00fcnsch \u00e9 empossado prefeito de Roca Sales - Folha Popular","robots":{"index":"index","follow":"follow","max-snippet":"max-snippet:-1","max-image-preview":"max-image-preview:large","max-video-preview":"max-video-preview:-1"},"canonical":"https:\/\/folhapopular.info\/index.php\/2025\/01\/01\/jones-wunsch-e-empossado-prefeito-de-roca-sales\/","og_locale":"pt_BR","og_type":"article","og_title":"Jones W\u00fcnsch \u00e9 empossado prefeito de Roca Sales - Folha Popular","og_description":"Na manh\u00e3 desta quarta-feira (1\u00ba\/1), foi realizada a cerim\u00f4nia de posse do prefeito Jones W\u00fcnsch, conhecido como Mazinho (PP), do vice-prefeito Henrique Pivatto (PSDB) e dos vereadores eleitos no munic\u00edpio de Roca Sales. O evento aconteceu no Clube Recreativo Roca-salense, em Roca Sales. Inicialmente, o vereador mais votado, No\u00e9 Lu\u00eds Schaffer (MDB), conduziu a cerim\u00f4nia [&hellip;]","og_url":"https:\/\/folhapopular.info\/index.php\/2025\/01\/01\/jones-wunsch-e-empossado-prefeito-de-roca-sales\/","og_site_name":"Folha Popular","article_author":"https:\/\/www.facebook.com\/luis.huppes\/","article_published_time":"2025-01-01T14:54:06+00:00","article_modified_time":"2025-01-01T17:07:40+00:00","og_image":[{"width":2560,"height":1250,"url":"http:\/\/folhapopular.info\/wp-content\/uploads\/2025\/01\/WhatsApp-Image-2025-01-01-at-11.19.17-scaled-e1735741242172.jpeg","type":"image\/jpeg"}],"author":"Luis Augusto Huppes","twitter_card":"summary_large_image","twitter_misc":{"Escrito por":"Luis Augusto Huppes","Est. tempo de leitura":"7 minutos"},"schema":{"@context":"https:\/\/schema.org","@graph":[{"@type":"Article","@id":"https:\/\/folhapopular.info\/index.php\/2025\/01\/01\/jones-wunsch-e-empossado-prefeito-de-roca-sales\/#article","isPartOf":{"@id":"https:\/\/folhapopular.info\/index.php\/2025\/01\/01\/jones-wunsch-e-empossado-prefeito-de-roca-sales\/"},"author":{"name":"Luis Augusto Huppes","@id":"https:\/\/folhapopular.info\/#\/schema\/person\/e852c327371714676d02e58cf917fd9f"},"headline":"Jones W\u00fcnsch \u00e9 empossado prefeito de Roca Sales","datePublished":"2025-01-01T14:54:06+00:00","dateModified":"2025-01-01T17:07:40+00:00","mainEntityOfPage":{"@id":"https:\/\/folhapopular.info\/index.php\/2025\/01\/01\/jones-wunsch-e-empossado-prefeito-de-roca-sales\/"},"wordCount":844,"commentCount":0,"image":{"@id":"https:\/\/folhapopular.info\/index.php\/2025\/01\/01\/jones-wunsch-e-empossado-prefeito-de-roca-sales\/#primaryimage"},"thumbnailUrl":"https:\/\/folhapopular.info\/wp-content\/uploads\/2025\/01\/WhatsApp-Image-2025-01-01-at-11.19.17-scaled-e1735741242172.jpeg","keywords":["Cerim\u00f4nia de posse","Elei\u00e7\u00f5es 2024","Jones W\u00fcnsch","Roca Sales"],"articleSection":["Destaques","Elei\u00e7\u00f5es 2024","Pol\u00edtica"],"inLanguage":"pt-BR","potentialAction":[{"@type":"CommentAction","name":"Comment","target":["https:\/\/folhapopular.info\/index.php\/2025\/01\/01\/jones-wunsch-e-empossado-prefeito-de-roca-sales\/#respond"]}]},{"@type":"WebPage","@id":"https:\/\/folhapopular.info\/index.php\/2025\/01\/01\/jones-wunsch-e-empossado-prefeito-de-roca-sales\/","url":"https:\/\/folhapopular.info\/index.php\/2025\/01\/01\/jones-wunsch-e-empossado-prefeito-de-roca-sales\/","name":"Jones W\u00fcnsch \u00e9 empossado prefeito de Roca Sales - Folha Popular","isPartOf":{"@id":"https:\/\/folhapopular.info\/#website"},"primaryImageOfPage":{"@id":"https:\/\/folhapopular.info\/index.php\/2025\/01\/01\/jones-wunsch-e-empossado-prefeito-de-roca-sales\/#primaryimage"},"image":{"@id":"https:\/\/folhapopular.info\/index.php\/2025\/01\/01\/jones-wunsch-e-empossado-prefeito-de-roca-sales\/#primaryimage"},"thumbnailUrl":"https:\/\/folhapopular.info\/wp-content\/uploads\/2025\/01\/WhatsApp-Image-2025-01-01-at-11.19.17-scaled-e1735741242172.jpeg","datePublished":"2025-01-01T14:54:06+00:00","dateModified":"2025-01-01T17:07:40+00:00","author":{"@id":"https:\/\/folhapopular.info\/#\/schema\/person\/e852c327371714676d02e58cf917fd9f"},"breadcrumb":{"@id":"https:\/\/folhapopular.info\/index.php\/2025\/01\/01\/jones-wunsch-e-empossado-prefeito-de-roca-sales\/#breadcrumb"},"inLanguage":"pt-BR","potentialAction":[{"@type":"ReadAction","target":["https:\/\/folhapopular.info\/index.php\/2025\/01\/01\/jones-wunsch-e-empossado-prefeito-de-roca-sales\/"]}]},{"@type":"ImageObject","inLanguage":"pt-BR","@id":"https:\/\/folhapopular.info\/index.php\/2025\/01\/01\/jones-wunsch-e-empossado-prefeito-de-roca-sales\/#primaryimage","url":"https:\/\/folhapopular.info\/wp-content\/uploads\/2025\/01\/WhatsApp-Image-2025-01-01-at-11.19.17-scaled-e1735741242172.jpeg","contentUrl":"https:\/\/folhapopular.info\/wp-content\/uploads\/2025\/01\/WhatsApp-Image-2025-01-01-at-11.19.17-scaled-e1735741242172.jpeg","width":2560,"height":1250,"caption":"Mazinho e Pivatto foram empossados prefeito e vice \/ Cr\u00e9dito: Luis Augusto Huppes"},{"@type":"BreadcrumbList","@id":"https:\/\/folhapopular.info\/index.php\/2025\/01\/01\/jones-wunsch-e-empossado-prefeito-de-roca-sales\/#breadcrumb","itemListElement":[{"@type":"ListItem","position":1,"name":"In\u00edcio","item":"https:\/\/folhapopular.info\/"},{"@type":"ListItem","position":2,"name":"Jones W\u00fcnsch \u00e9 empossado prefeito de Roca Sales"}]},{"@type":"WebSite","@id":"https:\/\/folhapopular.info\/#website","url":"https:\/\/folhapopular.info\/","name":"Folha Popular","description":"Onde voc\u00ea tem vez e voz","potentialAction":[{"@type":"SearchAction","target":{"@type":"EntryPoint","urlTemplate":"https:\/\/folhapopular.info\/?s={search_term_string}"},"query-input":{"@type":"PropertyValueSpecification","valueRequired":true,"valueName":"search_term_string"}}],"inLanguage":"pt-BR"},{"@type":"Person","@id":"https:\/\/folhapopular.info\/#\/schema\/person\/e852c327371714676d02e58cf917fd9f","name":"Luis Augusto Huppes","image":{"@type":"ImageObject","inLanguage":"pt-BR","@id":"https:\/\/folhapopular.info\/wp-content\/uploads\/2026\/04\/Luis-Augusto-Huppes-1-1.webp","url":"https:\/\/folhapopular.info\/wp-content\/uploads\/2026\/04\/Luis-Augusto-Huppes-1-1.webp","contentUrl":"https:\/\/folhapopular.info\/wp-content\/uploads\/2026\/04\/Luis-Augusto-Huppes-1-1.webp","caption":"Luis Augusto Huppes"},"sameAs":["https:\/\/www.facebook.com\/luis.huppes\/","https:\/\/www.instagram.com\/luis.huppes\/","https:\/\/www.linkedin.com\/in\/luis-augusto-huppes-2554b52b7\/"],"url":"https:\/\/folhapopular.info\/index.php\/author\/luis-augusto-huppes\/"}]}},"jetpack_featured_media_url":"https:\/\/folhapopular.info\/wp-content\/uploads\/2025\/01\/WhatsApp-Image-2025-01-01-at-11.19.17-scaled-e1735741242172.jpeg","jetpack_sharing_enabled":true,"amp_enabled":true,"_links":{"self":[{"href":"https:\/\/folhapopular.info\/index.php\/wp-json\/wp\/v2\/posts\/177713","targetHints":{"allow":["GET"]}}],"collection":[{"href":"https:\/\/folhapopular.info\/index.php\/wp-json\/wp\/v2\/posts"}],"about":[{"href":"https:\/\/folhapopular.info\/index.php\/wp-json\/wp\/v2\/types\/post"}],"author":[{"embeddable":true,"href":"https:\/\/folhapopular.info\/index.php\/wp-json\/wp\/v2\/users\/732"}],"replies":[{"embeddable":true,"href":"https:\/\/folhapopular.info\/index.php\/wp-json\/wp\/v2\/comments?post=177713"}],"version-history":[{"count":0,"href":"https:\/\/folhapopular.info\/index.php\/wp-json\/wp\/v2\/posts\/177713\/revisions"}],"wp:featuredmedia":[{"embeddable":true,"href":"https:\/\/folhapopular.info\/index.php\/wp-json\/wp\/v2\/media\/177749"}],"wp:attachment":[{"href":"https:\/\/folhapopular.info\/index.php\/wp-json\/wp\/v2\/media?parent=177713"}],"wp:term":[{"taxonomy":"category","embeddable":true,"href":"https:\/\/folhapopular.info\/index.php\/wp-json\/wp\/v2\/categories?post=177713"},{"taxonomy":"post_tag","embeddable":true,"href":"https:\/\/folhapopular.info\/index.php\/wp-json\/wp\/v2\/tags?post=177713"}],"curies":[{"name":"wp","href":"https:\/\/api.w.org\/{rel}","templated":true}]}}