{"id":178074,"date":"2025-01-08T08:00:00","date_gmt":"2025-01-08T11:00:00","guid":{"rendered":"https:\/\/folhapopular.info\/?p=178074"},"modified":"2025-01-08T07:39:19","modified_gmt":"2025-01-08T10:39:19","slug":"emef-ipiranga-de-colinas-se-destaca-na-obmep","status":"publish","type":"post","link":"https:\/\/folhapopular.info\/index.php\/2025\/01\/08\/emef-ipiranga-de-colinas-se-destaca-na-obmep\/","title":{"rendered":"Emef Ipiranga, de Colinas, se destaca na OBMEP"},"content":{"rendered":"\n<p>A Escola Municipal de Educa\u00e7\u00e3o Fundamental Ipiranga, de Colinas, foi agraciada com medalhas em diferentes n\u00edveis na Olimp\u00edada Brasileira de Matem\u00e1tica das Escolas P\u00fablicas (OBMEP). Os alunos Bruno Augusto Breidenbach, Gabriel Geist, Isadora Klein Diehl e Miguel Martinho Pozocco foram premiados.<\/p>\n\n\n\n<p>O estudante Bruno recebeu a medalha de prata em 2022, ouro em 2023 e ouro novamente em 2024. J\u00e1 Isadora ganhou medalha de prata em 2023 e 2024. O aluno Miguel foi destaque em n\u00edvel estadual em 2023 e recebeu men\u00e7\u00e3o honrosa no ano passado.<\/p>\n\n\n\n<p>Os alunos premiados ter\u00e3o a oportunidade de participar do Programa de Inicia\u00e7\u00e3o Cient\u00edfica Jr. (PIC), realizado por uma rede nacional de professores em polos em todo o pa\u00eds. Medalhistas que aderirem ao programa receber\u00e3o, ainda, um incentivo financeiro mensal do Conselho Nacional de Desenvolvimento Cient\u00edfico e Tecnol\u00f3gico (CNPq).<\/p>\n\n\n\n<p>Medalhistas do n\u00edvel 3 da OBMEP poder\u00e3o disputar uma das cem vagas no Impa <em>Tech<\/em>, primeira gradua\u00e7\u00e3o do Instituto de Matem\u00e1tica Pura e Aplicada (Impa). Inaugurado em 2023, o bacharelado em Matem\u00e1tica da Tecnologia e Inova\u00e7\u00e3o oferece alojamento estudantil e aux\u00edlio financeiro para os estudantes aprovados no processo seletivo.<\/p>\n\n\n\n<p>Al\u00e9m dos estudantes, a Secretaria de Educa\u00e7\u00e3o de Colinas tamb\u00e9m foi premiada entre 50 cidades de todo o Brasil. Para o diretor da institui\u00e7\u00e3o, Ivanor Dannebrock, todo ano \u00e9 uma nova oportunidade para avan\u00e7ar na OBMEP. \u201cSempre tem aqueles alunos que tamb\u00e9m querem chegar l\u00e1, que v\u00e3o estudar mais, v\u00e3o se esfor\u00e7ar mais. O reconhecimento dos alunos \u00e9 positivo, s\u00e3o momentos nos quais conseguimos incentivar os demais\u201d, afirma.<\/p>\n\n\n\n<p><strong>O<\/strong><strong>BMEP<\/strong><strong> Mirim<\/strong><\/p>\n\n\n\n<p>A Olimp\u00edada Mirim \u00e9 a primeira competi\u00e7\u00e3o cient\u00edfica da \u00e1rea voltada para alunos do 2\u00ba ao 5\u00ba ano do Ensino Fundamental. A escola tamb\u00e9m foi premiada nesta modalidade, e os alunos receberam seus certificados em dezembro.<\/p>\n\n\n\n<p>Os alunos Darlan Gustavo Breidenbach, Gabriel Sott Gutjahr e Isabeli Amanda Heinrichs receberam a medalha de ouro. A medalha de prata foi entregue para Rafael Hans Klepker, Vicente Jacob Sipp, Gabriel Zwirtes, Marlan H\u00f6fliger, Helena Geist, Manuela Thais Klein, Eduardo Trentini Lafratta, Emily Trentini Lafratta e Yuri de Assis.<\/p>\n\n\n\n<p>Por fim, a medalha de bronze foi para Ana Laura Beuren, Luisa Boehm Altenhofen, Yuri Kauan Grave Horst, Bruno Goldmeier, Miguel Taborda Ferreira, Murilo da Silva, Kayque Yuri da Costa, Brenda Luiza Dickel, Daniel Altevogt e Mariana Cec\u00edlia Sperafico da Silva.<\/p>\n\n\n\n<p>Entre eles est\u00e1 Darlan Breidenbach, irm\u00e3o do medalhista Bruno Breidenbach. \u201cEstamos muito orgulhosos. Eles t\u00eam muita facilidade em matem\u00e1tica\u201d, conta a m\u00e3e, V\u00e2nia Anete Lenhart Breidenbach.<\/p>\n\n\n\n<p><strong>Obmep<\/strong><\/p>\n\n\n\n<p>A principal competi\u00e7\u00e3o cient\u00edfica do pa\u00eds contou com a participa\u00e7\u00e3o de mais de 18,5 milh\u00f5es de alunos na primeira fase da Olimp\u00edada, que neste ano atingiu um recorde de inscri\u00e7\u00f5es de escolas e munic\u00edpios. A competi\u00e7\u00e3o envolveu 56.516 institui\u00e7\u00f5es de ensino de 5.564 cidades, abrangendo 99,9% dos munic\u00edpios brasileiros.<\/p>\n\n\n\n<p><a><\/a> A OBMEP Mirim tamb\u00e9m teve recorde de inscritos e alcan\u00e7ou a marca de 4,4 milh\u00f5es de estudantes de 4.037 munic\u00edpios do Brasil.<\/p>\n\n\n\n<p><strong>Premiados<\/strong><\/p>\n\n\n\n<p>Bruno Augusto Breidenbach &#8211; Medalha de ouro<\/p>\n\n\n\n<p>Isadora Klein Diehl &#8211; Medalha de prata<\/p>\n\n\n\n<p>Gabriel Geist &#8211; Medalha de bronze<\/p>\n\n\n\n<p>Miguel Martinho Pazocco &#8211; Men\u00e7\u00e3o honrosa<\/p>\n","protected":false},"excerpt":{"rendered":"<p>A Escola Municipal de Educa\u00e7\u00e3o Fundamental Ipiranga, de Colinas, foi agraciada com medalhas em diferentes n\u00edveis na Olimp\u00edada Brasileira de Matem\u00e1tica das Escolas P\u00fablicas (OBMEP). Os alunos Bruno Augusto Breidenbach, Gabriel Geist, Isadora Klein Diehl e Miguel Martinho Pozocco foram premiados. O estudante Bruno recebeu a medalha de prata em 2022, ouro em 2023 e [&hellip;]<\/p>\n","protected":false},"author":8,"featured_media":178127,"comment_status":"open","ping_status":"open","sticky":false,"template":"","format":"standard","meta":{"pmpro_default_level":"","_jetpack_memberships_contains_paid_content":false,"footnotes":""},"categories":[2,10988,3],"tags":[183,408,403],"class_list":{"0":"post-178074","1":"post","2":"type-post","3":"status-publish","4":"format-standard","5":"has-post-thumbnail","7":"category-featured","8":"category-educacao","9":"category-geral","10":"tag-colinas","11":"tag-emef-ipiranga","12":"tag-obmep","13":"pmpro-has-access"},"yoast_head":"<!-- This site is optimized with the Yoast SEO plugin v27.5 - https:\/\/yoast.com\/product\/yoast-seo-wordpress\/ -->\n<title>Emef Ipiranga, de Colinas, se destaca na OBMEP - Folha Popular<\/title>\n<meta name=\"robots\" content=\"index, follow, max-snippet:-1, max-image-preview:large, max-video-preview:-1\" \/>\n<link rel=\"canonical\" href=\"https:\/\/folhapopular.info\/index.php\/2025\/01\/08\/emef-ipiranga-de-colinas-se-destaca-na-obmep\/\" \/>\n<meta property=\"og:locale\" content=\"pt_BR\" \/>\n<meta property=\"og:type\" content=\"article\" \/>\n<meta property=\"og:title\" content=\"Emef Ipiranga, de Colinas, se destaca na OBMEP - Folha Popular\" \/>\n<meta property=\"og:description\" content=\"A Escola Municipal de Educa\u00e7\u00e3o Fundamental Ipiranga, de Colinas, foi agraciada com medalhas em diferentes n\u00edveis na Olimp\u00edada Brasileira de Matem\u00e1tica das Escolas P\u00fablicas (OBMEP). Os alunos Bruno Augusto Breidenbach, Gabriel Geist, Isadora Klein Diehl e Miguel Martinho Pozocco foram premiados. O estudante Bruno recebeu a medalha de prata em 2022, ouro em 2023 e [&hellip;]\" \/>\n<meta property=\"og:url\" content=\"https:\/\/folhapopular.info\/index.php\/2025\/01\/08\/emef-ipiranga-de-colinas-se-destaca-na-obmep\/\" \/>\n<meta property=\"og:site_name\" content=\"Folha Popular\" \/>\n<meta property=\"article:published_time\" content=\"2025-01-08T11:00:00+00:00\" \/>\n<meta property=\"og:image\" content=\"https:\/\/folhapopular.info\/wp-content\/uploads\/2025\/01\/COLINAS_OBMEP-MIRIM_DIV.jpg\" \/>\n\t<meta property=\"og:image:width\" content=\"1080\" \/>\n\t<meta property=\"og:image:height\" content=\"599\" \/>\n\t<meta property=\"og:image:type\" content=\"image\/jpeg\" \/>\n<meta name=\"author\" content=\"Reda\u00e7\u00e3o Folha Popular\" \/>\n<meta name=\"twitter:card\" content=\"summary_large_image\" \/>\n<meta name=\"twitter:label1\" content=\"Escrito por\" \/>\n\t<meta name=\"twitter:data1\" content=\"Reda\u00e7\u00e3o Folha Popular\" \/>\n\t<meta name=\"twitter:label2\" content=\"Est. tempo de leitura\" \/>\n\t<meta name=\"twitter:data2\" content=\"3 minutos\" \/>\n<script type=\"application\/ld+json\" class=\"yoast-schema-graph\">{\"@context\":\"https:\\\/\\\/schema.org\",\"@graph\":[{\"@type\":\"Article\",\"@id\":\"https:\\\/\\\/folhapopular.info\\\/index.php\\\/2025\\\/01\\\/08\\\/emef-ipiranga-de-colinas-se-destaca-na-obmep\\\/#article\",\"isPartOf\":{\"@id\":\"https:\\\/\\\/folhapopular.info\\\/index.php\\\/2025\\\/01\\\/08\\\/emef-ipiranga-de-colinas-se-destaca-na-obmep\\\/\"},\"author\":{\"name\":\"Reda\u00e7\u00e3o Folha Popular\",\"@id\":\"https:\\\/\\\/folhapopular.info\\\/#\\\/schema\\\/person\\\/2814e8a0df7643585a9ca38bc6eb9d4b\"},\"headline\":\"Emef Ipiranga, de Colinas, se destaca na OBMEP\",\"datePublished\":\"2025-01-08T11:00:00+00:00\",\"mainEntityOfPage\":{\"@id\":\"https:\\\/\\\/folhapopular.info\\\/index.php\\\/2025\\\/01\\\/08\\\/emef-ipiranga-de-colinas-se-destaca-na-obmep\\\/\"},\"wordCount\":551,\"commentCount\":0,\"image\":{\"@id\":\"https:\\\/\\\/folhapopular.info\\\/index.php\\\/2025\\\/01\\\/08\\\/emef-ipiranga-de-colinas-se-destaca-na-obmep\\\/#primaryimage\"},\"thumbnailUrl\":\"https:\\\/\\\/folhapopular.info\\\/wp-content\\\/uploads\\\/2025\\\/01\\\/COLINAS_OBMEP-MIRIM_DIV.jpg\",\"keywords\":[\"Colinas\",\"EMEF Ipiranga\",\"OBMEP\"],\"articleSection\":[\"Destaques\",\"Educa\u00e7\u00e3o\",\"Geral\"],\"inLanguage\":\"pt-BR\",\"potentialAction\":[{\"@type\":\"CommentAction\",\"name\":\"Comment\",\"target\":[\"https:\\\/\\\/folhapopular.info\\\/index.php\\\/2025\\\/01\\\/08\\\/emef-ipiranga-de-colinas-se-destaca-na-obmep\\\/#respond\"]}]},{\"@type\":\"WebPage\",\"@id\":\"https:\\\/\\\/folhapopular.info\\\/index.php\\\/2025\\\/01\\\/08\\\/emef-ipiranga-de-colinas-se-destaca-na-obmep\\\/\",\"url\":\"https:\\\/\\\/folhapopular.info\\\/index.php\\\/2025\\\/01\\\/08\\\/emef-ipiranga-de-colinas-se-destaca-na-obmep\\\/\",\"name\":\"Emef Ipiranga, de Colinas, se destaca na OBMEP - Folha Popular\",\"isPartOf\":{\"@id\":\"https:\\\/\\\/folhapopular.info\\\/#website\"},\"primaryImageOfPage\":{\"@id\":\"https:\\\/\\\/folhapopular.info\\\/index.php\\\/2025\\\/01\\\/08\\\/emef-ipiranga-de-colinas-se-destaca-na-obmep\\\/#primaryimage\"},\"image\":{\"@id\":\"https:\\\/\\\/folhapopular.info\\\/index.php\\\/2025\\\/01\\\/08\\\/emef-ipiranga-de-colinas-se-destaca-na-obmep\\\/#primaryimage\"},\"thumbnailUrl\":\"https:\\\/\\\/folhapopular.info\\\/wp-content\\\/uploads\\\/2025\\\/01\\\/COLINAS_OBMEP-MIRIM_DIV.jpg\",\"datePublished\":\"2025-01-08T11:00:00+00:00\",\"author\":{\"@id\":\"https:\\\/\\\/folhapopular.info\\\/#\\\/schema\\\/person\\\/2814e8a0df7643585a9ca38bc6eb9d4b\"},\"breadcrumb\":{\"@id\":\"https:\\\/\\\/folhapopular.info\\\/index.php\\\/2025\\\/01\\\/08\\\/emef-ipiranga-de-colinas-se-destaca-na-obmep\\\/#breadcrumb\"},\"inLanguage\":\"pt-BR\",\"potentialAction\":[{\"@type\":\"ReadAction\",\"target\":[\"https:\\\/\\\/folhapopular.info\\\/index.php\\\/2025\\\/01\\\/08\\\/emef-ipiranga-de-colinas-se-destaca-na-obmep\\\/\"]}]},{\"@type\":\"ImageObject\",\"inLanguage\":\"pt-BR\",\"@id\":\"https:\\\/\\\/folhapopular.info\\\/index.php\\\/2025\\\/01\\\/08\\\/emef-ipiranga-de-colinas-se-destaca-na-obmep\\\/#primaryimage\",\"url\":\"https:\\\/\\\/folhapopular.info\\\/wp-content\\\/uploads\\\/2025\\\/01\\\/COLINAS_OBMEP-MIRIM_DIV.jpg\",\"contentUrl\":\"https:\\\/\\\/folhapopular.info\\\/wp-content\\\/uploads\\\/2025\\\/01\\\/COLINAS_OBMEP-MIRIM_DIV.jpg\",\"width\":1080,\"height\":599,\"caption\":\"Os pequenos do Fundamental I tamb\u00e9m foram premiados pela OBMEP Mirim \\\/ Cr\u00e9dito: Divulga\u00e7\u00e3o\"},{\"@type\":\"BreadcrumbList\",\"@id\":\"https:\\\/\\\/folhapopular.info\\\/index.php\\\/2025\\\/01\\\/08\\\/emef-ipiranga-de-colinas-se-destaca-na-obmep\\\/#breadcrumb\",\"itemListElement\":[{\"@type\":\"ListItem\",\"position\":1,\"name\":\"In\u00edcio\",\"item\":\"https:\\\/\\\/folhapopular.info\\\/\"},{\"@type\":\"ListItem\",\"position\":2,\"name\":\"Emef Ipiranga, de Colinas, se destaca na OBMEP\"}]},{\"@type\":\"WebSite\",\"@id\":\"https:\\\/\\\/folhapopular.info\\\/#website\",\"url\":\"https:\\\/\\\/folhapopular.info\\\/\",\"name\":\"Folha Popular\",\"description\":\"Onde voc\u00ea tem vez e voz\",\"potentialAction\":[{\"@type\":\"SearchAction\",\"target\":{\"@type\":\"EntryPoint\",\"urlTemplate\":\"https:\\\/\\\/folhapopular.info\\\/?s={search_term_string}\"},\"query-input\":{\"@type\":\"PropertyValueSpecification\",\"valueRequired\":true,\"valueName\":\"search_term_string\"}}],\"inLanguage\":\"pt-BR\"},{\"@type\":\"Person\",\"@id\":\"https:\\\/\\\/folhapopular.info\\\/#\\\/schema\\\/person\\\/2814e8a0df7643585a9ca38bc6eb9d4b\",\"name\":\"Reda\u00e7\u00e3o Folha Popular\",\"image\":{\"@type\":\"ImageObject\",\"inLanguage\":\"pt-BR\",\"@id\":\"https:\\\/\\\/folhapopular.info\\\/wp-content\\\/uploads\\\/2026\\\/04\\\/Folha-1.webp\",\"url\":\"https:\\\/\\\/folhapopular.info\\\/wp-content\\\/uploads\\\/2026\\\/04\\\/Folha-1.webp\",\"contentUrl\":\"https:\\\/\\\/folhapopular.info\\\/wp-content\\\/uploads\\\/2026\\\/04\\\/Folha-1.webp\",\"caption\":\"Reda\u00e7\u00e3o Folha Popular\"},\"url\":\"https:\\\/\\\/folhapopular.info\\\/index.php\\\/author\\\/redacao\\\/\"}]}<\/script>\n<!-- \/ Yoast SEO plugin. -->","yoast_head_json":{"title":"Emef Ipiranga, de Colinas, se destaca na OBMEP - Folha Popular","robots":{"index":"index","follow":"follow","max-snippet":"max-snippet:-1","max-image-preview":"max-image-preview:large","max-video-preview":"max-video-preview:-1"},"canonical":"https:\/\/folhapopular.info\/index.php\/2025\/01\/08\/emef-ipiranga-de-colinas-se-destaca-na-obmep\/","og_locale":"pt_BR","og_type":"article","og_title":"Emef Ipiranga, de Colinas, se destaca na OBMEP - Folha Popular","og_description":"A Escola Municipal de Educa\u00e7\u00e3o Fundamental Ipiranga, de Colinas, foi agraciada com medalhas em diferentes n\u00edveis na Olimp\u00edada Brasileira de Matem\u00e1tica das Escolas P\u00fablicas (OBMEP). Os alunos Bruno Augusto Breidenbach, Gabriel Geist, Isadora Klein Diehl e Miguel Martinho Pozocco foram premiados. O estudante Bruno recebeu a medalha de prata em 2022, ouro em 2023 e [&hellip;]","og_url":"https:\/\/folhapopular.info\/index.php\/2025\/01\/08\/emef-ipiranga-de-colinas-se-destaca-na-obmep\/","og_site_name":"Folha Popular","article_published_time":"2025-01-08T11:00:00+00:00","og_image":[{"width":1080,"height":599,"url":"https:\/\/folhapopular.info\/wp-content\/uploads\/2025\/01\/COLINAS_OBMEP-MIRIM_DIV.jpg","type":"image\/jpeg"}],"author":"Reda\u00e7\u00e3o Folha Popular","twitter_card":"summary_large_image","twitter_misc":{"Escrito por":"Reda\u00e7\u00e3o Folha Popular","Est. tempo de leitura":"3 minutos"},"schema":{"@context":"https:\/\/schema.org","@graph":[{"@type":"Article","@id":"https:\/\/folhapopular.info\/index.php\/2025\/01\/08\/emef-ipiranga-de-colinas-se-destaca-na-obmep\/#article","isPartOf":{"@id":"https:\/\/folhapopular.info\/index.php\/2025\/01\/08\/emef-ipiranga-de-colinas-se-destaca-na-obmep\/"},"author":{"name":"Reda\u00e7\u00e3o Folha Popular","@id":"https:\/\/folhapopular.info\/#\/schema\/person\/2814e8a0df7643585a9ca38bc6eb9d4b"},"headline":"Emef Ipiranga, de Colinas, se destaca na OBMEP","datePublished":"2025-01-08T11:00:00+00:00","mainEntityOfPage":{"@id":"https:\/\/folhapopular.info\/index.php\/2025\/01\/08\/emef-ipiranga-de-colinas-se-destaca-na-obmep\/"},"wordCount":551,"commentCount":0,"image":{"@id":"https:\/\/folhapopular.info\/index.php\/2025\/01\/08\/emef-ipiranga-de-colinas-se-destaca-na-obmep\/#primaryimage"},"thumbnailUrl":"https:\/\/folhapopular.info\/wp-content\/uploads\/2025\/01\/COLINAS_OBMEP-MIRIM_DIV.jpg","keywords":["Colinas","EMEF Ipiranga","OBMEP"],"articleSection":["Destaques","Educa\u00e7\u00e3o","Geral"],"inLanguage":"pt-BR","potentialAction":[{"@type":"CommentAction","name":"Comment","target":["https:\/\/folhapopular.info\/index.php\/2025\/01\/08\/emef-ipiranga-de-colinas-se-destaca-na-obmep\/#respond"]}]},{"@type":"WebPage","@id":"https:\/\/folhapopular.info\/index.php\/2025\/01\/08\/emef-ipiranga-de-colinas-se-destaca-na-obmep\/","url":"https:\/\/folhapopular.info\/index.php\/2025\/01\/08\/emef-ipiranga-de-colinas-se-destaca-na-obmep\/","name":"Emef Ipiranga, de Colinas, se destaca na OBMEP - Folha Popular","isPartOf":{"@id":"https:\/\/folhapopular.info\/#website"},"primaryImageOfPage":{"@id":"https:\/\/folhapopular.info\/index.php\/2025\/01\/08\/emef-ipiranga-de-colinas-se-destaca-na-obmep\/#primaryimage"},"image":{"@id":"https:\/\/folhapopular.info\/index.php\/2025\/01\/08\/emef-ipiranga-de-colinas-se-destaca-na-obmep\/#primaryimage"},"thumbnailUrl":"https:\/\/folhapopular.info\/wp-content\/uploads\/2025\/01\/COLINAS_OBMEP-MIRIM_DIV.jpg","datePublished":"2025-01-08T11:00:00+00:00","author":{"@id":"https:\/\/folhapopular.info\/#\/schema\/person\/2814e8a0df7643585a9ca38bc6eb9d4b"},"breadcrumb":{"@id":"https:\/\/folhapopular.info\/index.php\/2025\/01\/08\/emef-ipiranga-de-colinas-se-destaca-na-obmep\/#breadcrumb"},"inLanguage":"pt-BR","potentialAction":[{"@type":"ReadAction","target":["https:\/\/folhapopular.info\/index.php\/2025\/01\/08\/emef-ipiranga-de-colinas-se-destaca-na-obmep\/"]}]},{"@type":"ImageObject","inLanguage":"pt-BR","@id":"https:\/\/folhapopular.info\/index.php\/2025\/01\/08\/emef-ipiranga-de-colinas-se-destaca-na-obmep\/#primaryimage","url":"https:\/\/folhapopular.info\/wp-content\/uploads\/2025\/01\/COLINAS_OBMEP-MIRIM_DIV.jpg","contentUrl":"https:\/\/folhapopular.info\/wp-content\/uploads\/2025\/01\/COLINAS_OBMEP-MIRIM_DIV.jpg","width":1080,"height":599,"caption":"Os pequenos do Fundamental I tamb\u00e9m foram premiados pela OBMEP Mirim \/ Cr\u00e9dito: Divulga\u00e7\u00e3o"},{"@type":"BreadcrumbList","@id":"https:\/\/folhapopular.info\/index.php\/2025\/01\/08\/emef-ipiranga-de-colinas-se-destaca-na-obmep\/#breadcrumb","itemListElement":[{"@type":"ListItem","position":1,"name":"In\u00edcio","item":"https:\/\/folhapopular.info\/"},{"@type":"ListItem","position":2,"name":"Emef Ipiranga, de Colinas, se destaca na OBMEP"}]},{"@type":"WebSite","@id":"https:\/\/folhapopular.info\/#website","url":"https:\/\/folhapopular.info\/","name":"Folha Popular","description":"Onde voc\u00ea tem vez e voz","potentialAction":[{"@type":"SearchAction","target":{"@type":"EntryPoint","urlTemplate":"https:\/\/folhapopular.info\/?s={search_term_string}"},"query-input":{"@type":"PropertyValueSpecification","valueRequired":true,"valueName":"search_term_string"}}],"inLanguage":"pt-BR"},{"@type":"Person","@id":"https:\/\/folhapopular.info\/#\/schema\/person\/2814e8a0df7643585a9ca38bc6eb9d4b","name":"Reda\u00e7\u00e3o Folha Popular","image":{"@type":"ImageObject","inLanguage":"pt-BR","@id":"https:\/\/folhapopular.info\/wp-content\/uploads\/2026\/04\/Folha-1.webp","url":"https:\/\/folhapopular.info\/wp-content\/uploads\/2026\/04\/Folha-1.webp","contentUrl":"https:\/\/folhapopular.info\/wp-content\/uploads\/2026\/04\/Folha-1.webp","caption":"Reda\u00e7\u00e3o Folha Popular"},"url":"https:\/\/folhapopular.info\/index.php\/author\/redacao\/"}]}},"jetpack_featured_media_url":"https:\/\/folhapopular.info\/wp-content\/uploads\/2025\/01\/COLINAS_OBMEP-MIRIM_DIV.jpg","jetpack_sharing_enabled":true,"amp_enabled":true,"_links":{"self":[{"href":"https:\/\/folhapopular.info\/index.php\/wp-json\/wp\/v2\/posts\/178074","targetHints":{"allow":["GET"]}}],"collection":[{"href":"https:\/\/folhapopular.info\/index.php\/wp-json\/wp\/v2\/posts"}],"about":[{"href":"https:\/\/folhapopular.info\/index.php\/wp-json\/wp\/v2\/types\/post"}],"author":[{"embeddable":true,"href":"https:\/\/folhapopular.info\/index.php\/wp-json\/wp\/v2\/users\/8"}],"replies":[{"embeddable":true,"href":"https:\/\/folhapopular.info\/index.php\/wp-json\/wp\/v2\/comments?post=178074"}],"version-history":[{"count":0,"href":"https:\/\/folhapopular.info\/index.php\/wp-json\/wp\/v2\/posts\/178074\/revisions"}],"wp:featuredmedia":[{"embeddable":true,"href":"https:\/\/folhapopular.info\/index.php\/wp-json\/wp\/v2\/media\/178127"}],"wp:attachment":[{"href":"https:\/\/folhapopular.info\/index.php\/wp-json\/wp\/v2\/media?parent=178074"}],"wp:term":[{"taxonomy":"category","embeddable":true,"href":"https:\/\/folhapopular.info\/index.php\/wp-json\/wp\/v2\/categories?post=178074"},{"taxonomy":"post_tag","embeddable":true,"href":"https:\/\/folhapopular.info\/index.php\/wp-json\/wp\/v2\/tags?post=178074"}],"curies":[{"name":"wp","href":"https:\/\/api.w.org\/{rel}","templated":true}]}}