{"id":178142,"date":"2025-01-08T12:00:00","date_gmt":"2025-01-08T15:00:00","guid":{"rendered":"https:\/\/folhapopular.info\/?p=178142"},"modified":"2025-01-08T08:24:10","modified_gmt":"2025-01-08T11:24:10","slug":"teutonia-aguarda-assinatura-de-convenio-para-revitalizar-a-ciclovia-e-as-calcadas","status":"publish","type":"post","link":"https:\/\/folhapopular.info\/index.php\/2025\/01\/08\/teutonia-aguarda-assinatura-de-convenio-para-revitalizar-a-ciclovia-e-as-calcadas\/","title":{"rendered":"Teut\u00f4nia aguarda assinatura de conv\u00eanio para revitalizar a ciclovia e as cal\u00e7adas"},"content":{"rendered":"<p>A prefeitura de Teut\u00f4nia inscreveu um projeto junto ao Governo do Estado, ainda em 2024, para revitaliza\u00e7\u00e3o da ciclovia e da pista de caminhada da Rua Maur\u00edcio Cardoso, no Bairro Teut\u00f4nia. No fim do ano, o projeto foi contemplado, e agora resta a assinatura do conv\u00eanio, que ainda n\u00e3o possui data para ocorrer. As melhorias&#8230; <\/p>\n<div class=\"pmpro\">\n<div class=\"pmpro_card pmpro_content_message\">\n<div class=\"pmpro_card_content\">Este conte\u00fado \u00e9 apenas para associados Grupo Popular &#8211; Conte\u00fado Total Anual e Grupo Popular &#8211; Conte\u00fado Total Mensal. <br \/><a href=\"https:\/\/folhapopular.info\/wp-login.php?action=register\">Cadastre-se<\/a><\/div>\n<div class=\"pmpro_card_actions pmpro_font-medium\">J\u00e1 se associou? <a href=\"https:\/\/folhapopular.info\/wp-login.php?redirect_to=https%3A%2F%2Ffolhapopular.info%2Findex.php%2F2025%2F01%2F08%2Fteutonia-aguarda-assinatura-de-convenio-para-revitalizar-a-ciclovia-e-as-calcadas%2F\">Acesse aqui<\/a><\/div>\n<\/div>\n<\/div>\n","protected":false},"excerpt":{"rendered":"<p>A prefeitura de Teut\u00f4nia inscreveu um projeto junto ao Governo do Estado, ainda em 2024, para revitaliza\u00e7\u00e3o da ciclovia e da pista de caminhada da Rua Maur\u00edcio Cardoso, no Bairro Teut\u00f4nia. No fim do ano, o projeto foi contemplado, e agora resta a assinatura do conv\u00eanio, que ainda n\u00e3o possui data para ocorrer. As melhorias... <\/p>\n<div class=\"pmpro\"><div class=\"pmpro_card pmpro_content_message\"><div class=\"pmpro_card_content\">Este conte\u00fado \u00e9 apenas para associados Grupo Popular - Conte\u00fado Total Anual e Grupo Popular - Conte\u00fado Total Mensal. <br \/><a href=\"https:\/\/folhapopular.info\/wp-login.php?action=register\">Cadastre-se<\/a><\/div><div class=\"pmpro_card_actions pmpro_font-medium\">J\u00e1 se associou? <a href=\"https:\/\/folhapopular.info\/wp-login.php?redirect_to=https%3A%2F%2Ffolhapopular.info%2Findex.php%2F2025%2F01%2F08%2Fteutonia-aguarda-assinatura-de-convenio-para-revitalizar-a-ciclovia-e-as-calcadas%2F\">Acesse aqui<\/a><\/div><\/div><\/div>","protected":false},"author":639,"featured_media":178143,"comment_status":"open","ping_status":"open","sticky":false,"template":"","format":"standard","meta":{"pmpro_default_level":"","_jetpack_memberships_contains_paid_content":false,"footnotes":""},"categories":[11078,2,3,11091],"tags":[9675,2741,8318],"class_list":{"0":"post-178142","1":"post","2":"type-post","3":"status-publish","4":"format-standard","5":"has-post-thumbnail","7":"category-assinantes","8":"category-featured","9":"category-geral","10":"category-servicos","11":"tag-calcada","12":"tag-ciclovia","13":"tag-rua-mauricio-cardoso","14":"pmpro-level-required","15":"pmpro-level-2","16":"pmpro-level-4","17":"pmpro-level-5","18":"pmpro-no-access"},"yoast_head":"<!-- This site is optimized with the Yoast SEO plugin v27.5 - https:\/\/yoast.com\/product\/yoast-seo-wordpress\/ -->\n<title>Teut\u00f4nia aguarda assinatura de conv\u00eanio para revitalizar a ciclovia e as cal\u00e7adas - Folha Popular<\/title>\n<meta name=\"robots\" content=\"index, follow, max-snippet:-1, max-image-preview:large, max-video-preview:-1\" \/>\n<link rel=\"canonical\" href=\"https:\/\/folhapopular.info\/index.php\/2025\/01\/08\/teutonia-aguarda-assinatura-de-convenio-para-revitalizar-a-ciclovia-e-as-calcadas\/\" \/>\n<meta property=\"og:locale\" content=\"pt_BR\" \/>\n<meta property=\"og:type\" content=\"article\" \/>\n<meta property=\"og:title\" content=\"Teut\u00f4nia aguarda assinatura de conv\u00eanio para revitalizar a ciclovia e as cal\u00e7adas - Folha Popular\" \/>\n<meta property=\"og:description\" content=\"A prefeitura de Teut\u00f4nia inscreveu um projeto junto ao Governo do Estado, ainda em 2024, para revitaliza\u00e7\u00e3o da ciclovia e da pista de caminhada da Rua Maur\u00edcio Cardoso, no Bairro Teut\u00f4nia. No fim do ano, o projeto foi contemplado, e agora resta a assinatura do conv\u00eanio, que ainda n\u00e3o possui data para ocorrer. As melhorias [&hellip;]\" \/>\n<meta property=\"og:url\" content=\"https:\/\/folhapopular.info\/index.php\/2025\/01\/08\/teutonia-aguarda-assinatura-de-convenio-para-revitalizar-a-ciclovia-e-as-calcadas\/\" \/>\n<meta property=\"og:site_name\" content=\"Folha Popular\" \/>\n<meta property=\"article:published_time\" content=\"2025-01-08T15:00:00+00:00\" \/>\n<meta property=\"og:image\" content=\"https:\/\/folhapopular.info\/wp-content\/uploads\/2025\/01\/Trecho-inicia-no-acesso-a-Westfalia-e-segue-ate-a-ponte-sobre-o-Arroio-Harmonia-na-Cuba_Reproducao_Google-Earth.jpeg\" \/>\n\t<meta property=\"og:image:width\" content=\"1600\" \/>\n\t<meta property=\"og:image:height\" content=\"900\" \/>\n\t<meta property=\"og:image:type\" content=\"image\/jpeg\" \/>\n<meta name=\"author\" content=\"Camille Lenz da Silva\" \/>\n<meta name=\"twitter:card\" content=\"summary_large_image\" \/>\n<meta name=\"twitter:label1\" content=\"Escrito por\" \/>\n\t<meta name=\"twitter:data1\" content=\"Camille Lenz da Silva\" \/>\n\t<meta name=\"twitter:label2\" content=\"Est. tempo de leitura\" \/>\n\t<meta name=\"twitter:data2\" content=\"3 minutos\" \/>\n<script type=\"application\/ld+json\" class=\"yoast-schema-graph\">{\"@context\":\"https:\\\/\\\/schema.org\",\"@graph\":[{\"@type\":\"Article\",\"@id\":\"https:\\\/\\\/folhapopular.info\\\/index.php\\\/2025\\\/01\\\/08\\\/teutonia-aguarda-assinatura-de-convenio-para-revitalizar-a-ciclovia-e-as-calcadas\\\/#article\",\"isPartOf\":{\"@id\":\"https:\\\/\\\/folhapopular.info\\\/index.php\\\/2025\\\/01\\\/08\\\/teutonia-aguarda-assinatura-de-convenio-para-revitalizar-a-ciclovia-e-as-calcadas\\\/\"},\"author\":{\"name\":\"Camille Lenz da Silva\",\"@id\":\"https:\\\/\\\/folhapopular.info\\\/#\\\/schema\\\/person\\\/f0b811f932ef2505faf473ffaef49df5\"},\"headline\":\"Teut\u00f4nia aguarda assinatura de conv\u00eanio para revitalizar a ciclovia e as cal\u00e7adas\",\"datePublished\":\"2025-01-08T15:00:00+00:00\",\"mainEntityOfPage\":{\"@id\":\"https:\\\/\\\/folhapopular.info\\\/index.php\\\/2025\\\/01\\\/08\\\/teutonia-aguarda-assinatura-de-convenio-para-revitalizar-a-ciclovia-e-as-calcadas\\\/\"},\"wordCount\":532,\"commentCount\":0,\"image\":{\"@id\":\"https:\\\/\\\/folhapopular.info\\\/index.php\\\/2025\\\/01\\\/08\\\/teutonia-aguarda-assinatura-de-convenio-para-revitalizar-a-ciclovia-e-as-calcadas\\\/#primaryimage\"},\"thumbnailUrl\":\"https:\\\/\\\/folhapopular.info\\\/wp-content\\\/uploads\\\/2025\\\/01\\\/Trecho-inicia-no-acesso-a-Westfalia-e-segue-ate-a-ponte-sobre-o-Arroio-Harmonia-na-Cuba_Reproducao_Google-Earth.jpeg\",\"keywords\":[\"Cal\u00e7ada\",\"Ciclovia\",\"Rua Maur\u00edcio Cardoso\"],\"articleSection\":[\"Assinantes\",\"Destaques\",\"Geral\",\"Servi\u00e7os\"],\"inLanguage\":\"pt-BR\",\"potentialAction\":[{\"@type\":\"CommentAction\",\"name\":\"Comment\",\"target\":[\"https:\\\/\\\/folhapopular.info\\\/index.php\\\/2025\\\/01\\\/08\\\/teutonia-aguarda-assinatura-de-convenio-para-revitalizar-a-ciclovia-e-as-calcadas\\\/#respond\"]}]},{\"@type\":\"WebPage\",\"@id\":\"https:\\\/\\\/folhapopular.info\\\/index.php\\\/2025\\\/01\\\/08\\\/teutonia-aguarda-assinatura-de-convenio-para-revitalizar-a-ciclovia-e-as-calcadas\\\/\",\"url\":\"https:\\\/\\\/folhapopular.info\\\/index.php\\\/2025\\\/01\\\/08\\\/teutonia-aguarda-assinatura-de-convenio-para-revitalizar-a-ciclovia-e-as-calcadas\\\/\",\"name\":\"Teut\u00f4nia aguarda assinatura de conv\u00eanio para revitalizar a ciclovia e as cal\u00e7adas - Folha Popular\",\"isPartOf\":{\"@id\":\"https:\\\/\\\/folhapopular.info\\\/#website\"},\"primaryImageOfPage\":{\"@id\":\"https:\\\/\\\/folhapopular.info\\\/index.php\\\/2025\\\/01\\\/08\\\/teutonia-aguarda-assinatura-de-convenio-para-revitalizar-a-ciclovia-e-as-calcadas\\\/#primaryimage\"},\"image\":{\"@id\":\"https:\\\/\\\/folhapopular.info\\\/index.php\\\/2025\\\/01\\\/08\\\/teutonia-aguarda-assinatura-de-convenio-para-revitalizar-a-ciclovia-e-as-calcadas\\\/#primaryimage\"},\"thumbnailUrl\":\"https:\\\/\\\/folhapopular.info\\\/wp-content\\\/uploads\\\/2025\\\/01\\\/Trecho-inicia-no-acesso-a-Westfalia-e-segue-ate-a-ponte-sobre-o-Arroio-Harmonia-na-Cuba_Reproducao_Google-Earth.jpeg\",\"datePublished\":\"2025-01-08T15:00:00+00:00\",\"author\":{\"@id\":\"https:\\\/\\\/folhapopular.info\\\/#\\\/schema\\\/person\\\/f0b811f932ef2505faf473ffaef49df5\"},\"breadcrumb\":{\"@id\":\"https:\\\/\\\/folhapopular.info\\\/index.php\\\/2025\\\/01\\\/08\\\/teutonia-aguarda-assinatura-de-convenio-para-revitalizar-a-ciclovia-e-as-calcadas\\\/#breadcrumb\"},\"inLanguage\":\"pt-BR\",\"potentialAction\":[{\"@type\":\"ReadAction\",\"target\":[\"https:\\\/\\\/folhapopular.info\\\/index.php\\\/2025\\\/01\\\/08\\\/teutonia-aguarda-assinatura-de-convenio-para-revitalizar-a-ciclovia-e-as-calcadas\\\/\"]}]},{\"@type\":\"ImageObject\",\"inLanguage\":\"pt-BR\",\"@id\":\"https:\\\/\\\/folhapopular.info\\\/index.php\\\/2025\\\/01\\\/08\\\/teutonia-aguarda-assinatura-de-convenio-para-revitalizar-a-ciclovia-e-as-calcadas\\\/#primaryimage\",\"url\":\"https:\\\/\\\/folhapopular.info\\\/wp-content\\\/uploads\\\/2025\\\/01\\\/Trecho-inicia-no-acesso-a-Westfalia-e-segue-ate-a-ponte-sobre-o-Arroio-Harmonia-na-Cuba_Reproducao_Google-Earth.jpeg\",\"contentUrl\":\"https:\\\/\\\/folhapopular.info\\\/wp-content\\\/uploads\\\/2025\\\/01\\\/Trecho-inicia-no-acesso-a-Westfalia-e-segue-ate-a-ponte-sobre-o-Arroio-Harmonia-na-Cuba_Reproducao_Google-Earth.jpeg\",\"width\":1600,\"height\":900,\"caption\":\"Trecho inicia no acesso a Westf\u00e1lia e segue at\u00e9 a ponte sobre o Arroio Harmonia, na Cuba \\\/ Cr\u00e9dito: Reprodu\u00e7\u00e3o - Google Earth\"},{\"@type\":\"BreadcrumbList\",\"@id\":\"https:\\\/\\\/folhapopular.info\\\/index.php\\\/2025\\\/01\\\/08\\\/teutonia-aguarda-assinatura-de-convenio-para-revitalizar-a-ciclovia-e-as-calcadas\\\/#breadcrumb\",\"itemListElement\":[{\"@type\":\"ListItem\",\"position\":1,\"name\":\"In\u00edcio\",\"item\":\"https:\\\/\\\/folhapopular.info\\\/\"},{\"@type\":\"ListItem\",\"position\":2,\"name\":\"Teut\u00f4nia aguarda assinatura de conv\u00eanio para revitalizar a ciclovia e as cal\u00e7adas\"}]},{\"@type\":\"WebSite\",\"@id\":\"https:\\\/\\\/folhapopular.info\\\/#website\",\"url\":\"https:\\\/\\\/folhapopular.info\\\/\",\"name\":\"Folha Popular\",\"description\":\"Onde voc\u00ea tem vez e voz\",\"potentialAction\":[{\"@type\":\"SearchAction\",\"target\":{\"@type\":\"EntryPoint\",\"urlTemplate\":\"https:\\\/\\\/folhapopular.info\\\/?s={search_term_string}\"},\"query-input\":{\"@type\":\"PropertyValueSpecification\",\"valueRequired\":true,\"valueName\":\"search_term_string\"}}],\"inLanguage\":\"pt-BR\"},{\"@type\":\"Person\",\"@id\":\"https:\\\/\\\/folhapopular.info\\\/#\\\/schema\\\/person\\\/f0b811f932ef2505faf473ffaef49df5\",\"name\":\"Camille Lenz da Silva\",\"image\":{\"@type\":\"ImageObject\",\"inLanguage\":\"pt-BR\",\"@id\":\"https:\\\/\\\/secure.gravatar.com\\\/avatar\\\/50be826d73ca259ec0e0a88a407f5de800c576c46cfdc57e50ef28551e216fff?s=96&d=mm&r=g\",\"url\":\"https:\\\/\\\/secure.gravatar.com\\\/avatar\\\/50be826d73ca259ec0e0a88a407f5de800c576c46cfdc57e50ef28551e216fff?s=96&d=mm&r=g\",\"contentUrl\":\"https:\\\/\\\/secure.gravatar.com\\\/avatar\\\/50be826d73ca259ec0e0a88a407f5de800c576c46cfdc57e50ef28551e216fff?s=96&d=mm&r=g\",\"caption\":\"Camille Lenz da Silva\"},\"url\":\"https:\\\/\\\/folhapopular.info\\\/index.php\\\/author\\\/camillelenzgmail-com\\\/\"}]}<\/script>\n<!-- \/ Yoast SEO plugin. -->","yoast_head_json":{"title":"Teut\u00f4nia aguarda assinatura de conv\u00eanio para revitalizar a ciclovia e as cal\u00e7adas - Folha Popular","robots":{"index":"index","follow":"follow","max-snippet":"max-snippet:-1","max-image-preview":"max-image-preview:large","max-video-preview":"max-video-preview:-1"},"canonical":"https:\/\/folhapopular.info\/index.php\/2025\/01\/08\/teutonia-aguarda-assinatura-de-convenio-para-revitalizar-a-ciclovia-e-as-calcadas\/","og_locale":"pt_BR","og_type":"article","og_title":"Teut\u00f4nia aguarda assinatura de conv\u00eanio para revitalizar a ciclovia e as cal\u00e7adas - Folha Popular","og_description":"A prefeitura de Teut\u00f4nia inscreveu um projeto junto ao Governo do Estado, ainda em 2024, para revitaliza\u00e7\u00e3o da ciclovia e da pista de caminhada da Rua Maur\u00edcio Cardoso, no Bairro Teut\u00f4nia. No fim do ano, o projeto foi contemplado, e agora resta a assinatura do conv\u00eanio, que ainda n\u00e3o possui data para ocorrer. As melhorias [&hellip;]","og_url":"https:\/\/folhapopular.info\/index.php\/2025\/01\/08\/teutonia-aguarda-assinatura-de-convenio-para-revitalizar-a-ciclovia-e-as-calcadas\/","og_site_name":"Folha Popular","article_published_time":"2025-01-08T15:00:00+00:00","og_image":[{"width":1600,"height":900,"url":"https:\/\/folhapopular.info\/wp-content\/uploads\/2025\/01\/Trecho-inicia-no-acesso-a-Westfalia-e-segue-ate-a-ponte-sobre-o-Arroio-Harmonia-na-Cuba_Reproducao_Google-Earth.jpeg","type":"image\/jpeg"}],"author":"Camille Lenz da Silva","twitter_card":"summary_large_image","twitter_misc":{"Escrito por":"Camille Lenz da Silva","Est. tempo de leitura":"3 minutos"},"schema":{"@context":"https:\/\/schema.org","@graph":[{"@type":"Article","@id":"https:\/\/folhapopular.info\/index.php\/2025\/01\/08\/teutonia-aguarda-assinatura-de-convenio-para-revitalizar-a-ciclovia-e-as-calcadas\/#article","isPartOf":{"@id":"https:\/\/folhapopular.info\/index.php\/2025\/01\/08\/teutonia-aguarda-assinatura-de-convenio-para-revitalizar-a-ciclovia-e-as-calcadas\/"},"author":{"name":"Camille Lenz da Silva","@id":"https:\/\/folhapopular.info\/#\/schema\/person\/f0b811f932ef2505faf473ffaef49df5"},"headline":"Teut\u00f4nia aguarda assinatura de conv\u00eanio para revitalizar a ciclovia e as cal\u00e7adas","datePublished":"2025-01-08T15:00:00+00:00","mainEntityOfPage":{"@id":"https:\/\/folhapopular.info\/index.php\/2025\/01\/08\/teutonia-aguarda-assinatura-de-convenio-para-revitalizar-a-ciclovia-e-as-calcadas\/"},"wordCount":532,"commentCount":0,"image":{"@id":"https:\/\/folhapopular.info\/index.php\/2025\/01\/08\/teutonia-aguarda-assinatura-de-convenio-para-revitalizar-a-ciclovia-e-as-calcadas\/#primaryimage"},"thumbnailUrl":"https:\/\/folhapopular.info\/wp-content\/uploads\/2025\/01\/Trecho-inicia-no-acesso-a-Westfalia-e-segue-ate-a-ponte-sobre-o-Arroio-Harmonia-na-Cuba_Reproducao_Google-Earth.jpeg","keywords":["Cal\u00e7ada","Ciclovia","Rua Maur\u00edcio Cardoso"],"articleSection":["Assinantes","Destaques","Geral","Servi\u00e7os"],"inLanguage":"pt-BR","potentialAction":[{"@type":"CommentAction","name":"Comment","target":["https:\/\/folhapopular.info\/index.php\/2025\/01\/08\/teutonia-aguarda-assinatura-de-convenio-para-revitalizar-a-ciclovia-e-as-calcadas\/#respond"]}]},{"@type":"WebPage","@id":"https:\/\/folhapopular.info\/index.php\/2025\/01\/08\/teutonia-aguarda-assinatura-de-convenio-para-revitalizar-a-ciclovia-e-as-calcadas\/","url":"https:\/\/folhapopular.info\/index.php\/2025\/01\/08\/teutonia-aguarda-assinatura-de-convenio-para-revitalizar-a-ciclovia-e-as-calcadas\/","name":"Teut\u00f4nia aguarda assinatura de conv\u00eanio para revitalizar a ciclovia e as cal\u00e7adas - Folha Popular","isPartOf":{"@id":"https:\/\/folhapopular.info\/#website"},"primaryImageOfPage":{"@id":"https:\/\/folhapopular.info\/index.php\/2025\/01\/08\/teutonia-aguarda-assinatura-de-convenio-para-revitalizar-a-ciclovia-e-as-calcadas\/#primaryimage"},"image":{"@id":"https:\/\/folhapopular.info\/index.php\/2025\/01\/08\/teutonia-aguarda-assinatura-de-convenio-para-revitalizar-a-ciclovia-e-as-calcadas\/#primaryimage"},"thumbnailUrl":"https:\/\/folhapopular.info\/wp-content\/uploads\/2025\/01\/Trecho-inicia-no-acesso-a-Westfalia-e-segue-ate-a-ponte-sobre-o-Arroio-Harmonia-na-Cuba_Reproducao_Google-Earth.jpeg","datePublished":"2025-01-08T15:00:00+00:00","author":{"@id":"https:\/\/folhapopular.info\/#\/schema\/person\/f0b811f932ef2505faf473ffaef49df5"},"breadcrumb":{"@id":"https:\/\/folhapopular.info\/index.php\/2025\/01\/08\/teutonia-aguarda-assinatura-de-convenio-para-revitalizar-a-ciclovia-e-as-calcadas\/#breadcrumb"},"inLanguage":"pt-BR","potentialAction":[{"@type":"ReadAction","target":["https:\/\/folhapopular.info\/index.php\/2025\/01\/08\/teutonia-aguarda-assinatura-de-convenio-para-revitalizar-a-ciclovia-e-as-calcadas\/"]}]},{"@type":"ImageObject","inLanguage":"pt-BR","@id":"https:\/\/folhapopular.info\/index.php\/2025\/01\/08\/teutonia-aguarda-assinatura-de-convenio-para-revitalizar-a-ciclovia-e-as-calcadas\/#primaryimage","url":"https:\/\/folhapopular.info\/wp-content\/uploads\/2025\/01\/Trecho-inicia-no-acesso-a-Westfalia-e-segue-ate-a-ponte-sobre-o-Arroio-Harmonia-na-Cuba_Reproducao_Google-Earth.jpeg","contentUrl":"https:\/\/folhapopular.info\/wp-content\/uploads\/2025\/01\/Trecho-inicia-no-acesso-a-Westfalia-e-segue-ate-a-ponte-sobre-o-Arroio-Harmonia-na-Cuba_Reproducao_Google-Earth.jpeg","width":1600,"height":900,"caption":"Trecho inicia no acesso a Westf\u00e1lia e segue at\u00e9 a ponte sobre o Arroio Harmonia, na Cuba \/ Cr\u00e9dito: Reprodu\u00e7\u00e3o - Google Earth"},{"@type":"BreadcrumbList","@id":"https:\/\/folhapopular.info\/index.php\/2025\/01\/08\/teutonia-aguarda-assinatura-de-convenio-para-revitalizar-a-ciclovia-e-as-calcadas\/#breadcrumb","itemListElement":[{"@type":"ListItem","position":1,"name":"In\u00edcio","item":"https:\/\/folhapopular.info\/"},{"@type":"ListItem","position":2,"name":"Teut\u00f4nia aguarda assinatura de conv\u00eanio para revitalizar a ciclovia e as cal\u00e7adas"}]},{"@type":"WebSite","@id":"https:\/\/folhapopular.info\/#website","url":"https:\/\/folhapopular.info\/","name":"Folha Popular","description":"Onde voc\u00ea tem vez e voz","potentialAction":[{"@type":"SearchAction","target":{"@type":"EntryPoint","urlTemplate":"https:\/\/folhapopular.info\/?s={search_term_string}"},"query-input":{"@type":"PropertyValueSpecification","valueRequired":true,"valueName":"search_term_string"}}],"inLanguage":"pt-BR"},{"@type":"Person","@id":"https:\/\/folhapopular.info\/#\/schema\/person\/f0b811f932ef2505faf473ffaef49df5","name":"Camille Lenz da Silva","image":{"@type":"ImageObject","inLanguage":"pt-BR","@id":"https:\/\/secure.gravatar.com\/avatar\/50be826d73ca259ec0e0a88a407f5de800c576c46cfdc57e50ef28551e216fff?s=96&d=mm&r=g","url":"https:\/\/secure.gravatar.com\/avatar\/50be826d73ca259ec0e0a88a407f5de800c576c46cfdc57e50ef28551e216fff?s=96&d=mm&r=g","contentUrl":"https:\/\/secure.gravatar.com\/avatar\/50be826d73ca259ec0e0a88a407f5de800c576c46cfdc57e50ef28551e216fff?s=96&d=mm&r=g","caption":"Camille Lenz da Silva"},"url":"https:\/\/folhapopular.info\/index.php\/author\/camillelenzgmail-com\/"}]}},"jetpack_featured_media_url":"https:\/\/folhapopular.info\/wp-content\/uploads\/2025\/01\/Trecho-inicia-no-acesso-a-Westfalia-e-segue-ate-a-ponte-sobre-o-Arroio-Harmonia-na-Cuba_Reproducao_Google-Earth.jpeg","jetpack_sharing_enabled":true,"amp_enabled":true,"_links":{"self":[{"href":"https:\/\/folhapopular.info\/index.php\/wp-json\/wp\/v2\/posts\/178142","targetHints":{"allow":["GET"]}}],"collection":[{"href":"https:\/\/folhapopular.info\/index.php\/wp-json\/wp\/v2\/posts"}],"about":[{"href":"https:\/\/folhapopular.info\/index.php\/wp-json\/wp\/v2\/types\/post"}],"author":[{"embeddable":true,"href":"https:\/\/folhapopular.info\/index.php\/wp-json\/wp\/v2\/users\/639"}],"replies":[{"embeddable":true,"href":"https:\/\/folhapopular.info\/index.php\/wp-json\/wp\/v2\/comments?post=178142"}],"version-history":[{"count":0,"href":"https:\/\/folhapopular.info\/index.php\/wp-json\/wp\/v2\/posts\/178142\/revisions"}],"wp:featuredmedia":[{"embeddable":true,"href":"https:\/\/folhapopular.info\/index.php\/wp-json\/wp\/v2\/media\/178143"}],"wp:attachment":[{"href":"https:\/\/folhapopular.info\/index.php\/wp-json\/wp\/v2\/media?parent=178142"}],"wp:term":[{"taxonomy":"category","embeddable":true,"href":"https:\/\/folhapopular.info\/index.php\/wp-json\/wp\/v2\/categories?post=178142"},{"taxonomy":"post_tag","embeddable":true,"href":"https:\/\/folhapopular.info\/index.php\/wp-json\/wp\/v2\/tags?post=178142"}],"curies":[{"name":"wp","href":"https:\/\/api.w.org\/{rel}","templated":true}]}}