{"id":178354,"date":"2025-01-11T09:00:00","date_gmt":"2025-01-11T12:00:00","guid":{"rendered":"https:\/\/folhapopular.info\/?p=178354"},"modified":"2025-01-10T16:22:57","modified_gmt":"2025-01-10T19:22:57","slug":"projeto-renascer-prepara-jovens-da-regiao-ha-7-anos-em-colinas","status":"publish","type":"post","link":"https:\/\/folhapopular.info\/index.php\/2025\/01\/11\/projeto-renascer-prepara-jovens-da-regiao-ha-7-anos-em-colinas\/","title":{"rendered":"Projeto Renascer prepara jovens da regi\u00e3o h\u00e1 7 anos em Colinas"},"content":{"rendered":"\n<p>Com 7 anos de atua\u00e7\u00e3o, o Projeto Renascer se destaca no munic\u00edpio de Colinas como uma iniciativa social gratuita que alia esporte e educa\u00e7\u00e3o para crian\u00e7as e adolescentes de 5 a 17 anos.<\/p>\n\n\n\n<p>Com foco no desenvolvimento pessoal e escolar, o projeto busca afastar os jovens de influ\u00eancias negativas, incentivando-os a perseguir seus sonhos no futebol e formar cidad\u00e3os mais disciplinados e preparados para o futuro.<\/p>\n\n\n\n<p>Hoje, o Renascer atende 105 crian\u00e7as, incluindo meninos e meninas, com atividades realizadas em dois turnos aos s\u00e1bados e, em breve, em um dia durante a semana.<\/p>\n\n\n\n<p>A ideia de criar o projeto nasceu do desejo do fundador, Paulo C\u00e9sar Miranda, de dedicar mais tempo aos filhos e compartilhar a paix\u00e3o pelo futebol com outras crian\u00e7as. \u201cNo primeiro dia, distribu\u00ed convites nas escolas do munic\u00edpio e recebi 42 crian\u00e7as. Desde ent\u00e3o, o projeto n\u00e3o parou de crescer e segue at\u00e9 hoje\u201d, relembra o idealizador.<\/p>\n\n\n\n<p>O projeto j\u00e1 levou alguns de seus alunos a realizar testes em grandes clubes, como Internacional, Juventude e Chapecoense, por meio de parcerias que incentivam o crescimento dos jovens atletas. Al\u00e9m disso, as crian\u00e7as participam de campeonatos regionais, nacionais e internacionais, como torneios em Santa Catarina, Argentina e a Copa Pi\u00e1, em Lajeado, que \u00e9 um dos destaques para os organizadores.<\/p>\n\n\n\n<p>O Renascer tem um professor formado em sua comiss\u00e3o, financiado por recursos da Sicredi Ouro Branco, al\u00e9m de tr\u00eas volunt\u00e1rios. Uniformes s\u00e3o providenciados gratuitamente para os jovens, gra\u00e7as ao patroc\u00ednio do Fundo Social da cooperativa. A iniciativa tamb\u00e9m promove eventos e rifas para manter as atividades em andamento.<\/p>\n\n\n\n<p>Em 2023, mesmo enfrentando desafios como atrasos causados por cat\u00e1strofes naturais que assolaram o Vale do Taquari, o projeto teve um ano de sucesso. Entre os destaques, conquistou t\u00edtulos em campeonatos de Santa Catarina, vencendo em tr\u00eas das quatro categorias que participou, e terminou o ano com seis trof\u00e9us em finais disputadas em dezembro.<\/p>\n\n\n\n<p>A equipe sofreu com as cheias, principalmente pelo local de treinamento e realiza\u00e7\u00e3o de partidas, no campo do Rui Barbosa de Colinas. \u201cSobrou apenas uma parte do gramado, mas nunca paramos. Treinamos no gramado do Tupo e agora estamos no gin\u00e1sio municipal e na quadra de escolas. Tenho f\u00e9 que nossa casa vai ser reconstru\u00edda novamente\u201d, almeja Miranda.<\/p>\n\n\n\n<p>\u201cO projeto \u00e9 motivo de muito orgulho. O carinho das crian\u00e7as nos emociona e<\/p>\n\n\n\n<p>fortalece. Ver o impacto que temos na vida delas \u00e9 a maior recompensa\u201d, afirma Paulo. Ele refor\u00e7a a import\u00e2ncia de iniciativas que v\u00e3o al\u00e9m do esporte, contribuindo para a forma\u00e7\u00e3o de jovens cidad\u00e3os.<\/p>\n\n\n\n<p>Para 2025, o Projeto Renascer tenta a contrata\u00e7\u00e3o de um professor, para oferecer mais horas de treinamentos e evolu\u00e7\u00e3o aos atletas envolvidos.<\/p>\n","protected":false},"excerpt":{"rendered":"<p>Com 7 anos de atua\u00e7\u00e3o, o Projeto Renascer se destaca no munic\u00edpio de Colinas como uma iniciativa social gratuita que alia esporte e educa\u00e7\u00e3o para crian\u00e7as e adolescentes de 5 a 17 anos. Com foco no desenvolvimento pessoal e escolar, o projeto busca afastar os jovens de influ\u00eancias negativas, incentivando-os a perseguir seus sonhos no [&hellip;]<\/p>\n","protected":false},"author":732,"featured_media":178355,"comment_status":"open","ping_status":"open","sticky":false,"template":"","format":"standard","meta":{"pmpro_default_level":"","_jetpack_memberships_contains_paid_content":false,"footnotes":""},"categories":[5],"tags":[183,498,17576,156],"class_list":{"0":"post-178354","1":"post","2":"type-post","3":"status-publish","4":"format-standard","5":"has-post-thumbnail","7":"category-esportes","8":"tag-colinas","9":"tag-futebol","10":"tag-projeto-renascer","11":"tag-vale-do-taquari","12":"pmpro-has-access"},"yoast_head":"<!-- This site is optimized with the Yoast SEO plugin v27.5 - https:\/\/yoast.com\/product\/yoast-seo-wordpress\/ -->\n<title>Projeto Renascer prepara jovens da regi\u00e3o h\u00e1 7 anos em Colinas - Folha Popular<\/title>\n<meta name=\"robots\" content=\"index, follow, max-snippet:-1, max-image-preview:large, max-video-preview:-1\" \/>\n<link rel=\"canonical\" href=\"https:\/\/folhapopular.info\/index.php\/2025\/01\/11\/projeto-renascer-prepara-jovens-da-regiao-ha-7-anos-em-colinas\/\" \/>\n<meta property=\"og:locale\" content=\"pt_BR\" \/>\n<meta property=\"og:type\" content=\"article\" \/>\n<meta property=\"og:title\" content=\"Projeto Renascer prepara jovens da regi\u00e3o h\u00e1 7 anos em Colinas - Folha Popular\" \/>\n<meta property=\"og:description\" content=\"Com 7 anos de atua\u00e7\u00e3o, o Projeto Renascer se destaca no munic\u00edpio de Colinas como uma iniciativa social gratuita que alia esporte e educa\u00e7\u00e3o para crian\u00e7as e adolescentes de 5 a 17 anos. Com foco no desenvolvimento pessoal e escolar, o projeto busca afastar os jovens de influ\u00eancias negativas, incentivando-os a perseguir seus sonhos no [&hellip;]\" \/>\n<meta property=\"og:url\" content=\"https:\/\/folhapopular.info\/index.php\/2025\/01\/11\/projeto-renascer-prepara-jovens-da-regiao-ha-7-anos-em-colinas\/\" \/>\n<meta property=\"og:site_name\" content=\"Folha Popular\" \/>\n<meta property=\"article:author\" content=\"https:\/\/www.facebook.com\/luis.huppes\/\" \/>\n<meta property=\"article:published_time\" content=\"2025-01-11T12:00:00+00:00\" \/>\n<meta property=\"og:image\" content=\"https:\/\/folhapopular.info\/wp-content\/uploads\/2025\/01\/Primeira-foto-tirada-do-projeto-em-2018-hoje-sao-mais-de-105-criancas-atendidas_Divulgacao.jpeg\" \/>\n\t<meta property=\"og:image:width\" content=\"960\" \/>\n\t<meta property=\"og:image:height\" content=\"719\" \/>\n\t<meta property=\"og:image:type\" content=\"image\/jpeg\" \/>\n<meta name=\"author\" content=\"Luis Augusto Huppes\" \/>\n<meta name=\"twitter:card\" content=\"summary_large_image\" \/>\n<meta name=\"twitter:label1\" content=\"Escrito por\" \/>\n\t<meta name=\"twitter:data1\" content=\"Luis Augusto Huppes\" \/>\n\t<meta name=\"twitter:label2\" content=\"Est. tempo de leitura\" \/>\n\t<meta name=\"twitter:data2\" content=\"3 minutos\" \/>\n<script type=\"application\/ld+json\" class=\"yoast-schema-graph\">{\"@context\":\"https:\\\/\\\/schema.org\",\"@graph\":[{\"@type\":\"Article\",\"@id\":\"https:\\\/\\\/folhapopular.info\\\/index.php\\\/2025\\\/01\\\/11\\\/projeto-renascer-prepara-jovens-da-regiao-ha-7-anos-em-colinas\\\/#article\",\"isPartOf\":{\"@id\":\"https:\\\/\\\/folhapopular.info\\\/index.php\\\/2025\\\/01\\\/11\\\/projeto-renascer-prepara-jovens-da-regiao-ha-7-anos-em-colinas\\\/\"},\"author\":{\"name\":\"Luis Augusto Huppes\",\"@id\":\"https:\\\/\\\/folhapopular.info\\\/#\\\/schema\\\/person\\\/e852c327371714676d02e58cf917fd9f\"},\"headline\":\"Projeto Renascer prepara jovens da regi\u00e3o h\u00e1 7 anos em Colinas\",\"datePublished\":\"2025-01-11T12:00:00+00:00\",\"mainEntityOfPage\":{\"@id\":\"https:\\\/\\\/folhapopular.info\\\/index.php\\\/2025\\\/01\\\/11\\\/projeto-renascer-prepara-jovens-da-regiao-ha-7-anos-em-colinas\\\/\"},\"wordCount\":482,\"commentCount\":0,\"image\":{\"@id\":\"https:\\\/\\\/folhapopular.info\\\/index.php\\\/2025\\\/01\\\/11\\\/projeto-renascer-prepara-jovens-da-regiao-ha-7-anos-em-colinas\\\/#primaryimage\"},\"thumbnailUrl\":\"https:\\\/\\\/folhapopular.info\\\/wp-content\\\/uploads\\\/2025\\\/01\\\/Primeira-foto-tirada-do-projeto-em-2018-hoje-sao-mais-de-105-criancas-atendidas_Divulgacao.jpeg\",\"keywords\":[\"Colinas\",\"Futebol\",\"Projeto Renascer\",\"Vale do Taquari\"],\"articleSection\":[\"Esportes\"],\"inLanguage\":\"pt-BR\",\"potentialAction\":[{\"@type\":\"CommentAction\",\"name\":\"Comment\",\"target\":[\"https:\\\/\\\/folhapopular.info\\\/index.php\\\/2025\\\/01\\\/11\\\/projeto-renascer-prepara-jovens-da-regiao-ha-7-anos-em-colinas\\\/#respond\"]}]},{\"@type\":\"WebPage\",\"@id\":\"https:\\\/\\\/folhapopular.info\\\/index.php\\\/2025\\\/01\\\/11\\\/projeto-renascer-prepara-jovens-da-regiao-ha-7-anos-em-colinas\\\/\",\"url\":\"https:\\\/\\\/folhapopular.info\\\/index.php\\\/2025\\\/01\\\/11\\\/projeto-renascer-prepara-jovens-da-regiao-ha-7-anos-em-colinas\\\/\",\"name\":\"Projeto Renascer prepara jovens da regi\u00e3o h\u00e1 7 anos em Colinas - Folha Popular\",\"isPartOf\":{\"@id\":\"https:\\\/\\\/folhapopular.info\\\/#website\"},\"primaryImageOfPage\":{\"@id\":\"https:\\\/\\\/folhapopular.info\\\/index.php\\\/2025\\\/01\\\/11\\\/projeto-renascer-prepara-jovens-da-regiao-ha-7-anos-em-colinas\\\/#primaryimage\"},\"image\":{\"@id\":\"https:\\\/\\\/folhapopular.info\\\/index.php\\\/2025\\\/01\\\/11\\\/projeto-renascer-prepara-jovens-da-regiao-ha-7-anos-em-colinas\\\/#primaryimage\"},\"thumbnailUrl\":\"https:\\\/\\\/folhapopular.info\\\/wp-content\\\/uploads\\\/2025\\\/01\\\/Primeira-foto-tirada-do-projeto-em-2018-hoje-sao-mais-de-105-criancas-atendidas_Divulgacao.jpeg\",\"datePublished\":\"2025-01-11T12:00:00+00:00\",\"author\":{\"@id\":\"https:\\\/\\\/folhapopular.info\\\/#\\\/schema\\\/person\\\/e852c327371714676d02e58cf917fd9f\"},\"breadcrumb\":{\"@id\":\"https:\\\/\\\/folhapopular.info\\\/index.php\\\/2025\\\/01\\\/11\\\/projeto-renascer-prepara-jovens-da-regiao-ha-7-anos-em-colinas\\\/#breadcrumb\"},\"inLanguage\":\"pt-BR\",\"potentialAction\":[{\"@type\":\"ReadAction\",\"target\":[\"https:\\\/\\\/folhapopular.info\\\/index.php\\\/2025\\\/01\\\/11\\\/projeto-renascer-prepara-jovens-da-regiao-ha-7-anos-em-colinas\\\/\"]}]},{\"@type\":\"ImageObject\",\"inLanguage\":\"pt-BR\",\"@id\":\"https:\\\/\\\/folhapopular.info\\\/index.php\\\/2025\\\/01\\\/11\\\/projeto-renascer-prepara-jovens-da-regiao-ha-7-anos-em-colinas\\\/#primaryimage\",\"url\":\"https:\\\/\\\/folhapopular.info\\\/wp-content\\\/uploads\\\/2025\\\/01\\\/Primeira-foto-tirada-do-projeto-em-2018-hoje-sao-mais-de-105-criancas-atendidas_Divulgacao.jpeg\",\"contentUrl\":\"https:\\\/\\\/folhapopular.info\\\/wp-content\\\/uploads\\\/2025\\\/01\\\/Primeira-foto-tirada-do-projeto-em-2018-hoje-sao-mais-de-105-criancas-atendidas_Divulgacao.jpeg\",\"width\":960,\"height\":719,\"caption\":\"Primeira foto tirada do projeto, em 2018; hoje, s\u00e3o mais de 105 crian\u00e7as atendidas \\\/ Cr\u00e9dito: Divulga\u00e7\u00e3o\"},{\"@type\":\"BreadcrumbList\",\"@id\":\"https:\\\/\\\/folhapopular.info\\\/index.php\\\/2025\\\/01\\\/11\\\/projeto-renascer-prepara-jovens-da-regiao-ha-7-anos-em-colinas\\\/#breadcrumb\",\"itemListElement\":[{\"@type\":\"ListItem\",\"position\":1,\"name\":\"In\u00edcio\",\"item\":\"https:\\\/\\\/folhapopular.info\\\/\"},{\"@type\":\"ListItem\",\"position\":2,\"name\":\"Projeto Renascer prepara jovens da regi\u00e3o h\u00e1 7 anos em Colinas\"}]},{\"@type\":\"WebSite\",\"@id\":\"https:\\\/\\\/folhapopular.info\\\/#website\",\"url\":\"https:\\\/\\\/folhapopular.info\\\/\",\"name\":\"Folha Popular\",\"description\":\"Onde voc\u00ea tem vez e voz\",\"potentialAction\":[{\"@type\":\"SearchAction\",\"target\":{\"@type\":\"EntryPoint\",\"urlTemplate\":\"https:\\\/\\\/folhapopular.info\\\/?s={search_term_string}\"},\"query-input\":{\"@type\":\"PropertyValueSpecification\",\"valueRequired\":true,\"valueName\":\"search_term_string\"}}],\"inLanguage\":\"pt-BR\"},{\"@type\":\"Person\",\"@id\":\"https:\\\/\\\/folhapopular.info\\\/#\\\/schema\\\/person\\\/e852c327371714676d02e58cf917fd9f\",\"name\":\"Luis Augusto Huppes\",\"image\":{\"@type\":\"ImageObject\",\"inLanguage\":\"pt-BR\",\"@id\":\"https:\\\/\\\/folhapopular.info\\\/wp-content\\\/uploads\\\/2026\\\/04\\\/Luis-Augusto-Huppes-1-1.webp\",\"url\":\"https:\\\/\\\/folhapopular.info\\\/wp-content\\\/uploads\\\/2026\\\/04\\\/Luis-Augusto-Huppes-1-1.webp\",\"contentUrl\":\"https:\\\/\\\/folhapopular.info\\\/wp-content\\\/uploads\\\/2026\\\/04\\\/Luis-Augusto-Huppes-1-1.webp\",\"caption\":\"Luis Augusto Huppes\"},\"sameAs\":[\"https:\\\/\\\/www.facebook.com\\\/luis.huppes\\\/\",\"https:\\\/\\\/www.instagram.com\\\/luis.huppes\\\/\",\"https:\\\/\\\/www.linkedin.com\\\/in\\\/luis-augusto-huppes-2554b52b7\\\/\"],\"url\":\"https:\\\/\\\/folhapopular.info\\\/index.php\\\/author\\\/luis-augusto-huppes\\\/\"}]}<\/script>\n<!-- \/ Yoast SEO plugin. -->","yoast_head_json":{"title":"Projeto Renascer prepara jovens da regi\u00e3o h\u00e1 7 anos em Colinas - Folha Popular","robots":{"index":"index","follow":"follow","max-snippet":"max-snippet:-1","max-image-preview":"max-image-preview:large","max-video-preview":"max-video-preview:-1"},"canonical":"https:\/\/folhapopular.info\/index.php\/2025\/01\/11\/projeto-renascer-prepara-jovens-da-regiao-ha-7-anos-em-colinas\/","og_locale":"pt_BR","og_type":"article","og_title":"Projeto Renascer prepara jovens da regi\u00e3o h\u00e1 7 anos em Colinas - Folha Popular","og_description":"Com 7 anos de atua\u00e7\u00e3o, o Projeto Renascer se destaca no munic\u00edpio de Colinas como uma iniciativa social gratuita que alia esporte e educa\u00e7\u00e3o para crian\u00e7as e adolescentes de 5 a 17 anos. Com foco no desenvolvimento pessoal e escolar, o projeto busca afastar os jovens de influ\u00eancias negativas, incentivando-os a perseguir seus sonhos no [&hellip;]","og_url":"https:\/\/folhapopular.info\/index.php\/2025\/01\/11\/projeto-renascer-prepara-jovens-da-regiao-ha-7-anos-em-colinas\/","og_site_name":"Folha Popular","article_author":"https:\/\/www.facebook.com\/luis.huppes\/","article_published_time":"2025-01-11T12:00:00+00:00","og_image":[{"width":960,"height":719,"url":"https:\/\/folhapopular.info\/wp-content\/uploads\/2025\/01\/Primeira-foto-tirada-do-projeto-em-2018-hoje-sao-mais-de-105-criancas-atendidas_Divulgacao.jpeg","type":"image\/jpeg"}],"author":"Luis Augusto Huppes","twitter_card":"summary_large_image","twitter_misc":{"Escrito por":"Luis Augusto Huppes","Est. tempo de leitura":"3 minutos"},"schema":{"@context":"https:\/\/schema.org","@graph":[{"@type":"Article","@id":"https:\/\/folhapopular.info\/index.php\/2025\/01\/11\/projeto-renascer-prepara-jovens-da-regiao-ha-7-anos-em-colinas\/#article","isPartOf":{"@id":"https:\/\/folhapopular.info\/index.php\/2025\/01\/11\/projeto-renascer-prepara-jovens-da-regiao-ha-7-anos-em-colinas\/"},"author":{"name":"Luis Augusto Huppes","@id":"https:\/\/folhapopular.info\/#\/schema\/person\/e852c327371714676d02e58cf917fd9f"},"headline":"Projeto Renascer prepara jovens da regi\u00e3o h\u00e1 7 anos em Colinas","datePublished":"2025-01-11T12:00:00+00:00","mainEntityOfPage":{"@id":"https:\/\/folhapopular.info\/index.php\/2025\/01\/11\/projeto-renascer-prepara-jovens-da-regiao-ha-7-anos-em-colinas\/"},"wordCount":482,"commentCount":0,"image":{"@id":"https:\/\/folhapopular.info\/index.php\/2025\/01\/11\/projeto-renascer-prepara-jovens-da-regiao-ha-7-anos-em-colinas\/#primaryimage"},"thumbnailUrl":"https:\/\/folhapopular.info\/wp-content\/uploads\/2025\/01\/Primeira-foto-tirada-do-projeto-em-2018-hoje-sao-mais-de-105-criancas-atendidas_Divulgacao.jpeg","keywords":["Colinas","Futebol","Projeto Renascer","Vale do Taquari"],"articleSection":["Esportes"],"inLanguage":"pt-BR","potentialAction":[{"@type":"CommentAction","name":"Comment","target":["https:\/\/folhapopular.info\/index.php\/2025\/01\/11\/projeto-renascer-prepara-jovens-da-regiao-ha-7-anos-em-colinas\/#respond"]}]},{"@type":"WebPage","@id":"https:\/\/folhapopular.info\/index.php\/2025\/01\/11\/projeto-renascer-prepara-jovens-da-regiao-ha-7-anos-em-colinas\/","url":"https:\/\/folhapopular.info\/index.php\/2025\/01\/11\/projeto-renascer-prepara-jovens-da-regiao-ha-7-anos-em-colinas\/","name":"Projeto Renascer prepara jovens da regi\u00e3o h\u00e1 7 anos em Colinas - Folha Popular","isPartOf":{"@id":"https:\/\/folhapopular.info\/#website"},"primaryImageOfPage":{"@id":"https:\/\/folhapopular.info\/index.php\/2025\/01\/11\/projeto-renascer-prepara-jovens-da-regiao-ha-7-anos-em-colinas\/#primaryimage"},"image":{"@id":"https:\/\/folhapopular.info\/index.php\/2025\/01\/11\/projeto-renascer-prepara-jovens-da-regiao-ha-7-anos-em-colinas\/#primaryimage"},"thumbnailUrl":"https:\/\/folhapopular.info\/wp-content\/uploads\/2025\/01\/Primeira-foto-tirada-do-projeto-em-2018-hoje-sao-mais-de-105-criancas-atendidas_Divulgacao.jpeg","datePublished":"2025-01-11T12:00:00+00:00","author":{"@id":"https:\/\/folhapopular.info\/#\/schema\/person\/e852c327371714676d02e58cf917fd9f"},"breadcrumb":{"@id":"https:\/\/folhapopular.info\/index.php\/2025\/01\/11\/projeto-renascer-prepara-jovens-da-regiao-ha-7-anos-em-colinas\/#breadcrumb"},"inLanguage":"pt-BR","potentialAction":[{"@type":"ReadAction","target":["https:\/\/folhapopular.info\/index.php\/2025\/01\/11\/projeto-renascer-prepara-jovens-da-regiao-ha-7-anos-em-colinas\/"]}]},{"@type":"ImageObject","inLanguage":"pt-BR","@id":"https:\/\/folhapopular.info\/index.php\/2025\/01\/11\/projeto-renascer-prepara-jovens-da-regiao-ha-7-anos-em-colinas\/#primaryimage","url":"https:\/\/folhapopular.info\/wp-content\/uploads\/2025\/01\/Primeira-foto-tirada-do-projeto-em-2018-hoje-sao-mais-de-105-criancas-atendidas_Divulgacao.jpeg","contentUrl":"https:\/\/folhapopular.info\/wp-content\/uploads\/2025\/01\/Primeira-foto-tirada-do-projeto-em-2018-hoje-sao-mais-de-105-criancas-atendidas_Divulgacao.jpeg","width":960,"height":719,"caption":"Primeira foto tirada do projeto, em 2018; hoje, s\u00e3o mais de 105 crian\u00e7as atendidas \/ Cr\u00e9dito: Divulga\u00e7\u00e3o"},{"@type":"BreadcrumbList","@id":"https:\/\/folhapopular.info\/index.php\/2025\/01\/11\/projeto-renascer-prepara-jovens-da-regiao-ha-7-anos-em-colinas\/#breadcrumb","itemListElement":[{"@type":"ListItem","position":1,"name":"In\u00edcio","item":"https:\/\/folhapopular.info\/"},{"@type":"ListItem","position":2,"name":"Projeto Renascer prepara jovens da regi\u00e3o h\u00e1 7 anos em Colinas"}]},{"@type":"WebSite","@id":"https:\/\/folhapopular.info\/#website","url":"https:\/\/folhapopular.info\/","name":"Folha Popular","description":"Onde voc\u00ea tem vez e voz","potentialAction":[{"@type":"SearchAction","target":{"@type":"EntryPoint","urlTemplate":"https:\/\/folhapopular.info\/?s={search_term_string}"},"query-input":{"@type":"PropertyValueSpecification","valueRequired":true,"valueName":"search_term_string"}}],"inLanguage":"pt-BR"},{"@type":"Person","@id":"https:\/\/folhapopular.info\/#\/schema\/person\/e852c327371714676d02e58cf917fd9f","name":"Luis Augusto Huppes","image":{"@type":"ImageObject","inLanguage":"pt-BR","@id":"https:\/\/folhapopular.info\/wp-content\/uploads\/2026\/04\/Luis-Augusto-Huppes-1-1.webp","url":"https:\/\/folhapopular.info\/wp-content\/uploads\/2026\/04\/Luis-Augusto-Huppes-1-1.webp","contentUrl":"https:\/\/folhapopular.info\/wp-content\/uploads\/2026\/04\/Luis-Augusto-Huppes-1-1.webp","caption":"Luis Augusto Huppes"},"sameAs":["https:\/\/www.facebook.com\/luis.huppes\/","https:\/\/www.instagram.com\/luis.huppes\/","https:\/\/www.linkedin.com\/in\/luis-augusto-huppes-2554b52b7\/"],"url":"https:\/\/folhapopular.info\/index.php\/author\/luis-augusto-huppes\/"}]}},"jetpack_featured_media_url":"https:\/\/folhapopular.info\/wp-content\/uploads\/2025\/01\/Primeira-foto-tirada-do-projeto-em-2018-hoje-sao-mais-de-105-criancas-atendidas_Divulgacao.jpeg","jetpack_sharing_enabled":true,"amp_enabled":true,"_links":{"self":[{"href":"https:\/\/folhapopular.info\/index.php\/wp-json\/wp\/v2\/posts\/178354","targetHints":{"allow":["GET"]}}],"collection":[{"href":"https:\/\/folhapopular.info\/index.php\/wp-json\/wp\/v2\/posts"}],"about":[{"href":"https:\/\/folhapopular.info\/index.php\/wp-json\/wp\/v2\/types\/post"}],"author":[{"embeddable":true,"href":"https:\/\/folhapopular.info\/index.php\/wp-json\/wp\/v2\/users\/732"}],"replies":[{"embeddable":true,"href":"https:\/\/folhapopular.info\/index.php\/wp-json\/wp\/v2\/comments?post=178354"}],"version-history":[{"count":0,"href":"https:\/\/folhapopular.info\/index.php\/wp-json\/wp\/v2\/posts\/178354\/revisions"}],"wp:featuredmedia":[{"embeddable":true,"href":"https:\/\/folhapopular.info\/index.php\/wp-json\/wp\/v2\/media\/178355"}],"wp:attachment":[{"href":"https:\/\/folhapopular.info\/index.php\/wp-json\/wp\/v2\/media?parent=178354"}],"wp:term":[{"taxonomy":"category","embeddable":true,"href":"https:\/\/folhapopular.info\/index.php\/wp-json\/wp\/v2\/categories?post=178354"},{"taxonomy":"post_tag","embeddable":true,"href":"https:\/\/folhapopular.info\/index.php\/wp-json\/wp\/v2\/tags?post=178354"}],"curies":[{"name":"wp","href":"https:\/\/api.w.org\/{rel}","templated":true}]}}