{"id":178418,"date":"2025-01-11T12:00:00","date_gmt":"2025-01-11T15:00:00","guid":{"rendered":"https:\/\/folhapopular.info\/?p=178418"},"modified":"2025-01-11T08:16:41","modified_gmt":"2025-01-11T11:16:41","slug":"lula-sanciona-na-segunda-feira-projeto-de-lei-que-disciplina-uso-de-celular-nas-escolas","status":"publish","type":"post","link":"https:\/\/folhapopular.info\/index.php\/2025\/01\/11\/lula-sanciona-na-segunda-feira-projeto-de-lei-que-disciplina-uso-de-celular-nas-escolas\/","title":{"rendered":"Lula sanciona na segunda-feira projeto de lei que disciplina uso de celular nas escolas"},"content":{"rendered":"\n<p>Depois de tramitar por quase 10 anos, o projeto de lei n\u00ba 104\/2015, que disciplina o uso de celulares e aparelhos eletr\u00f4nicos nas escolas p\u00fablicas e privadas de todo o pa\u00eds, ser\u00e1 sancionado pelo presidente da Rep\u00fablica na pr\u00f3xima segunda-feira (13\/1). A proposta foi aprovada pela C\u00e2mara e, ent\u00e3o, pelo Senado, quando passou a ser conhecida como PL n\u00ba 4.932\/2024.<\/p>\n\n\n\n<p>De autoria do deputado federal Alceu Moreira (MDB-RS), a lei proibir\u00e1 o uso dos dispositivos eletr\u00f4nicos no ambiente escolar, inclusive nos recreios e intervalos. A exce\u00e7\u00e3o se dar\u00e1 apenas para fins pedag\u00f3gicos. J\u00e1 o <strong>porte<\/strong> ser\u00e1 vedado apenas para os alunos da Educa\u00e7\u00e3o Infantil e dos Anos Iniciais, com exce\u00e7\u00e3o para os casos de acessibilidade, inclus\u00e3o e condi\u00e7\u00f5es de sa\u00fade.<br>Moreira argumenta que a aprova\u00e7\u00e3o ser\u00e1 um marco para a educa\u00e7\u00e3o brasileira na era digital. \u201cA tecnologia \u00e9 imprescind\u00edvel para o aprendizado, mas requer um conjunto de regras para que n\u00e3o seja um instrumento dispersivo. Foi uma proposta muito bem concebida e tenho certeza que est\u00e1 \u00e0 altura do que os pais e toda a comunidade escolar esperam para nossas crian\u00e7as e jovens\u201d, celebra.<\/p>\n\n\n\n<p>A tramita\u00e7\u00e3o da proposta foi acompanhada e ser\u00e1 regulamentada pelo Minist\u00e9rio da Educa\u00e7\u00e3o (MEC).<\/p>\n\n\n\n<p><strong>Regulamenta\u00e7\u00e3o<\/strong><\/p>\n\n\n\n<p>Alceu Moreira entrou com o projeto na C\u00e2mara dos Deputados em 2 de fevereiro de 2015. Na justificativa, o deputado citou um projeto anterior, de autoria do colega Pompeo de Mattos, quevedava a utiliza\u00e7\u00e3o de telefones celulares nas escolas do pa\u00eds. A proposta havia sido encaminhada em 2007 e recebera parecer favor\u00e1vel do relator na Comiss\u00e3o de Constitui\u00e7\u00e3o e Justi\u00e7a e de Cidadania. No entanto, em raz\u00e3o de n\u00e3o ter conclu\u00eddo sua tramita\u00e7\u00e3o na Casa, a proposi\u00e7\u00e3o foi arquivada em 2015.<\/p>\n\n\n\n<p>\u00c0 \u00e9poca, Moreira referiu que o projeto buscava solu\u00e7\u00f5es para um problema \u201creferido com frequ\u00eancia por professores e gestores das escolas [&#8230;], com preju\u00edzo para o processo de ensino-aprendizagem em sala de aula\u201d.<\/p>\n\n\n\n<p>O deputado ainda sugere que, se uma crian\u00e7a ou jovem est\u00e1 com a sua aten\u00e7\u00e3o retida em uma tela de celular, \u00e9 porque ali est\u00e1 um espa\u00e7o de descoberta e vida. \u201cFerramentas como essa, que instigam a curiosidade, devem estar aliadas \u00e0 pesquisa, orienta\u00e7\u00e3o e realiza\u00e7\u00e3o de tarefas. Se isso n\u00e3o ocorre, evidentemente que requer um regramento\u201d, sugeriu Moreira em 2023.<\/p>\n\n\n\n<p><strong>O que diz o secret\u00e1rio<\/strong><\/p>\n\n\n\n<p>Evandro Biondo, ex-vereador e atual vice-prefeito e secret\u00e1rio de Educa\u00e7\u00e3o de Teut\u00f4nia, explica que a lei nacional traz respaldo \u00e0 estadual e, desde 2024, \u00e0 municipal. \u201cTemos lei e estamos cumprindo, mas a forma como ela vai ser implantada precisa ser vista com cautela e estudo. Trabalharemos com a comunidade escolar, com os pais, para eles terem um regramento, principalmente em termos de idade, de como os alunos fazem uso do celular em suas casas\u201d, disse.<\/p>\n\n\n\n<p>Ele pretende trabalhar a quest\u00e3o atrav\u00e9s da Secretaria de Educa\u00e7\u00e3o. \u201cAchar uma forma com a qual os jovens compreendam que, em alguns momentos, n\u00e3o se usa, apesar de sabermos que, depois do per\u00edodo, quando as crian\u00e7as v\u00e3o para casa, elas t\u00eam um contato direto com o telefone celular\u201d, cita.<\/p>\n\n\n\n<p>No entanto, o professor refor\u00e7a: n\u00e3o d\u00e1 para levar a situa\u00e7\u00e3o ao extremo. \u201cA vida hoje tem toda rela\u00e7\u00e3o com os aparelhos eletr\u00f4nicos, n\u00e3o s\u00f3 com o celular. Ele \u00e9 uma ferramenta, e, como todas elas, temos que saber quando e como usar. Os jovens precisam ser ensinados em rela\u00e7\u00e3o a isso\u201d, ressalta.<\/p>\n\n\n\n<p>Como professor licenciado da Emef Leopoldo Klepker, avalia que, desde 2023, reduziu muito o uso do celular entre os alunos, que obedeciam \u00e0s regras, com raras exce\u00e7\u00f5es. \u201cEm determinados momentos, como n\u00e3o tinha hor\u00e1rio no laborat\u00f3rio inform\u00e1tico, a gente fazia pesquisa usando o telefone. Eu deixava claro a eles que era espec\u00edfico para isso\u201d, ressalta.<\/p>\n\n\n\n<p><strong>MUDAN\u00c7AS PROPOSTAS PELO PL 104\/2025 \u2013 PL <\/strong><strong>4.932\/2024<\/strong><\/p>\n\n\n\n<ul class=\"wp-block-list\">\n<li>A lei ser\u00e1 v\u00e1lida para todos os educand\u00e1rios do Brasil, sejam eles privados ou p\u00fablicos.<\/li>\n\n\n\n<li>Proibir\u00e1 o uso por estudantes de aparelhos eletr\u00f4nicos port\u00e1teis pessoais durante a aula, o recreio ou intervalos entre as aulas, para todas as etapas da educa\u00e7\u00e3o b\u00e1sica (Ensinos Infantil, Fundamental e M\u00e9dio).<\/li>\n\n\n\n<li>J\u00e1 o porte dos aparelhos ser\u00e1 proibido para a Educa\u00e7\u00e3o Infantil e Anos Iniciais.<\/li>\n\n\n\n<li> Exce\u00e7\u00f5es:<br>a) Uso em atividades pedag\u00f3gicas autorizadas pela escola;<br>b) Em \u201cestado de perigo, de necessidade ou caso de for\u00e7a maior\u201d;<br>c) Para garantir acessibilidade, inclus\u00e3o e atender \u00e0s condi\u00e7\u00f5es de sa\u00fade dos estudantes;<br>d) Em sala de aula, o uso ser\u00e1 permitido somente para fins did\u00e1ticos-pedag\u00f3gicos e com autoriza\u00e7\u00e3o do professor.<\/li>\n<\/ul>\n\n\n\n<p><strong>Acesse o PL<\/strong><\/p>\n\n\n\n<p><a href=\"https:\/\/legis.senado.leg.br\/sdleg-getter\/documento?dm=9876820&amp;ts=1736279240489&amp;disposition=inline\">https:\/\/legis.senado.leg.br\/sdleg-getter\/documento?dm=9876820&amp;ts=1736279240489&amp;disposition=inline<\/a><\/p>\n\n\n\n<p>Concordo com a lei, pois os adolescentes e as crian\u00e7as ainda n\u00e3o t\u00eam maturidade para fazer uso adequado desta ferramenta em sala de aula, e os intervalos devem servir para intera\u00e7\u00e3o entre os pares. Os estudantes precisam ter foco na aprendizagem e o celular desvia a aten\u00e7\u00e3o, inclusive dos adultos, o que dir\u00e1 dos adolescentes. O celular pode ser usado em algumas atividades espec\u00edficas, preestabelecidas pelo professor, quando a tarefa exigir.<\/p>\n\n\n\n<p><strong>Melania Sulzbach<\/strong> &#8211; <strong>Professora de Anos Finais do Ensino Fundamental<\/strong><\/p>\n\n\n\n<p><strong>Lajeado<\/strong><\/p>\n\n\n\n<p>Propostas voltadas a limitar o uso de aparelhos eletr\u00f4nicos pessoais podem agregar nas pr\u00e1ticas em sala de aula. O uso da tecnologia deve ser, sim, incorporado pelas institui\u00e7\u00f5es de ensino. Por\u00e9m, hoje, em sala de aula, percebo o quanto os benef\u00edcios se tornam pequenos frente aos malef\u00edcios do seu uso desenfreado. O Estado \u00e9 respons\u00e1vel por fornecer recursos para que pesquisas e o uso de tecnologias digitais (previsto pela BNCC) possam ocorrer sem que os alunos necessitem de aparelhos pessoais. Crian\u00e7as e adolescentes s\u00e3o seres em desenvolvimento que, biologicamente, n\u00e3o est\u00e3o maduros o suficiente para discernir o quanto o uso excessivo das telas e redes sociais \u00e9 prejudicial &#8211; um desafio at\u00e9 mesmo para adultos.<\/p>\n\n\n\n<p><strong>An\u00f4nimo<\/strong> &#8211; <strong>Professora de Anos Iniciais do Ensino Fundamental<\/strong><\/p>\n\n\n\n<p><strong>Estrela<\/strong><\/p>\n\n\n\n<p>Na Escola Estadual de Po\u00e7o das Antas, as crian\u00e7as n\u00e3o podem levar celular desde o ano passado. Na municipal, j\u00e1 n\u00e3o levavam. Foi um ano tranquilo sem o uso dos aparelhos. Se precisamos falar com eles, entramos em contato com a secretaria e eles repassam o recado. Ficou bom assim, porque, pelo menos, eles se concentram na aula, o que antes n\u00e3o acontecia. At\u00e9 para n\u00f3s, adultos, trabalhar com o celular sempre tira a aten\u00e7\u00e3o. N\u00f3s cobramos bastante: eles v\u00e3o para a escola para estudar, e o celular fica em casa. Eles j\u00e1 usavam mais em casa, mas agora est\u00e3o mais disciplinados, saem para brincar.<\/p>\n\n\n\n<p><strong>Ianecley Fritzen &#8211; M\u00e3e de Jo\u00e3o (15) e Pietro (10) &#8211; Po\u00e7o das Antas<\/strong><\/p>\n","protected":false},"excerpt":{"rendered":"<p>Depois de tramitar por quase 10 anos, o projeto de lei n\u00ba 104\/2015, que disciplina o uso de celulares e aparelhos eletr\u00f4nicos nas escolas p\u00fablicas e privadas de todo o pa\u00eds, ser\u00e1 sancionado pelo presidente da Rep\u00fablica na pr\u00f3xima segunda-feira (13\/1). A proposta foi aprovada pela C\u00e2mara e, ent\u00e3o, pelo Senado, quando passou a ser [&hellip;]<\/p>\n","protected":false},"author":8,"featured_media":178419,"comment_status":"open","ping_status":"open","sticky":false,"template":"","format":"standard","meta":{"pmpro_default_level":"","_jetpack_memberships_contains_paid_content":false,"footnotes":""},"categories":[2,10988,3],"tags":[17582,2271,2153,10075],"class_list":{"0":"post-178418","1":"post","2":"type-post","3":"status-publish","4":"format-standard","5":"has-post-thumbnail","7":"category-featured","8":"category-educacao","9":"category-geral","10":"tag-aparelhos-eletronicos","11":"tag-celular","12":"tag-escola","13":"tag-lula","14":"pmpro-has-access"},"yoast_head":"<!-- This site is optimized with the Yoast SEO plugin v27.5 - https:\/\/yoast.com\/product\/yoast-seo-wordpress\/ -->\n<title>Lula sanciona na segunda-feira projeto de lei que disciplina uso de celular nas escolas - Folha Popular<\/title>\n<meta name=\"robots\" content=\"index, follow, max-snippet:-1, max-image-preview:large, max-video-preview:-1\" \/>\n<link rel=\"canonical\" href=\"https:\/\/folhapopular.info\/index.php\/2025\/01\/11\/lula-sanciona-na-segunda-feira-projeto-de-lei-que-disciplina-uso-de-celular-nas-escolas\/\" \/>\n<meta property=\"og:locale\" content=\"pt_BR\" \/>\n<meta property=\"og:type\" content=\"article\" \/>\n<meta property=\"og:title\" content=\"Lula sanciona na segunda-feira projeto de lei que disciplina uso de celular nas escolas - Folha Popular\" \/>\n<meta property=\"og:description\" content=\"Depois de tramitar por quase 10 anos, o projeto de lei n\u00ba 104\/2015, que disciplina o uso de celulares e aparelhos eletr\u00f4nicos nas escolas p\u00fablicas e privadas de todo o pa\u00eds, ser\u00e1 sancionado pelo presidente da Rep\u00fablica na pr\u00f3xima segunda-feira (13\/1). A proposta foi aprovada pela C\u00e2mara e, ent\u00e3o, pelo Senado, quando passou a ser [&hellip;]\" \/>\n<meta property=\"og:url\" content=\"https:\/\/folhapopular.info\/index.php\/2025\/01\/11\/lula-sanciona-na-segunda-feira-projeto-de-lei-que-disciplina-uso-de-celular-nas-escolas\/\" \/>\n<meta property=\"og:site_name\" content=\"Folha Popular\" \/>\n<meta property=\"article:published_time\" content=\"2025-01-11T15:00:00+00:00\" \/>\n<meta property=\"og:image\" content=\"https:\/\/folhapopular.info\/wp-content\/uploads\/2025\/01\/WhatsApp-Image-2025-01-09-at-11.00.49-scaled.jpeg\" \/>\n\t<meta property=\"og:image:width\" content=\"2560\" \/>\n\t<meta property=\"og:image:height\" content=\"1920\" \/>\n\t<meta property=\"og:image:type\" content=\"image\/jpeg\" \/>\n<meta name=\"author\" content=\"Reda\u00e7\u00e3o Folha Popular\" \/>\n<meta name=\"twitter:card\" content=\"summary_large_image\" \/>\n<meta name=\"twitter:label1\" content=\"Escrito por\" \/>\n\t<meta name=\"twitter:data1\" content=\"Reda\u00e7\u00e3o Folha Popular\" \/>\n\t<meta name=\"twitter:label2\" content=\"Est. tempo de leitura\" \/>\n\t<meta name=\"twitter:data2\" content=\"7 minutos\" \/>\n<script type=\"application\/ld+json\" class=\"yoast-schema-graph\">{\"@context\":\"https:\\\/\\\/schema.org\",\"@graph\":[{\"@type\":\"Article\",\"@id\":\"https:\\\/\\\/folhapopular.info\\\/index.php\\\/2025\\\/01\\\/11\\\/lula-sanciona-na-segunda-feira-projeto-de-lei-que-disciplina-uso-de-celular-nas-escolas\\\/#article\",\"isPartOf\":{\"@id\":\"https:\\\/\\\/folhapopular.info\\\/index.php\\\/2025\\\/01\\\/11\\\/lula-sanciona-na-segunda-feira-projeto-de-lei-que-disciplina-uso-de-celular-nas-escolas\\\/\"},\"author\":{\"name\":\"Reda\u00e7\u00e3o Folha Popular\",\"@id\":\"https:\\\/\\\/folhapopular.info\\\/#\\\/schema\\\/person\\\/2814e8a0df7643585a9ca38bc6eb9d4b\"},\"headline\":\"Lula sanciona na segunda-feira projeto de lei que disciplina uso de celular nas escolas\",\"datePublished\":\"2025-01-11T15:00:00+00:00\",\"mainEntityOfPage\":{\"@id\":\"https:\\\/\\\/folhapopular.info\\\/index.php\\\/2025\\\/01\\\/11\\\/lula-sanciona-na-segunda-feira-projeto-de-lei-que-disciplina-uso-de-celular-nas-escolas\\\/\"},\"wordCount\":1182,\"commentCount\":0,\"image\":{\"@id\":\"https:\\\/\\\/folhapopular.info\\\/index.php\\\/2025\\\/01\\\/11\\\/lula-sanciona-na-segunda-feira-projeto-de-lei-que-disciplina-uso-de-celular-nas-escolas\\\/#primaryimage\"},\"thumbnailUrl\":\"https:\\\/\\\/folhapopular.info\\\/wp-content\\\/uploads\\\/2025\\\/01\\\/WhatsApp-Image-2025-01-09-at-11.00.49-scaled.jpeg\",\"keywords\":[\"Aparelhos eletr\u00f4nicos\",\"celular\",\"Escola\",\"Lula\"],\"articleSection\":[\"Destaques\",\"Educa\u00e7\u00e3o\",\"Geral\"],\"inLanguage\":\"pt-BR\",\"potentialAction\":[{\"@type\":\"CommentAction\",\"name\":\"Comment\",\"target\":[\"https:\\\/\\\/folhapopular.info\\\/index.php\\\/2025\\\/01\\\/11\\\/lula-sanciona-na-segunda-feira-projeto-de-lei-que-disciplina-uso-de-celular-nas-escolas\\\/#respond\"]}]},{\"@type\":\"WebPage\",\"@id\":\"https:\\\/\\\/folhapopular.info\\\/index.php\\\/2025\\\/01\\\/11\\\/lula-sanciona-na-segunda-feira-projeto-de-lei-que-disciplina-uso-de-celular-nas-escolas\\\/\",\"url\":\"https:\\\/\\\/folhapopular.info\\\/index.php\\\/2025\\\/01\\\/11\\\/lula-sanciona-na-segunda-feira-projeto-de-lei-que-disciplina-uso-de-celular-nas-escolas\\\/\",\"name\":\"Lula sanciona na segunda-feira projeto de lei que disciplina uso de celular nas escolas - Folha Popular\",\"isPartOf\":{\"@id\":\"https:\\\/\\\/folhapopular.info\\\/#website\"},\"primaryImageOfPage\":{\"@id\":\"https:\\\/\\\/folhapopular.info\\\/index.php\\\/2025\\\/01\\\/11\\\/lula-sanciona-na-segunda-feira-projeto-de-lei-que-disciplina-uso-de-celular-nas-escolas\\\/#primaryimage\"},\"image\":{\"@id\":\"https:\\\/\\\/folhapopular.info\\\/index.php\\\/2025\\\/01\\\/11\\\/lula-sanciona-na-segunda-feira-projeto-de-lei-que-disciplina-uso-de-celular-nas-escolas\\\/#primaryimage\"},\"thumbnailUrl\":\"https:\\\/\\\/folhapopular.info\\\/wp-content\\\/uploads\\\/2025\\\/01\\\/WhatsApp-Image-2025-01-09-at-11.00.49-scaled.jpeg\",\"datePublished\":\"2025-01-11T15:00:00+00:00\",\"author\":{\"@id\":\"https:\\\/\\\/folhapopular.info\\\/#\\\/schema\\\/person\\\/2814e8a0df7643585a9ca38bc6eb9d4b\"},\"breadcrumb\":{\"@id\":\"https:\\\/\\\/folhapopular.info\\\/index.php\\\/2025\\\/01\\\/11\\\/lula-sanciona-na-segunda-feira-projeto-de-lei-que-disciplina-uso-de-celular-nas-escolas\\\/#breadcrumb\"},\"inLanguage\":\"pt-BR\",\"potentialAction\":[{\"@type\":\"ReadAction\",\"target\":[\"https:\\\/\\\/folhapopular.info\\\/index.php\\\/2025\\\/01\\\/11\\\/lula-sanciona-na-segunda-feira-projeto-de-lei-que-disciplina-uso-de-celular-nas-escolas\\\/\"]}]},{\"@type\":\"ImageObject\",\"inLanguage\":\"pt-BR\",\"@id\":\"https:\\\/\\\/folhapopular.info\\\/index.php\\\/2025\\\/01\\\/11\\\/lula-sanciona-na-segunda-feira-projeto-de-lei-que-disciplina-uso-de-celular-nas-escolas\\\/#primaryimage\",\"url\":\"https:\\\/\\\/folhapopular.info\\\/wp-content\\\/uploads\\\/2025\\\/01\\\/WhatsApp-Image-2025-01-09-at-11.00.49-scaled.jpeg\",\"contentUrl\":\"https:\\\/\\\/folhapopular.info\\\/wp-content\\\/uploads\\\/2025\\\/01\\\/WhatsApp-Image-2025-01-09-at-11.00.49-scaled.jpeg\",\"width\":2560,\"height\":1920,\"caption\":\"A lei ser\u00e1 v\u00e1lida para todos os educand\u00e1rios do Brasil \\\/ Cr\u00e9dito: Camille Lenz da Silva\"},{\"@type\":\"BreadcrumbList\",\"@id\":\"https:\\\/\\\/folhapopular.info\\\/index.php\\\/2025\\\/01\\\/11\\\/lula-sanciona-na-segunda-feira-projeto-de-lei-que-disciplina-uso-de-celular-nas-escolas\\\/#breadcrumb\",\"itemListElement\":[{\"@type\":\"ListItem\",\"position\":1,\"name\":\"In\u00edcio\",\"item\":\"https:\\\/\\\/folhapopular.info\\\/\"},{\"@type\":\"ListItem\",\"position\":2,\"name\":\"Lula sanciona na segunda-feira projeto de lei que disciplina uso de celular nas escolas\"}]},{\"@type\":\"WebSite\",\"@id\":\"https:\\\/\\\/folhapopular.info\\\/#website\",\"url\":\"https:\\\/\\\/folhapopular.info\\\/\",\"name\":\"Folha Popular\",\"description\":\"Onde voc\u00ea tem vez e voz\",\"potentialAction\":[{\"@type\":\"SearchAction\",\"target\":{\"@type\":\"EntryPoint\",\"urlTemplate\":\"https:\\\/\\\/folhapopular.info\\\/?s={search_term_string}\"},\"query-input\":{\"@type\":\"PropertyValueSpecification\",\"valueRequired\":true,\"valueName\":\"search_term_string\"}}],\"inLanguage\":\"pt-BR\"},{\"@type\":\"Person\",\"@id\":\"https:\\\/\\\/folhapopular.info\\\/#\\\/schema\\\/person\\\/2814e8a0df7643585a9ca38bc6eb9d4b\",\"name\":\"Reda\u00e7\u00e3o Folha Popular\",\"image\":{\"@type\":\"ImageObject\",\"inLanguage\":\"pt-BR\",\"@id\":\"https:\\\/\\\/folhapopular.info\\\/wp-content\\\/uploads\\\/2026\\\/04\\\/Folha-1.webp\",\"url\":\"https:\\\/\\\/folhapopular.info\\\/wp-content\\\/uploads\\\/2026\\\/04\\\/Folha-1.webp\",\"contentUrl\":\"https:\\\/\\\/folhapopular.info\\\/wp-content\\\/uploads\\\/2026\\\/04\\\/Folha-1.webp\",\"caption\":\"Reda\u00e7\u00e3o Folha Popular\"},\"url\":\"https:\\\/\\\/folhapopular.info\\\/index.php\\\/author\\\/redacao\\\/\"}]}<\/script>\n<!-- \/ Yoast SEO plugin. -->","yoast_head_json":{"title":"Lula sanciona na segunda-feira projeto de lei que disciplina uso de celular nas escolas - Folha Popular","robots":{"index":"index","follow":"follow","max-snippet":"max-snippet:-1","max-image-preview":"max-image-preview:large","max-video-preview":"max-video-preview:-1"},"canonical":"https:\/\/folhapopular.info\/index.php\/2025\/01\/11\/lula-sanciona-na-segunda-feira-projeto-de-lei-que-disciplina-uso-de-celular-nas-escolas\/","og_locale":"pt_BR","og_type":"article","og_title":"Lula sanciona na segunda-feira projeto de lei que disciplina uso de celular nas escolas - Folha Popular","og_description":"Depois de tramitar por quase 10 anos, o projeto de lei n\u00ba 104\/2015, que disciplina o uso de celulares e aparelhos eletr\u00f4nicos nas escolas p\u00fablicas e privadas de todo o pa\u00eds, ser\u00e1 sancionado pelo presidente da Rep\u00fablica na pr\u00f3xima segunda-feira (13\/1). A proposta foi aprovada pela C\u00e2mara e, ent\u00e3o, pelo Senado, quando passou a ser [&hellip;]","og_url":"https:\/\/folhapopular.info\/index.php\/2025\/01\/11\/lula-sanciona-na-segunda-feira-projeto-de-lei-que-disciplina-uso-de-celular-nas-escolas\/","og_site_name":"Folha Popular","article_published_time":"2025-01-11T15:00:00+00:00","og_image":[{"width":2560,"height":1920,"url":"https:\/\/folhapopular.info\/wp-content\/uploads\/2025\/01\/WhatsApp-Image-2025-01-09-at-11.00.49-scaled.jpeg","type":"image\/jpeg"}],"author":"Reda\u00e7\u00e3o Folha Popular","twitter_card":"summary_large_image","twitter_misc":{"Escrito por":"Reda\u00e7\u00e3o Folha Popular","Est. tempo de leitura":"7 minutos"},"schema":{"@context":"https:\/\/schema.org","@graph":[{"@type":"Article","@id":"https:\/\/folhapopular.info\/index.php\/2025\/01\/11\/lula-sanciona-na-segunda-feira-projeto-de-lei-que-disciplina-uso-de-celular-nas-escolas\/#article","isPartOf":{"@id":"https:\/\/folhapopular.info\/index.php\/2025\/01\/11\/lula-sanciona-na-segunda-feira-projeto-de-lei-que-disciplina-uso-de-celular-nas-escolas\/"},"author":{"name":"Reda\u00e7\u00e3o Folha Popular","@id":"https:\/\/folhapopular.info\/#\/schema\/person\/2814e8a0df7643585a9ca38bc6eb9d4b"},"headline":"Lula sanciona na segunda-feira projeto de lei que disciplina uso de celular nas escolas","datePublished":"2025-01-11T15:00:00+00:00","mainEntityOfPage":{"@id":"https:\/\/folhapopular.info\/index.php\/2025\/01\/11\/lula-sanciona-na-segunda-feira-projeto-de-lei-que-disciplina-uso-de-celular-nas-escolas\/"},"wordCount":1182,"commentCount":0,"image":{"@id":"https:\/\/folhapopular.info\/index.php\/2025\/01\/11\/lula-sanciona-na-segunda-feira-projeto-de-lei-que-disciplina-uso-de-celular-nas-escolas\/#primaryimage"},"thumbnailUrl":"https:\/\/folhapopular.info\/wp-content\/uploads\/2025\/01\/WhatsApp-Image-2025-01-09-at-11.00.49-scaled.jpeg","keywords":["Aparelhos eletr\u00f4nicos","celular","Escola","Lula"],"articleSection":["Destaques","Educa\u00e7\u00e3o","Geral"],"inLanguage":"pt-BR","potentialAction":[{"@type":"CommentAction","name":"Comment","target":["https:\/\/folhapopular.info\/index.php\/2025\/01\/11\/lula-sanciona-na-segunda-feira-projeto-de-lei-que-disciplina-uso-de-celular-nas-escolas\/#respond"]}]},{"@type":"WebPage","@id":"https:\/\/folhapopular.info\/index.php\/2025\/01\/11\/lula-sanciona-na-segunda-feira-projeto-de-lei-que-disciplina-uso-de-celular-nas-escolas\/","url":"https:\/\/folhapopular.info\/index.php\/2025\/01\/11\/lula-sanciona-na-segunda-feira-projeto-de-lei-que-disciplina-uso-de-celular-nas-escolas\/","name":"Lula sanciona na segunda-feira projeto de lei que disciplina uso de celular nas escolas - Folha Popular","isPartOf":{"@id":"https:\/\/folhapopular.info\/#website"},"primaryImageOfPage":{"@id":"https:\/\/folhapopular.info\/index.php\/2025\/01\/11\/lula-sanciona-na-segunda-feira-projeto-de-lei-que-disciplina-uso-de-celular-nas-escolas\/#primaryimage"},"image":{"@id":"https:\/\/folhapopular.info\/index.php\/2025\/01\/11\/lula-sanciona-na-segunda-feira-projeto-de-lei-que-disciplina-uso-de-celular-nas-escolas\/#primaryimage"},"thumbnailUrl":"https:\/\/folhapopular.info\/wp-content\/uploads\/2025\/01\/WhatsApp-Image-2025-01-09-at-11.00.49-scaled.jpeg","datePublished":"2025-01-11T15:00:00+00:00","author":{"@id":"https:\/\/folhapopular.info\/#\/schema\/person\/2814e8a0df7643585a9ca38bc6eb9d4b"},"breadcrumb":{"@id":"https:\/\/folhapopular.info\/index.php\/2025\/01\/11\/lula-sanciona-na-segunda-feira-projeto-de-lei-que-disciplina-uso-de-celular-nas-escolas\/#breadcrumb"},"inLanguage":"pt-BR","potentialAction":[{"@type":"ReadAction","target":["https:\/\/folhapopular.info\/index.php\/2025\/01\/11\/lula-sanciona-na-segunda-feira-projeto-de-lei-que-disciplina-uso-de-celular-nas-escolas\/"]}]},{"@type":"ImageObject","inLanguage":"pt-BR","@id":"https:\/\/folhapopular.info\/index.php\/2025\/01\/11\/lula-sanciona-na-segunda-feira-projeto-de-lei-que-disciplina-uso-de-celular-nas-escolas\/#primaryimage","url":"https:\/\/folhapopular.info\/wp-content\/uploads\/2025\/01\/WhatsApp-Image-2025-01-09-at-11.00.49-scaled.jpeg","contentUrl":"https:\/\/folhapopular.info\/wp-content\/uploads\/2025\/01\/WhatsApp-Image-2025-01-09-at-11.00.49-scaled.jpeg","width":2560,"height":1920,"caption":"A lei ser\u00e1 v\u00e1lida para todos os educand\u00e1rios do Brasil \/ Cr\u00e9dito: Camille Lenz da Silva"},{"@type":"BreadcrumbList","@id":"https:\/\/folhapopular.info\/index.php\/2025\/01\/11\/lula-sanciona-na-segunda-feira-projeto-de-lei-que-disciplina-uso-de-celular-nas-escolas\/#breadcrumb","itemListElement":[{"@type":"ListItem","position":1,"name":"In\u00edcio","item":"https:\/\/folhapopular.info\/"},{"@type":"ListItem","position":2,"name":"Lula sanciona na segunda-feira projeto de lei que disciplina uso de celular nas escolas"}]},{"@type":"WebSite","@id":"https:\/\/folhapopular.info\/#website","url":"https:\/\/folhapopular.info\/","name":"Folha Popular","description":"Onde voc\u00ea tem vez e voz","potentialAction":[{"@type":"SearchAction","target":{"@type":"EntryPoint","urlTemplate":"https:\/\/folhapopular.info\/?s={search_term_string}"},"query-input":{"@type":"PropertyValueSpecification","valueRequired":true,"valueName":"search_term_string"}}],"inLanguage":"pt-BR"},{"@type":"Person","@id":"https:\/\/folhapopular.info\/#\/schema\/person\/2814e8a0df7643585a9ca38bc6eb9d4b","name":"Reda\u00e7\u00e3o Folha Popular","image":{"@type":"ImageObject","inLanguage":"pt-BR","@id":"https:\/\/folhapopular.info\/wp-content\/uploads\/2026\/04\/Folha-1.webp","url":"https:\/\/folhapopular.info\/wp-content\/uploads\/2026\/04\/Folha-1.webp","contentUrl":"https:\/\/folhapopular.info\/wp-content\/uploads\/2026\/04\/Folha-1.webp","caption":"Reda\u00e7\u00e3o Folha Popular"},"url":"https:\/\/folhapopular.info\/index.php\/author\/redacao\/"}]}},"jetpack_featured_media_url":"https:\/\/folhapopular.info\/wp-content\/uploads\/2025\/01\/WhatsApp-Image-2025-01-09-at-11.00.49-scaled.jpeg","jetpack_sharing_enabled":true,"amp_enabled":true,"_links":{"self":[{"href":"https:\/\/folhapopular.info\/index.php\/wp-json\/wp\/v2\/posts\/178418","targetHints":{"allow":["GET"]}}],"collection":[{"href":"https:\/\/folhapopular.info\/index.php\/wp-json\/wp\/v2\/posts"}],"about":[{"href":"https:\/\/folhapopular.info\/index.php\/wp-json\/wp\/v2\/types\/post"}],"author":[{"embeddable":true,"href":"https:\/\/folhapopular.info\/index.php\/wp-json\/wp\/v2\/users\/8"}],"replies":[{"embeddable":true,"href":"https:\/\/folhapopular.info\/index.php\/wp-json\/wp\/v2\/comments?post=178418"}],"version-history":[{"count":0,"href":"https:\/\/folhapopular.info\/index.php\/wp-json\/wp\/v2\/posts\/178418\/revisions"}],"wp:featuredmedia":[{"embeddable":true,"href":"https:\/\/folhapopular.info\/index.php\/wp-json\/wp\/v2\/media\/178419"}],"wp:attachment":[{"href":"https:\/\/folhapopular.info\/index.php\/wp-json\/wp\/v2\/media?parent=178418"}],"wp:term":[{"taxonomy":"category","embeddable":true,"href":"https:\/\/folhapopular.info\/index.php\/wp-json\/wp\/v2\/categories?post=178418"},{"taxonomy":"post_tag","embeddable":true,"href":"https:\/\/folhapopular.info\/index.php\/wp-json\/wp\/v2\/tags?post=178418"}],"curies":[{"name":"wp","href":"https:\/\/api.w.org\/{rel}","templated":true}]}}