{"id":178859,"date":"2025-01-18T10:00:00","date_gmt":"2025-01-18T13:00:00","guid":{"rendered":"https:\/\/folhapopular.info\/?p=178859"},"modified":"2025-01-18T10:06:27","modified_gmt":"2025-01-18T13:06:27","slug":"mais-de-500-criancas-esperam-por-vaga-em-escolas-infantis","status":"publish","type":"post","link":"https:\/\/folhapopular.info\/index.php\/2025\/01\/18\/mais-de-500-criancas-esperam-por-vaga-em-escolas-infantis\/","title":{"rendered":"Mais de 500 crian\u00e7as esperam por vaga em escolas infantis em Teut\u00f4nia"},"content":{"rendered":"\n<p>Conforme a Central de Vagas de Teut\u00f4nia, o munic\u00edpio tem uma fila de 543 pessoas esperando por matr\u00edcula na creche. O problema \u00e9 antigo na cidade e um desafio para a administra\u00e7\u00e3o p\u00fablica. Agora, inicia-se um trabalho de levantamento de espa\u00e7os existentes que poderiam ser utilizados para aulas de educa\u00e7\u00e3o infantil.<\/p>\n\n\n\n<p>As causas para o problema n\u00e3o s\u00e3o incertas. \u201cPelo que me consta, s\u00e3o v\u00e1rios fatores; j\u00e1 temos h\u00e1 um bom tempo esse d\u00e9ficit. Estamos trabalhando com muito empenho para achar solu\u00e7\u00f5es e reduzir essa quantidade\u201d, destaca o secret\u00e1rio da Educa\u00e7\u00e3o e vice-prefeito, Evandro Biondo.<\/p>\n\n\n\n<p>Das 543 crian\u00e7as, as da turma 2, que engloba de 1 a 2 anos, s\u00e3o as que somam o maior contingente de espera, seguidas pelos alunos de 2 a 3 anos. Ainda conforme a Central de Vagas, a maior parte da lista de espera \u00e9 do Bairro Canabarro. A loca\u00e7\u00e3o de espa\u00e7os \u00e9 a solu\u00e7\u00e3o mais buscada.<\/p>\n\n\n\n<p>No in\u00edcio do m\u00eas, a nova gest\u00e3o teve uma reuni\u00e3o com a gest\u00e3o da Comunidade Evang\u00e9lica Paz para ocupar o pr\u00e9dio da antiga Escola Dom Pedro II do Bairro Teut\u00f4nia. A tentativa \u00e9 ocupar o espa\u00e7o com as atividades. \u201c\u00c9 uma possibilidade; claro que ser\u00e1 preciso reformar e efetuar melhorias para que possamos acomodar cerca de 80 crian\u00e7as. Em primeiro momento, a comunidade entendeu que n\u00e3o deseja essa mudan\u00e7a. Respeitamos, mas estamos tentando encontrar solu\u00e7\u00f5es a curto prazo\u201d, conta o prefeito Renato Altmann.<\/p>\n\n\n\n<p>O mesmo pr\u00e9dio abrigou, por muitos anos, a EMEF Alfredo Schneider, antes da constru\u00e7\u00e3o da sede pr\u00f3pria do educand\u00e1rio, em outro ponto do Bairro Teut\u00f4nia.<\/p>\n\n\n\n<figure class=\"wp-block-image size-large\"><img loading=\"lazy\" decoding=\"async\" width=\"1024\" height=\"576\" src=\"https:\/\/folhapopular.info\/wp-content\/uploads\/2025\/01\/fotos-da-leti-1-1024x576.jpeg\" alt=\"\" class=\"wp-image-178861\" srcset=\"https:\/\/folhapopular.info\/wp-content\/uploads\/2025\/01\/fotos-da-leti-1-1024x576.jpeg 1024w, https:\/\/folhapopular.info\/wp-content\/uploads\/2025\/01\/fotos-da-leti-1-300x169.jpeg 300w, https:\/\/folhapopular.info\/wp-content\/uploads\/2025\/01\/fotos-da-leti-1-768x432.jpeg 768w, https:\/\/folhapopular.info\/wp-content\/uploads\/2025\/01\/fotos-da-leti-1-747x420.jpeg 747w, https:\/\/folhapopular.info\/wp-content\/uploads\/2025\/01\/fotos-da-leti-1-696x392.jpeg 696w, https:\/\/folhapopular.info\/wp-content\/uploads\/2025\/01\/fotos-da-leti-1-1068x601.jpeg 1068w, https:\/\/folhapopular.info\/wp-content\/uploads\/2025\/01\/fotos-da-leti-1.jpeg 1280w\" sizes=\"auto, (max-width: 1024px) 100vw, 1024px\" \/><figcaption class=\"wp-element-caption\">Cr\u00e9dito: Let\u00edcia Echer<\/figcaption><\/figure>\n\n\n\n<p><strong>Resposta da comunidade<\/strong><\/p>\n\n\n\n<p>Hoje, o pr\u00e9dio \u00e9 utilizada para atividades da Comunidade Paz do Bairro Teut\u00f4nia. A pastora Evanice Adriana Beise afirma que a comunidade foi respons\u00e1vel pela reforma do espa\u00e7o, que estava comprometido, e que ele foi adequado para \u201ceduca\u00e7\u00e3o espiritual\u201d. \u201cTemos mais de 100 crian\u00e7as e jovens tendo aulas de ensino confirmat\u00f3rio e culto infantil. N\u00e3o temos outro local para levar essas aulas. A educa\u00e7\u00e3o espiritual das crian\u00e7as e jovens \u00e9 elemento essencial e fundamental da Comunidade Paz\u201d, ressalta. Tamb\u00e9m h\u00e1 oficinas de m\u00fasica no espa\u00e7o.<\/p>\n\n\n\n<p><strong>Nas ruas<\/strong><\/p>\n\n\n\n<p>Miriam Helena Wessel Dahmer, respons\u00e1vel pela \u201cCasa da V\u00f3 Tita\u201d, que cuida de crian\u00e7as, acredita que a regi\u00e3o necessita de mais vagas em creche. \u201cTer vagas na creche aqui \u00e9 urgente. \u00c9 para ontem. J\u00e1 cheguei a cuidar de 20 crian\u00e7as\u201d, ressalta. Ela conta que essa n\u00e3o \u00e9 uma caracter\u00edstica apenas das f\u00e9rias, mas que o movimento se estende por todo o ano.<\/p>\n\n\n\n<p>\u201cEm primeiro momento, a comunidade entendeu que n\u00e3o deseja essa mudan\u00e7a. Respeitamos, mas estamos tentando encontrar solu\u00e7\u00f5es a curto prazo\u201d <strong>Prefeito &#8211; Renato Altamann<\/strong><\/p>\n\n\n\n<p>\u201cN\u00e3o temos outro local para levar essas aulas. A educa\u00e7\u00e3o espiritual das crian\u00e7as e jovens \u00e9 elemento essencial e fundamental da Comunidade Paz\u201d <strong>Evanice Adriana &#8211; pastora<\/strong><\/p>\n","protected":false},"excerpt":{"rendered":"<p>Conforme a Central de Vagas de Teut\u00f4nia, o munic\u00edpio tem uma fila de 543 pessoas esperando por matr\u00edcula na creche. O problema \u00e9 antigo na cidade e um desafio para a administra\u00e7\u00e3o p\u00fablica. Agora, inicia-se um trabalho de levantamento de espa\u00e7os existentes que poderiam ser utilizados para aulas de educa\u00e7\u00e3o infantil. As causas para o [&hellip;]<\/p>\n","protected":false},"author":747,"featured_media":178860,"comment_status":"open","ping_status":"open","sticky":false,"template":"","format":"standard","meta":{"pmpro_default_level":"","_jetpack_memberships_contains_paid_content":false,"footnotes":""},"categories":[2,10988,3],"tags":[1710,182,2153],"class_list":{"0":"post-178859","1":"post","2":"type-post","3":"status-publish","4":"format-standard","5":"has-post-thumbnail","7":"category-featured","8":"category-educacao","9":"category-geral","10":"tag-creche","11":"tag-educacao-infantil","12":"tag-escola","13":"pmpro-has-access"},"yoast_head":"<!-- This site is optimized with the Yoast SEO plugin v27.5 - https:\/\/yoast.com\/product\/yoast-seo-wordpress\/ -->\n<title>Mais de 500 crian\u00e7as esperam por vaga em escolas infantis em Teut\u00f4nia - Folha Popular<\/title>\n<meta name=\"robots\" content=\"index, follow, max-snippet:-1, max-image-preview:large, max-video-preview:-1\" \/>\n<link rel=\"canonical\" href=\"https:\/\/folhapopular.info\/index.php\/2025\/01\/18\/mais-de-500-criancas-esperam-por-vaga-em-escolas-infantis\/\" \/>\n<meta property=\"og:locale\" content=\"pt_BR\" \/>\n<meta property=\"og:type\" content=\"article\" \/>\n<meta property=\"og:title\" content=\"Mais de 500 crian\u00e7as esperam por vaga em escolas infantis em Teut\u00f4nia - Folha Popular\" \/>\n<meta property=\"og:description\" content=\"Conforme a Central de Vagas de Teut\u00f4nia, o munic\u00edpio tem uma fila de 543 pessoas esperando por matr\u00edcula na creche. O problema \u00e9 antigo na cidade e um desafio para a administra\u00e7\u00e3o p\u00fablica. Agora, inicia-se um trabalho de levantamento de espa\u00e7os existentes que poderiam ser utilizados para aulas de educa\u00e7\u00e3o infantil. As causas para o [&hellip;]\" \/>\n<meta property=\"og:url\" content=\"https:\/\/folhapopular.info\/index.php\/2025\/01\/18\/mais-de-500-criancas-esperam-por-vaga-em-escolas-infantis\/\" \/>\n<meta property=\"og:site_name\" content=\"Folha Popular\" \/>\n<meta property=\"article:published_time\" content=\"2025-01-18T13:00:00+00:00\" \/>\n<meta property=\"article:modified_time\" content=\"2025-01-18T13:06:27+00:00\" \/>\n<meta property=\"og:image\" content=\"http:\/\/folhapopular.info\/wp-content\/uploads\/2025\/01\/fotos-da-leti-2.jpeg\" \/>\n\t<meta property=\"og:image:width\" content=\"1600\" \/>\n\t<meta property=\"og:image:height\" content=\"900\" \/>\n\t<meta property=\"og:image:type\" content=\"image\/jpeg\" \/>\n<meta name=\"author\" content=\"J\u00falia Amaral\" \/>\n<meta name=\"twitter:card\" content=\"summary_large_image\" \/>\n<meta name=\"twitter:label1\" content=\"Escrito por\" \/>\n\t<meta name=\"twitter:data1\" content=\"J\u00falia Amaral\" \/>\n\t<meta name=\"twitter:label2\" content=\"Est. tempo de leitura\" \/>\n\t<meta name=\"twitter:data2\" content=\"3 minutos\" \/>\n<script type=\"application\/ld+json\" class=\"yoast-schema-graph\">{\"@context\":\"https:\\\/\\\/schema.org\",\"@graph\":[{\"@type\":\"Article\",\"@id\":\"https:\\\/\\\/folhapopular.info\\\/index.php\\\/2025\\\/01\\\/18\\\/mais-de-500-criancas-esperam-por-vaga-em-escolas-infantis\\\/#article\",\"isPartOf\":{\"@id\":\"https:\\\/\\\/folhapopular.info\\\/index.php\\\/2025\\\/01\\\/18\\\/mais-de-500-criancas-esperam-por-vaga-em-escolas-infantis\\\/\"},\"author\":{\"name\":\"J\u00falia Amaral\",\"@id\":\"https:\\\/\\\/folhapopular.info\\\/#\\\/schema\\\/person\\\/25c7649fd584816b1747a45f3aab3b40\"},\"headline\":\"Mais de 500 crian\u00e7as esperam por vaga em escolas infantis em Teut\u00f4nia\",\"datePublished\":\"2025-01-18T13:00:00+00:00\",\"dateModified\":\"2025-01-18T13:06:27+00:00\",\"mainEntityOfPage\":{\"@id\":\"https:\\\/\\\/folhapopular.info\\\/index.php\\\/2025\\\/01\\\/18\\\/mais-de-500-criancas-esperam-por-vaga-em-escolas-infantis\\\/\"},\"wordCount\":525,\"commentCount\":0,\"image\":{\"@id\":\"https:\\\/\\\/folhapopular.info\\\/index.php\\\/2025\\\/01\\\/18\\\/mais-de-500-criancas-esperam-por-vaga-em-escolas-infantis\\\/#primaryimage\"},\"thumbnailUrl\":\"https:\\\/\\\/folhapopular.info\\\/wp-content\\\/uploads\\\/2025\\\/01\\\/fotos-da-leti-2.jpeg\",\"keywords\":[\"Creche\",\"Educa\u00e7\u00e3o Infantil\",\"Escola\"],\"articleSection\":[\"Destaques\",\"Educa\u00e7\u00e3o\",\"Geral\"],\"inLanguage\":\"pt-BR\",\"potentialAction\":[{\"@type\":\"CommentAction\",\"name\":\"Comment\",\"target\":[\"https:\\\/\\\/folhapopular.info\\\/index.php\\\/2025\\\/01\\\/18\\\/mais-de-500-criancas-esperam-por-vaga-em-escolas-infantis\\\/#respond\"]}]},{\"@type\":\"WebPage\",\"@id\":\"https:\\\/\\\/folhapopular.info\\\/index.php\\\/2025\\\/01\\\/18\\\/mais-de-500-criancas-esperam-por-vaga-em-escolas-infantis\\\/\",\"url\":\"https:\\\/\\\/folhapopular.info\\\/index.php\\\/2025\\\/01\\\/18\\\/mais-de-500-criancas-esperam-por-vaga-em-escolas-infantis\\\/\",\"name\":\"Mais de 500 crian\u00e7as esperam por vaga em escolas infantis em Teut\u00f4nia - Folha Popular\",\"isPartOf\":{\"@id\":\"https:\\\/\\\/folhapopular.info\\\/#website\"},\"primaryImageOfPage\":{\"@id\":\"https:\\\/\\\/folhapopular.info\\\/index.php\\\/2025\\\/01\\\/18\\\/mais-de-500-criancas-esperam-por-vaga-em-escolas-infantis\\\/#primaryimage\"},\"image\":{\"@id\":\"https:\\\/\\\/folhapopular.info\\\/index.php\\\/2025\\\/01\\\/18\\\/mais-de-500-criancas-esperam-por-vaga-em-escolas-infantis\\\/#primaryimage\"},\"thumbnailUrl\":\"https:\\\/\\\/folhapopular.info\\\/wp-content\\\/uploads\\\/2025\\\/01\\\/fotos-da-leti-2.jpeg\",\"datePublished\":\"2025-01-18T13:00:00+00:00\",\"dateModified\":\"2025-01-18T13:06:27+00:00\",\"author\":{\"@id\":\"https:\\\/\\\/folhapopular.info\\\/#\\\/schema\\\/person\\\/25c7649fd584816b1747a45f3aab3b40\"},\"breadcrumb\":{\"@id\":\"https:\\\/\\\/folhapopular.info\\\/index.php\\\/2025\\\/01\\\/18\\\/mais-de-500-criancas-esperam-por-vaga-em-escolas-infantis\\\/#breadcrumb\"},\"inLanguage\":\"pt-BR\",\"potentialAction\":[{\"@type\":\"ReadAction\",\"target\":[\"https:\\\/\\\/folhapopular.info\\\/index.php\\\/2025\\\/01\\\/18\\\/mais-de-500-criancas-esperam-por-vaga-em-escolas-infantis\\\/\"]}]},{\"@type\":\"ImageObject\",\"inLanguage\":\"pt-BR\",\"@id\":\"https:\\\/\\\/folhapopular.info\\\/index.php\\\/2025\\\/01\\\/18\\\/mais-de-500-criancas-esperam-por-vaga-em-escolas-infantis\\\/#primaryimage\",\"url\":\"https:\\\/\\\/folhapopular.info\\\/wp-content\\\/uploads\\\/2025\\\/01\\\/fotos-da-leti-2.jpeg\",\"contentUrl\":\"https:\\\/\\\/folhapopular.info\\\/wp-content\\\/uploads\\\/2025\\\/01\\\/fotos-da-leti-2.jpeg\",\"width\":1600,\"height\":900,\"caption\":\"Espa\u00e7o da antiga escola Dom Pedro II fica no Bairro Teut\u00f4nia e foi estudado como loca\u00e7\u00e3o para vagas de creche \\\/ Cr\u00e9dito: Let\u00edcia Echer\"},{\"@type\":\"BreadcrumbList\",\"@id\":\"https:\\\/\\\/folhapopular.info\\\/index.php\\\/2025\\\/01\\\/18\\\/mais-de-500-criancas-esperam-por-vaga-em-escolas-infantis\\\/#breadcrumb\",\"itemListElement\":[{\"@type\":\"ListItem\",\"position\":1,\"name\":\"In\u00edcio\",\"item\":\"https:\\\/\\\/folhapopular.info\\\/\"},{\"@type\":\"ListItem\",\"position\":2,\"name\":\"Mais de 500 crian\u00e7as esperam por vaga em escolas infantis em Teut\u00f4nia\"}]},{\"@type\":\"WebSite\",\"@id\":\"https:\\\/\\\/folhapopular.info\\\/#website\",\"url\":\"https:\\\/\\\/folhapopular.info\\\/\",\"name\":\"Folha Popular\",\"description\":\"Onde voc\u00ea tem vez e voz\",\"potentialAction\":[{\"@type\":\"SearchAction\",\"target\":{\"@type\":\"EntryPoint\",\"urlTemplate\":\"https:\\\/\\\/folhapopular.info\\\/?s={search_term_string}\"},\"query-input\":{\"@type\":\"PropertyValueSpecification\",\"valueRequired\":true,\"valueName\":\"search_term_string\"}}],\"inLanguage\":\"pt-BR\"},{\"@type\":\"Person\",\"@id\":\"https:\\\/\\\/folhapopular.info\\\/#\\\/schema\\\/person\\\/25c7649fd584816b1747a45f3aab3b40\",\"name\":\"J\u00falia Amaral\",\"image\":{\"@type\":\"ImageObject\",\"inLanguage\":\"pt-BR\",\"@id\":\"https:\\\/\\\/secure.gravatar.com\\\/avatar\\\/4d7d64d93a62bbe70e444c5c7b0a643f1955a374a94fd5eab0a928fe21d5b041?s=96&d=mm&r=g\",\"url\":\"https:\\\/\\\/secure.gravatar.com\\\/avatar\\\/4d7d64d93a62bbe70e444c5c7b0a643f1955a374a94fd5eab0a928fe21d5b041?s=96&d=mm&r=g\",\"contentUrl\":\"https:\\\/\\\/secure.gravatar.com\\\/avatar\\\/4d7d64d93a62bbe70e444c5c7b0a643f1955a374a94fd5eab0a928fe21d5b041?s=96&d=mm&r=g\",\"caption\":\"J\u00falia Amaral\"},\"url\":\"https:\\\/\\\/folhapopular.info\\\/index.php\\\/author\\\/julia-amaral\\\/\"}]}<\/script>\n<!-- \/ Yoast SEO plugin. -->","yoast_head_json":{"title":"Mais de 500 crian\u00e7as esperam por vaga em escolas infantis em Teut\u00f4nia - Folha Popular","robots":{"index":"index","follow":"follow","max-snippet":"max-snippet:-1","max-image-preview":"max-image-preview:large","max-video-preview":"max-video-preview:-1"},"canonical":"https:\/\/folhapopular.info\/index.php\/2025\/01\/18\/mais-de-500-criancas-esperam-por-vaga-em-escolas-infantis\/","og_locale":"pt_BR","og_type":"article","og_title":"Mais de 500 crian\u00e7as esperam por vaga em escolas infantis em Teut\u00f4nia - Folha Popular","og_description":"Conforme a Central de Vagas de Teut\u00f4nia, o munic\u00edpio tem uma fila de 543 pessoas esperando por matr\u00edcula na creche. O problema \u00e9 antigo na cidade e um desafio para a administra\u00e7\u00e3o p\u00fablica. Agora, inicia-se um trabalho de levantamento de espa\u00e7os existentes que poderiam ser utilizados para aulas de educa\u00e7\u00e3o infantil. As causas para o [&hellip;]","og_url":"https:\/\/folhapopular.info\/index.php\/2025\/01\/18\/mais-de-500-criancas-esperam-por-vaga-em-escolas-infantis\/","og_site_name":"Folha Popular","article_published_time":"2025-01-18T13:00:00+00:00","article_modified_time":"2025-01-18T13:06:27+00:00","og_image":[{"width":1600,"height":900,"url":"http:\/\/folhapopular.info\/wp-content\/uploads\/2025\/01\/fotos-da-leti-2.jpeg","type":"image\/jpeg"}],"author":"J\u00falia Amaral","twitter_card":"summary_large_image","twitter_misc":{"Escrito por":"J\u00falia Amaral","Est. tempo de leitura":"3 minutos"},"schema":{"@context":"https:\/\/schema.org","@graph":[{"@type":"Article","@id":"https:\/\/folhapopular.info\/index.php\/2025\/01\/18\/mais-de-500-criancas-esperam-por-vaga-em-escolas-infantis\/#article","isPartOf":{"@id":"https:\/\/folhapopular.info\/index.php\/2025\/01\/18\/mais-de-500-criancas-esperam-por-vaga-em-escolas-infantis\/"},"author":{"name":"J\u00falia Amaral","@id":"https:\/\/folhapopular.info\/#\/schema\/person\/25c7649fd584816b1747a45f3aab3b40"},"headline":"Mais de 500 crian\u00e7as esperam por vaga em escolas infantis em Teut\u00f4nia","datePublished":"2025-01-18T13:00:00+00:00","dateModified":"2025-01-18T13:06:27+00:00","mainEntityOfPage":{"@id":"https:\/\/folhapopular.info\/index.php\/2025\/01\/18\/mais-de-500-criancas-esperam-por-vaga-em-escolas-infantis\/"},"wordCount":525,"commentCount":0,"image":{"@id":"https:\/\/folhapopular.info\/index.php\/2025\/01\/18\/mais-de-500-criancas-esperam-por-vaga-em-escolas-infantis\/#primaryimage"},"thumbnailUrl":"https:\/\/folhapopular.info\/wp-content\/uploads\/2025\/01\/fotos-da-leti-2.jpeg","keywords":["Creche","Educa\u00e7\u00e3o Infantil","Escola"],"articleSection":["Destaques","Educa\u00e7\u00e3o","Geral"],"inLanguage":"pt-BR","potentialAction":[{"@type":"CommentAction","name":"Comment","target":["https:\/\/folhapopular.info\/index.php\/2025\/01\/18\/mais-de-500-criancas-esperam-por-vaga-em-escolas-infantis\/#respond"]}]},{"@type":"WebPage","@id":"https:\/\/folhapopular.info\/index.php\/2025\/01\/18\/mais-de-500-criancas-esperam-por-vaga-em-escolas-infantis\/","url":"https:\/\/folhapopular.info\/index.php\/2025\/01\/18\/mais-de-500-criancas-esperam-por-vaga-em-escolas-infantis\/","name":"Mais de 500 crian\u00e7as esperam por vaga em escolas infantis em Teut\u00f4nia - Folha Popular","isPartOf":{"@id":"https:\/\/folhapopular.info\/#website"},"primaryImageOfPage":{"@id":"https:\/\/folhapopular.info\/index.php\/2025\/01\/18\/mais-de-500-criancas-esperam-por-vaga-em-escolas-infantis\/#primaryimage"},"image":{"@id":"https:\/\/folhapopular.info\/index.php\/2025\/01\/18\/mais-de-500-criancas-esperam-por-vaga-em-escolas-infantis\/#primaryimage"},"thumbnailUrl":"https:\/\/folhapopular.info\/wp-content\/uploads\/2025\/01\/fotos-da-leti-2.jpeg","datePublished":"2025-01-18T13:00:00+00:00","dateModified":"2025-01-18T13:06:27+00:00","author":{"@id":"https:\/\/folhapopular.info\/#\/schema\/person\/25c7649fd584816b1747a45f3aab3b40"},"breadcrumb":{"@id":"https:\/\/folhapopular.info\/index.php\/2025\/01\/18\/mais-de-500-criancas-esperam-por-vaga-em-escolas-infantis\/#breadcrumb"},"inLanguage":"pt-BR","potentialAction":[{"@type":"ReadAction","target":["https:\/\/folhapopular.info\/index.php\/2025\/01\/18\/mais-de-500-criancas-esperam-por-vaga-em-escolas-infantis\/"]}]},{"@type":"ImageObject","inLanguage":"pt-BR","@id":"https:\/\/folhapopular.info\/index.php\/2025\/01\/18\/mais-de-500-criancas-esperam-por-vaga-em-escolas-infantis\/#primaryimage","url":"https:\/\/folhapopular.info\/wp-content\/uploads\/2025\/01\/fotos-da-leti-2.jpeg","contentUrl":"https:\/\/folhapopular.info\/wp-content\/uploads\/2025\/01\/fotos-da-leti-2.jpeg","width":1600,"height":900,"caption":"Espa\u00e7o da antiga escola Dom Pedro II fica no Bairro Teut\u00f4nia e foi estudado como loca\u00e7\u00e3o para vagas de creche \/ Cr\u00e9dito: Let\u00edcia Echer"},{"@type":"BreadcrumbList","@id":"https:\/\/folhapopular.info\/index.php\/2025\/01\/18\/mais-de-500-criancas-esperam-por-vaga-em-escolas-infantis\/#breadcrumb","itemListElement":[{"@type":"ListItem","position":1,"name":"In\u00edcio","item":"https:\/\/folhapopular.info\/"},{"@type":"ListItem","position":2,"name":"Mais de 500 crian\u00e7as esperam por vaga em escolas infantis em Teut\u00f4nia"}]},{"@type":"WebSite","@id":"https:\/\/folhapopular.info\/#website","url":"https:\/\/folhapopular.info\/","name":"Folha Popular","description":"Onde voc\u00ea tem vez e voz","potentialAction":[{"@type":"SearchAction","target":{"@type":"EntryPoint","urlTemplate":"https:\/\/folhapopular.info\/?s={search_term_string}"},"query-input":{"@type":"PropertyValueSpecification","valueRequired":true,"valueName":"search_term_string"}}],"inLanguage":"pt-BR"},{"@type":"Person","@id":"https:\/\/folhapopular.info\/#\/schema\/person\/25c7649fd584816b1747a45f3aab3b40","name":"J\u00falia Amaral","image":{"@type":"ImageObject","inLanguage":"pt-BR","@id":"https:\/\/secure.gravatar.com\/avatar\/4d7d64d93a62bbe70e444c5c7b0a643f1955a374a94fd5eab0a928fe21d5b041?s=96&d=mm&r=g","url":"https:\/\/secure.gravatar.com\/avatar\/4d7d64d93a62bbe70e444c5c7b0a643f1955a374a94fd5eab0a928fe21d5b041?s=96&d=mm&r=g","contentUrl":"https:\/\/secure.gravatar.com\/avatar\/4d7d64d93a62bbe70e444c5c7b0a643f1955a374a94fd5eab0a928fe21d5b041?s=96&d=mm&r=g","caption":"J\u00falia Amaral"},"url":"https:\/\/folhapopular.info\/index.php\/author\/julia-amaral\/"}]}},"jetpack_featured_media_url":"https:\/\/folhapopular.info\/wp-content\/uploads\/2025\/01\/fotos-da-leti-2.jpeg","jetpack_sharing_enabled":true,"amp_enabled":true,"_links":{"self":[{"href":"https:\/\/folhapopular.info\/index.php\/wp-json\/wp\/v2\/posts\/178859","targetHints":{"allow":["GET"]}}],"collection":[{"href":"https:\/\/folhapopular.info\/index.php\/wp-json\/wp\/v2\/posts"}],"about":[{"href":"https:\/\/folhapopular.info\/index.php\/wp-json\/wp\/v2\/types\/post"}],"author":[{"embeddable":true,"href":"https:\/\/folhapopular.info\/index.php\/wp-json\/wp\/v2\/users\/747"}],"replies":[{"embeddable":true,"href":"https:\/\/folhapopular.info\/index.php\/wp-json\/wp\/v2\/comments?post=178859"}],"version-history":[{"count":0,"href":"https:\/\/folhapopular.info\/index.php\/wp-json\/wp\/v2\/posts\/178859\/revisions"}],"wp:featuredmedia":[{"embeddable":true,"href":"https:\/\/folhapopular.info\/index.php\/wp-json\/wp\/v2\/media\/178860"}],"wp:attachment":[{"href":"https:\/\/folhapopular.info\/index.php\/wp-json\/wp\/v2\/media?parent=178859"}],"wp:term":[{"taxonomy":"category","embeddable":true,"href":"https:\/\/folhapopular.info\/index.php\/wp-json\/wp\/v2\/categories?post=178859"},{"taxonomy":"post_tag","embeddable":true,"href":"https:\/\/folhapopular.info\/index.php\/wp-json\/wp\/v2\/tags?post=178859"}],"curies":[{"name":"wp","href":"https:\/\/api.w.org\/{rel}","templated":true}]}}