{"id":178955,"date":"2025-01-20T08:20:40","date_gmt":"2025-01-20T11:20:40","guid":{"rendered":"https:\/\/folhapopular.info\/?p=178955"},"modified":"2025-01-20T08:20:43","modified_gmt":"2025-01-20T11:20:43","slug":"gremio-nas-semifinais-da-copa-sao-paulo-de-futebol-junior","status":"publish","type":"post","link":"https:\/\/folhapopular.info\/index.php\/2025\/01\/20\/gremio-nas-semifinais-da-copa-sao-paulo-de-futebol-junior\/","title":{"rendered":"Gr\u00eamio nas semifinais da Copa S\u00e3o Paulo de Futebol J\u00fanior"},"content":{"rendered":"\n<p>O Gr\u00eamio garantiu vaga na semifinal da Copa S\u00e3o Paulo de Futebol J\u00fanior ao vencer o Palmeiras por 3 a 2 na noite do domingo (16\/1), na Arena Barueri, em S\u00e3o Paulo. O pr\u00f3ximo desafio do tricolor ser\u00e1 contra o Corinthians, na quarta-feira (22\/1), com hor\u00e1rio ainda a ser definido.<\/p>\n\n\n\n<p>O Palmeiras saiu na frente com um gol de cabe\u00e7a de Erick Bal\u00e9, aos 16min do 1\u00ba tempo, ap\u00f3s cobran\u00e7a de escanteio de Gilberto. O Gr\u00eamio empatou aos 26min, quando Tiago lan\u00e7ou Pedro Gabriel na esquerda. O lateral dominou e finalizou com precis\u00e3o, sem chance para o goleiro.<\/p>\n\n\n\n<p>A virada veio aos 39min, com Gabriel Mec. Depois de driblar um defensor, ele chutou de perna direita; a bola bateu na trave, nas costas do goleiro e entrou.<\/p>\n\n\n\n<p>Logo no primeiro minuto do segundo tempo, o Palmeiras empatou novamente com Riquelme Fillipi, que aproveitou uma falha de marca\u00e7\u00e3o e mandou para o fundo do gol.<\/p>\n\n\n\n<p>Aos 40min da etapa final, o Gr\u00eamio marcou o gol da vit\u00f3ria. Ap\u00f3s cobran\u00e7a de escanteio, a zaga do Palmeiras n\u00e3o afastou, e a bola sobrou para Lu\u00eds Eduardo, que garantiu a classifica\u00e7\u00e3o do tricolor ga\u00facho para a semifinal.<\/p>\n","protected":false},"excerpt":{"rendered":"<p>O Gr\u00eamio garantiu vaga na semifinal da Copa S\u00e3o Paulo de Futebol J\u00fanior ao vencer o Palmeiras por 3 a 2 na noite do domingo (16\/1), na Arena Barueri, em S\u00e3o Paulo. O pr\u00f3ximo desafio do tricolor ser\u00e1 contra o Corinthians, na quarta-feira (22\/1), com hor\u00e1rio ainda a ser definido. O Palmeiras saiu na frente [&hellip;]<\/p>\n","protected":false},"author":732,"featured_media":178956,"comment_status":"open","ping_status":"open","sticky":false,"template":"","format":"standard","meta":{"pmpro_default_level":"","_jetpack_memberships_contains_paid_content":false,"footnotes":""},"categories":[5],"tags":[2000,17514,498,1194],"class_list":{"0":"post-178955","1":"post","2":"type-post","3":"status-publish","4":"format-standard","5":"has-post-thumbnail","7":"category-esportes","8":"tag-categoria-de-base","9":"tag-copa-sao-paulo-de-futebol-junior","10":"tag-futebol","11":"tag-gremio","12":"pmpro-has-access"},"yoast_head":"<!-- This site is optimized with the Yoast SEO plugin v27.5 - https:\/\/yoast.com\/product\/yoast-seo-wordpress\/ -->\n<title>Gr\u00eamio nas semifinais da Copa S\u00e3o Paulo de Futebol J\u00fanior - Folha Popular<\/title>\n<meta name=\"robots\" content=\"index, follow, max-snippet:-1, max-image-preview:large, max-video-preview:-1\" \/>\n<link rel=\"canonical\" href=\"https:\/\/folhapopular.info\/index.php\/2025\/01\/20\/gremio-nas-semifinais-da-copa-sao-paulo-de-futebol-junior\/\" \/>\n<meta property=\"og:locale\" content=\"pt_BR\" \/>\n<meta property=\"og:type\" content=\"article\" \/>\n<meta property=\"og:title\" content=\"Gr\u00eamio nas semifinais da Copa S\u00e3o Paulo de Futebol J\u00fanior - Folha Popular\" \/>\n<meta property=\"og:description\" content=\"O Gr\u00eamio garantiu vaga na semifinal da Copa S\u00e3o Paulo de Futebol J\u00fanior ao vencer o Palmeiras por 3 a 2 na noite do domingo (16\/1), na Arena Barueri, em S\u00e3o Paulo. O pr\u00f3ximo desafio do tricolor ser\u00e1 contra o Corinthians, na quarta-feira (22\/1), com hor\u00e1rio ainda a ser definido. O Palmeiras saiu na frente [&hellip;]\" \/>\n<meta property=\"og:url\" content=\"https:\/\/folhapopular.info\/index.php\/2025\/01\/20\/gremio-nas-semifinais-da-copa-sao-paulo-de-futebol-junior\/\" \/>\n<meta property=\"og:site_name\" content=\"Folha Popular\" \/>\n<meta property=\"article:author\" content=\"https:\/\/www.facebook.com\/luis.huppes\/\" \/>\n<meta property=\"article:published_time\" content=\"2025-01-20T11:20:40+00:00\" \/>\n<meta property=\"article:modified_time\" content=\"2025-01-20T11:20:43+00:00\" \/>\n<meta property=\"og:image\" content=\"http:\/\/folhapopular.info\/wp-content\/uploads\/2025\/01\/Gremio-Copinha-Palmeiras-e1737340979382.webp\" \/>\n\t<meta property=\"og:image:width\" content=\"680\" \/>\n\t<meta property=\"og:image:height\" content=\"383\" \/>\n\t<meta property=\"og:image:type\" content=\"image\/webp\" \/>\n<meta name=\"author\" content=\"Luis Augusto Huppes\" \/>\n<meta name=\"twitter:card\" content=\"summary_large_image\" \/>\n<meta name=\"twitter:label1\" content=\"Escrito por\" \/>\n\t<meta name=\"twitter:data1\" content=\"Luis Augusto Huppes\" \/>\n\t<meta name=\"twitter:label2\" content=\"Est. tempo de leitura\" \/>\n\t<meta name=\"twitter:data2\" content=\"2 minutos\" \/>\n<script type=\"application\/ld+json\" class=\"yoast-schema-graph\">{\"@context\":\"https:\\\/\\\/schema.org\",\"@graph\":[{\"@type\":\"Article\",\"@id\":\"https:\\\/\\\/folhapopular.info\\\/index.php\\\/2025\\\/01\\\/20\\\/gremio-nas-semifinais-da-copa-sao-paulo-de-futebol-junior\\\/#article\",\"isPartOf\":{\"@id\":\"https:\\\/\\\/folhapopular.info\\\/index.php\\\/2025\\\/01\\\/20\\\/gremio-nas-semifinais-da-copa-sao-paulo-de-futebol-junior\\\/\"},\"author\":{\"name\":\"Luis Augusto Huppes\",\"@id\":\"https:\\\/\\\/folhapopular.info\\\/#\\\/schema\\\/person\\\/e852c327371714676d02e58cf917fd9f\"},\"headline\":\"Gr\u00eamio nas semifinais da Copa S\u00e3o Paulo de Futebol J\u00fanior\",\"datePublished\":\"2025-01-20T11:20:40+00:00\",\"dateModified\":\"2025-01-20T11:20:43+00:00\",\"mainEntityOfPage\":{\"@id\":\"https:\\\/\\\/folhapopular.info\\\/index.php\\\/2025\\\/01\\\/20\\\/gremio-nas-semifinais-da-copa-sao-paulo-de-futebol-junior\\\/\"},\"wordCount\":222,\"commentCount\":0,\"image\":{\"@id\":\"https:\\\/\\\/folhapopular.info\\\/index.php\\\/2025\\\/01\\\/20\\\/gremio-nas-semifinais-da-copa-sao-paulo-de-futebol-junior\\\/#primaryimage\"},\"thumbnailUrl\":\"https:\\\/\\\/folhapopular.info\\\/wp-content\\\/uploads\\\/2025\\\/01\\\/Gremio-Copinha-Palmeiras-e1737340979382.webp\",\"keywords\":[\"categoria de base\",\"Copa S\u00e3o Paulo de Futebol J\u00fanior\",\"Futebol\",\"Gr\u00eamio\"],\"articleSection\":[\"Esportes\"],\"inLanguage\":\"pt-BR\",\"potentialAction\":[{\"@type\":\"CommentAction\",\"name\":\"Comment\",\"target\":[\"https:\\\/\\\/folhapopular.info\\\/index.php\\\/2025\\\/01\\\/20\\\/gremio-nas-semifinais-da-copa-sao-paulo-de-futebol-junior\\\/#respond\"]}]},{\"@type\":\"WebPage\",\"@id\":\"https:\\\/\\\/folhapopular.info\\\/index.php\\\/2025\\\/01\\\/20\\\/gremio-nas-semifinais-da-copa-sao-paulo-de-futebol-junior\\\/\",\"url\":\"https:\\\/\\\/folhapopular.info\\\/index.php\\\/2025\\\/01\\\/20\\\/gremio-nas-semifinais-da-copa-sao-paulo-de-futebol-junior\\\/\",\"name\":\"Gr\u00eamio nas semifinais da Copa S\u00e3o Paulo de Futebol J\u00fanior - Folha Popular\",\"isPartOf\":{\"@id\":\"https:\\\/\\\/folhapopular.info\\\/#website\"},\"primaryImageOfPage\":{\"@id\":\"https:\\\/\\\/folhapopular.info\\\/index.php\\\/2025\\\/01\\\/20\\\/gremio-nas-semifinais-da-copa-sao-paulo-de-futebol-junior\\\/#primaryimage\"},\"image\":{\"@id\":\"https:\\\/\\\/folhapopular.info\\\/index.php\\\/2025\\\/01\\\/20\\\/gremio-nas-semifinais-da-copa-sao-paulo-de-futebol-junior\\\/#primaryimage\"},\"thumbnailUrl\":\"https:\\\/\\\/folhapopular.info\\\/wp-content\\\/uploads\\\/2025\\\/01\\\/Gremio-Copinha-Palmeiras-e1737340979382.webp\",\"datePublished\":\"2025-01-20T11:20:40+00:00\",\"dateModified\":\"2025-01-20T11:20:43+00:00\",\"author\":{\"@id\":\"https:\\\/\\\/folhapopular.info\\\/#\\\/schema\\\/person\\\/e852c327371714676d02e58cf917fd9f\"},\"breadcrumb\":{\"@id\":\"https:\\\/\\\/folhapopular.info\\\/index.php\\\/2025\\\/01\\\/20\\\/gremio-nas-semifinais-da-copa-sao-paulo-de-futebol-junior\\\/#breadcrumb\"},\"inLanguage\":\"pt-BR\",\"potentialAction\":[{\"@type\":\"ReadAction\",\"target\":[\"https:\\\/\\\/folhapopular.info\\\/index.php\\\/2025\\\/01\\\/20\\\/gremio-nas-semifinais-da-copa-sao-paulo-de-futebol-junior\\\/\"]}]},{\"@type\":\"ImageObject\",\"inLanguage\":\"pt-BR\",\"@id\":\"https:\\\/\\\/folhapopular.info\\\/index.php\\\/2025\\\/01\\\/20\\\/gremio-nas-semifinais-da-copa-sao-paulo-de-futebol-junior\\\/#primaryimage\",\"url\":\"https:\\\/\\\/folhapopular.info\\\/wp-content\\\/uploads\\\/2025\\\/01\\\/Gremio-Copinha-Palmeiras-e1737340979382.webp\",\"contentUrl\":\"https:\\\/\\\/folhapopular.info\\\/wp-content\\\/uploads\\\/2025\\\/01\\\/Gremio-Copinha-Palmeiras-e1737340979382.webp\",\"width\":680,\"height\":383,\"caption\":\"Tricolor bateu o Palmeiras e se classificou \\\/ Cr\u00e9dito: Divulga\u00e7\u00e3o\"},{\"@type\":\"BreadcrumbList\",\"@id\":\"https:\\\/\\\/folhapopular.info\\\/index.php\\\/2025\\\/01\\\/20\\\/gremio-nas-semifinais-da-copa-sao-paulo-de-futebol-junior\\\/#breadcrumb\",\"itemListElement\":[{\"@type\":\"ListItem\",\"position\":1,\"name\":\"In\u00edcio\",\"item\":\"https:\\\/\\\/folhapopular.info\\\/\"},{\"@type\":\"ListItem\",\"position\":2,\"name\":\"Gr\u00eamio nas semifinais da Copa S\u00e3o Paulo de Futebol J\u00fanior\"}]},{\"@type\":\"WebSite\",\"@id\":\"https:\\\/\\\/folhapopular.info\\\/#website\",\"url\":\"https:\\\/\\\/folhapopular.info\\\/\",\"name\":\"Folha Popular\",\"description\":\"Onde voc\u00ea tem vez e voz\",\"potentialAction\":[{\"@type\":\"SearchAction\",\"target\":{\"@type\":\"EntryPoint\",\"urlTemplate\":\"https:\\\/\\\/folhapopular.info\\\/?s={search_term_string}\"},\"query-input\":{\"@type\":\"PropertyValueSpecification\",\"valueRequired\":true,\"valueName\":\"search_term_string\"}}],\"inLanguage\":\"pt-BR\"},{\"@type\":\"Person\",\"@id\":\"https:\\\/\\\/folhapopular.info\\\/#\\\/schema\\\/person\\\/e852c327371714676d02e58cf917fd9f\",\"name\":\"Luis Augusto Huppes\",\"image\":{\"@type\":\"ImageObject\",\"inLanguage\":\"pt-BR\",\"@id\":\"https:\\\/\\\/folhapopular.info\\\/wp-content\\\/uploads\\\/2026\\\/04\\\/Luis-Augusto-Huppes-1-1.webp\",\"url\":\"https:\\\/\\\/folhapopular.info\\\/wp-content\\\/uploads\\\/2026\\\/04\\\/Luis-Augusto-Huppes-1-1.webp\",\"contentUrl\":\"https:\\\/\\\/folhapopular.info\\\/wp-content\\\/uploads\\\/2026\\\/04\\\/Luis-Augusto-Huppes-1-1.webp\",\"caption\":\"Luis Augusto Huppes\"},\"sameAs\":[\"https:\\\/\\\/www.facebook.com\\\/luis.huppes\\\/\",\"https:\\\/\\\/www.instagram.com\\\/luis.huppes\\\/\",\"https:\\\/\\\/www.linkedin.com\\\/in\\\/luis-augusto-huppes-2554b52b7\\\/\"],\"url\":\"https:\\\/\\\/folhapopular.info\\\/index.php\\\/author\\\/luis-augusto-huppes\\\/\"}]}<\/script>\n<!-- \/ Yoast SEO plugin. -->","yoast_head_json":{"title":"Gr\u00eamio nas semifinais da Copa S\u00e3o Paulo de Futebol J\u00fanior - Folha Popular","robots":{"index":"index","follow":"follow","max-snippet":"max-snippet:-1","max-image-preview":"max-image-preview:large","max-video-preview":"max-video-preview:-1"},"canonical":"https:\/\/folhapopular.info\/index.php\/2025\/01\/20\/gremio-nas-semifinais-da-copa-sao-paulo-de-futebol-junior\/","og_locale":"pt_BR","og_type":"article","og_title":"Gr\u00eamio nas semifinais da Copa S\u00e3o Paulo de Futebol J\u00fanior - Folha Popular","og_description":"O Gr\u00eamio garantiu vaga na semifinal da Copa S\u00e3o Paulo de Futebol J\u00fanior ao vencer o Palmeiras por 3 a 2 na noite do domingo (16\/1), na Arena Barueri, em S\u00e3o Paulo. O pr\u00f3ximo desafio do tricolor ser\u00e1 contra o Corinthians, na quarta-feira (22\/1), com hor\u00e1rio ainda a ser definido. O Palmeiras saiu na frente [&hellip;]","og_url":"https:\/\/folhapopular.info\/index.php\/2025\/01\/20\/gremio-nas-semifinais-da-copa-sao-paulo-de-futebol-junior\/","og_site_name":"Folha Popular","article_author":"https:\/\/www.facebook.com\/luis.huppes\/","article_published_time":"2025-01-20T11:20:40+00:00","article_modified_time":"2025-01-20T11:20:43+00:00","og_image":[{"width":680,"height":383,"url":"http:\/\/folhapopular.info\/wp-content\/uploads\/2025\/01\/Gremio-Copinha-Palmeiras-e1737340979382.webp","type":"image\/webp"}],"author":"Luis Augusto Huppes","twitter_card":"summary_large_image","twitter_misc":{"Escrito por":"Luis Augusto Huppes","Est. tempo de leitura":"2 minutos"},"schema":{"@context":"https:\/\/schema.org","@graph":[{"@type":"Article","@id":"https:\/\/folhapopular.info\/index.php\/2025\/01\/20\/gremio-nas-semifinais-da-copa-sao-paulo-de-futebol-junior\/#article","isPartOf":{"@id":"https:\/\/folhapopular.info\/index.php\/2025\/01\/20\/gremio-nas-semifinais-da-copa-sao-paulo-de-futebol-junior\/"},"author":{"name":"Luis Augusto Huppes","@id":"https:\/\/folhapopular.info\/#\/schema\/person\/e852c327371714676d02e58cf917fd9f"},"headline":"Gr\u00eamio nas semifinais da Copa S\u00e3o Paulo de Futebol J\u00fanior","datePublished":"2025-01-20T11:20:40+00:00","dateModified":"2025-01-20T11:20:43+00:00","mainEntityOfPage":{"@id":"https:\/\/folhapopular.info\/index.php\/2025\/01\/20\/gremio-nas-semifinais-da-copa-sao-paulo-de-futebol-junior\/"},"wordCount":222,"commentCount":0,"image":{"@id":"https:\/\/folhapopular.info\/index.php\/2025\/01\/20\/gremio-nas-semifinais-da-copa-sao-paulo-de-futebol-junior\/#primaryimage"},"thumbnailUrl":"https:\/\/folhapopular.info\/wp-content\/uploads\/2025\/01\/Gremio-Copinha-Palmeiras-e1737340979382.webp","keywords":["categoria de base","Copa S\u00e3o Paulo de Futebol J\u00fanior","Futebol","Gr\u00eamio"],"articleSection":["Esportes"],"inLanguage":"pt-BR","potentialAction":[{"@type":"CommentAction","name":"Comment","target":["https:\/\/folhapopular.info\/index.php\/2025\/01\/20\/gremio-nas-semifinais-da-copa-sao-paulo-de-futebol-junior\/#respond"]}]},{"@type":"WebPage","@id":"https:\/\/folhapopular.info\/index.php\/2025\/01\/20\/gremio-nas-semifinais-da-copa-sao-paulo-de-futebol-junior\/","url":"https:\/\/folhapopular.info\/index.php\/2025\/01\/20\/gremio-nas-semifinais-da-copa-sao-paulo-de-futebol-junior\/","name":"Gr\u00eamio nas semifinais da Copa S\u00e3o Paulo de Futebol J\u00fanior - Folha Popular","isPartOf":{"@id":"https:\/\/folhapopular.info\/#website"},"primaryImageOfPage":{"@id":"https:\/\/folhapopular.info\/index.php\/2025\/01\/20\/gremio-nas-semifinais-da-copa-sao-paulo-de-futebol-junior\/#primaryimage"},"image":{"@id":"https:\/\/folhapopular.info\/index.php\/2025\/01\/20\/gremio-nas-semifinais-da-copa-sao-paulo-de-futebol-junior\/#primaryimage"},"thumbnailUrl":"https:\/\/folhapopular.info\/wp-content\/uploads\/2025\/01\/Gremio-Copinha-Palmeiras-e1737340979382.webp","datePublished":"2025-01-20T11:20:40+00:00","dateModified":"2025-01-20T11:20:43+00:00","author":{"@id":"https:\/\/folhapopular.info\/#\/schema\/person\/e852c327371714676d02e58cf917fd9f"},"breadcrumb":{"@id":"https:\/\/folhapopular.info\/index.php\/2025\/01\/20\/gremio-nas-semifinais-da-copa-sao-paulo-de-futebol-junior\/#breadcrumb"},"inLanguage":"pt-BR","potentialAction":[{"@type":"ReadAction","target":["https:\/\/folhapopular.info\/index.php\/2025\/01\/20\/gremio-nas-semifinais-da-copa-sao-paulo-de-futebol-junior\/"]}]},{"@type":"ImageObject","inLanguage":"pt-BR","@id":"https:\/\/folhapopular.info\/index.php\/2025\/01\/20\/gremio-nas-semifinais-da-copa-sao-paulo-de-futebol-junior\/#primaryimage","url":"https:\/\/folhapopular.info\/wp-content\/uploads\/2025\/01\/Gremio-Copinha-Palmeiras-e1737340979382.webp","contentUrl":"https:\/\/folhapopular.info\/wp-content\/uploads\/2025\/01\/Gremio-Copinha-Palmeiras-e1737340979382.webp","width":680,"height":383,"caption":"Tricolor bateu o Palmeiras e se classificou \/ Cr\u00e9dito: Divulga\u00e7\u00e3o"},{"@type":"BreadcrumbList","@id":"https:\/\/folhapopular.info\/index.php\/2025\/01\/20\/gremio-nas-semifinais-da-copa-sao-paulo-de-futebol-junior\/#breadcrumb","itemListElement":[{"@type":"ListItem","position":1,"name":"In\u00edcio","item":"https:\/\/folhapopular.info\/"},{"@type":"ListItem","position":2,"name":"Gr\u00eamio nas semifinais da Copa S\u00e3o Paulo de Futebol J\u00fanior"}]},{"@type":"WebSite","@id":"https:\/\/folhapopular.info\/#website","url":"https:\/\/folhapopular.info\/","name":"Folha Popular","description":"Onde voc\u00ea tem vez e voz","potentialAction":[{"@type":"SearchAction","target":{"@type":"EntryPoint","urlTemplate":"https:\/\/folhapopular.info\/?s={search_term_string}"},"query-input":{"@type":"PropertyValueSpecification","valueRequired":true,"valueName":"search_term_string"}}],"inLanguage":"pt-BR"},{"@type":"Person","@id":"https:\/\/folhapopular.info\/#\/schema\/person\/e852c327371714676d02e58cf917fd9f","name":"Luis Augusto Huppes","image":{"@type":"ImageObject","inLanguage":"pt-BR","@id":"https:\/\/folhapopular.info\/wp-content\/uploads\/2026\/04\/Luis-Augusto-Huppes-1-1.webp","url":"https:\/\/folhapopular.info\/wp-content\/uploads\/2026\/04\/Luis-Augusto-Huppes-1-1.webp","contentUrl":"https:\/\/folhapopular.info\/wp-content\/uploads\/2026\/04\/Luis-Augusto-Huppes-1-1.webp","caption":"Luis Augusto Huppes"},"sameAs":["https:\/\/www.facebook.com\/luis.huppes\/","https:\/\/www.instagram.com\/luis.huppes\/","https:\/\/www.linkedin.com\/in\/luis-augusto-huppes-2554b52b7\/"],"url":"https:\/\/folhapopular.info\/index.php\/author\/luis-augusto-huppes\/"}]}},"jetpack_featured_media_url":"https:\/\/folhapopular.info\/wp-content\/uploads\/2025\/01\/Gremio-Copinha-Palmeiras-e1737340979382.webp","jetpack_sharing_enabled":true,"amp_enabled":true,"_links":{"self":[{"href":"https:\/\/folhapopular.info\/index.php\/wp-json\/wp\/v2\/posts\/178955","targetHints":{"allow":["GET"]}}],"collection":[{"href":"https:\/\/folhapopular.info\/index.php\/wp-json\/wp\/v2\/posts"}],"about":[{"href":"https:\/\/folhapopular.info\/index.php\/wp-json\/wp\/v2\/types\/post"}],"author":[{"embeddable":true,"href":"https:\/\/folhapopular.info\/index.php\/wp-json\/wp\/v2\/users\/732"}],"replies":[{"embeddable":true,"href":"https:\/\/folhapopular.info\/index.php\/wp-json\/wp\/v2\/comments?post=178955"}],"version-history":[{"count":0,"href":"https:\/\/folhapopular.info\/index.php\/wp-json\/wp\/v2\/posts\/178955\/revisions"}],"wp:featuredmedia":[{"embeddable":true,"href":"https:\/\/folhapopular.info\/index.php\/wp-json\/wp\/v2\/media\/178956"}],"wp:attachment":[{"href":"https:\/\/folhapopular.info\/index.php\/wp-json\/wp\/v2\/media?parent=178955"}],"wp:term":[{"taxonomy":"category","embeddable":true,"href":"https:\/\/folhapopular.info\/index.php\/wp-json\/wp\/v2\/categories?post=178955"},{"taxonomy":"post_tag","embeddable":true,"href":"https:\/\/folhapopular.info\/index.php\/wp-json\/wp\/v2\/tags?post=178955"}],"curies":[{"name":"wp","href":"https:\/\/api.w.org\/{rel}","templated":true}]}}