{"id":179029,"date":"2025-01-21T16:36:16","date_gmt":"2025-01-21T19:36:16","guid":{"rendered":"https:\/\/folhapopular.info\/?p=179029"},"modified":"2025-01-21T16:36:20","modified_gmt":"2025-01-21T19:36:20","slug":"agente-de-endemias-reforca-prevencao-a-dengue-no-verao-e-periodos-de-chuva","status":"publish","type":"post","link":"https:\/\/folhapopular.info\/index.php\/2025\/01\/21\/agente-de-endemias-reforca-prevencao-a-dengue-no-verao-e-periodos-de-chuva\/","title":{"rendered":"Agente de Endemias refor\u00e7a preven\u00e7\u00e3o \u00e0 dengue no ver\u00e3o e per\u00edodos de chuva"},"content":{"rendered":"\n<p>A agente de Endemias do Munic\u00edpio de Imigrante, Sandra Massotti, refor\u00e7a o pedido de cuidado e preven\u00e7\u00e3o \u00e0 dengue, especialmente durante o ver\u00e3o e os per\u00edodos de chuva, que favorecem a prolifera\u00e7\u00e3o do mosquito transmissor da doen\u00e7a. O ciclo de vida do mosquito \u00e9 acelerado nestas condi\u00e7\u00f5es, levando de 7 a 10 dias para passar do ovo \u00e0 fase adulta.<br><br>Sandra orienta que, para evitar surtos de dengue, a popula\u00e7\u00e3o deve realizar uma vistoria semanal em suas resid\u00eancias, com dura\u00e7\u00e3o de 10 a 15 minutos, para eliminar poss\u00edveis focos do mosquito. \u201cSomente com o esfor\u00e7o conjunto da comunidade conseguiremos controlar o mosquito e evitar que nossa cidade enfrente um surto\u201d, alerta Sandra.<br><br>Com o ver\u00e3o e as chuvas, h\u00e1 um aumento significativo na quantidade de \u00e1gua acumulada em diferentes locais, criando condi\u00e7\u00f5es ideais para o desenvolvimento do mosquito. A responsabilidade pela preven\u00e7\u00e3o \u00e9 de todos. Al\u00e9m da vistoria domiciliar, a utiliza\u00e7\u00e3o frequente de repelente \u00e9 recomendada, principalmente ao deslocar-se para outras cidades. &#8220;Diversas cidades catarinenses est\u00e3o enfrentando surtos de dengue e chikungunya, por isso precisamos estar em alerta constante&#8221;, destaca a agente de Endemias.<br><br>Sandra tamb\u00e9m esclarece que a Unidade B\u00e1sica de Sa\u00fade de Imigrante n\u00e3o possui a estrutura necess\u00e1ria para atender casos graves de dengue, os quais s\u00e3o encaminhados para o hospital, que muitas vezes j\u00e1 se encontra lotado. \u201cA melhor medida para proteger nossa popula\u00e7\u00e3o \u00e9 a preven\u00e7\u00e3o. Em caso de sintomas, procure um m\u00e9dico, evitando a automedica\u00e7\u00e3o, que pode ser fatal\u201d, orienta.<\/p>\n\n\n\n<figure class=\"wp-block-gallery has-nested-images columns-default is-cropped wp-block-gallery-1 is-layout-flex wp-block-gallery-is-layout-flex\">\n<figure class=\"wp-block-image size-large\"><img loading=\"lazy\" decoding=\"async\" width=\"576\" height=\"1024\" data-id=\"179033\" src=\"https:\/\/folhapopular.info\/wp-content\/uploads\/2025\/01\/WhatsApp-Image-2025-01-17-at-15.53.47-1-576x1024.jpeg\" alt=\"\" class=\"wp-image-179033\" srcset=\"https:\/\/folhapopular.info\/wp-content\/uploads\/2025\/01\/WhatsApp-Image-2025-01-17-at-15.53.47-1-576x1024.jpeg 576w, https:\/\/folhapopular.info\/wp-content\/uploads\/2025\/01\/WhatsApp-Image-2025-01-17-at-15.53.47-1-169x300.jpeg 169w, https:\/\/folhapopular.info\/wp-content\/uploads\/2025\/01\/WhatsApp-Image-2025-01-17-at-15.53.47-1-236x420.jpeg 236w, https:\/\/folhapopular.info\/wp-content\/uploads\/2025\/01\/WhatsApp-Image-2025-01-17-at-15.53.47-1-696x1237.jpeg 696w, https:\/\/folhapopular.info\/wp-content\/uploads\/2025\/01\/WhatsApp-Image-2025-01-17-at-15.53.47-1.jpeg 720w\" sizes=\"auto, (max-width: 576px) 100vw, 576px\" \/><\/figure>\n\n\n\n<figure class=\"wp-block-image size-large\"><img loading=\"lazy\" decoding=\"async\" width=\"576\" height=\"1024\" data-id=\"179032\" src=\"https:\/\/folhapopular.info\/wp-content\/uploads\/2025\/01\/WhatsApp-Image-2025-01-17-at-16.02.56-576x1024.jpeg\" alt=\"\" class=\"wp-image-179032\" srcset=\"https:\/\/folhapopular.info\/wp-content\/uploads\/2025\/01\/WhatsApp-Image-2025-01-17-at-16.02.56-576x1024.jpeg 576w, https:\/\/folhapopular.info\/wp-content\/uploads\/2025\/01\/WhatsApp-Image-2025-01-17-at-16.02.56-169x300.jpeg 169w, https:\/\/folhapopular.info\/wp-content\/uploads\/2025\/01\/WhatsApp-Image-2025-01-17-at-16.02.56-768x1366.jpeg 768w, https:\/\/folhapopular.info\/wp-content\/uploads\/2025\/01\/WhatsApp-Image-2025-01-17-at-16.02.56-864x1536.jpeg 864w, https:\/\/folhapopular.info\/wp-content\/uploads\/2025\/01\/WhatsApp-Image-2025-01-17-at-16.02.56-236x420.jpeg 236w, https:\/\/folhapopular.info\/wp-content\/uploads\/2025\/01\/WhatsApp-Image-2025-01-17-at-16.02.56-696x1238.jpeg 696w, https:\/\/folhapopular.info\/wp-content\/uploads\/2025\/01\/WhatsApp-Image-2025-01-17-at-16.02.56.jpeg 899w\" sizes=\"auto, (max-width: 576px) 100vw, 576px\" \/><\/figure>\n\n\n\n<figure class=\"wp-block-image size-large\"><img loading=\"lazy\" decoding=\"async\" width=\"576\" height=\"1024\" data-id=\"179030\" src=\"https:\/\/folhapopular.info\/wp-content\/uploads\/2025\/01\/WhatsApp-Image-2025-01-17-at-15.52.33-1-576x1024.jpeg\" alt=\"\" class=\"wp-image-179030\" srcset=\"https:\/\/folhapopular.info\/wp-content\/uploads\/2025\/01\/WhatsApp-Image-2025-01-17-at-15.52.33-1-576x1024.jpeg 576w, https:\/\/folhapopular.info\/wp-content\/uploads\/2025\/01\/WhatsApp-Image-2025-01-17-at-15.52.33-1-169x300.jpeg 169w, https:\/\/folhapopular.info\/wp-content\/uploads\/2025\/01\/WhatsApp-Image-2025-01-17-at-15.52.33-1-236x420.jpeg 236w, https:\/\/folhapopular.info\/wp-content\/uploads\/2025\/01\/WhatsApp-Image-2025-01-17-at-15.52.33-1-696x1237.jpeg 696w, https:\/\/folhapopular.info\/wp-content\/uploads\/2025\/01\/WhatsApp-Image-2025-01-17-at-15.52.33-1.jpeg 720w\" sizes=\"auto, (max-width: 576px) 100vw, 576px\" \/><\/figure>\n<figcaption class=\"blocks-gallery-caption wp-element-caption\">Cr\u00e9dito: Carla Beckmann \/ Divulga\u00e7\u00e3o<\/figcaption><\/figure>\n\n\n\n<p><\/p>\n","protected":false},"excerpt":{"rendered":"<p>A agente de Endemias do Munic\u00edpio de Imigrante, Sandra Massotti, refor\u00e7a o pedido de cuidado e preven\u00e7\u00e3o \u00e0 dengue, especialmente durante o ver\u00e3o e os per\u00edodos de chuva, que favorecem a prolifera\u00e7\u00e3o do mosquito transmissor da doen\u00e7a. O ciclo de vida do mosquito \u00e9 acelerado nestas condi\u00e7\u00f5es, levando de 7 a 10 dias para passar [&hellip;]<\/p>\n","protected":false},"author":8,"featured_media":179031,"comment_status":"open","ping_status":"open","sticky":false,"template":"","format":"standard","meta":{"pmpro_default_level":"","_jetpack_memberships_contains_paid_content":false,"footnotes":""},"categories":[3,10986],"tags":[12323,34,17698,17699],"class_list":{"0":"post-179029","1":"post","2":"type-post","3":"status-publish","4":"format-standard","5":"has-post-thumbnail","7":"category-geral","8":"category-saude","9":"tag-agente-de-endemias","10":"tag-imigrante","11":"tag-prevencao-a-dengeue","12":"tag-prevencao-a-dengue","13":"pmpro-has-access"},"yoast_head":"<!-- This site is optimized with the Yoast SEO plugin v27.5 - https:\/\/yoast.com\/product\/yoast-seo-wordpress\/ -->\n<title>Agente de Endemias refor\u00e7a preven\u00e7\u00e3o \u00e0 dengue no ver\u00e3o e per\u00edodos de chuva - Folha Popular<\/title>\n<meta name=\"robots\" content=\"index, follow, max-snippet:-1, max-image-preview:large, max-video-preview:-1\" \/>\n<link rel=\"canonical\" href=\"https:\/\/folhapopular.info\/index.php\/2025\/01\/21\/agente-de-endemias-reforca-prevencao-a-dengue-no-verao-e-periodos-de-chuva\/\" \/>\n<meta property=\"og:locale\" content=\"pt_BR\" \/>\n<meta property=\"og:type\" content=\"article\" \/>\n<meta property=\"og:title\" content=\"Agente de Endemias refor\u00e7a preven\u00e7\u00e3o \u00e0 dengue no ver\u00e3o e per\u00edodos de chuva - Folha Popular\" \/>\n<meta property=\"og:description\" content=\"A agente de Endemias do Munic\u00edpio de Imigrante, Sandra Massotti, refor\u00e7a o pedido de cuidado e preven\u00e7\u00e3o \u00e0 dengue, especialmente durante o ver\u00e3o e os per\u00edodos de chuva, que favorecem a prolifera\u00e7\u00e3o do mosquito transmissor da doen\u00e7a. O ciclo de vida do mosquito \u00e9 acelerado nestas condi\u00e7\u00f5es, levando de 7 a 10 dias para passar [&hellip;]\" \/>\n<meta property=\"og:url\" content=\"https:\/\/folhapopular.info\/index.php\/2025\/01\/21\/agente-de-endemias-reforca-prevencao-a-dengue-no-verao-e-periodos-de-chuva\/\" \/>\n<meta property=\"og:site_name\" content=\"Folha Popular\" \/>\n<meta property=\"article:published_time\" content=\"2025-01-21T19:36:16+00:00\" \/>\n<meta property=\"article:modified_time\" content=\"2025-01-21T19:36:20+00:00\" \/>\n<meta property=\"og:image\" content=\"http:\/\/folhapopular.info\/wp-content\/uploads\/2025\/01\/WhatsApp-Image-2025-01-17-at-15.56.15-1.jpeg\" \/>\n\t<meta property=\"og:image:width\" content=\"900\" \/>\n\t<meta property=\"og:image:height\" content=\"1600\" \/>\n\t<meta property=\"og:image:type\" content=\"image\/jpeg\" \/>\n<meta name=\"author\" content=\"Reda\u00e7\u00e3o Folha Popular\" \/>\n<meta name=\"twitter:card\" content=\"summary_large_image\" \/>\n<meta name=\"twitter:label1\" content=\"Escrito por\" \/>\n\t<meta name=\"twitter:data1\" content=\"Reda\u00e7\u00e3o Folha Popular\" \/>\n\t<meta name=\"twitter:label2\" content=\"Est. tempo de leitura\" \/>\n\t<meta name=\"twitter:data2\" content=\"3 minutos\" \/>\n<script type=\"application\/ld+json\" class=\"yoast-schema-graph\">{\"@context\":\"https:\\\/\\\/schema.org\",\"@graph\":[{\"@type\":\"Article\",\"@id\":\"https:\\\/\\\/folhapopular.info\\\/index.php\\\/2025\\\/01\\\/21\\\/agente-de-endemias-reforca-prevencao-a-dengue-no-verao-e-periodos-de-chuva\\\/#article\",\"isPartOf\":{\"@id\":\"https:\\\/\\\/folhapopular.info\\\/index.php\\\/2025\\\/01\\\/21\\\/agente-de-endemias-reforca-prevencao-a-dengue-no-verao-e-periodos-de-chuva\\\/\"},\"author\":{\"name\":\"Reda\u00e7\u00e3o Folha Popular\",\"@id\":\"https:\\\/\\\/folhapopular.info\\\/#\\\/schema\\\/person\\\/2814e8a0df7643585a9ca38bc6eb9d4b\"},\"headline\":\"Agente de Endemias refor\u00e7a preven\u00e7\u00e3o \u00e0 dengue no ver\u00e3o e per\u00edodos de chuva\",\"datePublished\":\"2025-01-21T19:36:16+00:00\",\"dateModified\":\"2025-01-21T19:36:20+00:00\",\"mainEntityOfPage\":{\"@id\":\"https:\\\/\\\/folhapopular.info\\\/index.php\\\/2025\\\/01\\\/21\\\/agente-de-endemias-reforca-prevencao-a-dengue-no-verao-e-periodos-de-chuva\\\/\"},\"wordCount\":286,\"commentCount\":0,\"image\":{\"@id\":\"https:\\\/\\\/folhapopular.info\\\/index.php\\\/2025\\\/01\\\/21\\\/agente-de-endemias-reforca-prevencao-a-dengue-no-verao-e-periodos-de-chuva\\\/#primaryimage\"},\"thumbnailUrl\":\"https:\\\/\\\/folhapopular.info\\\/wp-content\\\/uploads\\\/2025\\\/01\\\/WhatsApp-Image-2025-01-17-at-15.56.15-1.jpeg\",\"keywords\":[\"agente de endemias\",\"Imigrante\",\"Preven\u00e7\u00e3o \u00e0 dengeue\",\"preven\u00e7\u00e3o \u00e0 dengue\"],\"articleSection\":[\"Geral\",\"Sa\u00fade\"],\"inLanguage\":\"pt-BR\",\"potentialAction\":[{\"@type\":\"CommentAction\",\"name\":\"Comment\",\"target\":[\"https:\\\/\\\/folhapopular.info\\\/index.php\\\/2025\\\/01\\\/21\\\/agente-de-endemias-reforca-prevencao-a-dengue-no-verao-e-periodos-de-chuva\\\/#respond\"]}]},{\"@type\":\"WebPage\",\"@id\":\"https:\\\/\\\/folhapopular.info\\\/index.php\\\/2025\\\/01\\\/21\\\/agente-de-endemias-reforca-prevencao-a-dengue-no-verao-e-periodos-de-chuva\\\/\",\"url\":\"https:\\\/\\\/folhapopular.info\\\/index.php\\\/2025\\\/01\\\/21\\\/agente-de-endemias-reforca-prevencao-a-dengue-no-verao-e-periodos-de-chuva\\\/\",\"name\":\"Agente de Endemias refor\u00e7a preven\u00e7\u00e3o \u00e0 dengue no ver\u00e3o e per\u00edodos de chuva - Folha Popular\",\"isPartOf\":{\"@id\":\"https:\\\/\\\/folhapopular.info\\\/#website\"},\"primaryImageOfPage\":{\"@id\":\"https:\\\/\\\/folhapopular.info\\\/index.php\\\/2025\\\/01\\\/21\\\/agente-de-endemias-reforca-prevencao-a-dengue-no-verao-e-periodos-de-chuva\\\/#primaryimage\"},\"image\":{\"@id\":\"https:\\\/\\\/folhapopular.info\\\/index.php\\\/2025\\\/01\\\/21\\\/agente-de-endemias-reforca-prevencao-a-dengue-no-verao-e-periodos-de-chuva\\\/#primaryimage\"},\"thumbnailUrl\":\"https:\\\/\\\/folhapopular.info\\\/wp-content\\\/uploads\\\/2025\\\/01\\\/WhatsApp-Image-2025-01-17-at-15.56.15-1.jpeg\",\"datePublished\":\"2025-01-21T19:36:16+00:00\",\"dateModified\":\"2025-01-21T19:36:20+00:00\",\"author\":{\"@id\":\"https:\\\/\\\/folhapopular.info\\\/#\\\/schema\\\/person\\\/2814e8a0df7643585a9ca38bc6eb9d4b\"},\"breadcrumb\":{\"@id\":\"https:\\\/\\\/folhapopular.info\\\/index.php\\\/2025\\\/01\\\/21\\\/agente-de-endemias-reforca-prevencao-a-dengue-no-verao-e-periodos-de-chuva\\\/#breadcrumb\"},\"inLanguage\":\"pt-BR\",\"potentialAction\":[{\"@type\":\"ReadAction\",\"target\":[\"https:\\\/\\\/folhapopular.info\\\/index.php\\\/2025\\\/01\\\/21\\\/agente-de-endemias-reforca-prevencao-a-dengue-no-verao-e-periodos-de-chuva\\\/\"]}]},{\"@type\":\"ImageObject\",\"inLanguage\":\"pt-BR\",\"@id\":\"https:\\\/\\\/folhapopular.info\\\/index.php\\\/2025\\\/01\\\/21\\\/agente-de-endemias-reforca-prevencao-a-dengue-no-verao-e-periodos-de-chuva\\\/#primaryimage\",\"url\":\"https:\\\/\\\/folhapopular.info\\\/wp-content\\\/uploads\\\/2025\\\/01\\\/WhatsApp-Image-2025-01-17-at-15.56.15-1.jpeg\",\"contentUrl\":\"https:\\\/\\\/folhapopular.info\\\/wp-content\\\/uploads\\\/2025\\\/01\\\/WhatsApp-Image-2025-01-17-at-15.56.15-1.jpeg\",\"width\":900,\"height\":1600,\"caption\":\"Cr\u00e9dito: Carla Beckmann \\\/ Divulga\u00e7\u00e3o\"},{\"@type\":\"BreadcrumbList\",\"@id\":\"https:\\\/\\\/folhapopular.info\\\/index.php\\\/2025\\\/01\\\/21\\\/agente-de-endemias-reforca-prevencao-a-dengue-no-verao-e-periodos-de-chuva\\\/#breadcrumb\",\"itemListElement\":[{\"@type\":\"ListItem\",\"position\":1,\"name\":\"In\u00edcio\",\"item\":\"https:\\\/\\\/folhapopular.info\\\/\"},{\"@type\":\"ListItem\",\"position\":2,\"name\":\"Agente de Endemias refor\u00e7a preven\u00e7\u00e3o \u00e0 dengue no ver\u00e3o e per\u00edodos de chuva\"}]},{\"@type\":\"WebSite\",\"@id\":\"https:\\\/\\\/folhapopular.info\\\/#website\",\"url\":\"https:\\\/\\\/folhapopular.info\\\/\",\"name\":\"Folha Popular\",\"description\":\"Onde voc\u00ea tem vez e voz\",\"potentialAction\":[{\"@type\":\"SearchAction\",\"target\":{\"@type\":\"EntryPoint\",\"urlTemplate\":\"https:\\\/\\\/folhapopular.info\\\/?s={search_term_string}\"},\"query-input\":{\"@type\":\"PropertyValueSpecification\",\"valueRequired\":true,\"valueName\":\"search_term_string\"}}],\"inLanguage\":\"pt-BR\"},{\"@type\":\"Person\",\"@id\":\"https:\\\/\\\/folhapopular.info\\\/#\\\/schema\\\/person\\\/2814e8a0df7643585a9ca38bc6eb9d4b\",\"name\":\"Reda\u00e7\u00e3o Folha Popular\",\"image\":{\"@type\":\"ImageObject\",\"inLanguage\":\"pt-BR\",\"@id\":\"https:\\\/\\\/folhapopular.info\\\/wp-content\\\/uploads\\\/2026\\\/04\\\/Folha-1.webp\",\"url\":\"https:\\\/\\\/folhapopular.info\\\/wp-content\\\/uploads\\\/2026\\\/04\\\/Folha-1.webp\",\"contentUrl\":\"https:\\\/\\\/folhapopular.info\\\/wp-content\\\/uploads\\\/2026\\\/04\\\/Folha-1.webp\",\"caption\":\"Reda\u00e7\u00e3o Folha Popular\"},\"url\":\"https:\\\/\\\/folhapopular.info\\\/index.php\\\/author\\\/redacao\\\/\"}]}<\/script>\n<!-- \/ Yoast SEO plugin. -->","yoast_head_json":{"title":"Agente de Endemias refor\u00e7a preven\u00e7\u00e3o \u00e0 dengue no ver\u00e3o e per\u00edodos de chuva - Folha Popular","robots":{"index":"index","follow":"follow","max-snippet":"max-snippet:-1","max-image-preview":"max-image-preview:large","max-video-preview":"max-video-preview:-1"},"canonical":"https:\/\/folhapopular.info\/index.php\/2025\/01\/21\/agente-de-endemias-reforca-prevencao-a-dengue-no-verao-e-periodos-de-chuva\/","og_locale":"pt_BR","og_type":"article","og_title":"Agente de Endemias refor\u00e7a preven\u00e7\u00e3o \u00e0 dengue no ver\u00e3o e per\u00edodos de chuva - Folha Popular","og_description":"A agente de Endemias do Munic\u00edpio de Imigrante, Sandra Massotti, refor\u00e7a o pedido de cuidado e preven\u00e7\u00e3o \u00e0 dengue, especialmente durante o ver\u00e3o e os per\u00edodos de chuva, que favorecem a prolifera\u00e7\u00e3o do mosquito transmissor da doen\u00e7a. O ciclo de vida do mosquito \u00e9 acelerado nestas condi\u00e7\u00f5es, levando de 7 a 10 dias para passar [&hellip;]","og_url":"https:\/\/folhapopular.info\/index.php\/2025\/01\/21\/agente-de-endemias-reforca-prevencao-a-dengue-no-verao-e-periodos-de-chuva\/","og_site_name":"Folha Popular","article_published_time":"2025-01-21T19:36:16+00:00","article_modified_time":"2025-01-21T19:36:20+00:00","og_image":[{"width":900,"height":1600,"url":"http:\/\/folhapopular.info\/wp-content\/uploads\/2025\/01\/WhatsApp-Image-2025-01-17-at-15.56.15-1.jpeg","type":"image\/jpeg"}],"author":"Reda\u00e7\u00e3o Folha Popular","twitter_card":"summary_large_image","twitter_misc":{"Escrito por":"Reda\u00e7\u00e3o Folha Popular","Est. tempo de leitura":"3 minutos"},"schema":{"@context":"https:\/\/schema.org","@graph":[{"@type":"Article","@id":"https:\/\/folhapopular.info\/index.php\/2025\/01\/21\/agente-de-endemias-reforca-prevencao-a-dengue-no-verao-e-periodos-de-chuva\/#article","isPartOf":{"@id":"https:\/\/folhapopular.info\/index.php\/2025\/01\/21\/agente-de-endemias-reforca-prevencao-a-dengue-no-verao-e-periodos-de-chuva\/"},"author":{"name":"Reda\u00e7\u00e3o Folha Popular","@id":"https:\/\/folhapopular.info\/#\/schema\/person\/2814e8a0df7643585a9ca38bc6eb9d4b"},"headline":"Agente de Endemias refor\u00e7a preven\u00e7\u00e3o \u00e0 dengue no ver\u00e3o e per\u00edodos de chuva","datePublished":"2025-01-21T19:36:16+00:00","dateModified":"2025-01-21T19:36:20+00:00","mainEntityOfPage":{"@id":"https:\/\/folhapopular.info\/index.php\/2025\/01\/21\/agente-de-endemias-reforca-prevencao-a-dengue-no-verao-e-periodos-de-chuva\/"},"wordCount":286,"commentCount":0,"image":{"@id":"https:\/\/folhapopular.info\/index.php\/2025\/01\/21\/agente-de-endemias-reforca-prevencao-a-dengue-no-verao-e-periodos-de-chuva\/#primaryimage"},"thumbnailUrl":"https:\/\/folhapopular.info\/wp-content\/uploads\/2025\/01\/WhatsApp-Image-2025-01-17-at-15.56.15-1.jpeg","keywords":["agente de endemias","Imigrante","Preven\u00e7\u00e3o \u00e0 dengeue","preven\u00e7\u00e3o \u00e0 dengue"],"articleSection":["Geral","Sa\u00fade"],"inLanguage":"pt-BR","potentialAction":[{"@type":"CommentAction","name":"Comment","target":["https:\/\/folhapopular.info\/index.php\/2025\/01\/21\/agente-de-endemias-reforca-prevencao-a-dengue-no-verao-e-periodos-de-chuva\/#respond"]}]},{"@type":"WebPage","@id":"https:\/\/folhapopular.info\/index.php\/2025\/01\/21\/agente-de-endemias-reforca-prevencao-a-dengue-no-verao-e-periodos-de-chuva\/","url":"https:\/\/folhapopular.info\/index.php\/2025\/01\/21\/agente-de-endemias-reforca-prevencao-a-dengue-no-verao-e-periodos-de-chuva\/","name":"Agente de Endemias refor\u00e7a preven\u00e7\u00e3o \u00e0 dengue no ver\u00e3o e per\u00edodos de chuva - Folha Popular","isPartOf":{"@id":"https:\/\/folhapopular.info\/#website"},"primaryImageOfPage":{"@id":"https:\/\/folhapopular.info\/index.php\/2025\/01\/21\/agente-de-endemias-reforca-prevencao-a-dengue-no-verao-e-periodos-de-chuva\/#primaryimage"},"image":{"@id":"https:\/\/folhapopular.info\/index.php\/2025\/01\/21\/agente-de-endemias-reforca-prevencao-a-dengue-no-verao-e-periodos-de-chuva\/#primaryimage"},"thumbnailUrl":"https:\/\/folhapopular.info\/wp-content\/uploads\/2025\/01\/WhatsApp-Image-2025-01-17-at-15.56.15-1.jpeg","datePublished":"2025-01-21T19:36:16+00:00","dateModified":"2025-01-21T19:36:20+00:00","author":{"@id":"https:\/\/folhapopular.info\/#\/schema\/person\/2814e8a0df7643585a9ca38bc6eb9d4b"},"breadcrumb":{"@id":"https:\/\/folhapopular.info\/index.php\/2025\/01\/21\/agente-de-endemias-reforca-prevencao-a-dengue-no-verao-e-periodos-de-chuva\/#breadcrumb"},"inLanguage":"pt-BR","potentialAction":[{"@type":"ReadAction","target":["https:\/\/folhapopular.info\/index.php\/2025\/01\/21\/agente-de-endemias-reforca-prevencao-a-dengue-no-verao-e-periodos-de-chuva\/"]}]},{"@type":"ImageObject","inLanguage":"pt-BR","@id":"https:\/\/folhapopular.info\/index.php\/2025\/01\/21\/agente-de-endemias-reforca-prevencao-a-dengue-no-verao-e-periodos-de-chuva\/#primaryimage","url":"https:\/\/folhapopular.info\/wp-content\/uploads\/2025\/01\/WhatsApp-Image-2025-01-17-at-15.56.15-1.jpeg","contentUrl":"https:\/\/folhapopular.info\/wp-content\/uploads\/2025\/01\/WhatsApp-Image-2025-01-17-at-15.56.15-1.jpeg","width":900,"height":1600,"caption":"Cr\u00e9dito: Carla Beckmann \/ Divulga\u00e7\u00e3o"},{"@type":"BreadcrumbList","@id":"https:\/\/folhapopular.info\/index.php\/2025\/01\/21\/agente-de-endemias-reforca-prevencao-a-dengue-no-verao-e-periodos-de-chuva\/#breadcrumb","itemListElement":[{"@type":"ListItem","position":1,"name":"In\u00edcio","item":"https:\/\/folhapopular.info\/"},{"@type":"ListItem","position":2,"name":"Agente de Endemias refor\u00e7a preven\u00e7\u00e3o \u00e0 dengue no ver\u00e3o e per\u00edodos de chuva"}]},{"@type":"WebSite","@id":"https:\/\/folhapopular.info\/#website","url":"https:\/\/folhapopular.info\/","name":"Folha Popular","description":"Onde voc\u00ea tem vez e voz","potentialAction":[{"@type":"SearchAction","target":{"@type":"EntryPoint","urlTemplate":"https:\/\/folhapopular.info\/?s={search_term_string}"},"query-input":{"@type":"PropertyValueSpecification","valueRequired":true,"valueName":"search_term_string"}}],"inLanguage":"pt-BR"},{"@type":"Person","@id":"https:\/\/folhapopular.info\/#\/schema\/person\/2814e8a0df7643585a9ca38bc6eb9d4b","name":"Reda\u00e7\u00e3o Folha Popular","image":{"@type":"ImageObject","inLanguage":"pt-BR","@id":"https:\/\/folhapopular.info\/wp-content\/uploads\/2026\/04\/Folha-1.webp","url":"https:\/\/folhapopular.info\/wp-content\/uploads\/2026\/04\/Folha-1.webp","contentUrl":"https:\/\/folhapopular.info\/wp-content\/uploads\/2026\/04\/Folha-1.webp","caption":"Reda\u00e7\u00e3o Folha Popular"},"url":"https:\/\/folhapopular.info\/index.php\/author\/redacao\/"}]}},"jetpack_featured_media_url":"https:\/\/folhapopular.info\/wp-content\/uploads\/2025\/01\/WhatsApp-Image-2025-01-17-at-15.56.15-1.jpeg","jetpack_sharing_enabled":true,"amp_enabled":true,"_links":{"self":[{"href":"https:\/\/folhapopular.info\/index.php\/wp-json\/wp\/v2\/posts\/179029","targetHints":{"allow":["GET"]}}],"collection":[{"href":"https:\/\/folhapopular.info\/index.php\/wp-json\/wp\/v2\/posts"}],"about":[{"href":"https:\/\/folhapopular.info\/index.php\/wp-json\/wp\/v2\/types\/post"}],"author":[{"embeddable":true,"href":"https:\/\/folhapopular.info\/index.php\/wp-json\/wp\/v2\/users\/8"}],"replies":[{"embeddable":true,"href":"https:\/\/folhapopular.info\/index.php\/wp-json\/wp\/v2\/comments?post=179029"}],"version-history":[{"count":0,"href":"https:\/\/folhapopular.info\/index.php\/wp-json\/wp\/v2\/posts\/179029\/revisions"}],"wp:featuredmedia":[{"embeddable":true,"href":"https:\/\/folhapopular.info\/index.php\/wp-json\/wp\/v2\/media\/179031"}],"wp:attachment":[{"href":"https:\/\/folhapopular.info\/index.php\/wp-json\/wp\/v2\/media?parent=179029"}],"wp:term":[{"taxonomy":"category","embeddable":true,"href":"https:\/\/folhapopular.info\/index.php\/wp-json\/wp\/v2\/categories?post=179029"},{"taxonomy":"post_tag","embeddable":true,"href":"https:\/\/folhapopular.info\/index.php\/wp-json\/wp\/v2\/tags?post=179029"}],"curies":[{"name":"wp","href":"https:\/\/api.w.org\/{rel}","templated":true}]}}