{"id":179039,"date":"2025-01-21T16:49:43","date_gmt":"2025-01-21T19:49:43","guid":{"rendered":"https:\/\/folhapopular.info\/?p=179039"},"modified":"2025-03-22T13:37:15","modified_gmt":"2025-03-22T16:37:15","slug":"intermunicipal-2025-iniciara-dia-8-de-marco","status":"publish","type":"post","link":"https:\/\/folhapopular.info\/index.php\/2025\/01\/21\/intermunicipal-2025-iniciara-dia-8-de-marco\/","title":{"rendered":"Intermunicipal 2025 iniciar\u00e1 dia 8 de mar\u00e7o"},"content":{"rendered":"\n<p>A Associa\u00e7\u00e3o dos Clubes Amadores de Teut\u00f4nia (Acat) reuniu as equipes participantes da S\u00e9rie A do Campeonato Intermunicipal Sicredi Certel 2025 na noite de segunda-feira (20\/1). Sorteou as chaves e definiu as datas de lan\u00e7amento e in\u00edcio do campeonato.<\/p>\n\n\n\n<p>O torneio ser\u00e1 lan\u00e7ado oficialmente no dia 6 de mar\u00e7o, na sede do Juventude de Westf\u00e1lia, campe\u00e3o da disciplina do ano passado. Em comum acordo, os clubes e organizadores optaram pela mudan\u00e7a da data inicial, que era 16 de fevereiro, para o dia 9 de mar\u00e7o &#8211; ap\u00f3s o Carnaval.<\/p>\n\n\n\n<p>O in\u00edcio da competi\u00e7\u00e3o foi marcado para os dias 8 e 9. O primeiro jogo do campeonato ser\u00e1 realizado no dia 8, um s\u00e1bado \u00e0 noite, no campo da Sociedade Esportiva Recreativa Ga\u00facho, entre Ga\u00facho e Juventude de Westf\u00e1lia.<\/p>\n\n\n\n<p>A primeira rodada ter\u00e1 ainda, pelo Grupo B, Esperan\u00e7a e Ouro Verde, no domingo (9\/3). Tamb\u00e9m no domingo, est\u00e3o previstas mais duas partidas pela Chave A, entre Po\u00e7o das Antas e Atl\u00e9tico Ga\u00facho, e Canabarrense e 11 Amigos.<\/p>\n\n\n\n<figure class=\"wp-block-table is-style-stripes\"><table class=\"has-light-green-cyan-to-vivid-green-cyan-gradient-background has-background\"><tbody><tr><td><strong>Chave A<\/strong><\/td><\/tr><tr><td>Atl\u00e9tico Ga\u00facho<\/td><\/tr><tr><td>11 Amigos<\/td><\/tr><tr><td>Po\u00e7o das Antas<\/td><\/tr><tr><td>Canabarrense<\/td><\/tr><\/tbody><\/table><\/figure>\n\n\n\n<figure class=\"wp-block-table is-style-stripes\"><table class=\"has-light-green-cyan-to-vivid-green-cyan-gradient-background has-background\"><tbody><tr><td><strong>Chave B<\/strong><\/td><\/tr><tr><td>Esperan\u00e7a<\/td><\/tr><tr><td>Juventude-We<\/td><\/tr><tr><td>Ouro Verde<\/td><\/tr><tr><td>Ga\u00facho<\/td><\/tr><\/tbody><\/table><\/figure>\n\n\n\n<figure class=\"wp-block-table is-style-stripes\"><table class=\"has-light-green-cyan-to-vivid-green-cyan-gradient-background has-background\"><tbody><tr><td><strong>Partidas Iniciais<\/strong><\/td><td><\/td><td><\/td><td><\/td><td><\/td><td><\/td><\/tr><tr><td><strong>Chave<\/strong><\/td><td><strong>Data<\/strong><\/td><td><strong>Confrontos<\/strong><\/td><td><\/td><td><\/td><td><\/td><\/tr><tr><td>A<\/td><td>9\/3<\/td><td>Po\u00e7o das Antas<\/td><td>x<\/td><td>Atl\u00e9tico Ga\u00facho<\/td><td><\/td><\/tr><tr><td>A<\/td><td>9\/3<\/td><td>Canabarrense<\/td><td>x<\/td><td>11 Amigos<\/td><td><\/td><\/tr><tr><td>B<\/td><td>9\/3<\/td><td>Esperan\u00e7a<\/td><td>x<\/td><td>Ouro Verde<\/td><td><\/td><\/tr><tr><td>B<\/td><td>8\/3<\/td><td>Ga\u00facho<\/td><td>x<\/td><td>Juventude-We<\/td><td><\/td><\/tr><\/tbody><\/table><\/figure>\n","protected":false},"excerpt":{"rendered":"<p>A Associa\u00e7\u00e3o dos Clubes Amadores de Teut\u00f4nia (Acat) reuniu as equipes participantes da S\u00e9rie A do Campeonato Intermunicipal Sicredi Certel 2025 na noite de segunda-feira (20\/1). Sorteou as chaves e definiu as datas de lan\u00e7amento e in\u00edcio do campeonato. O torneio ser\u00e1 lan\u00e7ado oficialmente no dia 6 de mar\u00e7o, na sede do Juventude de Westf\u00e1lia, [&hellip;]<\/p>\n","protected":false},"author":732,"featured_media":179040,"comment_status":"open","ping_status":"open","sticky":false,"template":"","format":"standard","meta":{"pmpro_default_level":"","_jetpack_memberships_contains_paid_content":false,"footnotes":""},"categories":[5,240,18154],"tags":[147,17701,315,26,25],"class_list":{"0":"post-179039","1":"post","2":"type-post","3":"status-publish","4":"format-standard","5":"has-post-thumbnail","7":"category-esportes","8":"category-futebol-amador","9":"category-intermunicipal-2025","10":"tag-futebol-amador","11":"tag-intermunicipal-sicredi-certel-2025","12":"tag-regiao","13":"tag-teutonia","14":"tag-westfalia","15":"pmpro-has-access"},"yoast_head":"<!-- This site is optimized with the Yoast SEO plugin v27.5 - https:\/\/yoast.com\/product\/yoast-seo-wordpress\/ -->\n<title>Intermunicipal 2025 iniciar\u00e1 dia 8 de mar\u00e7o - Folha Popular<\/title>\n<meta name=\"robots\" content=\"index, follow, max-snippet:-1, max-image-preview:large, max-video-preview:-1\" \/>\n<link rel=\"canonical\" href=\"https:\/\/folhapopular.info\/index.php\/2025\/01\/21\/intermunicipal-2025-iniciara-dia-8-de-marco\/\" \/>\n<meta property=\"og:locale\" content=\"pt_BR\" \/>\n<meta property=\"og:type\" content=\"article\" \/>\n<meta property=\"og:title\" content=\"Intermunicipal 2025 iniciar\u00e1 dia 8 de mar\u00e7o - Folha Popular\" \/>\n<meta property=\"og:description\" content=\"A Associa\u00e7\u00e3o dos Clubes Amadores de Teut\u00f4nia (Acat) reuniu as equipes participantes da S\u00e9rie A do Campeonato Intermunicipal Sicredi Certel 2025 na noite de segunda-feira (20\/1). Sorteou as chaves e definiu as datas de lan\u00e7amento e in\u00edcio do campeonato. O torneio ser\u00e1 lan\u00e7ado oficialmente no dia 6 de mar\u00e7o, na sede do Juventude de Westf\u00e1lia, [&hellip;]\" \/>\n<meta property=\"og:url\" content=\"https:\/\/folhapopular.info\/index.php\/2025\/01\/21\/intermunicipal-2025-iniciara-dia-8-de-marco\/\" \/>\n<meta property=\"og:site_name\" content=\"Folha Popular\" \/>\n<meta property=\"article:author\" content=\"https:\/\/www.facebook.com\/luis.huppes\/\" \/>\n<meta property=\"article:published_time\" content=\"2025-01-21T19:49:43+00:00\" \/>\n<meta property=\"article:modified_time\" content=\"2025-03-22T16:37:15+00:00\" \/>\n<meta property=\"og:image\" content=\"http:\/\/folhapopular.info\/wp-content\/uploads\/2025\/01\/Reuniao-foi-realizada-na-segunda-feira-e-teve-a-presenca-de-representantes-dos-clubes_Divulgacao.jpeg\" \/>\n\t<meta property=\"og:image:width\" content=\"1258\" \/>\n\t<meta property=\"og:image:height\" content=\"717\" \/>\n\t<meta property=\"og:image:type\" content=\"image\/jpeg\" \/>\n<meta name=\"author\" content=\"Luis Augusto Huppes\" \/>\n<meta name=\"twitter:card\" content=\"summary_large_image\" \/>\n<meta name=\"twitter:label1\" content=\"Escrito por\" \/>\n\t<meta name=\"twitter:data1\" content=\"Luis Augusto Huppes\" \/>\n\t<meta name=\"twitter:label2\" content=\"Est. tempo de leitura\" \/>\n\t<meta name=\"twitter:data2\" content=\"2 minutos\" \/>\n<script type=\"application\/ld+json\" class=\"yoast-schema-graph\">{\"@context\":\"https:\\\/\\\/schema.org\",\"@graph\":[{\"@type\":\"Article\",\"@id\":\"https:\\\/\\\/folhapopular.info\\\/index.php\\\/2025\\\/01\\\/21\\\/intermunicipal-2025-iniciara-dia-8-de-marco\\\/#article\",\"isPartOf\":{\"@id\":\"https:\\\/\\\/folhapopular.info\\\/index.php\\\/2025\\\/01\\\/21\\\/intermunicipal-2025-iniciara-dia-8-de-marco\\\/\"},\"author\":{\"name\":\"Luis Augusto Huppes\",\"@id\":\"https:\\\/\\\/folhapopular.info\\\/#\\\/schema\\\/person\\\/e852c327371714676d02e58cf917fd9f\"},\"headline\":\"Intermunicipal 2025 iniciar\u00e1 dia 8 de mar\u00e7o\",\"datePublished\":\"2025-01-21T19:49:43+00:00\",\"dateModified\":\"2025-03-22T16:37:15+00:00\",\"mainEntityOfPage\":{\"@id\":\"https:\\\/\\\/folhapopular.info\\\/index.php\\\/2025\\\/01\\\/21\\\/intermunicipal-2025-iniciara-dia-8-de-marco\\\/\"},\"wordCount\":236,\"commentCount\":0,\"image\":{\"@id\":\"https:\\\/\\\/folhapopular.info\\\/index.php\\\/2025\\\/01\\\/21\\\/intermunicipal-2025-iniciara-dia-8-de-marco\\\/#primaryimage\"},\"thumbnailUrl\":\"https:\\\/\\\/folhapopular.info\\\/wp-content\\\/uploads\\\/2025\\\/01\\\/Reuniao-foi-realizada-na-segunda-feira-e-teve-a-presenca-de-representantes-dos-clubes_Divulgacao.jpeg\",\"keywords\":[\"futebol amador\",\"Intermunicipal Sicredi Certel 2025\",\"Regi\u00e3o\",\"Teut\u00f4nia\",\"Westf\u00e1lia\"],\"articleSection\":[\"Esportes\",\"Futebol Amador\",\"Intermunicipal 2025\"],\"inLanguage\":\"pt-BR\",\"potentialAction\":[{\"@type\":\"CommentAction\",\"name\":\"Comment\",\"target\":[\"https:\\\/\\\/folhapopular.info\\\/index.php\\\/2025\\\/01\\\/21\\\/intermunicipal-2025-iniciara-dia-8-de-marco\\\/#respond\"]}]},{\"@type\":\"WebPage\",\"@id\":\"https:\\\/\\\/folhapopular.info\\\/index.php\\\/2025\\\/01\\\/21\\\/intermunicipal-2025-iniciara-dia-8-de-marco\\\/\",\"url\":\"https:\\\/\\\/folhapopular.info\\\/index.php\\\/2025\\\/01\\\/21\\\/intermunicipal-2025-iniciara-dia-8-de-marco\\\/\",\"name\":\"Intermunicipal 2025 iniciar\u00e1 dia 8 de mar\u00e7o - Folha Popular\",\"isPartOf\":{\"@id\":\"https:\\\/\\\/folhapopular.info\\\/#website\"},\"primaryImageOfPage\":{\"@id\":\"https:\\\/\\\/folhapopular.info\\\/index.php\\\/2025\\\/01\\\/21\\\/intermunicipal-2025-iniciara-dia-8-de-marco\\\/#primaryimage\"},\"image\":{\"@id\":\"https:\\\/\\\/folhapopular.info\\\/index.php\\\/2025\\\/01\\\/21\\\/intermunicipal-2025-iniciara-dia-8-de-marco\\\/#primaryimage\"},\"thumbnailUrl\":\"https:\\\/\\\/folhapopular.info\\\/wp-content\\\/uploads\\\/2025\\\/01\\\/Reuniao-foi-realizada-na-segunda-feira-e-teve-a-presenca-de-representantes-dos-clubes_Divulgacao.jpeg\",\"datePublished\":\"2025-01-21T19:49:43+00:00\",\"dateModified\":\"2025-03-22T16:37:15+00:00\",\"author\":{\"@id\":\"https:\\\/\\\/folhapopular.info\\\/#\\\/schema\\\/person\\\/e852c327371714676d02e58cf917fd9f\"},\"breadcrumb\":{\"@id\":\"https:\\\/\\\/folhapopular.info\\\/index.php\\\/2025\\\/01\\\/21\\\/intermunicipal-2025-iniciara-dia-8-de-marco\\\/#breadcrumb\"},\"inLanguage\":\"pt-BR\",\"potentialAction\":[{\"@type\":\"ReadAction\",\"target\":[\"https:\\\/\\\/folhapopular.info\\\/index.php\\\/2025\\\/01\\\/21\\\/intermunicipal-2025-iniciara-dia-8-de-marco\\\/\"]}]},{\"@type\":\"ImageObject\",\"inLanguage\":\"pt-BR\",\"@id\":\"https:\\\/\\\/folhapopular.info\\\/index.php\\\/2025\\\/01\\\/21\\\/intermunicipal-2025-iniciara-dia-8-de-marco\\\/#primaryimage\",\"url\":\"https:\\\/\\\/folhapopular.info\\\/wp-content\\\/uploads\\\/2025\\\/01\\\/Reuniao-foi-realizada-na-segunda-feira-e-teve-a-presenca-de-representantes-dos-clubes_Divulgacao.jpeg\",\"contentUrl\":\"https:\\\/\\\/folhapopular.info\\\/wp-content\\\/uploads\\\/2025\\\/01\\\/Reuniao-foi-realizada-na-segunda-feira-e-teve-a-presenca-de-representantes-dos-clubes_Divulgacao.jpeg\",\"width\":1258,\"height\":717,\"caption\":\"Reuni\u00e3o foi realizada na segunda-feira e teve a presen\u00e7a de representantes dos clubes \\\/ Cr\u00e9dito: Divulga\u00e7\u00e3o\"},{\"@type\":\"BreadcrumbList\",\"@id\":\"https:\\\/\\\/folhapopular.info\\\/index.php\\\/2025\\\/01\\\/21\\\/intermunicipal-2025-iniciara-dia-8-de-marco\\\/#breadcrumb\",\"itemListElement\":[{\"@type\":\"ListItem\",\"position\":1,\"name\":\"In\u00edcio\",\"item\":\"https:\\\/\\\/folhapopular.info\\\/\"},{\"@type\":\"ListItem\",\"position\":2,\"name\":\"Intermunicipal 2025 iniciar\u00e1 dia 8 de mar\u00e7o\"}]},{\"@type\":\"WebSite\",\"@id\":\"https:\\\/\\\/folhapopular.info\\\/#website\",\"url\":\"https:\\\/\\\/folhapopular.info\\\/\",\"name\":\"Folha Popular\",\"description\":\"Onde voc\u00ea tem vez e voz\",\"potentialAction\":[{\"@type\":\"SearchAction\",\"target\":{\"@type\":\"EntryPoint\",\"urlTemplate\":\"https:\\\/\\\/folhapopular.info\\\/?s={search_term_string}\"},\"query-input\":{\"@type\":\"PropertyValueSpecification\",\"valueRequired\":true,\"valueName\":\"search_term_string\"}}],\"inLanguage\":\"pt-BR\"},{\"@type\":\"Person\",\"@id\":\"https:\\\/\\\/folhapopular.info\\\/#\\\/schema\\\/person\\\/e852c327371714676d02e58cf917fd9f\",\"name\":\"Luis Augusto Huppes\",\"image\":{\"@type\":\"ImageObject\",\"inLanguage\":\"pt-BR\",\"@id\":\"https:\\\/\\\/folhapopular.info\\\/wp-content\\\/uploads\\\/2026\\\/04\\\/Luis-Augusto-Huppes-1-1.webp\",\"url\":\"https:\\\/\\\/folhapopular.info\\\/wp-content\\\/uploads\\\/2026\\\/04\\\/Luis-Augusto-Huppes-1-1.webp\",\"contentUrl\":\"https:\\\/\\\/folhapopular.info\\\/wp-content\\\/uploads\\\/2026\\\/04\\\/Luis-Augusto-Huppes-1-1.webp\",\"caption\":\"Luis Augusto Huppes\"},\"sameAs\":[\"https:\\\/\\\/www.facebook.com\\\/luis.huppes\\\/\",\"https:\\\/\\\/www.instagram.com\\\/luis.huppes\\\/\",\"https:\\\/\\\/www.linkedin.com\\\/in\\\/luis-augusto-huppes-2554b52b7\\\/\"],\"url\":\"https:\\\/\\\/folhapopular.info\\\/index.php\\\/author\\\/luis-augusto-huppes\\\/\"}]}<\/script>\n<!-- \/ Yoast SEO plugin. -->","yoast_head_json":{"title":"Intermunicipal 2025 iniciar\u00e1 dia 8 de mar\u00e7o - Folha Popular","robots":{"index":"index","follow":"follow","max-snippet":"max-snippet:-1","max-image-preview":"max-image-preview:large","max-video-preview":"max-video-preview:-1"},"canonical":"https:\/\/folhapopular.info\/index.php\/2025\/01\/21\/intermunicipal-2025-iniciara-dia-8-de-marco\/","og_locale":"pt_BR","og_type":"article","og_title":"Intermunicipal 2025 iniciar\u00e1 dia 8 de mar\u00e7o - Folha Popular","og_description":"A Associa\u00e7\u00e3o dos Clubes Amadores de Teut\u00f4nia (Acat) reuniu as equipes participantes da S\u00e9rie A do Campeonato Intermunicipal Sicredi Certel 2025 na noite de segunda-feira (20\/1). Sorteou as chaves e definiu as datas de lan\u00e7amento e in\u00edcio do campeonato. O torneio ser\u00e1 lan\u00e7ado oficialmente no dia 6 de mar\u00e7o, na sede do Juventude de Westf\u00e1lia, [&hellip;]","og_url":"https:\/\/folhapopular.info\/index.php\/2025\/01\/21\/intermunicipal-2025-iniciara-dia-8-de-marco\/","og_site_name":"Folha Popular","article_author":"https:\/\/www.facebook.com\/luis.huppes\/","article_published_time":"2025-01-21T19:49:43+00:00","article_modified_time":"2025-03-22T16:37:15+00:00","og_image":[{"width":1258,"height":717,"url":"http:\/\/folhapopular.info\/wp-content\/uploads\/2025\/01\/Reuniao-foi-realizada-na-segunda-feira-e-teve-a-presenca-de-representantes-dos-clubes_Divulgacao.jpeg","type":"image\/jpeg"}],"author":"Luis Augusto Huppes","twitter_card":"summary_large_image","twitter_misc":{"Escrito por":"Luis Augusto Huppes","Est. tempo de leitura":"2 minutos"},"schema":{"@context":"https:\/\/schema.org","@graph":[{"@type":"Article","@id":"https:\/\/folhapopular.info\/index.php\/2025\/01\/21\/intermunicipal-2025-iniciara-dia-8-de-marco\/#article","isPartOf":{"@id":"https:\/\/folhapopular.info\/index.php\/2025\/01\/21\/intermunicipal-2025-iniciara-dia-8-de-marco\/"},"author":{"name":"Luis Augusto Huppes","@id":"https:\/\/folhapopular.info\/#\/schema\/person\/e852c327371714676d02e58cf917fd9f"},"headline":"Intermunicipal 2025 iniciar\u00e1 dia 8 de mar\u00e7o","datePublished":"2025-01-21T19:49:43+00:00","dateModified":"2025-03-22T16:37:15+00:00","mainEntityOfPage":{"@id":"https:\/\/folhapopular.info\/index.php\/2025\/01\/21\/intermunicipal-2025-iniciara-dia-8-de-marco\/"},"wordCount":236,"commentCount":0,"image":{"@id":"https:\/\/folhapopular.info\/index.php\/2025\/01\/21\/intermunicipal-2025-iniciara-dia-8-de-marco\/#primaryimage"},"thumbnailUrl":"https:\/\/folhapopular.info\/wp-content\/uploads\/2025\/01\/Reuniao-foi-realizada-na-segunda-feira-e-teve-a-presenca-de-representantes-dos-clubes_Divulgacao.jpeg","keywords":["futebol amador","Intermunicipal Sicredi Certel 2025","Regi\u00e3o","Teut\u00f4nia","Westf\u00e1lia"],"articleSection":["Esportes","Futebol Amador","Intermunicipal 2025"],"inLanguage":"pt-BR","potentialAction":[{"@type":"CommentAction","name":"Comment","target":["https:\/\/folhapopular.info\/index.php\/2025\/01\/21\/intermunicipal-2025-iniciara-dia-8-de-marco\/#respond"]}]},{"@type":"WebPage","@id":"https:\/\/folhapopular.info\/index.php\/2025\/01\/21\/intermunicipal-2025-iniciara-dia-8-de-marco\/","url":"https:\/\/folhapopular.info\/index.php\/2025\/01\/21\/intermunicipal-2025-iniciara-dia-8-de-marco\/","name":"Intermunicipal 2025 iniciar\u00e1 dia 8 de mar\u00e7o - Folha Popular","isPartOf":{"@id":"https:\/\/folhapopular.info\/#website"},"primaryImageOfPage":{"@id":"https:\/\/folhapopular.info\/index.php\/2025\/01\/21\/intermunicipal-2025-iniciara-dia-8-de-marco\/#primaryimage"},"image":{"@id":"https:\/\/folhapopular.info\/index.php\/2025\/01\/21\/intermunicipal-2025-iniciara-dia-8-de-marco\/#primaryimage"},"thumbnailUrl":"https:\/\/folhapopular.info\/wp-content\/uploads\/2025\/01\/Reuniao-foi-realizada-na-segunda-feira-e-teve-a-presenca-de-representantes-dos-clubes_Divulgacao.jpeg","datePublished":"2025-01-21T19:49:43+00:00","dateModified":"2025-03-22T16:37:15+00:00","author":{"@id":"https:\/\/folhapopular.info\/#\/schema\/person\/e852c327371714676d02e58cf917fd9f"},"breadcrumb":{"@id":"https:\/\/folhapopular.info\/index.php\/2025\/01\/21\/intermunicipal-2025-iniciara-dia-8-de-marco\/#breadcrumb"},"inLanguage":"pt-BR","potentialAction":[{"@type":"ReadAction","target":["https:\/\/folhapopular.info\/index.php\/2025\/01\/21\/intermunicipal-2025-iniciara-dia-8-de-marco\/"]}]},{"@type":"ImageObject","inLanguage":"pt-BR","@id":"https:\/\/folhapopular.info\/index.php\/2025\/01\/21\/intermunicipal-2025-iniciara-dia-8-de-marco\/#primaryimage","url":"https:\/\/folhapopular.info\/wp-content\/uploads\/2025\/01\/Reuniao-foi-realizada-na-segunda-feira-e-teve-a-presenca-de-representantes-dos-clubes_Divulgacao.jpeg","contentUrl":"https:\/\/folhapopular.info\/wp-content\/uploads\/2025\/01\/Reuniao-foi-realizada-na-segunda-feira-e-teve-a-presenca-de-representantes-dos-clubes_Divulgacao.jpeg","width":1258,"height":717,"caption":"Reuni\u00e3o foi realizada na segunda-feira e teve a presen\u00e7a de representantes dos clubes \/ Cr\u00e9dito: Divulga\u00e7\u00e3o"},{"@type":"BreadcrumbList","@id":"https:\/\/folhapopular.info\/index.php\/2025\/01\/21\/intermunicipal-2025-iniciara-dia-8-de-marco\/#breadcrumb","itemListElement":[{"@type":"ListItem","position":1,"name":"In\u00edcio","item":"https:\/\/folhapopular.info\/"},{"@type":"ListItem","position":2,"name":"Intermunicipal 2025 iniciar\u00e1 dia 8 de mar\u00e7o"}]},{"@type":"WebSite","@id":"https:\/\/folhapopular.info\/#website","url":"https:\/\/folhapopular.info\/","name":"Folha Popular","description":"Onde voc\u00ea tem vez e voz","potentialAction":[{"@type":"SearchAction","target":{"@type":"EntryPoint","urlTemplate":"https:\/\/folhapopular.info\/?s={search_term_string}"},"query-input":{"@type":"PropertyValueSpecification","valueRequired":true,"valueName":"search_term_string"}}],"inLanguage":"pt-BR"},{"@type":"Person","@id":"https:\/\/folhapopular.info\/#\/schema\/person\/e852c327371714676d02e58cf917fd9f","name":"Luis Augusto Huppes","image":{"@type":"ImageObject","inLanguage":"pt-BR","@id":"https:\/\/folhapopular.info\/wp-content\/uploads\/2026\/04\/Luis-Augusto-Huppes-1-1.webp","url":"https:\/\/folhapopular.info\/wp-content\/uploads\/2026\/04\/Luis-Augusto-Huppes-1-1.webp","contentUrl":"https:\/\/folhapopular.info\/wp-content\/uploads\/2026\/04\/Luis-Augusto-Huppes-1-1.webp","caption":"Luis Augusto Huppes"},"sameAs":["https:\/\/www.facebook.com\/luis.huppes\/","https:\/\/www.instagram.com\/luis.huppes\/","https:\/\/www.linkedin.com\/in\/luis-augusto-huppes-2554b52b7\/"],"url":"https:\/\/folhapopular.info\/index.php\/author\/luis-augusto-huppes\/"}]}},"jetpack_featured_media_url":"https:\/\/folhapopular.info\/wp-content\/uploads\/2025\/01\/Reuniao-foi-realizada-na-segunda-feira-e-teve-a-presenca-de-representantes-dos-clubes_Divulgacao.jpeg","jetpack_sharing_enabled":true,"amp_enabled":true,"_links":{"self":[{"href":"https:\/\/folhapopular.info\/index.php\/wp-json\/wp\/v2\/posts\/179039","targetHints":{"allow":["GET"]}}],"collection":[{"href":"https:\/\/folhapopular.info\/index.php\/wp-json\/wp\/v2\/posts"}],"about":[{"href":"https:\/\/folhapopular.info\/index.php\/wp-json\/wp\/v2\/types\/post"}],"author":[{"embeddable":true,"href":"https:\/\/folhapopular.info\/index.php\/wp-json\/wp\/v2\/users\/732"}],"replies":[{"embeddable":true,"href":"https:\/\/folhapopular.info\/index.php\/wp-json\/wp\/v2\/comments?post=179039"}],"version-history":[{"count":0,"href":"https:\/\/folhapopular.info\/index.php\/wp-json\/wp\/v2\/posts\/179039\/revisions"}],"wp:featuredmedia":[{"embeddable":true,"href":"https:\/\/folhapopular.info\/index.php\/wp-json\/wp\/v2\/media\/179040"}],"wp:attachment":[{"href":"https:\/\/folhapopular.info\/index.php\/wp-json\/wp\/v2\/media?parent=179039"}],"wp:term":[{"taxonomy":"category","embeddable":true,"href":"https:\/\/folhapopular.info\/index.php\/wp-json\/wp\/v2\/categories?post=179039"},{"taxonomy":"post_tag","embeddable":true,"href":"https:\/\/folhapopular.info\/index.php\/wp-json\/wp\/v2\/tags?post=179039"}],"curies":[{"name":"wp","href":"https:\/\/api.w.org\/{rel}","templated":true}]}}