{"id":179375,"date":"2025-01-28T16:58:10","date_gmt":"2025-01-28T19:58:10","guid":{"rendered":"https:\/\/folhapopular.info\/?p=179375"},"modified":"2025-01-28T16:59:13","modified_gmt":"2025-01-28T19:59:13","slug":"municipal-de-futsal-de-poco-das-antas-e-retomado","status":"publish","type":"post","link":"https:\/\/folhapopular.info\/index.php\/2025\/01\/28\/municipal-de-futsal-de-poco-das-antas-e-retomado\/","title":{"rendered":"Municipal de Futsal de Po\u00e7o das Antas \u00e9 retomado"},"content":{"rendered":"\n<p>Ap\u00f3s meses de incertezas e um intervalo for\u00e7ado, o Campeonato Municipal de Futsal de Po\u00e7o das Antas foi retomado na quarta-feira (22\/1). A competi\u00e7\u00e3o, que integra a 23\u00aa Ta\u00e7a Municipal de Futsal, havia sido suspensa em 2024 devido a problemas organizacionais e incidentes durante os jogos.<\/p>\n\n\n\n<p>Na rodada de reabertura, foram realizados quatro jogos, um para cada categoria. No Sub-16 masculino, o confronto entre Real Varzea e Milionarios terminou empatado em 4 a 4, enquanto no Feminino o placar foi de 4 a 1 para o Falso Madrid, em duelo com Rainhas da Quadra. J\u00e1 no Veterano, o Po\u00e7o das Antas goleou o Reis da Copa por 9 a 4, e no For\u00e7a Livre, o Carv\u00e3o Wilke venceu o Zenit FC por 6 a 4.<\/p>\n\n\n\n<p>A competi\u00e7\u00e3o segue no formato de semifinais com jogos de ida e volta, e a final ser\u00e1 disputada em partida \u00fanica, programada para o dia 19 de fevereiro. A organiza\u00e7\u00e3o enfrentou desafios para ajustar as datas devido ao calend\u00e1rio apertado e \u00e0 disponibilidade de atletas, mas manteve o compromisso de concluir a edi\u00e7\u00e3o.<\/p>\n\n\n\n<p>\u201cFoi dif\u00edcil chegar a um consenso e retomar os jogos, mas conseguimos superar os desafios e voltamos. Fizemos ajustes para atender as demandas dos times e garantir a continuidade do campeonato,\u201d explicou Augusto Huebner, um dos respons\u00e1veis pela organiza\u00e7\u00e3o.<\/p>\n\n\n\n<h2 class=\"wp-block-heading\">Pr\u00f3ximos jogos<\/h2>\n\n\n\n<p>Para a quarta-feira (29\/1), est\u00e3o agendadas mais quatro partidas das semifinais. \u00c0s 19h50, Real Varzea e Milionarios se enfrentam pela categoria Sub-16. Na sequ\u00eancia, \u00e0s 20h40, 11 Amigos e Upal fazem partida pelo Veterano. No For\u00e7a Livre, para fechar a noite, Carv\u00e3o Wilke e Zenit jogam \u00e0s 21h20 e Sporting e Atalanta finalizam os jogos.<\/p>\n\n\n\n<h2 class=\"wp-block-heading\">Seguran\u00e7a refor\u00e7ada<\/h2>\n\n\n\n<p>Ap\u00f3s os incidentes de 2024, medidas de seguran\u00e7a foram implementadas para evitar novos problemas. A presen\u00e7a de seguran\u00e7as e o apoio da brigada militar foram destacados como fundamentais para o bom andamento das partidas. No entanto, o p\u00fablico ainda foi t\u00edmido na reabertura. &#8220;Foi em uma quarta-feira \u00e0 noite, com jogos que se estenderam at\u00e9 tarde, o que afastou parte da torcida. Acreditamos que, com o avan\u00e7o das semifinais, o p\u00fablico vai voltar ao gin\u00e1sio,&#8221; afirmou.<\/p>\n\n\n\n<h2 class=\"wp-block-heading\">Calend\u00e1rio<\/h2>\n\n\n\n<p>Al\u00e9m da conclus\u00e3o da 23\u00aa Ta\u00e7a de Futsal, Po\u00e7o das Antas j\u00e1 se prepara para outros eventos esportivos. A Trancitrus, competi\u00e7\u00e3o intermunicipal de futebol de campo, est\u00e1 confirmada para mar\u00e7o, e h\u00e1 planos para uma nova edi\u00e7\u00e3o da r\u00fastica, tradicional corrida que mobiliza a regi\u00e3o.<\/p>\n\n\n\n<p>O trabalho de base tamb\u00e9m segue como prioridade no munic\u00edpio, com destaque para as escolinhas de futsal que atendem meninos e meninas de diversas idades. &#8220;O esporte aqui \u00e9 mais do que competi\u00e7\u00e3o, \u00e9 forma\u00e7\u00e3o. Temos meninas indo fazer testes em grandes clubes, o que nos enche de orgulho,&#8221; comentou.<\/p>\n\n\n\n<p>A comunidade agora espera que o campeonato volte a atrair torcedores e recupere a tradi\u00e7\u00e3o que o torna uma das principais competi\u00e7\u00f5es esportivas da regi\u00e3o. \u201cFazemos um apelo ao p\u00fablico para que compare\u00e7a e prestigie. \u00c9 um esfor\u00e7o conjunto para que o esporte continue a unir nossa cidade,\u201d concluiu Augusto.<\/p>\n","protected":false},"excerpt":{"rendered":"<p>Ap\u00f3s meses de incertezas e um intervalo for\u00e7ado, o Campeonato Municipal de Futsal de Po\u00e7o das Antas foi retomado na quarta-feira (22\/1). A competi\u00e7\u00e3o, que integra a 23\u00aa Ta\u00e7a Municipal de Futsal, havia sido suspensa em 2024 devido a problemas organizacionais e incidentes durante os jogos. Na rodada de reabertura, foram realizados quatro jogos, um [&hellip;]<\/p>\n","protected":false},"author":732,"featured_media":179391,"comment_status":"open","ping_status":"open","sticky":false,"template":"","format":"standard","meta":{"pmpro_default_level":"","_jetpack_memberships_contains_paid_content":false,"footnotes":""},"categories":[5,530],"tags":[254,31,40,8174],"class_list":{"0":"post-179375","1":"post","2":"type-post","3":"status-publish","4":"format-standard","5":"has-post-thumbnail","7":"category-esportes","8":"category-futsal","9":"tag-campeonato-municipal-de-futsal","10":"tag-futsal","11":"tag-poco-das-antas","12":"tag-retomada","13":"pmpro-has-access"},"yoast_head":"<!-- This site is optimized with the Yoast SEO plugin v27.5 - https:\/\/yoast.com\/product\/yoast-seo-wordpress\/ -->\n<title>Municipal de Futsal de Po\u00e7o das Antas \u00e9 retomado - Folha Popular<\/title>\n<meta name=\"robots\" content=\"index, follow, max-snippet:-1, max-image-preview:large, max-video-preview:-1\" \/>\n<link rel=\"canonical\" href=\"https:\/\/folhapopular.info\/index.php\/2025\/01\/28\/municipal-de-futsal-de-poco-das-antas-e-retomado\/\" \/>\n<meta property=\"og:locale\" content=\"pt_BR\" \/>\n<meta property=\"og:type\" content=\"article\" \/>\n<meta property=\"og:title\" content=\"Municipal de Futsal de Po\u00e7o das Antas \u00e9 retomado - Folha Popular\" \/>\n<meta property=\"og:description\" content=\"Ap\u00f3s meses de incertezas e um intervalo for\u00e7ado, o Campeonato Municipal de Futsal de Po\u00e7o das Antas foi retomado na quarta-feira (22\/1). A competi\u00e7\u00e3o, que integra a 23\u00aa Ta\u00e7a Municipal de Futsal, havia sido suspensa em 2024 devido a problemas organizacionais e incidentes durante os jogos. Na rodada de reabertura, foram realizados quatro jogos, um [&hellip;]\" \/>\n<meta property=\"og:url\" content=\"https:\/\/folhapopular.info\/index.php\/2025\/01\/28\/municipal-de-futsal-de-poco-das-antas-e-retomado\/\" \/>\n<meta property=\"og:site_name\" content=\"Folha Popular\" \/>\n<meta property=\"article:author\" content=\"https:\/\/www.facebook.com\/luis.huppes\/\" \/>\n<meta property=\"article:published_time\" content=\"2025-01-28T19:58:10+00:00\" \/>\n<meta property=\"article:modified_time\" content=\"2025-01-28T19:59:13+00:00\" \/>\n<meta property=\"og:image\" content=\"http:\/\/folhapopular.info\/wp-content\/uploads\/2025\/01\/1-Cebovi-sedia-penultima-rodada-classificatoria-da-21a-Taca-Municipal-de-Futsal-1-scaled-e1666119751276.jpeg\" \/>\n\t<meta property=\"og:image:width\" content=\"1200\" \/>\n\t<meta property=\"og:image:height\" content=\"675\" \/>\n\t<meta property=\"og:image:type\" content=\"image\/jpeg\" \/>\n<meta name=\"author\" content=\"Luis Augusto Huppes\" \/>\n<meta name=\"twitter:card\" content=\"summary_large_image\" \/>\n<meta name=\"twitter:label1\" content=\"Escrito por\" \/>\n\t<meta name=\"twitter:data1\" content=\"Luis Augusto Huppes\" \/>\n\t<meta name=\"twitter:label2\" content=\"Est. tempo de leitura\" \/>\n\t<meta name=\"twitter:data2\" content=\"3 minutos\" \/>\n<script type=\"application\/ld+json\" class=\"yoast-schema-graph\">{\"@context\":\"https:\\\/\\\/schema.org\",\"@graph\":[{\"@type\":\"Article\",\"@id\":\"https:\\\/\\\/folhapopular.info\\\/index.php\\\/2025\\\/01\\\/28\\\/municipal-de-futsal-de-poco-das-antas-e-retomado\\\/#article\",\"isPartOf\":{\"@id\":\"https:\\\/\\\/folhapopular.info\\\/index.php\\\/2025\\\/01\\\/28\\\/municipal-de-futsal-de-poco-das-antas-e-retomado\\\/\"},\"author\":{\"name\":\"Luis Augusto Huppes\",\"@id\":\"https:\\\/\\\/folhapopular.info\\\/#\\\/schema\\\/person\\\/e852c327371714676d02e58cf917fd9f\"},\"headline\":\"Municipal de Futsal de Po\u00e7o das Antas \u00e9 retomado\",\"datePublished\":\"2025-01-28T19:58:10+00:00\",\"dateModified\":\"2025-01-28T19:59:13+00:00\",\"mainEntityOfPage\":{\"@id\":\"https:\\\/\\\/folhapopular.info\\\/index.php\\\/2025\\\/01\\\/28\\\/municipal-de-futsal-de-poco-das-antas-e-retomado\\\/\"},\"wordCount\":537,\"commentCount\":0,\"image\":{\"@id\":\"https:\\\/\\\/folhapopular.info\\\/index.php\\\/2025\\\/01\\\/28\\\/municipal-de-futsal-de-poco-das-antas-e-retomado\\\/#primaryimage\"},\"thumbnailUrl\":\"https:\\\/\\\/folhapopular.info\\\/wp-content\\\/uploads\\\/2025\\\/01\\\/1-Cebovi-sedia-penultima-rodada-classificatoria-da-21a-Taca-Municipal-de-Futsal-1-scaled-e1666119751276.jpeg\",\"keywords\":[\"Campeonato Municipal de Futsal\",\"Futsal\",\"Po\u00e7o das Antas\",\"Retomada\"],\"articleSection\":[\"Esportes\",\"Futsal\"],\"inLanguage\":\"pt-BR\",\"potentialAction\":[{\"@type\":\"CommentAction\",\"name\":\"Comment\",\"target\":[\"https:\\\/\\\/folhapopular.info\\\/index.php\\\/2025\\\/01\\\/28\\\/municipal-de-futsal-de-poco-das-antas-e-retomado\\\/#respond\"]}]},{\"@type\":\"WebPage\",\"@id\":\"https:\\\/\\\/folhapopular.info\\\/index.php\\\/2025\\\/01\\\/28\\\/municipal-de-futsal-de-poco-das-antas-e-retomado\\\/\",\"url\":\"https:\\\/\\\/folhapopular.info\\\/index.php\\\/2025\\\/01\\\/28\\\/municipal-de-futsal-de-poco-das-antas-e-retomado\\\/\",\"name\":\"Municipal de Futsal de Po\u00e7o das Antas \u00e9 retomado - Folha Popular\",\"isPartOf\":{\"@id\":\"https:\\\/\\\/folhapopular.info\\\/#website\"},\"primaryImageOfPage\":{\"@id\":\"https:\\\/\\\/folhapopular.info\\\/index.php\\\/2025\\\/01\\\/28\\\/municipal-de-futsal-de-poco-das-antas-e-retomado\\\/#primaryimage\"},\"image\":{\"@id\":\"https:\\\/\\\/folhapopular.info\\\/index.php\\\/2025\\\/01\\\/28\\\/municipal-de-futsal-de-poco-das-antas-e-retomado\\\/#primaryimage\"},\"thumbnailUrl\":\"https:\\\/\\\/folhapopular.info\\\/wp-content\\\/uploads\\\/2025\\\/01\\\/1-Cebovi-sedia-penultima-rodada-classificatoria-da-21a-Taca-Municipal-de-Futsal-1-scaled-e1666119751276.jpeg\",\"datePublished\":\"2025-01-28T19:58:10+00:00\",\"dateModified\":\"2025-01-28T19:59:13+00:00\",\"author\":{\"@id\":\"https:\\\/\\\/folhapopular.info\\\/#\\\/schema\\\/person\\\/e852c327371714676d02e58cf917fd9f\"},\"breadcrumb\":{\"@id\":\"https:\\\/\\\/folhapopular.info\\\/index.php\\\/2025\\\/01\\\/28\\\/municipal-de-futsal-de-poco-das-antas-e-retomado\\\/#breadcrumb\"},\"inLanguage\":\"pt-BR\",\"potentialAction\":[{\"@type\":\"ReadAction\",\"target\":[\"https:\\\/\\\/folhapopular.info\\\/index.php\\\/2025\\\/01\\\/28\\\/municipal-de-futsal-de-poco-das-antas-e-retomado\\\/\"]}]},{\"@type\":\"ImageObject\",\"inLanguage\":\"pt-BR\",\"@id\":\"https:\\\/\\\/folhapopular.info\\\/index.php\\\/2025\\\/01\\\/28\\\/municipal-de-futsal-de-poco-das-antas-e-retomado\\\/#primaryimage\",\"url\":\"https:\\\/\\\/folhapopular.info\\\/wp-content\\\/uploads\\\/2025\\\/01\\\/1-Cebovi-sedia-penultima-rodada-classificatoria-da-21a-Taca-Municipal-de-Futsal-1-scaled-e1666119751276.jpeg\",\"contentUrl\":\"https:\\\/\\\/folhapopular.info\\\/wp-content\\\/uploads\\\/2025\\\/01\\\/1-Cebovi-sedia-penultima-rodada-classificatoria-da-21a-Taca-Municipal-de-Futsal-1-scaled-e1666119751276.jpeg\",\"width\":1200,\"height\":675,\"caption\":\"Jogos ocorrem em diversos munic\u00edpios da regi\u00e3o - Cr\u00e9dito: Arquivo FP\"},{\"@type\":\"BreadcrumbList\",\"@id\":\"https:\\\/\\\/folhapopular.info\\\/index.php\\\/2025\\\/01\\\/28\\\/municipal-de-futsal-de-poco-das-antas-e-retomado\\\/#breadcrumb\",\"itemListElement\":[{\"@type\":\"ListItem\",\"position\":1,\"name\":\"In\u00edcio\",\"item\":\"https:\\\/\\\/folhapopular.info\\\/\"},{\"@type\":\"ListItem\",\"position\":2,\"name\":\"Municipal de Futsal de Po\u00e7o das Antas \u00e9 retomado\"}]},{\"@type\":\"WebSite\",\"@id\":\"https:\\\/\\\/folhapopular.info\\\/#website\",\"url\":\"https:\\\/\\\/folhapopular.info\\\/\",\"name\":\"Folha Popular\",\"description\":\"Onde voc\u00ea tem vez e voz\",\"potentialAction\":[{\"@type\":\"SearchAction\",\"target\":{\"@type\":\"EntryPoint\",\"urlTemplate\":\"https:\\\/\\\/folhapopular.info\\\/?s={search_term_string}\"},\"query-input\":{\"@type\":\"PropertyValueSpecification\",\"valueRequired\":true,\"valueName\":\"search_term_string\"}}],\"inLanguage\":\"pt-BR\"},{\"@type\":\"Person\",\"@id\":\"https:\\\/\\\/folhapopular.info\\\/#\\\/schema\\\/person\\\/e852c327371714676d02e58cf917fd9f\",\"name\":\"Luis Augusto Huppes\",\"image\":{\"@type\":\"ImageObject\",\"inLanguage\":\"pt-BR\",\"@id\":\"https:\\\/\\\/folhapopular.info\\\/wp-content\\\/uploads\\\/2026\\\/04\\\/Luis-Augusto-Huppes-1-1.webp\",\"url\":\"https:\\\/\\\/folhapopular.info\\\/wp-content\\\/uploads\\\/2026\\\/04\\\/Luis-Augusto-Huppes-1-1.webp\",\"contentUrl\":\"https:\\\/\\\/folhapopular.info\\\/wp-content\\\/uploads\\\/2026\\\/04\\\/Luis-Augusto-Huppes-1-1.webp\",\"caption\":\"Luis Augusto Huppes\"},\"sameAs\":[\"https:\\\/\\\/www.facebook.com\\\/luis.huppes\\\/\",\"https:\\\/\\\/www.instagram.com\\\/luis.huppes\\\/\",\"https:\\\/\\\/www.linkedin.com\\\/in\\\/luis-augusto-huppes-2554b52b7\\\/\"],\"url\":\"https:\\\/\\\/folhapopular.info\\\/index.php\\\/author\\\/luis-augusto-huppes\\\/\"}]}<\/script>\n<!-- \/ Yoast SEO plugin. -->","yoast_head_json":{"title":"Municipal de Futsal de Po\u00e7o das Antas \u00e9 retomado - Folha Popular","robots":{"index":"index","follow":"follow","max-snippet":"max-snippet:-1","max-image-preview":"max-image-preview:large","max-video-preview":"max-video-preview:-1"},"canonical":"https:\/\/folhapopular.info\/index.php\/2025\/01\/28\/municipal-de-futsal-de-poco-das-antas-e-retomado\/","og_locale":"pt_BR","og_type":"article","og_title":"Municipal de Futsal de Po\u00e7o das Antas \u00e9 retomado - Folha Popular","og_description":"Ap\u00f3s meses de incertezas e um intervalo for\u00e7ado, o Campeonato Municipal de Futsal de Po\u00e7o das Antas foi retomado na quarta-feira (22\/1). A competi\u00e7\u00e3o, que integra a 23\u00aa Ta\u00e7a Municipal de Futsal, havia sido suspensa em 2024 devido a problemas organizacionais e incidentes durante os jogos. Na rodada de reabertura, foram realizados quatro jogos, um [&hellip;]","og_url":"https:\/\/folhapopular.info\/index.php\/2025\/01\/28\/municipal-de-futsal-de-poco-das-antas-e-retomado\/","og_site_name":"Folha Popular","article_author":"https:\/\/www.facebook.com\/luis.huppes\/","article_published_time":"2025-01-28T19:58:10+00:00","article_modified_time":"2025-01-28T19:59:13+00:00","og_image":[{"width":1200,"height":675,"url":"http:\/\/folhapopular.info\/wp-content\/uploads\/2025\/01\/1-Cebovi-sedia-penultima-rodada-classificatoria-da-21a-Taca-Municipal-de-Futsal-1-scaled-e1666119751276.jpeg","type":"image\/jpeg"}],"author":"Luis Augusto Huppes","twitter_card":"summary_large_image","twitter_misc":{"Escrito por":"Luis Augusto Huppes","Est. tempo de leitura":"3 minutos"},"schema":{"@context":"https:\/\/schema.org","@graph":[{"@type":"Article","@id":"https:\/\/folhapopular.info\/index.php\/2025\/01\/28\/municipal-de-futsal-de-poco-das-antas-e-retomado\/#article","isPartOf":{"@id":"https:\/\/folhapopular.info\/index.php\/2025\/01\/28\/municipal-de-futsal-de-poco-das-antas-e-retomado\/"},"author":{"name":"Luis Augusto Huppes","@id":"https:\/\/folhapopular.info\/#\/schema\/person\/e852c327371714676d02e58cf917fd9f"},"headline":"Municipal de Futsal de Po\u00e7o das Antas \u00e9 retomado","datePublished":"2025-01-28T19:58:10+00:00","dateModified":"2025-01-28T19:59:13+00:00","mainEntityOfPage":{"@id":"https:\/\/folhapopular.info\/index.php\/2025\/01\/28\/municipal-de-futsal-de-poco-das-antas-e-retomado\/"},"wordCount":537,"commentCount":0,"image":{"@id":"https:\/\/folhapopular.info\/index.php\/2025\/01\/28\/municipal-de-futsal-de-poco-das-antas-e-retomado\/#primaryimage"},"thumbnailUrl":"https:\/\/folhapopular.info\/wp-content\/uploads\/2025\/01\/1-Cebovi-sedia-penultima-rodada-classificatoria-da-21a-Taca-Municipal-de-Futsal-1-scaled-e1666119751276.jpeg","keywords":["Campeonato Municipal de Futsal","Futsal","Po\u00e7o das Antas","Retomada"],"articleSection":["Esportes","Futsal"],"inLanguage":"pt-BR","potentialAction":[{"@type":"CommentAction","name":"Comment","target":["https:\/\/folhapopular.info\/index.php\/2025\/01\/28\/municipal-de-futsal-de-poco-das-antas-e-retomado\/#respond"]}]},{"@type":"WebPage","@id":"https:\/\/folhapopular.info\/index.php\/2025\/01\/28\/municipal-de-futsal-de-poco-das-antas-e-retomado\/","url":"https:\/\/folhapopular.info\/index.php\/2025\/01\/28\/municipal-de-futsal-de-poco-das-antas-e-retomado\/","name":"Municipal de Futsal de Po\u00e7o das Antas \u00e9 retomado - Folha Popular","isPartOf":{"@id":"https:\/\/folhapopular.info\/#website"},"primaryImageOfPage":{"@id":"https:\/\/folhapopular.info\/index.php\/2025\/01\/28\/municipal-de-futsal-de-poco-das-antas-e-retomado\/#primaryimage"},"image":{"@id":"https:\/\/folhapopular.info\/index.php\/2025\/01\/28\/municipal-de-futsal-de-poco-das-antas-e-retomado\/#primaryimage"},"thumbnailUrl":"https:\/\/folhapopular.info\/wp-content\/uploads\/2025\/01\/1-Cebovi-sedia-penultima-rodada-classificatoria-da-21a-Taca-Municipal-de-Futsal-1-scaled-e1666119751276.jpeg","datePublished":"2025-01-28T19:58:10+00:00","dateModified":"2025-01-28T19:59:13+00:00","author":{"@id":"https:\/\/folhapopular.info\/#\/schema\/person\/e852c327371714676d02e58cf917fd9f"},"breadcrumb":{"@id":"https:\/\/folhapopular.info\/index.php\/2025\/01\/28\/municipal-de-futsal-de-poco-das-antas-e-retomado\/#breadcrumb"},"inLanguage":"pt-BR","potentialAction":[{"@type":"ReadAction","target":["https:\/\/folhapopular.info\/index.php\/2025\/01\/28\/municipal-de-futsal-de-poco-das-antas-e-retomado\/"]}]},{"@type":"ImageObject","inLanguage":"pt-BR","@id":"https:\/\/folhapopular.info\/index.php\/2025\/01\/28\/municipal-de-futsal-de-poco-das-antas-e-retomado\/#primaryimage","url":"https:\/\/folhapopular.info\/wp-content\/uploads\/2025\/01\/1-Cebovi-sedia-penultima-rodada-classificatoria-da-21a-Taca-Municipal-de-Futsal-1-scaled-e1666119751276.jpeg","contentUrl":"https:\/\/folhapopular.info\/wp-content\/uploads\/2025\/01\/1-Cebovi-sedia-penultima-rodada-classificatoria-da-21a-Taca-Municipal-de-Futsal-1-scaled-e1666119751276.jpeg","width":1200,"height":675,"caption":"Jogos ocorrem em diversos munic\u00edpios da regi\u00e3o - Cr\u00e9dito: Arquivo FP"},{"@type":"BreadcrumbList","@id":"https:\/\/folhapopular.info\/index.php\/2025\/01\/28\/municipal-de-futsal-de-poco-das-antas-e-retomado\/#breadcrumb","itemListElement":[{"@type":"ListItem","position":1,"name":"In\u00edcio","item":"https:\/\/folhapopular.info\/"},{"@type":"ListItem","position":2,"name":"Municipal de Futsal de Po\u00e7o das Antas \u00e9 retomado"}]},{"@type":"WebSite","@id":"https:\/\/folhapopular.info\/#website","url":"https:\/\/folhapopular.info\/","name":"Folha Popular","description":"Onde voc\u00ea tem vez e voz","potentialAction":[{"@type":"SearchAction","target":{"@type":"EntryPoint","urlTemplate":"https:\/\/folhapopular.info\/?s={search_term_string}"},"query-input":{"@type":"PropertyValueSpecification","valueRequired":true,"valueName":"search_term_string"}}],"inLanguage":"pt-BR"},{"@type":"Person","@id":"https:\/\/folhapopular.info\/#\/schema\/person\/e852c327371714676d02e58cf917fd9f","name":"Luis Augusto Huppes","image":{"@type":"ImageObject","inLanguage":"pt-BR","@id":"https:\/\/folhapopular.info\/wp-content\/uploads\/2026\/04\/Luis-Augusto-Huppes-1-1.webp","url":"https:\/\/folhapopular.info\/wp-content\/uploads\/2026\/04\/Luis-Augusto-Huppes-1-1.webp","contentUrl":"https:\/\/folhapopular.info\/wp-content\/uploads\/2026\/04\/Luis-Augusto-Huppes-1-1.webp","caption":"Luis Augusto Huppes"},"sameAs":["https:\/\/www.facebook.com\/luis.huppes\/","https:\/\/www.instagram.com\/luis.huppes\/","https:\/\/www.linkedin.com\/in\/luis-augusto-huppes-2554b52b7\/"],"url":"https:\/\/folhapopular.info\/index.php\/author\/luis-augusto-huppes\/"}]}},"jetpack_featured_media_url":"https:\/\/folhapopular.info\/wp-content\/uploads\/2025\/01\/1-Cebovi-sedia-penultima-rodada-classificatoria-da-21a-Taca-Municipal-de-Futsal-1-scaled-e1666119751276.jpeg","jetpack_sharing_enabled":true,"amp_enabled":true,"_links":{"self":[{"href":"https:\/\/folhapopular.info\/index.php\/wp-json\/wp\/v2\/posts\/179375","targetHints":{"allow":["GET"]}}],"collection":[{"href":"https:\/\/folhapopular.info\/index.php\/wp-json\/wp\/v2\/posts"}],"about":[{"href":"https:\/\/folhapopular.info\/index.php\/wp-json\/wp\/v2\/types\/post"}],"author":[{"embeddable":true,"href":"https:\/\/folhapopular.info\/index.php\/wp-json\/wp\/v2\/users\/732"}],"replies":[{"embeddable":true,"href":"https:\/\/folhapopular.info\/index.php\/wp-json\/wp\/v2\/comments?post=179375"}],"version-history":[{"count":0,"href":"https:\/\/folhapopular.info\/index.php\/wp-json\/wp\/v2\/posts\/179375\/revisions"}],"wp:featuredmedia":[{"embeddable":true,"href":"https:\/\/folhapopular.info\/index.php\/wp-json\/wp\/v2\/media\/179391"}],"wp:attachment":[{"href":"https:\/\/folhapopular.info\/index.php\/wp-json\/wp\/v2\/media?parent=179375"}],"wp:term":[{"taxonomy":"category","embeddable":true,"href":"https:\/\/folhapopular.info\/index.php\/wp-json\/wp\/v2\/categories?post=179375"},{"taxonomy":"post_tag","embeddable":true,"href":"https:\/\/folhapopular.info\/index.php\/wp-json\/wp\/v2\/tags?post=179375"}],"curies":[{"name":"wp","href":"https:\/\/api.w.org\/{rel}","templated":true}]}}