{"id":179379,"date":"2025-01-28T16:30:00","date_gmt":"2025-01-28T19:30:00","guid":{"rendered":"https:\/\/folhapopular.info\/?p=179379"},"modified":"2025-01-28T19:10:28","modified_gmt":"2025-01-28T22:10:28","slug":"unifique-telecomunicacoes-leva-tecnologia-5g-para-colinas-e-imigrante","status":"publish","type":"post","link":"https:\/\/folhapopular.info\/index.php\/2025\/01\/28\/unifique-telecomunicacoes-leva-tecnologia-5g-para-colinas-e-imigrante\/","title":{"rendered":"Unifique Telecomunica\u00e7\u00f5es leva tecnologia 5G para Colinas e Imigrante"},"content":{"rendered":"\n<p>A Unifique Telecomunica\u00e7\u00f5es, com 25 anos de atua\u00e7\u00e3o no mercado, leva a tecnologia 5G para mais munic\u00edpios da regi\u00e3o. Ap\u00f3s vencer o leil\u00e3o da Anateel em 2021, a empresa est\u00e1 habilitada a expandir o 5G em cidades com menos de 30 mil habitantes. A operadora agora disponibiliza o sinal 5G em Colinas, Imigrante e Pouso Novo. Segundo o gerente da Unifique na regi\u00e3o, Edson Horst, chegada do 5G nessas localidades representa um avan\u00e7o significativo em termos de conectividade e velocidade de internet.<\/p>\n\n\n\n<p><strong>Lan\u00e7amento em Colinas, Pouso Novo e Imigrante<\/strong><\/p>\n\n\n\n<p>Ao longo desta semana, a operadora est\u00e1 com uma verdadeira for\u00e7a tarefa para esclarecer as d\u00favidas e informar os benef\u00edcios da tecnologia 5G.\u00a0 Em Colinas, o lan\u00e7amento ser\u00e1 na quinta-feira (30\/1) com a presen\u00e7a da unidade m\u00f3vel da Unifique junto \u00e0 prefeitura. Na sexta-feira (31\/1) , \u00e9 a vez de\u00a0 Pouso Novo, em frente \u00e0 prefeitura. J\u00e1 em Imigrante, a apresenta\u00e7\u00e3o do 5G para a comunidade ser\u00e1\u00a0no s\u00e1bado (1\u00ba\/2).\u00a0Nas a\u00e7\u00f5es, a operadora oferecer\u00e1 tamb\u00e9m servi\u00e7os como a instala\u00e7\u00e3o de pel\u00edculas aos participantes.\u00a0\u00a0<\/p>\n\n\n\n<p><strong>O que \u00e9 o 5G e seus benef\u00edcios?<\/strong><\/p>\n\n\n\n<p>O 5G \u00e9 a quinta gera\u00e7\u00e3o da tecnologia de telefonia m\u00f3vel, representando o que h\u00e1 de mais moderno em termos de dados m\u00f3veis e velocidade de conex\u00e3o. Edson explica que o 5G \u00e9 uma evolu\u00e7\u00e3o da telefonia m\u00f3vel e faz diferen\u00e7a na velocidade de conex\u00e3o. A principal diferen\u00e7a entre o 4G e o 5G \u00e9 a velocidade de acesso \u00e0 internet. Com o 5G, os usu\u00e1rios podem desfrutar de velocidades muito superiores, o que permite baixar v\u00eddeos, fazer transmiss\u00f5es ao vivo e jogar online sem perdas de qualidade. <\/p>\n\n\n\n<p>O sinal 5G oferece maior velocidade com um alcance um pouco menor das antenas. Mesmo quem possui um aparelho 4G pode se beneficiar, pois as antenas tamb\u00e9m liberam o sinal 4G, que oferece velocidades acima de 100 MB por segundo. Edson ressalta que, para quem trabalha com o mundo digital, a velocidade de transmiss\u00e3o de informa\u00e7\u00f5es, especialmente arquivos de v\u00eddeo, faz toda a diferen\u00e7a.<\/p>\n","protected":false},"excerpt":{"rendered":"<p>A Unifique Telecomunica\u00e7\u00f5es, com 25 anos de atua\u00e7\u00e3o no mercado, leva a tecnologia 5G para mais munic\u00edpios da regi\u00e3o. Ap\u00f3s vencer o leil\u00e3o da Anateel em 2021, a empresa est\u00e1 habilitada a expandir o 5G em cidades com menos de 30 mil habitantes. A operadora agora disponibiliza o sinal 5G em Colinas, Imigrante e Pouso [&hellip;]<\/p>\n","protected":false},"author":8,"featured_media":179381,"comment_status":"open","ping_status":"open","sticky":false,"template":"","format":"standard","meta":{"pmpro_default_level":"","_jetpack_memberships_contains_paid_content":false,"footnotes":""},"categories":[3],"tags":[183,34,17779],"class_list":{"0":"post-179379","1":"post","2":"type-post","3":"status-publish","4":"format-standard","5":"has-post-thumbnail","7":"category-geral","8":"tag-colinas","9":"tag-imigrante","10":"tag-unifique","11":"pmpro-has-access"},"yoast_head":"<!-- This site is optimized with the Yoast SEO plugin v27.5 - https:\/\/yoast.com\/product\/yoast-seo-wordpress\/ -->\n<title>Unifique Telecomunica\u00e7\u00f5es leva tecnologia 5G para Colinas e Imigrante - Folha Popular<\/title>\n<meta name=\"robots\" content=\"index, follow, max-snippet:-1, max-image-preview:large, max-video-preview:-1\" \/>\n<link rel=\"canonical\" href=\"https:\/\/folhapopular.info\/index.php\/2025\/01\/28\/unifique-telecomunicacoes-leva-tecnologia-5g-para-colinas-e-imigrante\/\" \/>\n<meta property=\"og:locale\" content=\"pt_BR\" \/>\n<meta property=\"og:type\" content=\"article\" \/>\n<meta property=\"og:title\" content=\"Unifique Telecomunica\u00e7\u00f5es leva tecnologia 5G para Colinas e Imigrante - Folha Popular\" \/>\n<meta property=\"og:description\" content=\"A Unifique Telecomunica\u00e7\u00f5es, com 25 anos de atua\u00e7\u00e3o no mercado, leva a tecnologia 5G para mais munic\u00edpios da regi\u00e3o. Ap\u00f3s vencer o leil\u00e3o da Anateel em 2021, a empresa est\u00e1 habilitada a expandir o 5G em cidades com menos de 30 mil habitantes. A operadora agora disponibiliza o sinal 5G em Colinas, Imigrante e Pouso [&hellip;]\" \/>\n<meta property=\"og:url\" content=\"https:\/\/folhapopular.info\/index.php\/2025\/01\/28\/unifique-telecomunicacoes-leva-tecnologia-5g-para-colinas-e-imigrante\/\" \/>\n<meta property=\"og:site_name\" content=\"Folha Popular\" \/>\n<meta property=\"article:published_time\" content=\"2025-01-28T19:30:00+00:00\" \/>\n<meta property=\"article:modified_time\" content=\"2025-01-28T22:10:28+00:00\" \/>\n<meta property=\"og:image\" content=\"http:\/\/folhapopular.info\/wp-content\/uploads\/2025\/01\/WhatsApp-Image-2025-01-28-at-15.14.57-scaled.jpeg\" \/>\n\t<meta property=\"og:image:width\" content=\"2560\" \/>\n\t<meta property=\"og:image:height\" content=\"1920\" \/>\n\t<meta property=\"og:image:type\" content=\"image\/jpeg\" \/>\n<meta name=\"author\" content=\"Reda\u00e7\u00e3o Folha Popular\" \/>\n<meta name=\"twitter:card\" content=\"summary_large_image\" \/>\n<meta name=\"twitter:label1\" content=\"Escrito por\" \/>\n\t<meta name=\"twitter:data1\" content=\"Reda\u00e7\u00e3o Folha Popular\" \/>\n\t<meta name=\"twitter:label2\" content=\"Est. tempo de leitura\" \/>\n\t<meta name=\"twitter:data2\" content=\"3 minutos\" \/>\n<script type=\"application\/ld+json\" class=\"yoast-schema-graph\">{\"@context\":\"https:\\\/\\\/schema.org\",\"@graph\":[{\"@type\":\"Article\",\"@id\":\"https:\\\/\\\/folhapopular.info\\\/index.php\\\/2025\\\/01\\\/28\\\/unifique-telecomunicacoes-leva-tecnologia-5g-para-colinas-e-imigrante\\\/#article\",\"isPartOf\":{\"@id\":\"https:\\\/\\\/folhapopular.info\\\/index.php\\\/2025\\\/01\\\/28\\\/unifique-telecomunicacoes-leva-tecnologia-5g-para-colinas-e-imigrante\\\/\"},\"author\":{\"name\":\"Reda\u00e7\u00e3o Folha Popular\",\"@id\":\"https:\\\/\\\/folhapopular.info\\\/#\\\/schema\\\/person\\\/2814e8a0df7643585a9ca38bc6eb9d4b\"},\"headline\":\"Unifique Telecomunica\u00e7\u00f5es leva tecnologia 5G para Colinas e Imigrante\",\"datePublished\":\"2025-01-28T19:30:00+00:00\",\"dateModified\":\"2025-01-28T22:10:28+00:00\",\"mainEntityOfPage\":{\"@id\":\"https:\\\/\\\/folhapopular.info\\\/index.php\\\/2025\\\/01\\\/28\\\/unifique-telecomunicacoes-leva-tecnologia-5g-para-colinas-e-imigrante\\\/\"},\"wordCount\":367,\"commentCount\":0,\"image\":{\"@id\":\"https:\\\/\\\/folhapopular.info\\\/index.php\\\/2025\\\/01\\\/28\\\/unifique-telecomunicacoes-leva-tecnologia-5g-para-colinas-e-imigrante\\\/#primaryimage\"},\"thumbnailUrl\":\"https:\\\/\\\/folhapopular.info\\\/wp-content\\\/uploads\\\/2025\\\/01\\\/WhatsApp-Image-2025-01-28-at-15.14.57-scaled.jpeg\",\"keywords\":[\"Colinas\",\"Imigrante\",\"Unifique\"],\"articleSection\":[\"Geral\"],\"inLanguage\":\"pt-BR\",\"potentialAction\":[{\"@type\":\"CommentAction\",\"name\":\"Comment\",\"target\":[\"https:\\\/\\\/folhapopular.info\\\/index.php\\\/2025\\\/01\\\/28\\\/unifique-telecomunicacoes-leva-tecnologia-5g-para-colinas-e-imigrante\\\/#respond\"]}]},{\"@type\":\"WebPage\",\"@id\":\"https:\\\/\\\/folhapopular.info\\\/index.php\\\/2025\\\/01\\\/28\\\/unifique-telecomunicacoes-leva-tecnologia-5g-para-colinas-e-imigrante\\\/\",\"url\":\"https:\\\/\\\/folhapopular.info\\\/index.php\\\/2025\\\/01\\\/28\\\/unifique-telecomunicacoes-leva-tecnologia-5g-para-colinas-e-imigrante\\\/\",\"name\":\"Unifique Telecomunica\u00e7\u00f5es leva tecnologia 5G para Colinas e Imigrante - Folha Popular\",\"isPartOf\":{\"@id\":\"https:\\\/\\\/folhapopular.info\\\/#website\"},\"primaryImageOfPage\":{\"@id\":\"https:\\\/\\\/folhapopular.info\\\/index.php\\\/2025\\\/01\\\/28\\\/unifique-telecomunicacoes-leva-tecnologia-5g-para-colinas-e-imigrante\\\/#primaryimage\"},\"image\":{\"@id\":\"https:\\\/\\\/folhapopular.info\\\/index.php\\\/2025\\\/01\\\/28\\\/unifique-telecomunicacoes-leva-tecnologia-5g-para-colinas-e-imigrante\\\/#primaryimage\"},\"thumbnailUrl\":\"https:\\\/\\\/folhapopular.info\\\/wp-content\\\/uploads\\\/2025\\\/01\\\/WhatsApp-Image-2025-01-28-at-15.14.57-scaled.jpeg\",\"datePublished\":\"2025-01-28T19:30:00+00:00\",\"dateModified\":\"2025-01-28T22:10:28+00:00\",\"author\":{\"@id\":\"https:\\\/\\\/folhapopular.info\\\/#\\\/schema\\\/person\\\/2814e8a0df7643585a9ca38bc6eb9d4b\"},\"breadcrumb\":{\"@id\":\"https:\\\/\\\/folhapopular.info\\\/index.php\\\/2025\\\/01\\\/28\\\/unifique-telecomunicacoes-leva-tecnologia-5g-para-colinas-e-imigrante\\\/#breadcrumb\"},\"inLanguage\":\"pt-BR\",\"potentialAction\":[{\"@type\":\"ReadAction\",\"target\":[\"https:\\\/\\\/folhapopular.info\\\/index.php\\\/2025\\\/01\\\/28\\\/unifique-telecomunicacoes-leva-tecnologia-5g-para-colinas-e-imigrante\\\/\"]}]},{\"@type\":\"ImageObject\",\"inLanguage\":\"pt-BR\",\"@id\":\"https:\\\/\\\/folhapopular.info\\\/index.php\\\/2025\\\/01\\\/28\\\/unifique-telecomunicacoes-leva-tecnologia-5g-para-colinas-e-imigrante\\\/#primaryimage\",\"url\":\"https:\\\/\\\/folhapopular.info\\\/wp-content\\\/uploads\\\/2025\\\/01\\\/WhatsApp-Image-2025-01-28-at-15.14.57-scaled.jpeg\",\"contentUrl\":\"https:\\\/\\\/folhapopular.info\\\/wp-content\\\/uploads\\\/2025\\\/01\\\/WhatsApp-Image-2025-01-28-at-15.14.57-scaled.jpeg\",\"width\":2560,\"height\":1920,\"caption\":\"Cr\u00e9dito: Ariana de Oliveira\"},{\"@type\":\"BreadcrumbList\",\"@id\":\"https:\\\/\\\/folhapopular.info\\\/index.php\\\/2025\\\/01\\\/28\\\/unifique-telecomunicacoes-leva-tecnologia-5g-para-colinas-e-imigrante\\\/#breadcrumb\",\"itemListElement\":[{\"@type\":\"ListItem\",\"position\":1,\"name\":\"In\u00edcio\",\"item\":\"https:\\\/\\\/folhapopular.info\\\/\"},{\"@type\":\"ListItem\",\"position\":2,\"name\":\"Unifique Telecomunica\u00e7\u00f5es leva tecnologia 5G para Colinas e Imigrante\"}]},{\"@type\":\"WebSite\",\"@id\":\"https:\\\/\\\/folhapopular.info\\\/#website\",\"url\":\"https:\\\/\\\/folhapopular.info\\\/\",\"name\":\"Folha Popular\",\"description\":\"Onde voc\u00ea tem vez e voz\",\"potentialAction\":[{\"@type\":\"SearchAction\",\"target\":{\"@type\":\"EntryPoint\",\"urlTemplate\":\"https:\\\/\\\/folhapopular.info\\\/?s={search_term_string}\"},\"query-input\":{\"@type\":\"PropertyValueSpecification\",\"valueRequired\":true,\"valueName\":\"search_term_string\"}}],\"inLanguage\":\"pt-BR\"},{\"@type\":\"Person\",\"@id\":\"https:\\\/\\\/folhapopular.info\\\/#\\\/schema\\\/person\\\/2814e8a0df7643585a9ca38bc6eb9d4b\",\"name\":\"Reda\u00e7\u00e3o Folha Popular\",\"image\":{\"@type\":\"ImageObject\",\"inLanguage\":\"pt-BR\",\"@id\":\"https:\\\/\\\/folhapopular.info\\\/wp-content\\\/uploads\\\/2026\\\/04\\\/Folha-1.webp\",\"url\":\"https:\\\/\\\/folhapopular.info\\\/wp-content\\\/uploads\\\/2026\\\/04\\\/Folha-1.webp\",\"contentUrl\":\"https:\\\/\\\/folhapopular.info\\\/wp-content\\\/uploads\\\/2026\\\/04\\\/Folha-1.webp\",\"caption\":\"Reda\u00e7\u00e3o Folha Popular\"},\"url\":\"https:\\\/\\\/folhapopular.info\\\/index.php\\\/author\\\/redacao\\\/\"}]}<\/script>\n<!-- \/ Yoast SEO plugin. -->","yoast_head_json":{"title":"Unifique Telecomunica\u00e7\u00f5es leva tecnologia 5G para Colinas e Imigrante - Folha Popular","robots":{"index":"index","follow":"follow","max-snippet":"max-snippet:-1","max-image-preview":"max-image-preview:large","max-video-preview":"max-video-preview:-1"},"canonical":"https:\/\/folhapopular.info\/index.php\/2025\/01\/28\/unifique-telecomunicacoes-leva-tecnologia-5g-para-colinas-e-imigrante\/","og_locale":"pt_BR","og_type":"article","og_title":"Unifique Telecomunica\u00e7\u00f5es leva tecnologia 5G para Colinas e Imigrante - Folha Popular","og_description":"A Unifique Telecomunica\u00e7\u00f5es, com 25 anos de atua\u00e7\u00e3o no mercado, leva a tecnologia 5G para mais munic\u00edpios da regi\u00e3o. Ap\u00f3s vencer o leil\u00e3o da Anateel em 2021, a empresa est\u00e1 habilitada a expandir o 5G em cidades com menos de 30 mil habitantes. A operadora agora disponibiliza o sinal 5G em Colinas, Imigrante e Pouso [&hellip;]","og_url":"https:\/\/folhapopular.info\/index.php\/2025\/01\/28\/unifique-telecomunicacoes-leva-tecnologia-5g-para-colinas-e-imigrante\/","og_site_name":"Folha Popular","article_published_time":"2025-01-28T19:30:00+00:00","article_modified_time":"2025-01-28T22:10:28+00:00","og_image":[{"width":2560,"height":1920,"url":"http:\/\/folhapopular.info\/wp-content\/uploads\/2025\/01\/WhatsApp-Image-2025-01-28-at-15.14.57-scaled.jpeg","type":"image\/jpeg"}],"author":"Reda\u00e7\u00e3o Folha Popular","twitter_card":"summary_large_image","twitter_misc":{"Escrito por":"Reda\u00e7\u00e3o Folha Popular","Est. tempo de leitura":"3 minutos"},"schema":{"@context":"https:\/\/schema.org","@graph":[{"@type":"Article","@id":"https:\/\/folhapopular.info\/index.php\/2025\/01\/28\/unifique-telecomunicacoes-leva-tecnologia-5g-para-colinas-e-imigrante\/#article","isPartOf":{"@id":"https:\/\/folhapopular.info\/index.php\/2025\/01\/28\/unifique-telecomunicacoes-leva-tecnologia-5g-para-colinas-e-imigrante\/"},"author":{"name":"Reda\u00e7\u00e3o Folha Popular","@id":"https:\/\/folhapopular.info\/#\/schema\/person\/2814e8a0df7643585a9ca38bc6eb9d4b"},"headline":"Unifique Telecomunica\u00e7\u00f5es leva tecnologia 5G para Colinas e Imigrante","datePublished":"2025-01-28T19:30:00+00:00","dateModified":"2025-01-28T22:10:28+00:00","mainEntityOfPage":{"@id":"https:\/\/folhapopular.info\/index.php\/2025\/01\/28\/unifique-telecomunicacoes-leva-tecnologia-5g-para-colinas-e-imigrante\/"},"wordCount":367,"commentCount":0,"image":{"@id":"https:\/\/folhapopular.info\/index.php\/2025\/01\/28\/unifique-telecomunicacoes-leva-tecnologia-5g-para-colinas-e-imigrante\/#primaryimage"},"thumbnailUrl":"https:\/\/folhapopular.info\/wp-content\/uploads\/2025\/01\/WhatsApp-Image-2025-01-28-at-15.14.57-scaled.jpeg","keywords":["Colinas","Imigrante","Unifique"],"articleSection":["Geral"],"inLanguage":"pt-BR","potentialAction":[{"@type":"CommentAction","name":"Comment","target":["https:\/\/folhapopular.info\/index.php\/2025\/01\/28\/unifique-telecomunicacoes-leva-tecnologia-5g-para-colinas-e-imigrante\/#respond"]}]},{"@type":"WebPage","@id":"https:\/\/folhapopular.info\/index.php\/2025\/01\/28\/unifique-telecomunicacoes-leva-tecnologia-5g-para-colinas-e-imigrante\/","url":"https:\/\/folhapopular.info\/index.php\/2025\/01\/28\/unifique-telecomunicacoes-leva-tecnologia-5g-para-colinas-e-imigrante\/","name":"Unifique Telecomunica\u00e7\u00f5es leva tecnologia 5G para Colinas e Imigrante - Folha Popular","isPartOf":{"@id":"https:\/\/folhapopular.info\/#website"},"primaryImageOfPage":{"@id":"https:\/\/folhapopular.info\/index.php\/2025\/01\/28\/unifique-telecomunicacoes-leva-tecnologia-5g-para-colinas-e-imigrante\/#primaryimage"},"image":{"@id":"https:\/\/folhapopular.info\/index.php\/2025\/01\/28\/unifique-telecomunicacoes-leva-tecnologia-5g-para-colinas-e-imigrante\/#primaryimage"},"thumbnailUrl":"https:\/\/folhapopular.info\/wp-content\/uploads\/2025\/01\/WhatsApp-Image-2025-01-28-at-15.14.57-scaled.jpeg","datePublished":"2025-01-28T19:30:00+00:00","dateModified":"2025-01-28T22:10:28+00:00","author":{"@id":"https:\/\/folhapopular.info\/#\/schema\/person\/2814e8a0df7643585a9ca38bc6eb9d4b"},"breadcrumb":{"@id":"https:\/\/folhapopular.info\/index.php\/2025\/01\/28\/unifique-telecomunicacoes-leva-tecnologia-5g-para-colinas-e-imigrante\/#breadcrumb"},"inLanguage":"pt-BR","potentialAction":[{"@type":"ReadAction","target":["https:\/\/folhapopular.info\/index.php\/2025\/01\/28\/unifique-telecomunicacoes-leva-tecnologia-5g-para-colinas-e-imigrante\/"]}]},{"@type":"ImageObject","inLanguage":"pt-BR","@id":"https:\/\/folhapopular.info\/index.php\/2025\/01\/28\/unifique-telecomunicacoes-leva-tecnologia-5g-para-colinas-e-imigrante\/#primaryimage","url":"https:\/\/folhapopular.info\/wp-content\/uploads\/2025\/01\/WhatsApp-Image-2025-01-28-at-15.14.57-scaled.jpeg","contentUrl":"https:\/\/folhapopular.info\/wp-content\/uploads\/2025\/01\/WhatsApp-Image-2025-01-28-at-15.14.57-scaled.jpeg","width":2560,"height":1920,"caption":"Cr\u00e9dito: Ariana de Oliveira"},{"@type":"BreadcrumbList","@id":"https:\/\/folhapopular.info\/index.php\/2025\/01\/28\/unifique-telecomunicacoes-leva-tecnologia-5g-para-colinas-e-imigrante\/#breadcrumb","itemListElement":[{"@type":"ListItem","position":1,"name":"In\u00edcio","item":"https:\/\/folhapopular.info\/"},{"@type":"ListItem","position":2,"name":"Unifique Telecomunica\u00e7\u00f5es leva tecnologia 5G para Colinas e Imigrante"}]},{"@type":"WebSite","@id":"https:\/\/folhapopular.info\/#website","url":"https:\/\/folhapopular.info\/","name":"Folha Popular","description":"Onde voc\u00ea tem vez e voz","potentialAction":[{"@type":"SearchAction","target":{"@type":"EntryPoint","urlTemplate":"https:\/\/folhapopular.info\/?s={search_term_string}"},"query-input":{"@type":"PropertyValueSpecification","valueRequired":true,"valueName":"search_term_string"}}],"inLanguage":"pt-BR"},{"@type":"Person","@id":"https:\/\/folhapopular.info\/#\/schema\/person\/2814e8a0df7643585a9ca38bc6eb9d4b","name":"Reda\u00e7\u00e3o Folha Popular","image":{"@type":"ImageObject","inLanguage":"pt-BR","@id":"https:\/\/folhapopular.info\/wp-content\/uploads\/2026\/04\/Folha-1.webp","url":"https:\/\/folhapopular.info\/wp-content\/uploads\/2026\/04\/Folha-1.webp","contentUrl":"https:\/\/folhapopular.info\/wp-content\/uploads\/2026\/04\/Folha-1.webp","caption":"Reda\u00e7\u00e3o Folha Popular"},"url":"https:\/\/folhapopular.info\/index.php\/author\/redacao\/"}]}},"jetpack_featured_media_url":"https:\/\/folhapopular.info\/wp-content\/uploads\/2025\/01\/WhatsApp-Image-2025-01-28-at-15.14.57-scaled.jpeg","jetpack_sharing_enabled":true,"amp_enabled":true,"_links":{"self":[{"href":"https:\/\/folhapopular.info\/index.php\/wp-json\/wp\/v2\/posts\/179379","targetHints":{"allow":["GET"]}}],"collection":[{"href":"https:\/\/folhapopular.info\/index.php\/wp-json\/wp\/v2\/posts"}],"about":[{"href":"https:\/\/folhapopular.info\/index.php\/wp-json\/wp\/v2\/types\/post"}],"author":[{"embeddable":true,"href":"https:\/\/folhapopular.info\/index.php\/wp-json\/wp\/v2\/users\/8"}],"replies":[{"embeddable":true,"href":"https:\/\/folhapopular.info\/index.php\/wp-json\/wp\/v2\/comments?post=179379"}],"version-history":[{"count":0,"href":"https:\/\/folhapopular.info\/index.php\/wp-json\/wp\/v2\/posts\/179379\/revisions"}],"wp:featuredmedia":[{"embeddable":true,"href":"https:\/\/folhapopular.info\/index.php\/wp-json\/wp\/v2\/media\/179381"}],"wp:attachment":[{"href":"https:\/\/folhapopular.info\/index.php\/wp-json\/wp\/v2\/media?parent=179379"}],"wp:term":[{"taxonomy":"category","embeddable":true,"href":"https:\/\/folhapopular.info\/index.php\/wp-json\/wp\/v2\/categories?post=179379"},{"taxonomy":"post_tag","embeddable":true,"href":"https:\/\/folhapopular.info\/index.php\/wp-json\/wp\/v2\/tags?post=179379"}],"curies":[{"name":"wp","href":"https:\/\/api.w.org\/{rel}","templated":true}]}}